{"id":2099664,"date":"2026-08-18T13:32:43","date_gmt":"2026-08-18T10:32:43","guid":{"rendered":"https:\/\/analyse.optim.biz\/?p=2099664"},"modified":"2026-08-18T13:32:43","modified_gmt":"2026-08-18T10:32:43","slug":"florin-jianu-imm-romania-cu-ce-ramanem-din-pnrr-cu-mai-putine-autostrazi-si-baterii-de-stocare","status":"publish","type":"post","link":"https:\/\/analyse.optim.biz\/?p=2099664","title":{"rendered":"Florin Jianu (IMM Rom\u00e2nia): Cu ce r\u0103m\u00e2nem din PNRR? Cu mai pu\u021bine autostr\u0103zi \u0219i baterii de stocare"},"content":{"rendered":"<p>[analyse_image type=&#8221;featured&#8221; src=&#8221;https:\/\/ziardesuceava.ro\/wp-content\/uploads\/2026\/08\/79785-1024&#215;576.png&#8221;]<\/p>\n<div class=\"post-content clearfix\">\n<div class=\"blog-post-thumb\"><img loading=\"lazy\" decoding=\"async\" width=\"1140\" height=\"694\" src=\"https:\/\/ziardesuceava.ro\/wp-content\/uploads\/2026\/08\/79785-1140x694.png\" class=\"attachment-inhype-blog-thumb size-inhype-blog-thumb wp-post-image\" alt><\/div>\n<div class=\"entry-content\">\n<p>IMM Rom\u00e2nia a f\u0103cut mar\u021bi o trecere \u00een revist\u0103 a PNRR, care se \u00eencheie la finalul acestei luni.<\/p>\n<div>\n<p>Florin Jianu, pre\u0219edintele IMM Rom\u00e2nia, a reamintit c\u0103, \u00een ceea ce prive\u0219te autostr\u0103zile, din negocierea ini\u021bial\u0103 \u00een PNRR de 429 de km noi construi\u021bi \u00een Rom\u00e2nia, de\u0219i suma alocat\u0103 a crescut, \u201cnegocierile succesive au diminuat construc\u021bia de km de autostrad\u0103 p\u00e2n\u0103 la 254 de km\u201d, ceea ce reprezint\u0103 o diminuare cu aproximativ 40%.<\/p>\n<p>\u201cDou\u0103 autostr\u0103zi, A8 care lega Moldova de Transilvania \u0219i o bucat\u0103 din A3 au disp\u0103rut complet din PNRR, dou\u0103 proiecte strategice pentru conectarea Rom\u00e2niei\u201d.<\/p>\n<p>\u00cen ceea ce \u00eenseamn\u0103 energia, \u201cstocarea de baterii, care aveau o alocare de 150 de milioane de euro, a fost scoas\u0103 complet din PNRR \u2026 La fel \u0219i produc\u021bia de panouri fotovoltaice a fost scoas\u0103 \u0219i ea complet din PNRR, consecin\u021ba fiind mai pu\u021bin\u0103 energie \u00een sistem \u0219i o produc\u021bie industrial\u0103 sc\u0103zut\u0103. Import\u0103m \u00een continuare panouri fotovoltaice din China, ajut\u0103m alte economii, de\u0219i aveam bani pu\u0219i \u00een PNRR pentru a construi panouri fotovoltaice. 373 de milioane de euro din PNRR care au fost suspendate, aten\u021bie, unilateral de c\u0103tre stat din contractele semnate ini\u021bial\u201d, a spus Jianu.\u00a0<\/p>\n<p><span>Adaosul comercial la carburan\u021bi nu e controlat<\/span><\/p>\n<p>Beniamin Lucescu, pre\u0219edinte FORT \u2013 Federatia Operatorilor Romani deTransport, a criticat modul \u00een care autorit\u0103\u021bile au adoptat legea privind adaosul comercial la carburan\u021bi.<\/p>\n<p>\u201cAm avut duminic\u0103 reducere de 68 de bani, procentual pe acces, adic\u0103 statul rom\u00e2n a renun\u021bat la 68 de bani. \u0218i a doua zi, luni, cel mai mare distribuitor de carburan\u021bi a scumpit motorina cu 15 bani. Ast\u0103zi, \u2026 al\u021bi doi mari distribuitori au scumpit tot cu 15 bani la motorin\u0103\u201d.<\/p>\n<p>Lucescu spune c\u0103 legea a fost f\u0103cut\u0103 \u201cinten\u021bionat gre\u0219it ca s\u0103 nu poat\u0103 controla plafonarea adaosului comercial a marjelor la distribuitorii de carburan\u021bi\u201d.<\/p>\n<p>El a spus c\u0103 peste tot \u00een Uniunea European\u0103, statele au intervenit pentru c\u0103 exist\u0103 o stare de criz\u0103, de r\u0103zboi \u0219i combustibilul pune presiune mare pe lan\u021bul de aprovizionare, pe transport \u00een special. <\/p>\n<p>Pre\u021burile, \u201cori sunt plafonate de c\u0103tre stat direct, cum e Croa\u021bia \u0219i Slovenia, ori se verific\u0103 adaosul sau se limiteaz\u0103 adaosul comercial. Legea nou\u0103, legea 162, nu plafoneaz\u0103 adaosul comercial. De aceea, comercian\u021bii, distribuitorii de carburan\u021bi pot s\u0103 ridice pre\u021bul c\u00e2t vor ei\u201d, a precizat Lucescu, solicit\u00e2nd Parlamentului s\u0103 modifice legisla\u021bia \u0219i s\u0103 introduc\u0103 un control adev\u0103rat pe plafonarea clauzelor comerciale. <\/p>\n<p>Totodat\u0103, FORT cere Consiliul Concuren\u021bei s\u0103 verifice componen\u021ba pre\u021burilor din perioada 1 iulie-1 august 2026.<\/p>\n<p><span>Tranzitul cerealelor ucrainene prin Rom\u00e2nia \u0219i necesitatea protej\u0103rii fermierilor rom\u00e2ni <\/span><\/p>\n<p><span>Matei Titianu, pre\u0219edinte LAPAR, s-a referit la posibila reintroducere a culoarelor de solidaritate pentru tranzitul cerealor ucrainene, tr\u0103g\u00e2nd un semnal de alarm\u0103 cu privire la\u00a0 faptul c\u0103 decizia poate genera \u201cdispropor\u021bii foarte mari \u00een pia\u021b\u0103 cu efecte negative asupra sectorului agricol\u201d \u0219i cu implica\u021bii negative \u0219i asupra logisticii. <\/span><\/p>\n<p>El a precizat c\u0103 e nevoie de \u201cun control riguros \u0219i trasabilitate total\u0103 a tot ceea ce \u00eenseamn\u0103 tranzit de produse agricole din Ucraina pe teritoriul Rom\u00e2niei\u201d. <\/p>\n<p>\u201cNu vrem s\u0103 existe riscul s\u0103 se spele din nou originile, produsele ucrainene s\u0103 fie v\u00e2ndute drept cereale din Moldova sau cereale rom\u00e2ne\u0219ti \u2026 Avem nevoie de ceea ce \u00eenseamn\u0103 avizare prealabil\u0103 a fluxurilor cu raportare la trei zile, adic\u0103 \u00een momentul \u00een care produsele trebuie s\u0103 intre \u00een Rom\u00e2nia, avem nevoie de un aviz care s\u0103 specifice cu exactitate punctul de trecere a frontierei\u201d.\u00a0\u00a0<\/p>\n<p>Matei a mai spus c\u0103 e nevoie ca avizele de la intrarea din \u021bar\u0103 s\u0103 coincid\u0103 cu avizele de la ie\u0219irea din \u021bar\u0103, precum \u0219i de prioritizarea m\u0103rfii rom\u00e2ne\u0219ti pe calea ferat\u0103. <\/p>\n<p>\u201cMarfa rom\u00e2neasc\u0103 trebuie s\u0103 fie prioritizat\u0103 printr-un mecanism transparent, protejat de ingerin\u021be ale intereselor comerciale. Avem nevoie de activarea antrepozitelor pe teritoriul Rom\u00e2niei \u0219i interesant este faptul c\u0103 cei de la Comisia European\u0103 au recomandat utilizarea acestui instrument. Avem norme de aplicare, dar nu au fost puse \u00een func\u021biune. Avem nevoie de trasee predefinite monitorizate de CNIR \u0219i de Poli\u021bia Rom\u00e2n\u0103. \u0218i nu \u00een ultimul r\u00e2nd, c\u00e2nt\u0103rire la fiecare punct de trecere. Acele c\u00e2ntare mobile care trebuiesc\u00a0<br \/>pozi\u021bionate la toate frontierile, inclusiv la frontiera cu Republica Moldova\u201d.<\/p>\n<p><span>\u00a0Apel privind nominalizarea unui premier<\/span><\/p>\n<p><span>Florin Jianu a f\u0103cut apel c\u0103tre pre\u0219edintele Rom\u00e2niei s\u0103 fac\u0103 o nominalizare de premier.<\/span><\/p>\n<p>\u201cNu cred c\u0103 e rolul pre\u0219edintelui \u00een a crea majorit\u0103\u021bi. Rolul constitu\u021bional al pre\u0219edintelui e s\u0103 fac\u0103 o nominalizare. Dup\u0103 ce va fi f\u0103cut acea nominalizare, suntem convin\u0219i c\u0103 cel sau cea nominalizat\u0103 \u00ee\u0219i va crea acea majoritate\u201d.<\/p>\n<p>Jianu crede c\u0103 urm\u0103toarea nominalizare va \u0219i trece de Parlament, dintr-o ra\u021biune practic\u0103 \u0219i pragmatic\u0103. <\/p>\n<p>\u201cNiciun parlamentar nu va risca s\u0103 treac\u0103 din nou prin furcile caudine ale alegerilor anticipate. Deci nu cred c\u0103 parlamentarii vor mai asculta de ce le va spune partidul sau direc\u021bia care va fi dat\u0103 \u0219i o nominalizare, oricare va fi aceasta. Sigur c\u0103 noi avem nevoie de un om serios \u0219i profesionist care mai ales s\u0103 cunoasc\u0103 economia. Predic\u021bia noastr\u0103 e c\u0103 va trece\u201d.<\/p>\n<\/div>\n<\/div>\n<div class=\"inhype-social-share-fixed sidebar-position-right\">\n<div class=\"post-social-wrapper\">\n<div class=\"post-social-title\"><span class=\"post-social-title-text\">Share<\/span><\/div>\n<\/div>\n<\/div>\n<\/div>\n<p>[analyse_source url=&#8221;https:\/\/ziardesuceava.ro\/florin-jianu-imm-romania-cu-ce-ramanem-din-pnrr-cu-mai-putine-autostrazi-si-baterii-de-stocare\/&#8221;]<\/p>\n","protected":false},"excerpt":{"rendered":"<p>[analyse_image type=&#8221;featured&#8221; src=&#8221;https:\/\/ziardesuceava.ro\/wp-content\/uploads\/2026\/08\/79785-1024&#215;576.png&#8221;] IMM Rom\u00e2nia a f\u0103cut mar\u021bi o trecere \u00een revist\u0103 a PNRR, care se \u00eencheie la finalul acestei luni. Florin Jianu, pre\u0219edintele IMM Rom\u00e2nia, a reamintit c\u0103, \u00een ceea ce prive\u0219te autostr\u0103zile, din negocierea ini\u021bial\u0103 \u00een PNRR de 429 de km noi construi\u021bi \u00een Rom\u00e2nia, de\u0219i suma alocat\u0103 a crescut, \u201cnegocierile succesive au [&hellip;]<\/p>\n","protected":false},"author":1,"featured_media":0,"comment_status":"open","ping_status":"","sticky":false,"template":"","format":"standard","meta":{"footnotes":""},"categories":[89],"tags":[226,171],"class_list":["post-2099664","post","type-post","status-publish","format-standard","hentry","category-romania","tag-crawlmanager","tag-ziardesuceava-ro"],"_links":{"self":[{"href":"https:\/\/analyse.optim.biz\/index.php?rest_route=\/wp\/v2\/posts\/2099664","targetHints":{"allow":["GET"]}}],"collection":[{"href":"https:\/\/analyse.optim.biz\/index.php?rest_route=\/wp\/v2\/posts"}],"about":[{"href":"https:\/\/analyse.optim.biz\/index.php?rest_route=\/wp\/v2\/types\/post"}],"author":[{"embeddable":true,"href":"https:\/\/analyse.optim.biz\/index.php?rest_route=\/wp\/v2\/users\/1"}],"replies":[{"embeddable":true,"href":"https:\/\/analyse.optim.biz\/index.php?rest_route=%2Fwp%2Fv2%2Fcomments&post=2099664"}],"version-history":[{"count":0,"href":"https:\/\/analyse.optim.biz\/index.php?rest_route=\/wp\/v2\/posts\/2099664\/revisions"}],"wp:attachment":[{"href":"https:\/\/analyse.optim.biz\/index.php?rest_route=%2Fwp%2Fv2%2Fmedia&parent=2099664"}],"wp:term":[{"taxonomy":"category","embeddable":true,"href":"https:\/\/analyse.optim.biz\/index.php?rest_route=%2Fwp%2Fv2%2Fcategories&post=2099664"},{"taxonomy":"post_tag","embeddable":true,"href":"https:\/\/analyse.optim.biz\/index.php?rest_route=%2Fwp%2Fv2%2Ftags&post=2099664"}],"curies":[{"name":"wp","href":"https:\/\/api.w.org\/{rel}","templated":true}]}}