{"id":2099660,"date":"2026-08-18T14:33:33","date_gmt":"2026-08-18T11:33:33","guid":{"rendered":"https:\/\/analyse.optim.biz\/?p=2099660"},"modified":"2026-08-18T14:33:33","modified_gmt":"2026-08-18T11:33:33","slug":"comitetul-politic-al-usr-convocat-pentru-a-da-un-vot-de-sustinere-pentru-presedintele-partidului","status":"publish","type":"post","link":"https:\/\/analyse.optim.biz\/?p=2099660","title":{"rendered":"Comitetul Politic al USR, convocat pentru a da un vot de sus\u021binere pentru pre\u0219edintele partidului"},"content":{"rendered":"<p>[analyse_image type=&#8221;featured&#8221; src=&#8221;https:\/\/ziardesuceava.ro\/wp-content\/uploads\/2026\/08\/79788-1024&#215;682.jpeg&#8221;]<\/p>\n<div class=\"post-content clearfix\">\n<div class=\"blog-post-thumb\"><img loading=\"lazy\" decoding=\"async\" width=\"1140\" height=\"694\" src=\"https:\/\/ziardesuceava.ro\/wp-content\/uploads\/2026\/08\/79788-1140x694.jpeg\" class=\"attachment-inhype-blog-thumb size-inhype-blog-thumb wp-post-image\" alt><\/div>\n<div class=\"entry-content\">\n<div>\n<p class=\"fara-orfani lead\">Biroul Na\u021bional al USR a decis, cu o larg\u0103 majoritate, convocarea unui Comitet Politic al partidului, care s\u0103 acorde un vot de sus\u021binere pre\u0219edintelui Dominic Fritz, a anun\u021bat deputatul Ionu\u021b Mo\u0219teanu.<\/p>\n<div class=\"continut-articol\">\n<p>Mar\u021bi \u201cam decis  cu o larg\u0103 majoritate \u00een Biroul Na\u021bional convocarea unui Comitet Politic pentru a da un vot de sus\u021binere pentru pre\u0219edintele partidului Dominic Fritz\u201d, a scris pe Facebook Ionu\u021b Mo\u0219teanu.<\/p>\n<p>\u201cNu ne face nimeni ordine \u00een partid, nu ne e fric\u0103 de nimeni, nu ne pot intimida, avem o singur\u0103 datorie \u2013 fa\u021b\u0103 de oamenii care \u0219i-au pus \u00eencrederea \u00een noi.\u00a0Metodele securiste nu func\u021bioneaz\u0103 cu noi.\u00a0Am \u00eencredere \u00een curajul \u0219i spiritul de echip\u0103 al colegilor mei. Au ar\u0103tat \u00eentotdeauna c\u0103 sunt de partea binelui, a corectitudinii \u0219i a adev\u0103rului\u201d, a mai scris el.<\/p>\n<p>Curtea Constitu\u021bional\u0103 a stabilit luni ca fiind constitu\u021bional un amendament introdus \u00een Legea integrit\u0103\u021bii de PSD \u0219i sus\u021binut de AUR, prin care ale\u0219ii g\u0103si\u021bi incompatibili sau \u00een conflict de interese \u00ee\u0219i pierdfunc\u021biile.<\/p>\n<p>Reprezentan\u021bii USR au reclamat faptul c\u0103 acest amendament introdus \u00een lege \u00eel vizeaz\u0103 pe pre\u0219edintele partidului, Dominic Fritz, care are o decizie definitiv\u0103 privind conflictul de interese. El ar putea s\u0103-\u0219i piard\u0103 func\u021bia de primar al municipiului Timi\u0219oara.<\/p>\n<\/div>\n<\/div>\n<\/div>\n<div class=\"inhype-social-share-fixed sidebar-position-right\">\n<div class=\"post-social-wrapper\">\n<div class=\"post-social-title\"><span class=\"post-social-title-text\">Share<\/span><\/div>\n<\/div>\n<\/div>\n<\/div>\n<p>[analyse_source url=&#8221;https:\/\/ziardesuceava.ro\/comitetul-politic-al-usr-convocat-pentru-a-da-un-vot-de-sustinere-pentru-presedintele-partidului\/&#8221;]<\/p>\n","protected":false},"excerpt":{"rendered":"<p>[analyse_image type=&#8221;featured&#8221; src=&#8221;https:\/\/ziardesuceava.ro\/wp-content\/uploads\/2026\/08\/79788-1024&#215;682.jpeg&#8221;] Biroul Na\u021bional al USR a decis, cu o larg\u0103 majoritate, convocarea unui Comitet Politic al partidului, care s\u0103 acorde un vot de sus\u021binere pre\u0219edintelui Dominic Fritz, a anun\u021bat deputatul Ionu\u021b Mo\u0219teanu. Mar\u021bi \u201cam decis cu o larg\u0103 majoritate \u00een Biroul Na\u021bional convocarea unui Comitet Politic pentru a da un vot de sus\u021binere [&hellip;]<\/p>\n","protected":false},"author":1,"featured_media":0,"comment_status":"open","ping_status":"","sticky":false,"template":"","format":"standard","meta":{"footnotes":""},"categories":[89],"tags":[226,171],"class_list":["post-2099660","post","type-post","status-publish","format-standard","hentry","category-romania","tag-crawlmanager","tag-ziardesuceava-ro"],"_links":{"self":[{"href":"https:\/\/analyse.optim.biz\/index.php?rest_route=\/wp\/v2\/posts\/2099660","targetHints":{"allow":["GET"]}}],"collection":[{"href":"https:\/\/analyse.optim.biz\/index.php?rest_route=\/wp\/v2\/posts"}],"about":[{"href":"https:\/\/analyse.optim.biz\/index.php?rest_route=\/wp\/v2\/types\/post"}],"author":[{"embeddable":true,"href":"https:\/\/analyse.optim.biz\/index.php?rest_route=\/wp\/v2\/users\/1"}],"replies":[{"embeddable":true,"href":"https:\/\/analyse.optim.biz\/index.php?rest_route=%2Fwp%2Fv2%2Fcomments&post=2099660"}],"version-history":[{"count":0,"href":"https:\/\/analyse.optim.biz\/index.php?rest_route=\/wp\/v2\/posts\/2099660\/revisions"}],"wp:attachment":[{"href":"https:\/\/analyse.optim.biz\/index.php?rest_route=%2Fwp%2Fv2%2Fmedia&parent=2099660"}],"wp:term":[{"taxonomy":"category","embeddable":true,"href":"https:\/\/analyse.optim.biz\/index.php?rest_route=%2Fwp%2Fv2%2Fcategories&post=2099660"},{"taxonomy":"post_tag","embeddable":true,"href":"https:\/\/analyse.optim.biz\/index.php?rest_route=%2Fwp%2Fv2%2Ftags&post=2099660"}],"curies":[{"name":"wp","href":"https:\/\/api.w.org\/{rel}","templated":true}]}}