{"id":2099640,"date":"2026-08-18T14:39:11","date_gmt":"2026-08-18T11:39:11","guid":{"rendered":"https:\/\/analyse.optim.biz\/?p=2099640"},"modified":"2026-08-18T14:39:11","modified_gmt":"2026-08-18T11:39:11","slug":"o-casa-cu-doua-etaje-s-a-facut-scrum-pompierii-cred-ca-de-vina-a-fost-o-masina-electrica-ce-se-afla-la-incarcat","status":"publish","type":"post","link":"https:\/\/analyse.optim.biz\/?p=2099640","title":{"rendered":"O cas\u0103 cu dou\u0103 etaje s-a f\u0103cut scrum. Pompierii cred c\u0103 de vin\u0103 a fost o ma\u0219in\u0103 electric\u0103 ce se afla la \u00eenc\u0103rcat"},"content":{"rendered":"<p>[analyse_image type=&#8221;featured&#8221; src=&#8221;https:\/\/r3media.ro\/wp-content\/uploads\/2023\/07\/pompieri-incendii-incendiu-1536&#215;1075-1.webphttps:\/\/r3media.ro\/wp-content\/uploads\/2023\/07\/pompieri-incendii-incendiu-1536&#215;1075-1.webp&#8221;]<\/p>\n<article id=\"template-id-109\" class=\"post-109 tdb_templates type-tdb_templates status-publish post\">\n<div id=\"tdi_2\" class=\"tdc-zone\">\n<div class=\"tdc_zone tdi_3  wpb_row td-pb-row\">\n<div id=\"tdi_4\" class=\"tdc-row\">\n<div class=\"vc_row tdi_5  wpb_row td-pb-row\">\n<div class=\"vc_column tdi_7  wpb_column vc_column_container tdc-column td-pb-span8\">\n<div class=\"wpb_wrapper\">\n<div class=\"td_block_wrap tdb_breadcrumbs tdi_8 td-pb-border-top td_block_template_1 tdb-breadcrumbs \" data-td-block-uid=\"tdi_8\">\n<div class=\"tdb-block-inner td-fix-index\"><span><a title=\"Vede\u021bi toate articolele \u00een PRIM PLAN\" class=\"tdb-entry-crumb\" href=\"https:\/\/r3media.ro\/category\/stiri-prim-plan\/\">PRIM PLAN<\/a><\/span><span class=\"tdb-bred-no-url-last\">O cas\u0103 cu dou\u0103 etaje s-a f\u0103cut scrum. Pompierii cred c\u0103 de&#8230;<\/span><\/div>\n<\/div>\n<div class=\"td_block_wrap tdb_single_categories tdi_9 td-pb-border-top td_block_template_1 \" data-td-block-uid=\"tdi_9\">\n<div class=\"tdb-category td-fix-index\"><a class=\"tdb-entry-category\" href=\"https:\/\/r3media.ro\/category\/stiri-prim-plan\/\">PRIM PLAN<\/a><a class=\"tdb-entry-category\" href=\"https:\/\/r3media.ro\/category\/stiri\/\">\u0218TIRI<\/a><\/div>\n<\/div>\n<div class=\"td_block_wrap tdb_title tdi_10 tdb-single-title td-pb-border-top td_block_template_1\" data-td-block-uid=\"tdi_10\">\n<div class=\"tdb-block-inner td-fix-index\">\n<h1 class=\"tdb-title-text\">O cas\u0103 cu dou\u0103 etaje s-a f\u0103cut scrum. Pompierii cred c\u0103 de vin\u0103 a fost o ma\u0219in\u0103 electric\u0103 ce se afla la \u00eenc\u0103rcat<\/h1>\n<\/div>\n<\/div>\n<div class=\"vc_row_inner tdi_12  vc_row vc_inner wpb_row td-pb-row\">\n<div class=\"vc_column_inner tdi_14  wpb_column vc_column_container tdc-inner-column td-pb-span12\">\n<div class=\"vc_column-inner\">\n<div class=\"wpb_wrapper\">\n<div class=\"td_block_wrap tdb_single_author tdi_15 td-pb-border-top td_block_template_1 tdb-post-meta\" data-td-block-uid=\"tdi_15\">\n<div class=\"tdb-block-inner td-fix-index\">\n<div class=\"tdb-author-name-wrap\"><a class=\"tdb-author-name\" href=\"https:\/\/r3media.ro\/author\/oana\/\">Oana Ivan<\/a><\/div>\n<\/div>\n<\/div>\n<div class=\"td_block_wrap tdb_single_date tdi_16 td-pb-border-top td_block_template_1 tdb-post-meta\" data-td-block-uid=\"tdi_16\">\n<div class=\"tdb-block-inner td-fix-index\"><time class=\"entry-date updated td-module-date\" datetime=\"2026-08-18T17:39:11+03:00\">18\/08\/2026<\/time><\/div>\n<\/div>\n<\/div>\n<\/div>\n<\/div>\n<\/div>\n<div class=\"td_block_wrap tdb_single_content tdi_18 td-pb-border-top td_block_template_1 td-post-content tagdiv-type\" data-td-block-uid=\"tdi_18\">\n<div class=\"tdb-block-inner td-fix-index\">\n<p><strong>Se crede c\u0103 o <a href=\"https:\/\/r3media.ro\/tag\/masini-electrice\/\" target=\"_blank\" rel=\"noopener\">ma\u0219in\u0103 electric\u0103<\/a> ce se afla la \u00eenc\u0103rcat a declan\u0219at un incendiu care a distrus o cas\u0103 cu dou\u0103 etaje \u00een Alam Damai, Malaezia, potrivit <a href=\"https:\/\/www.thestar.com.my\/news\/nation\/2026\/08\/18\/house-fire-believed-sparked-by-charging-ev#goog_rewarded\" target=\"_blank\" rel=\"noopener\">The Star<\/a>.<\/strong><\/p>\n<p>Directorul adjunct al opera\u021biunilor Departamentului de Pompieri \u0219i Salvare din Kuala Lumpur, Ahmad Mukhlis Mukhtar, a declarat c\u0103 a primit un apel de urgen\u021b\u0103 duminic\u0103 diminea\u021ba la ora 5:03.<\/p>\n<p>\u201eC\u00e2nd au sosit pompierii, incendiul cuprinsese casa cu dou\u0103 etaje. Pagubele estimate erau de 100%. Se crede c\u0103 incendiul a pornit de la un vehicul electric care era \u00eenc\u0103rcat \u00een zona din fa\u021b\u0103 a casei\u201d, a declarat el.<\/p>\n<p>Din fericire, nimeni nu a fost r\u0103nit, iar opera\u021biunea s-a \u00eencheiat la ora 6:41.22 de pompieri au fost desf\u0103\u0219ura\u021bi la fa\u021ba locului.<\/p>\n<h2><strong>Tot mai multe incendii produse de ma\u0219ini electrice<\/strong><\/h2>\n<p>\u00a0<\/p>\n<p>Din 2023, Departamentul de Pompieri \u0219i Salvare a \u00eenregistrat 27 de incendii care au implicat vehicule electrice \u0219i vehicule hibride. S-a raportat c\u0103 13 dintre cazuri au implicat vehicule electrice, restul fiind hibride. Num\u0103rul de incendii a crescut treptat, cu o cre\u0219tere notabil\u0103 \u00een 2024, \u00een special \u00een cazul vehiculelor electrice.<\/p>\n<p>Incendiile vehiculelor hibride au continuat, de asemenea, s\u0103 creasc\u0103, cu \u0219apte cazuri \u00eenregistrate p\u00e2n\u0103 \u00een iulie 2025.<\/p>\n<p>Un oficial al Departamentului de Pompieri a declarat c\u0103 num\u0103rul incendiilor a r\u0103mas gestionabil, dar tendin\u021ba ascendent\u0103 justific\u0103 aten\u021bie.<\/p>\n<p>C\u00e2nd apar, incendiile la ma\u0219ini electrice sunt greu de gestionat, fiind provocate frecvent de fuga termic\u0103, accidente sau defecte. Un studiu NIST din 2026 estimeaz\u0103 5.718 incendii de vehicule electrice \u0219i hibride, din 2011, \u00eens\u0103 datele disponibile r\u0103m\u00e2n incomplete.<\/p>\n<div class=\"crp_related     crp-masonry\">\n<h2>\u00ceN CONTEXT<\/h2>\n<ul>\n<li><a href=\"https:\/\/r3media.ro\/fara-tine-in-google-r3media-dispare-iata-ce-poti-face-in-10-secunde\/\" class=\"crp_link post-119031\"><span class=\"crp_title\">F\u0103r\u0103 tine \u00een Google, R3media dispare. Iat\u0103 ce po\u021bi face \u00een 10 secunde<\/span><\/a><\/li>\n<li><a href=\"https:\/\/r3media.ro\/femeie-cumparat-automobil-electric-mana-a-doua-surpriza-plecat-masina\/\" class=\"crp_link post-119601\"><span class=\"crp_title\">O femeie care \u0219i-a achizi\u021bionat un automobil electric la m\u00e2na a doua a avut parte de o\u2026<\/span><\/a><\/li>\n<li><a href=\"https:\/\/r3media.ro\/kia-recheama-service-prima-generatie-masini-electrice-e-niro-risc-incendiu\/\" class=\"crp_link post-120931\"><span class=\"crp_title\">Kia recheam\u0103 \u00een service prima genera\u021bie de ma\u0219ini electrice e-Niro din cauza riscului de incendiu<\/span><\/a><\/li>\n<li><a href=\"https:\/\/r3media.ro\/lovitura-usturatoare-masini-electrice-guvernul-bolojan-gand-rau-plata-impozite-echitate-sociala\/\" class=\"crp_link post-112532\"><span class=\"crp_title\">Lovitur\u0103 ustur\u0103toare pentru rom\u00e2nii care au ma\u0219ini electrice: Guvernul Bolojan le-a pus g\u00e2nd\u2026<\/span><\/a><\/li>\n<li><a href=\"https:\/\/r3media.ro\/nicusor-dan-romania-adoptare-euro-stiri-importante\/\" class=\"crp_link post-115209\"><span class=\"crp_title\">Pre\u0219edintele Nicu\u0219or Dan anun\u021b\u0103 c\u0103 adoptarea monedei euro ar fi posibil\u0103 \u00een urm\u0103torii 3-4\u2026<\/span><\/a><\/li>\n<li><a href=\"https:\/\/r3media.ro\/piata-masini-electrice-prabusire-statele-unite-ale-americii-vanzari-scazut-80-credit-fiscal-federal-vehicule-prietenoase-mediu-eliminat-donald-trump\/\" class=\"crp_link post-114057\"><span class=\"crp_title\">Pia\u021ba ma\u0219inilor electrice s-a pr\u0103bu\u0219it \u00een Statele Unite ale Americii: V\u00e2nz\u0103rile au sc\u0103zut cu\u2026<\/span><\/a><\/li>\n<li><a href=\"https:\/\/r3media.ro\/tara-europa-norvegia-masini-electrice-inmatriculate-cota-ridicata\/\" class=\"crp_link post-120796\"><span class=\"crp_title\">\u021aara din Europa unde aproape toate ma\u0219inile \u00eenmatriculate sune electrice. Cota a ajuns la\u2026<\/span><\/a><\/li>\n<li><a href=\"https:\/\/r3media.ro\/incendiu-tractor-suceava-baterie\/\" class=\"crp_link post-116957\"><span class=\"crp_title\">Un incendiu a distrus tractorul unui agricultor din Suceava, dup\u0103 ce \u0219i-a l\u0103sat bateria conectat\u0103<\/span><\/a><\/li>\n<\/ul>\n<\/div>\n<\/div>\n<\/div>\n<div class=\"td_block_wrap tdb_single_tags tdi_19 td-pb-border-top td_block_template_1\" data-td-block-uid=\"tdi_19\">\n<div class=\"tdb-block-inner td-fix-index\">\n<ul class=\"tdb-tags\">\n<li><span>SUBIECTE FIERBIN\u021aI<\/span><\/li>\n<li><a href=\"https:\/\/r3media.ro\/tag\/masini-electrice\/\">masini electrice<\/a><\/li>\n<\/ul>\n<\/div>\n<\/div>\n<div class=\"td_block_wrap td_block_9 tdi_20 td_with_ajax_pagination td-pb-border-top td_block_template_1 td-column-2 td_block_padding td_block_bot_line\" data-td-block-uid=\"tdi_20\">\n<div class=\"td-block-title-wrap\">\n<h4 class=\"block-title td-block-title\"><span class=\"td-pulldown-size\">CITE\u0218TE MAI MULT<\/span><\/h4>\n<\/div>\n<div id=\"tdi_20\" class=\"td_block_inner\">\n<div class=\"td-block-row\">\n<div class=\"td-block-span6\">\n<div class=\"td_module_8 td_module_wrap\">\n<div class=\"item-details\">\n<h3 class=\"entry-title td-module-title\"><a href=\"https:\/\/r3media.ro\/presedintele-serbiei-razboiul-din-ucraina\/\" rel=\"bookmark\" title=\"Pre\u0219edintele Serbiei nu crede c\u0103 r\u0103zboiul din Ucraina se termin\u0103 cur\u00e2nd: Cred c\u0103 ne afl\u0103m la \u00eenceputul unui r\u0103zboi mult, mult mai mare\">Pre\u0219edintele Serbiei nu crede c\u0103 r\u0103zboiul din Ucraina se termin\u0103 cur\u00e2nd: Cred c\u0103 ne&#8230;<\/a><\/h3>\n<div class=\"td-module-meta-info\"><a href=\"https:\/\/r3media.ro\/category\/actualitate\/\" class=\"td-post-category\">ACTUALITATE<\/a><span class=\"td-post-author-name\"><a href=\"https:\/\/r3media.ro\/author\/teodor_stan\/\">Teodor Stan<\/a><span>&#8211;<\/span><\/span><span class=\"td-post-date\"><time class=\"entry-date updated td-module-date\" datetime=\"2026-08-10T12:22:44+03:00\">10\/08\/2026<\/time><\/span><\/div>\n<\/div>\n<\/div>\n<\/div>\n<div class=\"td-block-span6\">\n<div class=\"td_module_8 td_module_wrap\">\n<div class=\"item-details\">\n<h3 class=\"entry-title td-module-title\"><a href=\"https:\/\/r3media.ro\/fara-apa-fara-curent-fara-viitor-cum-au-sacrificat-pro-europenii-romania-pe-altarul-ecologiei-ieftine\/\" rel=\"bookmark\" title=\"F\u0103r\u0103 ap\u0103, f\u0103r\u0103 curent, f\u0103r\u0103 viitor: cum au sacrificat pro-europenii Rom\u00e2nia pe altarul ecologiei ieftine\">F\u0103r\u0103 ap\u0103, f\u0103r\u0103 curent, f\u0103r\u0103 viitor: cum au sacrificat pro-europenii Rom\u00e2nia pe altarul ecologiei&#8230;<\/a><\/h3>\n<div class=\"td-module-meta-info\"><a href=\"https:\/\/r3media.ro\/category\/actualitate\/\" class=\"td-post-category\">ACTUALITATE<\/a><span class=\"td-post-author-name\"><a href=\"https:\/\/r3media.ro\/author\/paul_lazar\/\">Paul-Daniel Laz\u0103r<\/a><span>&#8211;<\/span><\/span><span class=\"td-post-date\"><time class=\"entry-date updated td-module-date\" datetime=\"2026-08-08T22:30:54+03:00\">08\/08\/2026<\/time><\/span><\/div>\n<\/div>\n<\/div>\n<\/div>\n<\/div>\n<div class=\"td-block-row\">\n<div class=\"td-block-span6\">\n<div class=\"td_module_8 td_module_wrap\">\n<div class=\"item-details\">\n<h3 class=\"entry-title td-module-title\"><a href=\"https:\/\/r3media.ro\/show-iluzie-si-realitate-de-la-the-truman-show-la-son-of-a-rich\/\" rel=\"bookmark\" title=\"Show, iluzie \u0219i realitate: de la The Truman Show la Son of a Rich\">Show, iluzie \u0219i realitate: de la The Truman Show la Son of a Rich<\/a><\/h3>\n<div class=\"td-module-meta-info\"><a href=\"https:\/\/r3media.ro\/category\/actualitate\/\" class=\"td-post-category\">ACTUALITATE<\/a><span class=\"td-post-author-name\"><a href=\"https:\/\/r3media.ro\/author\/costi_balasoiu\/\">Constantin B\u0103l\u0103\u0219oiu<\/a><span>&#8211;<\/span><\/span><span class=\"td-post-date\"><time class=\"entry-date updated td-module-date\" datetime=\"2026-08-08T15:30:25+03:00\">08\/08\/2026<\/time><\/span><\/div>\n<\/div>\n<\/div>\n<\/div>\n<div class=\"td-block-span6\">\n<div class=\"td_module_8 td_module_wrap\">\n<div class=\"item-details\">\n<h3 class=\"entry-title td-module-title\"><a href=\"https:\/\/r3media.ro\/fani-stapanul-inelelor-surpriza-sezonul-3-sauron\/\" rel=\"bookmark\" title=\"Fanii \u201eSt\u0103p\u00e2nul Inelelor\u201c ar putea avea o surpriz\u0103 \u00een sezonul 3 din serialul \u201eInelele Puterii\u201c. Sauron se va confrunta cu o creatur\u0103 de temut\">Fanii \u201eSt\u0103p\u00e2nul Inelelor\u201c ar putea avea o surpriz\u0103 \u00een sezonul 3 din serialul \u201eInelele&#8230;<\/a><\/h3>\n<div class=\"td-module-meta-info\"><a href=\"https:\/\/r3media.ro\/category\/actualitate\/\" class=\"td-post-category\">ACTUALITATE<\/a><span class=\"td-post-author-name\"><a href=\"https:\/\/r3media.ro\/author\/oana\/\">Oana Ivan<\/a><span>&#8211;<\/span><\/span><span class=\"td-post-date\"><time class=\"entry-date updated td-module-date\" datetime=\"2026-08-08T00:19:31+03:00\">08\/08\/2026<\/time><\/span><\/div>\n<\/div>\n<\/div>\n<\/div>\n<\/div>\n<div class=\"td-block-row\">\n<div class=\"td-block-span6\">\n<div class=\"td_module_8 td_module_wrap\">\n<div class=\"item-details\">\n<h3 class=\"entry-title td-module-title\"><a href=\"https:\/\/r3media.ro\/david-popovici-fair-play-sportivi-rusi-competitii\/\" rel=\"bookmark\" title=\"David Popovici, fair-play la revenirea sportivilor ru\u0219i \u00een competi\u021bii: Le urez succes, sper s\u0103 fiu mai bun dec\u00e2t ei\">David Popovici, fair-play la revenirea sportivilor ru\u0219i \u00een competi\u021bii: Le urez succes, sper s\u0103&#8230;<\/a><\/h3>\n<div class=\"td-module-meta-info\"><a href=\"https:\/\/r3media.ro\/category\/actualitate\/\" class=\"td-post-category\">ACTUALITATE<\/a><span class=\"td-post-author-name\"><a href=\"https:\/\/r3media.ro\/author\/redactia\/\">Redac\u021bia<\/a><span>&#8211;<\/span><\/span><span class=\"td-post-date\"><time class=\"entry-date updated td-module-date\" datetime=\"2026-08-07T15:07:51+03:00\">07\/08\/2026<\/time><\/span><\/div>\n<\/div>\n<\/div>\n<\/div>\n<div class=\"td-block-span6\">\n<div class=\"td_module_8 td_module_wrap\">\n<div class=\"item-details\">\n<h3 class=\"entry-title td-module-title\"><a href=\"https:\/\/r3media.ro\/kia-recheama-service-prima-generatie-masini-electrice-e-niro-risc-incendiu\/\" rel=\"bookmark\" title=\"Kia recheam\u0103 \u00een service prima genera\u021bie de ma\u0219ini electrice e-Niro din cauza riscului de incendiu\">Kia recheam\u0103 \u00een service prima genera\u021bie de ma\u0219ini electrice e-Niro din cauza riscului de&#8230;<\/a><\/h3>\n<div class=\"td-module-meta-info\"><a href=\"https:\/\/r3media.ro\/category\/actualitate\/\" class=\"td-post-category\">ACTUALITATE<\/a><span class=\"td-post-author-name\"><a href=\"https:\/\/r3media.ro\/author\/oana\/\">Oana Ivan<\/a><span>&#8211;<\/span><\/span><span class=\"td-post-date\"><time class=\"entry-date updated td-module-date\" datetime=\"2026-08-06T17:07:42+03:00\">06\/08\/2026<\/time><\/span><\/div>\n<\/div>\n<\/div>\n<\/div>\n<\/div>\n<div class=\"td-block-row\">\n<div class=\"td-block-span6\">\n<div class=\"td_module_8 td_module_wrap\">\n<div class=\"item-details\">\n<h3 class=\"entry-title td-module-title\"><a href=\"https:\/\/r3media.ro\/drona-gasita-mare-mamaia-zona-loft-video\/\" rel=\"bookmark\" title=\"VIDEO | O dron\u0103 a fost g\u0103sit\u0103 \u00een mare, \u00een Mamaia, \u00een zona Loft\">VIDEO | O dron\u0103 a fost g\u0103sit\u0103 \u00een mare, \u00een Mamaia, \u00een zona Loft<\/a><\/h3>\n<div class=\"td-module-meta-info\"><a href=\"https:\/\/r3media.ro\/category\/actualitate\/\" class=\"td-post-category\">ACTUALITATE<\/a><span class=\"td-post-author-name\"><a href=\"https:\/\/r3media.ro\/author\/oana\/\">Oana Ivan<\/a><span>&#8211;<\/span><\/span><span class=\"td-post-date\"><time class=\"entry-date updated td-module-date\" datetime=\"2026-08-05T21:48:11+03:00\">05\/08\/2026<\/time><\/span><\/div>\n<\/div>\n<\/div>\n<\/div>\n<div class=\"td-block-span6\">\n<div class=\"td_module_8 td_module_wrap\">\n<div class=\"item-details\">\n<h3 class=\"entry-title td-module-title\"><a href=\"https:\/\/r3media.ro\/cand-incepe-scoala-in-2026-structura-an-nou-scolar\/\" rel=\"bookmark\" title=\"C\u00e2nd \u00eencepe \u0219coala \u00een 2026: Structura noului an \u0219colar, vacan\u021bele \u0219i zilele libere\">C\u00e2nd \u00eencepe \u0219coala \u00een 2026: Structura noului an \u0219colar, vacan\u021bele \u0219i zilele libere<\/a><\/h3>\n<div class=\"td-module-meta-info\"><a href=\"https:\/\/r3media.ro\/category\/actualitate\/\" class=\"td-post-category\">ACTUALITATE<\/a><span class=\"td-post-author-name\"><a href=\"https:\/\/r3media.ro\/author\/oana\/\">Oana Ivan<\/a><span>&#8211;<\/span><\/span><span class=\"td-post-date\"><time class=\"entry-date updated td-module-date\" datetime=\"2026-08-03T22:23:20+03:00\">03\/08\/2026<\/time><\/span><\/div>\n<\/div>\n<\/div>\n<\/div>\n<\/div>\n<div class=\"td-block-row\">\n<div class=\"td-block-span6\">\n<div class=\"td_module_8 td_module_wrap\">\n<div class=\"item-details\">\n<h3 class=\"entry-title td-module-title\"><a href=\"https:\/\/r3media.ro\/tara-europa-norvegia-masini-electrice-inmatriculate-cota-ridicata\/\" rel=\"bookmark\" title=\"\u021aara din Europa unde aproape toate ma\u0219inile \u00eenmatriculate sune electrice. Cota a ajuns la 97,6% \u00een iulie\">\u021aara din Europa unde aproape toate ma\u0219inile \u00eenmatriculate sune electrice. Cota a ajuns la&#8230;<\/a><\/h3>\n<div class=\"td-module-meta-info\"><a href=\"https:\/\/r3media.ro\/category\/actualitate\/\" class=\"td-post-category\">ACTUALITATE<\/a><span class=\"td-post-author-name\"><a href=\"https:\/\/r3media.ro\/author\/oana\/\">Oana Ivan<\/a><span>&#8211;<\/span><\/span><span class=\"td-post-date\"><time class=\"entry-date updated td-module-date\" datetime=\"2026-08-03T17:01:21+03:00\">03\/08\/2026<\/time><\/span><\/div>\n<\/div>\n<\/div>\n<\/div>\n<div class=\"td-block-span6\">\n<div class=\"td_module_8 td_module_wrap\">\n<div class=\"item-details\">\n<h3 class=\"entry-title td-module-title\"><a href=\"https:\/\/r3media.ro\/puterea-mitologica-instalata-a-romaniei\/\" rel=\"bookmark\" title=\"Puterea mitologic\u0103 instalat\u0103 a Rom\u00e2niei\">Puterea mitologic\u0103 instalat\u0103 a Rom\u00e2niei<\/a><\/h3>\n<div class=\"td-module-meta-info\"><a href=\"https:\/\/r3media.ro\/category\/opinii\/\" class=\"td-post-category\">OPINII<\/a><span class=\"td-post-author-name\"><a href=\"https:\/\/r3media.ro\/author\/tru\/\">TRU (Traian Ungureanu)<\/a><span>&#8211;<\/span><\/span><span class=\"td-post-date\"><time class=\"entry-date updated td-module-date\" datetime=\"2026-08-02T22:08:04+03:00\">02\/08\/2026<\/time><\/span><\/div>\n<\/div>\n<\/div>\n<\/div>\n<\/div>\n<div class=\"td-block-row\">\n<div class=\"td-block-span6\">\n<div class=\"td_module_8 td_module_wrap\">\n<div class=\"item-details\">\n<h3 class=\"entry-title td-module-title\"><a href=\"https:\/\/r3media.ro\/hyundai-recheama-service-masini-electrice-inster-risc-incendiu\/\" rel=\"bookmark\" title=\"Hyundai recheam\u0103 \u00een service zeci de mii de ma\u0219ini electrice din cauza riscului de incendiu\">Hyundai recheam\u0103 \u00een service zeci de mii de ma\u0219ini electrice din cauza riscului de&#8230;<\/a><\/h3>\n<div class=\"td-module-meta-info\"><a href=\"https:\/\/r3media.ro\/category\/actualitate\/\" class=\"td-post-category\">ACTUALITATE<\/a><span class=\"td-post-author-name\"><a href=\"https:\/\/r3media.ro\/author\/oana\/\">Oana Ivan<\/a><span>&#8211;<\/span><\/span><span class=\"td-post-date\"><time class=\"entry-date updated td-module-date\" datetime=\"2026-08-02T08:34:05+03:00\">02\/08\/2026<\/time><\/span><\/div>\n<\/div>\n<\/div>\n<\/div>\n<div class=\"td-block-span6\">\n<div class=\"td_module_8 td_module_wrap\">\n<div class=\"item-details\">\n<h3 class=\"entry-title td-module-title\"><a href=\"https:\/\/r3media.ro\/dragostea-care-transcende-epoci-descult-in-parc-1967\/\" rel=\"bookmark\" title=\"Dragostea care transcende epoci \u2014 Descul\u021b \u00een parc (1967)\">Dragostea care transcende epoci \u2014 Descul\u021b \u00een parc (1967)<\/a><\/h3>\n<div class=\"td-module-meta-info\"><a href=\"https:\/\/r3media.ro\/category\/opinii\/\" class=\"td-post-category\">OPINII<\/a><span class=\"td-post-author-name\"><a href=\"https:\/\/r3media.ro\/author\/costi_balasoiu\/\">Constantin B\u0103l\u0103\u0219oiu<\/a><span>&#8211;<\/span><\/span><span class=\"td-post-date\"><time class=\"entry-date updated td-module-date\" datetime=\"2026-08-01T13:45:14+03:00\">01\/08\/2026<\/time><\/span><\/div>\n<\/div>\n<\/div>\n<\/div>\n<\/div>\n<\/div>\n<div class=\"td-load-more-wrap td-load-more-infinite-wrap\" id=\"infinite-lm-tdi_20\"><a href=\"https:\/\/r3media.ro\/casa-scrum-pompieri-masina-electrica-incendiu-malaezia\/\" class=\"td_ajax_load_more td_ajax_load_more_js\" aria-label=\"\u00cenc\u0103rca\u021bi mai multe\" id=\"next-page-tdi_20\" data-td_block_id=\"tdi_20\">\u00cenc\u0103rca\u021bi mai multe<\/a><\/div>\n<\/div>\n<div class=\"td_block_wrap tdb_single_comments tdi_21 tdb-comm-layout2 td-pb-border-top td_block_template_1\" data-td-block-uid=\"tdi_21\">\n<div class=\"tdb-block-inner td-fix-index\">\n<div class=\"comments\" id=\"comments\">\n<div id=\"respond\" class=\"comment-respond\">\n<h3 id=\"reply-title\" class=\"comment-reply-title\">AI CEVA DE SPUS? <small><a rel=\"nofollow\" id=\"cancel-comment-reply-link\" href=\"https:\/\/r3media.ro\/casa-scrum-pompieri-masina-electrica-incendiu-malaezia\/#respond\">Renun\u021ba\u021bi la r\u0103spuns<\/a><\/small><\/h3>\n<div class=\"comment-form-input-wrap td-form-comment\">\n<div class=\"td-warning-comment\">V\u0103 rug\u0103m s\u0103 introduce\u021bi comentariul dvs.!<\/div>\n<\/div>\n<div class=\"comment-form-input-wrap td-form-author\">\n<div class=\"td-warning-author\">Introduce\u021bi aici numele dvs.<\/div>\n<\/div>\n<div class=\"comment-form-input-wrap td-form-email\">\n<div class=\"td-warning-email-error\">A\u021bi introdus o adres\u0103 de e-mail incorect\u0103!<\/div>\n<div class=\"td-warning-email\">V\u0103 rug\u0103m s\u0103 introduce\u021bi adresa dvs. de e-mail aici<\/div>\n<\/div>\n<\/div>\n<\/div>\n<\/div>\n<\/div>\n<\/div>\n<\/div>\n<div class=\"vc_column tdi_23  wpb_column vc_column_container tdc-column td-pb-span4 td-is-sticky\">\n<div class=\"wpb_wrapper\" data-sticky-enabled-on=\"W3RydWUsdHJ1ZSx0cnVlLHRydWVd\" data-sticky-offset=\"20\" data-sticky-is-width-auto=\"W2ZhbHNlLGZhbHNlLGZhbHNlLGZhbHNlXQ==\">\n<div class=\"wpb_wrapper td_block_wrap vc_widget_sidebar tdi_25 \">\n<div class=\"td_block_wrap td_block_7 td_block_widget tdi_26 td-pb-border-top td_block_template_1 td-column-1 td_block_padding\" data-td-block-uid=\"tdi_26\">\n<div class=\"td-block-title-wrap\">\n<h4 class=\"block-title td-block-title\"><span class=\"td-pulldown-size\">Articole RELA\u021aIONATE<\/span><\/h4>\n<\/div>\n<div id=\"tdi_26\" class=\"td_block_inner\">\n<div class=\"td-block-span12\">\n<div class=\"td_module_6 td_module_wrap td-animation-stack\">\n<div class=\"td-module-thumb\"><a href=\"https:\/\/r3media.ro\/numerarul-uniunea-europeana-impuls-platile-digitale-zona-euro\/\" rel=\"bookmark\" class=\"td-image-wrap \" title=\"Numerarul se men\u021bine ferm \u00een UE, \u00een ciuda impulsului pentru pl\u0103\u021bile digitale din zona euro\"><img loading=\"lazy\" decoding=\"async\" class=\"entry-thumb\" src=\"https:\/\/r3media.ro\/wp-content\/uploads\/2026\/01\/bancnota-euro-100x70.png\" alt title=\"Numerarul se men\u021bine ferm \u00een UE, \u00een ciuda impulsului pentru pl\u0103\u021bile digitale din zona euro\" width=\"100\" height=\"70\"><\/a><\/div>\n<div class=\"item-details\">\n<h3 class=\"entry-title td-module-title\"><a href=\"https:\/\/r3media.ro\/numerarul-uniunea-europeana-impuls-platile-digitale-zona-euro\/\" rel=\"bookmark\" title=\"Numerarul se men\u021bine ferm \u00een UE, \u00een ciuda impulsului pentru pl\u0103\u021bile digitale din zona euro\">Numerarul se men\u021bine ferm \u00een UE, \u00een ciuda impulsului pentru pl\u0103\u021bile&#8230;<\/a><\/h3>\n<div class=\"td-module-meta-info\"><span class=\"td-post-date\"><time class=\"entry-date updated td-module-date\" datetime=\"2026-08-18T21:42:36+03:00\">18\/08\/2026<\/time><\/span><\/div>\n<\/div>\n<\/div>\n<\/div>\n<div class=\"td-block-span12\">\n<div class=\"td_module_6 td_module_wrap td-animation-stack\">\n<div class=\"td-module-thumb\"><a href=\"https:\/\/r3media.ro\/actori-sportivi-oameni-de-afaceri-ong-germania-descurajare-nemti-saxonia-anhalt-vot-afd\/\" rel=\"bookmark\" class=\"td-image-wrap \" title=\"Actori, sportivi, oameni de afaceri, Antifa \u0219i alte ONG-uri din Germania \u00ee\u0219i unesc for\u021bele pentru \u00eencerca s\u0103-i descurajeze pe nem\u021bii din Saxonia-Anhalt s\u0103 voteze cu AfD\"><img loading=\"lazy\" decoding=\"async\" class=\"entry-thumb\" src=\"https:\/\/r3media.ro\/wp-content\/uploads\/2026\/08\/protest-anti-afd-germania-100x70.jpg\" alt title=\"Actori, sportivi, oameni de afaceri, Antifa \u0219i alte ONG-uri din Germania \u00ee\u0219i unesc for\u021bele pentru \u00eencerca s\u0103-i descurajeze pe nem\u021bii din Saxonia-Anhalt s\u0103 voteze cu AfD\" width=\"100\" height=\"70\"><\/a><\/div>\n<div class=\"item-details\">\n<h3 class=\"entry-title td-module-title\"><a href=\"https:\/\/r3media.ro\/actori-sportivi-oameni-de-afaceri-ong-germania-descurajare-nemti-saxonia-anhalt-vot-afd\/\" rel=\"bookmark\" title=\"Actori, sportivi, oameni de afaceri, Antifa \u0219i alte ONG-uri din Germania \u00ee\u0219i unesc for\u021bele pentru \u00eencerca s\u0103-i descurajeze pe nem\u021bii din Saxonia-Anhalt s\u0103 voteze cu AfD\">Actori, sportivi, oameni de afaceri, Antifa \u0219i alte ONG-uri din Germania&#8230;<\/a><\/h3>\n<div class=\"td-module-meta-info\"><span class=\"td-post-date\"><time class=\"entry-date updated td-module-date\" datetime=\"2026-08-18T21:13:46+03:00\">18\/08\/2026<\/time><\/span><\/div>\n<\/div>\n<\/div>\n<\/div>\n<div class=\"td-block-span12\">\n<div class=\"td_module_6 td_module_wrap td-animation-stack\">\n<div class=\"td-module-thumb\"><a href=\"https:\/\/r3media.ro\/supermarket-anglia-suspnda-utilizare-inteligenta-artificiala-ia-recunoastere-faciala-client-acuzat-hotie\/\" rel=\"bookmark\" class=\"td-image-wrap \" title=\"Un supermarket din Anglia suspend\u0103 utilizarea inteligen\u021bei artificiale (IA) pentru recunoa\u0219tere facial\u0103 dup\u0103 ce un client a fost acuzat pe nedrept de ho\u021bie\"><img loading=\"lazy\" decoding=\"async\" class=\"entry-thumb\" src=\"https:\/\/r3media.ro\/wp-content\/uploads\/2026\/08\/supermarket-anglia-100x70.jpg\" alt=\"supermarket anglia\" title=\"Un supermarket din Anglia suspend\u0103 utilizarea inteligen\u021bei artificiale (IA) pentru recunoa\u0219tere facial\u0103 dup\u0103 ce un client a fost acuzat pe nedrept de ho\u021bie\" width=\"100\" height=\"70\"><\/a><\/div>\n<div class=\"item-details\">\n<h3 class=\"entry-title td-module-title\"><a href=\"https:\/\/r3media.ro\/supermarket-anglia-suspnda-utilizare-inteligenta-artificiala-ia-recunoastere-faciala-client-acuzat-hotie\/\" rel=\"bookmark\" title=\"Un supermarket din Anglia suspend\u0103 utilizarea inteligen\u021bei artificiale (IA) pentru recunoa\u0219tere facial\u0103 dup\u0103 ce un client a fost acuzat pe nedrept de ho\u021bie\">Un supermarket din Anglia suspend\u0103 utilizarea inteligen\u021bei artificiale (IA) pentru recunoa\u0219tere&#8230;<\/a><\/h3>\n<div class=\"td-module-meta-info\"><span class=\"td-post-date\"><time class=\"entry-date updated td-module-date\" datetime=\"2026-08-18T20:36:52+03:00\">18\/08\/2026<\/time><\/span><\/div>\n<\/div>\n<\/div>\n<\/div>\n<div class=\"td-block-span12\">\n<div class=\"td_module_6 td_module_wrap td-animation-stack\">\n<div class=\"td-module-thumb\"><a href=\"https:\/\/r3media.ro\/sustinatori-dominic-fritz-timisoara-protest-decizie-curtea-constitutionala\/\" rel=\"bookmark\" class=\"td-image-wrap \" title=\"Sus\u021bin\u0103torii lui Dominic Fritz din Timi\u0219oara ies \u00een strad\u0103 pentru a protesta fa\u021b\u0103 de decizia Cur\u021bii Constitu\u021bionale\"><img loading=\"lazy\" decoding=\"async\" class=\"entry-thumb\" src=\"https:\/\/r3media.ro\/wp-content\/uploads\/2022\/05\/steaguri-fritz-100x70.jpg\" alt title=\"Sus\u021bin\u0103torii lui Dominic Fritz din Timi\u0219oara ies \u00een strad\u0103 pentru a protesta fa\u021b\u0103 de decizia Cur\u021bii Constitu\u021bionale\" width=\"100\" height=\"70\"><\/a><\/div>\n<div class=\"item-details\">\n<h3 class=\"entry-title td-module-title\"><a href=\"https:\/\/r3media.ro\/sustinatori-dominic-fritz-timisoara-protest-decizie-curtea-constitutionala\/\" rel=\"bookmark\" title=\"Sus\u021bin\u0103torii lui Dominic Fritz din Timi\u0219oara ies \u00een strad\u0103 pentru a protesta fa\u021b\u0103 de decizia Cur\u021bii Constitu\u021bionale\">Sus\u021bin\u0103torii lui Dominic Fritz din Timi\u0219oara ies \u00een strad\u0103 pentru a&#8230;<\/a><\/h3>\n<div class=\"td-module-meta-info\"><span class=\"td-post-date\"><time class=\"entry-date updated td-module-date\" datetime=\"2026-08-18T20:10:30+03:00\">18\/08\/2026<\/time><\/span><\/div>\n<\/div>\n<\/div>\n<\/div>\n<div class=\"td-block-span12\">\n<div class=\"td_module_6 td_module_wrap td-animation-stack\">\n<div class=\"td-module-thumb\"><a href=\"https:\/\/r3media.ro\/criza-apei-loveste-statele-unite-ale-americii-specialisti-dezastru-natural\/\" rel=\"bookmark\" class=\"td-image-wrap \" title=\"Criza apei love\u0219te puternic Statele Unite ale Americii: cele mai mari rezervoare din \u021bar\u0103 r\u0103m\u00e2n f\u0103r\u0103 ap\u0103 iar speciali\u0219tii vorbesc de un \u201edezastru natural\u201d\"><img loading=\"lazy\" decoding=\"async\" class=\"entry-thumb\" src=\"https:\/\/r3media.ro\/wp-content\/uploads\/2026\/08\/lacul-powell-sua-100x70.jpg\" alt title=\"Criza apei love\u0219te puternic Statele Unite ale Americii: cele mai mari rezervoare din \u021bar\u0103 r\u0103m\u00e2n f\u0103r\u0103 ap\u0103 iar speciali\u0219tii vorbesc de un \u201edezastru natural\u201d\" width=\"100\" height=\"70\"><\/a><\/div>\n<div class=\"item-details\">\n<h3 class=\"entry-title td-module-title\"><a href=\"https:\/\/r3media.ro\/criza-apei-loveste-statele-unite-ale-americii-specialisti-dezastru-natural\/\" rel=\"bookmark\" title=\"Criza apei love\u0219te puternic Statele Unite ale Americii: cele mai mari rezervoare din \u021bar\u0103 r\u0103m\u00e2n f\u0103r\u0103 ap\u0103 iar speciali\u0219tii vorbesc de un \u201edezastru natural\u201d\">Criza apei love\u0219te puternic Statele Unite ale Americii: cele mai mari&#8230;<\/a><\/h3>\n<div class=\"td-module-meta-info\"><span class=\"td-post-date\"><time class=\"entry-date updated td-module-date\" datetime=\"2026-08-18T18:09:42+03:00\">18\/08\/2026<\/time><\/span><\/div>\n<\/div>\n<\/div>\n<\/div>\n<div class=\"td-block-span12\">\n<div class=\"td_module_6 td_module_wrap td-animation-stack\">\n<div class=\"td-module-thumb\"><a href=\"https:\/\/r3media.ro\/marius-totolici-nepot-mircea-rednic-infarct-mort\/\" rel=\"bookmark\" class=\"td-image-wrap \" title=\"Marius Totolici, nepotul lui Mircea Rednic, a murit fulger\u0103tor la 37 de ani. A f\u0103cut infarct \u00een somn\"><img loading=\"lazy\" decoding=\"async\" class=\"entry-thumb\" src=\"https:\/\/r3media.ro\/wp-content\/uploads\/2023\/07\/spital-medic-pacient-sanatate-100x70.jpg\" alt title=\"Marius Totolici, nepotul lui Mircea Rednic, a murit fulger\u0103tor la 37 de ani. A f\u0103cut infarct \u00een somn\" width=\"100\" height=\"70\"><\/a><\/div>\n<div class=\"item-details\">\n<h3 class=\"entry-title td-module-title\"><a href=\"https:\/\/r3media.ro\/marius-totolici-nepot-mircea-rednic-infarct-mort\/\" rel=\"bookmark\" title=\"Marius Totolici, nepotul lui Mircea Rednic, a murit fulger\u0103tor la 37 de ani. A f\u0103cut infarct \u00een somn\">Marius Totolici, nepotul lui Mircea Rednic, a murit fulger\u0103tor la 37&#8230;<\/a><\/h3>\n<div class=\"td-module-meta-info\"><span class=\"td-post-date\"><time class=\"entry-date updated td-module-date\" datetime=\"2026-08-17T20:45:16+03:00\">17\/08\/2026<\/time><\/span><\/div>\n<\/div>\n<\/div>\n<\/div>\n<div class=\"td-block-span12\">\n<div class=\"td_module_6 td_module_wrap td-animation-stack\">\n<div class=\"td-module-thumb\"><a href=\"https:\/\/r3media.ro\/142-miliarde-euro-romania-6-luni-2026-radu-georgescu-romania-safari\/\" rel=\"bookmark\" class=\"td-image-wrap \" title=\"14,2 miliarde de euro au ie\u0219it din Rom\u00e2nia \u00een primele 6 luni din 2026. Radu Georgescu: Nu exclud ca peste 10 ani, \u021bara s\u0103 fie ca un safari, unde str\u0103inii vor merge cu blindate prin ora\u0219e ca s\u0103 vad\u0103 ur\u0219i\"><img loading=\"lazy\" decoding=\"async\" class=\"entry-thumb\" src=\"https:\/\/r3media.ro\/wp-content\/uploads\/2025\/08\/radu-georgescu-100x70.png\" alt title=\"14,2 miliarde de euro au ie\u0219it din Rom\u00e2nia \u00een primele 6 luni din 2026. Radu Georgescu: Nu exclud ca peste 10 ani, \u021bara s\u0103 fie ca un safari, unde str\u0103inii vor merge cu blindate prin ora\u0219e ca s\u0103 vad\u0103 ur\u0219i\" width=\"100\" height=\"70\"><\/a><\/div>\n<div class=\"item-details\">\n<h3 class=\"entry-title td-module-title\"><a href=\"https:\/\/r3media.ro\/142-miliarde-euro-romania-6-luni-2026-radu-georgescu-romania-safari\/\" rel=\"bookmark\" title=\"14,2 miliarde de euro au ie\u0219it din Rom\u00e2nia \u00een primele 6 luni din 2026. Radu Georgescu: Nu exclud ca peste 10 ani, \u021bara s\u0103 fie ca un safari, unde str\u0103inii vor merge cu blindate prin ora\u0219e ca s\u0103 vad\u0103 ur\u0219i\">14,2 miliarde de euro au ie\u0219it din Rom\u00e2nia \u00een primele 6&#8230;<\/a><\/h3>\n<div class=\"td-module-meta-info\"><span class=\"td-post-date\"><time class=\"entry-date updated td-module-date\" datetime=\"2026-08-17T17:39:22+03:00\">17\/08\/2026<\/time><\/span><\/div>\n<\/div>\n<\/div>\n<\/div>\n<\/div>\n<\/div>\n<aside class=\"td_block_template_1 widget widget_recent_comments\">\n<h4 class=\"block-title\"><span>INTR\u0102 \u00ceN DISCU\u021aIE!<\/span><\/h4>\n<ul id=\"recentcomments\">\n<li class=\"recentcomments\"><span class=\"comment-author-link\">Nicu<\/span> la <a href=\"https:\/\/r3media.ro\/ccr-amendamentul-fritz-lleea-integritatii-constitutional-primar-timisoara-mandat\/#comment-40391\">CCR: Amendamentul Fritz la Legea Integrit\u0103\u021bii este constitu\u021bional. Primarul Timi\u0219oarei \u00ee\u0219i pierde mandatul c\u00e2nd lege intr\u0103 \u00een vigoare<\/a><\/li>\n<li class=\"recentcomments\"><span class=\"comment-author-link\"><a href=\"http:\/\/Radiogergescu@yahoo.com\" class=\"url\" rel=\"ugc external nofollow\">Radio Georgescu<\/a><\/span> la <a href=\"https:\/\/r3media.ro\/142-miliarde-euro-romania-6-luni-2026-radu-georgescu-romania-safari\/#comment-40390\">14,2 miliarde de euro au ie\u0219it din Rom\u00e2nia \u00een primele 6 luni din 2026. Radu Georgescu: Nu exclud ca peste 10 ani, \u021bara s\u0103 fie ca un safari, unde str\u0103inii vor merge cu blindate prin ora\u0219e ca s\u0103 vad\u0103 ur\u0219i<\/a><\/li>\n<li class=\"recentcomments\"><span class=\"comment-author-link\">Aa<\/span> la <a href=\"https:\/\/r3media.ro\/142-miliarde-euro-romania-6-luni-2026-radu-georgescu-romania-safari\/#comment-40389\">14,2 miliarde de euro au ie\u0219it din Rom\u00e2nia \u00een primele 6 luni din 2026. Radu Georgescu: Nu exclud ca peste 10 ani, \u021bara s\u0103 fie ca un safari, unde str\u0103inii vor merge cu blindate prin ora\u0219e ca s\u0103 vad\u0103 ur\u0219i<\/a><\/li>\n<li class=\"recentcomments\"><span class=\"comment-author-link\">Leo<\/span> la <a href=\"https:\/\/r3media.ro\/142-miliarde-euro-romania-6-luni-2026-radu-georgescu-romania-safari\/#comment-40388\">14,2 miliarde de euro au ie\u0219it din Rom\u00e2nia \u00een primele 6 luni din 2026. Radu Georgescu: Nu exclud ca peste 10 ani, \u021bara s\u0103 fie ca un safari, unde str\u0103inii vor merge cu blindate prin ora\u0219e ca s\u0103 vad\u0103 ur\u0219i<\/a><\/li>\n<li class=\"recentcomments\"><span class=\"comment-author-link\">Mihai<\/span> la <a href=\"https:\/\/r3media.ro\/142-miliarde-euro-romania-6-luni-2026-radu-georgescu-romania-safari\/#comment-40387\">14,2 miliarde de euro au ie\u0219it din Rom\u00e2nia \u00een primele 6 luni din 2026. Radu Georgescu: Nu exclud ca peste 10 ani, \u021bara s\u0103 fie ca un safari, unde str\u0103inii vor merge cu blindate prin ora\u0219e ca s\u0103 vad\u0103 ur\u0219i<\/a><\/li>\n<li class=\"recentcomments\"><span class=\"comment-author-link\">Nicolae<\/span> la <a href=\"https:\/\/r3media.ro\/video-david-popovici-aur-la-200-m-liber-la-europenele-de-la-paris-aici-e-romania\/#comment-40386\">VIDEO | David Popovici, aur la 200 m liber la Europenele de la Paris: Aici e Rom\u00e2nia!<\/a><\/li>\n<li class=\"recentcomments\"><span class=\"comment-author-link\">Arsenie<\/span> la <a href=\"https:\/\/r3media.ro\/cornel-nistorescu-ambulanta-recea-cristur-stiri-false-interzicere\/#comment-40385\">Cornel Nistorescu, despre incidentul cu ambulan\u021ba de la Recea-Cristur: Statul rom\u00e2n a\u0219teapt\u0103 s\u0103 interzic\u0103 \u0219tirile false \u0219i, pe l\u00eeng\u0103, tot ce nu convine puterii<\/a><\/li>\n<\/ul>\n<\/aside>\n<aside class=\"td_block_template_1 widget widget_search\">\n<h4 class=\"block-title\"><span>CAUT\u0102 \u0218I VEI G\u0102SI<\/span><\/h4>\n<\/aside>\n<\/div>\n<\/div>\n<\/div>\n<\/div>\n<\/div>\n<\/div>\n<\/div>\n<p><span class=\"td-page-meta\"><\/span><span class=\"td-page-meta\"><span class=\"td-page-meta\"><\/span><\/span><span class=\"td-page-meta\"><\/span><\/article>\n<\/p>\n<div class=\"td_block_wrap tdb_single_content tdi_18 td-pb-border-top td_block_template_1 td-post-content tagdiv-type\" data-td-block-uid=\"tdi_18\">\n<div class=\"tdb-block-inner td-fix-index\">\n<p><strong>Se crede c\u0103 o <a href=\"https:\/\/r3media.ro\/tag\/masini-electrice\/\" target=\"_blank\" rel=\"noopener\">ma\u0219in\u0103 electric\u0103<\/a> ce se afla la \u00eenc\u0103rcat a declan\u0219at un incendiu care a distrus o cas\u0103 cu dou\u0103 etaje \u00een Alam Damai, Malaezia, potrivit <a href=\"https:\/\/www.thestar.com.my\/news\/nation\/2026\/08\/18\/house-fire-believed-sparked-by-charging-ev#goog_rewarded\" target=\"_blank\" rel=\"noopener\">The Star<\/a>.<\/strong><\/p>\n<p>Directorul adjunct al opera\u021biunilor Departamentului de Pompieri \u0219i Salvare din Kuala Lumpur, Ahmad Mukhlis Mukhtar, a declarat c\u0103 a primit un apel de urgen\u021b\u0103 duminic\u0103 diminea\u021ba la ora 5:03.<\/p>\n<p>\u201eC\u00e2nd au sosit pompierii, incendiul cuprinsese casa cu dou\u0103 etaje. Pagubele estimate erau de 100%. Se crede c\u0103 incendiul a pornit de la un vehicul electric care era \u00eenc\u0103rcat \u00een zona din fa\u021b\u0103 a casei\u201d, a declarat el.<\/p>\n<p>Din fericire, nimeni nu a fost r\u0103nit, iar opera\u021biunea s-a \u00eencheiat la ora 6:41.22 de pompieri au fost desf\u0103\u0219ura\u021bi la fa\u021ba locului.<\/p>\n<h2><strong>Tot mai multe incendii produse de ma\u0219ini electrice<\/strong><\/h2>\n<p>\u00a0<\/p>\n<p>Din 2023, Departamentul de Pompieri \u0219i Salvare a \u00eenregistrat 27 de incendii care au implicat vehicule electrice \u0219i vehicule hibride. S-a raportat c\u0103 13 dintre cazuri au implicat vehicule electrice, restul fiind hibride. Num\u0103rul de incendii a crescut treptat, cu o cre\u0219tere notabil\u0103 \u00een 2024, \u00een special \u00een cazul vehiculelor electrice.<\/p>\n<p>Incendiile vehiculelor hibride au continuat, de asemenea, s\u0103 creasc\u0103, cu \u0219apte cazuri \u00eenregistrate p\u00e2n\u0103 \u00een iulie 2025.<\/p>\n<p>Un oficial al Departamentului de Pompieri a declarat c\u0103 num\u0103rul incendiilor a r\u0103mas gestionabil, dar tendin\u021ba ascendent\u0103 justific\u0103 aten\u021bie.<\/p>\n<p>C\u00e2nd apar, incendiile la ma\u0219ini electrice sunt greu de gestionat, fiind provocate frecvent de fuga termic\u0103, accidente sau defecte. Un studiu NIST din 2026 estimeaz\u0103 5.718 incendii de vehicule electrice \u0219i hibride, din 2011, \u00eens\u0103 datele disponibile r\u0103m\u00e2n incomplete.<\/p>\n<div class=\"crp_related     crp-masonry\">\n<h2>\u00ceN CONTEXT<\/h2>\n<ul>\n<li><a href=\"https:\/\/r3media.ro\/fara-tine-in-google-r3media-dispare-iata-ce-poti-face-in-10-secunde\/\" class=\"crp_link post-119031\"><span class=\"crp_title\">F\u0103r\u0103 tine \u00een Google, R3media dispare. Iat\u0103 ce po\u021bi face \u00een 10 secunde<\/span><\/a><\/li>\n<li><a href=\"https:\/\/r3media.ro\/femeie-cumparat-automobil-electric-mana-a-doua-surpriza-plecat-masina\/\" class=\"crp_link post-119601\"><span class=\"crp_title\">O femeie care \u0219i-a achizi\u021bionat un automobil electric la m\u00e2na a doua a avut parte de o\u2026<\/span><\/a><\/li>\n<li><a href=\"https:\/\/r3media.ro\/kia-recheama-service-prima-generatie-masini-electrice-e-niro-risc-incendiu\/\" class=\"crp_link post-120931\"><span class=\"crp_title\">Kia recheam\u0103 \u00een service prima genera\u021bie de ma\u0219ini electrice e-Niro din cauza riscului de incendiu<\/span><\/a><\/li>\n<li><a href=\"https:\/\/r3media.ro\/lovitura-usturatoare-masini-electrice-guvernul-bolojan-gand-rau-plata-impozite-echitate-sociala\/\" class=\"crp_link post-112532\"><span class=\"crp_title\">Lovitur\u0103 ustur\u0103toare pentru rom\u00e2nii care au ma\u0219ini electrice: Guvernul Bolojan le-a pus g\u00e2nd\u2026<\/span><\/a><\/li>\n<li><a href=\"https:\/\/r3media.ro\/nicusor-dan-romania-adoptare-euro-stiri-importante\/\" class=\"crp_link post-115209\"><span class=\"crp_title\">Pre\u0219edintele Nicu\u0219or Dan anun\u021b\u0103 c\u0103 adoptarea monedei euro ar fi posibil\u0103 \u00een urm\u0103torii 3-4\u2026<\/span><\/a><\/li>\n<li><a href=\"https:\/\/r3media.ro\/piata-masini-electrice-prabusire-statele-unite-ale-americii-vanzari-scazut-80-credit-fiscal-federal-vehicule-prietenoase-mediu-eliminat-donald-trump\/\" class=\"crp_link post-114057\"><span class=\"crp_title\">Pia\u021ba ma\u0219inilor electrice s-a pr\u0103bu\u0219it \u00een Statele Unite ale Americii: V\u00e2nz\u0103rile au sc\u0103zut cu\u2026<\/span><\/a><\/li>\n<li><a href=\"https:\/\/r3media.ro\/tara-europa-norvegia-masini-electrice-inmatriculate-cota-ridicata\/\" class=\"crp_link post-120796\"><span class=\"crp_title\">\u021aara din Europa unde aproape toate ma\u0219inile \u00eenmatriculate sune electrice. Cota a ajuns la\u2026<\/span><\/a><\/li>\n<li><a href=\"https:\/\/r3media.ro\/incendiu-tractor-suceava-baterie\/\" class=\"crp_link post-116957\"><span class=\"crp_title\">Un incendiu a distrus tractorul unui agricultor din Suceava, dup\u0103 ce \u0219i-a l\u0103sat bateria conectat\u0103<\/span><\/a><\/li>\n<\/ul>\n<\/div>\n<\/div>\n<\/div>\n<p>[analyse_source url=&#8221;https:\/\/r3media.ro\/casa-scrum-pompieri-masina-electrica-incendiu-malaezia\/&#8221;]<\/p>\n","protected":false},"excerpt":{"rendered":"<p>[analyse_image type=&#8221;featured&#8221; src=&#8221;https:\/\/r3media.ro\/wp-content\/uploads\/2023\/07\/pompieri-incendii-incendiu-1536&#215;1075-1.webphttps:\/\/r3media.ro\/wp-content\/uploads\/2023\/07\/pompieri-incendii-incendiu-1536&#215;1075-1.webp&#8221;] PRIM PLANO cas\u0103 cu dou\u0103 etaje s-a f\u0103cut scrum. Pompierii cred c\u0103 de&#8230; PRIM PLAN\u0218TIRI O cas\u0103 cu dou\u0103 etaje s-a f\u0103cut scrum. Pompierii cred c\u0103 de vin\u0103 a fost o ma\u0219in\u0103 electric\u0103 ce se afla la \u00eenc\u0103rcat Oana Ivan 18\/08\/2026 Se crede c\u0103 o ma\u0219in\u0103 electric\u0103 ce se afla la \u00eenc\u0103rcat [&hellip;]<\/p>\n","protected":false},"author":1,"featured_media":0,"comment_status":"open","ping_status":"","sticky":false,"template":"","format":"standard","meta":{"footnotes":""},"categories":[89],"tags":[226,93],"class_list":["post-2099640","post","type-post","status-publish","format-standard","hentry","category-romania","tag-crawlmanager","tag-r3media-ro"],"_links":{"self":[{"href":"https:\/\/analyse.optim.biz\/index.php?rest_route=\/wp\/v2\/posts\/2099640","targetHints":{"allow":["GET"]}}],"collection":[{"href":"https:\/\/analyse.optim.biz\/index.php?rest_route=\/wp\/v2\/posts"}],"about":[{"href":"https:\/\/analyse.optim.biz\/index.php?rest_route=\/wp\/v2\/types\/post"}],"author":[{"embeddable":true,"href":"https:\/\/analyse.optim.biz\/index.php?rest_route=\/wp\/v2\/users\/1"}],"replies":[{"embeddable":true,"href":"https:\/\/analyse.optim.biz\/index.php?rest_route=%2Fwp%2Fv2%2Fcomments&post=2099640"}],"version-history":[{"count":0,"href":"https:\/\/analyse.optim.biz\/index.php?rest_route=\/wp\/v2\/posts\/2099640\/revisions"}],"wp:attachment":[{"href":"https:\/\/analyse.optim.biz\/index.php?rest_route=%2Fwp%2Fv2%2Fmedia&parent=2099640"}],"wp:term":[{"taxonomy":"category","embeddable":true,"href":"https:\/\/analyse.optim.biz\/index.php?rest_route=%2Fwp%2Fv2%2Fcategories&post=2099640"},{"taxonomy":"post_tag","embeddable":true,"href":"https:\/\/analyse.optim.biz\/index.php?rest_route=%2Fwp%2Fv2%2Ftags&post=2099640"}],"curies":[{"name":"wp","href":"https:\/\/api.w.org\/{rel}","templated":true}]}}