{"id":2099629,"date":"2026-08-18T11:10:51","date_gmt":"2026-08-18T08:10:51","guid":{"rendered":"https:\/\/analyse.optim.biz\/?p=2099629"},"modified":"2026-08-18T11:10:51","modified_gmt":"2026-08-18T08:10:51","slug":"masa-sanatoasa-pentru-elevii-a-doua-scoli-din-ramnicu-sarat","status":"publish","type":"post","link":"https:\/\/analyse.optim.biz\/?p=2099629","title":{"rendered":"Mas\u0103 s\u0103n\u0103toas\u0103 pentru elevii a dou\u0103 \u0219coli din R\u00e2mnicu S\u0103rat"},"content":{"rendered":"<p>[analyse_image type=&#8221;featured&#8221; src=&#8221;https:\/\/blitz24.ro\/wp-content\/uploads\/2025\/09\/masa-sanatoasa-guvern.jpg&#8221;]<\/p>\n<div class=\"cm-entry-summary\">\n<p><strong>Zeci de elevi de la dou\u0103 unit\u0103\u021bi \u0219colare din R\u00e2mnicu\u00a0 S\u0103rat vor beneficia \u00een viitorul an \u0219colar de suport alimentar.\u00a0<\/strong><\/p>\n<p>Astfel, 117 de elevi de la \u0218coala Gimnazial\u0103 \u201dGheorghe Vernescu\u201d vor beneficia de pachet alimentar, al\u021bi 64 de pre\u0219colari vor primi o mas\u0103 cald\u0103, iar 395 de copii vor primi mas\u0103 \u00een regim de catering.<\/p>\n<p>De asemenea, 925 de elevi \u0219i pre\u0219colari din cadrul \u0218colii Gimnaziale Nr. 6 vor primi, fie un pachet alimentar, fie o mas\u0103 cald\u0103 \u00een regim catering.<\/p>\n<p>Valoarea zilnic\u0103 a pachetului alimentar este de 16,50 lei pentru fiecare copil, inclusiv TVA. Tipul de suport alimentar ce\u00a0 se\u00a0 va\u00a0\u00a0 acorda\u00a0\u00a0 pre\u0219colarilor \u0219i\u00a0 elevilor\u00a0 celor dou\u0103 \u0219coli,\u00a0\u00a0 \u00een\u00a0\u00a0 cadrul\u00a0\u00a0 Programului\u00a0\u00a0 na\u021bional\u00a0 \u201e Mas\u0103\u00a0\u00a0 s\u0103n\u0103toas\u0103 \u201d, a fost aprobat, recent, de Consiliul Local Municipal R\u00e2mnicu S\u0103rat.<\/p>\n<p>CITE\u0218TE \u0218I <a href=\"https:\/\/blitz24.ro\/stiri-judetene\/actualitate-stiri-judetene\/consiliul-judetean-buzau-organizeaza-tabere-pentru-copii-defavorizati\/\">Consiliul Jude\u021bean Buz\u0103u organizeaz\u0103 tabere pentru copii defavoriza\u021bi<\/a><\/p>\n<p>Programul na\u021bional \u201dMas\u0103\u00a0 S\u0103n\u0103toas\u0103\u201d se adreseaz\u0103 pre\u0219colarilor \u0219i elevilor prezen\u021bi la activit\u0103\u021bile didactice, pe perioada cursurilor, conform structurii anului \u0219colar. Suportul alimentar nu se acord\u0103 pe perioada vacan\u021belor sau \u00een zilele declarate prin lege ca zile nelucr\u0103toare.<\/p>\n<\/div>\n<p>[analyse_source url=&#8221;https:\/\/blitz24.ro\/stiri-locale\/actualitate\/masa-sanatoasa-pentru-elevii-a-doua-scoli-din-ramnicu-sarat\/&#8221;]<\/p>\n","protected":false},"excerpt":{"rendered":"<p>[analyse_image type=&#8221;featured&#8221; src=&#8221;https:\/\/blitz24.ro\/wp-content\/uploads\/2025\/09\/masa-sanatoasa-guvern.jpg&#8221;] Zeci de elevi de la dou\u0103 unit\u0103\u021bi \u0219colare din R\u00e2mnicu\u00a0 S\u0103rat vor beneficia \u00een viitorul an \u0219colar de suport alimentar.\u00a0 Astfel, 117 de elevi de la \u0218coala Gimnazial\u0103 \u201dGheorghe Vernescu\u201d vor beneficia de pachet alimentar, al\u021bi 64 de pre\u0219colari vor primi o mas\u0103 cald\u0103, iar 395 de copii vor primi mas\u0103 \u00een [&hellip;]<\/p>\n","protected":false},"author":1,"featured_media":0,"comment_status":"open","ping_status":"","sticky":false,"template":"","format":"standard","meta":{"footnotes":""},"categories":[2],"tags":[42,226],"class_list":["post-2099629","post","type-post","status-publish","format-standard","hentry","category-politics","tag-blitz24-ro","tag-crawlmanager"],"_links":{"self":[{"href":"https:\/\/analyse.optim.biz\/index.php?rest_route=\/wp\/v2\/posts\/2099629","targetHints":{"allow":["GET"]}}],"collection":[{"href":"https:\/\/analyse.optim.biz\/index.php?rest_route=\/wp\/v2\/posts"}],"about":[{"href":"https:\/\/analyse.optim.biz\/index.php?rest_route=\/wp\/v2\/types\/post"}],"author":[{"embeddable":true,"href":"https:\/\/analyse.optim.biz\/index.php?rest_route=\/wp\/v2\/users\/1"}],"replies":[{"embeddable":true,"href":"https:\/\/analyse.optim.biz\/index.php?rest_route=%2Fwp%2Fv2%2Fcomments&post=2099629"}],"version-history":[{"count":0,"href":"https:\/\/analyse.optim.biz\/index.php?rest_route=\/wp\/v2\/posts\/2099629\/revisions"}],"wp:attachment":[{"href":"https:\/\/analyse.optim.biz\/index.php?rest_route=%2Fwp%2Fv2%2Fmedia&parent=2099629"}],"wp:term":[{"taxonomy":"category","embeddable":true,"href":"https:\/\/analyse.optim.biz\/index.php?rest_route=%2Fwp%2Fv2%2Fcategories&post=2099629"},{"taxonomy":"post_tag","embeddable":true,"href":"https:\/\/analyse.optim.biz\/index.php?rest_route=%2Fwp%2Fv2%2Ftags&post=2099629"}],"curies":[{"name":"wp","href":"https:\/\/api.w.org\/{rel}","templated":true}]}}