{"id":2099429,"date":"2026-08-18T15:39:59","date_gmt":"2026-08-18T12:39:59","guid":{"rendered":"https:\/\/analyse.optim.biz\/?p=2099429"},"modified":"2026-08-18T15:39:59","modified_gmt":"2026-08-18T12:39:59","slug":"val-de-incendii-de-vegetatie-in-vaslui-6-incendii-intr-o-singura-zi-pe-16-august","status":"publish","type":"post","link":"https:\/\/analyse.optim.biz\/?p=2099429","title":{"rendered":"Val de incendii de vegeta\u021bie \u00een Vaslui: 6 incendii \u00eentr-o singur\u0103 zi, pe 16 august"},"content":{"rendered":"<p>[analyse_image type=&#8221;featured&#8221; src=&#8221;https:\/\/news-vaslui.ro\/wp-content\/uploads\/2026\/08\/featured-image-1787067589430.jpg&#8221;]<\/p>\n<div class=\"tdb-block-inner td-fix-index\"><a class=\"tdb-logo-a\" href=\"https:\/\/news-vaslui.ro\/\" title=\"logo\"><span class=\"tdb-logo-img-wrap\"><img decoding=\"async\" class=\"tdb-logo-img td-retina-data\" data-retina=\"https:\/\/news-vaslui.ro\/wp-content\/uploads\/2025\/12\/FACT-CHECKED-NEWS-VASLUI-2-300x85.png\" src=\"https:\/\/news-vaslui.ro\/wp-content\/uploads\/2025\/12\/FACT-CHECKED-NEWS-VASLUI-2-300x85.png\" alt=\"logo\" title=\"logo\"><\/span><\/a><\/div>\n<div class=\"tdb-block-inner td-fix-index\"><a class=\"tdb-logo-a\" href=\"https:\/\/news-vaslui.ro\/\" title=\"logo\"><span class=\"tdb-logo-img-wrap\"><img decoding=\"async\" class=\"tdb-logo-img td-retina-data\" data-retina=\"https:\/\/news-vaslui.ro\/wp-content\/uploads\/2025\/12\/FACT-CHECKED-NEWS-VASLUI-2-300x85.png\" src=\"https:\/\/news-vaslui.ro\/wp-content\/uploads\/2025\/12\/FACT-CHECKED-NEWS-VASLUI-2-300x85.png\" alt=\"logo\" title=\"logo\"><\/span><\/a><\/div>\n<div class=\"tdb-block-inner td-fix-index\"><a class=\"tdb-logo-a\" href=\"https:\/\/news-vaslui.ro\/\" title=\"logo\"><span class=\"tdb-logo-img-wrap\"><img decoding=\"async\" class=\"tdb-logo-img td-retina-data\" data-retina=\"https:\/\/news-vaslui.ro\/wp-content\/uploads\/2025\/12\/FACT-CHECKED-NEWS-VASLUI-2-300x85.png\" src=\"https:\/\/news-vaslui.ro\/wp-content\/uploads\/2025\/12\/FACT-CHECKED-NEWS-VASLUI-2-300x85.png\" alt=\"logo\" title=\"logo\"><\/span><\/a><\/div>\n<div class=\"tdb-block-inner td-fix-index\">\n<div class=\"tdb-head-date-txt\">mar\u021bi, august 18, 2026<\/div>\n<\/div>\n<div class=\"tdb-block-inner td-fix-index\">\n<div class=\"tdb-weather-deg-wrap\" data-block-uid=\"tdb_header_weather_uid\"><span class=\"tdb-weather-deg\">18.7<\/span><span class=\"tdb-weather-unit\">C<\/span><\/div>\n<div class=\"tdb-weather-city\">Vaslui<\/div>\n<\/div>\n<div class=\"tdb-block-inner td-fix-index\">\n<div class=\"tdb-drop-down-search\" aria-labelledby=\"td-header-search-button\">\n<div class=\"tdb-drop-down-search-inner\">\n<div class=\"tdb-search-form-inner\">\n<div class=\"tdb-head-search-placeholder\">type here&#8230;<\/div>\n<\/div>\n<\/div>\n<\/div>\n<\/div>\n<div class=\"tdb-block-inner td-fix-index\"><a class=\"tdb-logo-a\" href=\"https:\/\/news-vaslui.ro\/\" title=\"logo\"><span class=\"tdb-logo-img-wrap\"><img decoding=\"async\" class=\"tdb-logo-img td-retina-data\" data-retina=\"https:\/\/news-vaslui.ro\/wp-content\/uploads\/2025\/12\/FACT-CHECKED-NEWS-VASLUI-2-300x85.png\" src=\"https:\/\/news-vaslui.ro\/wp-content\/uploads\/2025\/12\/FACT-CHECKED-NEWS-VASLUI-2-300x85.png\" alt=\"Vaslui News\" title=\"logo\"><\/span><\/a><\/div>\n<div class=\"tdb-block-inner td-fix-index\"><img loading=\"lazy\" decoding=\"async\" width=\"1068\" height=\"712\" class=\"entry-thumb\" src=\"https:\/\/news-vaslui.ro\/wp-content\/uploads\/2026\/08\/featured-image-1787067589430-1068x712.jpg\" alt title=\"Featured Image\"><\/div>\n<div class=\"tdb-block-inner td-fix-index\"><span class=\"reading-time-number\">1<\/span><span class=\"tdb-minute-text\"> min.<\/span><span class=\"tdb-add-text\">Read<\/span><\/div>\n<div class=\"tdb-block-inner td-fix-index\">\n<h1 class=\"tdb-title-text\">Val de incendii de vegeta\u021bie \u00een Vaslui: 6 incendii \u00eentr-o singur\u0103 zi, pe 16 august<\/h1>\n<\/div>\n<div class=\"tdb-block-inner td-fix-index\"><a class=\"tdb-author-photo\" href=\"https:\/\/news-vaslui.ro\/author\/vasluidev\/\" title=\"News Vaslui\"><img decoding=\"async\" alt=\"News Vaslui\" src=\"https:\/\/secure.gravatar.com\/avatar\/7cd75f71af07ac3deeb6cda7fa3e40e8f10cbbf011f111ff652b3ec2cc663f22?s=96&amp;d=mm&amp;r=g\" class=\"avatar avatar-96 photo\" height=\"96\" width=\"96\" loading=\"lazy\"><\/a><\/p>\n<div class=\"tdb-author-name-wrap\"><span class=\"tdb-author-by\">By<\/span><a class=\"tdb-author-name\" href=\"https:\/\/news-vaslui.ro\/author\/vasluidev\/\">News Vaslui<\/a><\/div>\n<\/div>\n<div class=\"tdb-block-inner td-fix-index\"><time class=\"entry-date updated td-module-date\" datetime=\"2026-08-18T15:39:59+00:00\">18 august 2026<\/time><\/div>\n<div class=\"td_block_wrap tdb_single_content tdi_103 td-pb-border-top td_block_template_1 td-post-content tagdiv-type\" data-td-block-uid=\"tdi_103\">\n<div class=\"tdb-block-inner td-fix-index\">\n<div class=\"post-sources-section\">\n<h3>Surse<\/h3>\n<div class=\"sources-list\"><a href=\"https:\/\/vremeanoua.ro\/se-inmultesc-incendiile-de-vegetatie-in-cinci-minute-la-112-au-fost-anuntate-trei\" target=\"_blank\" rel=\"noopener\" class=\"source-item\"><\/p>\n<div class=\"source-thumb\"><img decoding=\"async\" src=\"https:\/\/news-vaslui.ro\/wp-content\/uploads\/2025\/12\/vremeanoua.png\" alt=\"Se \u00eenmul\u021besc incendiile de vegeta\u021bie: \u00een cinci minute, la 112, au fost...\" class=\"td-animation-stack-type0-2\"><\/div>\n<div class=\"source-info\"><span class=\"source-publication\">Vremea Noua<\/span><span class=\"source-title\">Se \u00eenmul\u021besc incendiile de vegeta\u021bie: \u00een cinci minute, la 112, au fost&#8230;<\/span><\/p>\n<p class=\"source-date\">17\/08\/2026<\/p>\n<\/div>\n<p><\/a><\/div>\n<\/div>\n<p>Jude\u021bul Vaslui a fost marcat duminic\u0103, 16 august, de un val de incendii de vegeta\u021bie, \u00eenregistr\u00e2ndu-se \u00een total 6 rafale de incendii ce au solicitat interven\u021bii ale pompierilor din mai multe deta\u0219amente. Primele trei solicit\u0103ri la 112 au venit \u00een intervalul de cinci minute, \u00een jurul orei 11:12, semnal\u00e2nd un \u00eenceput aglomerat pentru salvatori.<\/p>\n<p>Primul incident a izbucnit \u00een municipiul Vaslui, pe strada \u0218tefan cel Mare, iar Deta\u0219amentul de Pompieri Vaslui a intervenit cu dou\u0103 autospeciale de stingere \u0219i opt militari, lichid\u00e2nd aproximativ 100 mp de vegeta\u021bie \u0219i resturi menajere. Cel de-al doilea incendiu a fost declarat \u00een comuna Bogd\u0103ni\u021ba, la ora 11:19, unde echipajul Deta\u0219amentului de Pompieri B\u00e2rlad a intervenit cu o autospecial\u0103 de stingere \u0219i \u0219ase militari.<\/p>\n<p>Acolo focul se manifesta pe aproximativ 3 ha de vegeta\u021bie uscat\u0103, cu risc de propagare c\u0103tre patru gospod\u0103rii s\u0103te\u0219ti, motiv pentru care s-a solicitat sprijin suplimentar, aduc\u00e2nd \u00eenc\u0103 o autospecial\u0103 \u0219i cinci militari din B\u00e2rlad. De asemenea, un b\u0103rbat care a \u00eencercat s\u0103 sting\u0103 p\u00e2rjolul a inhalat fum, necesit\u00e2nd \u00eengrijiri medicale.<\/p>\n<p>\u00cen concluzie, \u00eentreaga zi a fost marcat\u0103 de interven\u021bii multiple ale pompierilor \u00een jude\u021b, ar\u0103t\u00e2nd o situa\u021bie de risc ridicat \u00een contextul sezonului uscat. Autorit\u0103\u021bile atrag aten\u021bia asupra necesit\u0103\u021bii respect\u0103rii regulilor de protec\u021bie \u00een timpul arderilor \u0219i al interven\u021biilor pentru a preveni extinderea incendiilor \u0219i a proteja locuin\u021bele din zon\u0103.<\/p>\n<\/div>\n<\/div>\n<div class=\"tdb-block-inner td-fix-index\">\n<div class=\"post-sources-section\">\n<h3>Surse<\/h3>\n<div class=\"sources-list\"><a href=\"https:\/\/vremeanoua.ro\/se-inmultesc-incendiile-de-vegetatie-in-cinci-minute-la-112-au-fost-anuntate-trei\" target=\"_blank\" rel=\"noopener\" class=\"source-item\"><\/p>\n<div class=\"source-thumb\"><img decoding=\"async\" src=\"https:\/\/news-vaslui.ro\/wp-content\/uploads\/2025\/12\/vremeanoua.png\" alt=\"Se \u00eenmul\u021besc incendiile de vegeta\u021bie: \u00een cinci minute, la 112, au fost...\" class=\"td-animation-stack-type0-2\"><\/div>\n<div class=\"source-info\"><span class=\"source-publication\">Vremea Noua<\/span><span class=\"source-title\">Se \u00eenmul\u021besc incendiile de vegeta\u021bie: \u00een cinci minute, la 112, au fost&#8230;<\/span><\/p>\n<p class=\"source-date\">17\/08\/2026<\/p>\n<\/div>\n<p><\/a><\/div>\n<\/div>\n<p>Jude\u021bul Vaslui a fost marcat duminic\u0103, 16 august, de un val de incendii de vegeta\u021bie, \u00eenregistr\u00e2ndu-se \u00een total 6 rafale de incendii ce au solicitat interven\u021bii ale pompierilor din mai multe deta\u0219amente. Primele trei solicit\u0103ri la 112 au venit \u00een intervalul de cinci minute, \u00een jurul orei 11:12, semnal\u00e2nd un \u00eenceput aglomerat pentru salvatori.<\/p>\n<p>Primul incident a izbucnit \u00een municipiul Vaslui, pe strada \u0218tefan cel Mare, iar Deta\u0219amentul de Pompieri Vaslui a intervenit cu dou\u0103 autospeciale de stingere \u0219i opt militari, lichid\u00e2nd aproximativ 100 mp de vegeta\u021bie \u0219i resturi menajere. Cel de-al doilea incendiu a fost declarat \u00een comuna Bogd\u0103ni\u021ba, la ora 11:19, unde echipajul Deta\u0219amentului de Pompieri B\u00e2rlad a intervenit cu o autospecial\u0103 de stingere \u0219i \u0219ase militari.<\/p>\n<p>Acolo focul se manifesta pe aproximativ 3 ha de vegeta\u021bie uscat\u0103, cu risc de propagare c\u0103tre patru gospod\u0103rii s\u0103te\u0219ti, motiv pentru care s-a solicitat sprijin suplimentar, aduc\u00e2nd \u00eenc\u0103 o autospecial\u0103 \u0219i cinci militari din B\u00e2rlad. De asemenea, un b\u0103rbat care a \u00eencercat s\u0103 sting\u0103 p\u00e2rjolul a inhalat fum, necesit\u00e2nd \u00eengrijiri medicale.<\/p>\n<p>\u00cen concluzie, \u00eentreaga zi a fost marcat\u0103 de interven\u021bii multiple ale pompierilor \u00een jude\u021b, ar\u0103t\u00e2nd o situa\u021bie de risc ridicat \u00een contextul sezonului uscat. Autorit\u0103\u021bile atrag aten\u021bia asupra necesit\u0103\u021bii respect\u0103rii regulilor de protec\u021bie \u00een timpul arderilor \u0219i al interven\u021biilor pentru a preveni extinderea incendiilor \u0219i a proteja locuin\u021bele din zon\u0103.<\/p>\n<\/div>\n<div class=\"tdb-block-inner td-fix-index\">\n<div class=\"tdb-next-post tdb-next-post-bg tdb-post-prev\"><span>Articolul precedent<\/span><\/p>\n<div class=\"td-module-container\">\n<div class=\"td-image-container\"><a class=\"td-image-wrap\" href=\"https:\/\/news-vaslui.ro\/drumul-strategic-barlad-laza-codaesti-blocat-in-proceduri-riscul-returnarii-a-20-de-milioane-de-euro-din-fonduri-ue\/\"><img decoding=\"async\" class=\"td-next-prev-image td-fix-index\" src=\"https:\/\/news-vaslui.ro\/wp-content\/uploads\/2026\/08\/featured-image-1787067578299-1068x712.jpg\"><\/a><\/div>\n<div class=\"next-prev-title\"><a href=\"https:\/\/news-vaslui.ro\/drumul-strategic-barlad-laza-codaesti-blocat-in-proceduri-riscul-returnarii-a-20-de-milioane-de-euro-din-fonduri-ue\/\">Drumul strategic B\u00e2rlad \u2013 Laza \u2013 Cod\u0103e\u0219ti, blocat \u00een proceduri: riscul return\u0103rii a 20 DE MILIOANE DE EURO din fonduri UE<\/a><\/div>\n<\/div>\n<\/div>\n<div class=\"tdb-next-post tdb-next-post-bg tdb-post-next\"><span>Articolul urm\u0103tor<\/span><\/p>\n<div class=\"td-module-container\">\n<div class=\"td-image-container\"><a class=\"td-image-wrap\" href=\"https:\/\/news-vaslui.ro\/directorul-ajofm-vaslui-marian-rosca-in-fata-restituirii-a-5-888-lei-dupa-concluziile-curtii-de-conturi\/\"><img decoding=\"async\" class=\"td-next-prev-image td-fix-index\" src=\"https:\/\/news-vaslui.ro\/wp-content\/uploads\/2026\/08\/featured-image-1787067604373-1068x712.jpg\"><\/a><\/div>\n<div class=\"next-prev-title\"><a href=\"https:\/\/news-vaslui.ro\/directorul-ajofm-vaslui-marian-rosca-in-fata-restituirii-a-5-888-lei-dupa-concluziile-curtii-de-conturi\/\">Directorul AJOFM Vaslui, Marian Ro\u0219ca, \u00een fa\u021ba restituirii a 5.888 LEI dup\u0103 concluziile Cur\u021bii de Conturi<\/a><\/div>\n<\/div>\n<\/div>\n<\/div>\n<div class=\"tdb-block-inner td-fix-index\"><a class=\"tdb-logo-a\" href=\"https:\/\/news-vaslui.ro\/\" title=\"logo\"><span class=\"tdb-logo-img-wrap\"><img decoding=\"async\" class=\"tdb-logo-img td-retina-data\" data-retina=\"https:\/\/news-vaslui.ro\/wp-content\/uploads\/2025\/12\/FACT-CHECKED-NEWS-VASLUI-2-300x85.png\" src=\"https:\/\/news-vaslui.ro\/wp-content\/uploads\/2025\/12\/FACT-CHECKED-NEWS-VASLUI-2-300x85.png\" alt=\"logo\" title=\"logo\"><\/span><\/a><\/div>\n<p>[analyse_source url=&#8221;https:\/\/news-vaslui.ro\/val-de-incendii-de-vegetatie-in-vaslui-6-incendii-intr-o-singura-zi-pe-16-august\/#new_tab&#8221;]<\/p>\n","protected":false},"excerpt":{"rendered":"<p>[analyse_image type=&#8221;featured&#8221; src=&#8221;https:\/\/news-vaslui.ro\/wp-content\/uploads\/2026\/08\/featured-image-1787067589430.jpg&#8221;] mar\u021bi, august 18, 2026 18.7C Vaslui type here&#8230; 1 min.Read Val de incendii de vegeta\u021bie \u00een Vaslui: 6 incendii \u00eentr-o singur\u0103 zi, pe 16 august ByNews Vaslui 18 august 2026 Surse Vremea NouaSe \u00eenmul\u021besc incendiile de vegeta\u021bie: \u00een cinci minute, la 112, au fost&#8230; 17\/08\/2026 Jude\u021bul Vaslui a fost marcat duminic\u0103, 16 [&hellip;]<\/p>\n","protected":false},"author":1,"featured_media":0,"comment_status":"open","ping_status":"","sticky":false,"template":"","format":"standard","meta":{"footnotes":""},"categories":[89],"tags":[226,217],"class_list":["post-2099429","post","type-post","status-publish","format-standard","hentry","category-romania","tag-crawlmanager","tag-vaslui-robo-stiri-ro"],"_links":{"self":[{"href":"https:\/\/analyse.optim.biz\/index.php?rest_route=\/wp\/v2\/posts\/2099429","targetHints":{"allow":["GET"]}}],"collection":[{"href":"https:\/\/analyse.optim.biz\/index.php?rest_route=\/wp\/v2\/posts"}],"about":[{"href":"https:\/\/analyse.optim.biz\/index.php?rest_route=\/wp\/v2\/types\/post"}],"author":[{"embeddable":true,"href":"https:\/\/analyse.optim.biz\/index.php?rest_route=\/wp\/v2\/users\/1"}],"replies":[{"embeddable":true,"href":"https:\/\/analyse.optim.biz\/index.php?rest_route=%2Fwp%2Fv2%2Fcomments&post=2099429"}],"version-history":[{"count":0,"href":"https:\/\/analyse.optim.biz\/index.php?rest_route=\/wp\/v2\/posts\/2099429\/revisions"}],"wp:attachment":[{"href":"https:\/\/analyse.optim.biz\/index.php?rest_route=%2Fwp%2Fv2%2Fmedia&parent=2099429"}],"wp:term":[{"taxonomy":"category","embeddable":true,"href":"https:\/\/analyse.optim.biz\/index.php?rest_route=%2Fwp%2Fv2%2Fcategories&post=2099429"},{"taxonomy":"post_tag","embeddable":true,"href":"https:\/\/analyse.optim.biz\/index.php?rest_route=%2Fwp%2Fv2%2Ftags&post=2099429"}],"curies":[{"name":"wp","href":"https:\/\/api.w.org\/{rel}","templated":true}]}}