{"id":2099380,"date":"2026-08-18T17:57:00","date_gmt":"2026-08-18T14:57:00","guid":{"rendered":"https:\/\/analyse.optim.biz\/?p=2099380"},"modified":"2026-08-18T17:57:00","modified_gmt":"2026-08-18T14:57:00","slug":"sefa-ccr-opinie-separata-in-cazul-amendamentului-fritz-voi-explica-de-ce-cred-ca-este-neconstitutional","status":"publish","type":"post","link":"https:\/\/analyse.optim.biz\/?p=2099380","title":{"rendered":"\u0218efa CCR, opinie separat\u0103 \u00een cazul \u201eamendamentului Fritz\u201d: \u201eVoi explica de ce cred c\u0103 este neconstitu\u021bional\u201d"},"content":{"rendered":"<p>[analyse_image type=&#8221;featured&#8221; src=&#8221;https:\/\/www.tion.ro\/wp-content\/uploads\/2026\/08\/+otf\/1200&#215;630\/uxq+HgQ+0Y3oX188__UwhDU5PVF9WRVJZX1NFQ1igLUh9ycAucObdR2LTB4ywNuLQabIZaz4Rmdd77VL9kvDLj45YQPPYxuDETsSURNUZSN6ee+MVnkRbFJIZ9yk=\/7075780siminatanasescu2-scaled.jpg&#8221;]<\/p>\n<article id=\"post-2336391\" class>\n<div class=\"entry-content clearfix\">\n<div class=\"enewsArticleContent\">\n<p>Declara\u021biile au fost f\u0103cute de Simina T\u0103n\u0103sescu \u00eentr-un interviu pentru \u201eCotidianul\u201d, preluat de News.ro, \u00een contextul controversei generate de decizia CCR privind prevederea care poate duce la \u00eencetarea mandatului unor ale\u0219i declara\u021bi incompatibili sau afla\u021bi \u00een conflict de interese.<\/p>\n<p>Curtea Constitu\u021bional\u0103 a decis, cu majoritate de voturi, c\u0103 dispozi\u021biile tranzitorii referitoare la aplicarea \u00een timp a regimului sanc\u021bionator pentru conflictele de interese \u0219i incompatibilit\u0103\u021bi nu contravin Constitu\u021biei.<\/p>\n<p>Pre\u0219edinta CCR precizeaz\u0103 \u00eens\u0103 c\u0103 nu a fost de acord cu aceast\u0103 solu\u021bie \u0219i c\u0103 va prezenta argumentele sale \u00eentr-o opinie separat\u0103.<\/p>\n<p>\u201ePot \u00eencerca s\u0103 explic de ce eu, personal, apreciez altfel \u015fi, \u00een opinia separat\u0103 pe care o voi redacta, voi explica de ce cred c\u0103 o astfel de prevedere este neconstitu\u0163ional\u0103. Nu pot argumenta \u00een sens contrar\u201d, a declarat Simina T\u0103n\u0103sescu.<\/p>\n<p>Potrivit \u0219efei CCR, decizia Cur\u021bii urmeaz\u0103 s\u0103 fie publicat\u0103 \u00een Monitorul Oficial, iar pe l\u00e2ng\u0103 opinia majoritar\u0103 vor exista \u0219i opinii separate ale unor judec\u0103tori constitu\u021bionali.<\/p>\n<p>\u201eEste o decizie a Cur\u0163ii, adoptat\u0103 de o majoritate, dar aceea este decizia Cur\u0163ii, care sus\u0163ine c\u0103 prevederea nu este neconstitu\u0163ional\u0103. Vor exista una, dou\u0103, trei, nu \u00eemi este clar \u00eenc\u0103 exact c\u00e2te, dar vor exista \u015fi opinii separate care vor sus\u0163ine contrariul\u201d, a explicat T\u0103n\u0103sescu.<\/p>\n<p>Primarul Timi\u0219oarei \u0219i liderul USR, Dominic Fritz, a anun\u021bat c\u0103 ia \u00een calcul sesizarea Cur\u021bii Europene a Drepturilor Omului, sus\u021bin\u00e2nd c\u0103 aplicarea noilor prevederi \u00een cazul s\u0103u ar \u00eenc\u0103lca principiul neretroactivit\u0103\u021bii legii.<\/p>\n<p>\u00centrebat\u0103 despre posibilul impact al unei eventuale hot\u0103r\u00e2ri CEDO, Simina T\u0103n\u0103sescu a precizat c\u0103 aceasta nu ar putea modifica direct decizia CCR.<\/p>\n<p>Potrivit pre\u0219edintei Cur\u021bii, o eventual\u0103 hot\u0103r\u00e2re a CEDO ar putea obliga \u00eens\u0103 statul rom\u00e2n la anumite m\u0103suri sau forme de repara\u021bie, \u00een func\u021bie de concluziile instan\u021bei europene.<\/p>\n<p>\u201eHot\u0103r\u00e2rea CEDO nu are cum s\u0103 aib\u0103 un impact direct, imediat, asupra deciziilor Cur\u0163ii. Aceste decizii ale Cur\u0163ii sunt definitive \u015fi sunt publicate \u00een Monitorul Oficial\u201d, a explicat T\u0103n\u0103sescu.<\/p>\n<p>CCR a stabilit c\u0103 prevederea contestat\u0103 este constitu\u021bional\u0103, apreciind c\u0103 reglementarea sanc\u021biunilor pentru conflicte de interese intr\u0103 \u00een marja de apreciere a legiuitorului.<\/p>\n<p>Judec\u0103torii constitu\u021bionali au considerat, cu majoritate de voturi, c\u0103 aplicarea \u00een timp a acestor sanc\u021biuni prin normele tranzitorii adoptate respect\u0103 articolul 15 alineatul (2) din Constitu\u021bie.<\/p>\n<p>Decizia este relevant\u0103 pentru Dominic Fritz, care are o decizie definitiv\u0103 privind un conflict de interese \u0219i ar putea ajunge s\u0103 \u00ee\u0219i piard\u0103 mandatul de primar al Timi\u0219oarei \u00een baza noilor prevederi.<\/p>\n<p>Opinia separat\u0103 a pre\u0219edintei CCR este a\u0219teptat\u0103 s\u0103 aduc\u0103 argumente juridice suplimentare \u00een privin\u021ba motivelor pentru care aceasta consider\u0103 c\u0103 prevederea ar fi trebuit declarat\u0103 neconstitu\u021bional\u0103.<\/p>\n<div class=\"fbShareLikeTwitterAndEmailContainer\">\n<div class=\"wrapper\">\n<div class=\"email\">\n<div id=\"mailto-pop\" class=\"pop-form pop-form-mailto\">\n<div class=\"pop-form-header\">\n<h4>Trimite articolul<\/h4>\n<p><a class=\"pop-form-close\">X<\/a><\/div>\n<\/div>\n<\/div>\n<\/div>\n<\/div>\n<div class=\"tagsContainer\">\n<div class=\"tagsLabel\">Taguri:<\/div>\n<div class=\"tags\">\n<div class=\"tag\"><a href=\"https:\/\/www.tion.ro\/cimke\/ccr\" rel=\"tag\"><span class=\"link\">CCR<\/span><span class=\"separator\">,<\/span><\/a><\/div>\n<div class=\"tag\"><a href=\"https:\/\/www.tion.ro\/cimke\/mandat-fritz\" rel=\"tag\"><span class=\"link\">mandat fritz<\/span><span class=\"separator\">,<\/span><\/a><\/div>\n<div class=\"tag\"><a href=\"https:\/\/www.tion.ro\/cimke\/simina-tanasescu\" rel=\"tag\"><span class=\"link\">Simina T\u0103n\u0103sescu<\/span><\/a><\/div>\n<\/div>\n<\/div>\n<div class=\"comments\">\n<div class=\"top\">\n<div class=\"commentsNumber\"><span class=\"number\">0<\/span><span class=\"text\">Comentarii<\/span><\/div>\n<\/div>\n<div class=\"center\">\n<div id=\"respond\" class=\"comment-respond\">\n<h3 id=\"reply-title\" class=\"comment-reply-title\"><small><a rel=\"nofollow\" id=\"cancel-comment-reply-link\" href=\"https:\/\/www.tion.ro\/romania\/sefa-ccr-opinie-separata-in-cazul-amendamentului-fritz-voi-explica-de-ce-cred-ca-este-neconstitutional-2336391\/#respond\">Cancel reply<\/a><\/small><\/h3>\n<p class=\"comment-notes\"><span id=\"email-notes\">Your email address will not be published.<\/span><span class=\"required-field-message\">Required fields are marked <span class=\"required\">*<\/span><\/span><\/p>\n<p class=\"commentFormComment\"><span id=\"commentFormCount\"><br \/>\n                            inca<br \/>\n                            <span id=\"countCommentText\">1000<\/span><br \/>\n                            caractere ramase<br \/>\n                        <\/span><\/p>\n<\/div>\n<\/div>\n<div class=\"bottom\">\n<p class=\"forumDisclaimerHuRo\">\n            Citi\u021bi principiile noastre de moderare <a href=\"https:\/\/www.tion.ro\/reguli-postare-comentarii\/\" target=\"_blank\">aici<\/a>!\n        <\/p>\n<\/div>\n<\/div>\n<\/div>\n<\/div>\n<\/article>\n<div class=\"entry-content clearfix\">\n<div class=\"enewsArticleContent\">\n<p>Declara\u021biile au fost f\u0103cute de Simina T\u0103n\u0103sescu \u00eentr-un interviu pentru \u201eCotidianul\u201d, preluat de News.ro, \u00een contextul controversei generate de decizia CCR privind prevederea care poate duce la \u00eencetarea mandatului unor ale\u0219i declara\u021bi incompatibili sau afla\u021bi \u00een conflict de interese.<\/p>\n<p>Curtea Constitu\u021bional\u0103 a decis, cu majoritate de voturi, c\u0103 dispozi\u021biile tranzitorii referitoare la aplicarea \u00een timp a regimului sanc\u021bionator pentru conflictele de interese \u0219i incompatibilit\u0103\u021bi nu contravin Constitu\u021biei.<\/p>\n<p>Pre\u0219edinta CCR precizeaz\u0103 \u00eens\u0103 c\u0103 nu a fost de acord cu aceast\u0103 solu\u021bie \u0219i c\u0103 va prezenta argumentele sale \u00eentr-o opinie separat\u0103.<\/p>\n<p>\u201ePot \u00eencerca s\u0103 explic de ce eu, personal, apreciez altfel \u015fi, \u00een opinia separat\u0103 pe care o voi redacta, voi explica de ce cred c\u0103 o astfel de prevedere este neconstitu\u0163ional\u0103. Nu pot argumenta \u00een sens contrar\u201d, a declarat Simina T\u0103n\u0103sescu.<\/p>\n<p>Potrivit \u0219efei CCR, decizia Cur\u021bii urmeaz\u0103 s\u0103 fie publicat\u0103 \u00een Monitorul Oficial, iar pe l\u00e2ng\u0103 opinia majoritar\u0103 vor exista \u0219i opinii separate ale unor judec\u0103tori constitu\u021bionali.<\/p>\n<p>\u201eEste o decizie a Cur\u0163ii, adoptat\u0103 de o majoritate, dar aceea este decizia Cur\u0163ii, care sus\u0163ine c\u0103 prevederea nu este neconstitu\u0163ional\u0103. Vor exista una, dou\u0103, trei, nu \u00eemi este clar \u00eenc\u0103 exact c\u00e2te, dar vor exista \u015fi opinii separate care vor sus\u0163ine contrariul\u201d, a explicat T\u0103n\u0103sescu.<\/p>\n<p>Primarul Timi\u0219oarei \u0219i liderul USR, Dominic Fritz, a anun\u021bat c\u0103 ia \u00een calcul sesizarea Cur\u021bii Europene a Drepturilor Omului, sus\u021bin\u00e2nd c\u0103 aplicarea noilor prevederi \u00een cazul s\u0103u ar \u00eenc\u0103lca principiul neretroactivit\u0103\u021bii legii.<\/p>\n<p>\u00centrebat\u0103 despre posibilul impact al unei eventuale hot\u0103r\u00e2ri CEDO, Simina T\u0103n\u0103sescu a precizat c\u0103 aceasta nu ar putea modifica direct decizia CCR.<\/p>\n<p>Potrivit pre\u0219edintei Cur\u021bii, o eventual\u0103 hot\u0103r\u00e2re a CEDO ar putea obliga \u00eens\u0103 statul rom\u00e2n la anumite m\u0103suri sau forme de repara\u021bie, \u00een func\u021bie de concluziile instan\u021bei europene.<\/p>\n<p>\u201eHot\u0103r\u00e2rea CEDO nu are cum s\u0103 aib\u0103 un impact direct, imediat, asupra deciziilor Cur\u0163ii. Aceste decizii ale Cur\u0163ii sunt definitive \u015fi sunt publicate \u00een Monitorul Oficial\u201d, a explicat T\u0103n\u0103sescu.<\/p>\n<p>CCR a stabilit c\u0103 prevederea contestat\u0103 este constitu\u021bional\u0103, apreciind c\u0103 reglementarea sanc\u021biunilor pentru conflicte de interese intr\u0103 \u00een marja de apreciere a legiuitorului.<\/p>\n<p>Judec\u0103torii constitu\u021bionali au considerat, cu majoritate de voturi, c\u0103 aplicarea \u00een timp a acestor sanc\u021biuni prin normele tranzitorii adoptate respect\u0103 articolul 15 alineatul (2) din Constitu\u021bie.<\/p>\n<p>Decizia este relevant\u0103 pentru Dominic Fritz, care are o decizie definitiv\u0103 privind un conflict de interese \u0219i ar putea ajunge s\u0103 \u00ee\u0219i piard\u0103 mandatul de primar al Timi\u0219oarei \u00een baza noilor prevederi.<\/p>\n<p>Opinia separat\u0103 a pre\u0219edintei CCR este a\u0219teptat\u0103 s\u0103 aduc\u0103 argumente juridice suplimentare \u00een privin\u021ba motivelor pentru care aceasta consider\u0103 c\u0103 prevederea ar fi trebuit declarat\u0103 neconstitu\u021bional\u0103.<\/p>\n<div class=\"fbShareLikeTwitterAndEmailContainer\">\n<div class=\"wrapper\">\n<div class=\"email\">\n<div id=\"mailto-pop\" class=\"pop-form pop-form-mailto\">\n<div class=\"pop-form-header\">\n<h4>Trimite articolul<\/h4>\n<p><a class=\"pop-form-close\">X<\/a><\/div>\n<\/div>\n<\/div>\n<\/div>\n<\/div>\n<div class=\"tagsContainer\">\n<div class=\"tagsLabel\">Taguri:<\/div>\n<div class=\"tags\">\n<div class=\"tag\"><a href=\"https:\/\/www.tion.ro\/cimke\/ccr\" rel=\"tag\"><span class=\"link\">CCR<\/span><span class=\"separator\">,<\/span><\/a><\/div>\n<div class=\"tag\"><a href=\"https:\/\/www.tion.ro\/cimke\/mandat-fritz\" rel=\"tag\"><span class=\"link\">mandat fritz<\/span><span class=\"separator\">,<\/span><\/a><\/div>\n<div class=\"tag\"><a href=\"https:\/\/www.tion.ro\/cimke\/simina-tanasescu\" rel=\"tag\"><span class=\"link\">Simina T\u0103n\u0103sescu<\/span><\/a><\/div>\n<\/div>\n<\/div>\n<div class=\"comments\">\n<div class=\"top\">\n<div class=\"commentsNumber\"><span class=\"number\">0<\/span><span class=\"text\">Comentarii<\/span><\/div>\n<\/div>\n<div class=\"center\">\n<div id=\"respond\" class=\"comment-respond\">\n<h3 id=\"reply-title\" class=\"comment-reply-title\"><small><a rel=\"nofollow\" id=\"cancel-comment-reply-link\" href=\"https:\/\/www.tion.ro\/romania\/sefa-ccr-opinie-separata-in-cazul-amendamentului-fritz-voi-explica-de-ce-cred-ca-este-neconstitutional-2336391\/#respond\">Cancel reply<\/a><\/small><\/h3>\n<p class=\"comment-notes\"><span id=\"email-notes\">Your email address will not be published.<\/span><span class=\"required-field-message\">Required fields are marked <span class=\"required\">*<\/span><\/span><\/p>\n<p class=\"commentFormComment\"><span id=\"commentFormCount\"><br \/>\n                            inca<br \/>\n                            <span id=\"countCommentText\">1000<\/span><br \/>\n                            caractere ramase<br \/>\n                        <\/span><\/p>\n<\/div>\n<\/div>\n<div class=\"bottom\">\n<p class=\"forumDisclaimerHuRo\">\n            Citi\u021bi principiile noastre de moderare <a href=\"https:\/\/www.tion.ro\/reguli-postare-comentarii\/\" target=\"_blank\">aici<\/a>!\n        <\/p>\n<\/div>\n<\/div>\n<\/div>\n<\/div>\n<p>[analyse_source url=&#8221;https:\/\/www.tion.ro\/romania\/sefa-ccr-opinie-separata-in-cazul-amendamentului-fritz-voi-explica-de-ce-cred-ca-este-neconstitutional-2336391\/&#8221;]<\/p>\n","protected":false},"excerpt":{"rendered":"<p>[analyse_image type=&#8221;featured&#8221; src=&#8221;https:\/\/www.tion.ro\/wp-content\/uploads\/2026\/08\/+otf\/1200&#215;630\/uxq+HgQ+0Y3oX188__UwhDU5PVF9WRVJZX1NFQ1igLUh9ycAucObdR2LTB4ywNuLQabIZaz4Rmdd77VL9kvDLj45YQPPYxuDETsSURNUZSN6ee+MVnkRbFJIZ9yk=\/7075780siminatanasescu2-scaled.jpg&#8221;] Declara\u021biile au fost f\u0103cute de Simina T\u0103n\u0103sescu \u00eentr-un interviu pentru \u201eCotidianul\u201d, preluat de News.ro, \u00een contextul controversei generate de decizia CCR privind prevederea care poate duce la \u00eencetarea mandatului unor ale\u0219i declara\u021bi incompatibili sau afla\u021bi \u00een conflict de interese. Curtea Constitu\u021bional\u0103 a decis, cu majoritate de voturi, c\u0103 dispozi\u021biile tranzitorii referitoare la [&hellip;]<\/p>\n","protected":false},"author":1,"featured_media":0,"comment_status":"open","ping_status":"","sticky":false,"template":"","format":"standard","meta":{"footnotes":""},"categories":[89],"tags":[226,191],"class_list":["post-2099380","post","type-post","status-publish","format-standard","hentry","category-romania","tag-crawlmanager","tag-tion-ro"],"_links":{"self":[{"href":"https:\/\/analyse.optim.biz\/index.php?rest_route=\/wp\/v2\/posts\/2099380","targetHints":{"allow":["GET"]}}],"collection":[{"href":"https:\/\/analyse.optim.biz\/index.php?rest_route=\/wp\/v2\/posts"}],"about":[{"href":"https:\/\/analyse.optim.biz\/index.php?rest_route=\/wp\/v2\/types\/post"}],"author":[{"embeddable":true,"href":"https:\/\/analyse.optim.biz\/index.php?rest_route=\/wp\/v2\/users\/1"}],"replies":[{"embeddable":true,"href":"https:\/\/analyse.optim.biz\/index.php?rest_route=%2Fwp%2Fv2%2Fcomments&post=2099380"}],"version-history":[{"count":0,"href":"https:\/\/analyse.optim.biz\/index.php?rest_route=\/wp\/v2\/posts\/2099380\/revisions"}],"wp:attachment":[{"href":"https:\/\/analyse.optim.biz\/index.php?rest_route=%2Fwp%2Fv2%2Fmedia&parent=2099380"}],"wp:term":[{"taxonomy":"category","embeddable":true,"href":"https:\/\/analyse.optim.biz\/index.php?rest_route=%2Fwp%2Fv2%2Fcategories&post=2099380"},{"taxonomy":"post_tag","embeddable":true,"href":"https:\/\/analyse.optim.biz\/index.php?rest_route=%2Fwp%2Fv2%2Ftags&post=2099380"}],"curies":[{"name":"wp","href":"https:\/\/api.w.org\/{rel}","templated":true}]}}