{"id":2099379,"date":"2026-08-18T15:18:16","date_gmt":"2026-08-18T12:18:16","guid":{"rendered":"https:\/\/analyse.optim.biz\/?p=2099379"},"modified":"2026-08-18T15:18:16","modified_gmt":"2026-08-18T12:18:16","slug":"12-strazi-din-gataia-intra-in-modernizare-cj-timis-finanteaza-lucrarile-cu-74-milioane-de-lei","status":"publish","type":"post","link":"https:\/\/analyse.optim.biz\/?p=2099379","title":{"rendered":"12 str\u0103zi din G\u0103taia intr\u0103 \u00een modernizare. CJ Timi\u0219 finan\u021beaz\u0103 lucr\u0103rile cu 7,4 milioane de lei"},"content":{"rendered":"<p>[analyse_image type=&#8221;featured&#8221; src=&#8221;https:\/\/orasul-timisoara.ro\/wp-content\/uploads\/2026\/08\/778291789_1306329722557601_4819524365300656511_n.jpg&#8221;]<\/p>\n<article id=\"post-40319\" class=\"td-post-template-7 post-40319 post type-post status-publish format-standard has-post-thumbnail category-administratie category-featured category-investitii-in-timisoara category-stiri-timisoara tag-administratie-locala-2 tag-alfred-simonis tag-asfaltare-gataia tag-consiliul-judetean-timis-2 tag-gataia-2 tag-infrastructura-rutiera tag-infrastructura-timis tag-investitii-timis-2 tag-judetul-timis-2 tag-modernizare-strazi tag-raul-cozarov tag-strazi-gataia td-container-wrap\">\n<div class=\"td-full-screen-header-image-wrap\">\n<div class=\"td-container td-post-header\">\n<div class=\"td-crumb-container\">\n<div class=\"entry-crumbs\"><span><a title=\"Vede\u021bi toate articolele \u00een Administra\u021bie local\u0103\" class=\"entry-crumb\" href=\"https:\/\/orasul-timisoara.ro\/local-category\/administratie\/\">Administra\u021bie local\u0103<\/a><\/span><span class=\"td-bred-no-url-last\">12 str\u0103zi din G\u0103taia intr\u0103 \u00een modernizare. CJ Timi\u0219 finan\u021beaz\u0103 lucr\u0103rile cu&#8230;<\/span><\/div>\n<\/div>\n<div class=\"td-post-header-holder\">\n<div class=\"td-parallax-header\">\n<header class=\"td-post-title\">\n<ul class=\"td-category\">\n<li class=\"entry-category\"><a href=\"https:\/\/orasul-timisoara.ro\/local-category\/administratie\/\">Administra\u021bie local\u0103<\/a><\/li>\n<li class=\"entry-category\"><a href=\"https:\/\/orasul-timisoara.ro\/local-category\/investitii-in-timisoara\/\">Investitii in Timisoara<\/a><\/li>\n<li class=\"entry-category\"><a href=\"https:\/\/orasul-timisoara.ro\/local-category\/stiri-timisoara\/\">\u0218tiri Locale<\/a><\/li>\n<\/ul>\n<h1 class=\"entry-title\">12 str\u0103zi din G\u0103taia intr\u0103 \u00een modernizare. CJ Timi\u0219 finan\u021beaz\u0103 lucr\u0103rile cu 7,4 milioane de lei<\/h1>\n<div class=\"td-module-meta-info\">\n<div class=\"td-post-author-name\">\n<div class=\"td-author-by\">De c\u0103tre<\/div>\n<p><a href=\"https:\/\/orasul-timisoara.ro\/author\/timisoara\/\">redactia<\/a><\/p>\n<div class=\"td-author-line\"> &#8211; <\/div>\n<\/div>\n<p><span class=\"td-post-date\"><time class=\"entry-date updated td-module-date\" datetime=\"2026-08-18T18:18:16+03:00\">18\/08\/2026<\/time><\/span><\/div>\n<\/header>\n<\/div>\n<\/div>\n<\/div>\n<div id=\"td-full-screen-header-image\" class=\"td-image-gradient-style7\"><img decoding=\"async\" class=\"td-backstretch\" src=\"https:\/\/orasul-timisoara.ro\/wp-content\/uploads\/2026\/08\/778291789_1306329722557601_4819524365300656511_n.jpg\"><\/div>\n<\/div>\n<div class=\"td-container\">\n<div class=\"td-pb-row\">\n<div class=\"td-pb-span8 td-main-content\" role=\"main\">\n<div class=\"td-ss-main-content\">\n<div class=\"td-post-sharing-top\">\n<div class=\"td-post-sharing-classic\"><iframe title=\"topFacebookLike\" frameborder src=\"https:\/\/www.facebook.com\/plugins\/like.php?href=https:\/\/orasul-timisoara.ro\/local-40319\/&amp;layout=button_count&amp;show_faces=false&amp;width=105&amp;action=like&amp;colorscheme=light&amp;height=21\"><\/iframe><\/div>\n<div id=\"td_social_sharing_article_top\" class=\"td-post-sharing td-ps-bg td-ps-notext td-post-sharing-style1 \">\n<div class=\"td-post-sharing-visible\"><a class=\"td-social-sharing-button td-social-sharing-button-js td-social-network td-social-facebook\" href=\"https:\/\/www.facebook.com\/sharer.php?u=https%3A%2F%2Forasul-timisoara.ro%2Flocal-40319%2F\" title=\"Facebook\"><\/p>\n<div class=\"td-social-but-text\">Facebook<\/div>\n<p><\/a><a class=\"td-social-sharing-button td-social-sharing-button-js td-social-network td-social-twitter\" href=\"https:\/\/twitter.com\/intent\/tweet?text=12+str%C4%83zi+din+G%C4%83taia+intr%C4%83+%C3%AEn+modernizare.+CJ+Timi%C8%99+finan%C8%9Beaz%C4%83+lucr%C4%83rile+cu+7%2C4+milioane+de+lei&amp;url=https%3A%2F%2Forasul-timisoara.ro%2Flocal-40319%2F&amp;via=orasultm\" title=\"Twitter\"><\/p>\n<div class=\"td-social-but-text\">Twitter<\/div>\n<p><\/a><a class=\"td-social-sharing-button td-social-sharing-button-js td-social-network td-social-whatsapp\" href=\"https:\/\/api.whatsapp.com\/send?text=12+str%C4%83zi+din+G%C4%83taia+intr%C4%83+%C3%AEn+modernizare.+CJ+Timi%C8%99+finan%C8%9Beaz%C4%83+lucr%C4%83rile+cu+7%2C4+milioane+de+lei%20%0A%0A%20https:\/\/orasul-timisoara.ro\/local-40319\/\" title=\"WhatsApp\"><\/p>\n<div class=\"td-social-but-text\">WhatsApp<\/div>\n<p><\/a><a class=\"td-social-sharing-button td-social-sharing-button-js td-social-network td-social-linkedin\" href=\"https:\/\/www.linkedin.com\/shareArticle?mini=true&amp;url=https:\/\/orasul-timisoara.ro\/local-40319\/&amp;title=12+str%C4%83zi+din+G%C4%83taia+intr%C4%83+%C3%AEn+modernizare.+CJ+Timi%C8%99+finan%C8%9Beaz%C4%83+lucr%C4%83rile+cu+7%2C4+milioane+de+lei\" title=\"Linkedin\"><\/p>\n<div class=\"td-social-but-text\">Linkedin<\/div>\n<p><\/a><a class=\"td-social-sharing-button td-social-sharing-button-js td-social-network td-social-reddit\" href=\"https:\/\/reddit.com\/submit?url=https:\/\/orasul-timisoara.ro\/local-40319\/&amp;title=12+str%C4%83zi+din+G%C4%83taia+intr%C4%83+%C3%AEn+modernizare.+CJ+Timi%C8%99+finan%C8%9Beaz%C4%83+lucr%C4%83rile+cu+7%2C4+milioane+de+lei\" title=\"ReddIt\"><\/p>\n<div class=\"td-social-but-text\">ReddIt<\/div>\n<p><\/a><a class=\"td-social-sharing-button td-social-sharing-button-js td-social-network td-social-mail\" href=\"mailto:?subject=12%20str%C4%83zi%20din%20G%C4%83taia%20intr%C4%83%20%C3%AEn%20modernizare.%20CJ%20Timi%C8%99%20finan%C8%9Beaz%C4%83%20lucr%C4%83rile%20cu%207,4%20milioane%20de%20lei&amp;body=https:\/\/orasul-timisoara.ro\/local-40319\/\" title=\"Email\"><\/p>\n<div class=\"td-social-but-text\">Email<\/div>\n<p><\/a><a class=\"td-social-sharing-button td-social-sharing-button-js td-social-network td-social-print\" href=\"https:\/\/orasul-timisoara.ro\/local-40319\/\" title=\"Imprimare\"><\/p>\n<div class=\"td-social-but-text\">Imprimare<\/div>\n<p><\/a><\/div>\n<\/div>\n<\/div>\n<div class=\"td-post-content tagdiv-type\">\n<p class=\"wp-block-paragraph\">G\u0103taia intr\u0103 \u00eentr-un amplu program de modernizare a infrastructurii rutiere. Consiliul Jude\u021bean Timi\u0219 \u0219i Prim\u0103ria G\u0103taia au predat amplasamentul \u0219i au dat ordinul de \u00eencepere pentru lucr\u0103rile de asfaltare a 12 str\u0103zi din ora\u0219, proiectul viz\u00e2nd o lungime total\u0103 de 6,8 kilometri.<\/p>\n<p class=\"wp-block-paragraph\">Investi\u021bia este realizat\u0103 \u00een baza unui parteneriat \u00eentre Consiliul Jude\u021bean Timi\u0219 \u0219i administra\u021bia local\u0103 din G\u0103taia. CJ Timi\u0219 contribuie cu 7,4 milioane de lei, iar lucr\u0103rile au un termen contractual de finalizare de 12 luni. Potrivit pre\u0219edintelui CJ Timi\u0219, Alfred Simonis, constructorul estimeaz\u0103 c\u0103 asfaltarea ar putea fi \u00eencheiat\u0103 \u00eenaintea termenului prev\u0103zut \u00een contract.<\/p>\n<h2 class=\"wp-block-heading\">\u00cencep lucr\u0103rile de asfaltare a 12 str\u0103zi din G\u0103taia<\/h2>\n<p class=\"wp-block-paragraph\">Ordinul de \u00eencepere a lucr\u0103rilor a fost emis dup\u0103 ce amplasamentul a fost predat constructorului. Proiectul prevede modernizarea a 12 str\u0103zi, cu o lungime cumulat\u0103 de 6,8 kilometri, interven\u021bia urm\u00e2nd s\u0103 \u00eembun\u0103t\u0103\u021beasc\u0103 infrastructura rutier\u0103 din ora\u0219.<\/p>\n<p class=\"wp-block-paragraph\">Alfred Simonis a precizat c\u0103 proiectul a fost stabilit \u00een urma unor discu\u021bii purtate cu primarul ora\u0219ului G\u0103taia, Raul Cozarov. Priorit\u0103\u021bile administra\u021biei locale au fost stabilite \u00een urm\u0103 cu c\u00e2teva luni, iar ulterior cele dou\u0103 administra\u021bii au \u00eencheiat parteneriatul care st\u0103 la baza investi\u021biei.<\/p>\n<h2 class=\"wp-block-heading\">CJ Timi\u0219 contribuie cu 7,4 milioane de lei<\/h2>\n<p class=\"wp-block-paragraph\">Consiliul Jude\u021bean Timi\u0219 aloc\u0103 7,4 milioane de lei pentru acest proiect de modernizare a infrastructurii rutiere din G\u0103taia.<\/p>\n<p class=\"wp-block-paragraph\">Potrivit lui Alfred Simonis, \u00eentre semnarea parteneriatului \u0219i \u00eenceperea efectiv\u0103 a lucr\u0103rilor au trecut aproximativ dou\u0103 luni. Administra\u021bia jude\u021bean\u0103 sus\u021bine c\u0103 acest model de colaborare permite accelerarea investi\u021biilor necesare \u00een localit\u0103\u021bile din jude\u021b.<\/p>\n<p class=\"wp-block-paragraph\">Termenul prev\u0103zut pentru finalizarea lucr\u0103rilor este de 12 luni. Pre\u0219edintele CJ Timi\u0219 afirm\u0103 \u00eens\u0103 c\u0103 reprezentan\u021bii constructorului au transmis c\u0103 lucr\u0103rile de asfaltare ar putea fi \u00eencheiate mai devreme.<\/p>\n<h2 class=\"wp-block-heading\">Proiectul de la G\u0103taia, parte dintr-o serie de investi\u021bii locale<\/h2>\n<p class=\"wp-block-paragraph\">Lucr\u0103rile de infrastructur\u0103 rutier\u0103 de la G\u0103taia fac parte dintr-un program mai amplu de colaborare \u00eentre Consiliul Jude\u021bean Timi\u0219 \u0219i administra\u021biile locale.<\/p>\n<p class=\"wp-block-paragraph\">Alfred Simonis sus\u021bine c\u0103, \u00een ultimele luni, au fost semnate 37 de parteneriate cu prim\u0103rii din jude\u021b pentru proiecte din domenii precum infrastructura rutier\u0103, educa\u021bia, s\u0103n\u0103tatea, sportul \u0219i cultura.<\/p>\n<p class=\"wp-block-paragraph\">Aceste proiecte se afl\u0103 \u00een etape diferite de implementare. Unele sunt \u00een faza de proiectare sau licita\u021bie, \u00een timp ce altele au ajuns deja la execu\u021bie sau recep\u021bie.<\/p>\n<h2 class=\"wp-block-heading\">Investi\u021bii \u00een infrastructura din jude\u021bul Timi\u0219<\/h2>\n<p class=\"wp-block-paragraph\">Printre proiectele men\u021bionate de pre\u0219edintele CJ Timi\u0219 se num\u0103r\u0103 \u0219i modernizarea \u0218colii din Dude\u0219tii Noi, investi\u021bie care a fost finalizat\u0103. \u00cen cazul G\u0103taiei, lucr\u0103rile intr\u0103 acum \u00een etapa de execu\u021bie.<\/p>\n<p class=\"wp-block-paragraph\">Un alt proiect indicat de Simonis este stadionul \u201eEroii Timi\u0219oarei\u201d, care se apropie de recep\u021bie. Celelalte parteneriate \u00eencheiate cu administra\u021biile locale se afl\u0103, \u00een func\u021bie de proiect, \u00een faza de licita\u021bie sau de proiectare.<\/p>\n<h2 class=\"wp-block-heading\">Alfred Simonis: \u201eInvestim \u00een tot jude\u021bul\u201d<\/h2>\n<p class=\"wp-block-paragraph\">Pre\u0219edintele Consiliului Jude\u021bean Timi\u0219 afirm\u0103 c\u0103 investi\u021biile sunt realizate indiferent de apartenen\u021ba politic\u0103 a primarilor.<\/p>\n<p class=\"wp-block-paragraph\">\u201eIndiferent de culoarea politic\u0103 a primarilor, investim \u00een tot jude\u021bul\u201d, a transmis Alfred Simonis, subliniind c\u0103 parteneriatele administra\u021biei jude\u021bene vizeaz\u0103 localit\u0103\u021bi conduse de primari cu orient\u0103ri politice diferite.<\/p>\n<p class=\"wp-block-paragraph\">\u00cen cazul G\u0103taiei, obiectivul imediat este modernizarea celor 12 str\u0103zi incluse \u00een proiect \u0219i finalizarea lucr\u0103rilor \u00eentr-un interval c\u00e2t mai scurt.<\/p>\n<h2 class=\"wp-block-heading\">Modernizarea str\u0103zilor din G\u0103taia intr\u0103 \u00een execu\u021bie<\/h2>\n<p class=\"wp-block-paragraph\">Prin demararea lucr\u0103rilor, proiectul de modernizare a infrastructurii rutiere din G\u0103taia trece de la etapa administrativ\u0103 \u0219i de preg\u0103tire la execu\u021bia propriu-zis\u0103. Cei 6,8 kilometri de str\u0103zi inclu\u0219i \u00een investi\u021bie urmeaz\u0103 s\u0103 fie moderniza\u021bi \u00een cadrul contractului cu termen de 12 luni.<\/p>\n<p class=\"wp-block-paragraph\">Investi\u021bia este una dintre cele 37 de colabor\u0103ri anun\u021bate de Consiliul Jude\u021bean Timi\u0219 \u00een ultimele luni, administra\u021bia jude\u021bean\u0103 urm\u0103rind realizarea unor proiecte \u00een mai multe domenii \u0219i localit\u0103\u021bi ale jude\u021bului.<\/p>\n<\/div>\n<footer>\n<div class=\"td-post-source-tags\">\n<ul class=\"td-tags td-post-small-box clearfix\">\n<li><span>ETICHETE<\/span><\/li>\n<li><a href=\"https:\/\/orasul-timisoara.ro\/local-tag\/administratie-locala-2\/\">administra\u021bie local\u0103<\/a><\/li>\n<li><a href=\"https:\/\/orasul-timisoara.ro\/local-tag\/alfred-simonis\/\">alfred simonis<\/a><\/li>\n<li><a href=\"https:\/\/orasul-timisoara.ro\/local-tag\/asfaltare-gataia\/\">asfaltare G\u0103taia<\/a><\/li>\n<li><a href=\"https:\/\/orasul-timisoara.ro\/local-tag\/consiliul-judetean-timis-2\/\">Consiliul Jude\u021bean Timi\u0219<\/a><\/li>\n<li><a href=\"https:\/\/orasul-timisoara.ro\/local-tag\/gataia-2\/\">G\u0103taia<\/a><\/li>\n<li><a href=\"https:\/\/orasul-timisoara.ro\/local-tag\/infrastructura-rutiera\/\">infrastructur\u0103 rutier\u0103<\/a><\/li>\n<li><a href=\"https:\/\/orasul-timisoara.ro\/local-tag\/infrastructura-timis\/\">infrastructur\u0103 Timi\u0219<\/a><\/li>\n<li><a href=\"https:\/\/orasul-timisoara.ro\/local-tag\/investitii-timis-2\/\">investi\u021bii Timi\u0219<\/a><\/li>\n<li><a href=\"https:\/\/orasul-timisoara.ro\/local-tag\/judetul-timis-2\/\">jude\u021bul Timi\u0219<\/a><\/li>\n<li><a href=\"https:\/\/orasul-timisoara.ro\/local-tag\/modernizare-strazi\/\">modernizare str\u0103zi<\/a><\/li>\n<li><a href=\"https:\/\/orasul-timisoara.ro\/local-tag\/raul-cozarov\/\">Raul Cozarov<\/a><\/li>\n<li><a href=\"https:\/\/orasul-timisoara.ro\/local-tag\/strazi-gataia\/\">str\u0103zi G\u0103taia<\/a><\/li>\n<\/ul>\n<\/div>\n<div class=\"td-post-sharing-bottom\">\n<div class=\"td-post-sharing-classic\"><iframe title=\"bottomFacebookLike\" frameborder src=\"https:\/\/www.facebook.com\/plugins\/like.php?href=https:\/\/orasul-timisoara.ro\/local-40319\/&amp;layout=button_count&amp;show_faces=false&amp;width=105&amp;action=like&amp;colorscheme=light&amp;height=21\"><\/iframe><\/div>\n<div id=\"td_social_sharing_article_bottom\" class=\"td-post-sharing td-ps-bg td-ps-notext td-post-sharing-style1 \">\n<div class=\"td-post-sharing-visible\"><a class=\"td-social-sharing-button td-social-sharing-button-js td-social-network td-social-facebook\" href=\"https:\/\/www.facebook.com\/sharer.php?u=https%3A%2F%2Forasul-timisoara.ro%2Flocal-40319%2F\" title=\"Facebook\"><\/p>\n<div class=\"td-social-but-text\">Facebook<\/div>\n<p><\/a><a class=\"td-social-sharing-button td-social-sharing-button-js td-social-network td-social-twitter\" href=\"https:\/\/twitter.com\/intent\/tweet?text=12+str%C4%83zi+din+G%C4%83taia+intr%C4%83+%C3%AEn+modernizare.+CJ+Timi%C8%99+finan%C8%9Beaz%C4%83+lucr%C4%83rile+cu+7%2C4+milioane+de+lei&amp;url=https%3A%2F%2Forasul-timisoara.ro%2Flocal-40319%2F&amp;via=orasultm\" title=\"Twitter\"><\/p>\n<div class=\"td-social-but-text\">Twitter<\/div>\n<p><\/a><a class=\"td-social-sharing-button td-social-sharing-button-js td-social-network td-social-whatsapp\" href=\"https:\/\/api.whatsapp.com\/send?text=12+str%C4%83zi+din+G%C4%83taia+intr%C4%83+%C3%AEn+modernizare.+CJ+Timi%C8%99+finan%C8%9Beaz%C4%83+lucr%C4%83rile+cu+7%2C4+milioane+de+lei%20%0A%0A%20https:\/\/orasul-timisoara.ro\/local-40319\/\" title=\"WhatsApp\"><\/p>\n<div class=\"td-social-but-text\">WhatsApp<\/div>\n<p><\/a><a class=\"td-social-sharing-button td-social-sharing-button-js td-social-network td-social-linkedin\" href=\"https:\/\/www.linkedin.com\/shareArticle?mini=true&amp;url=https:\/\/orasul-timisoara.ro\/local-40319\/&amp;title=12+str%C4%83zi+din+G%C4%83taia+intr%C4%83+%C3%AEn+modernizare.+CJ+Timi%C8%99+finan%C8%9Beaz%C4%83+lucr%C4%83rile+cu+7%2C4+milioane+de+lei\" title=\"Linkedin\"><\/p>\n<div class=\"td-social-but-text\">Linkedin<\/div>\n<p><\/a><a class=\"td-social-sharing-button td-social-sharing-button-js td-social-network td-social-reddit\" href=\"https:\/\/reddit.com\/submit?url=https:\/\/orasul-timisoara.ro\/local-40319\/&amp;title=12+str%C4%83zi+din+G%C4%83taia+intr%C4%83+%C3%AEn+modernizare.+CJ+Timi%C8%99+finan%C8%9Beaz%C4%83+lucr%C4%83rile+cu+7%2C4+milioane+de+lei\" title=\"ReddIt\"><\/p>\n<div class=\"td-social-but-text\">ReddIt<\/div>\n<p><\/a><a class=\"td-social-sharing-button td-social-sharing-button-js td-social-network td-social-mail\" href=\"mailto:?subject=12%20str%C4%83zi%20din%20G%C4%83taia%20intr%C4%83%20%C3%AEn%20modernizare.%20CJ%20Timi%C8%99%20finan%C8%9Beaz%C4%83%20lucr%C4%83rile%20cu%207,4%20milioane%20de%20lei&amp;body=https:\/\/orasul-timisoara.ro\/local-40319\/\" title=\"Email\"><\/p>\n<div class=\"td-social-but-text\">Email<\/div>\n<p><\/a><a class=\"td-social-sharing-button td-social-sharing-button-js td-social-network td-social-print\" href=\"https:\/\/orasul-timisoara.ro\/local-40319\/\" title=\"Imprimare\"><\/p>\n<div class=\"td-social-but-text\">Imprimare<\/div>\n<p><\/a><\/div>\n<\/div>\n<\/div>\n<div class=\"td-block-row td-post-next-prev\">\n<div class=\"td-block-span6 td-post-prev-post\">\n<div class=\"td-post-next-prev-content\"><span>Articolul precedent<\/span><a href=\"https:\/\/orasul-timisoara.ro\/local-40310\/\">Claudiu Coman, primarul din S\u00e2nandrei, acuzat c\u0103 duce utilit\u0103\u021bi spre terenul pentru care are promisiune de cump\u0103rare<\/a><\/div>\n<\/div>\n<div class=\"td-block-span6 td-post-next-post\">\n<div class=\"td-post-next-prev-content\"><span>Articolul urm\u0103tor<\/span><a href=\"https:\/\/orasul-timisoara.ro\/local-40323\/\">A \u00eenceput sezonul ambroziei. Medicii avertizeaz\u0103 asupra riscului de astm alergic la copii<\/a><\/div>\n<\/div>\n<\/div>\n<div class=\"td-author-name vcard author\"><span class=\"fn\"><a href=\"https:\/\/orasul-timisoara.ro\/author\/timisoara\/\">redactia<\/a><\/span><\/div>\n<p><span class=\"td-page-meta\"><\/span><span class=\"td-page-meta\"><span class=\"td-page-meta\"><\/span><\/span><span class=\"td-page-meta\"><\/span><\/footer>\n<div class=\"td_block_wrap td_block_related_posts tdi_3 td_with_ajax_pagination td-pb-border-top td_block_template_8\" data-td-block-uid=\"tdi_3\">\n<h4 class=\"td-related-title td-block-title\"><a id=\"tdi_4\" class=\"td-related-left td-cur-simple-item\" data-td_filter_value data-td_block_id=\"tdi_3\" href=\"https:\/\/orasul-timisoara.ro\/local-40319\/\">ARTICOLE SIMILARE<\/a><a id=\"tdi_5\" class=\"td-related-right\" data-td_filter_value=\"td_related_more_from_author\" data-td_block_id=\"tdi_3\" href=\"https:\/\/orasul-timisoara.ro\/local-40319\/\">DE LA ACELA\u0218I AUTOR<\/a><\/h4>\n<div id=\"tdi_3\" class=\"td_block_inner\">\n<div class=\"td-related-row\">\n<div class=\"td-related-span4\">\n<div class=\"td_module_related_posts td-animation-stack td_mod_related_posts\">\n<div class=\"td-module-image\">\n<div class=\"td-module-thumb\"><a href=\"https:\/\/orasul-timisoara.ro\/local-40287\/\" rel=\"bookmark\" class=\"td-image-wrap \" title=\"Alfred Simonis anun\u021b\u0103 reabilitarea drumului dintre Ghiroda \u0219i Mo\u0219ni\u021ba Veche\"><img loading=\"lazy\" decoding=\"async\" class=\"entry-thumb\" src=\"https:\/\/orasul-timisoara.ro\/wp-content\/uploads\/2026\/08\/fratii-simonis-436x300.jpg\" alt title=\"Alfred Simonis anun\u021b\u0103 reabilitarea drumului dintre Ghiroda \u0219i Mo\u0219ni\u021ba Veche\" width=\"218\" height=\"150\"><\/a><\/div>\n<\/div>\n<div class=\"item-details\">\n<h3 class=\"entry-title td-module-title\"><a href=\"https:\/\/orasul-timisoara.ro\/local-40287\/\" rel=\"bookmark\" title=\"Alfred Simonis anun\u021b\u0103 reabilitarea drumului dintre Ghiroda \u0219i Mo\u0219ni\u021ba Veche\">Alfred Simonis anun\u021b\u0103 reabilitarea drumului dintre Ghiroda \u0219i Mo\u0219ni\u021ba Veche<\/a><\/h3>\n<\/div>\n<\/div>\n<\/div>\n<div class=\"td-related-span4\">\n<div class=\"td_module_related_posts td-animation-stack td_mod_related_posts\">\n<div class=\"td-module-image\">\n<div class=\"td-module-thumb\"><a href=\"https:\/\/orasul-timisoara.ro\/local-40282\/\" rel=\"bookmark\" class=\"td-image-wrap \" title=\"Alin Nica avertizeaz\u0103 asupra efectelor Legii ANI pentru Timi\u0219oara\"><img loading=\"lazy\" decoding=\"async\" class=\"entry-thumb\" src=\"https:\/\/orasul-timisoara.ro\/wp-content\/uploads\/2024\/04\/nica-fritz-aeroport-436x300.jpg\" alt title=\"Alin Nica avertizeaz\u0103 asupra efectelor Legii ANI pentru Timi\u0219oara\" width=\"218\" height=\"150\"><\/a><\/div>\n<\/div>\n<div class=\"item-details\">\n<h3 class=\"entry-title td-module-title\"><a href=\"https:\/\/orasul-timisoara.ro\/local-40282\/\" rel=\"bookmark\" title=\"Alin Nica avertizeaz\u0103 asupra efectelor Legii ANI pentru Timi\u0219oara\">Alin Nica avertizeaz\u0103 asupra efectelor Legii ANI pentru Timi\u0219oara<\/a><\/h3>\n<\/div>\n<\/div>\n<\/div>\n<div class=\"td-related-span4\">\n<div class=\"td_module_related_posts td-animation-stack td_mod_related_posts\">\n<div class=\"td-module-image\">\n<div class=\"td-module-thumb\"><a href=\"https:\/\/orasul-timisoara.ro\/local-40277\/\" rel=\"bookmark\" class=\"td-image-wrap \" title=\"Alfred Simonis: construc\u021bia noului stadion \u201eDan P\u0103ltini\u0219anu\u201d a fost deblocat\u0103 de Guvern. C\u00e2nd pot \u00eencepe lucr\u0103rile?\"><img loading=\"lazy\" decoding=\"async\" class=\"entry-thumb\" src=\"https:\/\/orasul-timisoara.ro\/wp-content\/uploads\/2024\/03\/staduib-paltinisanu-proiectie-3-436x300.jpg\" alt title=\"Alfred Simonis: construc\u021bia noului stadion \u201eDan P\u0103ltini\u0219anu\u201d a fost deblocat\u0103 de Guvern. C\u00e2nd pot \u00eencepe lucr\u0103rile?\" width=\"218\" height=\"150\"><\/a><\/div>\n<\/div>\n<div class=\"item-details\">\n<h3 class=\"entry-title td-module-title\"><a href=\"https:\/\/orasul-timisoara.ro\/local-40277\/\" rel=\"bookmark\" title=\"Alfred Simonis: construc\u021bia noului stadion \u201eDan P\u0103ltini\u0219anu\u201d a fost deblocat\u0103 de Guvern. C\u00e2nd pot \u00eencepe lucr\u0103rile?\">Alfred Simonis: construc\u021bia noului stadion \u201eDan P\u0103ltini\u0219anu\u201d a fost deblocat\u0103 de Guvern. C\u00e2nd pot \u00eencepe lucr\u0103rile?<\/a><\/h3>\n<\/div>\n<\/div>\n<\/div>\n<\/div>\n<\/div>\n<\/div>\n<div class=\"comments\" id=\"comments\">\n<div id=\"respond\" class=\"comment-respond\">\n<h3 id=\"reply-title\" class=\"comment-reply-title\">L\u0102SA\u021aI UN MESAJ<\/h3>\n<div class=\"comment-form-input-wrap td-form-comment\">\n<div class=\"td-warning-comment\">V\u0103 rug\u0103m s\u0103 introduce\u021bi comentariul dvs.!<\/div>\n<\/div>\n<div class=\"comment-form-input-wrap td-form-author\">\n<div class=\"td-warning-author\">Introduce\u021bi aici numele dvs.<\/div>\n<\/div>\n<div class=\"comment-form-input-wrap td-form-email\">\n<div class=\"td-warning-email-error\">A\u021bi introdus o adres\u0103 de e-mail incorect\u0103!<\/div>\n<div class=\"td-warning-email\">V\u0103 rug\u0103m s\u0103 introduce\u021bi adresa dvs. de e-mail aici<\/div>\n<\/div>\n<\/div>\n<p class=\"akismet_comment_form_privacy_notice\">Acest site folose\u0219te Akismet pentru a reduce spamul. <a href=\"https:\/\/akismet.com\/privacy\/\" target=\"_blank\" rel=\"nofollow noopener\">Afl\u0103 cum sunt procesate datele comentariilor tale<\/a>.<\/p>\n<\/div>\n<\/div>\n<\/div>\n<div class=\"td-pb-span4 td-main-sidebar\" role=\"complementary\">\n<div class=\"td-ss-main-sidebar\">\n<aside id=\"block-4\" class=\"td_block_template_8 widget block-4 widget_block widget_media_image\">\n<figure class=\"wp-block-image size-full\"><img loading=\"lazy\" decoding=\"async\" width=\"336\" height=\"280\" src=\"https:\/\/orasul-timisoara.ro\/wp-content\/uploads\/2024\/11\/ReTIM-Abonamentul-Verde-Google-Ads-336x280px.gif\" alt class=\"wp-image-29257\"><\/figure>\n<\/aside>\n<div class=\"td_block_wrap td_block_social_counter td_block_widget tdi_6 td-social-style5 td-social-boxed td-pb-border-top td_block_template_8\">\n<div class=\"td-block-title-wrap\">\n<h4 class=\"td-block-title\"><span>Urm\u0103re\u0219te-ne pe Social Media<\/span><\/h4>\n<\/div>\n<div class=\"td-social-list\">\n<div class=\"td_social_type td-pb-margin-side td_social_facebook\">\n<div class=\"td-social-box\"><span class=\"td_social_info td_social_info_counter\">344,595<\/span><span class=\"td_social_info td_social_info_name\">Fani<\/span><span class=\"td_social_button\"><a href=\"https:\/\/www.facebook.com\/247timisoara\" target=\"_blank\" rel=\"nofollow\">\u00cemi place<\/a><\/span><\/div>\n<\/div>\n<div class=\"td_social_type td-pb-margin-side td_social_instagram\">\n<div class=\"td-social-box\"><span class=\"td_social_info td_social_info_counter\">4,416<\/span><span class=\"td_social_info td_social_info_name\">Cititori<\/span><span class=\"td_social_button\"><a href=\"https:\/\/instagram.com\/orasultimisoararo\/\" target=\"_blank\" rel=\"nofollow\">Conecta\u021bi-v\u0103<\/a><\/span><\/div>\n<\/div>\n<div class=\"td_social_type td-pb-margin-side td_social_rss\">\n<div class=\"td-social-box\"><span class=\"td_social_info td_social_info_counter\">12,506<\/span><span class=\"td_social_info td_social_info_name\">Cititori<\/span><span class=\"td_social_button\"><a href=\"https:\/\/orasul-timisoara.ro\/feed\/\" target=\"_blank\" rel=\"nofollow\">Conecta\u021bi-v\u0103<\/a><\/span><\/div>\n<\/div>\n<div class=\"td_social_type td-pb-margin-side td_social_tiktok\">\n<div class=\"td-social-box\"><span class=\"td_social_info td_social_info_counter\">1,500<\/span><span class=\"td_social_info td_social_info_name\">Cititori<\/span><span class=\"td_social_button\"><a href=\"https:\/\/www.tiktok.com\/@orasultimisoara\" target=\"_blank\" rel=\"nofollow\">Conecta\u021bi-v\u0103<\/a><\/span><\/div>\n<\/div>\n<div class=\"td_social_type td-pb-margin-side td_social_twitter\">\n<div class=\"td-social-box\"><span class=\"td_social_info td_social_info_counter\">1,595<\/span><span class=\"td_social_info td_social_info_name\">Cititori<\/span><span class=\"td_social_button\"><a href=\"https:\/\/twitter.com\/orasultm\" target=\"_blank\" rel=\"nofollow\">Conecta\u021bi-v\u0103<\/a><\/span><\/div>\n<\/div>\n<div class=\"td_social_type td-pb-margin-side td_social_youtube\">\n<div class=\"td-social-box\"><span class=\"td_social_info td_social_info_counter\">3,506<\/span><span class=\"td_social_info td_social_info_name\">Abona\u021bi<\/span><span class=\"td_social_button\"><a href=\"https:\/\/www.youtube.com\/channel\/UCQNsQvs2XCSIm1Z-AHRturw?sub_confirmation=1\" target=\"_blank\" rel=\"nofollow\">Abona\u021bi-v\u0103<\/a><\/span><\/div>\n<\/div>\n<\/div>\n<\/div>\n<aside id=\"text-7\" class=\"td_block_template_8 widget text-7 widget_text\">\n<h4 class=\"td-block-title\"><span>C\u0103ut\u0103ri populare pe OTM<\/span><\/h4>\n<div class=\"textwidget\"><a href=\"https:\/\/orasul-timisoara.ro\/?s=timisoara\"><span>Timisoara<\/span><\/a><a href=\"https:\/\/orasul-timisoara.ro\/?s=calin+dobra\"><span>Calin Dobra<\/span><\/a><a href=\"https:\/\/orasul-timisoara.ro\/?s=primaria+timisoara\"><span>Primaria Timisoara<\/span><\/a><a href=\"https:\/\/orasul-timisoara.ro\/?s=dominic+fritz\"><span>Dominic Fritz<\/span><\/a><a href=\"https:\/\/orasul-timisoara.ro\/?s=nicolae+robu\"><span>Nicolae Robu<\/span><\/a><a href=\"https:\/\/orasul-timisoara.ro\/?s=consiliul+local+timisoara\">Consiliul Local Timisoara<\/a><a href=\"https:\/\/orasul-timisoara.ro\/?s=consiliul+judetean+timis\"><span>Consiliul Judetean Timis<\/span><\/a><a href=\"https:\/\/orasul-timisoara.ro\/?s=cjt\"><span>CJT<\/span><\/a><a href=\"https:\/\/orasul-timisoara.ro\/?s=Alfred+Simonis\"><span>Alfred Simonis<\/span><\/a><a href=\"https:\/\/orasul-timisoara.ro\/?s=PNL\"><span>PNL<\/span><\/a><a href=\"https:\/\/orasul-timisoara.ro\/?s=coronavirus\"><span>coronavirus<\/span><\/a><a href=\"https:\/\/orasul-timisoara.ro\/?s=teatru+timisoara\">teatru Timisoara<\/a><a href=\"https:\/\/orasul-timisoara.ro\/?s=restaurante\"><span>restaurante Timisoara<\/span><\/a><a href=\"https:\/\/orasul-timisoara.ro\/?s=diskoteka\"><span>Diskoteka<\/span><\/a><a href=\"https:\/\/orasul-timisoara.ro\/?s=iulius+town\"><span>Iulius Town<\/span><\/a><a href=\"https:\/\/orasul-timisoara.ro\/?s=iulius+mall\"><span>Iulius Mall<\/span><\/a><a href=\"https:\/\/orasul-timisoara.ro\/?s=stpt\"><span>STPT<\/span><\/a><a href=\"https:\/\/orasul-timisoara.ro\/?s=alin+nica\"><span>Alin Nica<\/span><\/a><a href=\"https:\/\/orasul-timisoara.ro\/?s=psd\"><span>PSD<\/span><\/a><a href=\"https:\/\/orasul-timisoara.ro\/?s=aeroport\"><span>Aeroportul International Timisoara<\/span><\/a><a href=\"https:\/\/orasul-timisoara.ro\/?s=babes\"><span>Spitalul Victor Babes Timisoara<\/span><\/a><a href=\"https:\/\/orasul-timisoara.ro\/?s=poli\"><span>Poli Timi\u0219oara<\/span><\/a><a href=\"https:\/\/orasul-timisoara.ro\/?s=carantina\"><span>carantina<\/span><\/a><a href=\"https:\/\/orasul-timisoara.ro\/?s=aquatim\"><span>Aquatim<\/span><\/a><a href=\"https:\/\/orasul-timisoara.ro\/local-category\/stiri-timisoara\/\"><span>Stiri Timisoara<\/span><\/a><a href=\"https:\/\/orasul-timisoara.ro\/local-category\/investitii-in-timisoara\/\"><span>Investi\u021bii in Timi\u0219oara<\/span><\/a><a href=\"https:\/\/orasul-timisoara.ro\/local-9463\/\"><span>shaorma<\/span><\/a><a href=\"https:\/\/orasul-timisoara.ro\/?s=trafic\"><span>trafic rutier<\/span><\/a><a href=\"https:\/\/orasul-timisoara.ro\/?s=politia\"><span>politia locala timisoara<\/span><\/a><a href=\"https:\/\/orasul-timisoara.ro\/?s=roxana\"><span>Roxana Iliescu<\/span><\/a><a href=\"https:\/\/orasul-timisoara.ro\/?s=colterm\"><span>Colterm<\/span><\/a><a href=\"https:\/\/orasul-timisoara.ro\/?s=latcau\"><span>Ruben La\u021bc\u0103u<\/span><\/a><a href=\"https:\/\/orasul-timisoara.ro\/?s=timis\"><span>\u0218tiri din Timi\u0219<\/span><\/a><a href=\"https:\/\/orasul-timisoara.ro\/?s=spital\"><span>Spitale din Timi\u0219oara<\/span><\/a><a href=\"https:\/\/orasul-timisoara.ro\/?s=tabara\"><span>Cosmin Tab\u0103r\u0103<\/span><\/a><\/div>\n<\/aside>\n<aside id=\"rss-2\" class=\"td_block_template_8 widget rss-2 widget_rss\">\n<h4 class=\"td-block-title\"><span><a class=\"rsswidget rss-widget-feed\" href=\"https:\/\/fashionfridays.ro\/feed\"><img decoding=\"async\" class=\"rss-widget-icon\" width=\"14\" height=\"14\" src=\"https:\/\/orasul-timisoara.ro\/wp-includes\/images\/rss.png\" alt=\"RSS\" loading=\"lazy\"><\/a><a class=\"rsswidget rss-widget-title\" href=\"https:\/\/fashionfridays.ro\/\">Fashion Fridays<\/a><\/span><\/h4>\n<ul>\n<li><a class=\"rsswidget\" href=\"https:\/\/fashionfridays.ro\/romania-devine-a-29-a-piata-vogue-o-noua-era-pentru-industria-locala-de-moda\/\">Rom\u00e2nia devine a 29-a pia\u021b\u0103 Vogue: o nou\u0103 er\u0103 pentru industria local\u0103 de mod\u0103<\/a>\n<div class=\"rssSummary\">Revista Vogue \u00ee\u0219i extinde prezen\u021ba global\u0103 \u0219i va fi lansat\u0103 oficial \u00een Rom\u00e2nia \u00een prim\u0103vara anului 2027, marc\u00e2nd intrarea pe cea de-a 29-a pia\u021b\u0103 interna\u021bional\u0103. Proiectul este realizat \u00een parteneriat cu AEMME Publishing, o companie media recent \u00eenfiin\u021bat\u0103, care va publica edi\u021bia local\u0103 sub licen\u021b\u0103. Noua edi\u021bie, Vogue Rom\u00e2nia, \u00ee\u0219i propune s\u0103 combine autoritatea global\u0103 [\u2026]<\/div>\n<\/li>\n<\/ul>\n<\/aside>\n<aside id=\"rss-4\" class=\"td_block_template_8 widget rss-4 widget_rss\">\n<h4 class=\"td-block-title\"><span><a class=\"rsswidget rss-widget-feed\" href=\"https:\/\/emasini.ro\/feed\"><img decoding=\"async\" class=\"rss-widget-icon\" width=\"14\" height=\"14\" src=\"https:\/\/orasul-timisoara.ro\/wp-includes\/images\/rss.png\" alt=\"RSS\" loading=\"lazy\"><\/a><a class=\"rsswidget rss-widget-title\" href=\"https:\/\/emasini.ro\/\">eMasini<\/a><\/span><\/h4>\n<ul>\n<li><a class=\"rsswidget\" href=\"https:\/\/emasini.ro\/bmw-testeaza-noul-i4-convertible-primul-cabrio-electric-accesibil-al-marcii\/\">BMW testeaz\u0103 noul i4 Convertible, primul cabrio electric accesibil al m\u0103rcii<\/a>\n<div class=\"rssSummary\">BMW accelereaz\u0103 dezvoltarea noii genera\u021bii de modele electrice bazate pe platforma Neue Klasse, iar unul dintre cele mai interesante proiecte aflate \u00een teste este viitorul BMW i4 Convertible. Prototipul camuflat a fost surprins pe \u0219osele, confirm\u00e2nd c\u0103 produc\u0103torul german preg\u0103te\u0219te o decapotabil\u0103 electric\u0103 destinat\u0103 unui segment \u00een care oferta este, \u00een prezent, extrem de limitat\u0103. [\u2026]<\/div>\n<\/li>\n<\/ul>\n<\/aside>\n<\/div>\n<\/div>\n<\/div>\n<\/div>\n<\/article>\n<div class=\"td-post-content tagdiv-type\">\n<p class=\"wp-block-paragraph\">G\u0103taia intr\u0103 \u00eentr-un amplu program de modernizare a infrastructurii rutiere. Consiliul Jude\u021bean Timi\u0219 \u0219i Prim\u0103ria G\u0103taia au predat amplasamentul \u0219i au dat ordinul de \u00eencepere pentru lucr\u0103rile de asfaltare a 12 str\u0103zi din ora\u0219, proiectul viz\u00e2nd o lungime total\u0103 de 6,8 kilometri.<\/p>\n<p class=\"wp-block-paragraph\">Investi\u021bia este realizat\u0103 \u00een baza unui parteneriat \u00eentre Consiliul Jude\u021bean Timi\u0219 \u0219i administra\u021bia local\u0103 din G\u0103taia. CJ Timi\u0219 contribuie cu 7,4 milioane de lei, iar lucr\u0103rile au un termen contractual de finalizare de 12 luni. Potrivit pre\u0219edintelui CJ Timi\u0219, Alfred Simonis, constructorul estimeaz\u0103 c\u0103 asfaltarea ar putea fi \u00eencheiat\u0103 \u00eenaintea termenului prev\u0103zut \u00een contract.<\/p>\n<h2 class=\"wp-block-heading\">\u00cencep lucr\u0103rile de asfaltare a 12 str\u0103zi din G\u0103taia<\/h2>\n<p class=\"wp-block-paragraph\">Ordinul de \u00eencepere a lucr\u0103rilor a fost emis dup\u0103 ce amplasamentul a fost predat constructorului. Proiectul prevede modernizarea a 12 str\u0103zi, cu o lungime cumulat\u0103 de 6,8 kilometri, interven\u021bia urm\u00e2nd s\u0103 \u00eembun\u0103t\u0103\u021beasc\u0103 infrastructura rutier\u0103 din ora\u0219.<\/p>\n<p class=\"wp-block-paragraph\">Alfred Simonis a precizat c\u0103 proiectul a fost stabilit \u00een urma unor discu\u021bii purtate cu primarul ora\u0219ului G\u0103taia, Raul Cozarov. Priorit\u0103\u021bile administra\u021biei locale au fost stabilite \u00een urm\u0103 cu c\u00e2teva luni, iar ulterior cele dou\u0103 administra\u021bii au \u00eencheiat parteneriatul care st\u0103 la baza investi\u021biei.<\/p>\n<h2 class=\"wp-block-heading\">CJ Timi\u0219 contribuie cu 7,4 milioane de lei<\/h2>\n<p class=\"wp-block-paragraph\">Consiliul Jude\u021bean Timi\u0219 aloc\u0103 7,4 milioane de lei pentru acest proiect de modernizare a infrastructurii rutiere din G\u0103taia.<\/p>\n<p class=\"wp-block-paragraph\">Potrivit lui Alfred Simonis, \u00eentre semnarea parteneriatului \u0219i \u00eenceperea efectiv\u0103 a lucr\u0103rilor au trecut aproximativ dou\u0103 luni. Administra\u021bia jude\u021bean\u0103 sus\u021bine c\u0103 acest model de colaborare permite accelerarea investi\u021biilor necesare \u00een localit\u0103\u021bile din jude\u021b.<\/p>\n<p class=\"wp-block-paragraph\">Termenul prev\u0103zut pentru finalizarea lucr\u0103rilor este de 12 luni. Pre\u0219edintele CJ Timi\u0219 afirm\u0103 \u00eens\u0103 c\u0103 reprezentan\u021bii constructorului au transmis c\u0103 lucr\u0103rile de asfaltare ar putea fi \u00eencheiate mai devreme.<\/p>\n<h2 class=\"wp-block-heading\">Proiectul de la G\u0103taia, parte dintr-o serie de investi\u021bii locale<\/h2>\n<p class=\"wp-block-paragraph\">Lucr\u0103rile de infrastructur\u0103 rutier\u0103 de la G\u0103taia fac parte dintr-un program mai amplu de colaborare \u00eentre Consiliul Jude\u021bean Timi\u0219 \u0219i administra\u021biile locale.<\/p>\n<p class=\"wp-block-paragraph\">Alfred Simonis sus\u021bine c\u0103, \u00een ultimele luni, au fost semnate 37 de parteneriate cu prim\u0103rii din jude\u021b pentru proiecte din domenii precum infrastructura rutier\u0103, educa\u021bia, s\u0103n\u0103tatea, sportul \u0219i cultura.<\/p>\n<p class=\"wp-block-paragraph\">Aceste proiecte se afl\u0103 \u00een etape diferite de implementare. Unele sunt \u00een faza de proiectare sau licita\u021bie, \u00een timp ce altele au ajuns deja la execu\u021bie sau recep\u021bie.<\/p>\n<h2 class=\"wp-block-heading\">Investi\u021bii \u00een infrastructura din jude\u021bul Timi\u0219<\/h2>\n<p class=\"wp-block-paragraph\">Printre proiectele men\u021bionate de pre\u0219edintele CJ Timi\u0219 se num\u0103r\u0103 \u0219i modernizarea \u0218colii din Dude\u0219tii Noi, investi\u021bie care a fost finalizat\u0103. \u00cen cazul G\u0103taiei, lucr\u0103rile intr\u0103 acum \u00een etapa de execu\u021bie.<\/p>\n<p class=\"wp-block-paragraph\">Un alt proiect indicat de Simonis este stadionul \u201eEroii Timi\u0219oarei\u201d, care se apropie de recep\u021bie. Celelalte parteneriate \u00eencheiate cu administra\u021biile locale se afl\u0103, \u00een func\u021bie de proiect, \u00een faza de licita\u021bie sau de proiectare.<\/p>\n<h2 class=\"wp-block-heading\">Alfred Simonis: \u201eInvestim \u00een tot jude\u021bul\u201d<\/h2>\n<p class=\"wp-block-paragraph\">Pre\u0219edintele Consiliului Jude\u021bean Timi\u0219 afirm\u0103 c\u0103 investi\u021biile sunt realizate indiferent de apartenen\u021ba politic\u0103 a primarilor.<\/p>\n<p class=\"wp-block-paragraph\">\u201eIndiferent de culoarea politic\u0103 a primarilor, investim \u00een tot jude\u021bul\u201d, a transmis Alfred Simonis, subliniind c\u0103 parteneriatele administra\u021biei jude\u021bene vizeaz\u0103 localit\u0103\u021bi conduse de primari cu orient\u0103ri politice diferite.<\/p>\n<p class=\"wp-block-paragraph\">\u00cen cazul G\u0103taiei, obiectivul imediat este modernizarea celor 12 str\u0103zi incluse \u00een proiect \u0219i finalizarea lucr\u0103rilor \u00eentr-un interval c\u00e2t mai scurt.<\/p>\n<h2 class=\"wp-block-heading\">Modernizarea str\u0103zilor din G\u0103taia intr\u0103 \u00een execu\u021bie<\/h2>\n<p class=\"wp-block-paragraph\">Prin demararea lucr\u0103rilor, proiectul de modernizare a infrastructurii rutiere din G\u0103taia trece de la etapa administrativ\u0103 \u0219i de preg\u0103tire la execu\u021bia propriu-zis\u0103. Cei 6,8 kilometri de str\u0103zi inclu\u0219i \u00een investi\u021bie urmeaz\u0103 s\u0103 fie moderniza\u021bi \u00een cadrul contractului cu termen de 12 luni.<\/p>\n<p class=\"wp-block-paragraph\">Investi\u021bia este una dintre cele 37 de colabor\u0103ri anun\u021bate de Consiliul Jude\u021bean Timi\u0219 \u00een ultimele luni, administra\u021bia jude\u021bean\u0103 urm\u0103rind realizarea unor proiecte \u00een mai multe domenii \u0219i localit\u0103\u021bi ale jude\u021bului.<\/p>\n<\/div>\n<p>[analyse_source url=&#8221;https:\/\/orasul-timisoara.ro\/local-40319\/&#8221;]<\/p>\n","protected":false},"excerpt":{"rendered":"<p>[analyse_image type=&#8221;featured&#8221; src=&#8221;https:\/\/orasul-timisoara.ro\/wp-content\/uploads\/2026\/08\/778291789_1306329722557601_4819524365300656511_n.jpg&#8221;] Administra\u021bie local\u010312 str\u0103zi din G\u0103taia intr\u0103 \u00een modernizare. CJ Timi\u0219 finan\u021beaz\u0103 lucr\u0103rile cu&#8230; Administra\u021bie local\u0103 Investitii in Timisoara \u0218tiri Locale 12 str\u0103zi din G\u0103taia intr\u0103 \u00een modernizare. CJ Timi\u0219 finan\u021beaz\u0103 lucr\u0103rile cu 7,4 milioane de lei De c\u0103tre redactia &#8211; 18\/08\/2026 Facebook Twitter WhatsApp Linkedin ReddIt Email Imprimare G\u0103taia intr\u0103 \u00eentr-un amplu [&hellip;]<\/p>\n","protected":false},"author":1,"featured_media":0,"comment_status":"open","ping_status":"","sticky":false,"template":"","format":"standard","meta":{"footnotes":""},"categories":[89],"tags":[226,189],"class_list":["post-2099379","post","type-post","status-publish","format-standard","hentry","category-romania","tag-crawlmanager","tag-orasul-timisoara-ro"],"_links":{"self":[{"href":"https:\/\/analyse.optim.biz\/index.php?rest_route=\/wp\/v2\/posts\/2099379","targetHints":{"allow":["GET"]}}],"collection":[{"href":"https:\/\/analyse.optim.biz\/index.php?rest_route=\/wp\/v2\/posts"}],"about":[{"href":"https:\/\/analyse.optim.biz\/index.php?rest_route=\/wp\/v2\/types\/post"}],"author":[{"embeddable":true,"href":"https:\/\/analyse.optim.biz\/index.php?rest_route=\/wp\/v2\/users\/1"}],"replies":[{"embeddable":true,"href":"https:\/\/analyse.optim.biz\/index.php?rest_route=%2Fwp%2Fv2%2Fcomments&post=2099379"}],"version-history":[{"count":0,"href":"https:\/\/analyse.optim.biz\/index.php?rest_route=\/wp\/v2\/posts\/2099379\/revisions"}],"wp:attachment":[{"href":"https:\/\/analyse.optim.biz\/index.php?rest_route=%2Fwp%2Fv2%2Fmedia&parent=2099379"}],"wp:term":[{"taxonomy":"category","embeddable":true,"href":"https:\/\/analyse.optim.biz\/index.php?rest_route=%2Fwp%2Fv2%2Fcategories&post=2099379"},{"taxonomy":"post_tag","embeddable":true,"href":"https:\/\/analyse.optim.biz\/index.php?rest_route=%2Fwp%2Fv2%2Ftags&post=2099379"}],"curies":[{"name":"wp","href":"https:\/\/api.w.org\/{rel}","templated":true}]}}