{"id":2099376,"date":"2026-08-18T14:59:32","date_gmt":"2026-08-18T11:59:32","guid":{"rendered":"https:\/\/analyse.optim.biz\/?p=2099376"},"modified":"2026-08-18T14:59:32","modified_gmt":"2026-08-18T11:59:32","slug":"dominic-fritz-mesaj-dur-dupa-decizia-ccr-nu-voi-pleca-nicaieri-timisoara-ramane-casa-mea","status":"publish","type":"post","link":"https:\/\/analyse.optim.biz\/?p=2099376","title":{"rendered":"Dominic Fritz, mesaj dur dup\u0103 decizia CCR: \u201eNu voi pleca nic\u0103ieri. Timi\u0219oara r\u0103m\u00e2ne casa mea\u201d"},"content":{"rendered":"<p>[analyse_image type=&#8221;featured&#8221; src=&#8221;https:\/\/orasul-timisoara.ro\/wp-content\/uploads\/2026\/03\/dominic-fritz-usr-01.jpg&#8221;]<\/p>\n<article id=\"post-40308\" class=\"td-post-template-7 post-40308 post type-post status-publish format-standard has-post-thumbnail category-administratie category-featured category-politic category-stiri-timisoara category-stiri-nationale-si-internationale tag-administratie-timisoara-2 tag-ccr tag-curtea-constitutionala tag-dominic-fritz tag-legea-ani tag-legea-integritatii tag-mandat-dominic-fritz tag-nicusor-dan-2 tag-politica-timis-2 tag-primaria-timisoara-2 tag-protest-timisoara-2 tag-psd tag-timisoara-2 tag-usr td-container-wrap\">\n<div class=\"td-full-screen-header-image-wrap\">\n<div class=\"td-container td-post-header\">\n<div class=\"td-crumb-container\">\n<div class=\"entry-crumbs\"><span><a title=\"Vede\u021bi toate articolele \u00een Administra\u021bie local\u0103\" class=\"entry-crumb\" href=\"https:\/\/orasul-timisoara.ro\/local-category\/administratie\/\">Administra\u021bie local\u0103<\/a><\/span><span class=\"td-bred-no-url-last\">Dominic Fritz, mesaj dur dup\u0103 decizia CCR: \u201eNu voi pleca nic\u0103ieri. Timi\u0219oara&#8230;<\/span><\/div>\n<\/div>\n<div class=\"td-post-header-holder\">\n<div class=\"td-parallax-header\">\n<header class=\"td-post-title\">\n<ul class=\"td-category\">\n<li class=\"entry-category\"><a href=\"https:\/\/orasul-timisoara.ro\/local-category\/administratie\/\">Administra\u021bie local\u0103<\/a><\/li>\n<li class=\"entry-category\"><a href=\"https:\/\/orasul-timisoara.ro\/local-category\/politic\/\">Politic<\/a><\/li>\n<li class=\"entry-category\"><a href=\"https:\/\/orasul-timisoara.ro\/local-category\/stiri-timisoara\/\">\u0218tiri Locale<\/a><\/li>\n<li class=\"entry-category\"><a href=\"https:\/\/orasul-timisoara.ro\/local-category\/stiri-nationale-si-internationale\/\">\u0218tiri na\u021bionale \u0219i interna\u021bionale<\/a><\/li>\n<\/ul>\n<h1 class=\"entry-title\">Dominic Fritz, mesaj dur dup\u0103 decizia CCR: \u201eNu voi pleca nic\u0103ieri. Timi\u0219oara r\u0103m\u00e2ne casa mea\u201d<\/h1>\n<div class=\"td-module-meta-info\">\n<div class=\"td-post-author-name\">\n<div class=\"td-author-by\">De c\u0103tre<\/div>\n<p><a href=\"https:\/\/orasul-timisoara.ro\/author\/timisoara\/\">redactia<\/a><\/p>\n<div class=\"td-author-line\"> &#8211; <\/div>\n<\/div>\n<p><span class=\"td-post-date\"><time class=\"entry-date updated td-module-date\" datetime=\"2026-08-18T17:59:32+03:00\">18\/08\/2026<\/time><\/span><\/div>\n<\/header>\n<\/div>\n<\/div>\n<\/div>\n<div id=\"td-full-screen-header-image\" class=\"td-image-gradient-style7\"><img decoding=\"async\" class=\"td-backstretch\" src=\"https:\/\/orasul-timisoara.ro\/wp-content\/uploads\/2026\/03\/dominic-fritz-usr-01.jpg\"><\/div>\n<\/div>\n<div class=\"td-container\">\n<div class=\"td-pb-row\">\n<div class=\"td-pb-span8 td-main-content\" role=\"main\">\n<div class=\"td-ss-main-content\">\n<div class=\"td-post-sharing-top\">\n<div class=\"td-post-sharing-classic\"><iframe title=\"topFacebookLike\" frameborder src=\"https:\/\/www.facebook.com\/plugins\/like.php?href=https:\/\/orasul-timisoara.ro\/local-40308\/&amp;layout=button_count&amp;show_faces=false&amp;width=105&amp;action=like&amp;colorscheme=light&amp;height=21\"><\/iframe><\/div>\n<div id=\"td_social_sharing_article_top\" class=\"td-post-sharing td-ps-bg td-ps-notext td-post-sharing-style1 \">\n<div class=\"td-post-sharing-visible\"><a class=\"td-social-sharing-button td-social-sharing-button-js td-social-network td-social-facebook\" href=\"https:\/\/www.facebook.com\/sharer.php?u=https%3A%2F%2Forasul-timisoara.ro%2Flocal-40308%2F\" title=\"Facebook\"><\/p>\n<div class=\"td-social-but-text\">Facebook<\/div>\n<p><\/a><a class=\"td-social-sharing-button td-social-sharing-button-js td-social-network td-social-twitter\" href=\"https:\/\/twitter.com\/intent\/tweet?text=Dominic+Fritz%2C+mesaj+dur+dup%C4%83+decizia+CCR%3A+%E2%80%9ENu+voi+pleca+nic%C4%83ieri.+Timi%C8%99oara+r%C4%83m%C3%A2ne+casa+mea%E2%80%9D&amp;url=https%3A%2F%2Forasul-timisoara.ro%2Flocal-40308%2F&amp;via=orasultm\" title=\"Twitter\"><\/p>\n<div class=\"td-social-but-text\">Twitter<\/div>\n<p><\/a><a class=\"td-social-sharing-button td-social-sharing-button-js td-social-network td-social-whatsapp\" href=\"https:\/\/api.whatsapp.com\/send?text=Dominic+Fritz%2C+mesaj+dur+dup%C4%83+decizia+CCR%3A+%E2%80%9ENu+voi+pleca+nic%C4%83ieri.+Timi%C8%99oara+r%C4%83m%C3%A2ne+casa+mea%E2%80%9D%20%0A%0A%20https:\/\/orasul-timisoara.ro\/local-40308\/\" title=\"WhatsApp\"><\/p>\n<div class=\"td-social-but-text\">WhatsApp<\/div>\n<p><\/a><a class=\"td-social-sharing-button td-social-sharing-button-js td-social-network td-social-linkedin\" href=\"https:\/\/www.linkedin.com\/shareArticle?mini=true&amp;url=https:\/\/orasul-timisoara.ro\/local-40308\/&amp;title=Dominic+Fritz%2C+mesaj+dur+dup%C4%83+decizia+CCR%3A+%E2%80%9ENu+voi+pleca+nic%C4%83ieri.+Timi%C8%99oara+r%C4%83m%C3%A2ne+casa+mea%E2%80%9D\" title=\"Linkedin\"><\/p>\n<div class=\"td-social-but-text\">Linkedin<\/div>\n<p><\/a><a class=\"td-social-sharing-button td-social-sharing-button-js td-social-network td-social-reddit\" href=\"https:\/\/reddit.com\/submit?url=https:\/\/orasul-timisoara.ro\/local-40308\/&amp;title=Dominic+Fritz%2C+mesaj+dur+dup%C4%83+decizia+CCR%3A+%E2%80%9ENu+voi+pleca+nic%C4%83ieri.+Timi%C8%99oara+r%C4%83m%C3%A2ne+casa+mea%E2%80%9D\" title=\"ReddIt\"><\/p>\n<div class=\"td-social-but-text\">ReddIt<\/div>\n<p><\/a><a class=\"td-social-sharing-button td-social-sharing-button-js td-social-network td-social-mail\" href=\"mailto:?subject=Dominic%20Fritz,%20mesaj%20dur%20dup%C4%83%20decizia%20CCR:%20%E2%80%9ENu%20voi%20pleca%20nic%C4%83ieri.%20Timi%C8%99oara%20r%C4%83m%C3%A2ne%20casa%20mea%E2%80%9D&amp;body=https:\/\/orasul-timisoara.ro\/local-40308\/\" title=\"Email\"><\/p>\n<div class=\"td-social-but-text\">Email<\/div>\n<p><\/a><a class=\"td-social-sharing-button td-social-sharing-button-js td-social-network td-social-print\" href=\"https:\/\/orasul-timisoara.ro\/local-40308\/\" title=\"Imprimare\"><\/p>\n<div class=\"td-social-but-text\">Imprimare<\/div>\n<p><\/a><\/div>\n<\/div>\n<\/div>\n<div class=\"td-post-content tagdiv-type\">\n<p class=\"wp-block-paragraph\">Dominic Fritz a reac\u021bionat miercuri, 18 august, dup\u0103 decizia Cur\u021bii Constitu\u021bionale privind noua Lege a Integrit\u0103\u021bii, care poate duce la \u00eencetarea mandatului s\u0103u de primar al Timi\u0219oarei. Liderul USR a publicat dou\u0103 mesaje pe Facebook, primul cu o ironie adresat\u0103 PSD, iar al doilea, \u00eenso\u021bit de un videoclip, cu un apel direct c\u0103tre sus\u021bin\u0103torii s\u0103i.<\/p>\n<p class=\"wp-block-paragraph\">\u00cen mesajul video, Fritz spune c\u0103 nu consider\u0103 c\u0103 miza este doar propria sa func\u021bie, ci ceea ce el nume\u0219te \u201edemnitatea Timi\u0219oarenilor\u201d \u0219i ap\u0103rarea statului de drept. Primarul Timi\u0219oarei afirm\u0103 c\u0103 nu inten\u021bioneaz\u0103 s\u0103 plece \u0219i \u00eei \u00eendeamn\u0103 pe cei care \u00eel sus\u021bin s\u0103 \u00ee\u0219i manifeste public nemul\u021bumirea, inclusiv prin post\u0103ri pe re\u021belele sociale \u0219i participarea la proteste.<\/p>\n<h2 class=\"wp-block-heading\">Dominic Fritz, reac\u021bie dup\u0103 decizia CCR: \u201eTot nu v\u0103 d\u0103m un guvern PSD\u201d<\/h2>\n<p class=\"wp-block-paragraph\">Prima reac\u021bie a lui Dominic Fritz a venit miercuri diminea\u021b\u0103, la o zi dup\u0103 decizia CCR privind Legea Integrit\u0103\u021bii.<\/p>\n<p class=\"wp-block-paragraph\">\u201eBun\u0103 diminea\u021ba, tot nu v\u0103 d\u0103m un guvern PSD\u201d, a scris liderul USR pe Facebook.<\/p>\n<p class=\"wp-block-paragraph\">Mesajul vine \u00een contextul conflictului politic dintre USR \u0219i PSD, dup\u0103 ie\u0219irea social-democra\u021bilor de la guvernare \u0219i atacurile ulterioare la adresa Guvernului Bolojan. Cele dou\u0103 forma\u021biuni au f\u0103cut parte din aceea\u0219i coali\u021bie de guvernare, \u00eens\u0103 rela\u021bia politic\u0103 s-a deteriorat \u00een lunile urm\u0103toare.<\/p>\n<p class=\"wp-block-paragraph\">Replica lui Fritz face trimitere direct\u0103 la disputa politic\u0103 \u00een care PSD este acuzat de USR c\u0103 urm\u0103re\u0219te \u00eenl\u0103turarea sa de la conducerea Prim\u0103riei Timi\u0219oara prin prevederea introdus\u0103 \u00een Legea Integrit\u0103\u021bii.<\/p>\n<h2 class=\"wp-block-heading\">\u201eEu refuz s\u0103 fiu umilit sau redus la t\u0103cere\u201d<\/h2>\n<p class=\"wp-block-paragraph\">C\u00e2teva ore mai t\u00e2rziu, Dominic Fritz a revenit cu un mesaj mult mai amplu, adresat celor care i-au transmis mesaje de sus\u021binere dup\u0103 decizia CCR.<\/p>\n<p class=\"wp-block-paragraph\">\u201eEu refuz s\u0103 fiu umilit sau redus la t\u0103cere \u0219i te rog \u0219i pe tine s\u0103 refuzi. Nu e\u0219ti singur. Suntem mul\u021bi, foarte mul\u021bi, pe zi ce trece tot mai mul\u021bi\u201d, a transmis primarul Timi\u0219oarei.<\/p>\n<p class=\"wp-block-paragraph\">Mesajul a fost \u00eenso\u021bit de un videoclip \u00een care Fritz vorbe\u0219te despre reac\u021biile primite \u00een ultimele ore \u0219i despre motivul pentru care a decis s\u0103 se implice \u00een politica rom\u00e2neasc\u0103.<\/p>\n<p class=\"wp-block-paragraph\">Primarul spune c\u0103 a primit \u201emii \u0219i mii de mesaje de sus\u021binere\u201d \u0219i c\u0103 solidaritatea oamenilor a avut un impact asupra sa. \u00cen acela\u0219i timp, el sus\u021bine c\u0103 reac\u021bia public\u0103 nu ar trebui s\u0103 se rezume la ap\u0103rarea persoanei sale.<\/p>\n<h2 class=\"wp-block-heading\">Fritz spune c\u0103 miza este \u201edemnitatea Timi\u0219oarenilor\u201d<\/h2>\n<p class=\"wp-block-paragraph\">\u00cen videoclip, Dominic Fritz afirm\u0103 c\u0103 revolta celor care \u00eel sus\u021bin nu ar trebui privit\u0103 doar prin prisma situa\u021biei sale personale.<\/p>\n<p class=\"wp-block-paragraph\">\u201eRevolta voastr\u0103 nu e despre mine, ci despre ceva mult mai mare. E despre demnitatea Timi\u0219oarenilor\u201d, spune Fritz.<\/p>\n<p class=\"wp-block-paragraph\">Liderul USR sus\u021bine c\u0103 decizia \u0219i consecin\u021bele sale au generat inclusiv mesaje de la oameni care se \u00eentreab\u0103 dac\u0103 mai are rost s\u0103 r\u0103m\u00e2n\u0103 \u00een Rom\u00e2nia.<\/p>\n<p class=\"wp-block-paragraph\">Fritz spune c\u0103 tocmai aceast\u0103 stare de dezam\u0103gire l-a determinat s\u0103 intre \u00een politica rom\u00e2neasc\u0103. El aminte\u0219te protestele din 2017 \u00eempotriva OUG 13 \u0219i afirm\u0103 c\u0103, la acel moment, a fost motivat de sentimentul c\u0103 foarte mul\u021bi oameni ajunseser\u0103 s\u0103 cread\u0103 c\u0103 lupta politic\u0103 este pierdut\u0103 \u0219i c\u0103 singura solu\u021bie este plecarea din \u021bar\u0103.<\/p>\n<h2 class=\"wp-block-heading\">\u201eM-am mutat atunci \u00een Rom\u00e2nia \u00een 2019\u201d<\/h2>\n<p class=\"wp-block-paragraph\">Dominic Fritz a vorbit \u0219i despre propriul traseu politic \u0219i despre decizia de a se implica \u00een administra\u021bia din Timi\u0219oara.<\/p>\n<p class=\"wp-block-paragraph\">\u201eM-am mutat atunci \u00een Rom\u00e2nia \u00een 2019, am candidat la prim\u0103ria Timi\u0219oara ca s\u0103 ar\u0103t c\u0103 se poate construi ceva \u00een \u021bara asta \u0219i nu regret\u201d, afirm\u0103 primarul.<\/p>\n<p class=\"wp-block-paragraph\">El spune c\u0103 experien\u021ba de la Timi\u0219oara \u0219i colaborarea cu colegii din USR din \u00eentreaga \u021bar\u0103 i-au confirmat convingerea c\u0103 schimbarea este posibil\u0103.<\/p>\n<p class=\"wp-block-paragraph\">Fritz sus\u021bine c\u0103 a g\u0103sit \u00een Rom\u00e2nia o comunitate numeroas\u0103 de oameni care cred \u00een aceea\u0219i direc\u021bie \u0219i consider\u0103 aceast\u0103 comunitate o surs\u0103 de for\u021b\u0103 politic\u0103.<\/p>\n<h2 class=\"wp-block-heading\">\u201e\u021ainta principal\u0103 a execu\u021biei mele nu sunt eu, ci e\u0219ti tu\u201d<\/h2>\n<p class=\"wp-block-paragraph\">Cea mai dur\u0103 parte a mesajului lui Dominic Fritz este legat\u0103 de ceea ce el consider\u0103 a fi miza real\u0103 a situa\u021biei.<\/p>\n<p class=\"wp-block-paragraph\">\u201e\u021ainta principal\u0103 a execu\u021biei mele nu sunt eu, ci e\u0219ti tu\u201d, afirm\u0103 Fritz \u00een videoclip.<\/p>\n<p class=\"wp-block-paragraph\">Primarul Timi\u0219oarei sus\u021bine c\u0103 scopul celor care \u00eencearc\u0103 s\u0103 \u00eel \u00eenl\u0103ture este de a-i face pe oameni s\u0103 cread\u0103 c\u0103 nu mai au putere \u0219i c\u0103 nu mai exist\u0103 motive pentru a se implica.<\/p>\n<p class=\"wp-block-paragraph\">El spune c\u0103 nu inten\u021bioneaz\u0103 s\u0103 cedeze \u0219i c\u0103 este \u201emai determinat ca niciodat\u0103\u201d s\u0103 continue lupta politic\u0103. \u00cen acela\u0219i registru, Fritz \u00eei acuz\u0103 pe cei pe care \u00eei nume\u0219te \u201emafio\u021bii sistemului\u201d c\u0103 au furat de-a lungul timpului speran\u021ba \u0219i calitatea vie\u021bii oamenilor.<\/p>\n<h2 class=\"wp-block-heading\">Fritz: \u201eNu voi pleca nic\u0103ieri. Timi\u0219oara r\u0103m\u00e2ne casa mea\u201d<\/h2>\n<p class=\"wp-block-paragraph\">\u00cen partea final\u0103 a mesajului video, Dominic Fritz vorbe\u0219te direct despre viitorul s\u0103u \u0219i despre rela\u021bia cu Timi\u0219oara.<\/p>\n<p class=\"wp-block-paragraph\">\u201eEu nu voi pleca nic\u0103ieri. Timi\u0219oara r\u0103m\u00e2ne casa mea \u0219i niciodat\u0103 nu voi tr\u0103da \u00eencrederea celor care m-au votat\u201d, spune primarul.<\/p>\n<p class=\"wp-block-paragraph\">Fritz le cere celor care sus\u021bin statul de drept \u0219i libertatea \u00een Rom\u00e2nia s\u0103 \u00ee\u0219i fac\u0103 vocea auzit\u0103. Printre formele de implicare enumerate de liderul USR se num\u0103r\u0103 post\u0103rile pe re\u021belele sociale, realizarea de videoclipuri, distribuirea mesajului s\u0103u, discu\u021biile cu familia \u0219i prietenii \u0219i participarea la proteste.<\/p>\n<p class=\"wp-block-paragraph\">\u201eAu crezut c\u0103 ne termin\u0103, dar abia am \u00eenceput\u201d, este mesajul cu care Dominic Fritz \u00ee\u0219i \u00eencheie videoclipul.<\/p>\n<h2 class=\"wp-block-heading\">USR \u00ee\u0219i sus\u021bine liderul dup\u0103 decizia CCR<\/h2>\n<p class=\"wp-block-paragraph\">Reac\u021bia lui Dominic Fritz vine \u00eentr-un moment \u00een care conducerea USR s-a mobilizat \u00een jurul liderului partidului. Dup\u0103 decizia CCR, forma\u021biunea a anun\u021bat m\u0103suri de sus\u021binere politic\u0103 pentru pre\u0219edintele s\u0103u.<\/p>\n<p class=\"wp-block-paragraph\">Situa\u021bia este important\u0103 nu doar pentru administra\u021bia local\u0103 din Timi\u0219oara, ci \u0219i pentru USR. Dominic Fritz ocup\u0103 func\u021bia de pre\u0219edinte al partidului \u0219i este unul dintre principalii lideri ai forma\u021biunii.<\/p>\n<p class=\"wp-block-paragraph\">\u00cen aceste condi\u021bii, o eventual\u0103 \u00eencetare a mandatului de primar ar avea consecin\u021be politice care dep\u0103\u0219esc administra\u021bia Timi\u0219oarei. Fritz ar r\u0103m\u00e2ne liderul USR, \u00eens\u0103 pierderea func\u021biei de primar ar modifica semnificativ raportul politic \u00een jurul s\u0103u.<\/p>\n<h2 class=\"wp-block-heading\">Nicu\u0219or Dan: \u201eArgumentele din sesizarea mea erau foarte solide\u201d<\/h2>\n<p class=\"wp-block-paragraph\">\u00cen disputa privind noua Lege a Integrit\u0103\u021bii a intervenit \u0219i pre\u0219edintele Rom\u00e2niei, Nicu\u0219or Dan, care a contestat anterior actul normativ la Curtea Constitu\u021bional\u0103.<\/p>\n<p class=\"wp-block-paragraph\">Dup\u0103 decizia CCR, \u0219eful statului a spus c\u0103 \u00ee\u0219i men\u021bine opinia exprimat\u0103 \u00een sesizarea de neconstitu\u021bionalitate \u0219i dup\u0103 motivarea Cur\u021bii \u00een celelalte sesiz\u0103ri.<\/p>\n<p class=\"wp-block-paragraph\">\u201eConsider c\u0103 argumentele din sesizarea mea de neconstitu\u021bionalitate erau foarte solide. S-a \u00eent\u00e2mplat s\u0103 men\u021bin opinia \u0219i dup\u0103 motivarea CCR pe alte sesiz\u0103ri\u201d, a declarat Nicu\u0219or Dan.<\/p>\n<p class=\"wp-block-paragraph\">Declara\u021bia pre\u0219edintelui este relevant\u0103 \u00een contextul \u00een care CCR a considerat constitu\u021bional amendamentul care poate duce la \u00eencetarea mandatului lui Dominic Fritz.<\/p>\n<h2 class=\"wp-block-heading\">Decizia CCR a schimbat radical situa\u021bia politic\u0103 de la Timi\u0219oara<\/h2>\n<p class=\"wp-block-paragraph\">Curtea Constitu\u021bional\u0103 a decis luni c\u0103 prevederea din noua Lege a Integrit\u0103\u021bii referitoare la ale\u0219ii locali \u0219i demnitarii afla\u021bi \u00een situa\u021bii de incompatibilitate sau conflict de interese constatate definitiv \u00eenainte de intrarea \u00een vigoare a legii este constitu\u021bional\u0103.<\/p>\n<p class=\"wp-block-paragraph\">Prevederea poate duce, \u00een cazul lui Dominic Fritz, la \u00eencetarea mandatului de primar \u00een termen de 30 de zile de la intrarea \u00een vigoare a legii, dac\u0103 sunt \u00eendeplinite condi\u021biile prev\u0103zute de noul act normativ.<\/p>\n<p class=\"wp-block-paragraph\">Decizia a provocat reac\u021bii politice puternice, iar liderii USR au denun\u021bat ceea ce consider\u0103 a fi o interven\u021bie legislativ\u0103 \u00eendreptat\u0103 \u00eempotriva pre\u0219edintelui partidului. De partea cealalt\u0103, sus\u021bin\u0103torii prevederii invoc\u0103 necesitatea aplic\u0103rii regulilor privind integritatea ale\u0219ilor locali.<\/p>\n<h2 class=\"wp-block-heading\">Fritz transform\u0103 disputa juridic\u0103 \u00eentr-un apel politic<\/h2>\n<p class=\"wp-block-paragraph\">Mesajele publicate miercuri arat\u0103 c\u0103 Dominic Fritz a ales s\u0103 r\u0103spund\u0103 deciziei CCR nu doar prin argumente juridice, ci \u0219i prin mobilizarea sus\u021bin\u0103torilor s\u0103i.<\/p>\n<p class=\"wp-block-paragraph\">Primarul Timi\u0219oarei \u00ee\u0219i construie\u0219te mesajul \u00een jurul ideii c\u0103 miza dep\u0103\u0219e\u0219te propriul mandat \u0219i prive\u0219te rela\u021bia dintre cet\u0103\u021beni, institu\u021bii \u0219i statul de drept. \u00cen acela\u0219i timp, el \u00ee\u0219i asum\u0103 o pozi\u021bie de confruntare direct\u0103 cu adversarii politici \u0219i \u00eei \u00eendeamn\u0103 pe sus\u021bin\u0103torii s\u0103i s\u0103 reac\u021bioneze public.<\/p>\n<p class=\"wp-block-paragraph\">Pentru Timi\u0219oara, urm\u0103toarea etap\u0103 va fi determinat\u0103 de parcursul Legii Integrit\u0103\u021bii \u0219i de aplicarea prevederilor sale dup\u0103 intrarea \u00een vigoare. P\u00e2n\u0103 atunci, Dominic Fritz transmite c\u0103 nu inten\u021bioneaz\u0103 s\u0103 renun\u021be la func\u021bia pe care o de\u021bine \u0219i nici la rolul s\u0103u politic \u00een USR.<\/p>\n<p class=\"wp-block-paragraph\">\u201eNu e\u0219ti singur, suntem mul\u021bi, foarte mul\u021bi\u201d, este mesajul central pe care liderul USR \u00eel transmite sus\u021bin\u0103torilor s\u0103i la o zi dup\u0103 decizia Cur\u021bii Constitu\u021bionale.<\/p>\n<\/div>\n<footer>\n<div class=\"td-post-source-tags\">\n<ul class=\"td-tags td-post-small-box clearfix\">\n<li><span>ETICHETE<\/span><\/li>\n<li><a href=\"https:\/\/orasul-timisoara.ro\/local-tag\/administratie-timisoara-2\/\">administra\u021bie Timi\u0219oara<\/a><\/li>\n<li><a href=\"https:\/\/orasul-timisoara.ro\/local-tag\/ccr\/\">ccr<\/a><\/li>\n<li><a href=\"https:\/\/orasul-timisoara.ro\/local-tag\/curtea-constitutionala\/\">Curtea Constitu\u021bional\u0103<\/a><\/li>\n<li><a href=\"https:\/\/orasul-timisoara.ro\/local-tag\/dominic-fritz\/\">dominic fritz<\/a><\/li>\n<li><a href=\"https:\/\/orasul-timisoara.ro\/local-tag\/legea-ani\/\">legea ANI<\/a><\/li>\n<li><a href=\"https:\/\/orasul-timisoara.ro\/local-tag\/legea-integritatii\/\">Legea Integrit\u0103\u021bii<\/a><\/li>\n<li><a href=\"https:\/\/orasul-timisoara.ro\/local-tag\/mandat-dominic-fritz\/\">mandat Dominic Fritz<\/a><\/li>\n<li><a href=\"https:\/\/orasul-timisoara.ro\/local-tag\/nicusor-dan-2\/\">Nicu\u0219or Dan<\/a><\/li>\n<li><a href=\"https:\/\/orasul-timisoara.ro\/local-tag\/politica-timis-2\/\">politic\u0103 Timi\u0219<\/a><\/li>\n<li><a href=\"https:\/\/orasul-timisoara.ro\/local-tag\/primaria-timisoara-2\/\">Prim\u0103ria Timi\u0219oara<\/a><\/li>\n<li><a href=\"https:\/\/orasul-timisoara.ro\/local-tag\/protest-timisoara-2\/\">protest Timi\u0219oara<\/a><\/li>\n<li><a href=\"https:\/\/orasul-timisoara.ro\/local-tag\/psd\/\">psd<\/a><\/li>\n<li><a href=\"https:\/\/orasul-timisoara.ro\/local-tag\/timisoara-2\/\">timi\u0219oara<\/a><\/li>\n<li><a href=\"https:\/\/orasul-timisoara.ro\/local-tag\/usr\/\">usr<\/a><\/li>\n<\/ul>\n<\/div>\n<div class=\"td-post-sharing-bottom\">\n<div class=\"td-post-sharing-classic\"><iframe title=\"bottomFacebookLike\" frameborder src=\"https:\/\/www.facebook.com\/plugins\/like.php?href=https:\/\/orasul-timisoara.ro\/local-40308\/&amp;layout=button_count&amp;show_faces=false&amp;width=105&amp;action=like&amp;colorscheme=light&amp;height=21\"><\/iframe><\/div>\n<div id=\"td_social_sharing_article_bottom\" class=\"td-post-sharing td-ps-bg td-ps-notext td-post-sharing-style1 \">\n<div class=\"td-post-sharing-visible\"><a class=\"td-social-sharing-button td-social-sharing-button-js td-social-network td-social-facebook\" href=\"https:\/\/www.facebook.com\/sharer.php?u=https%3A%2F%2Forasul-timisoara.ro%2Flocal-40308%2F\" title=\"Facebook\"><\/p>\n<div class=\"td-social-but-text\">Facebook<\/div>\n<p><\/a><a class=\"td-social-sharing-button td-social-sharing-button-js td-social-network td-social-twitter\" href=\"https:\/\/twitter.com\/intent\/tweet?text=Dominic+Fritz%2C+mesaj+dur+dup%C4%83+decizia+CCR%3A+%E2%80%9ENu+voi+pleca+nic%C4%83ieri.+Timi%C8%99oara+r%C4%83m%C3%A2ne+casa+mea%E2%80%9D&amp;url=https%3A%2F%2Forasul-timisoara.ro%2Flocal-40308%2F&amp;via=orasultm\" title=\"Twitter\"><\/p>\n<div class=\"td-social-but-text\">Twitter<\/div>\n<p><\/a><a class=\"td-social-sharing-button td-social-sharing-button-js td-social-network td-social-whatsapp\" href=\"https:\/\/api.whatsapp.com\/send?text=Dominic+Fritz%2C+mesaj+dur+dup%C4%83+decizia+CCR%3A+%E2%80%9ENu+voi+pleca+nic%C4%83ieri.+Timi%C8%99oara+r%C4%83m%C3%A2ne+casa+mea%E2%80%9D%20%0A%0A%20https:\/\/orasul-timisoara.ro\/local-40308\/\" title=\"WhatsApp\"><\/p>\n<div class=\"td-social-but-text\">WhatsApp<\/div>\n<p><\/a><a class=\"td-social-sharing-button td-social-sharing-button-js td-social-network td-social-linkedin\" href=\"https:\/\/www.linkedin.com\/shareArticle?mini=true&amp;url=https:\/\/orasul-timisoara.ro\/local-40308\/&amp;title=Dominic+Fritz%2C+mesaj+dur+dup%C4%83+decizia+CCR%3A+%E2%80%9ENu+voi+pleca+nic%C4%83ieri.+Timi%C8%99oara+r%C4%83m%C3%A2ne+casa+mea%E2%80%9D\" title=\"Linkedin\"><\/p>\n<div class=\"td-social-but-text\">Linkedin<\/div>\n<p><\/a><a class=\"td-social-sharing-button td-social-sharing-button-js td-social-network td-social-reddit\" href=\"https:\/\/reddit.com\/submit?url=https:\/\/orasul-timisoara.ro\/local-40308\/&amp;title=Dominic+Fritz%2C+mesaj+dur+dup%C4%83+decizia+CCR%3A+%E2%80%9ENu+voi+pleca+nic%C4%83ieri.+Timi%C8%99oara+r%C4%83m%C3%A2ne+casa+mea%E2%80%9D\" title=\"ReddIt\"><\/p>\n<div class=\"td-social-but-text\">ReddIt<\/div>\n<p><\/a><a class=\"td-social-sharing-button td-social-sharing-button-js td-social-network td-social-mail\" href=\"mailto:?subject=Dominic%20Fritz,%20mesaj%20dur%20dup%C4%83%20decizia%20CCR:%20%E2%80%9ENu%20voi%20pleca%20nic%C4%83ieri.%20Timi%C8%99oara%20r%C4%83m%C3%A2ne%20casa%20mea%E2%80%9D&amp;body=https:\/\/orasul-timisoara.ro\/local-40308\/\" title=\"Email\"><\/p>\n<div class=\"td-social-but-text\">Email<\/div>\n<p><\/a><a class=\"td-social-sharing-button td-social-sharing-button-js td-social-network td-social-print\" href=\"https:\/\/orasul-timisoara.ro\/local-40308\/\" title=\"Imprimare\"><\/p>\n<div class=\"td-social-but-text\">Imprimare<\/div>\n<p><\/a><\/div>\n<\/div>\n<\/div>\n<div class=\"td-block-row td-post-next-prev\">\n<div class=\"td-block-span6 td-post-prev-post\">\n<div class=\"td-post-next-prev-content\"><span>Articolul precedent<\/span><a href=\"https:\/\/orasul-timisoara.ro\/local-40306\/\">Paradoxul Legii Integrit\u0103\u021bii: Dominic Fritz poate pierde mandatul pentru o fapt\u0103 care nu mai e conflict de interese<\/a><\/div>\n<\/div>\n<div class=\"td-block-span6 td-post-next-post\">\n<div class=\"td-post-next-prev-content\"><span>Articolul urm\u0103tor<\/span><a href=\"https:\/\/orasul-timisoara.ro\/local-40310\/\">Claudiu Coman, primarul din S\u00e2nandrei, acuzat c\u0103 duce utilit\u0103\u021bi spre terenul pentru care are promisiune de cump\u0103rare<\/a><\/div>\n<\/div>\n<\/div>\n<div class=\"td-author-name vcard author\"><span class=\"fn\"><a href=\"https:\/\/orasul-timisoara.ro\/author\/timisoara\/\">redactia<\/a><\/span><\/div>\n<p><span class=\"td-page-meta\"><\/span><span class=\"td-page-meta\"><span class=\"td-page-meta\"><\/span><\/span><span class=\"td-page-meta\"><\/span><\/footer>\n<div class=\"td_block_wrap td_block_related_posts tdi_3 td_with_ajax_pagination td-pb-border-top td_block_template_8\" data-td-block-uid=\"tdi_3\">\n<h4 class=\"td-related-title td-block-title\"><a id=\"tdi_4\" class=\"td-related-left td-cur-simple-item\" data-td_filter_value data-td_block_id=\"tdi_3\" href=\"https:\/\/orasul-timisoara.ro\/local-40308\/\">ARTICOLE SIMILARE<\/a><a id=\"tdi_5\" class=\"td-related-right\" data-td_filter_value=\"td_related_more_from_author\" data-td_block_id=\"tdi_3\" href=\"https:\/\/orasul-timisoara.ro\/local-40308\/\">DE LA ACELA\u0218I AUTOR<\/a><\/h4>\n<div id=\"tdi_3\" class=\"td_block_inner\">\n<div class=\"td-related-row\">\n<div class=\"td-related-span4\">\n<div class=\"td_module_related_posts td-animation-stack td_mod_related_posts\">\n<div class=\"td-module-image\">\n<div class=\"td-module-thumb\"><a href=\"https:\/\/orasul-timisoara.ro\/local-40306\/\" rel=\"bookmark\" class=\"td-image-wrap \" title=\"Paradoxul Legii Integrit\u0103\u021bii: Dominic Fritz poate pierde mandatul pentru o fapt\u0103 care nu mai e conflict de interese\"><img loading=\"lazy\" decoding=\"async\" class=\"entry-thumb\" src=\"https:\/\/orasul-timisoara.ro\/wp-content\/uploads\/2026\/08\/dominic-fritz-009-436x300.jpg\" alt title=\"Paradoxul Legii Integrit\u0103\u021bii: Dominic Fritz poate pierde mandatul pentru o fapt\u0103 care nu mai e conflict de interese\" width=\"218\" height=\"150\"><\/a><\/div>\n<\/div>\n<div class=\"item-details\">\n<h3 class=\"entry-title td-module-title\"><a href=\"https:\/\/orasul-timisoara.ro\/local-40306\/\" rel=\"bookmark\" title=\"Paradoxul Legii Integrit\u0103\u021bii: Dominic Fritz poate pierde mandatul pentru o fapt\u0103 care nu mai e conflict de interese\">Paradoxul Legii Integrit\u0103\u021bii: Dominic Fritz poate pierde mandatul pentru o fapt\u0103 care nu mai e conflict de interese<\/a><\/h3>\n<\/div>\n<\/div>\n<\/div>\n<div class=\"td-related-span4\">\n<div class=\"td_module_related_posts td-animation-stack td_mod_related_posts\">\n<div class=\"td-module-image\">\n<div class=\"td-module-thumb\"><a href=\"https:\/\/orasul-timisoara.ro\/local-40282\/\" rel=\"bookmark\" class=\"td-image-wrap \" title=\"Alin Nica avertizeaz\u0103 asupra efectelor Legii ANI pentru Timi\u0219oara\"><img loading=\"lazy\" decoding=\"async\" class=\"entry-thumb\" src=\"https:\/\/orasul-timisoara.ro\/wp-content\/uploads\/2024\/04\/nica-fritz-aeroport-436x300.jpg\" alt title=\"Alin Nica avertizeaz\u0103 asupra efectelor Legii ANI pentru Timi\u0219oara\" width=\"218\" height=\"150\"><\/a><\/div>\n<\/div>\n<div class=\"item-details\">\n<h3 class=\"entry-title td-module-title\"><a href=\"https:\/\/orasul-timisoara.ro\/local-40282\/\" rel=\"bookmark\" title=\"Alin Nica avertizeaz\u0103 asupra efectelor Legii ANI pentru Timi\u0219oara\">Alin Nica avertizeaz\u0103 asupra efectelor Legii ANI pentru Timi\u0219oara<\/a><\/h3>\n<\/div>\n<\/div>\n<\/div>\n<div class=\"td-related-span4\">\n<div class=\"td_module_related_posts td-animation-stack td_mod_related_posts\">\n<div class=\"td-module-image\">\n<div class=\"td-module-thumb\"><a href=\"https:\/\/orasul-timisoara.ro\/local-40279\/\" rel=\"bookmark\" class=\"td-image-wrap \" title=\"Reac\u021bia lui Dominic Fritz dup\u0103 decizia CCR: \u201eNevoia mafiei privilegia\u021bilor de a sc\u0103pa de mine \u00eei face s\u0103 ac\u021bioneze disperat p\u00e2n\u0103 \u00eentr-acolo \u00eenc\u00e2t demoleaz\u0103 bazele democra\u021biei\u201d! Primarul anun\u021b\u0103 demersuri la CEDO\"><img loading=\"lazy\" decoding=\"async\" class=\"entry-thumb\" src=\"https:\/\/orasul-timisoara.ro\/wp-content\/uploads\/2026\/08\/dominic-fritz-009-436x300.jpg\" alt title=\"Reac\u021bia lui Dominic Fritz dup\u0103 decizia CCR: \u201eNevoia mafiei privilegia\u021bilor de a sc\u0103pa de mine \u00eei face s\u0103 ac\u021bioneze disperat p\u00e2n\u0103 \u00eentr-acolo \u00eenc\u00e2t demoleaz\u0103 bazele democra\u021biei\u201d! Primarul anun\u021b\u0103 demersuri la CEDO\" width=\"218\" height=\"150\"><\/a><\/div>\n<\/div>\n<div class=\"item-details\">\n<h3 class=\"entry-title td-module-title\"><a href=\"https:\/\/orasul-timisoara.ro\/local-40279\/\" rel=\"bookmark\" title=\"Reac\u021bia lui Dominic Fritz dup\u0103 decizia CCR: \u201eNevoia mafiei privilegia\u021bilor de a sc\u0103pa de mine \u00eei face s\u0103 ac\u021bioneze disperat p\u00e2n\u0103 \u00eentr-acolo \u00eenc\u00e2t demoleaz\u0103 bazele democra\u021biei\u201d! Primarul anun\u021b\u0103 demersuri la CEDO\">Reac\u021bia lui Dominic Fritz dup\u0103 decizia CCR: \u201eNevoia mafiei privilegia\u021bilor de a sc\u0103pa de mine \u00eei face s\u0103 ac\u021bioneze disperat p\u00e2n\u0103 \u00eentr-acolo \u00eenc\u00e2t demoleaz\u0103&#8230;<\/a><\/h3>\n<\/div>\n<\/div>\n<\/div>\n<\/div>\n<\/div>\n<\/div>\n<div class=\"comments\" id=\"comments\">\n<div id=\"respond\" class=\"comment-respond\">\n<h3 id=\"reply-title\" class=\"comment-reply-title\">L\u0102SA\u021aI UN MESAJ<\/h3>\n<div class=\"comment-form-input-wrap td-form-comment\">\n<div class=\"td-warning-comment\">V\u0103 rug\u0103m s\u0103 introduce\u021bi comentariul dvs.!<\/div>\n<\/div>\n<div class=\"comment-form-input-wrap td-form-author\">\n<div class=\"td-warning-author\">Introduce\u021bi aici numele dvs.<\/div>\n<\/div>\n<div class=\"comment-form-input-wrap td-form-email\">\n<div class=\"td-warning-email-error\">A\u021bi introdus o adres\u0103 de e-mail incorect\u0103!<\/div>\n<div class=\"td-warning-email\">V\u0103 rug\u0103m s\u0103 introduce\u021bi adresa dvs. de e-mail aici<\/div>\n<\/div>\n<\/div>\n<p class=\"akismet_comment_form_privacy_notice\">Acest site folose\u0219te Akismet pentru a reduce spamul. <a href=\"https:\/\/akismet.com\/privacy\/\" target=\"_blank\" rel=\"nofollow noopener\">Afl\u0103 cum sunt procesate datele comentariilor tale<\/a>.<\/p>\n<\/div>\n<\/div>\n<\/div>\n<div class=\"td-pb-span4 td-main-sidebar\" role=\"complementary\">\n<div class=\"td-ss-main-sidebar\">\n<aside id=\"block-4\" class=\"td_block_template_8 widget block-4 widget_block widget_media_image\">\n<figure class=\"wp-block-image size-full\"><img loading=\"lazy\" decoding=\"async\" width=\"336\" height=\"280\" src=\"https:\/\/orasul-timisoara.ro\/wp-content\/uploads\/2024\/11\/ReTIM-Abonamentul-Verde-Google-Ads-336x280px.gif\" alt class=\"wp-image-29257\"><\/figure>\n<\/aside>\n<div class=\"td_block_wrap td_block_social_counter td_block_widget tdi_6 td-social-style5 td-social-boxed td-pb-border-top td_block_template_8\">\n<div class=\"td-block-title-wrap\">\n<h4 class=\"td-block-title\"><span>Urm\u0103re\u0219te-ne pe Social Media<\/span><\/h4>\n<\/div>\n<div class=\"td-social-list\">\n<div class=\"td_social_type td-pb-margin-side td_social_facebook\">\n<div class=\"td-social-box\"><span class=\"td_social_info td_social_info_counter\">344,595<\/span><span class=\"td_social_info td_social_info_name\">Fani<\/span><span class=\"td_social_button\"><a href=\"https:\/\/www.facebook.com\/247timisoara\" target=\"_blank\" rel=\"nofollow\">\u00cemi place<\/a><\/span><\/div>\n<\/div>\n<div class=\"td_social_type td-pb-margin-side td_social_instagram\">\n<div class=\"td-social-box\"><span class=\"td_social_info td_social_info_counter\">4,416<\/span><span class=\"td_social_info td_social_info_name\">Cititori<\/span><span class=\"td_social_button\"><a href=\"https:\/\/instagram.com\/orasultimisoararo\/\" target=\"_blank\" rel=\"nofollow\">Conecta\u021bi-v\u0103<\/a><\/span><\/div>\n<\/div>\n<div class=\"td_social_type td-pb-margin-side td_social_rss\">\n<div class=\"td-social-box\"><span class=\"td_social_info td_social_info_counter\">12,506<\/span><span class=\"td_social_info td_social_info_name\">Cititori<\/span><span class=\"td_social_button\"><a href=\"https:\/\/orasul-timisoara.ro\/feed\/\" target=\"_blank\" rel=\"nofollow\">Conecta\u021bi-v\u0103<\/a><\/span><\/div>\n<\/div>\n<div class=\"td_social_type td-pb-margin-side td_social_tiktok\">\n<div class=\"td-social-box\"><span class=\"td_social_info td_social_info_counter\">1,500<\/span><span class=\"td_social_info td_social_info_name\">Cititori<\/span><span class=\"td_social_button\"><a href=\"https:\/\/www.tiktok.com\/@orasultimisoara\" target=\"_blank\" rel=\"nofollow\">Conecta\u021bi-v\u0103<\/a><\/span><\/div>\n<\/div>\n<div class=\"td_social_type td-pb-margin-side td_social_twitter\">\n<div class=\"td-social-box\"><span class=\"td_social_info td_social_info_counter\">1,595<\/span><span class=\"td_social_info td_social_info_name\">Cititori<\/span><span class=\"td_social_button\"><a href=\"https:\/\/twitter.com\/orasultm\" target=\"_blank\" rel=\"nofollow\">Conecta\u021bi-v\u0103<\/a><\/span><\/div>\n<\/div>\n<div class=\"td_social_type td-pb-margin-side td_social_youtube\">\n<div class=\"td-social-box\"><span class=\"td_social_info td_social_info_counter\">3,506<\/span><span class=\"td_social_info td_social_info_name\">Abona\u021bi<\/span><span class=\"td_social_button\"><a href=\"https:\/\/www.youtube.com\/channel\/UCQNsQvs2XCSIm1Z-AHRturw?sub_confirmation=1\" target=\"_blank\" rel=\"nofollow\">Abona\u021bi-v\u0103<\/a><\/span><\/div>\n<\/div>\n<\/div>\n<\/div>\n<aside id=\"text-7\" class=\"td_block_template_8 widget text-7 widget_text\">\n<h4 class=\"td-block-title\"><span>C\u0103ut\u0103ri populare pe OTM<\/span><\/h4>\n<div class=\"textwidget\"><a href=\"https:\/\/orasul-timisoara.ro\/?s=timisoara\"><span>Timisoara<\/span><\/a><a href=\"https:\/\/orasul-timisoara.ro\/?s=calin+dobra\"><span>Calin Dobra<\/span><\/a><a href=\"https:\/\/orasul-timisoara.ro\/?s=primaria+timisoara\"><span>Primaria Timisoara<\/span><\/a><a href=\"https:\/\/orasul-timisoara.ro\/?s=dominic+fritz\"><span>Dominic Fritz<\/span><\/a><a href=\"https:\/\/orasul-timisoara.ro\/?s=nicolae+robu\"><span>Nicolae Robu<\/span><\/a><a href=\"https:\/\/orasul-timisoara.ro\/?s=consiliul+local+timisoara\">Consiliul Local Timisoara<\/a><a href=\"https:\/\/orasul-timisoara.ro\/?s=consiliul+judetean+timis\"><span>Consiliul Judetean Timis<\/span><\/a><a href=\"https:\/\/orasul-timisoara.ro\/?s=cjt\"><span>CJT<\/span><\/a><a href=\"https:\/\/orasul-timisoara.ro\/?s=Alfred+Simonis\"><span>Alfred Simonis<\/span><\/a><a href=\"https:\/\/orasul-timisoara.ro\/?s=PNL\"><span>PNL<\/span><\/a><a href=\"https:\/\/orasul-timisoara.ro\/?s=coronavirus\"><span>coronavirus<\/span><\/a><a href=\"https:\/\/orasul-timisoara.ro\/?s=teatru+timisoara\">teatru Timisoara<\/a><a href=\"https:\/\/orasul-timisoara.ro\/?s=restaurante\"><span>restaurante Timisoara<\/span><\/a><a href=\"https:\/\/orasul-timisoara.ro\/?s=diskoteka\"><span>Diskoteka<\/span><\/a><a href=\"https:\/\/orasul-timisoara.ro\/?s=iulius+town\"><span>Iulius Town<\/span><\/a><a href=\"https:\/\/orasul-timisoara.ro\/?s=iulius+mall\"><span>Iulius Mall<\/span><\/a><a href=\"https:\/\/orasul-timisoara.ro\/?s=stpt\"><span>STPT<\/span><\/a><a href=\"https:\/\/orasul-timisoara.ro\/?s=alin+nica\"><span>Alin Nica<\/span><\/a><a href=\"https:\/\/orasul-timisoara.ro\/?s=psd\"><span>PSD<\/span><\/a><a href=\"https:\/\/orasul-timisoara.ro\/?s=aeroport\"><span>Aeroportul International Timisoara<\/span><\/a><a href=\"https:\/\/orasul-timisoara.ro\/?s=babes\"><span>Spitalul Victor Babes Timisoara<\/span><\/a><a href=\"https:\/\/orasul-timisoara.ro\/?s=poli\"><span>Poli Timi\u0219oara<\/span><\/a><a href=\"https:\/\/orasul-timisoara.ro\/?s=carantina\"><span>carantina<\/span><\/a><a href=\"https:\/\/orasul-timisoara.ro\/?s=aquatim\"><span>Aquatim<\/span><\/a><a href=\"https:\/\/orasul-timisoara.ro\/local-category\/stiri-timisoara\/\"><span>Stiri Timisoara<\/span><\/a><a href=\"https:\/\/orasul-timisoara.ro\/local-category\/investitii-in-timisoara\/\"><span>Investi\u021bii in Timi\u0219oara<\/span><\/a><a href=\"https:\/\/orasul-timisoara.ro\/local-9463\/\"><span>shaorma<\/span><\/a><a href=\"https:\/\/orasul-timisoara.ro\/?s=trafic\"><span>trafic rutier<\/span><\/a><a href=\"https:\/\/orasul-timisoara.ro\/?s=politia\"><span>politia locala timisoara<\/span><\/a><a href=\"https:\/\/orasul-timisoara.ro\/?s=roxana\"><span>Roxana Iliescu<\/span><\/a><a href=\"https:\/\/orasul-timisoara.ro\/?s=colterm\"><span>Colterm<\/span><\/a><a href=\"https:\/\/orasul-timisoara.ro\/?s=latcau\"><span>Ruben La\u021bc\u0103u<\/span><\/a><a href=\"https:\/\/orasul-timisoara.ro\/?s=timis\"><span>\u0218tiri din Timi\u0219<\/span><\/a><a href=\"https:\/\/orasul-timisoara.ro\/?s=spital\"><span>Spitale din Timi\u0219oara<\/span><\/a><a href=\"https:\/\/orasul-timisoara.ro\/?s=tabara\"><span>Cosmin Tab\u0103r\u0103<\/span><\/a><\/div>\n<\/aside>\n<aside id=\"rss-2\" class=\"td_block_template_8 widget rss-2 widget_rss\">\n<h4 class=\"td-block-title\"><span><a class=\"rsswidget rss-widget-feed\" href=\"https:\/\/fashionfridays.ro\/feed\"><img decoding=\"async\" class=\"rss-widget-icon\" width=\"14\" height=\"14\" src=\"https:\/\/orasul-timisoara.ro\/wp-includes\/images\/rss.png\" alt=\"RSS\" loading=\"lazy\"><\/a><a class=\"rsswidget rss-widget-title\" href=\"https:\/\/fashionfridays.ro\/\">Fashion Fridays<\/a><\/span><\/h4>\n<ul>\n<li><a class=\"rsswidget\" href=\"https:\/\/fashionfridays.ro\/romania-devine-a-29-a-piata-vogue-o-noua-era-pentru-industria-locala-de-moda\/\">Rom\u00e2nia devine a 29-a pia\u021b\u0103 Vogue: o nou\u0103 er\u0103 pentru industria local\u0103 de mod\u0103<\/a>\n<div class=\"rssSummary\">Revista Vogue \u00ee\u0219i extinde prezen\u021ba global\u0103 \u0219i va fi lansat\u0103 oficial \u00een Rom\u00e2nia \u00een prim\u0103vara anului 2027, marc\u00e2nd intrarea pe cea de-a 29-a pia\u021b\u0103 interna\u021bional\u0103. Proiectul este realizat \u00een parteneriat cu AEMME Publishing, o companie media recent \u00eenfiin\u021bat\u0103, care va publica edi\u021bia local\u0103 sub licen\u021b\u0103. Noua edi\u021bie, Vogue Rom\u00e2nia, \u00ee\u0219i propune s\u0103 combine autoritatea global\u0103 [\u2026]<\/div>\n<\/li>\n<\/ul>\n<\/aside>\n<aside id=\"rss-4\" class=\"td_block_template_8 widget rss-4 widget_rss\">\n<h4 class=\"td-block-title\"><span><a class=\"rsswidget rss-widget-feed\" href=\"https:\/\/emasini.ro\/feed\"><img decoding=\"async\" class=\"rss-widget-icon\" width=\"14\" height=\"14\" src=\"https:\/\/orasul-timisoara.ro\/wp-includes\/images\/rss.png\" alt=\"RSS\" loading=\"lazy\"><\/a><a class=\"rsswidget rss-widget-title\" href=\"https:\/\/emasini.ro\/\">eMasini<\/a><\/span><\/h4>\n<ul>\n<li><a class=\"rsswidget\" href=\"https:\/\/emasini.ro\/bmw-testeaza-noul-i4-convertible-primul-cabrio-electric-accesibil-al-marcii\/\">BMW testeaz\u0103 noul i4 Convertible, primul cabrio electric accesibil al m\u0103rcii<\/a>\n<div class=\"rssSummary\">BMW accelereaz\u0103 dezvoltarea noii genera\u021bii de modele electrice bazate pe platforma Neue Klasse, iar unul dintre cele mai interesante proiecte aflate \u00een teste este viitorul BMW i4 Convertible. Prototipul camuflat a fost surprins pe \u0219osele, confirm\u00e2nd c\u0103 produc\u0103torul german preg\u0103te\u0219te o decapotabil\u0103 electric\u0103 destinat\u0103 unui segment \u00een care oferta este, \u00een prezent, extrem de limitat\u0103. [\u2026]<\/div>\n<\/li>\n<\/ul>\n<\/aside>\n<\/div>\n<\/div>\n<\/div>\n<\/div>\n<\/article>\n<div class=\"td-post-content tagdiv-type\">\n<p class=\"wp-block-paragraph\">Dominic Fritz a reac\u021bionat miercuri, 18 august, dup\u0103 decizia Cur\u021bii Constitu\u021bionale privind noua Lege a Integrit\u0103\u021bii, care poate duce la \u00eencetarea mandatului s\u0103u de primar al Timi\u0219oarei. Liderul USR a publicat dou\u0103 mesaje pe Facebook, primul cu o ironie adresat\u0103 PSD, iar al doilea, \u00eenso\u021bit de un videoclip, cu un apel direct c\u0103tre sus\u021bin\u0103torii s\u0103i.<\/p>\n<p class=\"wp-block-paragraph\">\u00cen mesajul video, Fritz spune c\u0103 nu consider\u0103 c\u0103 miza este doar propria sa func\u021bie, ci ceea ce el nume\u0219te \u201edemnitatea Timi\u0219oarenilor\u201d \u0219i ap\u0103rarea statului de drept. Primarul Timi\u0219oarei afirm\u0103 c\u0103 nu inten\u021bioneaz\u0103 s\u0103 plece \u0219i \u00eei \u00eendeamn\u0103 pe cei care \u00eel sus\u021bin s\u0103 \u00ee\u0219i manifeste public nemul\u021bumirea, inclusiv prin post\u0103ri pe re\u021belele sociale \u0219i participarea la proteste.<\/p>\n<h2 class=\"wp-block-heading\">Dominic Fritz, reac\u021bie dup\u0103 decizia CCR: \u201eTot nu v\u0103 d\u0103m un guvern PSD\u201d<\/h2>\n<p class=\"wp-block-paragraph\">Prima reac\u021bie a lui Dominic Fritz a venit miercuri diminea\u021b\u0103, la o zi dup\u0103 decizia CCR privind Legea Integrit\u0103\u021bii.<\/p>\n<p class=\"wp-block-paragraph\">\u201eBun\u0103 diminea\u021ba, tot nu v\u0103 d\u0103m un guvern PSD\u201d, a scris liderul USR pe Facebook.<\/p>\n<p class=\"wp-block-paragraph\">Mesajul vine \u00een contextul conflictului politic dintre USR \u0219i PSD, dup\u0103 ie\u0219irea social-democra\u021bilor de la guvernare \u0219i atacurile ulterioare la adresa Guvernului Bolojan. Cele dou\u0103 forma\u021biuni au f\u0103cut parte din aceea\u0219i coali\u021bie de guvernare, \u00eens\u0103 rela\u021bia politic\u0103 s-a deteriorat \u00een lunile urm\u0103toare.<\/p>\n<p class=\"wp-block-paragraph\">Replica lui Fritz face trimitere direct\u0103 la disputa politic\u0103 \u00een care PSD este acuzat de USR c\u0103 urm\u0103re\u0219te \u00eenl\u0103turarea sa de la conducerea Prim\u0103riei Timi\u0219oara prin prevederea introdus\u0103 \u00een Legea Integrit\u0103\u021bii.<\/p>\n<h2 class=\"wp-block-heading\">\u201eEu refuz s\u0103 fiu umilit sau redus la t\u0103cere\u201d<\/h2>\n<p class=\"wp-block-paragraph\">C\u00e2teva ore mai t\u00e2rziu, Dominic Fritz a revenit cu un mesaj mult mai amplu, adresat celor care i-au transmis mesaje de sus\u021binere dup\u0103 decizia CCR.<\/p>\n<p class=\"wp-block-paragraph\">\u201eEu refuz s\u0103 fiu umilit sau redus la t\u0103cere \u0219i te rog \u0219i pe tine s\u0103 refuzi. Nu e\u0219ti singur. Suntem mul\u021bi, foarte mul\u021bi, pe zi ce trece tot mai mul\u021bi\u201d, a transmis primarul Timi\u0219oarei.<\/p>\n<p class=\"wp-block-paragraph\">Mesajul a fost \u00eenso\u021bit de un videoclip \u00een care Fritz vorbe\u0219te despre reac\u021biile primite \u00een ultimele ore \u0219i despre motivul pentru care a decis s\u0103 se implice \u00een politica rom\u00e2neasc\u0103.<\/p>\n<p class=\"wp-block-paragraph\">Primarul spune c\u0103 a primit \u201emii \u0219i mii de mesaje de sus\u021binere\u201d \u0219i c\u0103 solidaritatea oamenilor a avut un impact asupra sa. \u00cen acela\u0219i timp, el sus\u021bine c\u0103 reac\u021bia public\u0103 nu ar trebui s\u0103 se rezume la ap\u0103rarea persoanei sale.<\/p>\n<h2 class=\"wp-block-heading\">Fritz spune c\u0103 miza este \u201edemnitatea Timi\u0219oarenilor\u201d<\/h2>\n<p class=\"wp-block-paragraph\">\u00cen videoclip, Dominic Fritz afirm\u0103 c\u0103 revolta celor care \u00eel sus\u021bin nu ar trebui privit\u0103 doar prin prisma situa\u021biei sale personale.<\/p>\n<p class=\"wp-block-paragraph\">\u201eRevolta voastr\u0103 nu e despre mine, ci despre ceva mult mai mare. E despre demnitatea Timi\u0219oarenilor\u201d, spune Fritz.<\/p>\n<p class=\"wp-block-paragraph\">Liderul USR sus\u021bine c\u0103 decizia \u0219i consecin\u021bele sale au generat inclusiv mesaje de la oameni care se \u00eentreab\u0103 dac\u0103 mai are rost s\u0103 r\u0103m\u00e2n\u0103 \u00een Rom\u00e2nia.<\/p>\n<p class=\"wp-block-paragraph\">Fritz spune c\u0103 tocmai aceast\u0103 stare de dezam\u0103gire l-a determinat s\u0103 intre \u00een politica rom\u00e2neasc\u0103. El aminte\u0219te protestele din 2017 \u00eempotriva OUG 13 \u0219i afirm\u0103 c\u0103, la acel moment, a fost motivat de sentimentul c\u0103 foarte mul\u021bi oameni ajunseser\u0103 s\u0103 cread\u0103 c\u0103 lupta politic\u0103 este pierdut\u0103 \u0219i c\u0103 singura solu\u021bie este plecarea din \u021bar\u0103.<\/p>\n<h2 class=\"wp-block-heading\">\u201eM-am mutat atunci \u00een Rom\u00e2nia \u00een 2019\u201d<\/h2>\n<p class=\"wp-block-paragraph\">Dominic Fritz a vorbit \u0219i despre propriul traseu politic \u0219i despre decizia de a se implica \u00een administra\u021bia din Timi\u0219oara.<\/p>\n<p class=\"wp-block-paragraph\">\u201eM-am mutat atunci \u00een Rom\u00e2nia \u00een 2019, am candidat la prim\u0103ria Timi\u0219oara ca s\u0103 ar\u0103t c\u0103 se poate construi ceva \u00een \u021bara asta \u0219i nu regret\u201d, afirm\u0103 primarul.<\/p>\n<p class=\"wp-block-paragraph\">El spune c\u0103 experien\u021ba de la Timi\u0219oara \u0219i colaborarea cu colegii din USR din \u00eentreaga \u021bar\u0103 i-au confirmat convingerea c\u0103 schimbarea este posibil\u0103.<\/p>\n<p class=\"wp-block-paragraph\">Fritz sus\u021bine c\u0103 a g\u0103sit \u00een Rom\u00e2nia o comunitate numeroas\u0103 de oameni care cred \u00een aceea\u0219i direc\u021bie \u0219i consider\u0103 aceast\u0103 comunitate o surs\u0103 de for\u021b\u0103 politic\u0103.<\/p>\n<h2 class=\"wp-block-heading\">\u201e\u021ainta principal\u0103 a execu\u021biei mele nu sunt eu, ci e\u0219ti tu\u201d<\/h2>\n<p class=\"wp-block-paragraph\">Cea mai dur\u0103 parte a mesajului lui Dominic Fritz este legat\u0103 de ceea ce el consider\u0103 a fi miza real\u0103 a situa\u021biei.<\/p>\n<p class=\"wp-block-paragraph\">\u201e\u021ainta principal\u0103 a execu\u021biei mele nu sunt eu, ci e\u0219ti tu\u201d, afirm\u0103 Fritz \u00een videoclip.<\/p>\n<p class=\"wp-block-paragraph\">Primarul Timi\u0219oarei sus\u021bine c\u0103 scopul celor care \u00eencearc\u0103 s\u0103 \u00eel \u00eenl\u0103ture este de a-i face pe oameni s\u0103 cread\u0103 c\u0103 nu mai au putere \u0219i c\u0103 nu mai exist\u0103 motive pentru a se implica.<\/p>\n<p class=\"wp-block-paragraph\">El spune c\u0103 nu inten\u021bioneaz\u0103 s\u0103 cedeze \u0219i c\u0103 este \u201emai determinat ca niciodat\u0103\u201d s\u0103 continue lupta politic\u0103. \u00cen acela\u0219i registru, Fritz \u00eei acuz\u0103 pe cei pe care \u00eei nume\u0219te \u201emafio\u021bii sistemului\u201d c\u0103 au furat de-a lungul timpului speran\u021ba \u0219i calitatea vie\u021bii oamenilor.<\/p>\n<h2 class=\"wp-block-heading\">Fritz: \u201eNu voi pleca nic\u0103ieri. Timi\u0219oara r\u0103m\u00e2ne casa mea\u201d<\/h2>\n<p class=\"wp-block-paragraph\">\u00cen partea final\u0103 a mesajului video, Dominic Fritz vorbe\u0219te direct despre viitorul s\u0103u \u0219i despre rela\u021bia cu Timi\u0219oara.<\/p>\n<p class=\"wp-block-paragraph\">\u201eEu nu voi pleca nic\u0103ieri. Timi\u0219oara r\u0103m\u00e2ne casa mea \u0219i niciodat\u0103 nu voi tr\u0103da \u00eencrederea celor care m-au votat\u201d, spune primarul.<\/p>\n<p class=\"wp-block-paragraph\">Fritz le cere celor care sus\u021bin statul de drept \u0219i libertatea \u00een Rom\u00e2nia s\u0103 \u00ee\u0219i fac\u0103 vocea auzit\u0103. Printre formele de implicare enumerate de liderul USR se num\u0103r\u0103 post\u0103rile pe re\u021belele sociale, realizarea de videoclipuri, distribuirea mesajului s\u0103u, discu\u021biile cu familia \u0219i prietenii \u0219i participarea la proteste.<\/p>\n<p class=\"wp-block-paragraph\">\u201eAu crezut c\u0103 ne termin\u0103, dar abia am \u00eenceput\u201d, este mesajul cu care Dominic Fritz \u00ee\u0219i \u00eencheie videoclipul.<\/p>\n<h2 class=\"wp-block-heading\">USR \u00ee\u0219i sus\u021bine liderul dup\u0103 decizia CCR<\/h2>\n<p class=\"wp-block-paragraph\">Reac\u021bia lui Dominic Fritz vine \u00eentr-un moment \u00een care conducerea USR s-a mobilizat \u00een jurul liderului partidului. Dup\u0103 decizia CCR, forma\u021biunea a anun\u021bat m\u0103suri de sus\u021binere politic\u0103 pentru pre\u0219edintele s\u0103u.<\/p>\n<p class=\"wp-block-paragraph\">Situa\u021bia este important\u0103 nu doar pentru administra\u021bia local\u0103 din Timi\u0219oara, ci \u0219i pentru USR. Dominic Fritz ocup\u0103 func\u021bia de pre\u0219edinte al partidului \u0219i este unul dintre principalii lideri ai forma\u021biunii.<\/p>\n<p class=\"wp-block-paragraph\">\u00cen aceste condi\u021bii, o eventual\u0103 \u00eencetare a mandatului de primar ar avea consecin\u021be politice care dep\u0103\u0219esc administra\u021bia Timi\u0219oarei. Fritz ar r\u0103m\u00e2ne liderul USR, \u00eens\u0103 pierderea func\u021biei de primar ar modifica semnificativ raportul politic \u00een jurul s\u0103u.<\/p>\n<h2 class=\"wp-block-heading\">Nicu\u0219or Dan: \u201eArgumentele din sesizarea mea erau foarte solide\u201d<\/h2>\n<p class=\"wp-block-paragraph\">\u00cen disputa privind noua Lege a Integrit\u0103\u021bii a intervenit \u0219i pre\u0219edintele Rom\u00e2niei, Nicu\u0219or Dan, care a contestat anterior actul normativ la Curtea Constitu\u021bional\u0103.<\/p>\n<p class=\"wp-block-paragraph\">Dup\u0103 decizia CCR, \u0219eful statului a spus c\u0103 \u00ee\u0219i men\u021bine opinia exprimat\u0103 \u00een sesizarea de neconstitu\u021bionalitate \u0219i dup\u0103 motivarea Cur\u021bii \u00een celelalte sesiz\u0103ri.<\/p>\n<p class=\"wp-block-paragraph\">\u201eConsider c\u0103 argumentele din sesizarea mea de neconstitu\u021bionalitate erau foarte solide. S-a \u00eent\u00e2mplat s\u0103 men\u021bin opinia \u0219i dup\u0103 motivarea CCR pe alte sesiz\u0103ri\u201d, a declarat Nicu\u0219or Dan.<\/p>\n<p class=\"wp-block-paragraph\">Declara\u021bia pre\u0219edintelui este relevant\u0103 \u00een contextul \u00een care CCR a considerat constitu\u021bional amendamentul care poate duce la \u00eencetarea mandatului lui Dominic Fritz.<\/p>\n<h2 class=\"wp-block-heading\">Decizia CCR a schimbat radical situa\u021bia politic\u0103 de la Timi\u0219oara<\/h2>\n<p class=\"wp-block-paragraph\">Curtea Constitu\u021bional\u0103 a decis luni c\u0103 prevederea din noua Lege a Integrit\u0103\u021bii referitoare la ale\u0219ii locali \u0219i demnitarii afla\u021bi \u00een situa\u021bii de incompatibilitate sau conflict de interese constatate definitiv \u00eenainte de intrarea \u00een vigoare a legii este constitu\u021bional\u0103.<\/p>\n<p class=\"wp-block-paragraph\">Prevederea poate duce, \u00een cazul lui Dominic Fritz, la \u00eencetarea mandatului de primar \u00een termen de 30 de zile de la intrarea \u00een vigoare a legii, dac\u0103 sunt \u00eendeplinite condi\u021biile prev\u0103zute de noul act normativ.<\/p>\n<p class=\"wp-block-paragraph\">Decizia a provocat reac\u021bii politice puternice, iar liderii USR au denun\u021bat ceea ce consider\u0103 a fi o interven\u021bie legislativ\u0103 \u00eendreptat\u0103 \u00eempotriva pre\u0219edintelui partidului. De partea cealalt\u0103, sus\u021bin\u0103torii prevederii invoc\u0103 necesitatea aplic\u0103rii regulilor privind integritatea ale\u0219ilor locali.<\/p>\n<h2 class=\"wp-block-heading\">Fritz transform\u0103 disputa juridic\u0103 \u00eentr-un apel politic<\/h2>\n<p class=\"wp-block-paragraph\">Mesajele publicate miercuri arat\u0103 c\u0103 Dominic Fritz a ales s\u0103 r\u0103spund\u0103 deciziei CCR nu doar prin argumente juridice, ci \u0219i prin mobilizarea sus\u021bin\u0103torilor s\u0103i.<\/p>\n<p class=\"wp-block-paragraph\">Primarul Timi\u0219oarei \u00ee\u0219i construie\u0219te mesajul \u00een jurul ideii c\u0103 miza dep\u0103\u0219e\u0219te propriul mandat \u0219i prive\u0219te rela\u021bia dintre cet\u0103\u021beni, institu\u021bii \u0219i statul de drept. \u00cen acela\u0219i timp, el \u00ee\u0219i asum\u0103 o pozi\u021bie de confruntare direct\u0103 cu adversarii politici \u0219i \u00eei \u00eendeamn\u0103 pe sus\u021bin\u0103torii s\u0103i s\u0103 reac\u021bioneze public.<\/p>\n<p class=\"wp-block-paragraph\">Pentru Timi\u0219oara, urm\u0103toarea etap\u0103 va fi determinat\u0103 de parcursul Legii Integrit\u0103\u021bii \u0219i de aplicarea prevederilor sale dup\u0103 intrarea \u00een vigoare. P\u00e2n\u0103 atunci, Dominic Fritz transmite c\u0103 nu inten\u021bioneaz\u0103 s\u0103 renun\u021be la func\u021bia pe care o de\u021bine \u0219i nici la rolul s\u0103u politic \u00een USR.<\/p>\n<p class=\"wp-block-paragraph\">\u201eNu e\u0219ti singur, suntem mul\u021bi, foarte mul\u021bi\u201d, este mesajul central pe care liderul USR \u00eel transmite sus\u021bin\u0103torilor s\u0103i la o zi dup\u0103 decizia Cur\u021bii Constitu\u021bionale.<\/p>\n<\/div>\n<p>[analyse_source url=&#8221;https:\/\/orasul-timisoara.ro\/local-40308\/&#8221;]<\/p>\n","protected":false},"excerpt":{"rendered":"<p>[analyse_image type=&#8221;featured&#8221; src=&#8221;https:\/\/orasul-timisoara.ro\/wp-content\/uploads\/2026\/03\/dominic-fritz-usr-01.jpg&#8221;] Administra\u021bie local\u0103Dominic Fritz, mesaj dur dup\u0103 decizia CCR: \u201eNu voi pleca nic\u0103ieri. Timi\u0219oara&#8230; Administra\u021bie local\u0103 Politic \u0218tiri Locale \u0218tiri na\u021bionale \u0219i interna\u021bionale Dominic Fritz, mesaj dur dup\u0103 decizia CCR: \u201eNu voi pleca nic\u0103ieri. Timi\u0219oara r\u0103m\u00e2ne casa mea\u201d De c\u0103tre redactia &#8211; 18\/08\/2026 Facebook Twitter WhatsApp Linkedin ReddIt Email Imprimare Dominic Fritz a [&hellip;]<\/p>\n","protected":false},"author":1,"featured_media":0,"comment_status":"open","ping_status":"","sticky":false,"template":"","format":"standard","meta":{"footnotes":""},"categories":[89],"tags":[226,189],"class_list":["post-2099376","post","type-post","status-publish","format-standard","hentry","category-romania","tag-crawlmanager","tag-orasul-timisoara-ro"],"_links":{"self":[{"href":"https:\/\/analyse.optim.biz\/index.php?rest_route=\/wp\/v2\/posts\/2099376","targetHints":{"allow":["GET"]}}],"collection":[{"href":"https:\/\/analyse.optim.biz\/index.php?rest_route=\/wp\/v2\/posts"}],"about":[{"href":"https:\/\/analyse.optim.biz\/index.php?rest_route=\/wp\/v2\/types\/post"}],"author":[{"embeddable":true,"href":"https:\/\/analyse.optim.biz\/index.php?rest_route=\/wp\/v2\/users\/1"}],"replies":[{"embeddable":true,"href":"https:\/\/analyse.optim.biz\/index.php?rest_route=%2Fwp%2Fv2%2Fcomments&post=2099376"}],"version-history":[{"count":0,"href":"https:\/\/analyse.optim.biz\/index.php?rest_route=\/wp\/v2\/posts\/2099376\/revisions"}],"wp:attachment":[{"href":"https:\/\/analyse.optim.biz\/index.php?rest_route=%2Fwp%2Fv2%2Fmedia&parent=2099376"}],"wp:term":[{"taxonomy":"category","embeddable":true,"href":"https:\/\/analyse.optim.biz\/index.php?rest_route=%2Fwp%2Fv2%2Fcategories&post=2099376"},{"taxonomy":"post_tag","embeddable":true,"href":"https:\/\/analyse.optim.biz\/index.php?rest_route=%2Fwp%2Fv2%2Ftags&post=2099376"}],"curies":[{"name":"wp","href":"https:\/\/api.w.org\/{rel}","templated":true}]}}