{"id":2099373,"date":"2026-08-18T15:12:17","date_gmt":"2026-08-18T12:12:17","guid":{"rendered":"https:\/\/analyse.optim.biz\/?p=2099373"},"modified":"2026-08-18T15:12:17","modified_gmt":"2026-08-18T12:12:17","slug":"claudiu-coman-primarul-din-sanandrei-acuzat-ca-duce-utilitati-spre-terenul-pentru-care-are-promisiune-de","status":"publish","type":"post","link":"https:\/\/analyse.optim.biz\/?p=2099373","title":{"rendered":"Claudiu Coman, primarul din S\u00e2nandrei, acuzat c\u0103 duce utilit\u0103\u021bi spre terenul pentru care are promisiune de"},"content":{"rendered":"<p>[analyse_image type=&#8221;featured&#8221; src=&#8221;https:\/\/orasul-timisoara.ro\/wp-content\/uploads\/2026\/08\/sanandrei-utilitati.jpg&#8221;]<\/p>\n<article id=\"post-40310\" class=\"td-post-template-7 post-40310 post type-post status-publish format-standard has-post-thumbnail category-administratie category-featured category-stiri-timisoara tag-aur-timis-2 tag-calea-caraniului tag-cf-411575 tag-cf-411576 tag-claudiu-coman tag-consiliul-local-sanandrei tag-investitii-publice tag-liviu-gherman tag-primaria-sanandrei-2 tag-sanandrei-2 tag-teren-sanandrei tag-timis-2 tag-utilitati-sanandrei td-container-wrap\">\n<div class=\"td-full-screen-header-image-wrap\">\n<div class=\"td-container td-post-header\">\n<div class=\"td-crumb-container\">\n<div class=\"entry-crumbs\"><span><a title=\"Vede\u021bi toate articolele \u00een Administra\u021bie local\u0103\" class=\"entry-crumb\" href=\"https:\/\/orasul-timisoara.ro\/local-category\/administratie\/\">Administra\u021bie local\u0103<\/a><\/span><span class=\"td-bred-no-url-last\">Claudiu Coman, primarul din S\u00e2nandrei, acuzat c\u0103 duce utilit\u0103\u021bi spre terenul pentru&#8230;<\/span><\/div>\n<\/div>\n<div class=\"td-post-header-holder\">\n<div class=\"td-parallax-header\">\n<header class=\"td-post-title\">\n<ul class=\"td-category\">\n<li class=\"entry-category\"><a href=\"https:\/\/orasul-timisoara.ro\/local-category\/administratie\/\">Administra\u021bie local\u0103<\/a><\/li>\n<li class=\"entry-category\"><a href=\"https:\/\/orasul-timisoara.ro\/local-category\/stiri-timisoara\/\">\u0218tiri Locale<\/a><\/li>\n<\/ul>\n<h1 class=\"entry-title\">Claudiu Coman, primarul din S\u00e2nandrei, acuzat c\u0103 duce utilit\u0103\u021bi spre terenul pentru care are promisiune de cump\u0103rare<\/h1>\n<div class=\"td-module-meta-info\">\n<div class=\"td-post-author-name\">\n<div class=\"td-author-by\">De c\u0103tre<\/div>\n<p><a href=\"https:\/\/orasul-timisoara.ro\/author\/timisoara\/\">redactia<\/a><\/p>\n<div class=\"td-author-line\"> &#8211; <\/div>\n<\/div>\n<p><span class=\"td-post-date\"><time class=\"entry-date updated td-module-date\" datetime=\"2026-08-18T18:12:17+03:00\">18\/08\/2026<\/time><\/span><\/div>\n<\/header>\n<\/div>\n<\/div>\n<\/div>\n<div id=\"td-full-screen-header-image\" class=\"td-image-gradient-style7\"><img decoding=\"async\" class=\"td-backstretch\" src=\"https:\/\/orasul-timisoara.ro\/wp-content\/uploads\/2026\/08\/sanandrei-utilitati.jpg\"><\/div>\n<\/div>\n<div class=\"td-container\">\n<div class=\"td-pb-row\">\n<div class=\"td-pb-span8 td-main-content\" role=\"main\">\n<div class=\"td-ss-main-content\">\n<div class=\"td-post-sharing-top\">\n<div class=\"td-post-sharing-classic\"><iframe title=\"topFacebookLike\" frameborder src=\"https:\/\/www.facebook.com\/plugins\/like.php?href=https:\/\/orasul-timisoara.ro\/local-40310\/&amp;layout=button_count&amp;show_faces=false&amp;width=105&amp;action=like&amp;colorscheme=light&amp;height=21\"><\/iframe><\/div>\n<div id=\"td_social_sharing_article_top\" class=\"td-post-sharing td-ps-bg td-ps-notext td-post-sharing-style1 \">\n<div class=\"td-post-sharing-visible\"><a class=\"td-social-sharing-button td-social-sharing-button-js td-social-network td-social-facebook\" href=\"https:\/\/www.facebook.com\/sharer.php?u=https%3A%2F%2Forasul-timisoara.ro%2Flocal-40310%2F\" title=\"Facebook\"><\/p>\n<div class=\"td-social-but-text\">Facebook<\/div>\n<p><\/a><a class=\"td-social-sharing-button td-social-sharing-button-js td-social-network td-social-twitter\" href=\"https:\/\/twitter.com\/intent\/tweet?text=Claudiu+Coman%2C+primarul+din+S%C3%A2nandrei%2C+acuzat+c%C4%83+duce+utilit%C4%83%C8%9Bi+spre+terenul+pentru+care+are+promisiune+de+cump%C4%83rare&amp;url=https%3A%2F%2Forasul-timisoara.ro%2Flocal-40310%2F&amp;via=orasultm\" title=\"Twitter\"><\/p>\n<div class=\"td-social-but-text\">Twitter<\/div>\n<p><\/a><a class=\"td-social-sharing-button td-social-sharing-button-js td-social-network td-social-whatsapp\" href=\"https:\/\/api.whatsapp.com\/send?text=Claudiu+Coman%2C+primarul+din+S%C3%A2nandrei%2C+acuzat+c%C4%83+duce+utilit%C4%83%C8%9Bi+spre+terenul+pentru+care+are+promisiune+de+cump%C4%83rare%20%0A%0A%20https:\/\/orasul-timisoara.ro\/local-40310\/\" title=\"WhatsApp\"><\/p>\n<div class=\"td-social-but-text\">WhatsApp<\/div>\n<p><\/a><a class=\"td-social-sharing-button td-social-sharing-button-js td-social-network td-social-linkedin\" href=\"https:\/\/www.linkedin.com\/shareArticle?mini=true&amp;url=https:\/\/orasul-timisoara.ro\/local-40310\/&amp;title=Claudiu+Coman%2C+primarul+din+S%C3%A2nandrei%2C+acuzat+c%C4%83+duce+utilit%C4%83%C8%9Bi+spre+terenul+pentru+care+are+promisiune+de+cump%C4%83rare\" title=\"Linkedin\"><\/p>\n<div class=\"td-social-but-text\">Linkedin<\/div>\n<p><\/a><a class=\"td-social-sharing-button td-social-sharing-button-js td-social-network td-social-reddit\" href=\"https:\/\/reddit.com\/submit?url=https:\/\/orasul-timisoara.ro\/local-40310\/&amp;title=Claudiu+Coman%2C+primarul+din+S%C3%A2nandrei%2C+acuzat+c%C4%83+duce+utilit%C4%83%C8%9Bi+spre+terenul+pentru+care+are+promisiune+de+cump%C4%83rare\" title=\"ReddIt\"><\/p>\n<div class=\"td-social-but-text\">ReddIt<\/div>\n<p><\/a><a class=\"td-social-sharing-button td-social-sharing-button-js td-social-network td-social-mail\" href=\"mailto:?subject=Claudiu%20Coman,%20primarul%20din%20S%C3%A2nandrei,%20acuzat%20c%C4%83%20duce%20utilit%C4%83%C8%9Bi%20spre%20terenul%20pentru%20care%20are%20promisiune%20de%20cump%C4%83rare&amp;body=https:\/\/orasul-timisoara.ro\/local-40310\/\" title=\"Email\"><\/p>\n<div class=\"td-social-but-text\">Email<\/div>\n<p><\/a><a class=\"td-social-sharing-button td-social-sharing-button-js td-social-network td-social-print\" href=\"https:\/\/orasul-timisoara.ro\/local-40310\/\" title=\"Imprimare\"><\/p>\n<div class=\"td-social-but-text\">Imprimare<\/div>\n<p><\/a><\/div>\n<\/div>\n<\/div>\n<div class=\"td-post-content tagdiv-type\">\n<p class=\"wp-block-paragraph\">Un scandal administrativ prinde contur \u00een comuna S\u00e2nandrei, aflat\u0103 la periferia Timi\u0219oarei. Liviu Gherman, consilier local AUR, <a href=\"https:\/\/www.facebook.com\/liviu.gherman.18\/posts\/pfbid0292cq22MLcd2M4sUepgtNDh2secRfmaQ5RZpfwAn5MTJXhh4RBkFmDw2cD2uqumsxl\" data-type=\"link\" data-id=\"https:\/\/www.facebook.com\/liviu.gherman.18\/posts\/pfbid0292cq22MLcd2M4sUepgtNDh2secRfmaQ5RZpfwAn5MTJXhh4RBkFmDw2cD2uqumsxl\" target=\"_blank\" rel=\"noopener\">\u00eel acuz\u0103 pe primarul <\/a>Claudiu-Florin Coman c\u0103 administra\u021bia local\u0103 investe\u0219te milioane de lei \u00een utilit\u0103\u021bi \u00eentr-o zon\u0103 extravilan\u0103 \u00een care edilul \u0219i so\u021bia sa au o promisiune bilateral\u0103 de v\u00e2nzare-cump\u0103rare pentru un teren de aproape cinci hectare.<\/p>\n<p class=\"wp-block-paragraph\">Consilierul local vorbe\u0219te despre \u201ecoinciden\u021be administrative\u201d \u0219i cere publicarea tuturor documentelor care au stat la baza investi\u021biilor: planuri, trasee ale re\u021belelor, contracte, devize \u0219i documenta\u021bii tehnice. Afirma\u021biile sale sunt \u00eenso\u021bite de documente cadastrale, hot\u0103r\u00e2ri ale Consiliului Local \u0219i imagini ale zonei.<\/p>\n<h2 class=\"wp-block-heading\">Terenul de aproape cinci hectare \u0219i promisiunea de v\u00e2nzare-cump\u0103rare<\/h2>\n<p class=\"wp-block-paragraph\">Potrivit extrasului de carte funciar\u0103 prezentat de consilier, imobilul cu num\u0103rul cadastral 411575, \u00eenscris \u00een CF 411575 S\u00e2nandrei, are o suprafa\u021b\u0103 de 49.750 de metri p\u0103tra\u021bi \u0219i este situat \u00een extravilanul comunei, \u00een zona C\u0103ii Caraniului.<\/p>\n<p class=\"wp-block-paragraph\">Documentul arat\u0103 c\u0103, la 29 ianuarie 2026, a fost notat\u0103 o promisiune bilateral\u0103 de v\u00e2nzare-cump\u0103rare, cu termen pentru \u00eencheierea actului autentic p\u00e2n\u0103 la 29 ianuarie 2027, \u00een favoarea lui Coman Victoria-Adriana \u0219i Coman Claudiu-Florin, \u00een calitate de so\u021bi.<\/p>\n<p class=\"wp-block-paragraph\">Este important de precizat c\u0103 documentul prezentat nu arat\u0103 c\u0103 primarul \u0219i so\u021bia sa au devenit deja proprietarii terenului, ci c\u0103 exist\u0103 o promisiune de v\u00e2nzare-cump\u0103rare \u00een favoarea acestora.<\/p>\n<p class=\"wp-block-paragraph\">\u00cen extrasul de carte funciar\u0103, dreptul de proprietate asupra terenului este \u00eenscris \u00een favoarea AMELY RESIDENCE SRL.<\/p>\n<h2 class=\"wp-block-heading\">O parcel\u0103 de 250 de metri p\u0103tra\u021bi ajunge \u00een domeniul public<\/h2>\n<p class=\"wp-block-paragraph\">Din terenul de 49.750 de metri p\u0103tra\u021bi a rezultat, \u00een urma dezmembr\u0103rii, \u0219i parcela \u00eenscris\u0103 \u00een CF 411576, cu o suprafa\u021b\u0103 de 250 de metri p\u0103tra\u021bi.<\/p>\n<p class=\"wp-block-paragraph\">Documentele prezentate arat\u0103 c\u0103 AMELY RESIDENCE SRL a renun\u021bat la dreptul de proprietate asupra acestui imobil, iar Consiliul Local S\u00e2nandrei a aprobat ulterior \u00eenscrierea dreptului de proprietate al comunei \u0219i trecerea terenului din domeniul privat \u00een domeniul public al Comunei S\u00e2nandrei.<\/p>\n<figure class=\"wp-block-gallery has-nested-images columns-5 is-cropped td-modal-on-gallery wp-block-gallery-1 is-layout-flex wp-block-gallery-is-layout-flex\">\n<figure class=\"wp-block-image size-large\"><img loading=\"lazy\" decoding=\"async\" width=\"1290\" height=\"1804\" data-id=\"40313\" src=\"https:\/\/orasul-timisoara.ro\/wp-content\/uploads\/2026\/08\/771998358_1290496726349826_924488959415295211_n.jpg\" alt class=\"wp-image-40313\"><\/figure>\n<figure class=\"wp-block-image size-large\"><img loading=\"lazy\" decoding=\"async\" width=\"1920\" height=\"1446\" data-id=\"40316\" src=\"https:\/\/orasul-timisoara.ro\/wp-content\/uploads\/2026\/08\/774105666_1398685545694591_3784208153687836003_n-1920x1446.jpg\" alt class=\"wp-image-40316\"><\/figure>\n<figure class=\"wp-block-image size-large\"><img loading=\"lazy\" decoding=\"async\" width=\"1536\" height=\"2040\" data-id=\"40315\" src=\"https:\/\/orasul-timisoara.ro\/wp-content\/uploads\/2026\/08\/774582012_1467186461888533_688842273570049582_n.jpg\" alt class=\"wp-image-40315\"><\/figure>\n<figure class=\"wp-block-image size-large\"><img decoding=\"async\" loading=\"lazy\" width=\"1536\" height=\"2040\" data-id=\"40314\" src=\"https:\/\/orasul-timisoara.ro\/wp-content\/uploads\/2026\/08\/774350215_3120914371598321_2354339495117336135_n.jpg\" alt class=\"wp-image-40314\"><\/figure>\n<figure class=\"wp-block-image size-large\"><img decoding=\"async\" loading=\"lazy\" width=\"1441\" height=\"1267\" data-id=\"40312\" src=\"https:\/\/orasul-timisoara.ro\/wp-content\/uploads\/2026\/08\/774196637_3185068531683865_5762739019687437269_n.jpg\" alt class=\"wp-image-40312\"><\/figure>\n<figure class=\"wp-block-image size-large\"><img decoding=\"async\" loading=\"lazy\" width=\"1600\" height=\"1218\" data-id=\"40311\" src=\"https:\/\/orasul-timisoara.ro\/wp-content\/uploads\/2026\/08\/773967462_1577896037171196_2328123139231463263_n.jpg\" alt class=\"wp-image-40311\"><\/figure>\n<\/figure>\n<p class=\"wp-block-paragraph\">Referatul de aprobare este ini\u021biat de primarul Claudiu-Florin Coman. Parcela de 250 de metri p\u0103tra\u021bi apare ulterior \u0219i \u00een documentele referitoare la investi\u021bia pentru alimentarea cu energie electric\u0103, aspect pe care Liviu Gherman \u00eel consider\u0103 relevant \u00een acuza\u021biile sale.<\/p>\n<h2 class=\"wp-block-heading\">Milioane de lei \u00een utilit\u0103\u021bi, \u00een centrul acuza\u021biilor<\/h2>\n<p class=\"wp-block-paragraph\">Consilierul local sus\u021bine c\u0103, \u00een intervalul decembrie 2025 \u2013 iunie 2026, Prim\u0103ria S\u00e2nandrei a contractat sau a preg\u0103tit mai multe investi\u021bii \u00een infrastructur\u0103 \u00een zona respectiv\u0103.<\/p>\n<p class=\"wp-block-paragraph\">Potrivit informa\u021biilor prezentate de Gherman, acestea includ lucr\u0103ri de extindere a re\u021belei de canalizare, \u00een valoare de 740.000 de lei, investi\u021bii pentru ap\u0103, canal \u0219i ape pluviale de 898.100 de lei, extinderea re\u021belei de gaze, estimat\u0103 la 577.317 lei, precum \u0219i lucr\u0103ri de proiectare \u0219i execu\u021bie pentru alimentarea cu energie electric\u0103 a CF 411576, \u00een valoare de 629.896 de lei.<\/p>\n<p class=\"wp-block-paragraph\">Valoarea cumulat\u0103 a sumelor indicate de consilier ajunge la aproximativ 2,85 milioane de lei.<\/p>\n<p class=\"wp-block-paragraph\">Gherman consider\u0103 c\u0103 succesiunea cronologic\u0103 a actelor ridic\u0103 semne de \u00eentrebare, \u00een condi\u021biile \u00een care promisiunea de v\u00e2nzare-cump\u0103rare pentru terenul de aproape cinci hectare a fost notat\u0103 \u00een cartea funciar\u0103 la sf\u00e2r\u0219itul lunii ianuarie 2026, iar \u00een februarie primarul a ini\u021biat proiectul privind parcela de 250 de metri p\u0103tra\u021bi.<\/p>\n<h2 class=\"wp-block-heading\">\u201eCoinciden\u021be administrative\u201d, acuza\u021bia consilierului AUR<\/h2>\n<p class=\"wp-block-paragraph\">Liviu Gherman \u00ee\u0219i intituleaz\u0103 demersul \u201eCoinciden\u021be administrative\u201d \u0219i sus\u021bine c\u0103 investi\u021biile publice ar putea avea un efect direct asupra valorii terenurilor din zon\u0103.<\/p>\n<p class=\"wp-block-paragraph\">\u201eUtilit\u0103\u021bi de peste 600.000 EUR pentru un teren de 250 mp ar spune cineva c\u0103 sunt doar ni\u0219te coinciden\u021be\u201d, afirm\u0103 consilierul local.<\/p>\n<p class=\"wp-block-paragraph\">Acesta atrage aten\u021bia \u0219i asupra faptului c\u0103 CF 411576 \u0219i CF 411575 provin din aceea\u0219i dezmembrare \u0219i \u00eentreab\u0103 de ce parcela de 250 de metri p\u0103tra\u021bi apare \u00een obiectul investi\u021biei pentru alimentarea cu energie electric\u0103.<\/p>\n<p class=\"wp-block-paragraph\">\u00cen mesajul s\u0103u, Gherman \u00eentreab\u0103 cine a \u0219tiut despre situa\u021bia juridic\u0103 a terenului, de ce au fost realizate aceste investi\u021bii \u00een zon\u0103 \u0219i cine va beneficia, \u00een cele din urm\u0103, de infrastructura nou creat\u0103.<\/p>\n<h2 class=\"wp-block-heading\">Ce documente cere consilierul local<\/h2>\n<p class=\"wp-block-paragraph\">Consilierul AUR \u00eei solicit\u0103 primarului Claudiu Coman s\u0103 prezinte public documentele care justific\u0103 investi\u021biile.<\/p>\n<p class=\"wp-block-paragraph\">Printre acestea se afl\u0103 planurile, traseele re\u021belelor de utilit\u0103\u021bi, contractele, devizele, documenta\u021biile tehnice \u0219i promisiunea de v\u00e2nzare-cump\u0103rare.<\/p>\n<p class=\"wp-block-paragraph\">Gherman sus\u021bine c\u0103 nu consider\u0103 suficient\u0103 explica\u021bia potrivit c\u0103reia lucr\u0103rile au fost necesare \u0219i cere administra\u021biei locale s\u0103 precizeze motivul pentru care au fost prioritizate aceste investi\u021bii, cine beneficiaz\u0103 de infrastructur\u0103 \u0219i care este costul suportat de comunitate.<\/p>\n<p class=\"wp-block-paragraph\">\u201eVreau s\u0103 v\u0103d de ce a fost necesar, pentru cine este necesar, cine beneficiaz\u0103 \u0219i c\u00e2t cost\u0103 comunitatea\u201d, transmite consilierul local.<\/p>\n<h2 class=\"wp-block-heading\">Valoarea terenului, una dintre \u00eentreb\u0103rile ridicate<\/h2>\n<p class=\"wp-block-paragraph\">Unul dintre punctele centrale ale acuza\u021biilor formulate de Gherman este legat de posibila cre\u0219tere a valorii terenului ca urmare a extinderii infrastructurii.<\/p>\n<p class=\"wp-block-paragraph\">Consilierul \u00eentreab\u0103 c\u00e2t valora terenul \u00eenainte de realizarea utilit\u0103\u021bilor \u0219i c\u00e2t ar putea valora dup\u0103 introducerea re\u021belelor de ap\u0103, canalizare, gaze \u0219i energie electric\u0103.<\/p>\n<p class=\"wp-block-paragraph\">O astfel de evolu\u021bie poate fi relevant\u0103 pentru proprietarii terenurilor dintr-o zon\u0103 aflat\u0103 \u00een dezvoltare, \u00eens\u0103 documentele prezentate p\u00e2n\u0103 \u00een acest moment nu stabilesc c\u0103 investi\u021biile publice au fost realizate pentru cre\u0219terea valorii terenului vizat de promisiunea de v\u00e2nzare-cump\u0103rare.<\/p>\n<p class=\"wp-block-paragraph\">Pentru a putea fi l\u0103murit\u0103 aceast\u0103 chestiune sunt necesare documentele tehnice \u0219i administrative complete, inclusiv justific\u0103rile investi\u021biilor \u0219i traseele exacte ale re\u021belelor.<\/p>\n<h2 class=\"wp-block-heading\">Documentele confirm\u0103 succesiunea unor acte administrative<\/h2>\n<p class=\"wp-block-paragraph\">Actele prezentate de consilier permit reconstituirea unei succesiuni de opera\u021biuni juridice \u0219i administrative.<\/p>\n<p class=\"wp-block-paragraph\">\u00cen decembrie 2025 apare documentarea unei investi\u021bii privind extinderea canaliz\u0103rii. \u00cen ianuarie 2026 este notat\u0103 promisiunea bilateral\u0103 de v\u00e2nzare-cump\u0103rare pentru terenul de 49.750 de metri p\u0103tra\u021bi, iar \u00een februarie primarul ini\u021biaz\u0103 proiectul privind \u00eenscrierea \u00een proprietatea Comunei S\u00e2nandrei a parcelei de 250 de metri p\u0103tra\u021bi din CF 411576.<\/p>\n<p class=\"wp-block-paragraph\">Ulterior sunt prezentate investi\u021bii privind apa, canalizarea, apele pluviale, gazele \u0219i energia electric\u0103.<\/p>\n<p class=\"wp-block-paragraph\">Aceast\u0103 succesiune este cea pe care Liviu Gherman o consider\u0103 suspect\u0103. Ea nu reprezint\u0103 \u00eens\u0103, prin ea \u00eens\u0103\u0219i, dovada unei ilegalit\u0103\u021bi sau a unui folos personal ob\u021binut de primar.<\/p>\n<h2 class=\"wp-block-heading\">Prim\u0103ria S\u00e2nandrei, chemat\u0103 s\u0103 explice investi\u021biile<\/h2>\n<p class=\"wp-block-paragraph\">\u00cen centrul disputei se afl\u0103 acum justificarea investi\u021biilor \u0219i beneficiarii infrastructurii realizate \u00een zona C\u0103ii Caraniului.<\/p>\n<p class=\"wp-block-paragraph\">Liviu Gherman sus\u021bine c\u0103 administra\u021bia local\u0103 trebuie s\u0103 explice transparent fiecare etap\u0103 \u0219i fiecare sum\u0103 cheltuit\u0103 \u0219i afirm\u0103 c\u0103, \u00een cazul \u00een care r\u0103spunsurile nu vor fi suficiente, va continua demersurile pentru clarificarea situa\u021biei.<\/p>\n<p class=\"wp-block-paragraph\">\u201eBanii investi\u021bi sunt ai comunit\u0103\u021bii, nu ai unui partid, nu ai unui primar \u0219i nu ai unui grup de interese\u201d, afirm\u0103 consilierul local AUR.<\/p>\n<p class=\"wp-block-paragraph\">Acuza\u021biile formulate de Liviu Gherman reprezint\u0103 pozi\u021bia politic\u0103 a acestuia. Documentele prezentate confirm\u0103 existen\u021ba terenurilor, a promisiunii de v\u00e2nzare-cump\u0103rare \u0219i a unor proiecte de investi\u021bii, \u00eens\u0103 nu stabilesc, \u00een sine, c\u0103 lucr\u0103rile publice au fost realizate \u00een beneficiul personal al primarului.<\/p>\n<p class=\"wp-block-paragraph\">Pentru o imagine complet\u0103 sunt necesare explica\u021biile administra\u021biei locale, precum \u0219i documentele tehnice \u0219i contractuale invocate de consilier. Primarul Claudiu-Florin Coman nu a transmis, \u00een informa\u021biile aflate la dispozi\u021bia redac\u021biei pentru acest material, un punct de vedere referitor la acuza\u021biile formulate de Liviu Gherman. Un eventual punct de vedere al edilului \u0219i al Prim\u0103riei S\u00e2nandrei va fi publicat dac\u0103 va fi transmis redac\u021biei.<\/p>\n<\/div>\n<footer>\n<div class=\"td-post-source-tags\">\n<ul class=\"td-tags td-post-small-box clearfix\">\n<li><span>ETICHETE<\/span><\/li>\n<li><a href=\"https:\/\/orasul-timisoara.ro\/local-tag\/aur-timis-2\/\">AUR Timi\u0219<\/a><\/li>\n<li><a href=\"https:\/\/orasul-timisoara.ro\/local-tag\/calea-caraniului\/\">Calea Caraniului<\/a><\/li>\n<li><a href=\"https:\/\/orasul-timisoara.ro\/local-tag\/cf-411575\/\">CF 411575<\/a><\/li>\n<li><a href=\"https:\/\/orasul-timisoara.ro\/local-tag\/cf-411576\/\">CF 411576<\/a><\/li>\n<li><a href=\"https:\/\/orasul-timisoara.ro\/local-tag\/claudiu-coman\/\">claudiu coman<\/a><\/li>\n<li><a href=\"https:\/\/orasul-timisoara.ro\/local-tag\/consiliul-local-sanandrei\/\">Consiliul Local S\u00e2nandrei<\/a><\/li>\n<li><a href=\"https:\/\/orasul-timisoara.ro\/local-tag\/investitii-publice\/\">investi\u021bii publice<\/a><\/li>\n<li><a href=\"https:\/\/orasul-timisoara.ro\/local-tag\/liviu-gherman\/\">liviu gherman<\/a><\/li>\n<li><a href=\"https:\/\/orasul-timisoara.ro\/local-tag\/primaria-sanandrei-2\/\">prim\u0103ria S\u00e2nandrei<\/a><\/li>\n<li><a href=\"https:\/\/orasul-timisoara.ro\/local-tag\/sanandrei-2\/\">S\u00e2nandrei<\/a><\/li>\n<li><a href=\"https:\/\/orasul-timisoara.ro\/local-tag\/teren-sanandrei\/\">teren S\u00e2nandrei<\/a><\/li>\n<li><a href=\"https:\/\/orasul-timisoara.ro\/local-tag\/timis-2\/\">timi\u0219<\/a><\/li>\n<li><a href=\"https:\/\/orasul-timisoara.ro\/local-tag\/utilitati-sanandrei\/\">utilit\u0103\u021bi S\u00e2nandrei<\/a><\/li>\n<\/ul>\n<\/div>\n<div class=\"td-post-sharing-bottom\">\n<div class=\"td-post-sharing-classic\"><iframe title=\"bottomFacebookLike\" frameborder src=\"https:\/\/www.facebook.com\/plugins\/like.php?href=https:\/\/orasul-timisoara.ro\/local-40310\/&amp;layout=button_count&amp;show_faces=false&amp;width=105&amp;action=like&amp;colorscheme=light&amp;height=21\"><\/iframe><\/div>\n<div id=\"td_social_sharing_article_bottom\" class=\"td-post-sharing td-ps-bg td-ps-notext td-post-sharing-style1 \">\n<div class=\"td-post-sharing-visible\"><a class=\"td-social-sharing-button td-social-sharing-button-js td-social-network td-social-facebook\" href=\"https:\/\/www.facebook.com\/sharer.php?u=https%3A%2F%2Forasul-timisoara.ro%2Flocal-40310%2F\" title=\"Facebook\"><\/p>\n<div class=\"td-social-but-text\">Facebook<\/div>\n<p><\/a><a class=\"td-social-sharing-button td-social-sharing-button-js td-social-network td-social-twitter\" href=\"https:\/\/twitter.com\/intent\/tweet?text=Claudiu+Coman%2C+primarul+din+S%C3%A2nandrei%2C+acuzat+c%C4%83+duce+utilit%C4%83%C8%9Bi+spre+terenul+pentru+care+are+promisiune+de+cump%C4%83rare&amp;url=https%3A%2F%2Forasul-timisoara.ro%2Flocal-40310%2F&amp;via=orasultm\" title=\"Twitter\"><\/p>\n<div class=\"td-social-but-text\">Twitter<\/div>\n<p><\/a><a class=\"td-social-sharing-button td-social-sharing-button-js td-social-network td-social-whatsapp\" href=\"https:\/\/api.whatsapp.com\/send?text=Claudiu+Coman%2C+primarul+din+S%C3%A2nandrei%2C+acuzat+c%C4%83+duce+utilit%C4%83%C8%9Bi+spre+terenul+pentru+care+are+promisiune+de+cump%C4%83rare%20%0A%0A%20https:\/\/orasul-timisoara.ro\/local-40310\/\" title=\"WhatsApp\"><\/p>\n<div class=\"td-social-but-text\">WhatsApp<\/div>\n<p><\/a><a class=\"td-social-sharing-button td-social-sharing-button-js td-social-network td-social-linkedin\" href=\"https:\/\/www.linkedin.com\/shareArticle?mini=true&amp;url=https:\/\/orasul-timisoara.ro\/local-40310\/&amp;title=Claudiu+Coman%2C+primarul+din+S%C3%A2nandrei%2C+acuzat+c%C4%83+duce+utilit%C4%83%C8%9Bi+spre+terenul+pentru+care+are+promisiune+de+cump%C4%83rare\" title=\"Linkedin\"><\/p>\n<div class=\"td-social-but-text\">Linkedin<\/div>\n<p><\/a><a class=\"td-social-sharing-button td-social-sharing-button-js td-social-network td-social-reddit\" href=\"https:\/\/reddit.com\/submit?url=https:\/\/orasul-timisoara.ro\/local-40310\/&amp;title=Claudiu+Coman%2C+primarul+din+S%C3%A2nandrei%2C+acuzat+c%C4%83+duce+utilit%C4%83%C8%9Bi+spre+terenul+pentru+care+are+promisiune+de+cump%C4%83rare\" title=\"ReddIt\"><\/p>\n<div class=\"td-social-but-text\">ReddIt<\/div>\n<p><\/a><a class=\"td-social-sharing-button td-social-sharing-button-js td-social-network td-social-mail\" href=\"mailto:?subject=Claudiu%20Coman,%20primarul%20din%20S%C3%A2nandrei,%20acuzat%20c%C4%83%20duce%20utilit%C4%83%C8%9Bi%20spre%20terenul%20pentru%20care%20are%20promisiune%20de%20cump%C4%83rare&amp;body=https:\/\/orasul-timisoara.ro\/local-40310\/\" title=\"Email\"><\/p>\n<div class=\"td-social-but-text\">Email<\/div>\n<p><\/a><a class=\"td-social-sharing-button td-social-sharing-button-js td-social-network td-social-print\" href=\"https:\/\/orasul-timisoara.ro\/local-40310\/\" title=\"Imprimare\"><\/p>\n<div class=\"td-social-but-text\">Imprimare<\/div>\n<p><\/a><\/div>\n<\/div>\n<\/div>\n<div class=\"td-block-row td-post-next-prev\">\n<div class=\"td-block-span6 td-post-prev-post\">\n<div class=\"td-post-next-prev-content\"><span>Articolul precedent<\/span><a href=\"https:\/\/orasul-timisoara.ro\/local-40308\/\">Dominic Fritz, mesaj dur dup\u0103 decizia CCR: \u201eNu voi pleca nic\u0103ieri. Timi\u0219oara r\u0103m\u00e2ne casa mea\u201d<\/a><\/div>\n<\/div>\n<div class=\"td-block-span6 td-post-next-post\">\n<div class=\"td-post-next-prev-content\"><span>Articolul urm\u0103tor<\/span><a href=\"https:\/\/orasul-timisoara.ro\/local-40319\/\">12 str\u0103zi din G\u0103taia intr\u0103 \u00een modernizare. CJ Timi\u0219 finan\u021beaz\u0103 lucr\u0103rile cu 7,4 milioane de lei<\/a><\/div>\n<\/div>\n<\/div>\n<div class=\"td-author-name vcard author\"><span class=\"fn\"><a href=\"https:\/\/orasul-timisoara.ro\/author\/timisoara\/\">redactia<\/a><\/span><\/div>\n<p><span class=\"td-page-meta\"><\/span><span class=\"td-page-meta\"><span class=\"td-page-meta\"><\/span><\/span><span class=\"td-page-meta\"><\/span><\/footer>\n<div class=\"td_block_wrap td_block_related_posts tdi_3 td_with_ajax_pagination td-pb-border-top td_block_template_8\" data-td-block-uid=\"tdi_3\">\n<h4 class=\"td-related-title td-block-title\"><a id=\"tdi_4\" class=\"td-related-left td-cur-simple-item\" data-td_filter_value data-td_block_id=\"tdi_3\" href=\"https:\/\/orasul-timisoara.ro\/local-40310\/\">ARTICOLE SIMILARE<\/a><a id=\"tdi_5\" class=\"td-related-right\" data-td_filter_value=\"td_related_more_from_author\" data-td_block_id=\"tdi_3\" href=\"https:\/\/orasul-timisoara.ro\/local-40310\/\">DE LA ACELA\u0218I AUTOR<\/a><\/h4>\n<div id=\"tdi_3\" class=\"td_block_inner\">\n<div class=\"td-related-row\">\n<div class=\"td-related-span4\">\n<div class=\"td_module_related_posts td-animation-stack td_mod_related_posts\">\n<div class=\"td-module-image\">\n<div class=\"td-module-thumb\"><a href=\"https:\/\/orasul-timisoara.ro\/local-40207\/\" rel=\"bookmark\" class=\"td-image-wrap \" title=\"Peste 600.000 de euro pentru utilit\u0103\u021bi \u00eentr-o zon\u0103 agricol\u0103 din S\u00e2nandrei. \u201eDe ce aici \u0219i de ce acum?\u201d, \u00eentreab\u0103 un consilier local\"><img loading=\"lazy\" decoding=\"async\" class=\"entry-thumb\" src=\"https:\/\/orasul-timisoara.ro\/wp-content\/uploads\/2026\/08\/gherman-sanandrei-436x300.jpg\" alt title=\"Peste 600.000 de euro pentru utilit\u0103\u021bi \u00eentr-o zon\u0103 agricol\u0103 din S\u00e2nandrei. \u201eDe ce aici \u0219i de ce acum?\u201d, \u00eentreab\u0103 un consilier local\" width=\"218\" height=\"150\"><\/a><\/div>\n<\/div>\n<div class=\"item-details\">\n<h3 class=\"entry-title td-module-title\"><a href=\"https:\/\/orasul-timisoara.ro\/local-40207\/\" rel=\"bookmark\" title=\"Peste 600.000 de euro pentru utilit\u0103\u021bi \u00eentr-o zon\u0103 agricol\u0103 din S\u00e2nandrei. \u201eDe ce aici \u0219i de ce acum?\u201d, \u00eentreab\u0103 un consilier local\">Peste 600.000 de euro pentru utilit\u0103\u021bi \u00eentr-o zon\u0103 agricol\u0103 din S\u00e2nandrei. \u201eDe ce aici \u0219i de ce acum?\u201d, \u00eentreab\u0103 un consilier local<\/a><\/h3>\n<\/div>\n<\/div>\n<\/div>\n<div class=\"td-related-span4\">\n<div class=\"td_module_related_posts td-animation-stack td_mod_related_posts\">\n<div class=\"td-module-image\">\n<div class=\"td-module-thumb\"><a href=\"https:\/\/orasul-timisoara.ro\/local-40076\/\" rel=\"bookmark\" class=\"td-image-wrap \" title=\"Liviu Gherman acuz\u0103 o campanie de denigrare dup\u0103 procesul c\u00e2\u0219tigat \u00eempotriva Prim\u0103riei S\u00e2nandrei \u0219i public\u0103 documente: \u201eAm c\u00e2\u0219tigat \u00een instan\u021b\u0103, dar autorit\u0103\u021bile refuz\u0103 s\u0103 restituie sumele\u201d\"><img loading=\"lazy\" decoding=\"async\" class=\"entry-thumb\" src=\"https:\/\/orasul-timisoara.ro\/wp-content\/uploads\/2026\/08\/liviu-ghrerman-biaren-timisoara-436x300.jpg\" alt title=\"Liviu Gherman acuz\u0103 o campanie de denigrare dup\u0103 procesul c\u00e2\u0219tigat \u00eempotriva Prim\u0103riei S\u00e2nandrei \u0219i public\u0103 documente: \u201eAm c\u00e2\u0219tigat \u00een instan\u021b\u0103, dar autorit\u0103\u021bile refuz\u0103 s\u0103 restituie sumele\u201d\" width=\"218\" height=\"150\"><\/a><\/div>\n<\/div>\n<div class=\"item-details\">\n<h3 class=\"entry-title td-module-title\"><a href=\"https:\/\/orasul-timisoara.ro\/local-40076\/\" rel=\"bookmark\" title=\"Liviu Gherman acuz\u0103 o campanie de denigrare dup\u0103 procesul c\u00e2\u0219tigat \u00eempotriva Prim\u0103riei S\u00e2nandrei \u0219i public\u0103 documente: \u201eAm c\u00e2\u0219tigat \u00een instan\u021b\u0103, dar autorit\u0103\u021bile refuz\u0103 s\u0103 restituie sumele\u201d\">Liviu Gherman acuz\u0103 o campanie de denigrare dup\u0103 procesul c\u00e2\u0219tigat \u00eempotriva Prim\u0103riei S\u00e2nandrei \u0219i public\u0103 documente: \u201eAm c\u00e2\u0219tigat \u00een instan\u021b\u0103, dar autorit\u0103\u021bile refuz\u0103 s\u0103&#8230;<\/a><\/h3>\n<\/div>\n<\/div>\n<\/div>\n<div class=\"td-related-span4\">\n<div class=\"td_module_related_posts td-animation-stack td_mod_related_posts\">\n<div class=\"td-module-image\">\n<div class=\"td-module-thumb\"><a href=\"https:\/\/orasul-timisoara.ro\/local-39435\/\" rel=\"bookmark\" class=\"td-image-wrap \" title=\"De r\u00e2sul-pl\u00e2nsului la S\u00e2nandrei: un milion de euro investi\u021bi de Prim\u0103rie \u00eentr-un drum aflat pe un teren privat executat silit de Finan\u021be\"><img loading=\"lazy\" decoding=\"async\" class=\"entry-thumb\" src=\"https:\/\/orasul-timisoara.ro\/wp-content\/uploads\/2026\/07\/carani-drum-top-436x300.jpg\" alt title=\"De r\u00e2sul-pl\u00e2nsului la S\u00e2nandrei: un milion de euro investi\u021bi de Prim\u0103rie \u00eentr-un drum aflat pe un teren privat executat silit de Finan\u021be\" width=\"218\" height=\"150\"><\/a><\/div>\n<\/div>\n<div class=\"item-details\">\n<h3 class=\"entry-title td-module-title\"><a href=\"https:\/\/orasul-timisoara.ro\/local-39435\/\" rel=\"bookmark\" title=\"De r\u00e2sul-pl\u00e2nsului la S\u00e2nandrei: un milion de euro investi\u021bi de Prim\u0103rie \u00eentr-un drum aflat pe un teren privat executat silit de Finan\u021be\">De r\u00e2sul-pl\u00e2nsului la S\u00e2nandrei: un milion de euro investi\u021bi de Prim\u0103rie \u00eentr-un drum aflat pe un teren privat executat silit de Finan\u021be<\/a><\/h3>\n<\/div>\n<\/div>\n<\/div>\n<\/div>\n<\/div>\n<\/div>\n<div class=\"comments\" id=\"comments\">\n<div id=\"respond\" class=\"comment-respond\">\n<h3 id=\"reply-title\" class=\"comment-reply-title\">L\u0102SA\u021aI UN MESAJ<\/h3>\n<div class=\"comment-form-input-wrap td-form-comment\">\n<div class=\"td-warning-comment\">V\u0103 rug\u0103m s\u0103 introduce\u021bi comentariul dvs.!<\/div>\n<\/div>\n<div class=\"comment-form-input-wrap td-form-author\">\n<div class=\"td-warning-author\">Introduce\u021bi aici numele dvs.<\/div>\n<\/div>\n<div class=\"comment-form-input-wrap td-form-email\">\n<div class=\"td-warning-email-error\">A\u021bi introdus o adres\u0103 de e-mail incorect\u0103!<\/div>\n<div class=\"td-warning-email\">V\u0103 rug\u0103m s\u0103 introduce\u021bi adresa dvs. de e-mail aici<\/div>\n<\/div>\n<\/div>\n<p class=\"akismet_comment_form_privacy_notice\">Acest site folose\u0219te Akismet pentru a reduce spamul. <a href=\"https:\/\/akismet.com\/privacy\/\" target=\"_blank\" rel=\"nofollow noopener\">Afl\u0103 cum sunt procesate datele comentariilor tale<\/a>.<\/p>\n<\/div>\n<\/div>\n<\/div>\n<div class=\"td-pb-span4 td-main-sidebar\" role=\"complementary\">\n<div class=\"td-ss-main-sidebar\">\n<aside id=\"block-4\" class=\"td_block_template_8 widget block-4 widget_block widget_media_image\">\n<figure class=\"wp-block-image size-full\"><img decoding=\"async\" loading=\"lazy\" width=\"336\" height=\"280\" src=\"https:\/\/orasul-timisoara.ro\/wp-content\/uploads\/2024\/11\/ReTIM-Abonamentul-Verde-Google-Ads-336x280px.gif\" alt class=\"wp-image-29257\"><\/figure>\n<\/aside>\n<div class=\"td_block_wrap td_block_social_counter td_block_widget tdi_6 td-social-style5 td-social-boxed td-pb-border-top td_block_template_8\">\n<div class=\"td-block-title-wrap\">\n<h4 class=\"td-block-title\"><span>Urm\u0103re\u0219te-ne pe Social Media<\/span><\/h4>\n<\/div>\n<div class=\"td-social-list\">\n<div class=\"td_social_type td-pb-margin-side td_social_facebook\">\n<div class=\"td-social-box\"><span class=\"td_social_info td_social_info_counter\">344,595<\/span><span class=\"td_social_info td_social_info_name\">Fani<\/span><span class=\"td_social_button\"><a href=\"https:\/\/www.facebook.com\/247timisoara\" target=\"_blank\" rel=\"nofollow\">\u00cemi place<\/a><\/span><\/div>\n<\/div>\n<div class=\"td_social_type td-pb-margin-side td_social_instagram\">\n<div class=\"td-social-box\"><span class=\"td_social_info td_social_info_counter\">4,416<\/span><span class=\"td_social_info td_social_info_name\">Cititori<\/span><span class=\"td_social_button\"><a href=\"https:\/\/instagram.com\/orasultimisoararo\/\" target=\"_blank\" rel=\"nofollow\">Conecta\u021bi-v\u0103<\/a><\/span><\/div>\n<\/div>\n<div class=\"td_social_type td-pb-margin-side td_social_rss\">\n<div class=\"td-social-box\"><span class=\"td_social_info td_social_info_counter\">12,506<\/span><span class=\"td_social_info td_social_info_name\">Cititori<\/span><span class=\"td_social_button\"><a href=\"https:\/\/orasul-timisoara.ro\/feed\/\" target=\"_blank\" rel=\"nofollow\">Conecta\u021bi-v\u0103<\/a><\/span><\/div>\n<\/div>\n<div class=\"td_social_type td-pb-margin-side td_social_tiktok\">\n<div class=\"td-social-box\"><span class=\"td_social_info td_social_info_counter\">1,500<\/span><span class=\"td_social_info td_social_info_name\">Cititori<\/span><span class=\"td_social_button\"><a href=\"https:\/\/www.tiktok.com\/@orasultimisoara\" target=\"_blank\" rel=\"nofollow\">Conecta\u021bi-v\u0103<\/a><\/span><\/div>\n<\/div>\n<div class=\"td_social_type td-pb-margin-side td_social_twitter\">\n<div class=\"td-social-box\"><span class=\"td_social_info td_social_info_counter\">1,595<\/span><span class=\"td_social_info td_social_info_name\">Cititori<\/span><span class=\"td_social_button\"><a href=\"https:\/\/twitter.com\/orasultm\" target=\"_blank\" rel=\"nofollow\">Conecta\u021bi-v\u0103<\/a><\/span><\/div>\n<\/div>\n<div class=\"td_social_type td-pb-margin-side td_social_youtube\">\n<div class=\"td-social-box\"><span class=\"td_social_info td_social_info_counter\">3,506<\/span><span class=\"td_social_info td_social_info_name\">Abona\u021bi<\/span><span class=\"td_social_button\"><a href=\"https:\/\/www.youtube.com\/channel\/UCQNsQvs2XCSIm1Z-AHRturw?sub_confirmation=1\" target=\"_blank\" rel=\"nofollow\">Abona\u021bi-v\u0103<\/a><\/span><\/div>\n<\/div>\n<\/div>\n<\/div>\n<aside id=\"text-7\" class=\"td_block_template_8 widget text-7 widget_text\">\n<h4 class=\"td-block-title\"><span>C\u0103ut\u0103ri populare pe OTM<\/span><\/h4>\n<div class=\"textwidget\"><a href=\"https:\/\/orasul-timisoara.ro\/?s=timisoara\"><span>Timisoara<\/span><\/a><a href=\"https:\/\/orasul-timisoara.ro\/?s=calin+dobra\"><span>Calin Dobra<\/span><\/a><a href=\"https:\/\/orasul-timisoara.ro\/?s=primaria+timisoara\"><span>Primaria Timisoara<\/span><\/a><a href=\"https:\/\/orasul-timisoara.ro\/?s=dominic+fritz\"><span>Dominic Fritz<\/span><\/a><a href=\"https:\/\/orasul-timisoara.ro\/?s=nicolae+robu\"><span>Nicolae Robu<\/span><\/a><a href=\"https:\/\/orasul-timisoara.ro\/?s=consiliul+local+timisoara\">Consiliul Local Timisoara<\/a><a href=\"https:\/\/orasul-timisoara.ro\/?s=consiliul+judetean+timis\"><span>Consiliul Judetean Timis<\/span><\/a><a href=\"https:\/\/orasul-timisoara.ro\/?s=cjt\"><span>CJT<\/span><\/a><a href=\"https:\/\/orasul-timisoara.ro\/?s=Alfred+Simonis\"><span>Alfred Simonis<\/span><\/a><a href=\"https:\/\/orasul-timisoara.ro\/?s=PNL\"><span>PNL<\/span><\/a><a href=\"https:\/\/orasul-timisoara.ro\/?s=coronavirus\"><span>coronavirus<\/span><\/a><a href=\"https:\/\/orasul-timisoara.ro\/?s=teatru+timisoara\">teatru Timisoara<\/a><a href=\"https:\/\/orasul-timisoara.ro\/?s=restaurante\"><span>restaurante Timisoara<\/span><\/a><a href=\"https:\/\/orasul-timisoara.ro\/?s=diskoteka\"><span>Diskoteka<\/span><\/a><a href=\"https:\/\/orasul-timisoara.ro\/?s=iulius+town\"><span>Iulius Town<\/span><\/a><a href=\"https:\/\/orasul-timisoara.ro\/?s=iulius+mall\"><span>Iulius Mall<\/span><\/a><a href=\"https:\/\/orasul-timisoara.ro\/?s=stpt\"><span>STPT<\/span><\/a><a href=\"https:\/\/orasul-timisoara.ro\/?s=alin+nica\"><span>Alin Nica<\/span><\/a><a href=\"https:\/\/orasul-timisoara.ro\/?s=psd\"><span>PSD<\/span><\/a><a href=\"https:\/\/orasul-timisoara.ro\/?s=aeroport\"><span>Aeroportul International Timisoara<\/span><\/a><a href=\"https:\/\/orasul-timisoara.ro\/?s=babes\"><span>Spitalul Victor Babes Timisoara<\/span><\/a><a href=\"https:\/\/orasul-timisoara.ro\/?s=poli\"><span>Poli Timi\u0219oara<\/span><\/a><a href=\"https:\/\/orasul-timisoara.ro\/?s=carantina\"><span>carantina<\/span><\/a><a href=\"https:\/\/orasul-timisoara.ro\/?s=aquatim\"><span>Aquatim<\/span><\/a><a href=\"https:\/\/orasul-timisoara.ro\/local-category\/stiri-timisoara\/\"><span>Stiri Timisoara<\/span><\/a><a href=\"https:\/\/orasul-timisoara.ro\/local-category\/investitii-in-timisoara\/\"><span>Investi\u021bii in Timi\u0219oara<\/span><\/a><a href=\"https:\/\/orasul-timisoara.ro\/local-9463\/\"><span>shaorma<\/span><\/a><a href=\"https:\/\/orasul-timisoara.ro\/?s=trafic\"><span>trafic rutier<\/span><\/a><a href=\"https:\/\/orasul-timisoara.ro\/?s=politia\"><span>politia locala timisoara<\/span><\/a><a href=\"https:\/\/orasul-timisoara.ro\/?s=roxana\"><span>Roxana Iliescu<\/span><\/a><a href=\"https:\/\/orasul-timisoara.ro\/?s=colterm\"><span>Colterm<\/span><\/a><a href=\"https:\/\/orasul-timisoara.ro\/?s=latcau\"><span>Ruben La\u021bc\u0103u<\/span><\/a><a href=\"https:\/\/orasul-timisoara.ro\/?s=timis\"><span>\u0218tiri din Timi\u0219<\/span><\/a><a href=\"https:\/\/orasul-timisoara.ro\/?s=spital\"><span>Spitale din Timi\u0219oara<\/span><\/a><a href=\"https:\/\/orasul-timisoara.ro\/?s=tabara\"><span>Cosmin Tab\u0103r\u0103<\/span><\/a><\/div>\n<\/aside>\n<aside id=\"rss-2\" class=\"td_block_template_8 widget rss-2 widget_rss\">\n<h4 class=\"td-block-title\"><span><a class=\"rsswidget rss-widget-feed\" href=\"https:\/\/fashionfridays.ro\/feed\"><img decoding=\"async\" class=\"rss-widget-icon\" width=\"14\" height=\"14\" src=\"https:\/\/orasul-timisoara.ro\/wp-includes\/images\/rss.png\" alt=\"RSS\" loading=\"lazy\"><\/a><a class=\"rsswidget rss-widget-title\" href=\"https:\/\/fashionfridays.ro\/\">Fashion Fridays<\/a><\/span><\/h4>\n<ul>\n<li><a class=\"rsswidget\" href=\"https:\/\/fashionfridays.ro\/romania-devine-a-29-a-piata-vogue-o-noua-era-pentru-industria-locala-de-moda\/\">Rom\u00e2nia devine a 29-a pia\u021b\u0103 Vogue: o nou\u0103 er\u0103 pentru industria local\u0103 de mod\u0103<\/a>\n<div class=\"rssSummary\">Revista Vogue \u00ee\u0219i extinde prezen\u021ba global\u0103 \u0219i va fi lansat\u0103 oficial \u00een Rom\u00e2nia \u00een prim\u0103vara anului 2027, marc\u00e2nd intrarea pe cea de-a 29-a pia\u021b\u0103 interna\u021bional\u0103. Proiectul este realizat \u00een parteneriat cu AEMME Publishing, o companie media recent \u00eenfiin\u021bat\u0103, care va publica edi\u021bia local\u0103 sub licen\u021b\u0103. Noua edi\u021bie, Vogue Rom\u00e2nia, \u00ee\u0219i propune s\u0103 combine autoritatea global\u0103 [\u2026]<\/div>\n<\/li>\n<\/ul>\n<\/aside>\n<aside id=\"rss-4\" class=\"td_block_template_8 widget rss-4 widget_rss\">\n<h4 class=\"td-block-title\"><span><a class=\"rsswidget rss-widget-feed\" href=\"https:\/\/emasini.ro\/feed\"><img decoding=\"async\" class=\"rss-widget-icon\" width=\"14\" height=\"14\" src=\"https:\/\/orasul-timisoara.ro\/wp-includes\/images\/rss.png\" alt=\"RSS\" loading=\"lazy\"><\/a><a class=\"rsswidget rss-widget-title\" href=\"https:\/\/emasini.ro\/\">eMasini<\/a><\/span><\/h4>\n<ul>\n<li><a class=\"rsswidget\" href=\"https:\/\/emasini.ro\/bmw-testeaza-noul-i4-convertible-primul-cabrio-electric-accesibil-al-marcii\/\">BMW testeaz\u0103 noul i4 Convertible, primul cabrio electric accesibil al m\u0103rcii<\/a>\n<div class=\"rssSummary\">BMW accelereaz\u0103 dezvoltarea noii genera\u021bii de modele electrice bazate pe platforma Neue Klasse, iar unul dintre cele mai interesante proiecte aflate \u00een teste este viitorul BMW i4 Convertible. Prototipul camuflat a fost surprins pe \u0219osele, confirm\u00e2nd c\u0103 produc\u0103torul german preg\u0103te\u0219te o decapotabil\u0103 electric\u0103 destinat\u0103 unui segment \u00een care oferta este, \u00een prezent, extrem de limitat\u0103. [\u2026]<\/div>\n<\/li>\n<\/ul>\n<\/aside>\n<\/div>\n<\/div>\n<\/div>\n<\/div>\n<\/article>\n<div class=\"td-post-content tagdiv-type\">\n<p class=\"wp-block-paragraph\">Un scandal administrativ prinde contur \u00een comuna S\u00e2nandrei, aflat\u0103 la periferia Timi\u0219oarei. Liviu Gherman, consilier local AUR, <a href=\"https:\/\/www.facebook.com\/liviu.gherman.18\/posts\/pfbid0292cq22MLcd2M4sUepgtNDh2secRfmaQ5RZpfwAn5MTJXhh4RBkFmDw2cD2uqumsxl\" data-type=\"link\" data-id=\"https:\/\/www.facebook.com\/liviu.gherman.18\/posts\/pfbid0292cq22MLcd2M4sUepgtNDh2secRfmaQ5RZpfwAn5MTJXhh4RBkFmDw2cD2uqumsxl\" target=\"_blank\" rel=\"noopener\">\u00eel acuz\u0103 pe primarul <\/a>Claudiu-Florin Coman c\u0103 administra\u021bia local\u0103 investe\u0219te milioane de lei \u00een utilit\u0103\u021bi \u00eentr-o zon\u0103 extravilan\u0103 \u00een care edilul \u0219i so\u021bia sa au o promisiune bilateral\u0103 de v\u00e2nzare-cump\u0103rare pentru un teren de aproape cinci hectare.<\/p>\n<p class=\"wp-block-paragraph\">Consilierul local vorbe\u0219te despre \u201ecoinciden\u021be administrative\u201d \u0219i cere publicarea tuturor documentelor care au stat la baza investi\u021biilor: planuri, trasee ale re\u021belelor, contracte, devize \u0219i documenta\u021bii tehnice. Afirma\u021biile sale sunt \u00eenso\u021bite de documente cadastrale, hot\u0103r\u00e2ri ale Consiliului Local \u0219i imagini ale zonei.<\/p>\n<h2 class=\"wp-block-heading\">Terenul de aproape cinci hectare \u0219i promisiunea de v\u00e2nzare-cump\u0103rare<\/h2>\n<p class=\"wp-block-paragraph\">Potrivit extrasului de carte funciar\u0103 prezentat de consilier, imobilul cu num\u0103rul cadastral 411575, \u00eenscris \u00een CF 411575 S\u00e2nandrei, are o suprafa\u021b\u0103 de 49.750 de metri p\u0103tra\u021bi \u0219i este situat \u00een extravilanul comunei, \u00een zona C\u0103ii Caraniului.<\/p>\n<p class=\"wp-block-paragraph\">Documentul arat\u0103 c\u0103, la 29 ianuarie 2026, a fost notat\u0103 o promisiune bilateral\u0103 de v\u00e2nzare-cump\u0103rare, cu termen pentru \u00eencheierea actului autentic p\u00e2n\u0103 la 29 ianuarie 2027, \u00een favoarea lui Coman Victoria-Adriana \u0219i Coman Claudiu-Florin, \u00een calitate de so\u021bi.<\/p>\n<p class=\"wp-block-paragraph\">Este important de precizat c\u0103 documentul prezentat nu arat\u0103 c\u0103 primarul \u0219i so\u021bia sa au devenit deja proprietarii terenului, ci c\u0103 exist\u0103 o promisiune de v\u00e2nzare-cump\u0103rare \u00een favoarea acestora.<\/p>\n<p class=\"wp-block-paragraph\">\u00cen extrasul de carte funciar\u0103, dreptul de proprietate asupra terenului este \u00eenscris \u00een favoarea AMELY RESIDENCE SRL.<\/p>\n<h2 class=\"wp-block-heading\">O parcel\u0103 de 250 de metri p\u0103tra\u021bi ajunge \u00een domeniul public<\/h2>\n<p class=\"wp-block-paragraph\">Din terenul de 49.750 de metri p\u0103tra\u021bi a rezultat, \u00een urma dezmembr\u0103rii, \u0219i parcela \u00eenscris\u0103 \u00een CF 411576, cu o suprafa\u021b\u0103 de 250 de metri p\u0103tra\u021bi.<\/p>\n<p class=\"wp-block-paragraph\">Documentele prezentate arat\u0103 c\u0103 AMELY RESIDENCE SRL a renun\u021bat la dreptul de proprietate asupra acestui imobil, iar Consiliul Local S\u00e2nandrei a aprobat ulterior \u00eenscrierea dreptului de proprietate al comunei \u0219i trecerea terenului din domeniul privat \u00een domeniul public al Comunei S\u00e2nandrei.<\/p>\n<figure class=\"wp-block-gallery has-nested-images columns-5 is-cropped td-modal-on-gallery wp-block-gallery-1 is-layout-flex wp-block-gallery-is-layout-flex\">\n<figure class=\"wp-block-image size-large\"><img loading=\"lazy\" decoding=\"async\" width=\"1290\" height=\"1804\" data-id=\"40313\" src=\"https:\/\/orasul-timisoara.ro\/wp-content\/uploads\/2026\/08\/771998358_1290496726349826_924488959415295211_n.jpg\" alt class=\"wp-image-40313\"><\/figure>\n<figure class=\"wp-block-image size-large\"><img loading=\"lazy\" decoding=\"async\" width=\"1920\" height=\"1446\" data-id=\"40316\" src=\"https:\/\/orasul-timisoara.ro\/wp-content\/uploads\/2026\/08\/774105666_1398685545694591_3784208153687836003_n-1920x1446.jpg\" alt class=\"wp-image-40316\"><\/figure>\n<figure class=\"wp-block-image size-large\"><img loading=\"lazy\" decoding=\"async\" width=\"1536\" height=\"2040\" data-id=\"40315\" src=\"https:\/\/orasul-timisoara.ro\/wp-content\/uploads\/2026\/08\/774582012_1467186461888533_688842273570049582_n.jpg\" alt class=\"wp-image-40315\"><\/figure>\n<figure class=\"wp-block-image size-large\"><img decoding=\"async\" loading=\"lazy\" width=\"1536\" height=\"2040\" data-id=\"40314\" src=\"https:\/\/orasul-timisoara.ro\/wp-content\/uploads\/2026\/08\/774350215_3120914371598321_2354339495117336135_n.jpg\" alt class=\"wp-image-40314\"><\/figure>\n<figure class=\"wp-block-image size-large\"><img decoding=\"async\" loading=\"lazy\" width=\"1441\" height=\"1267\" data-id=\"40312\" src=\"https:\/\/orasul-timisoara.ro\/wp-content\/uploads\/2026\/08\/774196637_3185068531683865_5762739019687437269_n.jpg\" alt class=\"wp-image-40312\"><\/figure>\n<figure class=\"wp-block-image size-large\"><img decoding=\"async\" loading=\"lazy\" width=\"1600\" height=\"1218\" data-id=\"40311\" src=\"https:\/\/orasul-timisoara.ro\/wp-content\/uploads\/2026\/08\/773967462_1577896037171196_2328123139231463263_n.jpg\" alt class=\"wp-image-40311\"><\/figure>\n<\/figure>\n<p class=\"wp-block-paragraph\">Referatul de aprobare este ini\u021biat de primarul Claudiu-Florin Coman. Parcela de 250 de metri p\u0103tra\u021bi apare ulterior \u0219i \u00een documentele referitoare la investi\u021bia pentru alimentarea cu energie electric\u0103, aspect pe care Liviu Gherman \u00eel consider\u0103 relevant \u00een acuza\u021biile sale.<\/p>\n<h2 class=\"wp-block-heading\">Milioane de lei \u00een utilit\u0103\u021bi, \u00een centrul acuza\u021biilor<\/h2>\n<p class=\"wp-block-paragraph\">Consilierul local sus\u021bine c\u0103, \u00een intervalul decembrie 2025 \u2013 iunie 2026, Prim\u0103ria S\u00e2nandrei a contractat sau a preg\u0103tit mai multe investi\u021bii \u00een infrastructur\u0103 \u00een zona respectiv\u0103.<\/p>\n<p class=\"wp-block-paragraph\">Potrivit informa\u021biilor prezentate de Gherman, acestea includ lucr\u0103ri de extindere a re\u021belei de canalizare, \u00een valoare de 740.000 de lei, investi\u021bii pentru ap\u0103, canal \u0219i ape pluviale de 898.100 de lei, extinderea re\u021belei de gaze, estimat\u0103 la 577.317 lei, precum \u0219i lucr\u0103ri de proiectare \u0219i execu\u021bie pentru alimentarea cu energie electric\u0103 a CF 411576, \u00een valoare de 629.896 de lei.<\/p>\n<p class=\"wp-block-paragraph\">Valoarea cumulat\u0103 a sumelor indicate de consilier ajunge la aproximativ 2,85 milioane de lei.<\/p>\n<p class=\"wp-block-paragraph\">Gherman consider\u0103 c\u0103 succesiunea cronologic\u0103 a actelor ridic\u0103 semne de \u00eentrebare, \u00een condi\u021biile \u00een care promisiunea de v\u00e2nzare-cump\u0103rare pentru terenul de aproape cinci hectare a fost notat\u0103 \u00een cartea funciar\u0103 la sf\u00e2r\u0219itul lunii ianuarie 2026, iar \u00een februarie primarul a ini\u021biat proiectul privind parcela de 250 de metri p\u0103tra\u021bi.<\/p>\n<h2 class=\"wp-block-heading\">\u201eCoinciden\u021be administrative\u201d, acuza\u021bia consilierului AUR<\/h2>\n<p class=\"wp-block-paragraph\">Liviu Gherman \u00ee\u0219i intituleaz\u0103 demersul \u201eCoinciden\u021be administrative\u201d \u0219i sus\u021bine c\u0103 investi\u021biile publice ar putea avea un efect direct asupra valorii terenurilor din zon\u0103.<\/p>\n<p class=\"wp-block-paragraph\">\u201eUtilit\u0103\u021bi de peste 600.000 EUR pentru un teren de 250 mp ar spune cineva c\u0103 sunt doar ni\u0219te coinciden\u021be\u201d, afirm\u0103 consilierul local.<\/p>\n<p class=\"wp-block-paragraph\">Acesta atrage aten\u021bia \u0219i asupra faptului c\u0103 CF 411576 \u0219i CF 411575 provin din aceea\u0219i dezmembrare \u0219i \u00eentreab\u0103 de ce parcela de 250 de metri p\u0103tra\u021bi apare \u00een obiectul investi\u021biei pentru alimentarea cu energie electric\u0103.<\/p>\n<p class=\"wp-block-paragraph\">\u00cen mesajul s\u0103u, Gherman \u00eentreab\u0103 cine a \u0219tiut despre situa\u021bia juridic\u0103 a terenului, de ce au fost realizate aceste investi\u021bii \u00een zon\u0103 \u0219i cine va beneficia, \u00een cele din urm\u0103, de infrastructura nou creat\u0103.<\/p>\n<h2 class=\"wp-block-heading\">Ce documente cere consilierul local<\/h2>\n<p class=\"wp-block-paragraph\">Consilierul AUR \u00eei solicit\u0103 primarului Claudiu Coman s\u0103 prezinte public documentele care justific\u0103 investi\u021biile.<\/p>\n<p class=\"wp-block-paragraph\">Printre acestea se afl\u0103 planurile, traseele re\u021belelor de utilit\u0103\u021bi, contractele, devizele, documenta\u021biile tehnice \u0219i promisiunea de v\u00e2nzare-cump\u0103rare.<\/p>\n<p class=\"wp-block-paragraph\">Gherman sus\u021bine c\u0103 nu consider\u0103 suficient\u0103 explica\u021bia potrivit c\u0103reia lucr\u0103rile au fost necesare \u0219i cere administra\u021biei locale s\u0103 precizeze motivul pentru care au fost prioritizate aceste investi\u021bii, cine beneficiaz\u0103 de infrastructur\u0103 \u0219i care este costul suportat de comunitate.<\/p>\n<p class=\"wp-block-paragraph\">\u201eVreau s\u0103 v\u0103d de ce a fost necesar, pentru cine este necesar, cine beneficiaz\u0103 \u0219i c\u00e2t cost\u0103 comunitatea\u201d, transmite consilierul local.<\/p>\n<h2 class=\"wp-block-heading\">Valoarea terenului, una dintre \u00eentreb\u0103rile ridicate<\/h2>\n<p class=\"wp-block-paragraph\">Unul dintre punctele centrale ale acuza\u021biilor formulate de Gherman este legat de posibila cre\u0219tere a valorii terenului ca urmare a extinderii infrastructurii.<\/p>\n<p class=\"wp-block-paragraph\">Consilierul \u00eentreab\u0103 c\u00e2t valora terenul \u00eenainte de realizarea utilit\u0103\u021bilor \u0219i c\u00e2t ar putea valora dup\u0103 introducerea re\u021belelor de ap\u0103, canalizare, gaze \u0219i energie electric\u0103.<\/p>\n<p class=\"wp-block-paragraph\">O astfel de evolu\u021bie poate fi relevant\u0103 pentru proprietarii terenurilor dintr-o zon\u0103 aflat\u0103 \u00een dezvoltare, \u00eens\u0103 documentele prezentate p\u00e2n\u0103 \u00een acest moment nu stabilesc c\u0103 investi\u021biile publice au fost realizate pentru cre\u0219terea valorii terenului vizat de promisiunea de v\u00e2nzare-cump\u0103rare.<\/p>\n<p class=\"wp-block-paragraph\">Pentru a putea fi l\u0103murit\u0103 aceast\u0103 chestiune sunt necesare documentele tehnice \u0219i administrative complete, inclusiv justific\u0103rile investi\u021biilor \u0219i traseele exacte ale re\u021belelor.<\/p>\n<h2 class=\"wp-block-heading\">Documentele confirm\u0103 succesiunea unor acte administrative<\/h2>\n<p class=\"wp-block-paragraph\">Actele prezentate de consilier permit reconstituirea unei succesiuni de opera\u021biuni juridice \u0219i administrative.<\/p>\n<p class=\"wp-block-paragraph\">\u00cen decembrie 2025 apare documentarea unei investi\u021bii privind extinderea canaliz\u0103rii. \u00cen ianuarie 2026 este notat\u0103 promisiunea bilateral\u0103 de v\u00e2nzare-cump\u0103rare pentru terenul de 49.750 de metri p\u0103tra\u021bi, iar \u00een februarie primarul ini\u021biaz\u0103 proiectul privind \u00eenscrierea \u00een proprietatea Comunei S\u00e2nandrei a parcelei de 250 de metri p\u0103tra\u021bi din CF 411576.<\/p>\n<p class=\"wp-block-paragraph\">Ulterior sunt prezentate investi\u021bii privind apa, canalizarea, apele pluviale, gazele \u0219i energia electric\u0103.<\/p>\n<p class=\"wp-block-paragraph\">Aceast\u0103 succesiune este cea pe care Liviu Gherman o consider\u0103 suspect\u0103. Ea nu reprezint\u0103 \u00eens\u0103, prin ea \u00eens\u0103\u0219i, dovada unei ilegalit\u0103\u021bi sau a unui folos personal ob\u021binut de primar.<\/p>\n<h2 class=\"wp-block-heading\">Prim\u0103ria S\u00e2nandrei, chemat\u0103 s\u0103 explice investi\u021biile<\/h2>\n<p class=\"wp-block-paragraph\">\u00cen centrul disputei se afl\u0103 acum justificarea investi\u021biilor \u0219i beneficiarii infrastructurii realizate \u00een zona C\u0103ii Caraniului.<\/p>\n<p class=\"wp-block-paragraph\">Liviu Gherman sus\u021bine c\u0103 administra\u021bia local\u0103 trebuie s\u0103 explice transparent fiecare etap\u0103 \u0219i fiecare sum\u0103 cheltuit\u0103 \u0219i afirm\u0103 c\u0103, \u00een cazul \u00een care r\u0103spunsurile nu vor fi suficiente, va continua demersurile pentru clarificarea situa\u021biei.<\/p>\n<p class=\"wp-block-paragraph\">\u201eBanii investi\u021bi sunt ai comunit\u0103\u021bii, nu ai unui partid, nu ai unui primar \u0219i nu ai unui grup de interese\u201d, afirm\u0103 consilierul local AUR.<\/p>\n<p class=\"wp-block-paragraph\">Acuza\u021biile formulate de Liviu Gherman reprezint\u0103 pozi\u021bia politic\u0103 a acestuia. Documentele prezentate confirm\u0103 existen\u021ba terenurilor, a promisiunii de v\u00e2nzare-cump\u0103rare \u0219i a unor proiecte de investi\u021bii, \u00eens\u0103 nu stabilesc, \u00een sine, c\u0103 lucr\u0103rile publice au fost realizate \u00een beneficiul personal al primarului.<\/p>\n<p class=\"wp-block-paragraph\">Pentru o imagine complet\u0103 sunt necesare explica\u021biile administra\u021biei locale, precum \u0219i documentele tehnice \u0219i contractuale invocate de consilier. Primarul Claudiu-Florin Coman nu a transmis, \u00een informa\u021biile aflate la dispozi\u021bia redac\u021biei pentru acest material, un punct de vedere referitor la acuza\u021biile formulate de Liviu Gherman. Un eventual punct de vedere al edilului \u0219i al Prim\u0103riei S\u00e2nandrei va fi publicat dac\u0103 va fi transmis redac\u021biei.<\/p>\n<\/div>\n<p>[analyse_source url=&#8221;https:\/\/orasul-timisoara.ro\/local-40310\/&#8221;]<\/p>\n","protected":false},"excerpt":{"rendered":"<p>[analyse_image type=&#8221;featured&#8221; src=&#8221;https:\/\/orasul-timisoara.ro\/wp-content\/uploads\/2026\/08\/sanandrei-utilitati.jpg&#8221;] Administra\u021bie local\u0103Claudiu Coman, primarul din S\u00e2nandrei, acuzat c\u0103 duce utilit\u0103\u021bi spre terenul pentru&#8230; Administra\u021bie local\u0103 \u0218tiri Locale Claudiu Coman, primarul din S\u00e2nandrei, acuzat c\u0103 duce utilit\u0103\u021bi spre terenul pentru care are promisiune de cump\u0103rare De c\u0103tre redactia &#8211; 18\/08\/2026 Facebook Twitter WhatsApp Linkedin ReddIt Email Imprimare Un scandal administrativ prinde contur \u00een [&hellip;]<\/p>\n","protected":false},"author":1,"featured_media":0,"comment_status":"open","ping_status":"","sticky":false,"template":"","format":"standard","meta":{"footnotes":""},"categories":[89],"tags":[226,189],"class_list":["post-2099373","post","type-post","status-publish","format-standard","hentry","category-romania","tag-crawlmanager","tag-orasul-timisoara-ro"],"_links":{"self":[{"href":"https:\/\/analyse.optim.biz\/index.php?rest_route=\/wp\/v2\/posts\/2099373","targetHints":{"allow":["GET"]}}],"collection":[{"href":"https:\/\/analyse.optim.biz\/index.php?rest_route=\/wp\/v2\/posts"}],"about":[{"href":"https:\/\/analyse.optim.biz\/index.php?rest_route=\/wp\/v2\/types\/post"}],"author":[{"embeddable":true,"href":"https:\/\/analyse.optim.biz\/index.php?rest_route=\/wp\/v2\/users\/1"}],"replies":[{"embeddable":true,"href":"https:\/\/analyse.optim.biz\/index.php?rest_route=%2Fwp%2Fv2%2Fcomments&post=2099373"}],"version-history":[{"count":0,"href":"https:\/\/analyse.optim.biz\/index.php?rest_route=\/wp\/v2\/posts\/2099373\/revisions"}],"wp:attachment":[{"href":"https:\/\/analyse.optim.biz\/index.php?rest_route=%2Fwp%2Fv2%2Fmedia&parent=2099373"}],"wp:term":[{"taxonomy":"category","embeddable":true,"href":"https:\/\/analyse.optim.biz\/index.php?rest_route=%2Fwp%2Fv2%2Fcategories&post=2099373"},{"taxonomy":"post_tag","embeddable":true,"href":"https:\/\/analyse.optim.biz\/index.php?rest_route=%2Fwp%2Fv2%2Ftags&post=2099373"}],"curies":[{"name":"wp","href":"https:\/\/api.w.org\/{rel}","templated":true}]}}