{"id":2099138,"date":"2026-08-18T14:01:03","date_gmt":"2026-08-18T11:01:03","guid":{"rendered":"https:\/\/analyse.optim.biz\/?p=2099138"},"modified":"2026-08-18T14:01:03","modified_gmt":"2026-08-18T11:01:03","slug":"timisoara-si-ghiroda-legate-printr-o-noua-pista-de-biciclete-de-aproape-3-km","status":"publish","type":"post","link":"https:\/\/analyse.optim.biz\/?p=2099138","title":{"rendered":"Timi\u0219oara \u0219i Ghiroda, legate printr-o nou\u0103 pist\u0103 de biciclete de aproape 3 km"},"content":{"rendered":"<p>[analyse_image type=&#8221;featured&#8221; src=&#8221;https:\/\/orasul-timisoara.ro\/wp-content\/uploads\/2026\/08\/posibila-pista-biciclete-bega.jpg&#8221;]<\/p>\n<article id=\"post-40296\" class=\"td-post-template-7 post-40296 post type-post status-publish format-standard has-post-thumbnail category-administratie category-featured category-investitii-in-timisoara category-sport-local category-stiri-timisoara tag-bega tag-biciclete tag-colonia-slavic tag-ghiroda tag-infrastructura-velo tag-mobilitate-urbana-2 tag-pista-de-biciclete-2 tag-podul-andrei-saguna tag-primaria-timisoara-2 tag-ruben-latcau-2 tag-strada-canalul-bega tag-timis-2 tag-timisoara-2 tag-vanatorilor td-container-wrap\">\n<div class=\"td-full-screen-header-image-wrap\">\n<div class=\"td-container td-post-header\">\n<div class=\"td-crumb-container\">\n<div class=\"entry-crumbs\"><span><a title=\"Vede\u021bi toate articolele \u00een Administra\u021bie local\u0103\" class=\"entry-crumb\" href=\"https:\/\/orasul-timisoara.ro\/local-category\/administratie\/\">Administra\u021bie local\u0103<\/a><\/span><span class=\"td-bred-no-url-last\">Timi\u0219oara \u0219i Ghiroda, legate printr-o nou\u0103 pist\u0103 de biciclete de aproape 3&#8230;<\/span><\/div>\n<\/div>\n<div class=\"td-post-header-holder\">\n<div class=\"td-parallax-header\">\n<header class=\"td-post-title\">\n<ul class=\"td-category\">\n<li class=\"entry-category\"><a href=\"https:\/\/orasul-timisoara.ro\/local-category\/administratie\/\">Administra\u021bie local\u0103<\/a><\/li>\n<li class=\"entry-category\"><a href=\"https:\/\/orasul-timisoara.ro\/local-category\/investitii-in-timisoara\/\">Investitii in Timisoara<\/a><\/li>\n<li class=\"entry-category\"><a href=\"https:\/\/orasul-timisoara.ro\/local-category\/sport-local\/\">Sport Local<\/a><\/li>\n<li class=\"entry-category\"><a href=\"https:\/\/orasul-timisoara.ro\/local-category\/stiri-timisoara\/\">\u0218tiri Locale<\/a><\/li>\n<\/ul>\n<h1 class=\"entry-title\">Timi\u0219oara \u0219i Ghiroda, legate printr-o nou\u0103 pist\u0103 de biciclete de aproape 3 km<\/h1>\n<div class=\"td-module-meta-info\">\n<div class=\"td-post-author-name\">\n<div class=\"td-author-by\">De c\u0103tre<\/div>\n<p><a href=\"https:\/\/orasul-timisoara.ro\/author\/timisoara\/\">redactia<\/a><\/p>\n<div class=\"td-author-line\"> &#8211; <\/div>\n<\/div>\n<p><span class=\"td-post-date\"><time class=\"entry-date updated td-module-date\" datetime=\"2026-08-18T17:01:03+03:00\">18\/08\/2026<\/time><\/span><\/div>\n<\/header>\n<\/div>\n<\/div>\n<\/div>\n<div id=\"td-full-screen-header-image\" class=\"td-image-gradient-style7\"><img decoding=\"async\" class=\"td-backstretch\" src=\"https:\/\/orasul-timisoara.ro\/wp-content\/uploads\/2026\/08\/posibila-pista-biciclete-bega.jpg\"><\/div>\n<\/div>\n<div class=\"td-container\">\n<div class=\"td-pb-row\">\n<div class=\"td-pb-span8 td-main-content\" role=\"main\">\n<div class=\"td-ss-main-content\">\n<div class=\"td-post-sharing-top\">\n<div class=\"td-post-sharing-classic\"><iframe title=\"topFacebookLike\" frameborder src=\"https:\/\/www.facebook.com\/plugins\/like.php?href=https:\/\/orasul-timisoara.ro\/local-40296\/&amp;layout=button_count&amp;show_faces=false&amp;width=105&amp;action=like&amp;colorscheme=light&amp;height=21\"><\/iframe><\/div>\n<div id=\"td_social_sharing_article_top\" class=\"td-post-sharing td-ps-bg td-ps-notext td-post-sharing-style1 \">\n<div class=\"td-post-sharing-visible\"><a class=\"td-social-sharing-button td-social-sharing-button-js td-social-network td-social-facebook\" href=\"https:\/\/www.facebook.com\/sharer.php?u=https%3A%2F%2Forasul-timisoara.ro%2Flocal-40296%2F\" title=\"Facebook\"><\/p>\n<div class=\"td-social-but-text\">Facebook<\/div>\n<p><\/a><a class=\"td-social-sharing-button td-social-sharing-button-js td-social-network td-social-twitter\" href=\"https:\/\/twitter.com\/intent\/tweet?text=Timi%C8%99oara+%C8%99i+Ghiroda%2C+legate+printr-o+nou%C4%83+pist%C4%83+de+biciclete+de+aproape+3+km&amp;url=https%3A%2F%2Forasul-timisoara.ro%2Flocal-40296%2F&amp;via=orasultm\" title=\"Twitter\"><\/p>\n<div class=\"td-social-but-text\">Twitter<\/div>\n<p><\/a><a class=\"td-social-sharing-button td-social-sharing-button-js td-social-network td-social-whatsapp\" href=\"https:\/\/api.whatsapp.com\/send?text=Timi%C8%99oara+%C8%99i+Ghiroda%2C+legate+printr-o+nou%C4%83+pist%C4%83+de+biciclete+de+aproape+3+km%20%0A%0A%20https:\/\/orasul-timisoara.ro\/local-40296\/\" title=\"WhatsApp\"><\/p>\n<div class=\"td-social-but-text\">WhatsApp<\/div>\n<p><\/a><a class=\"td-social-sharing-button td-social-sharing-button-js td-social-network td-social-linkedin\" href=\"https:\/\/www.linkedin.com\/shareArticle?mini=true&amp;url=https:\/\/orasul-timisoara.ro\/local-40296\/&amp;title=Timi%C8%99oara+%C8%99i+Ghiroda%2C+legate+printr-o+nou%C4%83+pist%C4%83+de+biciclete+de+aproape+3+km\" title=\"Linkedin\"><\/p>\n<div class=\"td-social-but-text\">Linkedin<\/div>\n<p><\/a><a class=\"td-social-sharing-button td-social-sharing-button-js td-social-network td-social-reddit\" href=\"https:\/\/reddit.com\/submit?url=https:\/\/orasul-timisoara.ro\/local-40296\/&amp;title=Timi%C8%99oara+%C8%99i+Ghiroda%2C+legate+printr-o+nou%C4%83+pist%C4%83+de+biciclete+de+aproape+3+km\" title=\"ReddIt\"><\/p>\n<div class=\"td-social-but-text\">ReddIt<\/div>\n<p><\/a><a class=\"td-social-sharing-button td-social-sharing-button-js td-social-network td-social-mail\" href=\"mailto:?subject=Timi%C8%99oara%20%C8%99i%20Ghiroda,%20legate%20printr-o%20nou%C4%83%20pist%C4%83%20de%20biciclete%20de%20aproape%203%20km&amp;body=https:\/\/orasul-timisoara.ro\/local-40296\/\" title=\"Email\"><\/p>\n<div class=\"td-social-but-text\">Email<\/div>\n<p><\/a><a class=\"td-social-sharing-button td-social-sharing-button-js td-social-network td-social-print\" href=\"https:\/\/orasul-timisoara.ro\/local-40296\/\" title=\"Imprimare\"><\/p>\n<div class=\"td-social-but-text\">Imprimare<\/div>\n<p><\/a><\/div>\n<\/div>\n<\/div>\n<div class=\"td-post-content tagdiv-type\">\n<p class=\"wp-block-paragraph\">Prim\u0103ria Municipiului Timi\u0219oara a primit dou\u0103 oferte la licita\u021bia pentru proiectarea unei noi piste de biciclete care va lega ora\u0219ul de Ghiroda. Traseul va avea aproape trei kilometri \u0219i va conecta infrastructura velo din Timi\u0219oara cu cea din localitatea periurban\u0103, oferind o rut\u0103 continu\u0103 pentru deplas\u0103rile cu bicicleta.<\/p>\n<p class=\"wp-block-paragraph\">Proiectul vizeaz\u0103 traseul dintre Podul Andrei \u0218aguna \u0219i Ghiroda, pe digul de pe malul st\u00e2ng al Beg\u0103i, inclusiv \u00een zona hidrocentralei. Investi\u021bia include at\u00e2t amenajarea pistei cu dublu sens, c\u00e2t \u0219i modernizarea unor zone de pe strada Canalul Bega, lucr\u0103ri pentru cre\u0219terea siguran\u021bei \u00een intersec\u021bii \u0219i facilit\u0103\u021bi pentru bicicli\u0219ti, pietoni \u0219i persoanele cu dizabilit\u0103\u021bi.<\/p>\n<h2 class=\"wp-block-heading\">Dou\u0103 firme vor s\u0103 proiecteze pista de biciclete Timi\u0219oara-Ghiroda<\/h2>\n<p class=\"wp-block-paragraph\">La procedura de achizi\u021bie pentru serviciile de proiectare, faza DALI, au fost depuse dou\u0103 oferte. Acestea provin de la NOVENSA SRL \u0219i GEBES MPROJECT SRL.<\/p>\n<p class=\"wp-block-paragraph\">Contractul are o valoare estimat\u0103 de 248.000 de lei, f\u0103r\u0103 TVA, iar durata serviciilor de proiectare este de \u0219ase luni de la emiterea ordinului de \u00eencepere.<\/p>\n<p class=\"wp-block-paragraph\">Dup\u0103 finalizarea etapei de evaluare \u0219i desemnarea ofertantului c\u00e2\u0219tig\u0103tor, proiectul va intra \u00een etapa de elaborare a documenta\u021biei necesare pentru dezvoltarea investi\u021biei.<\/p>\n<h2 class=\"wp-block-heading\">Traseul va lega Timi\u0219oara de Ghiroda pe malul Beg\u0103i<\/h2>\n<p class=\"wp-block-paragraph\">Pista proiectat\u0103 de Prim\u0103ria Timi\u0219oara va avea dublu sens \u0219i va fi amenajat\u0103 \u00eentre Podul Andrei \u0218aguna \u0219i Ghiroda. Traseul va urma digul de pe malul st\u00e2ng al Beg\u0103i \u0219i va include inclusiv zona hidrocentralei.<\/p>\n<p class=\"wp-block-paragraph\">Prin aceast\u0103 conexiune, administra\u021bia local\u0103 urm\u0103re\u0219te s\u0103 creeze o leg\u0103tur\u0103 continu\u0103 \u00eentre infrastructura velo existent\u0103 din Timi\u0219oara \u0219i cea din Ghiroda. Ruta ar putea fi utilizat\u0103 at\u00e2t de persoanele care folosesc bicicleta pentru deplasarea zilnic\u0103, c\u00e2t \u0219i de cei care merg spre zonele de agrement din apropierea Beg\u0103i.<\/p>\n<p class=\"wp-block-paragraph\">Viceprimarul Ruben La\u021bc\u0103u spune c\u0103 obiectivul municipalit\u0103\u021bii este ca bicicleta s\u0103 devin\u0103 o alternativ\u0103 viabil\u0103 inclusiv pentru deplas\u0103rile dintre Timi\u0219oara \u0219i localit\u0103\u021bile din jur.<\/p>\n<p class=\"wp-block-paragraph\">\u201eVrem ca bicicleta s\u0103 fie o op\u021biune real\u0103 \u0219i pentru drumurile pe care oamenii le fac zi de zi \u00eentre Timi\u0219oara \u0219i localit\u0103\u021bile din jur\u201d, a declarat Ruben La\u021bc\u0103u.<\/p>\n<h2 class=\"wp-block-heading\">Zone de odihn\u0103 \u0219i rastele pentru biciclete<\/h2>\n<p class=\"wp-block-paragraph\">Proiectul prevede \u0219i amenajarea unor facilit\u0103\u021bi de-a lungul traseului. \u00cen zonele \u00een care spa\u021biul permite, vor fi create puncte de odihn\u0103 \u00een locuri umbrite, dotate cu b\u0103nci \u0219i rastele pentru biciclete.<\/p>\n<p class=\"wp-block-paragraph\">Astfel, pista nu va fi conceput\u0103 doar ca un culoar destinat deplas\u0103rii rapide \u00eentre cele dou\u0103 localit\u0103\u021bi. Amenaj\u0103rile propuse urm\u0103resc \u0219i crearea unor condi\u021bii mai bune pentru persoanele care folosesc traseul \u00een scop recreativ sau pentru deplas\u0103ri mai lungi.<\/p>\n<p class=\"wp-block-paragraph\">\u00cen proiect sunt prev\u0103zute \u0219i solu\u021bii pentru intersec\u021bii, unde vor fi amenajate spa\u021bii de a\u0219teptare dedicate bicicli\u0219tilor. Acestea ar trebui s\u0103 contribuie la o traversare mai sigur\u0103 a zonelor \u00een care traseul velo se intersecteaz\u0103 cu circula\u021bia rutier\u0103.<\/p>\n<h2 class=\"wp-block-heading\">M\u0103suri speciale pentru siguran\u021ba pietonilor \u0219i bicicli\u0219tilor<\/h2>\n<p class=\"wp-block-paragraph\">Proiectul include mai multe elemente destinate cre\u0219terii siguran\u021bei tuturor participan\u021bilor la trafic. Pentru bicicli\u0219ti sunt prev\u0103zute spa\u021bii de a\u0219teptare \u00een intersec\u021bii, iar infrastructura va fi conectat\u0103 la traseele pietonale \u0219i str\u0103zile existente.<\/p>\n<p class=\"wp-block-paragraph\">O aten\u021bie distinct\u0103 este acordat\u0103 persoanelor cu dizabilit\u0103\u021bi. Documenta\u021bia va include rampe de acces, pavaj tactil, marcaje contrastante \u0219i sisteme de avertizare sonor\u0103 la trecerile de pietoni.<\/p>\n<p class=\"wp-block-paragraph\">Viceprimarul Ruben La\u021bc\u0103u a precizat c\u0103 traseul a fost g\u00e2ndit \u00een leg\u0103tur\u0103 cu infrastructura existent\u0103 \u0219i cu zonele \u00een care pietonii \u0219i bicicli\u0219tii trebuie s\u0103 poat\u0103 circula \u00een condi\u021bii de siguran\u021b\u0103.<\/p>\n<h2 class=\"wp-block-heading\">Moderniz\u0103ri \u0219i pe strada Canalul Bega<\/h2>\n<p class=\"wp-block-paragraph\">Investi\u021bia nu se limiteaz\u0103 la construirea pistei de biciclete. Proiectul include \u0219i interven\u021bii asupra infrastructurii de pe strada Canalul Bega.<\/p>\n<p class=\"wp-block-paragraph\">Lucr\u0103rile propuse aici vizeaz\u0103 trotuarele, carosabilul, re\u021belele edilitare \u0219i iluminatul public. Astfel, proiectarea va aborda zona \u00eentr-un mod integrat, prin interven\u021bii at\u00e2t asupra infrastructurii velo, c\u00e2t \u0219i asupra celei rutiere \u0219i pietonale.<\/p>\n<p class=\"wp-block-paragraph\">Una dintre zonele care urmeaz\u0103 s\u0103 fie reconfigurate este intersec\u021bia dintre Canalul Bega, Colonia Slavic \u0219i strada V\u00e2n\u0103torilor. Solu\u021bia urm\u0103re\u0219te cre\u0219terea siguran\u021bei pentru pietoni, bicicli\u0219ti \u0219i \u0219oferi.<\/p>\n<h2 class=\"wp-block-heading\">O conexiune pentru deplas\u0103rile zilnice \u0219i agrement<\/h2>\n<p class=\"wp-block-paragraph\">Noua pist\u0103 este g\u00e2ndit\u0103 s\u0103 deserveasc\u0103 mai multe tipuri de deplas\u0103ri. Pe de o parte, conexiunea poate fi utilizat\u0103 de cei care fac naveta cu bicicleta \u00eentre Timi\u0219oara \u0219i Ghiroda, iar pe de alt\u0103 parte traseul poate facilita accesul c\u0103tre zonele de agrement de pe Bega.<\/p>\n<p class=\"wp-block-paragraph\">Leg\u0103tura dintre cele dou\u0103 localit\u0103\u021bi este important\u0103 \u00een contextul extinderii zonei metropolitane \u0219i al nevoii de alternative la deplasarea cu autoturismul. O pist\u0103 continu\u0103 \u0219i conectat\u0103 la infrastructura existent\u0103 poate elimina una dintre problemele frecvente ale deplas\u0103rilor velo: \u00eentreruperea traseelor la limitele administrative ale localit\u0103\u021bilor.<\/p>\n<p class=\"wp-block-paragraph\">Prin conectarea infrastructurii din Timi\u0219oara cu cea din Ghiroda, proiectul urm\u0103re\u0219te tocmai continuitatea deplas\u0103rii pe biciclet\u0103.<\/p>\n<h2 class=\"wp-block-heading\">Contractul de proiectare are o durat\u0103 de \u0219ase luni<\/h2>\n<p class=\"wp-block-paragraph\">Valoarea estimat\u0103 pentru serviciile de proiectare, faza DALI, este de 248.000 de lei f\u0103r\u0103 TVA. Contractul va avea o durat\u0103 de \u0219ase luni, calculat\u0103 de la emiterea ordinului de \u00eencepere.<\/p>\n<p class=\"wp-block-paragraph\">\u00cen aceast\u0103 etap\u0103 vor fi dezvoltate solu\u021biile tehnice pentru traseul velo \u0219i pentru interven\u021biile complementare prev\u0103zute \u00een zona str\u0103zii Canalul Bega \u0219i a intersec\u021biei Canalul Bega \u2013 Colonia Slavic \u2013 V\u00e2n\u0103torilor.<\/p>\n<p class=\"wp-block-paragraph\">Cele dou\u0103 oferte depuse de NOVENSA SRL \u0219i GEBES MPROJECT SRL urmeaz\u0103 s\u0103 fie evaluate \u00een cadrul procedurii de achizi\u021bie. Ulterior, administra\u021bia local\u0103 va putea avansa cu documenta\u021bia necesar\u0103 pentru realizarea investi\u021biei.<\/p>\n<h2 class=\"wp-block-heading\">Timi\u0219oara preg\u0103te\u0219te o nou\u0103 leg\u0103tur\u0103 velo cu zona metropolitan\u0103<\/h2>\n<p class=\"wp-block-paragraph\">Proiectul pistei dintre Timi\u0219oara \u0219i Ghiroda este unul dintre demersurile prin care municipalitatea urm\u0103re\u0219te extinderea \u0219i conectarea infrastructurii pentru biciclete dincolo de limitele ora\u0219ului.<\/p>\n<p class=\"wp-block-paragraph\">Traseul de aproape trei kilometri, amenajat pe malul st\u00e2ng al Beg\u0103i, va include at\u00e2t infrastructur\u0103 dedicat\u0103 bicicletelor, c\u00e2t \u0219i facilit\u0103\u021bi pentru odihn\u0103, solu\u021bii de siguran\u021b\u0103 \u00een intersec\u021bii \u0219i m\u0103suri pentru accesibilizarea trecerilor de pietoni.<\/p>\n<p class=\"wp-block-paragraph\">Dac\u0103 proiectul va ajunge \u00een etapa de execu\u021bie, leg\u0103tura dintre Podul Andrei \u0218aguna \u0219i Ghiroda va crea o conexiune velo continu\u0103 \u00eentre Timi\u0219oara \u0219i localitatea vecin\u0103, cu beneficii at\u00e2t pentru deplas\u0103rile cotidiene, c\u00e2t \u0219i pentru accesul c\u0103tre zonele de agrement de pe Bega.<\/p>\n<\/div>\n<footer>\n<div class=\"td-post-source-tags\">\n<ul class=\"td-tags td-post-small-box clearfix\">\n<li><span>ETICHETE<\/span><\/li>\n<li><a href=\"https:\/\/orasul-timisoara.ro\/local-tag\/bega\/\">bega<\/a><\/li>\n<li><a href=\"https:\/\/orasul-timisoara.ro\/local-tag\/biciclete\/\">biciclete<\/a><\/li>\n<li><a href=\"https:\/\/orasul-timisoara.ro\/local-tag\/colonia-slavic\/\">Colonia Slavic<\/a><\/li>\n<li><a href=\"https:\/\/orasul-timisoara.ro\/local-tag\/ghiroda\/\">ghiroda<\/a><\/li>\n<li><a href=\"https:\/\/orasul-timisoara.ro\/local-tag\/infrastructura-velo\/\">infrastructur\u0103 velo<\/a><\/li>\n<li><a href=\"https:\/\/orasul-timisoara.ro\/local-tag\/mobilitate-urbana-2\/\">mobilitate urban\u0103<\/a><\/li>\n<li><a href=\"https:\/\/orasul-timisoara.ro\/local-tag\/pista-de-biciclete-2\/\">pist\u0103 de biciclete<\/a><\/li>\n<li><a href=\"https:\/\/orasul-timisoara.ro\/local-tag\/podul-andrei-saguna\/\">Podul Andrei \u0218aguna<\/a><\/li>\n<li><a href=\"https:\/\/orasul-timisoara.ro\/local-tag\/primaria-timisoara-2\/\">Prim\u0103ria Timi\u0219oara<\/a><\/li>\n<li><a href=\"https:\/\/orasul-timisoara.ro\/local-tag\/ruben-latcau-2\/\">Ruben La\u021bc\u0103u<\/a><\/li>\n<li><a href=\"https:\/\/orasul-timisoara.ro\/local-tag\/strada-canalul-bega\/\">strada Canalul Bega<\/a><\/li>\n<li><a href=\"https:\/\/orasul-timisoara.ro\/local-tag\/timis-2\/\">timi\u0219<\/a><\/li>\n<li><a href=\"https:\/\/orasul-timisoara.ro\/local-tag\/timisoara-2\/\">timi\u0219oara<\/a><\/li>\n<li><a href=\"https:\/\/orasul-timisoara.ro\/local-tag\/vanatorilor\/\">V\u00e2n\u0103torilor<\/a><\/li>\n<\/ul>\n<\/div>\n<div class=\"td-post-sharing-bottom\">\n<div class=\"td-post-sharing-classic\"><iframe title=\"bottomFacebookLike\" frameborder src=\"https:\/\/www.facebook.com\/plugins\/like.php?href=https:\/\/orasul-timisoara.ro\/local-40296\/&amp;layout=button_count&amp;show_faces=false&amp;width=105&amp;action=like&amp;colorscheme=light&amp;height=21\"><\/iframe><\/div>\n<div id=\"td_social_sharing_article_bottom\" class=\"td-post-sharing td-ps-bg td-ps-notext td-post-sharing-style1 \">\n<div class=\"td-post-sharing-visible\"><a class=\"td-social-sharing-button td-social-sharing-button-js td-social-network td-social-facebook\" href=\"https:\/\/www.facebook.com\/sharer.php?u=https%3A%2F%2Forasul-timisoara.ro%2Flocal-40296%2F\" title=\"Facebook\"><\/p>\n<div class=\"td-social-but-text\">Facebook<\/div>\n<p><\/a><a class=\"td-social-sharing-button td-social-sharing-button-js td-social-network td-social-twitter\" href=\"https:\/\/twitter.com\/intent\/tweet?text=Timi%C8%99oara+%C8%99i+Ghiroda%2C+legate+printr-o+nou%C4%83+pist%C4%83+de+biciclete+de+aproape+3+km&amp;url=https%3A%2F%2Forasul-timisoara.ro%2Flocal-40296%2F&amp;via=orasultm\" title=\"Twitter\"><\/p>\n<div class=\"td-social-but-text\">Twitter<\/div>\n<p><\/a><a class=\"td-social-sharing-button td-social-sharing-button-js td-social-network td-social-whatsapp\" href=\"https:\/\/api.whatsapp.com\/send?text=Timi%C8%99oara+%C8%99i+Ghiroda%2C+legate+printr-o+nou%C4%83+pist%C4%83+de+biciclete+de+aproape+3+km%20%0A%0A%20https:\/\/orasul-timisoara.ro\/local-40296\/\" title=\"WhatsApp\"><\/p>\n<div class=\"td-social-but-text\">WhatsApp<\/div>\n<p><\/a><a class=\"td-social-sharing-button td-social-sharing-button-js td-social-network td-social-linkedin\" href=\"https:\/\/www.linkedin.com\/shareArticle?mini=true&amp;url=https:\/\/orasul-timisoara.ro\/local-40296\/&amp;title=Timi%C8%99oara+%C8%99i+Ghiroda%2C+legate+printr-o+nou%C4%83+pist%C4%83+de+biciclete+de+aproape+3+km\" title=\"Linkedin\"><\/p>\n<div class=\"td-social-but-text\">Linkedin<\/div>\n<p><\/a><a class=\"td-social-sharing-button td-social-sharing-button-js td-social-network td-social-reddit\" href=\"https:\/\/reddit.com\/submit?url=https:\/\/orasul-timisoara.ro\/local-40296\/&amp;title=Timi%C8%99oara+%C8%99i+Ghiroda%2C+legate+printr-o+nou%C4%83+pist%C4%83+de+biciclete+de+aproape+3+km\" title=\"ReddIt\"><\/p>\n<div class=\"td-social-but-text\">ReddIt<\/div>\n<p><\/a><a class=\"td-social-sharing-button td-social-sharing-button-js td-social-network td-social-mail\" href=\"mailto:?subject=Timi%C8%99oara%20%C8%99i%20Ghiroda,%20legate%20printr-o%20nou%C4%83%20pist%C4%83%20de%20biciclete%20de%20aproape%203%20km&amp;body=https:\/\/orasul-timisoara.ro\/local-40296\/\" title=\"Email\"><\/p>\n<div class=\"td-social-but-text\">Email<\/div>\n<p><\/a><a class=\"td-social-sharing-button td-social-sharing-button-js td-social-network td-social-print\" href=\"https:\/\/orasul-timisoara.ro\/local-40296\/\" title=\"Imprimare\"><\/p>\n<div class=\"td-social-but-text\">Imprimare<\/div>\n<p><\/a><\/div>\n<\/div>\n<\/div>\n<div class=\"td-block-row td-post-next-prev\">\n<div class=\"td-block-span6 td-post-prev-post\">\n<div class=\"td-post-next-prev-content\"><span>Articolul precedent<\/span><a href=\"https:\/\/orasul-timisoara.ro\/local-40293\/\">Specula\u021bii f\u0103r\u0103 dovezi. Senatorul AUR Timi\u0219 vede conspira\u021bii \u00een \u00eent\u00e2lnirea Bolojan\u2013Fritz<\/a><\/div>\n<\/div>\n<div class=\"td-block-span6 td-post-next-post\">\n<div class=\"td-post-next-prev-content\"><span>Articolul urm\u0103tor<\/span><a href=\"https:\/\/orasul-timisoara.ro\/local-40300\/\">Tinerii din Timi\u0219oara sunt invita\u021bi s\u0103 transforme pove\u0219tile cartierului \u00een texte<\/a><\/div>\n<\/div>\n<\/div>\n<div class=\"td-author-name vcard author\"><span class=\"fn\"><a href=\"https:\/\/orasul-timisoara.ro\/author\/timisoara\/\">redactia<\/a><\/span><\/div>\n<p><span class=\"td-page-meta\"><\/span><span class=\"td-page-meta\"><span class=\"td-page-meta\"><\/span><\/span><span class=\"td-page-meta\"><\/span><\/footer>\n<div class=\"td_block_wrap td_block_related_posts tdi_3 td_with_ajax_pagination td-pb-border-top td_block_template_8\" data-td-block-uid=\"tdi_3\">\n<h4 class=\"td-related-title td-block-title\"><a id=\"tdi_4\" class=\"td-related-left td-cur-simple-item\" data-td_filter_value data-td_block_id=\"tdi_3\" href=\"https:\/\/orasul-timisoara.ro\/local-40296\/\">ARTICOLE SIMILARE<\/a><a id=\"tdi_5\" class=\"td-related-right\" data-td_filter_value=\"td_related_more_from_author\" data-td_block_id=\"tdi_3\" href=\"https:\/\/orasul-timisoara.ro\/local-40296\/\">DE LA ACELA\u0218I AUTOR<\/a><\/h4>\n<div id=\"tdi_3\" class=\"td_block_inner\">\n<div class=\"td-related-row\">\n<div class=\"td-related-span4\">\n<div class=\"td_module_related_posts td-animation-stack td_mod_related_posts\">\n<div class=\"td-module-image\">\n<div class=\"td-module-thumb\"><a href=\"https:\/\/orasul-timisoara.ro\/local-40287\/\" rel=\"bookmark\" class=\"td-image-wrap \" title=\"Alfred Simonis anun\u021b\u0103 reabilitarea drumului dintre Ghiroda \u0219i Mo\u0219ni\u021ba Veche\"><img loading=\"lazy\" decoding=\"async\" class=\"entry-thumb\" src=\"https:\/\/orasul-timisoara.ro\/wp-content\/uploads\/2026\/08\/fratii-simonis-436x300.jpg\" alt title=\"Alfred Simonis anun\u021b\u0103 reabilitarea drumului dintre Ghiroda \u0219i Mo\u0219ni\u021ba Veche\" width=\"218\" height=\"150\"><\/a><\/div>\n<\/div>\n<div class=\"item-details\">\n<h3 class=\"entry-title td-module-title\"><a href=\"https:\/\/orasul-timisoara.ro\/local-40287\/\" rel=\"bookmark\" title=\"Alfred Simonis anun\u021b\u0103 reabilitarea drumului dintre Ghiroda \u0219i Mo\u0219ni\u021ba Veche\">Alfred Simonis anun\u021b\u0103 reabilitarea drumului dintre Ghiroda \u0219i Mo\u0219ni\u021ba Veche<\/a><\/h3>\n<\/div>\n<\/div>\n<\/div>\n<div class=\"td-related-span4\">\n<div class=\"td_module_related_posts td-animation-stack td_mod_related_posts\">\n<div class=\"td-module-image\">\n<div class=\"td-module-thumb\"><a href=\"https:\/\/orasul-timisoara.ro\/local-39894\/\" rel=\"bookmark\" class=\"td-image-wrap \" title=\"Bega \u0219i sculpturile din Alpinet, redescoperite printr-un nou proiect cultural\"><img loading=\"lazy\" decoding=\"async\" class=\"entry-thumb\" src=\"https:\/\/orasul-timisoara.ro\/wp-content\/uploads\/2026\/07\/Ecluze5-436x300.jpg\" alt title=\"Bega \u0219i sculpturile din Alpinet, redescoperite printr-un nou proiect cultural\" width=\"218\" height=\"150\"><\/a><\/div>\n<\/div>\n<div class=\"item-details\">\n<h3 class=\"entry-title td-module-title\"><a href=\"https:\/\/orasul-timisoara.ro\/local-39894\/\" rel=\"bookmark\" title=\"Bega \u0219i sculpturile din Alpinet, redescoperite printr-un nou proiect cultural\">Bega \u0219i sculpturile din Alpinet, redescoperite printr-un nou proiect cultural<\/a><\/h3>\n<\/div>\n<\/div>\n<\/div>\n<div class=\"td-related-span4\">\n<div class=\"td_module_related_posts td-animation-stack td_mod_related_posts\">\n<div class=\"td-module-image\">\n<div class=\"td-module-thumb\"><a href=\"https:\/\/orasul-timisoara.ro\/local-39891\/\" rel=\"bookmark\" class=\"td-image-wrap \" title=\"CSC Ghiroda \u00eencepe sezonul oficial cu un duel la Caransebe\u0219 \u00een Cupa Rom\u00e2niei\"><img loading=\"lazy\" decoding=\"async\" class=\"entry-thumb\" src=\"https:\/\/orasul-timisoara.ro\/wp-content\/uploads\/2026\/07\/meci-436x300.jpg\" alt title=\"CSC Ghiroda \u00eencepe sezonul oficial cu un duel la Caransebe\u0219 \u00een Cupa Rom\u00e2niei\" width=\"218\" height=\"150\"><\/a><\/div>\n<\/div>\n<div class=\"item-details\">\n<h3 class=\"entry-title td-module-title\"><a href=\"https:\/\/orasul-timisoara.ro\/local-39891\/\" rel=\"bookmark\" title=\"CSC Ghiroda \u00eencepe sezonul oficial cu un duel la Caransebe\u0219 \u00een Cupa Rom\u00e2niei\">CSC Ghiroda \u00eencepe sezonul oficial cu un duel la Caransebe\u0219 \u00een Cupa Rom\u00e2niei<\/a><\/h3>\n<\/div>\n<\/div>\n<\/div>\n<\/div>\n<\/div>\n<\/div>\n<div class=\"comments\" id=\"comments\">\n<div id=\"respond\" class=\"comment-respond\">\n<h3 id=\"reply-title\" class=\"comment-reply-title\">L\u0102SA\u021aI UN MESAJ<\/h3>\n<div class=\"comment-form-input-wrap td-form-comment\">\n<div class=\"td-warning-comment\">V\u0103 rug\u0103m s\u0103 introduce\u021bi comentariul dvs.!<\/div>\n<\/div>\n<div class=\"comment-form-input-wrap td-form-author\">\n<div class=\"td-warning-author\">Introduce\u021bi aici numele dvs.<\/div>\n<\/div>\n<div class=\"comment-form-input-wrap td-form-email\">\n<div class=\"td-warning-email-error\">A\u021bi introdus o adres\u0103 de e-mail incorect\u0103!<\/div>\n<div class=\"td-warning-email\">V\u0103 rug\u0103m s\u0103 introduce\u021bi adresa dvs. de e-mail aici<\/div>\n<\/div>\n<\/div>\n<p class=\"akismet_comment_form_privacy_notice\">Acest site folose\u0219te Akismet pentru a reduce spamul. <a href=\"https:\/\/akismet.com\/privacy\/\" target=\"_blank\" rel=\"nofollow noopener\">Afl\u0103 cum sunt procesate datele comentariilor tale<\/a>.<\/p>\n<\/div>\n<\/div>\n<\/div>\n<div class=\"td-pb-span4 td-main-sidebar\" role=\"complementary\">\n<div class=\"td-ss-main-sidebar\">\n<aside id=\"block-4\" class=\"td_block_template_8 widget block-4 widget_block widget_media_image\">\n<figure class=\"wp-block-image size-full\"><img loading=\"lazy\" decoding=\"async\" width=\"336\" height=\"280\" src=\"https:\/\/orasul-timisoara.ro\/wp-content\/uploads\/2024\/11\/ReTIM-Abonamentul-Verde-Google-Ads-336x280px.gif\" alt class=\"wp-image-29257\"><\/figure>\n<\/aside>\n<div class=\"td_block_wrap td_block_social_counter td_block_widget tdi_6 td-social-style5 td-social-boxed td-pb-border-top td_block_template_8\">\n<div class=\"td-block-title-wrap\">\n<h4 class=\"td-block-title\"><span>Urm\u0103re\u0219te-ne pe Social Media<\/span><\/h4>\n<\/div>\n<div class=\"td-social-list\">\n<div class=\"td_social_type td-pb-margin-side td_social_facebook\">\n<div class=\"td-social-box\"><span class=\"td_social_info td_social_info_counter\">344,595<\/span><span class=\"td_social_info td_social_info_name\">Fani<\/span><span class=\"td_social_button\"><a href=\"https:\/\/www.facebook.com\/247timisoara\" target=\"_blank\" rel=\"nofollow\">\u00cemi place<\/a><\/span><\/div>\n<\/div>\n<div class=\"td_social_type td-pb-margin-side td_social_instagram\">\n<div class=\"td-social-box\"><span class=\"td_social_info td_social_info_counter\">4,416<\/span><span class=\"td_social_info td_social_info_name\">Cititori<\/span><span class=\"td_social_button\"><a href=\"https:\/\/instagram.com\/orasultimisoararo\/\" target=\"_blank\" rel=\"nofollow\">Conecta\u021bi-v\u0103<\/a><\/span><\/div>\n<\/div>\n<div class=\"td_social_type td-pb-margin-side td_social_rss\">\n<div class=\"td-social-box\"><span class=\"td_social_info td_social_info_counter\">12,506<\/span><span class=\"td_social_info td_social_info_name\">Cititori<\/span><span class=\"td_social_button\"><a href=\"https:\/\/orasul-timisoara.ro\/feed\/\" target=\"_blank\" rel=\"nofollow\">Conecta\u021bi-v\u0103<\/a><\/span><\/div>\n<\/div>\n<div class=\"td_social_type td-pb-margin-side td_social_tiktok\">\n<div class=\"td-social-box\"><span class=\"td_social_info td_social_info_counter\">1,500<\/span><span class=\"td_social_info td_social_info_name\">Cititori<\/span><span class=\"td_social_button\"><a href=\"https:\/\/www.tiktok.com\/@orasultimisoara\" target=\"_blank\" rel=\"nofollow\">Conecta\u021bi-v\u0103<\/a><\/span><\/div>\n<\/div>\n<div class=\"td_social_type td-pb-margin-side td_social_twitter\">\n<div class=\"td-social-box\"><span class=\"td_social_info td_social_info_counter\">1,595<\/span><span class=\"td_social_info td_social_info_name\">Cititori<\/span><span class=\"td_social_button\"><a href=\"https:\/\/twitter.com\/orasultm\" target=\"_blank\" rel=\"nofollow\">Conecta\u021bi-v\u0103<\/a><\/span><\/div>\n<\/div>\n<div class=\"td_social_type td-pb-margin-side td_social_youtube\">\n<div class=\"td-social-box\"><span class=\"td_social_info td_social_info_counter\">3,506<\/span><span class=\"td_social_info td_social_info_name\">Abona\u021bi<\/span><span class=\"td_social_button\"><a href=\"https:\/\/www.youtube.com\/channel\/UCQNsQvs2XCSIm1Z-AHRturw?sub_confirmation=1\" target=\"_blank\" rel=\"nofollow\">Abona\u021bi-v\u0103<\/a><\/span><\/div>\n<\/div>\n<\/div>\n<\/div>\n<aside id=\"text-7\" class=\"td_block_template_8 widget text-7 widget_text\">\n<h4 class=\"td-block-title\"><span>C\u0103ut\u0103ri populare pe OTM<\/span><\/h4>\n<div class=\"textwidget\"><a href=\"https:\/\/orasul-timisoara.ro\/?s=timisoara\"><span>Timisoara<\/span><\/a><a href=\"https:\/\/orasul-timisoara.ro\/?s=calin+dobra\"><span>Calin Dobra<\/span><\/a><a href=\"https:\/\/orasul-timisoara.ro\/?s=primaria+timisoara\"><span>Primaria Timisoara<\/span><\/a><a href=\"https:\/\/orasul-timisoara.ro\/?s=dominic+fritz\"><span>Dominic Fritz<\/span><\/a><a href=\"https:\/\/orasul-timisoara.ro\/?s=nicolae+robu\"><span>Nicolae Robu<\/span><\/a><a href=\"https:\/\/orasul-timisoara.ro\/?s=consiliul+local+timisoara\">Consiliul Local Timisoara<\/a><a href=\"https:\/\/orasul-timisoara.ro\/?s=consiliul+judetean+timis\"><span>Consiliul Judetean Timis<\/span><\/a><a href=\"https:\/\/orasul-timisoara.ro\/?s=cjt\"><span>CJT<\/span><\/a><a href=\"https:\/\/orasul-timisoara.ro\/?s=Alfred+Simonis\"><span>Alfred Simonis<\/span><\/a><a href=\"https:\/\/orasul-timisoara.ro\/?s=PNL\"><span>PNL<\/span><\/a><a href=\"https:\/\/orasul-timisoara.ro\/?s=coronavirus\"><span>coronavirus<\/span><\/a><a href=\"https:\/\/orasul-timisoara.ro\/?s=teatru+timisoara\">teatru Timisoara<\/a><a href=\"https:\/\/orasul-timisoara.ro\/?s=restaurante\"><span>restaurante Timisoara<\/span><\/a><a href=\"https:\/\/orasul-timisoara.ro\/?s=diskoteka\"><span>Diskoteka<\/span><\/a><a href=\"https:\/\/orasul-timisoara.ro\/?s=iulius+town\"><span>Iulius Town<\/span><\/a><a href=\"https:\/\/orasul-timisoara.ro\/?s=iulius+mall\"><span>Iulius Mall<\/span><\/a><a href=\"https:\/\/orasul-timisoara.ro\/?s=stpt\"><span>STPT<\/span><\/a><a href=\"https:\/\/orasul-timisoara.ro\/?s=alin+nica\"><span>Alin Nica<\/span><\/a><a href=\"https:\/\/orasul-timisoara.ro\/?s=psd\"><span>PSD<\/span><\/a><a href=\"https:\/\/orasul-timisoara.ro\/?s=aeroport\"><span>Aeroportul International Timisoara<\/span><\/a><a href=\"https:\/\/orasul-timisoara.ro\/?s=babes\"><span>Spitalul Victor Babes Timisoara<\/span><\/a><a href=\"https:\/\/orasul-timisoara.ro\/?s=poli\"><span>Poli Timi\u0219oara<\/span><\/a><a href=\"https:\/\/orasul-timisoara.ro\/?s=carantina\"><span>carantina<\/span><\/a><a href=\"https:\/\/orasul-timisoara.ro\/?s=aquatim\"><span>Aquatim<\/span><\/a><a href=\"https:\/\/orasul-timisoara.ro\/local-category\/stiri-timisoara\/\"><span>Stiri Timisoara<\/span><\/a><a href=\"https:\/\/orasul-timisoara.ro\/local-category\/investitii-in-timisoara\/\"><span>Investi\u021bii in Timi\u0219oara<\/span><\/a><a href=\"https:\/\/orasul-timisoara.ro\/local-9463\/\"><span>shaorma<\/span><\/a><a href=\"https:\/\/orasul-timisoara.ro\/?s=trafic\"><span>trafic rutier<\/span><\/a><a href=\"https:\/\/orasul-timisoara.ro\/?s=politia\"><span>politia locala timisoara<\/span><\/a><a href=\"https:\/\/orasul-timisoara.ro\/?s=roxana\"><span>Roxana Iliescu<\/span><\/a><a href=\"https:\/\/orasul-timisoara.ro\/?s=colterm\"><span>Colterm<\/span><\/a><a href=\"https:\/\/orasul-timisoara.ro\/?s=latcau\"><span>Ruben La\u021bc\u0103u<\/span><\/a><a href=\"https:\/\/orasul-timisoara.ro\/?s=timis\"><span>\u0218tiri din Timi\u0219<\/span><\/a><a href=\"https:\/\/orasul-timisoara.ro\/?s=spital\"><span>Spitale din Timi\u0219oara<\/span><\/a><a href=\"https:\/\/orasul-timisoara.ro\/?s=tabara\"><span>Cosmin Tab\u0103r\u0103<\/span><\/a><\/div>\n<\/aside>\n<aside id=\"rss-2\" class=\"td_block_template_8 widget rss-2 widget_rss\">\n<h4 class=\"td-block-title\"><span><a class=\"rsswidget rss-widget-feed\" href=\"https:\/\/fashionfridays.ro\/feed\"><img decoding=\"async\" class=\"rss-widget-icon\" width=\"14\" height=\"14\" src=\"https:\/\/orasul-timisoara.ro\/wp-includes\/images\/rss.png\" alt=\"RSS\" loading=\"lazy\"><\/a><a class=\"rsswidget rss-widget-title\" href=\"https:\/\/fashionfridays.ro\/\">Fashion Fridays<\/a><\/span><\/h4>\n<ul>\n<li><a class=\"rsswidget\" href=\"https:\/\/fashionfridays.ro\/romania-devine-a-29-a-piata-vogue-o-noua-era-pentru-industria-locala-de-moda\/\">Rom\u00e2nia devine a 29-a pia\u021b\u0103 Vogue: o nou\u0103 er\u0103 pentru industria local\u0103 de mod\u0103<\/a>\n<div class=\"rssSummary\">Revista Vogue \u00ee\u0219i extinde prezen\u021ba global\u0103 \u0219i va fi lansat\u0103 oficial \u00een Rom\u00e2nia \u00een prim\u0103vara anului 2027, marc\u00e2nd intrarea pe cea de-a 29-a pia\u021b\u0103 interna\u021bional\u0103. Proiectul este realizat \u00een parteneriat cu AEMME Publishing, o companie media recent \u00eenfiin\u021bat\u0103, care va publica edi\u021bia local\u0103 sub licen\u021b\u0103. Noua edi\u021bie, Vogue Rom\u00e2nia, \u00ee\u0219i propune s\u0103 combine autoritatea global\u0103 [\u2026]<\/div>\n<\/li>\n<\/ul>\n<\/aside>\n<aside id=\"rss-4\" class=\"td_block_template_8 widget rss-4 widget_rss\">\n<h4 class=\"td-block-title\"><span><a class=\"rsswidget rss-widget-feed\" href=\"https:\/\/emasini.ro\/feed\"><img decoding=\"async\" class=\"rss-widget-icon\" width=\"14\" height=\"14\" src=\"https:\/\/orasul-timisoara.ro\/wp-includes\/images\/rss.png\" alt=\"RSS\" loading=\"lazy\"><\/a><a class=\"rsswidget rss-widget-title\" href=\"https:\/\/emasini.ro\/\">eMasini<\/a><\/span><\/h4>\n<ul>\n<li><a class=\"rsswidget\" href=\"https:\/\/emasini.ro\/bmw-testeaza-noul-i4-convertible-primul-cabrio-electric-accesibil-al-marcii\/\">BMW testeaz\u0103 noul i4 Convertible, primul cabrio electric accesibil al m\u0103rcii<\/a>\n<div class=\"rssSummary\">BMW accelereaz\u0103 dezvoltarea noii genera\u021bii de modele electrice bazate pe platforma Neue Klasse, iar unul dintre cele mai interesante proiecte aflate \u00een teste este viitorul BMW i4 Convertible. Prototipul camuflat a fost surprins pe \u0219osele, confirm\u00e2nd c\u0103 produc\u0103torul german preg\u0103te\u0219te o decapotabil\u0103 electric\u0103 destinat\u0103 unui segment \u00een care oferta este, \u00een prezent, extrem de limitat\u0103. [\u2026]<\/div>\n<\/li>\n<\/ul>\n<\/aside>\n<\/div>\n<\/div>\n<\/div>\n<\/div>\n<\/article>\n<div class=\"td-post-content tagdiv-type\">\n<p class=\"wp-block-paragraph\">Prim\u0103ria Municipiului Timi\u0219oara a primit dou\u0103 oferte la licita\u021bia pentru proiectarea unei noi piste de biciclete care va lega ora\u0219ul de Ghiroda. Traseul va avea aproape trei kilometri \u0219i va conecta infrastructura velo din Timi\u0219oara cu cea din localitatea periurban\u0103, oferind o rut\u0103 continu\u0103 pentru deplas\u0103rile cu bicicleta.<\/p>\n<p class=\"wp-block-paragraph\">Proiectul vizeaz\u0103 traseul dintre Podul Andrei \u0218aguna \u0219i Ghiroda, pe digul de pe malul st\u00e2ng al Beg\u0103i, inclusiv \u00een zona hidrocentralei. Investi\u021bia include at\u00e2t amenajarea pistei cu dublu sens, c\u00e2t \u0219i modernizarea unor zone de pe strada Canalul Bega, lucr\u0103ri pentru cre\u0219terea siguran\u021bei \u00een intersec\u021bii \u0219i facilit\u0103\u021bi pentru bicicli\u0219ti, pietoni \u0219i persoanele cu dizabilit\u0103\u021bi.<\/p>\n<h2 class=\"wp-block-heading\">Dou\u0103 firme vor s\u0103 proiecteze pista de biciclete Timi\u0219oara-Ghiroda<\/h2>\n<p class=\"wp-block-paragraph\">La procedura de achizi\u021bie pentru serviciile de proiectare, faza DALI, au fost depuse dou\u0103 oferte. Acestea provin de la NOVENSA SRL \u0219i GEBES MPROJECT SRL.<\/p>\n<p class=\"wp-block-paragraph\">Contractul are o valoare estimat\u0103 de 248.000 de lei, f\u0103r\u0103 TVA, iar durata serviciilor de proiectare este de \u0219ase luni de la emiterea ordinului de \u00eencepere.<\/p>\n<p class=\"wp-block-paragraph\">Dup\u0103 finalizarea etapei de evaluare \u0219i desemnarea ofertantului c\u00e2\u0219tig\u0103tor, proiectul va intra \u00een etapa de elaborare a documenta\u021biei necesare pentru dezvoltarea investi\u021biei.<\/p>\n<h2 class=\"wp-block-heading\">Traseul va lega Timi\u0219oara de Ghiroda pe malul Beg\u0103i<\/h2>\n<p class=\"wp-block-paragraph\">Pista proiectat\u0103 de Prim\u0103ria Timi\u0219oara va avea dublu sens \u0219i va fi amenajat\u0103 \u00eentre Podul Andrei \u0218aguna \u0219i Ghiroda. Traseul va urma digul de pe malul st\u00e2ng al Beg\u0103i \u0219i va include inclusiv zona hidrocentralei.<\/p>\n<p class=\"wp-block-paragraph\">Prin aceast\u0103 conexiune, administra\u021bia local\u0103 urm\u0103re\u0219te s\u0103 creeze o leg\u0103tur\u0103 continu\u0103 \u00eentre infrastructura velo existent\u0103 din Timi\u0219oara \u0219i cea din Ghiroda. Ruta ar putea fi utilizat\u0103 at\u00e2t de persoanele care folosesc bicicleta pentru deplasarea zilnic\u0103, c\u00e2t \u0219i de cei care merg spre zonele de agrement din apropierea Beg\u0103i.<\/p>\n<p class=\"wp-block-paragraph\">Viceprimarul Ruben La\u021bc\u0103u spune c\u0103 obiectivul municipalit\u0103\u021bii este ca bicicleta s\u0103 devin\u0103 o alternativ\u0103 viabil\u0103 inclusiv pentru deplas\u0103rile dintre Timi\u0219oara \u0219i localit\u0103\u021bile din jur.<\/p>\n<p class=\"wp-block-paragraph\">\u201eVrem ca bicicleta s\u0103 fie o op\u021biune real\u0103 \u0219i pentru drumurile pe care oamenii le fac zi de zi \u00eentre Timi\u0219oara \u0219i localit\u0103\u021bile din jur\u201d, a declarat Ruben La\u021bc\u0103u.<\/p>\n<h2 class=\"wp-block-heading\">Zone de odihn\u0103 \u0219i rastele pentru biciclete<\/h2>\n<p class=\"wp-block-paragraph\">Proiectul prevede \u0219i amenajarea unor facilit\u0103\u021bi de-a lungul traseului. \u00cen zonele \u00een care spa\u021biul permite, vor fi create puncte de odihn\u0103 \u00een locuri umbrite, dotate cu b\u0103nci \u0219i rastele pentru biciclete.<\/p>\n<p class=\"wp-block-paragraph\">Astfel, pista nu va fi conceput\u0103 doar ca un culoar destinat deplas\u0103rii rapide \u00eentre cele dou\u0103 localit\u0103\u021bi. Amenaj\u0103rile propuse urm\u0103resc \u0219i crearea unor condi\u021bii mai bune pentru persoanele care folosesc traseul \u00een scop recreativ sau pentru deplas\u0103ri mai lungi.<\/p>\n<p class=\"wp-block-paragraph\">\u00cen proiect sunt prev\u0103zute \u0219i solu\u021bii pentru intersec\u021bii, unde vor fi amenajate spa\u021bii de a\u0219teptare dedicate bicicli\u0219tilor. Acestea ar trebui s\u0103 contribuie la o traversare mai sigur\u0103 a zonelor \u00een care traseul velo se intersecteaz\u0103 cu circula\u021bia rutier\u0103.<\/p>\n<h2 class=\"wp-block-heading\">M\u0103suri speciale pentru siguran\u021ba pietonilor \u0219i bicicli\u0219tilor<\/h2>\n<p class=\"wp-block-paragraph\">Proiectul include mai multe elemente destinate cre\u0219terii siguran\u021bei tuturor participan\u021bilor la trafic. Pentru bicicli\u0219ti sunt prev\u0103zute spa\u021bii de a\u0219teptare \u00een intersec\u021bii, iar infrastructura va fi conectat\u0103 la traseele pietonale \u0219i str\u0103zile existente.<\/p>\n<p class=\"wp-block-paragraph\">O aten\u021bie distinct\u0103 este acordat\u0103 persoanelor cu dizabilit\u0103\u021bi. Documenta\u021bia va include rampe de acces, pavaj tactil, marcaje contrastante \u0219i sisteme de avertizare sonor\u0103 la trecerile de pietoni.<\/p>\n<p class=\"wp-block-paragraph\">Viceprimarul Ruben La\u021bc\u0103u a precizat c\u0103 traseul a fost g\u00e2ndit \u00een leg\u0103tur\u0103 cu infrastructura existent\u0103 \u0219i cu zonele \u00een care pietonii \u0219i bicicli\u0219tii trebuie s\u0103 poat\u0103 circula \u00een condi\u021bii de siguran\u021b\u0103.<\/p>\n<h2 class=\"wp-block-heading\">Moderniz\u0103ri \u0219i pe strada Canalul Bega<\/h2>\n<p class=\"wp-block-paragraph\">Investi\u021bia nu se limiteaz\u0103 la construirea pistei de biciclete. Proiectul include \u0219i interven\u021bii asupra infrastructurii de pe strada Canalul Bega.<\/p>\n<p class=\"wp-block-paragraph\">Lucr\u0103rile propuse aici vizeaz\u0103 trotuarele, carosabilul, re\u021belele edilitare \u0219i iluminatul public. Astfel, proiectarea va aborda zona \u00eentr-un mod integrat, prin interven\u021bii at\u00e2t asupra infrastructurii velo, c\u00e2t \u0219i asupra celei rutiere \u0219i pietonale.<\/p>\n<p class=\"wp-block-paragraph\">Una dintre zonele care urmeaz\u0103 s\u0103 fie reconfigurate este intersec\u021bia dintre Canalul Bega, Colonia Slavic \u0219i strada V\u00e2n\u0103torilor. Solu\u021bia urm\u0103re\u0219te cre\u0219terea siguran\u021bei pentru pietoni, bicicli\u0219ti \u0219i \u0219oferi.<\/p>\n<h2 class=\"wp-block-heading\">O conexiune pentru deplas\u0103rile zilnice \u0219i agrement<\/h2>\n<p class=\"wp-block-paragraph\">Noua pist\u0103 este g\u00e2ndit\u0103 s\u0103 deserveasc\u0103 mai multe tipuri de deplas\u0103ri. Pe de o parte, conexiunea poate fi utilizat\u0103 de cei care fac naveta cu bicicleta \u00eentre Timi\u0219oara \u0219i Ghiroda, iar pe de alt\u0103 parte traseul poate facilita accesul c\u0103tre zonele de agrement de pe Bega.<\/p>\n<p class=\"wp-block-paragraph\">Leg\u0103tura dintre cele dou\u0103 localit\u0103\u021bi este important\u0103 \u00een contextul extinderii zonei metropolitane \u0219i al nevoii de alternative la deplasarea cu autoturismul. O pist\u0103 continu\u0103 \u0219i conectat\u0103 la infrastructura existent\u0103 poate elimina una dintre problemele frecvente ale deplas\u0103rilor velo: \u00eentreruperea traseelor la limitele administrative ale localit\u0103\u021bilor.<\/p>\n<p class=\"wp-block-paragraph\">Prin conectarea infrastructurii din Timi\u0219oara cu cea din Ghiroda, proiectul urm\u0103re\u0219te tocmai continuitatea deplas\u0103rii pe biciclet\u0103.<\/p>\n<h2 class=\"wp-block-heading\">Contractul de proiectare are o durat\u0103 de \u0219ase luni<\/h2>\n<p class=\"wp-block-paragraph\">Valoarea estimat\u0103 pentru serviciile de proiectare, faza DALI, este de 248.000 de lei f\u0103r\u0103 TVA. Contractul va avea o durat\u0103 de \u0219ase luni, calculat\u0103 de la emiterea ordinului de \u00eencepere.<\/p>\n<p class=\"wp-block-paragraph\">\u00cen aceast\u0103 etap\u0103 vor fi dezvoltate solu\u021biile tehnice pentru traseul velo \u0219i pentru interven\u021biile complementare prev\u0103zute \u00een zona str\u0103zii Canalul Bega \u0219i a intersec\u021biei Canalul Bega \u2013 Colonia Slavic \u2013 V\u00e2n\u0103torilor.<\/p>\n<p class=\"wp-block-paragraph\">Cele dou\u0103 oferte depuse de NOVENSA SRL \u0219i GEBES MPROJECT SRL urmeaz\u0103 s\u0103 fie evaluate \u00een cadrul procedurii de achizi\u021bie. Ulterior, administra\u021bia local\u0103 va putea avansa cu documenta\u021bia necesar\u0103 pentru realizarea investi\u021biei.<\/p>\n<h2 class=\"wp-block-heading\">Timi\u0219oara preg\u0103te\u0219te o nou\u0103 leg\u0103tur\u0103 velo cu zona metropolitan\u0103<\/h2>\n<p class=\"wp-block-paragraph\">Proiectul pistei dintre Timi\u0219oara \u0219i Ghiroda este unul dintre demersurile prin care municipalitatea urm\u0103re\u0219te extinderea \u0219i conectarea infrastructurii pentru biciclete dincolo de limitele ora\u0219ului.<\/p>\n<p class=\"wp-block-paragraph\">Traseul de aproape trei kilometri, amenajat pe malul st\u00e2ng al Beg\u0103i, va include at\u00e2t infrastructur\u0103 dedicat\u0103 bicicletelor, c\u00e2t \u0219i facilit\u0103\u021bi pentru odihn\u0103, solu\u021bii de siguran\u021b\u0103 \u00een intersec\u021bii \u0219i m\u0103suri pentru accesibilizarea trecerilor de pietoni.<\/p>\n<p class=\"wp-block-paragraph\">Dac\u0103 proiectul va ajunge \u00een etapa de execu\u021bie, leg\u0103tura dintre Podul Andrei \u0218aguna \u0219i Ghiroda va crea o conexiune velo continu\u0103 \u00eentre Timi\u0219oara \u0219i localitatea vecin\u0103, cu beneficii at\u00e2t pentru deplas\u0103rile cotidiene, c\u00e2t \u0219i pentru accesul c\u0103tre zonele de agrement de pe Bega.<\/p>\n<\/div>\n<p>[analyse_source url=&#8221;https:\/\/orasul-timisoara.ro\/local-40296\/&#8221;]<\/p>\n","protected":false},"excerpt":{"rendered":"<p>[analyse_image type=&#8221;featured&#8221; src=&#8221;https:\/\/orasul-timisoara.ro\/wp-content\/uploads\/2026\/08\/posibila-pista-biciclete-bega.jpg&#8221;] Administra\u021bie local\u0103Timi\u0219oara \u0219i Ghiroda, legate printr-o nou\u0103 pist\u0103 de biciclete de aproape 3&#8230; Administra\u021bie local\u0103 Investitii in Timisoara Sport Local \u0218tiri Locale Timi\u0219oara \u0219i Ghiroda, legate printr-o nou\u0103 pist\u0103 de biciclete de aproape 3 km De c\u0103tre redactia &#8211; 18\/08\/2026 Facebook Twitter WhatsApp Linkedin ReddIt Email Imprimare Prim\u0103ria Municipiului Timi\u0219oara a primit [&hellip;]<\/p>\n","protected":false},"author":1,"featured_media":0,"comment_status":"open","ping_status":"","sticky":false,"template":"","format":"standard","meta":{"footnotes":""},"categories":[89],"tags":[226,189],"class_list":["post-2099138","post","type-post","status-publish","format-standard","hentry","category-romania","tag-crawlmanager","tag-orasul-timisoara-ro"],"_links":{"self":[{"href":"https:\/\/analyse.optim.biz\/index.php?rest_route=\/wp\/v2\/posts\/2099138","targetHints":{"allow":["GET"]}}],"collection":[{"href":"https:\/\/analyse.optim.biz\/index.php?rest_route=\/wp\/v2\/posts"}],"about":[{"href":"https:\/\/analyse.optim.biz\/index.php?rest_route=\/wp\/v2\/types\/post"}],"author":[{"embeddable":true,"href":"https:\/\/analyse.optim.biz\/index.php?rest_route=\/wp\/v2\/users\/1"}],"replies":[{"embeddable":true,"href":"https:\/\/analyse.optim.biz\/index.php?rest_route=%2Fwp%2Fv2%2Fcomments&post=2099138"}],"version-history":[{"count":0,"href":"https:\/\/analyse.optim.biz\/index.php?rest_route=\/wp\/v2\/posts\/2099138\/revisions"}],"wp:attachment":[{"href":"https:\/\/analyse.optim.biz\/index.php?rest_route=%2Fwp%2Fv2%2Fmedia&parent=2099138"}],"wp:term":[{"taxonomy":"category","embeddable":true,"href":"https:\/\/analyse.optim.biz\/index.php?rest_route=%2Fwp%2Fv2%2Fcategories&post=2099138"},{"taxonomy":"post_tag","embeddable":true,"href":"https:\/\/analyse.optim.biz\/index.php?rest_route=%2Fwp%2Fv2%2Ftags&post=2099138"}],"curies":[{"name":"wp","href":"https:\/\/api.w.org\/{rel}","templated":true}]}}