{"id":2099136,"date":"2026-08-18T03:08:26","date_gmt":"2026-08-18T00:08:26","guid":{"rendered":"https:\/\/analyse.optim.biz\/?p=2099136"},"modified":"2026-08-18T03:08:26","modified_gmt":"2026-08-18T00:08:26","slug":"reactia-lui-dominic-fritz-dupa-decizia-ccr-nevoia-mafiei-privilegiatilor-de-a-scapa-de-mine-ii-face-sa","status":"publish","type":"post","link":"https:\/\/analyse.optim.biz\/?p=2099136","title":{"rendered":"Reac\u021bia lui Dominic Fritz dup\u0103 decizia CCR: \u201eNevoia mafiei privilegia\u021bilor de a sc\u0103pa de mine \u00eei face s\u0103"},"content":{"rendered":"<p>[analyse_image type=&#8221;featured&#8221; src=&#8221;https:\/\/orasul-timisoara.ro\/wp-content\/uploads\/2026\/08\/dominic-fritz-009.jpg&#8221;]<\/p>\n<article id=\"post-40279\" class=\"td-post-template-7 post-40279 post type-post status-publish format-standard has-post-thumbnail category-administratie category-featured category-politic category-stiri-timisoara tag-administratie-timisoara-2 tag-ani tag-ccr tag-cedo tag-conflict-de-interese tag-curtea-constitutionala tag-dominic-fritz tag-iccj-2 tag-legea-ani tag-mandat-dominic-fritz tag-politica-2 tag-primaria-timisoara-2 tag-psd tag-timisoara-2 td-container-wrap\">\n<div class=\"td-full-screen-header-image-wrap\">\n<div class=\"td-container td-post-header\">\n<div class=\"td-crumb-container\">\n<div class=\"entry-crumbs\"><span><a title=\"Vede\u021bi toate articolele \u00een Administra\u021bie local\u0103\" class=\"entry-crumb\" href=\"https:\/\/orasul-timisoara.ro\/local-category\/administratie\/\">Administra\u021bie local\u0103<\/a><\/span><span class=\"td-bred-no-url-last\">Reac\u021bia lui Dominic Fritz dup\u0103 decizia CCR: \u201eNevoia mafiei privilegia\u021bilor de a&#8230;<\/span><\/div>\n<\/div>\n<div class=\"td-post-header-holder\">\n<div class=\"td-parallax-header\">\n<header class=\"td-post-title\">\n<ul class=\"td-category\">\n<li class=\"entry-category\"><a href=\"https:\/\/orasul-timisoara.ro\/local-category\/administratie\/\">Administra\u021bie local\u0103<\/a><\/li>\n<li class=\"entry-category\"><a href=\"https:\/\/orasul-timisoara.ro\/local-category\/politic\/\">Politic<\/a><\/li>\n<li class=\"entry-category\"><a href=\"https:\/\/orasul-timisoara.ro\/local-category\/stiri-timisoara\/\">\u0218tiri Locale<\/a><\/li>\n<\/ul>\n<h1 class=\"entry-title\">Reac\u021bia lui Dominic Fritz dup\u0103 decizia CCR: \u201eNevoia mafiei privilegia\u021bilor de a sc\u0103pa de mine \u00eei face s\u0103 ac\u021bioneze disperat p\u00e2n\u0103 \u00eentr-acolo \u00eenc\u00e2t demoleaz\u0103 bazele democra\u021biei\u201d! Primarul anun\u021b\u0103 demersuri la CEDO<\/h1>\n<div class=\"td-module-meta-info\">\n<div class=\"td-post-author-name\">\n<div class=\"td-author-by\">De c\u0103tre<\/div>\n<p><a href=\"https:\/\/orasul-timisoara.ro\/author\/timisoara\/\">redactia<\/a><\/p>\n<div class=\"td-author-line\"> &#8211; <\/div>\n<\/div>\n<p><span class=\"td-post-date\"><time class=\"entry-date updated td-module-date\" datetime=\"2026-08-18T06:08:26+03:00\">18\/08\/2026<\/time><\/span><\/div>\n<\/header>\n<\/div>\n<\/div>\n<\/div>\n<div id=\"td-full-screen-header-image\" class=\"td-image-gradient-style7\"><img decoding=\"async\" class=\"td-backstretch\" src=\"https:\/\/orasul-timisoara.ro\/wp-content\/uploads\/2026\/08\/dominic-fritz-009.jpg\"><\/div>\n<\/div>\n<div class=\"td-container\">\n<div class=\"td-pb-row\">\n<div class=\"td-pb-span8 td-main-content\" role=\"main\">\n<div class=\"td-ss-main-content\">\n<div class=\"td-post-sharing-top\">\n<div class=\"td-post-sharing-classic\"><iframe title=\"topFacebookLike\" frameborder src=\"https:\/\/www.facebook.com\/plugins\/like.php?href=https:\/\/orasul-timisoara.ro\/local-40279\/&amp;layout=button_count&amp;show_faces=false&amp;width=105&amp;action=like&amp;colorscheme=light&amp;height=21\"><\/iframe><\/div>\n<div id=\"td_social_sharing_article_top\" class=\"td-post-sharing td-ps-bg td-ps-notext td-post-sharing-style1 \">\n<div class=\"td-post-sharing-visible\"><a class=\"td-social-sharing-button td-social-sharing-button-js td-social-network td-social-facebook\" href=\"https:\/\/www.facebook.com\/sharer.php?u=https%3A%2F%2Forasul-timisoara.ro%2Flocal-40279%2F\" title=\"Facebook\"><\/p>\n<div class=\"td-social-but-text\">Facebook<\/div>\n<p><\/a><a class=\"td-social-sharing-button td-social-sharing-button-js td-social-network td-social-twitter\" href=\"https:\/\/twitter.com\/intent\/tweet?text=Reac%C8%9Bia+lui+Dominic+Fritz+dup%C4%83+decizia+CCR%3A+%E2%80%9ENevoia+mafiei+privilegia%C8%9Bilor+de+a+sc%C4%83pa+de+mine+%C3%AEi+face+s%C4%83+ac%C8%9Bioneze+disperat+p%C3%A2n%C4%83+%C3%AEntr-acolo+%C3%AEnc%C3%A2t+demoleaz%C4%83+bazele+democra%C8%9Biei%E2%80%9D%21+Primarul+anun%C8%9B%C4%83+demersuri+la+CEDO&amp;url=https%3A%2F%2Forasul-timisoara.ro%2Flocal-40279%2F&amp;via=orasultm\" title=\"Twitter\"><\/p>\n<div class=\"td-social-but-text\">Twitter<\/div>\n<p><\/a><a class=\"td-social-sharing-button td-social-sharing-button-js td-social-network td-social-whatsapp\" href=\"https:\/\/api.whatsapp.com\/send?text=Reac%C8%9Bia+lui+Dominic+Fritz+dup%C4%83+decizia+CCR%3A+%E2%80%9ENevoia+mafiei+privilegia%C8%9Bilor+de+a+sc%C4%83pa+de+mine+%C3%AEi+face+s%C4%83+ac%C8%9Bioneze+disperat+p%C3%A2n%C4%83+%C3%AEntr-acolo+%C3%AEnc%C3%A2t+demoleaz%C4%83+bazele+democra%C8%9Biei%E2%80%9D%21+Primarul+anun%C8%9B%C4%83+demersuri+la+CEDO%20%0A%0A%20https:\/\/orasul-timisoara.ro\/local-40279\/\" title=\"WhatsApp\"><\/p>\n<div class=\"td-social-but-text\">WhatsApp<\/div>\n<p><\/a><a class=\"td-social-sharing-button td-social-sharing-button-js td-social-network td-social-linkedin\" href=\"https:\/\/www.linkedin.com\/shareArticle?mini=true&amp;url=https:\/\/orasul-timisoara.ro\/local-40279\/&amp;title=Reac%C8%9Bia+lui+Dominic+Fritz+dup%C4%83+decizia+CCR%3A+%E2%80%9ENevoia+mafiei+privilegia%C8%9Bilor+de+a+sc%C4%83pa+de+mine+%C3%AEi+face+s%C4%83+ac%C8%9Bioneze+disperat+p%C3%A2n%C4%83+%C3%AEntr-acolo+%C3%AEnc%C3%A2t+demoleaz%C4%83+bazele+democra%C8%9Biei%E2%80%9D%21+Primarul+anun%C8%9B%C4%83+demersuri+la+CEDO\" title=\"Linkedin\"><\/p>\n<div class=\"td-social-but-text\">Linkedin<\/div>\n<p><\/a><a class=\"td-social-sharing-button td-social-sharing-button-js td-social-network td-social-reddit\" href=\"https:\/\/reddit.com\/submit?url=https:\/\/orasul-timisoara.ro\/local-40279\/&amp;title=Reac%C8%9Bia+lui+Dominic+Fritz+dup%C4%83+decizia+CCR%3A+%E2%80%9ENevoia+mafiei+privilegia%C8%9Bilor+de+a+sc%C4%83pa+de+mine+%C3%AEi+face+s%C4%83+ac%C8%9Bioneze+disperat+p%C3%A2n%C4%83+%C3%AEntr-acolo+%C3%AEnc%C3%A2t+demoleaz%C4%83+bazele+democra%C8%9Biei%E2%80%9D%21+Primarul+anun%C8%9B%C4%83+demersuri+la+CEDO\" title=\"ReddIt\"><\/p>\n<div class=\"td-social-but-text\">ReddIt<\/div>\n<p><\/a><a class=\"td-social-sharing-button td-social-sharing-button-js td-social-network td-social-mail\" href=\"mailto:?subject=Reac%C8%9Bia%20lui%20Dominic%20Fritz%20dup%C4%83%20decizia%20CCR:%20%E2%80%9ENevoia%20mafiei%20privilegia%C8%9Bilor%20de%20a%20sc%C4%83pa%20de%20mine%20%C3%AEi%20face%20s%C4%83%20ac%C8%9Bioneze%20disperat%20p%C3%A2n%C4%83%20%C3%AEntr-acolo%20%C3%AEnc%C3%A2t%20demoleaz%C4%83%20bazele%20democra%C8%9Biei%E2%80%9D!%20Primarul%20anun%C8%9B%C4%83%20demersuri%20la%20CEDO&amp;body=https:\/\/orasul-timisoara.ro\/local-40279\/\" title=\"Email\"><\/p>\n<div class=\"td-social-but-text\">Email<\/div>\n<p><\/a><a class=\"td-social-sharing-button td-social-sharing-button-js td-social-network td-social-print\" href=\"https:\/\/orasul-timisoara.ro\/local-40279\/\" title=\"Imprimare\"><\/p>\n<div class=\"td-social-but-text\">Imprimare<\/div>\n<p><\/a><\/div>\n<\/div>\n<\/div>\n<div class=\"td-post-content tagdiv-type\">\n<p class=\"wp-block-paragraph\">Dominic Fritz, primarul Timi\u0219oarei, reac\u021bioneaz\u0103 dur dup\u0103 decizia Cur\u021bii Constitu\u021bionale referitoare la legea ANI, adoptat\u0103 de Parlament s\u0103pt\u0103m\u00e2na trecut\u0103. Edilul sus\u021bine c\u0103 actul normativ produce efecte asupra mandatului s\u0103u \u0219i afirm\u0103 c\u0103, dac\u0103 legea va fi promulgat\u0103 de pre\u0219edinte, mandatul s\u0103u ar putea \u00eenceta \u00een termen de 30 de zile.<\/p>\n<p class=\"wp-block-paragraph\">Pozi\u021bia exprimat\u0103 de Dominic Fritz vine \u00een contextul conflictului s\u0103u cu Agen\u021bia Na\u021bional\u0103 de Integritate, \u00een urma c\u0103ruia \u00cenalta Curte de Casa\u021bie \u0219i Justi\u021bie a men\u021binut definitiv raportul ANI. \u00cen declara\u021bia sa, primarul Timi\u0219oarei contest\u0103 \u00eens\u0103 modul \u00een care sunt aplicate noile prevederi \u0219i anun\u021b\u0103 c\u0103 va continua demersurile juridice la Curtea European\u0103 a Drepturilor Omului.<\/p>\n<h2 class=\"wp-block-heading\">Dominic Fritz contest\u0103 decizia CCR privind legea ANI<\/h2>\n<p class=\"wp-block-paragraph\">Dominic Fritz sus\u021bine c\u0103 decizia CCR reprezint\u0103 validarea unei legi pe care o consider\u0103 neconstitu\u021bional\u0103 \u0219i critic\u0103 majoritatea parlamentar\u0103 care a sus\u021binut actul normativ. \u00cen opinia sa, prevederile pot produce efecte asupra unor situa\u021bii produse \u00eenainte de intrarea \u00een vigoare a noii legisla\u021bii.<\/p>\n<p class=\"wp-block-paragraph\">Primarul Timi\u0219oarei invoc\u0103 articolul 15 din Constitu\u021bie, potrivit c\u0103ruia legea dispune numai pentru viitor, \u0219i avertizeaz\u0103 c\u0103 acceptarea unui astfel de principiu ar putea crea un precedent pentru alte situa\u021bii.<\/p>\n<p class=\"wp-block-paragraph\">\u201eArt. 15 din Constitu\u021bie, \u00ablegea dispune numai pentru viitor\u00bb, a fost suspendat azi pentru mine. M\u00e2ine poate fi suspendat pentru oricine\u201d, afirm\u0103 Dominic Fritz.<\/p>\n<h2 class=\"wp-block-heading\">Mandatul de primar, \u00een centrul disputei<\/h2>\n<p class=\"wp-block-paragraph\">Potrivit lui Fritz, \u00een cazul promulg\u0103rii legii de c\u0103tre pre\u0219edinte, mandatul s\u0103u de primar ar putea \u00eenceta \u00een termen de 30 de zile. Edilul consider\u0103 c\u0103 aplicarea noilor prevederi pentru o situa\u021bie produs\u0103 \u00een trecut reprezint\u0103 o sanc\u021biune retroactiv\u0103.<\/p>\n<p class=\"wp-block-paragraph\">Primarul sus\u021bine c\u0103 miza nu este doar situa\u021bia sa personal\u0103, ci \u0219i respectarea votului exprimat de timi\u0219oreni la alegerile locale. Fritz afirm\u0103 c\u0103 va continua demersurile juridice \u0219i c\u0103 inten\u021bioneaz\u0103 s\u0103 se adreseze CEDO.<\/p>\n<p class=\"wp-block-paragraph\">\u201eDrumul meu continu\u0103 la CEDO, unde nu ajung telefoanele din Kiseleff. Nu m\u0103 voi lupta pentru mine, ci pentru votul liber dat de timi\u0219oreni\u201d, a transmis primarul.<\/p>\n<h2 class=\"wp-block-heading\">Ce sus\u021bine Dominic Fritz despre cazul ANI<\/h2>\n<p class=\"wp-block-paragraph\">\u00cen declara\u021bia sa, edilul revine asupra situa\u021biei care a stat la baza raportului ANI. Fritz afirm\u0103 c\u0103 fapta care \u00eei este imputat\u0103 a constat \u00een semnarea, \u00een a doua zi dup\u0103 preluarea mandatului \u00een 2020, a unei dubluri a unui referat care fusese deja semnat de fostul primar.<\/p>\n<p class=\"wp-block-paragraph\">Primarul sus\u021bine c\u0103 documentul era legat de un Plan Urbanistic Zonal elaborat \u00een integralitate \u00eenainte ca el s\u0103 ajung\u0103 la conducerea Prim\u0103riei Timi\u0219oara. El afirm\u0103 c\u0103 procedura administrativ\u0103 era deja \u00een desf\u0103\u0219urare la momentul prelu\u0103rii mandatului.<\/p>\n<p class=\"wp-block-paragraph\">Cazul a ajuns definitiv \u00een instan\u021b\u0103 dup\u0103 ce \u00cenalta Curte de Casa\u021bie \u0219i Justi\u021bie a respins recursul formulat de Dominic Fritz \u00eempotriva deciziei Cur\u021bii de Apel Timi\u0219oara. Instan\u021ba suprem\u0103 a men\u021binut raportul ANI prin care fusese constatat\u0103 starea de conflict de interese administrativ.<\/p>\n<h2 class=\"wp-block-heading\">Fritz sus\u021bine c\u0103 noua lege schimb\u0103 tratamentul juridic al situa\u021biei<\/h2>\n<p class=\"wp-block-paragraph\">Unul dintre argumentele centrale prezentate de primar este legat de modul \u00een care noua legisla\u021bie trateaz\u0103 actele normative. Fritz afirm\u0103 c\u0103, potrivit noilor prevederi, actele normative destinate tuturor, categorie \u00een care el include \u0219i un PUZ, nu ar mai putea fi \u00eencadrate \u00een aceea\u0219i manier\u0103 la conflict de interese.<\/p>\n<p class=\"wp-block-paragraph\">\u00cen acest context, edilul sus\u021bine c\u0103 apare o contradic\u021bie \u00eentre modul \u00een care este tratat\u0103 o fapt\u0103 \u00een prezent \u0219i sanc\u021biunea pe care ar urma s\u0103 o suporte o persoan\u0103 pentru o situa\u021bie produs\u0103 anterior modific\u0103rii legisla\u021biei.<\/p>\n<p class=\"wp-block-paragraph\">\u201eO lege care elimin\u0103 fapta \u00een viitor dar inventeaz\u0103 o nou\u0103 sanc\u021biune pentru cei care presupus au comis-o \u00een trecut\u201d, afirm\u0103 Dominic Fritz, calific\u00e2nd situa\u021bia drept una extrem de grav\u0103.<\/p>\n<p class=\"wp-block-paragraph\">\u00cen cazul s\u0103u, instan\u021bele au re\u021binut \u00eens\u0103 existen\u021ba conflictului de interese administrativ, iar \u00cenalta Curte a men\u021binut definitiv raportul ANI. Dominic Fritz continu\u0103 s\u0103 conteste efectele pe care noile prevederi legislative le-ar putea avea asupra mandatului s\u0103u.<\/p>\n<h2 class=\"wp-block-heading\">Dominic Fritz acuz\u0103 presiuni politice<\/h2>\n<p class=\"wp-block-paragraph\">\u00cen mesajul s\u0103u, Dominic Fritz critic\u0103 PSD \u0219i sus\u021bine c\u0103 forma\u021biunea politic\u0103 urm\u0103re\u0219te controlul institu\u021biilor statului. Edilul afirm\u0103 c\u0103 situa\u021bia \u00een care se afl\u0103 reprezint\u0103, \u00een opinia sa, un exemplu al modului \u00een care institu\u021biile ar putea fi folosite \u00eempotriva unui adversar politic.<\/p>\n<p class=\"wp-block-paragraph\">Primarul Timi\u0219oarei face referire \u0219i la rela\u021bia Rom\u00e2niei cu institu\u021biile europene \u0219i cu investitorii. El sus\u021bine c\u0103 autorit\u0103\u021bile rom\u00e2ne vor trebui s\u0103 explice \u00een fa\u021ba Comisiei Europene modul \u00een care o lege asociat\u0103 unui jalon financiar european a ajuns s\u0103 aib\u0103 efecte asupra mandatului s\u0103u.<\/p>\n<p class=\"wp-block-paragraph\">Fritz critic\u0103, de asemenea, ceea ce consider\u0103 a fi influen\u021ba politic\u0103 asupra unor institu\u021bii publice \u0219i afirm\u0103 c\u0103 aceast\u0103 situa\u021bie afecteaz\u0103 \u00eencrederea \u00een statul de drept.<\/p>\n<h2 class=\"wp-block-heading\">Primarul Timi\u0219oarei anun\u021b\u0103 c\u0103 merge la CEDO<\/h2>\n<p class=\"wp-block-paragraph\">\u00cen pofida situa\u021biei juridice, Dominic Fritz transmite c\u0103 \u00ee\u0219i va continua demersurile \u00een plan european. Edilul afirm\u0103 c\u0103 urm\u0103torul pas este sesizarea Cur\u021bii Europene a Drepturilor Omului.<\/p>\n<p class=\"wp-block-paragraph\">Primarul sus\u021bine c\u0103 disputa dep\u0103\u0219e\u0219te cazul s\u0103u personal \u0219i prive\u0219te inclusiv modul \u00een care poate fi aplicat\u0103 legisla\u021bia unor situa\u021bii produse \u00eenainte de intrarea \u00een vigoare a unor noi prevederi.<\/p>\n<p class=\"wp-block-paragraph\">Reac\u021bia lui Dominic Fritz vine dup\u0103 ce instan\u021bele rom\u00e2ne au stabilit definitiv existen\u021ba conflictului de interese administrativ \u00een cazul s\u0103u. \u00cen acela\u0219i timp, primarul contest\u0103 efectele pe care noua lege ANI le-ar putea avea asupra mandatului s\u0103u \u0219i afirm\u0103 c\u0103 va utiliza toate c\u0103ile juridice pe care le are la dispozi\u021bie.<\/p>\n<h2 class=\"wp-block-heading\">Ce urmeaz\u0103 pentru Dominic Fritz<\/h2>\n<p class=\"wp-block-paragraph\">Decizia privind legea ANI deschide o nou\u0103 etap\u0103 \u00een disputa juridic\u0103 \u00een care este implicat primarul Timi\u0219oarei. Fritz sus\u021bine c\u0103 \u00ee\u0219i va continua demersurile la CEDO \u0219i c\u0103 va contesta \u00een plan european ceea ce consider\u0103 a fi efectele retroactive ale legisla\u021biei.<\/p>\n<p class=\"wp-block-paragraph\">\u00cen mesajul s\u0103u, edilul afirm\u0103 c\u0103 nu \u00ee\u0219i ap\u0103r\u0103 doar propria pozi\u021bie, ci \u0219i votul exprimat de timi\u0219oreni. R\u0103m\u00e2ne de v\u0103zut care vor fi efectele concrete ale promulg\u0103rii legii \u0219i care va fi traseul juridic al demersului anun\u021bat de primarul Timi\u0219oarei.<\/p>\n<p class=\"wp-block-paragraph\">Concluzie<\/p>\n<p class=\"wp-block-paragraph\">Dominic Fritz contest\u0103 ferm decizia CCR privind legea ANI \u0219i sus\u021bine c\u0103 aplicarea noilor prevederi i-ar putea afecta mandatul de primar al Timi\u0219oarei. Edilul anun\u021b\u0103 c\u0103 va continua demersurile juridice la CEDO, \u00een timp ce cazul s\u0103u privind conflictul de interese administrativ a fost deja tran\u0219at definitiv de instan\u021bele din Rom\u00e2nia.<\/p>\n<\/div>\n<footer>\n<div class=\"td-post-source-tags\">\n<ul class=\"td-tags td-post-small-box clearfix\">\n<li><span>ETICHETE<\/span><\/li>\n<li><a href=\"https:\/\/orasul-timisoara.ro\/local-tag\/administratie-timisoara-2\/\">administra\u021bie Timi\u0219oara<\/a><\/li>\n<li><a href=\"https:\/\/orasul-timisoara.ro\/local-tag\/ani\/\">ani<\/a><\/li>\n<li><a href=\"https:\/\/orasul-timisoara.ro\/local-tag\/ccr\/\">ccr<\/a><\/li>\n<li><a href=\"https:\/\/orasul-timisoara.ro\/local-tag\/cedo\/\">cedo<\/a><\/li>\n<li><a href=\"https:\/\/orasul-timisoara.ro\/local-tag\/conflict-de-interese\/\">conflict de interese<\/a><\/li>\n<li><a href=\"https:\/\/orasul-timisoara.ro\/local-tag\/curtea-constitutionala\/\">Curtea Constitu\u021bional\u0103<\/a><\/li>\n<li><a href=\"https:\/\/orasul-timisoara.ro\/local-tag\/dominic-fritz\/\">dominic fritz<\/a><\/li>\n<li><a href=\"https:\/\/orasul-timisoara.ro\/local-tag\/iccj-2\/\">\u00ceCCJ<\/a><\/li>\n<li><a href=\"https:\/\/orasul-timisoara.ro\/local-tag\/legea-ani\/\">legea ANI<\/a><\/li>\n<li><a href=\"https:\/\/orasul-timisoara.ro\/local-tag\/mandat-dominic-fritz\/\">mandat Dominic Fritz<\/a><\/li>\n<li><a href=\"https:\/\/orasul-timisoara.ro\/local-tag\/politica-2\/\">politic\u0103<\/a><\/li>\n<li><a href=\"https:\/\/orasul-timisoara.ro\/local-tag\/primaria-timisoara-2\/\">Prim\u0103ria Timi\u0219oara<\/a><\/li>\n<li><a href=\"https:\/\/orasul-timisoara.ro\/local-tag\/psd\/\">psd<\/a><\/li>\n<li><a href=\"https:\/\/orasul-timisoara.ro\/local-tag\/timisoara-2\/\">timi\u0219oara<\/a><\/li>\n<\/ul>\n<\/div>\n<div class=\"td-post-sharing-bottom\">\n<div class=\"td-post-sharing-classic\"><iframe title=\"bottomFacebookLike\" frameborder src=\"https:\/\/www.facebook.com\/plugins\/like.php?href=https:\/\/orasul-timisoara.ro\/local-40279\/&amp;layout=button_count&amp;show_faces=false&amp;width=105&amp;action=like&amp;colorscheme=light&amp;height=21\"><\/iframe><\/div>\n<div id=\"td_social_sharing_article_bottom\" class=\"td-post-sharing td-ps-bg td-ps-notext td-post-sharing-style1 \">\n<div class=\"td-post-sharing-visible\"><a class=\"td-social-sharing-button td-social-sharing-button-js td-social-network td-social-facebook\" href=\"https:\/\/www.facebook.com\/sharer.php?u=https%3A%2F%2Forasul-timisoara.ro%2Flocal-40279%2F\" title=\"Facebook\"><\/p>\n<div class=\"td-social-but-text\">Facebook<\/div>\n<p><\/a><a class=\"td-social-sharing-button td-social-sharing-button-js td-social-network td-social-twitter\" href=\"https:\/\/twitter.com\/intent\/tweet?text=Reac%C8%9Bia+lui+Dominic+Fritz+dup%C4%83+decizia+CCR%3A+%E2%80%9ENevoia+mafiei+privilegia%C8%9Bilor+de+a+sc%C4%83pa+de+mine+%C3%AEi+face+s%C4%83+ac%C8%9Bioneze+disperat+p%C3%A2n%C4%83+%C3%AEntr-acolo+%C3%AEnc%C3%A2t+demoleaz%C4%83+bazele+democra%C8%9Biei%E2%80%9D%21+Primarul+anun%C8%9B%C4%83+demersuri+la+CEDO&amp;url=https%3A%2F%2Forasul-timisoara.ro%2Flocal-40279%2F&amp;via=orasultm\" title=\"Twitter\"><\/p>\n<div class=\"td-social-but-text\">Twitter<\/div>\n<p><\/a><a class=\"td-social-sharing-button td-social-sharing-button-js td-social-network td-social-whatsapp\" href=\"https:\/\/api.whatsapp.com\/send?text=Reac%C8%9Bia+lui+Dominic+Fritz+dup%C4%83+decizia+CCR%3A+%E2%80%9ENevoia+mafiei+privilegia%C8%9Bilor+de+a+sc%C4%83pa+de+mine+%C3%AEi+face+s%C4%83+ac%C8%9Bioneze+disperat+p%C3%A2n%C4%83+%C3%AEntr-acolo+%C3%AEnc%C3%A2t+demoleaz%C4%83+bazele+democra%C8%9Biei%E2%80%9D%21+Primarul+anun%C8%9B%C4%83+demersuri+la+CEDO%20%0A%0A%20https:\/\/orasul-timisoara.ro\/local-40279\/\" title=\"WhatsApp\"><\/p>\n<div class=\"td-social-but-text\">WhatsApp<\/div>\n<p><\/a><a class=\"td-social-sharing-button td-social-sharing-button-js td-social-network td-social-linkedin\" href=\"https:\/\/www.linkedin.com\/shareArticle?mini=true&amp;url=https:\/\/orasul-timisoara.ro\/local-40279\/&amp;title=Reac%C8%9Bia+lui+Dominic+Fritz+dup%C4%83+decizia+CCR%3A+%E2%80%9ENevoia+mafiei+privilegia%C8%9Bilor+de+a+sc%C4%83pa+de+mine+%C3%AEi+face+s%C4%83+ac%C8%9Bioneze+disperat+p%C3%A2n%C4%83+%C3%AEntr-acolo+%C3%AEnc%C3%A2t+demoleaz%C4%83+bazele+democra%C8%9Biei%E2%80%9D%21+Primarul+anun%C8%9B%C4%83+demersuri+la+CEDO\" title=\"Linkedin\"><\/p>\n<div class=\"td-social-but-text\">Linkedin<\/div>\n<p><\/a><a class=\"td-social-sharing-button td-social-sharing-button-js td-social-network td-social-reddit\" href=\"https:\/\/reddit.com\/submit?url=https:\/\/orasul-timisoara.ro\/local-40279\/&amp;title=Reac%C8%9Bia+lui+Dominic+Fritz+dup%C4%83+decizia+CCR%3A+%E2%80%9ENevoia+mafiei+privilegia%C8%9Bilor+de+a+sc%C4%83pa+de+mine+%C3%AEi+face+s%C4%83+ac%C8%9Bioneze+disperat+p%C3%A2n%C4%83+%C3%AEntr-acolo+%C3%AEnc%C3%A2t+demoleaz%C4%83+bazele+democra%C8%9Biei%E2%80%9D%21+Primarul+anun%C8%9B%C4%83+demersuri+la+CEDO\" title=\"ReddIt\"><\/p>\n<div class=\"td-social-but-text\">ReddIt<\/div>\n<p><\/a><a class=\"td-social-sharing-button td-social-sharing-button-js td-social-network td-social-mail\" href=\"mailto:?subject=Reac%C8%9Bia%20lui%20Dominic%20Fritz%20dup%C4%83%20decizia%20CCR:%20%E2%80%9ENevoia%20mafiei%20privilegia%C8%9Bilor%20de%20a%20sc%C4%83pa%20de%20mine%20%C3%AEi%20face%20s%C4%83%20ac%C8%9Bioneze%20disperat%20p%C3%A2n%C4%83%20%C3%AEntr-acolo%20%C3%AEnc%C3%A2t%20demoleaz%C4%83%20bazele%20democra%C8%9Biei%E2%80%9D!%20Primarul%20anun%C8%9B%C4%83%20demersuri%20la%20CEDO&amp;body=https:\/\/orasul-timisoara.ro\/local-40279\/\" title=\"Email\"><\/p>\n<div class=\"td-social-but-text\">Email<\/div>\n<p><\/a><a class=\"td-social-sharing-button td-social-sharing-button-js td-social-network td-social-print\" href=\"https:\/\/orasul-timisoara.ro\/local-40279\/\" title=\"Imprimare\"><\/p>\n<div class=\"td-social-but-text\">Imprimare<\/div>\n<p><\/a><\/div>\n<\/div>\n<\/div>\n<div class=\"td-block-row td-post-next-prev\">\n<div class=\"td-block-span6 td-post-prev-post\">\n<div class=\"td-post-next-prev-content\"><span>Articolul precedent<\/span><a href=\"https:\/\/orasul-timisoara.ro\/local-40277\/\">Alfred Simonis: construc\u021bia noului stadion \u201eDan P\u0103ltini\u0219anu\u201d a fost deblocat\u0103 de Guvern. C\u00e2nd pot \u00eencepe lucr\u0103rile?<\/a><\/div>\n<\/div>\n<div class=\"td-block-span6 td-post-next-post\">\n<div class=\"td-post-next-prev-content\"><span>Articolul urm\u0103tor<\/span><a href=\"https:\/\/orasul-timisoara.ro\/local-40282\/\">Alin Nica avertizeaz\u0103 asupra efectelor Legii ANI pentru Timi\u0219oara<\/a><\/div>\n<\/div>\n<\/div>\n<div class=\"td-author-name vcard author\"><span class=\"fn\"><a href=\"https:\/\/orasul-timisoara.ro\/author\/timisoara\/\">redactia<\/a><\/span><\/div>\n<p><span class=\"td-page-meta\"><\/span><span class=\"td-page-meta\"><span class=\"td-page-meta\"><\/span><\/span><span class=\"td-page-meta\"><\/span><\/footer>\n<div class=\"td_block_wrap td_block_related_posts tdi_3 td_with_ajax_pagination td-pb-border-top td_block_template_8\" data-td-block-uid=\"tdi_3\">\n<h4 class=\"td-related-title td-block-title\"><a id=\"tdi_4\" class=\"td-related-left td-cur-simple-item\" data-td_filter_value data-td_block_id=\"tdi_3\" href=\"https:\/\/orasul-timisoara.ro\/local-40279\/\">ARTICOLE SIMILARE<\/a><a id=\"tdi_5\" class=\"td-related-right\" data-td_filter_value=\"td_related_more_from_author\" data-td_block_id=\"tdi_3\" href=\"https:\/\/orasul-timisoara.ro\/local-40279\/\">DE LA ACELA\u0218I AUTOR<\/a><\/h4>\n<div id=\"tdi_3\" class=\"td_block_inner\">\n<div class=\"td-related-row\">\n<div class=\"td-related-span4\">\n<div class=\"td_module_related_posts td-animation-stack td_mod_related_posts\">\n<div class=\"td-module-image\">\n<div class=\"td-module-thumb\"><a href=\"https:\/\/orasul-timisoara.ro\/local-40306\/\" rel=\"bookmark\" class=\"td-image-wrap \" title=\"Paradoxul Legii Integrit\u0103\u021bii: Dominic Fritz poate pierde mandatul pentru o fapt\u0103 care nu mai e conflict de interese\"><img loading=\"lazy\" decoding=\"async\" class=\"entry-thumb\" src=\"https:\/\/orasul-timisoara.ro\/wp-content\/uploads\/2026\/08\/dominic-fritz-009-436x300.jpg\" alt title=\"Paradoxul Legii Integrit\u0103\u021bii: Dominic Fritz poate pierde mandatul pentru o fapt\u0103 care nu mai e conflict de interese\" width=\"218\" height=\"150\"><\/a><\/div>\n<\/div>\n<div class=\"item-details\">\n<h3 class=\"entry-title td-module-title\"><a href=\"https:\/\/orasul-timisoara.ro\/local-40306\/\" rel=\"bookmark\" title=\"Paradoxul Legii Integrit\u0103\u021bii: Dominic Fritz poate pierde mandatul pentru o fapt\u0103 care nu mai e conflict de interese\">Paradoxul Legii Integrit\u0103\u021bii: Dominic Fritz poate pierde mandatul pentru o fapt\u0103 care nu mai e conflict de interese<\/a><\/h3>\n<\/div>\n<\/div>\n<\/div>\n<div class=\"td-related-span4\">\n<div class=\"td_module_related_posts td-animation-stack td_mod_related_posts\">\n<div class=\"td-module-image\">\n<div class=\"td-module-thumb\"><a href=\"https:\/\/orasul-timisoara.ro\/local-40282\/\" rel=\"bookmark\" class=\"td-image-wrap \" title=\"Alin Nica avertizeaz\u0103 asupra efectelor Legii ANI pentru Timi\u0219oara\"><img loading=\"lazy\" decoding=\"async\" class=\"entry-thumb\" src=\"https:\/\/orasul-timisoara.ro\/wp-content\/uploads\/2024\/04\/nica-fritz-aeroport-436x300.jpg\" alt title=\"Alin Nica avertizeaz\u0103 asupra efectelor Legii ANI pentru Timi\u0219oara\" width=\"218\" height=\"150\"><\/a><\/div>\n<\/div>\n<div class=\"item-details\">\n<h3 class=\"entry-title td-module-title\"><a href=\"https:\/\/orasul-timisoara.ro\/local-40282\/\" rel=\"bookmark\" title=\"Alin Nica avertizeaz\u0103 asupra efectelor Legii ANI pentru Timi\u0219oara\">Alin Nica avertizeaz\u0103 asupra efectelor Legii ANI pentru Timi\u0219oara<\/a><\/h3>\n<\/div>\n<\/div>\n<\/div>\n<div class=\"td-related-span4\">\n<div class=\"td_module_related_posts td-animation-stack td_mod_related_posts\">\n<div class=\"td-module-image\">\n<div class=\"td-module-thumb\"><a href=\"https:\/\/orasul-timisoara.ro\/local-40011\/\" rel=\"bookmark\" class=\"td-image-wrap \" title=\"Prefectul de Timi\u0219: Dominic Fritz r\u0103m\u00e2ne primar, dar prime\u0219te o sanc\u021biune salarial\u0103\"><img loading=\"lazy\" decoding=\"async\" class=\"entry-thumb\" src=\"https:\/\/orasul-timisoara.ro\/wp-content\/uploads\/2026\/08\/paul0finta-436x300.jpg\" alt title=\"Prefectul de Timi\u0219: Dominic Fritz r\u0103m\u00e2ne primar, dar prime\u0219te o sanc\u021biune salarial\u0103\" width=\"218\" height=\"150\"><\/a><\/div>\n<\/div>\n<div class=\"item-details\">\n<h3 class=\"entry-title td-module-title\"><a href=\"https:\/\/orasul-timisoara.ro\/local-40011\/\" rel=\"bookmark\" title=\"Prefectul de Timi\u0219: Dominic Fritz r\u0103m\u00e2ne primar, dar prime\u0219te o sanc\u021biune salarial\u0103\">Prefectul de Timi\u0219: Dominic Fritz r\u0103m\u00e2ne primar, dar prime\u0219te o sanc\u021biune salarial\u0103<\/a><\/h3>\n<\/div>\n<\/div>\n<\/div>\n<\/div>\n<\/div>\n<\/div>\n<div class=\"comments\" id=\"comments\">\n<div id=\"respond\" class=\"comment-respond\">\n<h3 id=\"reply-title\" class=\"comment-reply-title\">L\u0102SA\u021aI UN MESAJ<\/h3>\n<div class=\"comment-form-input-wrap td-form-comment\">\n<div class=\"td-warning-comment\">V\u0103 rug\u0103m s\u0103 introduce\u021bi comentariul dvs.!<\/div>\n<\/div>\n<div class=\"comment-form-input-wrap td-form-author\">\n<div class=\"td-warning-author\">Introduce\u021bi aici numele dvs.<\/div>\n<\/div>\n<div class=\"comment-form-input-wrap td-form-email\">\n<div class=\"td-warning-email-error\">A\u021bi introdus o adres\u0103 de e-mail incorect\u0103!<\/div>\n<div class=\"td-warning-email\">V\u0103 rug\u0103m s\u0103 introduce\u021bi adresa dvs. de e-mail aici<\/div>\n<\/div>\n<\/div>\n<p class=\"akismet_comment_form_privacy_notice\">Acest site folose\u0219te Akismet pentru a reduce spamul. <a href=\"https:\/\/akismet.com\/privacy\/\" target=\"_blank\" rel=\"nofollow noopener\">Afl\u0103 cum sunt procesate datele comentariilor tale<\/a>.<\/p>\n<\/div>\n<\/div>\n<\/div>\n<div class=\"td-pb-span4 td-main-sidebar\" role=\"complementary\">\n<div class=\"td-ss-main-sidebar\">\n<aside id=\"block-4\" class=\"td_block_template_8 widget block-4 widget_block widget_media_image\">\n<figure class=\"wp-block-image size-full\"><img loading=\"lazy\" decoding=\"async\" width=\"336\" height=\"280\" src=\"https:\/\/orasul-timisoara.ro\/wp-content\/uploads\/2024\/11\/ReTIM-Abonamentul-Verde-Google-Ads-336x280px.gif\" alt class=\"wp-image-29257\"><\/figure>\n<\/aside>\n<div class=\"td_block_wrap td_block_social_counter td_block_widget tdi_6 td-social-style5 td-social-boxed td-pb-border-top td_block_template_8\">\n<div class=\"td-block-title-wrap\">\n<h4 class=\"td-block-title\"><span>Urm\u0103re\u0219te-ne pe Social Media<\/span><\/h4>\n<\/div>\n<div class=\"td-social-list\">\n<div class=\"td_social_type td-pb-margin-side td_social_facebook\">\n<div class=\"td-social-box\"><span class=\"td_social_info td_social_info_counter\">344,595<\/span><span class=\"td_social_info td_social_info_name\">Fani<\/span><span class=\"td_social_button\"><a href=\"https:\/\/www.facebook.com\/247timisoara\" target=\"_blank\" rel=\"nofollow\">\u00cemi place<\/a><\/span><\/div>\n<\/div>\n<div class=\"td_social_type td-pb-margin-side td_social_instagram\">\n<div class=\"td-social-box\"><span class=\"td_social_info td_social_info_counter\">4,416<\/span><span class=\"td_social_info td_social_info_name\">Cititori<\/span><span class=\"td_social_button\"><a href=\"https:\/\/instagram.com\/orasultimisoararo\/\" target=\"_blank\" rel=\"nofollow\">Conecta\u021bi-v\u0103<\/a><\/span><\/div>\n<\/div>\n<div class=\"td_social_type td-pb-margin-side td_social_rss\">\n<div class=\"td-social-box\"><span class=\"td_social_info td_social_info_counter\">12,506<\/span><span class=\"td_social_info td_social_info_name\">Cititori<\/span><span class=\"td_social_button\"><a href=\"https:\/\/orasul-timisoara.ro\/feed\/\" target=\"_blank\" rel=\"nofollow\">Conecta\u021bi-v\u0103<\/a><\/span><\/div>\n<\/div>\n<div class=\"td_social_type td-pb-margin-side td_social_tiktok\">\n<div class=\"td-social-box\"><span class=\"td_social_info td_social_info_counter\">1,500<\/span><span class=\"td_social_info td_social_info_name\">Cititori<\/span><span class=\"td_social_button\"><a href=\"https:\/\/www.tiktok.com\/@orasultimisoara\" target=\"_blank\" rel=\"nofollow\">Conecta\u021bi-v\u0103<\/a><\/span><\/div>\n<\/div>\n<div class=\"td_social_type td-pb-margin-side td_social_twitter\">\n<div class=\"td-social-box\"><span class=\"td_social_info td_social_info_counter\">1,595<\/span><span class=\"td_social_info td_social_info_name\">Cititori<\/span><span class=\"td_social_button\"><a href=\"https:\/\/twitter.com\/orasultm\" target=\"_blank\" rel=\"nofollow\">Conecta\u021bi-v\u0103<\/a><\/span><\/div>\n<\/div>\n<div class=\"td_social_type td-pb-margin-side td_social_youtube\">\n<div class=\"td-social-box\"><span class=\"td_social_info td_social_info_counter\">3,506<\/span><span class=\"td_social_info td_social_info_name\">Abona\u021bi<\/span><span class=\"td_social_button\"><a href=\"https:\/\/www.youtube.com\/channel\/UCQNsQvs2XCSIm1Z-AHRturw?sub_confirmation=1\" target=\"_blank\" rel=\"nofollow\">Abona\u021bi-v\u0103<\/a><\/span><\/div>\n<\/div>\n<\/div>\n<\/div>\n<aside id=\"text-7\" class=\"td_block_template_8 widget text-7 widget_text\">\n<h4 class=\"td-block-title\"><span>C\u0103ut\u0103ri populare pe OTM<\/span><\/h4>\n<div class=\"textwidget\"><a href=\"https:\/\/orasul-timisoara.ro\/?s=timisoara\"><span>Timisoara<\/span><\/a><a href=\"https:\/\/orasul-timisoara.ro\/?s=calin+dobra\"><span>Calin Dobra<\/span><\/a><a href=\"https:\/\/orasul-timisoara.ro\/?s=primaria+timisoara\"><span>Primaria Timisoara<\/span><\/a><a href=\"https:\/\/orasul-timisoara.ro\/?s=dominic+fritz\"><span>Dominic Fritz<\/span><\/a><a href=\"https:\/\/orasul-timisoara.ro\/?s=nicolae+robu\"><span>Nicolae Robu<\/span><\/a><a href=\"https:\/\/orasul-timisoara.ro\/?s=consiliul+local+timisoara\">Consiliul Local Timisoara<\/a><a href=\"https:\/\/orasul-timisoara.ro\/?s=consiliul+judetean+timis\"><span>Consiliul Judetean Timis<\/span><\/a><a href=\"https:\/\/orasul-timisoara.ro\/?s=cjt\"><span>CJT<\/span><\/a><a href=\"https:\/\/orasul-timisoara.ro\/?s=Alfred+Simonis\"><span>Alfred Simonis<\/span><\/a><a href=\"https:\/\/orasul-timisoara.ro\/?s=PNL\"><span>PNL<\/span><\/a><a href=\"https:\/\/orasul-timisoara.ro\/?s=coronavirus\"><span>coronavirus<\/span><\/a><a href=\"https:\/\/orasul-timisoara.ro\/?s=teatru+timisoara\">teatru Timisoara<\/a><a href=\"https:\/\/orasul-timisoara.ro\/?s=restaurante\"><span>restaurante Timisoara<\/span><\/a><a href=\"https:\/\/orasul-timisoara.ro\/?s=diskoteka\"><span>Diskoteka<\/span><\/a><a href=\"https:\/\/orasul-timisoara.ro\/?s=iulius+town\"><span>Iulius Town<\/span><\/a><a href=\"https:\/\/orasul-timisoara.ro\/?s=iulius+mall\"><span>Iulius Mall<\/span><\/a><a href=\"https:\/\/orasul-timisoara.ro\/?s=stpt\"><span>STPT<\/span><\/a><a href=\"https:\/\/orasul-timisoara.ro\/?s=alin+nica\"><span>Alin Nica<\/span><\/a><a href=\"https:\/\/orasul-timisoara.ro\/?s=psd\"><span>PSD<\/span><\/a><a href=\"https:\/\/orasul-timisoara.ro\/?s=aeroport\"><span>Aeroportul International Timisoara<\/span><\/a><a href=\"https:\/\/orasul-timisoara.ro\/?s=babes\"><span>Spitalul Victor Babes Timisoara<\/span><\/a><a href=\"https:\/\/orasul-timisoara.ro\/?s=poli\"><span>Poli Timi\u0219oara<\/span><\/a><a href=\"https:\/\/orasul-timisoara.ro\/?s=carantina\"><span>carantina<\/span><\/a><a href=\"https:\/\/orasul-timisoara.ro\/?s=aquatim\"><span>Aquatim<\/span><\/a><a href=\"https:\/\/orasul-timisoara.ro\/local-category\/stiri-timisoara\/\"><span>Stiri Timisoara<\/span><\/a><a href=\"https:\/\/orasul-timisoara.ro\/local-category\/investitii-in-timisoara\/\"><span>Investi\u021bii in Timi\u0219oara<\/span><\/a><a href=\"https:\/\/orasul-timisoara.ro\/local-9463\/\"><span>shaorma<\/span><\/a><a href=\"https:\/\/orasul-timisoara.ro\/?s=trafic\"><span>trafic rutier<\/span><\/a><a href=\"https:\/\/orasul-timisoara.ro\/?s=politia\"><span>politia locala timisoara<\/span><\/a><a href=\"https:\/\/orasul-timisoara.ro\/?s=roxana\"><span>Roxana Iliescu<\/span><\/a><a href=\"https:\/\/orasul-timisoara.ro\/?s=colterm\"><span>Colterm<\/span><\/a><a href=\"https:\/\/orasul-timisoara.ro\/?s=latcau\"><span>Ruben La\u021bc\u0103u<\/span><\/a><a href=\"https:\/\/orasul-timisoara.ro\/?s=timis\"><span>\u0218tiri din Timi\u0219<\/span><\/a><a href=\"https:\/\/orasul-timisoara.ro\/?s=spital\"><span>Spitale din Timi\u0219oara<\/span><\/a><a href=\"https:\/\/orasul-timisoara.ro\/?s=tabara\"><span>Cosmin Tab\u0103r\u0103<\/span><\/a><\/div>\n<\/aside>\n<aside id=\"rss-2\" class=\"td_block_template_8 widget rss-2 widget_rss\">\n<h4 class=\"td-block-title\"><span><a class=\"rsswidget rss-widget-feed\" href=\"https:\/\/fashionfridays.ro\/feed\"><img decoding=\"async\" class=\"rss-widget-icon\" width=\"14\" height=\"14\" src=\"https:\/\/orasul-timisoara.ro\/wp-includes\/images\/rss.png\" alt=\"RSS\" loading=\"lazy\"><\/a><a class=\"rsswidget rss-widget-title\" href=\"https:\/\/fashionfridays.ro\/\">Fashion Fridays<\/a><\/span><\/h4>\n<ul>\n<li><a class=\"rsswidget\" href=\"https:\/\/fashionfridays.ro\/romania-devine-a-29-a-piata-vogue-o-noua-era-pentru-industria-locala-de-moda\/\">Rom\u00e2nia devine a 29-a pia\u021b\u0103 Vogue: o nou\u0103 er\u0103 pentru industria local\u0103 de mod\u0103<\/a>\n<div class=\"rssSummary\">Revista Vogue \u00ee\u0219i extinde prezen\u021ba global\u0103 \u0219i va fi lansat\u0103 oficial \u00een Rom\u00e2nia \u00een prim\u0103vara anului 2027, marc\u00e2nd intrarea pe cea de-a 29-a pia\u021b\u0103 interna\u021bional\u0103. Proiectul este realizat \u00een parteneriat cu AEMME Publishing, o companie media recent \u00eenfiin\u021bat\u0103, care va publica edi\u021bia local\u0103 sub licen\u021b\u0103. Noua edi\u021bie, Vogue Rom\u00e2nia, \u00ee\u0219i propune s\u0103 combine autoritatea global\u0103 [\u2026]<\/div>\n<\/li>\n<\/ul>\n<\/aside>\n<aside id=\"rss-4\" class=\"td_block_template_8 widget rss-4 widget_rss\">\n<h4 class=\"td-block-title\"><span><a class=\"rsswidget rss-widget-feed\" href=\"https:\/\/emasini.ro\/feed\"><img decoding=\"async\" class=\"rss-widget-icon\" width=\"14\" height=\"14\" src=\"https:\/\/orasul-timisoara.ro\/wp-includes\/images\/rss.png\" alt=\"RSS\" loading=\"lazy\"><\/a><a class=\"rsswidget rss-widget-title\" href=\"https:\/\/emasini.ro\/\">eMasini<\/a><\/span><\/h4>\n<ul>\n<li><a class=\"rsswidget\" href=\"https:\/\/emasini.ro\/bmw-testeaza-noul-i4-convertible-primul-cabrio-electric-accesibil-al-marcii\/\">BMW testeaz\u0103 noul i4 Convertible, primul cabrio electric accesibil al m\u0103rcii<\/a>\n<div class=\"rssSummary\">BMW accelereaz\u0103 dezvoltarea noii genera\u021bii de modele electrice bazate pe platforma Neue Klasse, iar unul dintre cele mai interesante proiecte aflate \u00een teste este viitorul BMW i4 Convertible. Prototipul camuflat a fost surprins pe \u0219osele, confirm\u00e2nd c\u0103 produc\u0103torul german preg\u0103te\u0219te o decapotabil\u0103 electric\u0103 destinat\u0103 unui segment \u00een care oferta este, \u00een prezent, extrem de limitat\u0103. [\u2026]<\/div>\n<\/li>\n<\/ul>\n<\/aside>\n<\/div>\n<\/div>\n<\/div>\n<\/div>\n<\/article>\n<div class=\"td-post-content tagdiv-type\">\n<p class=\"wp-block-paragraph\">Dominic Fritz, primarul Timi\u0219oarei, reac\u021bioneaz\u0103 dur dup\u0103 decizia Cur\u021bii Constitu\u021bionale referitoare la legea ANI, adoptat\u0103 de Parlament s\u0103pt\u0103m\u00e2na trecut\u0103. Edilul sus\u021bine c\u0103 actul normativ produce efecte asupra mandatului s\u0103u \u0219i afirm\u0103 c\u0103, dac\u0103 legea va fi promulgat\u0103 de pre\u0219edinte, mandatul s\u0103u ar putea \u00eenceta \u00een termen de 30 de zile.<\/p>\n<p class=\"wp-block-paragraph\">Pozi\u021bia exprimat\u0103 de Dominic Fritz vine \u00een contextul conflictului s\u0103u cu Agen\u021bia Na\u021bional\u0103 de Integritate, \u00een urma c\u0103ruia \u00cenalta Curte de Casa\u021bie \u0219i Justi\u021bie a men\u021binut definitiv raportul ANI. \u00cen declara\u021bia sa, primarul Timi\u0219oarei contest\u0103 \u00eens\u0103 modul \u00een care sunt aplicate noile prevederi \u0219i anun\u021b\u0103 c\u0103 va continua demersurile juridice la Curtea European\u0103 a Drepturilor Omului.<\/p>\n<h2 class=\"wp-block-heading\">Dominic Fritz contest\u0103 decizia CCR privind legea ANI<\/h2>\n<p class=\"wp-block-paragraph\">Dominic Fritz sus\u021bine c\u0103 decizia CCR reprezint\u0103 validarea unei legi pe care o consider\u0103 neconstitu\u021bional\u0103 \u0219i critic\u0103 majoritatea parlamentar\u0103 care a sus\u021binut actul normativ. \u00cen opinia sa, prevederile pot produce efecte asupra unor situa\u021bii produse \u00eenainte de intrarea \u00een vigoare a noii legisla\u021bii.<\/p>\n<p class=\"wp-block-paragraph\">Primarul Timi\u0219oarei invoc\u0103 articolul 15 din Constitu\u021bie, potrivit c\u0103ruia legea dispune numai pentru viitor, \u0219i avertizeaz\u0103 c\u0103 acceptarea unui astfel de principiu ar putea crea un precedent pentru alte situa\u021bii.<\/p>\n<p class=\"wp-block-paragraph\">\u201eArt. 15 din Constitu\u021bie, \u00ablegea dispune numai pentru viitor\u00bb, a fost suspendat azi pentru mine. M\u00e2ine poate fi suspendat pentru oricine\u201d, afirm\u0103 Dominic Fritz.<\/p>\n<h2 class=\"wp-block-heading\">Mandatul de primar, \u00een centrul disputei<\/h2>\n<p class=\"wp-block-paragraph\">Potrivit lui Fritz, \u00een cazul promulg\u0103rii legii de c\u0103tre pre\u0219edinte, mandatul s\u0103u de primar ar putea \u00eenceta \u00een termen de 30 de zile. Edilul consider\u0103 c\u0103 aplicarea noilor prevederi pentru o situa\u021bie produs\u0103 \u00een trecut reprezint\u0103 o sanc\u021biune retroactiv\u0103.<\/p>\n<p class=\"wp-block-paragraph\">Primarul sus\u021bine c\u0103 miza nu este doar situa\u021bia sa personal\u0103, ci \u0219i respectarea votului exprimat de timi\u0219oreni la alegerile locale. Fritz afirm\u0103 c\u0103 va continua demersurile juridice \u0219i c\u0103 inten\u021bioneaz\u0103 s\u0103 se adreseze CEDO.<\/p>\n<p class=\"wp-block-paragraph\">\u201eDrumul meu continu\u0103 la CEDO, unde nu ajung telefoanele din Kiseleff. Nu m\u0103 voi lupta pentru mine, ci pentru votul liber dat de timi\u0219oreni\u201d, a transmis primarul.<\/p>\n<h2 class=\"wp-block-heading\">Ce sus\u021bine Dominic Fritz despre cazul ANI<\/h2>\n<p class=\"wp-block-paragraph\">\u00cen declara\u021bia sa, edilul revine asupra situa\u021biei care a stat la baza raportului ANI. Fritz afirm\u0103 c\u0103 fapta care \u00eei este imputat\u0103 a constat \u00een semnarea, \u00een a doua zi dup\u0103 preluarea mandatului \u00een 2020, a unei dubluri a unui referat care fusese deja semnat de fostul primar.<\/p>\n<p class=\"wp-block-paragraph\">Primarul sus\u021bine c\u0103 documentul era legat de un Plan Urbanistic Zonal elaborat \u00een integralitate \u00eenainte ca el s\u0103 ajung\u0103 la conducerea Prim\u0103riei Timi\u0219oara. El afirm\u0103 c\u0103 procedura administrativ\u0103 era deja \u00een desf\u0103\u0219urare la momentul prelu\u0103rii mandatului.<\/p>\n<p class=\"wp-block-paragraph\">Cazul a ajuns definitiv \u00een instan\u021b\u0103 dup\u0103 ce \u00cenalta Curte de Casa\u021bie \u0219i Justi\u021bie a respins recursul formulat de Dominic Fritz \u00eempotriva deciziei Cur\u021bii de Apel Timi\u0219oara. Instan\u021ba suprem\u0103 a men\u021binut raportul ANI prin care fusese constatat\u0103 starea de conflict de interese administrativ.<\/p>\n<h2 class=\"wp-block-heading\">Fritz sus\u021bine c\u0103 noua lege schimb\u0103 tratamentul juridic al situa\u021biei<\/h2>\n<p class=\"wp-block-paragraph\">Unul dintre argumentele centrale prezentate de primar este legat de modul \u00een care noua legisla\u021bie trateaz\u0103 actele normative. Fritz afirm\u0103 c\u0103, potrivit noilor prevederi, actele normative destinate tuturor, categorie \u00een care el include \u0219i un PUZ, nu ar mai putea fi \u00eencadrate \u00een aceea\u0219i manier\u0103 la conflict de interese.<\/p>\n<p class=\"wp-block-paragraph\">\u00cen acest context, edilul sus\u021bine c\u0103 apare o contradic\u021bie \u00eentre modul \u00een care este tratat\u0103 o fapt\u0103 \u00een prezent \u0219i sanc\u021biunea pe care ar urma s\u0103 o suporte o persoan\u0103 pentru o situa\u021bie produs\u0103 anterior modific\u0103rii legisla\u021biei.<\/p>\n<p class=\"wp-block-paragraph\">\u201eO lege care elimin\u0103 fapta \u00een viitor dar inventeaz\u0103 o nou\u0103 sanc\u021biune pentru cei care presupus au comis-o \u00een trecut\u201d, afirm\u0103 Dominic Fritz, calific\u00e2nd situa\u021bia drept una extrem de grav\u0103.<\/p>\n<p class=\"wp-block-paragraph\">\u00cen cazul s\u0103u, instan\u021bele au re\u021binut \u00eens\u0103 existen\u021ba conflictului de interese administrativ, iar \u00cenalta Curte a men\u021binut definitiv raportul ANI. Dominic Fritz continu\u0103 s\u0103 conteste efectele pe care noile prevederi legislative le-ar putea avea asupra mandatului s\u0103u.<\/p>\n<h2 class=\"wp-block-heading\">Dominic Fritz acuz\u0103 presiuni politice<\/h2>\n<p class=\"wp-block-paragraph\">\u00cen mesajul s\u0103u, Dominic Fritz critic\u0103 PSD \u0219i sus\u021bine c\u0103 forma\u021biunea politic\u0103 urm\u0103re\u0219te controlul institu\u021biilor statului. Edilul afirm\u0103 c\u0103 situa\u021bia \u00een care se afl\u0103 reprezint\u0103, \u00een opinia sa, un exemplu al modului \u00een care institu\u021biile ar putea fi folosite \u00eempotriva unui adversar politic.<\/p>\n<p class=\"wp-block-paragraph\">Primarul Timi\u0219oarei face referire \u0219i la rela\u021bia Rom\u00e2niei cu institu\u021biile europene \u0219i cu investitorii. El sus\u021bine c\u0103 autorit\u0103\u021bile rom\u00e2ne vor trebui s\u0103 explice \u00een fa\u021ba Comisiei Europene modul \u00een care o lege asociat\u0103 unui jalon financiar european a ajuns s\u0103 aib\u0103 efecte asupra mandatului s\u0103u.<\/p>\n<p class=\"wp-block-paragraph\">Fritz critic\u0103, de asemenea, ceea ce consider\u0103 a fi influen\u021ba politic\u0103 asupra unor institu\u021bii publice \u0219i afirm\u0103 c\u0103 aceast\u0103 situa\u021bie afecteaz\u0103 \u00eencrederea \u00een statul de drept.<\/p>\n<h2 class=\"wp-block-heading\">Primarul Timi\u0219oarei anun\u021b\u0103 c\u0103 merge la CEDO<\/h2>\n<p class=\"wp-block-paragraph\">\u00cen pofida situa\u021biei juridice, Dominic Fritz transmite c\u0103 \u00ee\u0219i va continua demersurile \u00een plan european. Edilul afirm\u0103 c\u0103 urm\u0103torul pas este sesizarea Cur\u021bii Europene a Drepturilor Omului.<\/p>\n<p class=\"wp-block-paragraph\">Primarul sus\u021bine c\u0103 disputa dep\u0103\u0219e\u0219te cazul s\u0103u personal \u0219i prive\u0219te inclusiv modul \u00een care poate fi aplicat\u0103 legisla\u021bia unor situa\u021bii produse \u00eenainte de intrarea \u00een vigoare a unor noi prevederi.<\/p>\n<p class=\"wp-block-paragraph\">Reac\u021bia lui Dominic Fritz vine dup\u0103 ce instan\u021bele rom\u00e2ne au stabilit definitiv existen\u021ba conflictului de interese administrativ \u00een cazul s\u0103u. \u00cen acela\u0219i timp, primarul contest\u0103 efectele pe care noua lege ANI le-ar putea avea asupra mandatului s\u0103u \u0219i afirm\u0103 c\u0103 va utiliza toate c\u0103ile juridice pe care le are la dispozi\u021bie.<\/p>\n<h2 class=\"wp-block-heading\">Ce urmeaz\u0103 pentru Dominic Fritz<\/h2>\n<p class=\"wp-block-paragraph\">Decizia privind legea ANI deschide o nou\u0103 etap\u0103 \u00een disputa juridic\u0103 \u00een care este implicat primarul Timi\u0219oarei. Fritz sus\u021bine c\u0103 \u00ee\u0219i va continua demersurile la CEDO \u0219i c\u0103 va contesta \u00een plan european ceea ce consider\u0103 a fi efectele retroactive ale legisla\u021biei.<\/p>\n<p class=\"wp-block-paragraph\">\u00cen mesajul s\u0103u, edilul afirm\u0103 c\u0103 nu \u00ee\u0219i ap\u0103r\u0103 doar propria pozi\u021bie, ci \u0219i votul exprimat de timi\u0219oreni. R\u0103m\u00e2ne de v\u0103zut care vor fi efectele concrete ale promulg\u0103rii legii \u0219i care va fi traseul juridic al demersului anun\u021bat de primarul Timi\u0219oarei.<\/p>\n<p class=\"wp-block-paragraph\">Concluzie<\/p>\n<p class=\"wp-block-paragraph\">Dominic Fritz contest\u0103 ferm decizia CCR privind legea ANI \u0219i sus\u021bine c\u0103 aplicarea noilor prevederi i-ar putea afecta mandatul de primar al Timi\u0219oarei. Edilul anun\u021b\u0103 c\u0103 va continua demersurile juridice la CEDO, \u00een timp ce cazul s\u0103u privind conflictul de interese administrativ a fost deja tran\u0219at definitiv de instan\u021bele din Rom\u00e2nia.<\/p>\n<\/div>\n<p>[analyse_source url=&#8221;https:\/\/orasul-timisoara.ro\/local-40279\/&#8221;]<\/p>\n","protected":false},"excerpt":{"rendered":"<p>[analyse_image type=&#8221;featured&#8221; src=&#8221;https:\/\/orasul-timisoara.ro\/wp-content\/uploads\/2026\/08\/dominic-fritz-009.jpg&#8221;] Administra\u021bie local\u0103Reac\u021bia lui Dominic Fritz dup\u0103 decizia CCR: \u201eNevoia mafiei privilegia\u021bilor de a&#8230; Administra\u021bie local\u0103 Politic \u0218tiri Locale Reac\u021bia lui Dominic Fritz dup\u0103 decizia CCR: \u201eNevoia mafiei privilegia\u021bilor de a sc\u0103pa de mine \u00eei face s\u0103 ac\u021bioneze disperat p\u00e2n\u0103 \u00eentr-acolo \u00eenc\u00e2t demoleaz\u0103 bazele democra\u021biei\u201d! Primarul anun\u021b\u0103 demersuri la CEDO De c\u0103tre redactia [&hellip;]<\/p>\n","protected":false},"author":1,"featured_media":0,"comment_status":"open","ping_status":"","sticky":false,"template":"","format":"standard","meta":{"footnotes":""},"categories":[89],"tags":[226,189],"class_list":["post-2099136","post","type-post","status-publish","format-standard","hentry","category-romania","tag-crawlmanager","tag-orasul-timisoara-ro"],"_links":{"self":[{"href":"https:\/\/analyse.optim.biz\/index.php?rest_route=\/wp\/v2\/posts\/2099136","targetHints":{"allow":["GET"]}}],"collection":[{"href":"https:\/\/analyse.optim.biz\/index.php?rest_route=\/wp\/v2\/posts"}],"about":[{"href":"https:\/\/analyse.optim.biz\/index.php?rest_route=\/wp\/v2\/types\/post"}],"author":[{"embeddable":true,"href":"https:\/\/analyse.optim.biz\/index.php?rest_route=\/wp\/v2\/users\/1"}],"replies":[{"embeddable":true,"href":"https:\/\/analyse.optim.biz\/index.php?rest_route=%2Fwp%2Fv2%2Fcomments&post=2099136"}],"version-history":[{"count":0,"href":"https:\/\/analyse.optim.biz\/index.php?rest_route=\/wp\/v2\/posts\/2099136\/revisions"}],"wp:attachment":[{"href":"https:\/\/analyse.optim.biz\/index.php?rest_route=%2Fwp%2Fv2%2Fmedia&parent=2099136"}],"wp:term":[{"taxonomy":"category","embeddable":true,"href":"https:\/\/analyse.optim.biz\/index.php?rest_route=%2Fwp%2Fv2%2Fcategories&post=2099136"},{"taxonomy":"post_tag","embeddable":true,"href":"https:\/\/analyse.optim.biz\/index.php?rest_route=%2Fwp%2Fv2%2Ftags&post=2099136"}],"curies":[{"name":"wp","href":"https:\/\/api.w.org\/{rel}","templated":true}]}}