{"id":2099134,"date":"2026-08-18T03:17:42","date_gmt":"2026-08-18T00:17:42","guid":{"rendered":"https:\/\/analyse.optim.biz\/?p=2099134"},"modified":"2026-08-18T03:17:42","modified_gmt":"2026-08-18T00:17:42","slug":"alfred-simonis-anunta-reabilitarea-drumului-dintre-ghiroda-si-mosnita-veche","status":"publish","type":"post","link":"https:\/\/analyse.optim.biz\/?p=2099134","title":{"rendered":"Alfred Simonis anun\u021b\u0103 reabilitarea drumului dintre Ghiroda \u0219i Mo\u0219ni\u021ba Veche"},"content":{"rendered":"<p>[analyse_image type=&#8221;featured&#8221; src=&#8221;https:\/\/orasul-timisoara.ro\/wp-content\/uploads\/2026\/08\/fratii-simonis.jpg&#8221;]<\/p>\n<article id=\"post-40287\" class=\"td-post-template-7 post-40287 post type-post status-publish format-standard has-post-thumbnail category-administratie category-featured category-investitii-in-timisoara category-stiri-timisoara tag-alfred-simonis tag-centura-de-sud-timisoara tag-consiliul-judetean-timis-2 tag-dj-595e tag-ghiroda tag-giroc tag-infrastructura-rutiera tag-mosnita-noua-2 tag-mosnita-veche-2 tag-reabilitare-drum-judetean tag-timis-2 tag-timisoara-2 tag-urseni tag-zona-metropolitana-timisoara td-container-wrap\">\n<div class=\"td-full-screen-header-image-wrap\">\n<div class=\"td-container td-post-header\">\n<div class=\"td-crumb-container\">\n<div class=\"entry-crumbs\"><span><a title=\"Vede\u021bi toate articolele \u00een Administra\u021bie local\u0103\" class=\"entry-crumb\" href=\"https:\/\/orasul-timisoara.ro\/local-category\/administratie\/\">Administra\u021bie local\u0103<\/a><\/span><span class=\"td-bred-no-url-last\">Alfred Simonis anun\u021b\u0103 reabilitarea drumului dintre Ghiroda \u0219i Mo\u0219ni\u021ba Veche<\/span><\/div>\n<\/div>\n<div class=\"td-post-header-holder\">\n<div class=\"td-parallax-header\">\n<header class=\"td-post-title\">\n<ul class=\"td-category\">\n<li class=\"entry-category\"><a href=\"https:\/\/orasul-timisoara.ro\/local-category\/administratie\/\">Administra\u021bie local\u0103<\/a><\/li>\n<li class=\"entry-category\"><a href=\"https:\/\/orasul-timisoara.ro\/local-category\/investitii-in-timisoara\/\">Investitii in Timisoara<\/a><\/li>\n<li class=\"entry-category\"><a href=\"https:\/\/orasul-timisoara.ro\/local-category\/stiri-timisoara\/\">\u0218tiri Locale<\/a><\/li>\n<\/ul>\n<h1 class=\"entry-title\">Alfred Simonis anun\u021b\u0103 reabilitarea drumului dintre Ghiroda \u0219i Mo\u0219ni\u021ba Veche<\/h1>\n<div class=\"td-module-meta-info\">\n<div class=\"td-post-author-name\">\n<div class=\"td-author-by\">De c\u0103tre<\/div>\n<p><a href=\"https:\/\/orasul-timisoara.ro\/author\/timisoara\/\">redactia<\/a><\/p>\n<div class=\"td-author-line\"> &#8211; <\/div>\n<\/div>\n<p><span class=\"td-post-date\"><time class=\"entry-date updated td-module-date\" datetime=\"2026-08-18T06:17:42+03:00\">18\/08\/2026<\/time><\/span><\/div>\n<\/header>\n<\/div>\n<\/div>\n<\/div>\n<div id=\"td-full-screen-header-image\" class=\"td-image-gradient-style7\"><img decoding=\"async\" class=\"td-backstretch\" src=\"https:\/\/orasul-timisoara.ro\/wp-content\/uploads\/2026\/08\/fratii-simonis.jpg\"><\/div>\n<\/div>\n<div class=\"td-container\">\n<div class=\"td-pb-row\">\n<div class=\"td-pb-span8 td-main-content\" role=\"main\">\n<div class=\"td-ss-main-content\">\n<div class=\"td-post-sharing-top\">\n<div class=\"td-post-sharing-classic\"><iframe title=\"topFacebookLike\" frameborder src=\"https:\/\/www.facebook.com\/plugins\/like.php?href=https:\/\/orasul-timisoara.ro\/local-40287\/&amp;layout=button_count&amp;show_faces=false&amp;width=105&amp;action=like&amp;colorscheme=light&amp;height=21\"><\/iframe><\/div>\n<div id=\"td_social_sharing_article_top\" class=\"td-post-sharing td-ps-bg td-ps-notext td-post-sharing-style1 \">\n<div class=\"td-post-sharing-visible\"><a class=\"td-social-sharing-button td-social-sharing-button-js td-social-network td-social-facebook\" href=\"https:\/\/www.facebook.com\/sharer.php?u=https%3A%2F%2Forasul-timisoara.ro%2Flocal-40287%2F\" title=\"Facebook\"><\/p>\n<div class=\"td-social-but-text\">Facebook<\/div>\n<p><\/a><a class=\"td-social-sharing-button td-social-sharing-button-js td-social-network td-social-twitter\" href=\"https:\/\/twitter.com\/intent\/tweet?text=Alfred+Simonis+anun%C8%9B%C4%83+reabilitarea+drumului+dintre+Ghiroda+%C8%99i+Mo%C8%99ni%C8%9Ba+Veche&amp;url=https%3A%2F%2Forasul-timisoara.ro%2Flocal-40287%2F&amp;via=orasultm\" title=\"Twitter\"><\/p>\n<div class=\"td-social-but-text\">Twitter<\/div>\n<p><\/a><a class=\"td-social-sharing-button td-social-sharing-button-js td-social-network td-social-whatsapp\" href=\"https:\/\/api.whatsapp.com\/send?text=Alfred+Simonis+anun%C8%9B%C4%83+reabilitarea+drumului+dintre+Ghiroda+%C8%99i+Mo%C8%99ni%C8%9Ba+Veche%20%0A%0A%20https:\/\/orasul-timisoara.ro\/local-40287\/\" title=\"WhatsApp\"><\/p>\n<div class=\"td-social-but-text\">WhatsApp<\/div>\n<p><\/a><a class=\"td-social-sharing-button td-social-sharing-button-js td-social-network td-social-linkedin\" href=\"https:\/\/www.linkedin.com\/shareArticle?mini=true&amp;url=https:\/\/orasul-timisoara.ro\/local-40287\/&amp;title=Alfred+Simonis+anun%C8%9B%C4%83+reabilitarea+drumului+dintre+Ghiroda+%C8%99i+Mo%C8%99ni%C8%9Ba+Veche\" title=\"Linkedin\"><\/p>\n<div class=\"td-social-but-text\">Linkedin<\/div>\n<p><\/a><a class=\"td-social-sharing-button td-social-sharing-button-js td-social-network td-social-reddit\" href=\"https:\/\/reddit.com\/submit?url=https:\/\/orasul-timisoara.ro\/local-40287\/&amp;title=Alfred+Simonis+anun%C8%9B%C4%83+reabilitarea+drumului+dintre+Ghiroda+%C8%99i+Mo%C8%99ni%C8%9Ba+Veche\" title=\"ReddIt\"><\/p>\n<div class=\"td-social-but-text\">ReddIt<\/div>\n<p><\/a><a class=\"td-social-sharing-button td-social-sharing-button-js td-social-network td-social-mail\" href=\"mailto:?subject=Alfred%20Simonis%20anun%C8%9B%C4%83%20reabilitarea%20drumului%20dintre%20Ghiroda%20%C8%99i%20Mo%C8%99ni%C8%9Ba%20Veche&amp;body=https:\/\/orasul-timisoara.ro\/local-40287\/\" title=\"Email\"><\/p>\n<div class=\"td-social-but-text\">Email<\/div>\n<p><\/a><a class=\"td-social-sharing-button td-social-sharing-button-js td-social-network td-social-print\" href=\"https:\/\/orasul-timisoara.ro\/local-40287\/\" title=\"Imprimare\"><\/p>\n<div class=\"td-social-but-text\">Imprimare<\/div>\n<p><\/a><\/div>\n<\/div>\n<\/div>\n<div class=\"td-post-content tagdiv-type\">\n<p class=\"wp-block-paragraph\">DJ 595E Ghiroda-Mo\u0219ni\u021ba Veche intr\u0103 \u00eentr-un amplu proces de reabilitare, dup\u0103 ce Consiliul Jude\u021bean Timi\u0219 a predat constructorului amplasamentul pentru \u00eenceperea lucr\u0103rilor. Anun\u021bul a fost f\u0103cut de Alfred Simonis, pre\u0219edintele CJ Timi\u0219, care precizeaz\u0103 c\u0103 drumul va asigura o conexiune mai eficient\u0103 \u00eentre cobor\u00e2rea de pe centura de sud a Timi\u0219oarei, \u00een zona Ghiroda, \u0219i Mo\u0219ni\u021ba Veche.<\/p>\n<p class=\"wp-block-paragraph\">Investi\u021bia vizeaz\u0103 un tronson de aproximativ trei kilometri \u0219i o suprafa\u021b\u0103 de circa 71.000 de metri p\u0103tra\u021bi. Proiectul nu se limiteaz\u0103 la modernizarea carosabilului, ci include trotuare, piste de biciclete, trei sensuri giratorii, amenajarea acceselor la propriet\u0103\u021bi, canalizare pluvial\u0103 \u0219i iluminat public cu peste 200 de st\u00e2lpi. Potrivit lui Alfred Simonis, lucr\u0103rile ar urma s\u0103 \u00eembun\u0103t\u0103\u021beasc\u0103 circula\u021bia \u0219i siguran\u021ba rutier\u0103 pentru peste 20.000 de locuitori din zona metropolitan\u0103.<\/p>\n<h2 class=\"wp-block-heading\">DJ 595E leag\u0103 centura de sud de Mo\u0219ni\u021ba Veche<\/h2>\n<p class=\"wp-block-paragraph\">Drumul jude\u021bean DJ 595E porne\u0219te din zona \u00een care se realizeaz\u0103 conexiunea cu centura de sud a Timi\u0219oarei, la Ghiroda, \u0219i ajunge p\u00e2n\u0103 \u00een Mo\u0219ni\u021ba Veche. Predarea amplasamentului c\u0103tre constructor marcheaz\u0103 trecerea proiectului \u00een etapa de execu\u021bie a lucr\u0103rilor.<\/p>\n<p class=\"wp-block-paragraph\">Alfred Simonis sus\u021bine c\u0103 aceast\u0103 conexiune este important\u0103 pentru traficul din partea de sud-est a zonei metropolitane. \u00cen opinia pre\u0219edintelui CJ Timi\u0219, drumul va reprezenta o alternativ\u0103 pentru accesul \u0219i cobor\u00e2rea de pe centura de sud, contribuind la distribuirea mai eficient\u0103 a fluxurilor de trafic.<\/p>\n<p class=\"wp-block-paragraph\">Investi\u021bia apare \u00een contextul dezvolt\u0103rii rapide a localit\u0103\u021bilor din jurul Timi\u0219oarei \u0219i al cre\u0219terii nevoii de leg\u0103turi rutiere directe \u00eentre municipiu, centura ocolitoare \u0219i localit\u0103\u021bile periurbane.<\/p>\n<h2 class=\"wp-block-heading\">Reabilitarea DJ 595E nu \u00eenseamn\u0103 doar asfaltare<\/h2>\n<p class=\"wp-block-paragraph\">Proiectul preg\u0103tit pentru DJ 595E presupune interven\u021bii ample asupra infrastructurii existente. Suprafa\u021ba asupra c\u0103reia se va interveni este de aproximativ 71.000 de metri p\u0103tra\u021bi, iar lungimea tronsonului este de trei kilometri.<\/p>\n<p class=\"wp-block-paragraph\">Pe l\u00e2ng\u0103 refacerea drumului, proiectul include amenajarea unor trotuare \u0219i piste pentru biciclete. Sunt prev\u0103zute, de asemenea, trei sensuri giratorii, care vor avea rolul de a organiza \u0219i fluidiza circula\u021bia \u00een punctele importante ale traseului.<\/p>\n<p class=\"wp-block-paragraph\">Un alt element al investi\u021biei \u00eel reprezint\u0103 amenajarea acceselor c\u0103tre propriet\u0103\u021bile aflate de-a lungul drumului. Proiectul include \u0219i realizarea unei re\u021bele de canalizare pluvial\u0103, necesar\u0103 pentru gestionarea apelor provenite din precipita\u021bii.<\/p>\n<h2 class=\"wp-block-heading\">Peste 200 de st\u00e2lpi pentru iluminatul public<\/h2>\n<p class=\"wp-block-paragraph\">Modernizarea DJ 595E va include \u0219i o component\u0103 important\u0103 de iluminat public. Potrivit datelor prezentate de Alfred Simonis, proiectul prevede instalarea a peste 200 de st\u00e2lpi de iluminat.<\/p>\n<p class=\"wp-block-paragraph\">Aceast\u0103 interven\u021bie face parte din lucr\u0103rile care urm\u0103resc cre\u0219terea siguran\u021bei pentru participan\u021bii la trafic \u0219i pentru locuitorii din zona traversat\u0103 de drumul jude\u021bean. Al\u0103turi de iluminat, infrastructura dedicat\u0103 pietonilor \u0219i bicicli\u0219tilor va completa modernizarea tronsonului.<\/p>\n<p class=\"wp-block-paragraph\">Prin includerea acestor elemente \u00een proiect, administra\u021bia jude\u021bean\u0103 urm\u0103re\u0219te transformarea drumului \u00eentr-o conexiune rutier\u0103 \u0219i urban\u0103 mai bine adaptat\u0103 dezvolt\u0103rii localit\u0103\u021bilor din zona metropolitan\u0103.<\/p>\n<h2 class=\"wp-block-heading\">Trei sensuri giratorii vor reorganiza circula\u021bia<\/h2>\n<p class=\"wp-block-paragraph\">Unul dintre elementele importante ale investi\u021biei \u00eel reprezint\u0103 cele trei sensuri giratorii prev\u0103zute pe traseul DJ 595E. Acestea vor contribui la organizarea intersec\u021biilor \u0219i la gestionarea fluxurilor de trafic dintre Ghiroda, Mo\u0219ni\u021ba Veche \u0219i celelalte direc\u021bii de circula\u021bie din zon\u0103.<\/p>\n<p class=\"wp-block-paragraph\">Potrivit lui Simonis, unul dintre principalele obiective ale proiectului este fluidizarea traficului. Noua configura\u021bie a drumului ar trebui s\u0103 ofere \u0219oferilor o alternativ\u0103 mai eficient\u0103 pentru deplasarea \u00eentre localit\u0103\u021bile din sudul \u0219i sud-estul Timi\u0219oarei \u0219i centura de sud.<\/p>\n<p class=\"wp-block-paragraph\">\u00cen acela\u0219i timp, amenajarea acceselor la propriet\u0103\u021bi \u0219i a infrastructurii pentru pietoni \u0219i bicicli\u0219ti urm\u0103re\u0219te reducerea conflictelor dintre diferitele categorii de participan\u021bi la trafic.<\/p>\n<h2 class=\"wp-block-heading\">Peste 20.000 de locuitori, printre beneficiarii proiectului<\/h2>\n<p class=\"wp-block-paragraph\">Consiliul Jude\u021bean Timi\u0219 estimeaz\u0103 c\u0103 investi\u021bia va avea efecte asupra condi\u021biilor de circula\u021bie pentru peste 20.000 de locuitori din zona metropolitan\u0103. Beneficiile urm\u0103rite vizeaz\u0103 at\u00e2t traficul local, c\u00e2t \u0219i leg\u0103turile dintre Timi\u0219oara, Ghiroda \u0219i Mo\u0219ni\u021ba Veche.<\/p>\n<p class=\"wp-block-paragraph\">Alfred Simonis indic\u0103 reducerea timpilor de deplasare \u0219i cre\u0219terea siguran\u021bei rutiere printre principalele efecte a\u0219teptate dup\u0103 modernizarea drumului. \u00cen acela\u0219i timp, infrastructura rutier\u0103 \u00eembun\u0103t\u0103\u021bit\u0103 este prezentat\u0103 ca un factor care poate contribui la cre\u0219terea atractivit\u0103\u021bii zonei pentru investi\u021bii.<\/p>\n<p class=\"wp-block-paragraph\">Dezvoltarea infrastructurii este cu at\u00e2t mai important\u0103 \u00een localit\u0103\u021bile din jurul Timi\u0219oarei, unde extinderea zonelor reziden\u021biale \u0219i economice pune presiune suplimentar\u0103 asupra re\u021belei rutiere existente.<\/p>\n<h2 class=\"wp-block-heading\">DJ 595E este primul tronson dintr-un proiect mai amplu<\/h2>\n<p class=\"wp-block-paragraph\">Reabilitarea DJ 595E reprezint\u0103, potrivit lui Alfred Simonis, primul tronson dintr-un lot format din \u0219apte drumuri jude\u021bene care ar urma s\u0103 contribuie la conectarea mai bun\u0103 a mai multor localit\u0103\u021bi din zona metropolitan\u0103.<\/p>\n<p class=\"wp-block-paragraph\">\u00cen cadrul acestui ansamblu sunt vizate conexiuni \u00eentre Ghiroda, Mo\u0219ni\u021ba Veche, Mo\u0219ni\u021ba Nou\u0103, Urseni \u0219i Giroc. Obiectivul declarat este dezvoltarea unei re\u021bele rutiere care s\u0103 permit\u0103 leg\u0103turi mai eficiente \u00eentre localit\u0103\u021bile aflate \u00een proximitatea Timi\u0219oarei.<\/p>\n<p class=\"wp-block-paragraph\">Pentru administra\u021bia jude\u021bean\u0103, modernizarea acestor conexiuni este legat\u0103 at\u00e2t de mobilitatea locuitorilor, c\u00e2t \u0219i de accesul mai rapid c\u0103tre principalele artere ale municipiului \u0219i c\u0103tre centura de sud.<\/p>\n<h2 class=\"wp-block-heading\">Investi\u021bia urm\u0103re\u0219te reducerea presiunii asupra traficului metropolitan<\/h2>\n<p class=\"wp-block-paragraph\">Predarea amplasamentului DJ 595E c\u0103tre constructor deschide etapa de execu\u021bie a unei investi\u021bii care are ca obiectiv principal \u00eembun\u0103t\u0103\u021birea mobilit\u0103\u021bii \u00een partea de sud-est a Timi\u0219oarei. Reabilitarea drumului va combina lucr\u0103rile la carosabil cu infrastructura pentru pietoni, bicicli\u0219ti, iluminat \u0219i colectarea apelor pluviale.<\/p>\n<p class=\"wp-block-paragraph\">Potrivit pre\u0219edintelui CJ Timi\u0219, noua conexiune va oferi o alternativ\u0103 pentru accesul la centura de sud \u0219i va contribui la reducerea timpilor de deplasare \u00eentre Timi\u0219oara, Ghiroda \u0219i Mo\u0219ni\u021ba Veche.<\/p>\n<p class=\"wp-block-paragraph\">Proiectul se \u00eenscrie, totodat\u0103, \u00eentr-o abordare mai ampl\u0103 privind conectarea localit\u0103\u021bilor din jurul Timi\u0219oarei. Modernizarea DJ 595E este prezentat\u0103 ca primul pas dintr-un lot de \u0219apte drumuri destinat \u00eembun\u0103t\u0103\u021birii leg\u0103turilor dintre Ghiroda, Mo\u0219ni\u021ba Veche, Mo\u0219ni\u021ba Nou\u0103, Urseni \u0219i Giroc.<\/p>\n<\/div>\n<footer>\n<div class=\"td-post-source-tags\">\n<ul class=\"td-tags td-post-small-box clearfix\">\n<li><span>ETICHETE<\/span><\/li>\n<li><a href=\"https:\/\/orasul-timisoara.ro\/local-tag\/alfred-simonis\/\">alfred simonis<\/a><\/li>\n<li><a href=\"https:\/\/orasul-timisoara.ro\/local-tag\/centura-de-sud-timisoara\/\">centura de sud Timi\u0219oara<\/a><\/li>\n<li><a href=\"https:\/\/orasul-timisoara.ro\/local-tag\/consiliul-judetean-timis-2\/\">Consiliul Jude\u021bean Timi\u0219<\/a><\/li>\n<li><a href=\"https:\/\/orasul-timisoara.ro\/local-tag\/dj-595e\/\">DJ 595E<\/a><\/li>\n<li><a href=\"https:\/\/orasul-timisoara.ro\/local-tag\/ghiroda\/\">ghiroda<\/a><\/li>\n<li><a href=\"https:\/\/orasul-timisoara.ro\/local-tag\/giroc\/\">giroc<\/a><\/li>\n<li><a href=\"https:\/\/orasul-timisoara.ro\/local-tag\/infrastructura-rutiera\/\">infrastructur\u0103 rutier\u0103<\/a><\/li>\n<li><a href=\"https:\/\/orasul-timisoara.ro\/local-tag\/mosnita-noua-2\/\">mo\u0219ni\u021ba nou\u0103<\/a><\/li>\n<li><a href=\"https:\/\/orasul-timisoara.ro\/local-tag\/mosnita-veche-2\/\">Mo\u0219ni\u021ba Veche<\/a><\/li>\n<li><a href=\"https:\/\/orasul-timisoara.ro\/local-tag\/reabilitare-drum-judetean\/\">reabilitare drum jude\u021bean<\/a><\/li>\n<li><a href=\"https:\/\/orasul-timisoara.ro\/local-tag\/timis-2\/\">timi\u0219<\/a><\/li>\n<li><a href=\"https:\/\/orasul-timisoara.ro\/local-tag\/timisoara-2\/\">timi\u0219oara<\/a><\/li>\n<li><a href=\"https:\/\/orasul-timisoara.ro\/local-tag\/urseni\/\">urseni<\/a><\/li>\n<li><a href=\"https:\/\/orasul-timisoara.ro\/local-tag\/zona-metropolitana-timisoara\/\">zona metropolitan\u0103 Timi\u0219oara<\/a><\/li>\n<\/ul>\n<\/div>\n<div class=\"td-post-sharing-bottom\">\n<div class=\"td-post-sharing-classic\"><iframe title=\"bottomFacebookLike\" frameborder src=\"https:\/\/www.facebook.com\/plugins\/like.php?href=https:\/\/orasul-timisoara.ro\/local-40287\/&amp;layout=button_count&amp;show_faces=false&amp;width=105&amp;action=like&amp;colorscheme=light&amp;height=21\"><\/iframe><\/div>\n<div id=\"td_social_sharing_article_bottom\" class=\"td-post-sharing td-ps-bg td-ps-notext td-post-sharing-style1 \">\n<div class=\"td-post-sharing-visible\"><a class=\"td-social-sharing-button td-social-sharing-button-js td-social-network td-social-facebook\" href=\"https:\/\/www.facebook.com\/sharer.php?u=https%3A%2F%2Forasul-timisoara.ro%2Flocal-40287%2F\" title=\"Facebook\"><\/p>\n<div class=\"td-social-but-text\">Facebook<\/div>\n<p><\/a><a class=\"td-social-sharing-button td-social-sharing-button-js td-social-network td-social-twitter\" href=\"https:\/\/twitter.com\/intent\/tweet?text=Alfred+Simonis+anun%C8%9B%C4%83+reabilitarea+drumului+dintre+Ghiroda+%C8%99i+Mo%C8%99ni%C8%9Ba+Veche&amp;url=https%3A%2F%2Forasul-timisoara.ro%2Flocal-40287%2F&amp;via=orasultm\" title=\"Twitter\"><\/p>\n<div class=\"td-social-but-text\">Twitter<\/div>\n<p><\/a><a class=\"td-social-sharing-button td-social-sharing-button-js td-social-network td-social-whatsapp\" href=\"https:\/\/api.whatsapp.com\/send?text=Alfred+Simonis+anun%C8%9B%C4%83+reabilitarea+drumului+dintre+Ghiroda+%C8%99i+Mo%C8%99ni%C8%9Ba+Veche%20%0A%0A%20https:\/\/orasul-timisoara.ro\/local-40287\/\" title=\"WhatsApp\"><\/p>\n<div class=\"td-social-but-text\">WhatsApp<\/div>\n<p><\/a><a class=\"td-social-sharing-button td-social-sharing-button-js td-social-network td-social-linkedin\" href=\"https:\/\/www.linkedin.com\/shareArticle?mini=true&amp;url=https:\/\/orasul-timisoara.ro\/local-40287\/&amp;title=Alfred+Simonis+anun%C8%9B%C4%83+reabilitarea+drumului+dintre+Ghiroda+%C8%99i+Mo%C8%99ni%C8%9Ba+Veche\" title=\"Linkedin\"><\/p>\n<div class=\"td-social-but-text\">Linkedin<\/div>\n<p><\/a><a class=\"td-social-sharing-button td-social-sharing-button-js td-social-network td-social-reddit\" href=\"https:\/\/reddit.com\/submit?url=https:\/\/orasul-timisoara.ro\/local-40287\/&amp;title=Alfred+Simonis+anun%C8%9B%C4%83+reabilitarea+drumului+dintre+Ghiroda+%C8%99i+Mo%C8%99ni%C8%9Ba+Veche\" title=\"ReddIt\"><\/p>\n<div class=\"td-social-but-text\">ReddIt<\/div>\n<p><\/a><a class=\"td-social-sharing-button td-social-sharing-button-js td-social-network td-social-mail\" href=\"mailto:?subject=Alfred%20Simonis%20anun%C8%9B%C4%83%20reabilitarea%20drumului%20dintre%20Ghiroda%20%C8%99i%20Mo%C8%99ni%C8%9Ba%20Veche&amp;body=https:\/\/orasul-timisoara.ro\/local-40287\/\" title=\"Email\"><\/p>\n<div class=\"td-social-but-text\">Email<\/div>\n<p><\/a><a class=\"td-social-sharing-button td-social-sharing-button-js td-social-network td-social-print\" href=\"https:\/\/orasul-timisoara.ro\/local-40287\/\" title=\"Imprimare\"><\/p>\n<div class=\"td-social-but-text\">Imprimare<\/div>\n<p><\/a><\/div>\n<\/div>\n<\/div>\n<div class=\"td-block-row td-post-next-prev\">\n<div class=\"td-block-span6 td-post-prev-post\">\n<div class=\"td-post-next-prev-content\"><span>Articolul precedent<\/span><a href=\"https:\/\/orasul-timisoara.ro\/local-40282\/\">Alin Nica avertizeaz\u0103 asupra efectelor Legii ANI pentru Timi\u0219oara<\/a><\/div>\n<\/div>\n<div class=\"td-block-span6 td-post-next-post\">\n<div class=\"td-post-next-prev-content\"><span>Articolul urm\u0103tor<\/span><a href=\"https:\/\/orasul-timisoara.ro\/local-40290\/\">Sens giratoriu nou la drumul de intrare \u00een Deva dinspre Mintia\/A1. Investi\u021bie de peste 40 de milioane de lei<\/a><\/div>\n<\/div>\n<\/div>\n<div class=\"td-author-name vcard author\"><span class=\"fn\"><a href=\"https:\/\/orasul-timisoara.ro\/author\/timisoara\/\">redactia<\/a><\/span><\/div>\n<p><span class=\"td-page-meta\"><\/span><span class=\"td-page-meta\"><span class=\"td-page-meta\"><\/span><\/span><span class=\"td-page-meta\"><\/span><\/footer>\n<div class=\"td_block_wrap td_block_related_posts tdi_3 td_with_ajax_pagination td-pb-border-top td_block_template_8\" data-td-block-uid=\"tdi_3\">\n<h4 class=\"td-related-title td-block-title\"><a id=\"tdi_4\" class=\"td-related-left td-cur-simple-item\" data-td_filter_value data-td_block_id=\"tdi_3\" href=\"https:\/\/orasul-timisoara.ro\/local-40287\/\">ARTICOLE SIMILARE<\/a><a id=\"tdi_5\" class=\"td-related-right\" data-td_filter_value=\"td_related_more_from_author\" data-td_block_id=\"tdi_3\" href=\"https:\/\/orasul-timisoara.ro\/local-40287\/\">DE LA ACELA\u0218I AUTOR<\/a><\/h4>\n<div id=\"tdi_3\" class=\"td_block_inner\">\n<div class=\"td-related-row\">\n<div class=\"td-related-span4\">\n<div class=\"td_module_related_posts td-animation-stack td_mod_related_posts\">\n<div class=\"td-module-image\">\n<div class=\"td-module-thumb\"><a href=\"https:\/\/orasul-timisoara.ro\/local-40296\/\" rel=\"bookmark\" class=\"td-image-wrap \" title=\"Timi\u0219oara \u0219i Ghiroda, legate printr-o nou\u0103 pist\u0103 de biciclete de aproape 3 km\"><img loading=\"lazy\" decoding=\"async\" class=\"entry-thumb\" src=\"https:\/\/orasul-timisoara.ro\/wp-content\/uploads\/2026\/08\/posibila-pista-biciclete-bega-436x300.jpg\" alt title=\"Timi\u0219oara \u0219i Ghiroda, legate printr-o nou\u0103 pist\u0103 de biciclete de aproape 3 km\" width=\"218\" height=\"150\"><\/a><\/div>\n<\/div>\n<div class=\"item-details\">\n<h3 class=\"entry-title td-module-title\"><a href=\"https:\/\/orasul-timisoara.ro\/local-40296\/\" rel=\"bookmark\" title=\"Timi\u0219oara \u0219i Ghiroda, legate printr-o nou\u0103 pist\u0103 de biciclete de aproape 3 km\">Timi\u0219oara \u0219i Ghiroda, legate printr-o nou\u0103 pist\u0103 de biciclete de aproape 3 km<\/a><\/h3>\n<\/div>\n<\/div>\n<\/div>\n<div class=\"td-related-span4\">\n<div class=\"td_module_related_posts td-animation-stack td_mod_related_posts\">\n<div class=\"td-module-image\">\n<div class=\"td-module-thumb\"><a href=\"https:\/\/orasul-timisoara.ro\/local-40282\/\" rel=\"bookmark\" class=\"td-image-wrap \" title=\"Alin Nica avertizeaz\u0103 asupra efectelor Legii ANI pentru Timi\u0219oara\"><img loading=\"lazy\" decoding=\"async\" class=\"entry-thumb\" src=\"https:\/\/orasul-timisoara.ro\/wp-content\/uploads\/2024\/04\/nica-fritz-aeroport-436x300.jpg\" alt title=\"Alin Nica avertizeaz\u0103 asupra efectelor Legii ANI pentru Timi\u0219oara\" width=\"218\" height=\"150\"><\/a><\/div>\n<\/div>\n<div class=\"item-details\">\n<h3 class=\"entry-title td-module-title\"><a href=\"https:\/\/orasul-timisoara.ro\/local-40282\/\" rel=\"bookmark\" title=\"Alin Nica avertizeaz\u0103 asupra efectelor Legii ANI pentru Timi\u0219oara\">Alin Nica avertizeaz\u0103 asupra efectelor Legii ANI pentru Timi\u0219oara<\/a><\/h3>\n<\/div>\n<\/div>\n<\/div>\n<div class=\"td-related-span4\">\n<div class=\"td_module_related_posts td-animation-stack td_mod_related_posts\">\n<div class=\"td-module-image\">\n<div class=\"td-module-thumb\"><a href=\"https:\/\/orasul-timisoara.ro\/local-40277\/\" rel=\"bookmark\" class=\"td-image-wrap \" title=\"Alfred Simonis: construc\u021bia noului stadion \u201eDan P\u0103ltini\u0219anu\u201d a fost deblocat\u0103 de Guvern. C\u00e2nd pot \u00eencepe lucr\u0103rile?\"><img loading=\"lazy\" decoding=\"async\" class=\"entry-thumb\" src=\"https:\/\/orasul-timisoara.ro\/wp-content\/uploads\/2024\/03\/staduib-paltinisanu-proiectie-3-436x300.jpg\" alt title=\"Alfred Simonis: construc\u021bia noului stadion \u201eDan P\u0103ltini\u0219anu\u201d a fost deblocat\u0103 de Guvern. C\u00e2nd pot \u00eencepe lucr\u0103rile?\" width=\"218\" height=\"150\"><\/a><\/div>\n<\/div>\n<div class=\"item-details\">\n<h3 class=\"entry-title td-module-title\"><a href=\"https:\/\/orasul-timisoara.ro\/local-40277\/\" rel=\"bookmark\" title=\"Alfred Simonis: construc\u021bia noului stadion \u201eDan P\u0103ltini\u0219anu\u201d a fost deblocat\u0103 de Guvern. C\u00e2nd pot \u00eencepe lucr\u0103rile?\">Alfred Simonis: construc\u021bia noului stadion \u201eDan P\u0103ltini\u0219anu\u201d a fost deblocat\u0103 de Guvern. C\u00e2nd pot \u00eencepe lucr\u0103rile?<\/a><\/h3>\n<\/div>\n<\/div>\n<\/div>\n<\/div>\n<\/div>\n<\/div>\n<div class=\"comments\" id=\"comments\">\n<div id=\"respond\" class=\"comment-respond\">\n<h3 id=\"reply-title\" class=\"comment-reply-title\">L\u0102SA\u021aI UN MESAJ<\/h3>\n<div class=\"comment-form-input-wrap td-form-comment\">\n<div class=\"td-warning-comment\">V\u0103 rug\u0103m s\u0103 introduce\u021bi comentariul dvs.!<\/div>\n<\/div>\n<div class=\"comment-form-input-wrap td-form-author\">\n<div class=\"td-warning-author\">Introduce\u021bi aici numele dvs.<\/div>\n<\/div>\n<div class=\"comment-form-input-wrap td-form-email\">\n<div class=\"td-warning-email-error\">A\u021bi introdus o adres\u0103 de e-mail incorect\u0103!<\/div>\n<div class=\"td-warning-email\">V\u0103 rug\u0103m s\u0103 introduce\u021bi adresa dvs. de e-mail aici<\/div>\n<\/div>\n<\/div>\n<p class=\"akismet_comment_form_privacy_notice\">Acest site folose\u0219te Akismet pentru a reduce spamul. <a href=\"https:\/\/akismet.com\/privacy\/\" target=\"_blank\" rel=\"nofollow noopener\">Afl\u0103 cum sunt procesate datele comentariilor tale<\/a>.<\/p>\n<\/div>\n<\/div>\n<\/div>\n<div class=\"td-pb-span4 td-main-sidebar\" role=\"complementary\">\n<div class=\"td-ss-main-sidebar\">\n<aside id=\"block-4\" class=\"td_block_template_8 widget block-4 widget_block widget_media_image\">\n<figure class=\"wp-block-image size-full\"><img loading=\"lazy\" decoding=\"async\" width=\"336\" height=\"280\" src=\"https:\/\/orasul-timisoara.ro\/wp-content\/uploads\/2024\/11\/ReTIM-Abonamentul-Verde-Google-Ads-336x280px.gif\" alt class=\"wp-image-29257\"><\/figure>\n<\/aside>\n<div class=\"td_block_wrap td_block_social_counter td_block_widget tdi_6 td-social-style5 td-social-boxed td-pb-border-top td_block_template_8\">\n<div class=\"td-block-title-wrap\">\n<h4 class=\"td-block-title\"><span>Urm\u0103re\u0219te-ne pe Social Media<\/span><\/h4>\n<\/div>\n<div class=\"td-social-list\">\n<div class=\"td_social_type td-pb-margin-side td_social_facebook\">\n<div class=\"td-social-box\"><span class=\"td_social_info td_social_info_counter\">344,595<\/span><span class=\"td_social_info td_social_info_name\">Fani<\/span><span class=\"td_social_button\"><a href=\"https:\/\/www.facebook.com\/247timisoara\" target=\"_blank\" rel=\"nofollow\">\u00cemi place<\/a><\/span><\/div>\n<\/div>\n<div class=\"td_social_type td-pb-margin-side td_social_instagram\">\n<div class=\"td-social-box\"><span class=\"td_social_info td_social_info_counter\">4,416<\/span><span class=\"td_social_info td_social_info_name\">Cititori<\/span><span class=\"td_social_button\"><a href=\"https:\/\/instagram.com\/orasultimisoararo\/\" target=\"_blank\" rel=\"nofollow\">Conecta\u021bi-v\u0103<\/a><\/span><\/div>\n<\/div>\n<div class=\"td_social_type td-pb-margin-side td_social_rss\">\n<div class=\"td-social-box\"><span class=\"td_social_info td_social_info_counter\">12,506<\/span><span class=\"td_social_info td_social_info_name\">Cititori<\/span><span class=\"td_social_button\"><a href=\"https:\/\/orasul-timisoara.ro\/feed\/\" target=\"_blank\" rel=\"nofollow\">Conecta\u021bi-v\u0103<\/a><\/span><\/div>\n<\/div>\n<div class=\"td_social_type td-pb-margin-side td_social_tiktok\">\n<div class=\"td-social-box\"><span class=\"td_social_info td_social_info_counter\">1,500<\/span><span class=\"td_social_info td_social_info_name\">Cititori<\/span><span class=\"td_social_button\"><a href=\"https:\/\/www.tiktok.com\/@orasultimisoara\" target=\"_blank\" rel=\"nofollow\">Conecta\u021bi-v\u0103<\/a><\/span><\/div>\n<\/div>\n<div class=\"td_social_type td-pb-margin-side td_social_twitter\">\n<div class=\"td-social-box\"><span class=\"td_social_info td_social_info_counter\">1,595<\/span><span class=\"td_social_info td_social_info_name\">Cititori<\/span><span class=\"td_social_button\"><a href=\"https:\/\/twitter.com\/orasultm\" target=\"_blank\" rel=\"nofollow\">Conecta\u021bi-v\u0103<\/a><\/span><\/div>\n<\/div>\n<div class=\"td_social_type td-pb-margin-side td_social_youtube\">\n<div class=\"td-social-box\"><span class=\"td_social_info td_social_info_counter\">3,506<\/span><span class=\"td_social_info td_social_info_name\">Abona\u021bi<\/span><span class=\"td_social_button\"><a href=\"https:\/\/www.youtube.com\/channel\/UCQNsQvs2XCSIm1Z-AHRturw?sub_confirmation=1\" target=\"_blank\" rel=\"nofollow\">Abona\u021bi-v\u0103<\/a><\/span><\/div>\n<\/div>\n<\/div>\n<\/div>\n<aside id=\"text-7\" class=\"td_block_template_8 widget text-7 widget_text\">\n<h4 class=\"td-block-title\"><span>C\u0103ut\u0103ri populare pe OTM<\/span><\/h4>\n<div class=\"textwidget\"><a href=\"https:\/\/orasul-timisoara.ro\/?s=timisoara\"><span>Timisoara<\/span><\/a><a href=\"https:\/\/orasul-timisoara.ro\/?s=calin+dobra\"><span>Calin Dobra<\/span><\/a><a href=\"https:\/\/orasul-timisoara.ro\/?s=primaria+timisoara\"><span>Primaria Timisoara<\/span><\/a><a href=\"https:\/\/orasul-timisoara.ro\/?s=dominic+fritz\"><span>Dominic Fritz<\/span><\/a><a href=\"https:\/\/orasul-timisoara.ro\/?s=nicolae+robu\"><span>Nicolae Robu<\/span><\/a><a href=\"https:\/\/orasul-timisoara.ro\/?s=consiliul+local+timisoara\">Consiliul Local Timisoara<\/a><a href=\"https:\/\/orasul-timisoara.ro\/?s=consiliul+judetean+timis\"><span>Consiliul Judetean Timis<\/span><\/a><a href=\"https:\/\/orasul-timisoara.ro\/?s=cjt\"><span>CJT<\/span><\/a><a href=\"https:\/\/orasul-timisoara.ro\/?s=Alfred+Simonis\"><span>Alfred Simonis<\/span><\/a><a href=\"https:\/\/orasul-timisoara.ro\/?s=PNL\"><span>PNL<\/span><\/a><a href=\"https:\/\/orasul-timisoara.ro\/?s=coronavirus\"><span>coronavirus<\/span><\/a><a href=\"https:\/\/orasul-timisoara.ro\/?s=teatru+timisoara\">teatru Timisoara<\/a><a href=\"https:\/\/orasul-timisoara.ro\/?s=restaurante\"><span>restaurante Timisoara<\/span><\/a><a href=\"https:\/\/orasul-timisoara.ro\/?s=diskoteka\"><span>Diskoteka<\/span><\/a><a href=\"https:\/\/orasul-timisoara.ro\/?s=iulius+town\"><span>Iulius Town<\/span><\/a><a href=\"https:\/\/orasul-timisoara.ro\/?s=iulius+mall\"><span>Iulius Mall<\/span><\/a><a href=\"https:\/\/orasul-timisoara.ro\/?s=stpt\"><span>STPT<\/span><\/a><a href=\"https:\/\/orasul-timisoara.ro\/?s=alin+nica\"><span>Alin Nica<\/span><\/a><a href=\"https:\/\/orasul-timisoara.ro\/?s=psd\"><span>PSD<\/span><\/a><a href=\"https:\/\/orasul-timisoara.ro\/?s=aeroport\"><span>Aeroportul International Timisoara<\/span><\/a><a href=\"https:\/\/orasul-timisoara.ro\/?s=babes\"><span>Spitalul Victor Babes Timisoara<\/span><\/a><a href=\"https:\/\/orasul-timisoara.ro\/?s=poli\"><span>Poli Timi\u0219oara<\/span><\/a><a href=\"https:\/\/orasul-timisoara.ro\/?s=carantina\"><span>carantina<\/span><\/a><a href=\"https:\/\/orasul-timisoara.ro\/?s=aquatim\"><span>Aquatim<\/span><\/a><a href=\"https:\/\/orasul-timisoara.ro\/local-category\/stiri-timisoara\/\"><span>Stiri Timisoara<\/span><\/a><a href=\"https:\/\/orasul-timisoara.ro\/local-category\/investitii-in-timisoara\/\"><span>Investi\u021bii in Timi\u0219oara<\/span><\/a><a href=\"https:\/\/orasul-timisoara.ro\/local-9463\/\"><span>shaorma<\/span><\/a><a href=\"https:\/\/orasul-timisoara.ro\/?s=trafic\"><span>trafic rutier<\/span><\/a><a href=\"https:\/\/orasul-timisoara.ro\/?s=politia\"><span>politia locala timisoara<\/span><\/a><a href=\"https:\/\/orasul-timisoara.ro\/?s=roxana\"><span>Roxana Iliescu<\/span><\/a><a href=\"https:\/\/orasul-timisoara.ro\/?s=colterm\"><span>Colterm<\/span><\/a><a href=\"https:\/\/orasul-timisoara.ro\/?s=latcau\"><span>Ruben La\u021bc\u0103u<\/span><\/a><a href=\"https:\/\/orasul-timisoara.ro\/?s=timis\"><span>\u0218tiri din Timi\u0219<\/span><\/a><a href=\"https:\/\/orasul-timisoara.ro\/?s=spital\"><span>Spitale din Timi\u0219oara<\/span><\/a><a href=\"https:\/\/orasul-timisoara.ro\/?s=tabara\"><span>Cosmin Tab\u0103r\u0103<\/span><\/a><\/div>\n<\/aside>\n<aside id=\"rss-2\" class=\"td_block_template_8 widget rss-2 widget_rss\">\n<h4 class=\"td-block-title\"><span><a class=\"rsswidget rss-widget-feed\" href=\"https:\/\/fashionfridays.ro\/feed\"><img decoding=\"async\" class=\"rss-widget-icon\" width=\"14\" height=\"14\" src=\"https:\/\/orasul-timisoara.ro\/wp-includes\/images\/rss.png\" alt=\"RSS\" loading=\"lazy\"><\/a><a class=\"rsswidget rss-widget-title\" href=\"https:\/\/fashionfridays.ro\/\">Fashion Fridays<\/a><\/span><\/h4>\n<ul>\n<li><a class=\"rsswidget\" href=\"https:\/\/fashionfridays.ro\/romania-devine-a-29-a-piata-vogue-o-noua-era-pentru-industria-locala-de-moda\/\">Rom\u00e2nia devine a 29-a pia\u021b\u0103 Vogue: o nou\u0103 er\u0103 pentru industria local\u0103 de mod\u0103<\/a>\n<div class=\"rssSummary\">Revista Vogue \u00ee\u0219i extinde prezen\u021ba global\u0103 \u0219i va fi lansat\u0103 oficial \u00een Rom\u00e2nia \u00een prim\u0103vara anului 2027, marc\u00e2nd intrarea pe cea de-a 29-a pia\u021b\u0103 interna\u021bional\u0103. Proiectul este realizat \u00een parteneriat cu AEMME Publishing, o companie media recent \u00eenfiin\u021bat\u0103, care va publica edi\u021bia local\u0103 sub licen\u021b\u0103. Noua edi\u021bie, Vogue Rom\u00e2nia, \u00ee\u0219i propune s\u0103 combine autoritatea global\u0103 [\u2026]<\/div>\n<\/li>\n<\/ul>\n<\/aside>\n<aside id=\"rss-4\" class=\"td_block_template_8 widget rss-4 widget_rss\">\n<h4 class=\"td-block-title\"><span><a class=\"rsswidget rss-widget-feed\" href=\"https:\/\/emasini.ro\/feed\"><img decoding=\"async\" class=\"rss-widget-icon\" width=\"14\" height=\"14\" src=\"https:\/\/orasul-timisoara.ro\/wp-includes\/images\/rss.png\" alt=\"RSS\" loading=\"lazy\"><\/a><a class=\"rsswidget rss-widget-title\" href=\"https:\/\/emasini.ro\/\">eMasini<\/a><\/span><\/h4>\n<ul>\n<li><a class=\"rsswidget\" href=\"https:\/\/emasini.ro\/bmw-testeaza-noul-i4-convertible-primul-cabrio-electric-accesibil-al-marcii\/\">BMW testeaz\u0103 noul i4 Convertible, primul cabrio electric accesibil al m\u0103rcii<\/a>\n<div class=\"rssSummary\">BMW accelereaz\u0103 dezvoltarea noii genera\u021bii de modele electrice bazate pe platforma Neue Klasse, iar unul dintre cele mai interesante proiecte aflate \u00een teste este viitorul BMW i4 Convertible. Prototipul camuflat a fost surprins pe \u0219osele, confirm\u00e2nd c\u0103 produc\u0103torul german preg\u0103te\u0219te o decapotabil\u0103 electric\u0103 destinat\u0103 unui segment \u00een care oferta este, \u00een prezent, extrem de limitat\u0103. [\u2026]<\/div>\n<\/li>\n<\/ul>\n<\/aside>\n<\/div>\n<\/div>\n<\/div>\n<\/div>\n<\/article>\n<div class=\"td-post-content tagdiv-type\">\n<p class=\"wp-block-paragraph\">DJ 595E Ghiroda-Mo\u0219ni\u021ba Veche intr\u0103 \u00eentr-un amplu proces de reabilitare, dup\u0103 ce Consiliul Jude\u021bean Timi\u0219 a predat constructorului amplasamentul pentru \u00eenceperea lucr\u0103rilor. Anun\u021bul a fost f\u0103cut de Alfred Simonis, pre\u0219edintele CJ Timi\u0219, care precizeaz\u0103 c\u0103 drumul va asigura o conexiune mai eficient\u0103 \u00eentre cobor\u00e2rea de pe centura de sud a Timi\u0219oarei, \u00een zona Ghiroda, \u0219i Mo\u0219ni\u021ba Veche.<\/p>\n<p class=\"wp-block-paragraph\">Investi\u021bia vizeaz\u0103 un tronson de aproximativ trei kilometri \u0219i o suprafa\u021b\u0103 de circa 71.000 de metri p\u0103tra\u021bi. Proiectul nu se limiteaz\u0103 la modernizarea carosabilului, ci include trotuare, piste de biciclete, trei sensuri giratorii, amenajarea acceselor la propriet\u0103\u021bi, canalizare pluvial\u0103 \u0219i iluminat public cu peste 200 de st\u00e2lpi. Potrivit lui Alfred Simonis, lucr\u0103rile ar urma s\u0103 \u00eembun\u0103t\u0103\u021beasc\u0103 circula\u021bia \u0219i siguran\u021ba rutier\u0103 pentru peste 20.000 de locuitori din zona metropolitan\u0103.<\/p>\n<h2 class=\"wp-block-heading\">DJ 595E leag\u0103 centura de sud de Mo\u0219ni\u021ba Veche<\/h2>\n<p class=\"wp-block-paragraph\">Drumul jude\u021bean DJ 595E porne\u0219te din zona \u00een care se realizeaz\u0103 conexiunea cu centura de sud a Timi\u0219oarei, la Ghiroda, \u0219i ajunge p\u00e2n\u0103 \u00een Mo\u0219ni\u021ba Veche. Predarea amplasamentului c\u0103tre constructor marcheaz\u0103 trecerea proiectului \u00een etapa de execu\u021bie a lucr\u0103rilor.<\/p>\n<p class=\"wp-block-paragraph\">Alfred Simonis sus\u021bine c\u0103 aceast\u0103 conexiune este important\u0103 pentru traficul din partea de sud-est a zonei metropolitane. \u00cen opinia pre\u0219edintelui CJ Timi\u0219, drumul va reprezenta o alternativ\u0103 pentru accesul \u0219i cobor\u00e2rea de pe centura de sud, contribuind la distribuirea mai eficient\u0103 a fluxurilor de trafic.<\/p>\n<p class=\"wp-block-paragraph\">Investi\u021bia apare \u00een contextul dezvolt\u0103rii rapide a localit\u0103\u021bilor din jurul Timi\u0219oarei \u0219i al cre\u0219terii nevoii de leg\u0103turi rutiere directe \u00eentre municipiu, centura ocolitoare \u0219i localit\u0103\u021bile periurbane.<\/p>\n<h2 class=\"wp-block-heading\">Reabilitarea DJ 595E nu \u00eenseamn\u0103 doar asfaltare<\/h2>\n<p class=\"wp-block-paragraph\">Proiectul preg\u0103tit pentru DJ 595E presupune interven\u021bii ample asupra infrastructurii existente. Suprafa\u021ba asupra c\u0103reia se va interveni este de aproximativ 71.000 de metri p\u0103tra\u021bi, iar lungimea tronsonului este de trei kilometri.<\/p>\n<p class=\"wp-block-paragraph\">Pe l\u00e2ng\u0103 refacerea drumului, proiectul include amenajarea unor trotuare \u0219i piste pentru biciclete. Sunt prev\u0103zute, de asemenea, trei sensuri giratorii, care vor avea rolul de a organiza \u0219i fluidiza circula\u021bia \u00een punctele importante ale traseului.<\/p>\n<p class=\"wp-block-paragraph\">Un alt element al investi\u021biei \u00eel reprezint\u0103 amenajarea acceselor c\u0103tre propriet\u0103\u021bile aflate de-a lungul drumului. Proiectul include \u0219i realizarea unei re\u021bele de canalizare pluvial\u0103, necesar\u0103 pentru gestionarea apelor provenite din precipita\u021bii.<\/p>\n<h2 class=\"wp-block-heading\">Peste 200 de st\u00e2lpi pentru iluminatul public<\/h2>\n<p class=\"wp-block-paragraph\">Modernizarea DJ 595E va include \u0219i o component\u0103 important\u0103 de iluminat public. Potrivit datelor prezentate de Alfred Simonis, proiectul prevede instalarea a peste 200 de st\u00e2lpi de iluminat.<\/p>\n<p class=\"wp-block-paragraph\">Aceast\u0103 interven\u021bie face parte din lucr\u0103rile care urm\u0103resc cre\u0219terea siguran\u021bei pentru participan\u021bii la trafic \u0219i pentru locuitorii din zona traversat\u0103 de drumul jude\u021bean. Al\u0103turi de iluminat, infrastructura dedicat\u0103 pietonilor \u0219i bicicli\u0219tilor va completa modernizarea tronsonului.<\/p>\n<p class=\"wp-block-paragraph\">Prin includerea acestor elemente \u00een proiect, administra\u021bia jude\u021bean\u0103 urm\u0103re\u0219te transformarea drumului \u00eentr-o conexiune rutier\u0103 \u0219i urban\u0103 mai bine adaptat\u0103 dezvolt\u0103rii localit\u0103\u021bilor din zona metropolitan\u0103.<\/p>\n<h2 class=\"wp-block-heading\">Trei sensuri giratorii vor reorganiza circula\u021bia<\/h2>\n<p class=\"wp-block-paragraph\">Unul dintre elementele importante ale investi\u021biei \u00eel reprezint\u0103 cele trei sensuri giratorii prev\u0103zute pe traseul DJ 595E. Acestea vor contribui la organizarea intersec\u021biilor \u0219i la gestionarea fluxurilor de trafic dintre Ghiroda, Mo\u0219ni\u021ba Veche \u0219i celelalte direc\u021bii de circula\u021bie din zon\u0103.<\/p>\n<p class=\"wp-block-paragraph\">Potrivit lui Simonis, unul dintre principalele obiective ale proiectului este fluidizarea traficului. Noua configura\u021bie a drumului ar trebui s\u0103 ofere \u0219oferilor o alternativ\u0103 mai eficient\u0103 pentru deplasarea \u00eentre localit\u0103\u021bile din sudul \u0219i sud-estul Timi\u0219oarei \u0219i centura de sud.<\/p>\n<p class=\"wp-block-paragraph\">\u00cen acela\u0219i timp, amenajarea acceselor la propriet\u0103\u021bi \u0219i a infrastructurii pentru pietoni \u0219i bicicli\u0219ti urm\u0103re\u0219te reducerea conflictelor dintre diferitele categorii de participan\u021bi la trafic.<\/p>\n<h2 class=\"wp-block-heading\">Peste 20.000 de locuitori, printre beneficiarii proiectului<\/h2>\n<p class=\"wp-block-paragraph\">Consiliul Jude\u021bean Timi\u0219 estimeaz\u0103 c\u0103 investi\u021bia va avea efecte asupra condi\u021biilor de circula\u021bie pentru peste 20.000 de locuitori din zona metropolitan\u0103. Beneficiile urm\u0103rite vizeaz\u0103 at\u00e2t traficul local, c\u00e2t \u0219i leg\u0103turile dintre Timi\u0219oara, Ghiroda \u0219i Mo\u0219ni\u021ba Veche.<\/p>\n<p class=\"wp-block-paragraph\">Alfred Simonis indic\u0103 reducerea timpilor de deplasare \u0219i cre\u0219terea siguran\u021bei rutiere printre principalele efecte a\u0219teptate dup\u0103 modernizarea drumului. \u00cen acela\u0219i timp, infrastructura rutier\u0103 \u00eembun\u0103t\u0103\u021bit\u0103 este prezentat\u0103 ca un factor care poate contribui la cre\u0219terea atractivit\u0103\u021bii zonei pentru investi\u021bii.<\/p>\n<p class=\"wp-block-paragraph\">Dezvoltarea infrastructurii este cu at\u00e2t mai important\u0103 \u00een localit\u0103\u021bile din jurul Timi\u0219oarei, unde extinderea zonelor reziden\u021biale \u0219i economice pune presiune suplimentar\u0103 asupra re\u021belei rutiere existente.<\/p>\n<h2 class=\"wp-block-heading\">DJ 595E este primul tronson dintr-un proiect mai amplu<\/h2>\n<p class=\"wp-block-paragraph\">Reabilitarea DJ 595E reprezint\u0103, potrivit lui Alfred Simonis, primul tronson dintr-un lot format din \u0219apte drumuri jude\u021bene care ar urma s\u0103 contribuie la conectarea mai bun\u0103 a mai multor localit\u0103\u021bi din zona metropolitan\u0103.<\/p>\n<p class=\"wp-block-paragraph\">\u00cen cadrul acestui ansamblu sunt vizate conexiuni \u00eentre Ghiroda, Mo\u0219ni\u021ba Veche, Mo\u0219ni\u021ba Nou\u0103, Urseni \u0219i Giroc. Obiectivul declarat este dezvoltarea unei re\u021bele rutiere care s\u0103 permit\u0103 leg\u0103turi mai eficiente \u00eentre localit\u0103\u021bile aflate \u00een proximitatea Timi\u0219oarei.<\/p>\n<p class=\"wp-block-paragraph\">Pentru administra\u021bia jude\u021bean\u0103, modernizarea acestor conexiuni este legat\u0103 at\u00e2t de mobilitatea locuitorilor, c\u00e2t \u0219i de accesul mai rapid c\u0103tre principalele artere ale municipiului \u0219i c\u0103tre centura de sud.<\/p>\n<h2 class=\"wp-block-heading\">Investi\u021bia urm\u0103re\u0219te reducerea presiunii asupra traficului metropolitan<\/h2>\n<p class=\"wp-block-paragraph\">Predarea amplasamentului DJ 595E c\u0103tre constructor deschide etapa de execu\u021bie a unei investi\u021bii care are ca obiectiv principal \u00eembun\u0103t\u0103\u021birea mobilit\u0103\u021bii \u00een partea de sud-est a Timi\u0219oarei. Reabilitarea drumului va combina lucr\u0103rile la carosabil cu infrastructura pentru pietoni, bicicli\u0219ti, iluminat \u0219i colectarea apelor pluviale.<\/p>\n<p class=\"wp-block-paragraph\">Potrivit pre\u0219edintelui CJ Timi\u0219, noua conexiune va oferi o alternativ\u0103 pentru accesul la centura de sud \u0219i va contribui la reducerea timpilor de deplasare \u00eentre Timi\u0219oara, Ghiroda \u0219i Mo\u0219ni\u021ba Veche.<\/p>\n<p class=\"wp-block-paragraph\">Proiectul se \u00eenscrie, totodat\u0103, \u00eentr-o abordare mai ampl\u0103 privind conectarea localit\u0103\u021bilor din jurul Timi\u0219oarei. Modernizarea DJ 595E este prezentat\u0103 ca primul pas dintr-un lot de \u0219apte drumuri destinat \u00eembun\u0103t\u0103\u021birii leg\u0103turilor dintre Ghiroda, Mo\u0219ni\u021ba Veche, Mo\u0219ni\u021ba Nou\u0103, Urseni \u0219i Giroc.<\/p>\n<\/div>\n<p>[analyse_source url=&#8221;https:\/\/orasul-timisoara.ro\/local-40287\/&#8221;]<\/p>\n","protected":false},"excerpt":{"rendered":"<p>[analyse_image type=&#8221;featured&#8221; src=&#8221;https:\/\/orasul-timisoara.ro\/wp-content\/uploads\/2026\/08\/fratii-simonis.jpg&#8221;] Administra\u021bie local\u0103Alfred Simonis anun\u021b\u0103 reabilitarea drumului dintre Ghiroda \u0219i Mo\u0219ni\u021ba Veche Administra\u021bie local\u0103 Investitii in Timisoara \u0218tiri Locale Alfred Simonis anun\u021b\u0103 reabilitarea drumului dintre Ghiroda \u0219i Mo\u0219ni\u021ba Veche De c\u0103tre redactia &#8211; 18\/08\/2026 Facebook Twitter WhatsApp Linkedin ReddIt Email Imprimare DJ 595E Ghiroda-Mo\u0219ni\u021ba Veche intr\u0103 \u00eentr-un amplu proces de reabilitare, dup\u0103 ce [&hellip;]<\/p>\n","protected":false},"author":1,"featured_media":0,"comment_status":"open","ping_status":"","sticky":false,"template":"","format":"standard","meta":{"footnotes":""},"categories":[89],"tags":[226,189],"class_list":["post-2099134","post","type-post","status-publish","format-standard","hentry","category-romania","tag-crawlmanager","tag-orasul-timisoara-ro"],"_links":{"self":[{"href":"https:\/\/analyse.optim.biz\/index.php?rest_route=\/wp\/v2\/posts\/2099134","targetHints":{"allow":["GET"]}}],"collection":[{"href":"https:\/\/analyse.optim.biz\/index.php?rest_route=\/wp\/v2\/posts"}],"about":[{"href":"https:\/\/analyse.optim.biz\/index.php?rest_route=\/wp\/v2\/types\/post"}],"author":[{"embeddable":true,"href":"https:\/\/analyse.optim.biz\/index.php?rest_route=\/wp\/v2\/users\/1"}],"replies":[{"embeddable":true,"href":"https:\/\/analyse.optim.biz\/index.php?rest_route=%2Fwp%2Fv2%2Fcomments&post=2099134"}],"version-history":[{"count":0,"href":"https:\/\/analyse.optim.biz\/index.php?rest_route=\/wp\/v2\/posts\/2099134\/revisions"}],"wp:attachment":[{"href":"https:\/\/analyse.optim.biz\/index.php?rest_route=%2Fwp%2Fv2%2Fmedia&parent=2099134"}],"wp:term":[{"taxonomy":"category","embeddable":true,"href":"https:\/\/analyse.optim.biz\/index.php?rest_route=%2Fwp%2Fv2%2Fcategories&post=2099134"},{"taxonomy":"post_tag","embeddable":true,"href":"https:\/\/analyse.optim.biz\/index.php?rest_route=%2Fwp%2Fv2%2Ftags&post=2099134"}],"curies":[{"name":"wp","href":"https:\/\/api.w.org\/{rel}","templated":true}]}}