{"id":2099113,"date":"2026-08-18T08:06:25","date_gmt":"2026-08-18T05:06:25","guid":{"rendered":"https:\/\/analyse.optim.biz\/?p=2099113"},"modified":"2026-08-18T08:06:25","modified_gmt":"2026-08-18T05:06:25","slug":"de-a-v-ati-ars-ruselea","status":"publish","type":"post","link":"https:\/\/analyse.optim.biz\/?p=2099113","title":{"rendered":"De-a v-a\u021bi Ars Ruselea"},"content":{"rendered":"<p>[analyse_image type=&#8221;featured&#8221; src=&#8221;https:\/\/www.incorectpolitic.com\/wp-content\/uploads\/2026\/08\/coif.png&#8221;]<\/p>\n<div class=\"entry\">\n<p>Costache Nechita<br \/><strong>Incorect Politic<\/strong><br \/>\nAugust 18, 2026+<\/p>\n<p><a href=\"https:\/\/www.incorectpolitic.com\/de-a-v-ati-ars-ruselea\/coif\/\" rel=\"attachment wp-att-82292\"><img loading=\"lazy\" decoding=\"async\" class=\"size-full wp-image-82292 aligncenter\" src=\"https:\/\/www.incorectpolitic.com\/wp-content\/uploads\/2026\/08\/coif.png\" alt width=\"813\" height=\"589\"><\/a><\/p>\n<h2><strong>De-a v-a\u021bi Ars Ruselea<\/strong><\/h2>\n<p><em>Sursa articolului citat: <a href=\"https:\/\/www.libertatea.ro\/stiri\/rusia-in-spatele-furtului-din-olanda-coifului-dacic-si-bratarilor-dacice-5171528\">https:\/\/www.libertatea.ro\/stiri\/rusia-in-spatele-furtului-din-olanda-coifului-dacic-si-bratarilor-dacice-5171528<\/a><\/em><\/p>\n<p>Am citit un articol din Libertatea despre faptul c\u0103 Rusia ar fi \u00een spatele furtului din Olanda. Singurul lucru care mi se pare curios citind acest articol nu este c\u0103 Rusia ar fi in <strong>spatele<\/strong> acestui jaf, ci faptul c\u0103 \u0219i eu m\u0103 g\u00e2ndisem fix la acelea\u0219i motive din <strong>fa\u021ba<\/strong>\u00a0jefuitorului.<\/p>\n<p>\u0218i s\u0103 v\u0103 explic de ce. Observa\u021bi mai \u00eent\u00e2i c\u0103 am pus &lt;autorul&gt; jafului \u00een spatele &lt;jafului&gt;, iar &lt;mobilul&gt; \u00een fa\u021ba lui, d\u00e2nd acestor elemente o dimensiune spa\u021bial\u0103, geometric\u0103. Am plasat astfel cele trei elemente \u00eentr-un racursi, iar pentru c\u0103 mobilul este \u00een fa\u021b\u0103, din cauza lui nu se mai vede nici furtul nici furul, dar totodat\u0103 \u00eentr-o coliniaritate perfect\u0103 din cauza c\u0103reia autorul nu mai vede mobilul din cauza jafului aflat la mijloc! Paradoxal, deci vom considera acest element o prim\u0103 singularitate. \u0218i singur\u0103.<\/p>\n<p>Suntem astfel, prin eviden\u021bierea de c\u0103tre domnul Cornel Ivanciuc a &lt;mobilului&gt;, orbi\u021bi de acesta \u0219i priva\u021bi \u00een acela\u0219i timp de observarea jafului \u00een sine sau, un lucru \u0219i mai complicat, identificarea autorului, care este cel mai \u00een spate din aceast\u0103 pozi\u021bie.<\/p>\n<p>Pentru a trece peste acest impediment am s\u0103 \u00eencerc s\u0103 rotesc imaginea \u00een sens trigonometric, cam cum arunc\u0103 un copil st\u00e2ngaci un titirez pe mas\u0103, consider\u00e2nd c\u0103 elementele se afl\u0103 \u00eentr-un plan orizontal, dar titirezul \u00eenv\u00e2rtindu-se doar 90 de grade. A\u0219adar vom avea: &lt;autorul&gt;, care din spate acum ajunge la st\u00e2nga; &lt;jaful&gt; \u2013 care r\u0103m\u00e2ne evident tot la mijloc; \u0219i &lt;mobilul&gt; sau motivul s\u0103u, care din fa\u021b\u0103 ajunge \u00een dreapta.<\/p>\n<p>Opera\u021bie de rotire evident corect\u0103, pentru c\u0103 Rusia nu putea fi dec\u00e2t pe partea st\u00e2ng\u0103 \u00eentr-un spa\u021biu virtual de r\u0103zboi ideologico-geopolitic cu Ucraina, nicidecum \u00een dreapta, demonstr\u00e2nd astfel c\u0103 intui\u021bia mea cu ajutorul c\u0103reia am rotit din prima planul vertical \u00een sens trigonometric \u0219i nu \u00een sensul acelor de ceasornic s-a dovedit a fi corect\u0103, tocmai pentru c\u0103 pozi\u021bia domnilor Ivanciuc \u0219i Demetriade, care sunt pe baricada corect\u0103 a pozi\u021biei statului rom\u00e2n, se va afla \u00eentotdeauna de partea cea dreapt\u0103 a istoriei! *Pozi\u021bia, nu baricada.<\/p>\n<p>Privite acum din profil, cele trei elemente ne sunt la fel de vizibile, dar \u00eenc\u0103 nu demonstreaz\u0103 pozi\u021bia celor doi, unul jurnalist de investiga\u021bie \u0219i cel\u0103lalt consilier de investigatori ai arhivelor fostei securit\u0103\u021bi, conform c\u0103rora Rusia ar fi \u00een spatele jafului. **Pozi\u021biei c\u0103rora, nu conform c\u0103rora. Sau mai r\u0103u, fostei c\u0103rora, care ar fi fost chiar hilar!<\/p>\n<p>Pentru aceasta le vin eu \u00een ajutor \u0219i voi mai apela la observarea celor trei elemente dintr-un nou, inedit, neobi\u0219nuit, dar at\u00e2t de evident punct de vedere. Vom roti planul celor trei pe axa vertical\u0103, cam cum vede un fotbalist cum vine mingea spre dumnealui pasat\u0103 de un coechipier pentru a fi \u0219utat\u0103 spre poart\u0103, dar doar pentru o rota\u021bie, de data aceasta tot de 90 de grade.<\/p>\n<p>Presupun\u00e2nd c\u0103 mingea respectiv\u0103 este globul p\u0103m\u00e2ntesc, iar ochiul fotbalistului care tocmai a oprit mingea cu piciorul este la o distan\u021b\u0103 considerabil de mare, unul din pentagoanele de pe minge poate fi acum observat ca pe o hart\u0103, f\u0103r\u0103 abera\u021biile optice create de sfericitate, cu at\u00e2t mai mult dac\u0103 mingea este bine umflat\u0103. \u0218tiind c\u0103 autorul \u00eencearc\u0103 s\u0103 ascund\u0103 jaful pentru a nu fi prins \u0219i pentru a contracara una din tehnici care este aceea de inversare a perspectivei prin schimbarea focaliz\u0103rii c\u0103tre cel mai opus loc dac\u0103 mi se permite aceast\u0103 licen\u021b\u0103, vom mai roti pentru o ultim\u0103 dat\u0103 \u00een plan orizontal cele trei elemente care acum se v\u0103d de sus \u00een jos, spre deosebire de primele dou\u0103 d\u0103\u021bi, de aceast\u0103 dat\u0103 cu o rota\u021bie de 180 de grade \u0219i ne vom pomeni cu &lt;autorul&gt; \u00een dreapta, &lt;jaful&gt; la mijloc \u0219i &lt;mobilul&gt; \u00eentr-o ingrat\u0103 st\u00e2ng\u0103, pe care nu o dore\u0219te nimeni, ci doar domnii Ivanciuc, \u00eenc\u0103 av\u00e2nd curajul tinere\u021bii \u0219i domnul Demetriade, \u00eemb\u0103rb\u0103tat de tinere\u021bea curajului, se mai aventureaz\u0103 s\u0103 o sufere. ***St\u00e2nga ideologic\u0103, nu pozi\u021bia geostrategic\u0103!<\/p>\n<p>(***)Observ\u0103m c\u0103 Pozi\u021bia a fost chemat\u0103 \u00een explica\u021bia demonstra\u021biei de dou\u0103 ori \u0219i St\u00e2nga o singur\u0103 dat\u0103, a\u0219adar vom \u00eencerca s\u0103 \u201epozi\u021bion\u0103m\u201d &lt;autorul&gt; \u00eentr-un cadru geografic. St\u00e2nga ar fi fost \u0219i amuzant de folosit, mai ales \u00een cazul coliniarit\u0103\u021bii, c\u00e2nd cele 3 puncte se vedeau explorate din racursi, adic\u0103 acoperindu-se unul pe cel\u0103lalt, caz \u00een care ne-ar fi dus \u00eentr-o situa\u021bie asimptotic\u0103, oblig\u00e2ndu-ne s\u0103 c\u0103ut\u0103m la infinit \u00eentr-o direc\u021bie \u00een care nu am mai fi g\u0103sit niciodat\u0103 vreun alt punct. Vai de pixurile noastre!<\/p>\n<p>Cum &lt;mobilul&gt; deja a fost identificat \u0219i verificat cu succes, vom prelua doar cele dou\u0103 puncte ce simbolizeaz\u0103, de la st\u00e2nga la dreapta: &lt;jaful&gt; \u0219i &lt;autorul&gt; \u0219i le vom suprapune pe harta pentagonal\u0103 pe care tocmai o extr\u0103sesem mai sus de pe o imaginativ\u0103 sfer\u0103 planetar\u0103 asem\u0103nabil\u0103 geometric cu un dodecaedru regulat pentagonal, sau mingea fotbalistului, pentru a face demonstra\u021bia mai simplu de urm\u0103rit de c\u0103tre cititorii mai pu\u021bin familiariza\u021bi cu corpurile geometrice complicate. Evident c\u0103 dodecaedrul regulat putea fi \u0219i hexagonal, dar asta nu ar fi avut nici o relevan\u021b\u0103 \u00een demonstra\u021bia de fa\u021b\u0103.<\/p>\n<p>Ducem a\u0219adar punctul din st\u00e2nga, cel asociat jafului, \u00een zona localit\u0103\u021bii Dren\u021ba, jude\u021bul As\u0103n din Olanda, \u021bara aflat\u0103 sub nivelul m\u0103rii, constat\u00e2nd aici \u00een parantez\u0103 fina observa\u021bie f\u0103cut\u0103 de domnul Ivanciuc, c\u0103ruia \u00eei urez pe aceast\u0103 cale \u00eens\u0103n\u0103to\u0219ire grabnic\u0103 de la problemele sale de sciatic\u0103, despre elementele comune de pe coroana dacic\u0103 cu cele din arta scitic\u0103 (Observa\u021bia, nu sciatica!), \u0219i tragem o linie c\u0103tre dreapta pe aceea\u0219i paralel\u0103 55 aproximativ 2000 de kilometri iar ceea ce vom observa nu ne va mira cu nimic, ci doar ne va confirma presupunerea domnului Ivanciuc, aceea c\u0103 cel de-al doilea punct sau element, &lt;autorul&gt; cel aflat acum \u00een dreapta sau la est, se afl\u0103 fix peste cl\u0103direa Kremlinului, din Moscova, da, a\u021bi ghicit, capitala Rusiei.<\/p>\n<p>Putin, dom\u2019le!<\/p>\n<p><a href=\"https:\/\/www.incorectpolitic.com\/de-a-v-ati-ars-ruselea\/harta-art\/\" rel=\"attachment wp-att-82297\"><img loading=\"lazy\" decoding=\"async\" class=\"size-full wp-image-82297 aligncenter lazyload\" src=\"https:\/\/www.incorectpolitic.com\/wp-content\/uploads\/2026\/08\/harta-art.png\" alt width=\"681\" height=\"459\"><\/a><\/p>\n<p><img loading=\"lazy\" decoding=\"async\" class=\"size-full wp-image-82297 aligncenter\" src=\"https:\/\/www.incorectpolitic.com\/wp-content\/uploads\/2026\/08\/harta-art.png\" alt width=\"681\" height=\"459\" data-eio=\"l\"><\/p>\n<p><strong>\u00a0Quod erat demonstrandum!<\/strong><\/p>\n<p><strong>Ivan Ciuc, \u00eenc-o iarb\u0103 \u0219i te culc!<\/strong><\/p>\n<p><strong>\u00a0<\/strong><\/p>\n<p><strong>Costache Nechita<\/strong><\/p>\n<p><strong>Noua Dreapt\u0103<\/strong><\/p>\n<\/div>\n<div class=\"entry\">\n<p>Costache Nechita<br \/><strong>Incorect Politic<\/strong><br \/>\nAugust 18, 2026+<\/p>\n<p><a href=\"https:\/\/www.incorectpolitic.com\/de-a-v-ati-ars-ruselea\/coif\/\" rel=\"attachment wp-att-82292\"><img loading=\"lazy\" decoding=\"async\" class=\"size-full wp-image-82292 aligncenter\" src=\"https:\/\/www.incorectpolitic.com\/wp-content\/uploads\/2026\/08\/coif.png\" alt width=\"813\" height=\"589\"><\/a><\/p>\n<h2><strong>De-a v-a\u021bi Ars Ruselea<\/strong><\/h2>\n<p><em>Sursa articolului citat: <a href=\"https:\/\/www.libertatea.ro\/stiri\/rusia-in-spatele-furtului-din-olanda-coifului-dacic-si-bratarilor-dacice-5171528\">https:\/\/www.libertatea.ro\/stiri\/rusia-in-spatele-furtului-din-olanda-coifului-dacic-si-bratarilor-dacice-5171528<\/a><\/em><\/p>\n<p>Am citit un articol din Libertatea despre faptul c\u0103 Rusia ar fi \u00een spatele furtului din Olanda. Singurul lucru care mi se pare curios citind acest articol nu este c\u0103 Rusia ar fi in <strong>spatele<\/strong> acestui jaf, ci faptul c\u0103 \u0219i eu m\u0103 g\u00e2ndisem fix la acelea\u0219i motive din <strong>fa\u021ba<\/strong>\u00a0jefuitorului.<\/p>\n<p>\u0218i s\u0103 v\u0103 explic de ce. Observa\u021bi mai \u00eent\u00e2i c\u0103 am pus &lt;autorul&gt; jafului \u00een spatele &lt;jafului&gt;, iar &lt;mobilul&gt; \u00een fa\u021ba lui, d\u00e2nd acestor elemente o dimensiune spa\u021bial\u0103, geometric\u0103. Am plasat astfel cele trei elemente \u00eentr-un racursi, iar pentru c\u0103 mobilul este \u00een fa\u021b\u0103, din cauza lui nu se mai vede nici furtul nici furul, dar totodat\u0103 \u00eentr-o coliniaritate perfect\u0103 din cauza c\u0103reia autorul nu mai vede mobilul din cauza jafului aflat la mijloc! Paradoxal, deci vom considera acest element o prim\u0103 singularitate. \u0218i singur\u0103.<\/p>\n<p>Suntem astfel, prin eviden\u021bierea de c\u0103tre domnul Cornel Ivanciuc a &lt;mobilului&gt;, orbi\u021bi de acesta \u0219i priva\u021bi \u00een acela\u0219i timp de observarea jafului \u00een sine sau, un lucru \u0219i mai complicat, identificarea autorului, care este cel mai \u00een spate din aceast\u0103 pozi\u021bie.<\/p>\n<p>Pentru a trece peste acest impediment am s\u0103 \u00eencerc s\u0103 rotesc imaginea \u00een sens trigonometric, cam cum arunc\u0103 un copil st\u00e2ngaci un titirez pe mas\u0103, consider\u00e2nd c\u0103 elementele se afl\u0103 \u00eentr-un plan orizontal, dar titirezul \u00eenv\u00e2rtindu-se doar 90 de grade. A\u0219adar vom avea: &lt;autorul&gt;, care din spate acum ajunge la st\u00e2nga; &lt;jaful&gt; \u2013 care r\u0103m\u00e2ne evident tot la mijloc; \u0219i &lt;mobilul&gt; sau motivul s\u0103u, care din fa\u021b\u0103 ajunge \u00een dreapta.<\/p>\n<p>Opera\u021bie de rotire evident corect\u0103, pentru c\u0103 Rusia nu putea fi dec\u00e2t pe partea st\u00e2ng\u0103 \u00eentr-un spa\u021biu virtual de r\u0103zboi ideologico-geopolitic cu Ucraina, nicidecum \u00een dreapta, demonstr\u00e2nd astfel c\u0103 intui\u021bia mea cu ajutorul c\u0103reia am rotit din prima planul vertical \u00een sens trigonometric \u0219i nu \u00een sensul acelor de ceasornic s-a dovedit a fi corect\u0103, tocmai pentru c\u0103 pozi\u021bia domnilor Ivanciuc \u0219i Demetriade, care sunt pe baricada corect\u0103 a pozi\u021biei statului rom\u00e2n, se va afla \u00eentotdeauna de partea cea dreapt\u0103 a istoriei! *Pozi\u021bia, nu baricada.<\/p>\n<p>Privite acum din profil, cele trei elemente ne sunt la fel de vizibile, dar \u00eenc\u0103 nu demonstreaz\u0103 pozi\u021bia celor doi, unul jurnalist de investiga\u021bie \u0219i cel\u0103lalt consilier de investigatori ai arhivelor fostei securit\u0103\u021bi, conform c\u0103rora Rusia ar fi \u00een spatele jafului. **Pozi\u021biei c\u0103rora, nu conform c\u0103rora. Sau mai r\u0103u, fostei c\u0103rora, care ar fi fost chiar hilar!<\/p>\n<p>Pentru aceasta le vin eu \u00een ajutor \u0219i voi mai apela la observarea celor trei elemente dintr-un nou, inedit, neobi\u0219nuit, dar at\u00e2t de evident punct de vedere. Vom roti planul celor trei pe axa vertical\u0103, cam cum vede un fotbalist cum vine mingea spre dumnealui pasat\u0103 de un coechipier pentru a fi \u0219utat\u0103 spre poart\u0103, dar doar pentru o rota\u021bie, de data aceasta tot de 90 de grade.<\/p>\n<p>Presupun\u00e2nd c\u0103 mingea respectiv\u0103 este globul p\u0103m\u00e2ntesc, iar ochiul fotbalistului care tocmai a oprit mingea cu piciorul este la o distan\u021b\u0103 considerabil de mare, unul din pentagoanele de pe minge poate fi acum observat ca pe o hart\u0103, f\u0103r\u0103 abera\u021biile optice create de sfericitate, cu at\u00e2t mai mult dac\u0103 mingea este bine umflat\u0103. \u0218tiind c\u0103 autorul \u00eencearc\u0103 s\u0103 ascund\u0103 jaful pentru a nu fi prins \u0219i pentru a contracara una din tehnici care este aceea de inversare a perspectivei prin schimbarea focaliz\u0103rii c\u0103tre cel mai opus loc dac\u0103 mi se permite aceast\u0103 licen\u021b\u0103, vom mai roti pentru o ultim\u0103 dat\u0103 \u00een plan orizontal cele trei elemente care acum se v\u0103d de sus \u00een jos, spre deosebire de primele dou\u0103 d\u0103\u021bi, de aceast\u0103 dat\u0103 cu o rota\u021bie de 180 de grade \u0219i ne vom pomeni cu &lt;autorul&gt; \u00een dreapta, &lt;jaful&gt; la mijloc \u0219i &lt;mobilul&gt; \u00eentr-o ingrat\u0103 st\u00e2ng\u0103, pe care nu o dore\u0219te nimeni, ci doar domnii Ivanciuc, \u00eenc\u0103 av\u00e2nd curajul tinere\u021bii \u0219i domnul Demetriade, \u00eemb\u0103rb\u0103tat de tinere\u021bea curajului, se mai aventureaz\u0103 s\u0103 o sufere. ***St\u00e2nga ideologic\u0103, nu pozi\u021bia geostrategic\u0103!<\/p>\n<p>(***)Observ\u0103m c\u0103 Pozi\u021bia a fost chemat\u0103 \u00een explica\u021bia demonstra\u021biei de dou\u0103 ori \u0219i St\u00e2nga o singur\u0103 dat\u0103, a\u0219adar vom \u00eencerca s\u0103 \u201epozi\u021bion\u0103m\u201d &lt;autorul&gt; \u00eentr-un cadru geografic. St\u00e2nga ar fi fost \u0219i amuzant de folosit, mai ales \u00een cazul coliniarit\u0103\u021bii, c\u00e2nd cele 3 puncte se vedeau explorate din racursi, adic\u0103 acoperindu-se unul pe cel\u0103lalt, caz \u00een care ne-ar fi dus \u00eentr-o situa\u021bie asimptotic\u0103, oblig\u00e2ndu-ne s\u0103 c\u0103ut\u0103m la infinit \u00eentr-o direc\u021bie \u00een care nu am mai fi g\u0103sit niciodat\u0103 vreun alt punct. Vai de pixurile noastre!<\/p>\n<p>Cum &lt;mobilul&gt; deja a fost identificat \u0219i verificat cu succes, vom prelua doar cele dou\u0103 puncte ce simbolizeaz\u0103, de la st\u00e2nga la dreapta: &lt;jaful&gt; \u0219i &lt;autorul&gt; \u0219i le vom suprapune pe harta pentagonal\u0103 pe care tocmai o extr\u0103sesem mai sus de pe o imaginativ\u0103 sfer\u0103 planetar\u0103 asem\u0103nabil\u0103 geometric cu un dodecaedru regulat pentagonal, sau mingea fotbalistului, pentru a face demonstra\u021bia mai simplu de urm\u0103rit de c\u0103tre cititorii mai pu\u021bin familiariza\u021bi cu corpurile geometrice complicate. Evident c\u0103 dodecaedrul regulat putea fi \u0219i hexagonal, dar asta nu ar fi avut nici o relevan\u021b\u0103 \u00een demonstra\u021bia de fa\u021b\u0103.<\/p>\n<p>Ducem a\u0219adar punctul din st\u00e2nga, cel asociat jafului, \u00een zona localit\u0103\u021bii Dren\u021ba, jude\u021bul As\u0103n din Olanda, \u021bara aflat\u0103 sub nivelul m\u0103rii, constat\u00e2nd aici \u00een parantez\u0103 fina observa\u021bie f\u0103cut\u0103 de domnul Ivanciuc, c\u0103ruia \u00eei urez pe aceast\u0103 cale \u00eens\u0103n\u0103to\u0219ire grabnic\u0103 de la problemele sale de sciatic\u0103, despre elementele comune de pe coroana dacic\u0103 cu cele din arta scitic\u0103 (Observa\u021bia, nu sciatica!), \u0219i tragem o linie c\u0103tre dreapta pe aceea\u0219i paralel\u0103 55 aproximativ 2000 de kilometri iar ceea ce vom observa nu ne va mira cu nimic, ci doar ne va confirma presupunerea domnului Ivanciuc, aceea c\u0103 cel de-al doilea punct sau element, &lt;autorul&gt; cel aflat acum \u00een dreapta sau la est, se afl\u0103 fix peste cl\u0103direa Kremlinului, din Moscova, da, a\u021bi ghicit, capitala Rusiei.<\/p>\n<p>Putin, dom\u2019le!<\/p>\n<p><a href=\"https:\/\/www.incorectpolitic.com\/de-a-v-ati-ars-ruselea\/harta-art\/\" rel=\"attachment wp-att-82297\"><img loading=\"lazy\" decoding=\"async\" class=\"size-full wp-image-82297 aligncenter lazyload\" src=\"https:\/\/www.incorectpolitic.com\/wp-content\/uploads\/2026\/08\/harta-art.png\" alt width=\"681\" height=\"459\"><\/a><\/p>\n<p><img loading=\"lazy\" decoding=\"async\" class=\"size-full wp-image-82297 aligncenter\" src=\"https:\/\/www.incorectpolitic.com\/wp-content\/uploads\/2026\/08\/harta-art.png\" alt width=\"681\" height=\"459\" data-eio=\"l\"><\/p>\n<p><strong>\u00a0Quod erat demonstrandum!<\/strong><\/p>\n<p><strong>Ivan Ciuc, \u00eenc-o iarb\u0103 \u0219i te culc!<\/strong><\/p>\n<p><strong>\u00a0<\/strong><\/p>\n<p><strong>Costache Nechita<\/strong><\/p>\n<p><strong>Noua Dreapt\u0103<\/strong><\/p>\n<\/div>\n<article class=\"post-81436 post type-post status-publish entry includes-feat-image\">\n<div class=\"featured-image alignleft\"><a class=\"featured_post_link\" href=\"https:\/\/www.incorectpolitic.com\/curaj-adevar-si-libertate-senatorul-miron-manega-s-o-s-a-propus-abrogarea-legilor-delictului-de-opinie\/\" title=\"CURAJ, ADEV\u0102R \u0218I LIBERTATE! Senatorul Miron Manega (S.O.S.) a propus abrogarea legilor delictului de opinie!\"><img loading=\"lazy\" decoding=\"async\" width=\"150\" height=\"150\" src=\"https:\/\/www.incorectpolitic.com\/wp-content\/uploads\/2019\/04\/manega-150x150.png\" class=\"attachment-thumbnail size-thumbnail wp-post-image lazyload\" alt><img loading=\"lazy\" decoding=\"async\" width=\"150\" height=\"150\" src=\"https:\/\/www.incorectpolitic.com\/wp-content\/uploads\/2019\/04\/manega-150x150.png\" class=\"attachment-thumbnail size-thumbnail wp-post-image\" alt data-eio=\"l\"><\/a><\/div>\n<div class=\"entry-title\"><a class=\"featured_post_link\" href=\"https:\/\/www.incorectpolitic.com\/curaj-adevar-si-libertate-senatorul-miron-manega-s-o-s-a-propus-abrogarea-legilor-delictului-de-opinie\/\" title=\"CURAJ, ADEV\u0102R \u0218I LIBERTATE! Senatorul Miron Manega (S.O.S.) a propus abrogarea legilor delictului de opinie!\">CURAJ, ADEV\u0102R \u0218I LIBERTATE! Senatorul Miron Manega (S.O.S.) a propus abrogarea legilor delictului de opinie!<\/a><\/div>\n<\/article>\n<article class=\"post-80361 post type-post status-publish entry includes-feat-image\">\n<div class=\"featured-image alignleft\"><a class=\"featured_post_link\" href=\"https:\/\/www.incorectpolitic.com\/ultimul-fiu-al-daciei\/\" title=\"Ultimul Fiu al Daciei\"><img loading=\"lazy\" decoding=\"async\" width=\"100\" height=\"150\" src=\"https:\/\/www.incorectpolitic.com\/wp-content\/uploads\/2025\/10\/dac.jpeg\" class=\"attachment-thumbnail size-thumbnail wp-post-image lazyload\" alt><img loading=\"lazy\" decoding=\"async\" width=\"100\" height=\"150\" src=\"https:\/\/www.incorectpolitic.com\/wp-content\/uploads\/2025\/10\/dac.jpeg\" class=\"attachment-thumbnail size-thumbnail wp-post-image\" alt data-eio=\"l\"><\/a><\/div>\n<div class=\"entry-title\"><a class=\"featured_post_link\" href=\"https:\/\/www.incorectpolitic.com\/ultimul-fiu-al-daciei\/\" title=\"Ultimul Fiu al Daciei\">Ultimul Fiu al Daciei<\/a><\/div>\n<\/article>\n<article class=\"post-73927 post type-post status-publish entry includes-feat-image\">\n<div class=\"featured-image alignleft\"><a class=\"featured_post_link\" href=\"https:\/\/www.incorectpolitic.com\/cauzele-si-dinamica-antisemitismului\/\" title=\"Cauzele \u0219i Dinamica Antisemitismului\"><img loading=\"lazy\" decoding=\"async\" width=\"150\" height=\"150\" src=\"https:\/\/www.incorectpolitic.com\/wp-content\/uploads\/2018\/09\/bolshevik-jews-150x150.jpg\" class=\"attachment-thumbnail size-thumbnail wp-post-image lazyload\" alt><img loading=\"lazy\" decoding=\"async\" width=\"150\" height=\"150\" src=\"https:\/\/www.incorectpolitic.com\/wp-content\/uploads\/2018\/09\/bolshevik-jews-150x150.jpg\" class=\"attachment-thumbnail size-thumbnail wp-post-image\" alt data-eio=\"l\"><\/a><\/div>\n<div class=\"entry-title\"><a class=\"featured_post_link\" href=\"https:\/\/www.incorectpolitic.com\/cauzele-si-dinamica-antisemitismului\/\" title=\"Cauzele \u0219i Dinamica Antisemitismului\">Cauzele \u0219i Dinamica Antisemitismului<\/a><\/div>\n<\/article>\n<article class=\"post-72974 post type-post status-publish entry includes-feat-image\">\n<div class=\"featured-image alignleft\"><a class=\"featured_post_link\" href=\"https:\/\/www.incorectpolitic.com\/navalirea-jidanilor-de-vasile-alecsandri-piesa-interzisa\/\" title=\"N\u0103v\u0103lirea Jidanilor \u2013 de Vasile Alecsandri (Pies\u0103 interzis\u0103)\"><img loading=\"lazy\" decoding=\"async\" width=\"150\" height=\"150\" src=\"https:\/\/www.incorectpolitic.com\/wp-content\/uploads\/2024\/02\/jidani-navalire-2.png\" class=\"attachment-thumbnail size-thumbnail wp-post-image lazyload\" alt><img loading=\"lazy\" decoding=\"async\" width=\"150\" height=\"150\" src=\"https:\/\/www.incorectpolitic.com\/wp-content\/uploads\/2024\/02\/jidani-navalire-2.png\" class=\"attachment-thumbnail size-thumbnail wp-post-image\" alt data-eio=\"l\"><\/a><\/div>\n<div class=\"entry-title\"><a class=\"featured_post_link\" href=\"https:\/\/www.incorectpolitic.com\/navalirea-jidanilor-de-vasile-alecsandri-piesa-interzisa\/\" title=\"N\u0103v\u0103lirea Jidanilor \u2013 de Vasile Alecsandri (Pies\u0103 interzis\u0103)\">N\u0103v\u0103lirea Jidanilor \u2013 de Vasile Alecsandri (Pies\u0103 interzis\u0103)<\/a><\/div>\n<\/article>\n<article class=\"post-71879 post type-post status-publish entry includes-feat-image\">\n<div class=\"featured-image alignleft\"><a class=\"featured_post_link\" href=\"https:\/\/www.incorectpolitic.com\/europa-si-romania-in-anul-2050\/\" title=\"Europa \u0219i Rom\u00e2nia \u00een anul 2050\"><img loading=\"lazy\" decoding=\"async\" width=\"147\" height=\"150\" src=\"https:\/\/www.incorectpolitic.com\/wp-content\/uploads\/2024\/01\/Romania-2050-2.png\" class=\"attachment-thumbnail size-thumbnail wp-post-image lazyload\" alt><img loading=\"lazy\" decoding=\"async\" width=\"147\" height=\"150\" src=\"https:\/\/www.incorectpolitic.com\/wp-content\/uploads\/2024\/01\/Romania-2050-2.png\" class=\"attachment-thumbnail size-thumbnail wp-post-image\" alt data-eio=\"l\"><\/a><\/div>\n<div class=\"entry-title\"><a class=\"featured_post_link\" href=\"https:\/\/www.incorectpolitic.com\/europa-si-romania-in-anul-2050\/\" title=\"Europa \u0219i Rom\u00e2nia \u00een anul 2050\">Europa \u0219i Rom\u00e2nia \u00een anul 2050<\/a><\/div>\n<\/article>\n<article class=\"post-23854 post type-post status-publish entry includes-feat-image\">\n<div class=\"featured-image alignleft\"><a class=\"featured_post_link\" href=\"https:\/\/www.incorectpolitic.com\/vizita-papei-autonomie-alternativa\/\" title=\"Vizita Papei \u2013 Autonomie Alternativ\u0103\"><img loading=\"lazy\" decoding=\"async\" width=\"150\" height=\"150\" class=\"attachment-thumbnail size-thumbnail wp-post-image lazyload\" alt src=\"https:\/\/www.incorectpolitic.com\/wp-content\/uploads\/2019\/06\/uI2HFtR-150x150.jpg\"><img loading=\"lazy\" decoding=\"async\" width=\"150\" height=\"150\" src=\"https:\/\/www.incorectpolitic.com\/wp-content\/uploads\/2019\/06\/uI2HFtR-150x150.jpg\" class=\"attachment-thumbnail size-thumbnail wp-post-image\" alt data-eio=\"l\"><\/a><\/div>\n<div class=\"entry-title\"><a class=\"featured_post_link\" href=\"https:\/\/www.incorectpolitic.com\/vizita-papei-autonomie-alternativa\/\" title=\"Vizita Papei \u2013 Autonomie Alternativ\u0103\">Vizita Papei \u2013 Autonomie Alternativ\u0103<\/a><\/div>\n<\/article>\n<article class=\"post-72111 post type-post status-publish entry includes-feat-image\">\n<div class=\"featured-image alignleft\"><a class=\"featured_post_link\" href=\"https:\/\/www.incorectpolitic.com\/revelion-2023-2024-vine-anul-biruintei\/\" title=\"Revelion 2023 \u2013 2024 vine ANUL BIRUIN\u021aEI\"><img loading=\"lazy\" decoding=\"async\" width=\"150\" height=\"150\" src=\"https:\/\/www.incorectpolitic.com\/wp-content\/uploads\/2023\/12\/anul-biruintei.png\" class=\"attachment-thumbnail size-thumbnail wp-post-image lazyload\" alt><img loading=\"lazy\" decoding=\"async\" width=\"150\" height=\"150\" src=\"https:\/\/www.incorectpolitic.com\/wp-content\/uploads\/2023\/12\/anul-biruintei.png\" class=\"attachment-thumbnail size-thumbnail wp-post-image\" alt data-eio=\"l\"><\/a><\/div>\n<div class=\"entry-title\"><a class=\"featured_post_link\" href=\"https:\/\/www.incorectpolitic.com\/revelion-2023-2024-vine-anul-biruintei\/\" title=\"Revelion 2023 \u2013 2024 vine ANUL BIRUIN\u021aEI\">Revelion 2023 \u2013 2024 vine ANUL BIRUIN\u021aEI<\/a><\/div>\n<\/article>\n<article class=\"post-50139 post type-post status-publish entry includes-feat-image\">\n<div class=\"featured-image alignleft\"><a class=\"featured_post_link\" href=\"https:\/\/www.incorectpolitic.com\/analiza-strategiei-adoptata-de-guvern-pentru-combaterea-antisemitismului-xenofobiei-si-discursului-instigator-la-ura-2021-2023\/\" title=\"Analiza Strategiei Adoptat\u0103 de Guvern Pentru Combaterea \u201cantisemitismului, xenofobiei \u0219i discursului instigator la ur\u0103 2021-2023\u201d\"><img loading=\"lazy\" decoding=\"async\" width=\"150\" height=\"150\" src=\"https:\/\/www.incorectpolitic.com\/wp-content\/uploads\/2019\/08\/Jewish-censorship-e1421273251759-2-150x150.jpg\" class=\"attachment-thumbnail size-thumbnail wp-post-image lazyload\" alt><img loading=\"lazy\" decoding=\"async\" width=\"150\" height=\"150\" src=\"https:\/\/www.incorectpolitic.com\/wp-content\/uploads\/2019\/08\/Jewish-censorship-e1421273251759-2-150x150.jpg\" class=\"attachment-thumbnail size-thumbnail wp-post-image\" alt data-eio=\"l\"><\/a><\/div>\n<div class=\"entry-title\"><a class=\"featured_post_link\" href=\"https:\/\/www.incorectpolitic.com\/analiza-strategiei-adoptata-de-guvern-pentru-combaterea-antisemitismului-xenofobiei-si-discursului-instigator-la-ura-2021-2023\/\" title=\"Analiza Strategiei Adoptat\u0103 de Guvern Pentru Combaterea \u201cantisemitismului, xenofobiei \u0219i discursului instigator la ur\u0103 2021-2023\u201d\">Analiza Strategiei Adoptat\u0103 de Guvern Pentru Combaterea \u201cantisemitismului, xenofobiei \u0219i discursului instigator la ur\u0103 2021-2023\u201d<\/a><\/div>\n<\/article>\n<article class=\"post-70829 post type-post status-publish entry includes-feat-image\">\n<div class=\"featured-image alignleft\"><a class=\"featured_post_link\" href=\"https:\/\/www.incorectpolitic.com\/pozitia-unilaterala-a-pseudo-politicienilor-din-romania-si-a-bor-in-sustinerea-israelului-singurul-stat-terorist-din-lume-arata-ca-acestia-nu-au-o-fibra-cu-adevarat-nationala\/\" title=\"Pozi\u021bia unilateral\u0103 a pseudo politicienilor din Rom\u00e2nia \u0219i a BOR \u00een sus\u021binerea Israelului, singurul stat terorist din lume, arat\u0103 c\u0103 ace\u0219tia nu au o fibr\u0103 cu adev\u0103rat na\u021bional\u0103\"><img loading=\"lazy\" decoding=\"async\" width=\"150\" height=\"89\" src=\"https:\/\/www.incorectpolitic.com\/wp-content\/uploads\/2023\/08\/circumcision.png\" class=\"attachment-thumbnail size-thumbnail wp-post-image lazyload\" alt><img loading=\"lazy\" decoding=\"async\" width=\"150\" height=\"89\" src=\"https:\/\/www.incorectpolitic.com\/wp-content\/uploads\/2023\/08\/circumcision.png\" class=\"attachment-thumbnail size-thumbnail wp-post-image\" alt data-eio=\"l\"><\/a><\/div>\n<div class=\"entry-title\"><a class=\"featured_post_link\" href=\"https:\/\/www.incorectpolitic.com\/pozitia-unilaterala-a-pseudo-politicienilor-din-romania-si-a-bor-in-sustinerea-israelului-singurul-stat-terorist-din-lume-arata-ca-acestia-nu-au-o-fibra-cu-adevarat-nationala\/\" title=\"Pozi\u021bia unilateral\u0103 a pseudo politicienilor din Rom\u00e2nia \u0219i a BOR \u00een sus\u021binerea Israelului, singurul stat terorist din lume, arat\u0103 c\u0103 ace\u0219tia nu au o fibr\u0103 cu adev\u0103rat na\u021bional\u0103\">Pozi\u021bia unilateral\u0103 a pseudo politicienilor din Rom\u00e2nia \u0219i a BOR \u00een sus\u021binerea Israelului, singurul stat terorist din lume, arat\u0103 c\u0103 ace\u0219tia nu au o fibr\u0103 cu adev\u0103rat na\u021bional\u0103<\/a><\/div>\n<\/article>\n<article class=\"post-66937 post type-post status-publish entry includes-feat-image\">\n<div class=\"featured-image alignleft\"><a class=\"featured_post_link\" href=\"https:\/\/www.incorectpolitic.com\/agresiunea-impotriva-revizionistilor-istorici-si-efectele-linsajului-judiciar-de-la-nuremberg\/\" title=\"Agresiunea \u00eempotriva Revizioni\u0219tilor Istorici \u0219i efectele lin\u0219ajului judiciar de la Nurnberg\"><img loading=\"lazy\" decoding=\"async\" width=\"150\" height=\"100\" src=\"https:\/\/www.incorectpolitic.com\/wp-content\/uploads\/2023\/04\/image_2023-04-30_134634134.png\" class=\"attachment-thumbnail size-thumbnail wp-post-image lazyload\" alt><img loading=\"lazy\" decoding=\"async\" width=\"150\" height=\"100\" src=\"https:\/\/www.incorectpolitic.com\/wp-content\/uploads\/2023\/04\/image_2023-04-30_134634134.png\" class=\"attachment-thumbnail size-thumbnail wp-post-image\" alt data-eio=\"l\"><\/a><\/div>\n<div class=\"entry-title\"><a class=\"featured_post_link\" href=\"https:\/\/www.incorectpolitic.com\/agresiunea-impotriva-revizionistilor-istorici-si-efectele-linsajului-judiciar-de-la-nuremberg\/\" title=\"Agresiunea \u00eempotriva Revizioni\u0219tilor Istorici \u0219i efectele lin\u0219ajului judiciar de la Nurnberg\">Agresiunea \u00eempotriva Revizioni\u0219tilor Istorici \u0219i efectele lin\u0219ajului judiciar de la Nurnberg<\/a><\/div>\n<\/article>\n<article class=\"post-19111 post type-post status-publish entry includes-feat-image\">\n<div class=\"featured-image alignleft\"><a class=\"featured_post_link\" href=\"https:\/\/www.incorectpolitic.com\/despre-adevar\/\" title=\"Despre Adev\u0103r\"><img loading=\"lazy\" decoding=\"async\" width=\"150\" height=\"150\" src=\"https:\/\/www.incorectpolitic.com\/wp-content\/uploads\/2019\/02\/freedomfromchain-150x150.jpg\" class=\"attachment-thumbnail size-thumbnail wp-post-image lazyload\" alt><img loading=\"lazy\" decoding=\"async\" width=\"150\" height=\"150\" src=\"https:\/\/www.incorectpolitic.com\/wp-content\/uploads\/2019\/02\/freedomfromchain-150x150.jpg\" class=\"attachment-thumbnail size-thumbnail wp-post-image\" alt data-eio=\"l\"><\/a><\/div>\n<div class=\"entry-title\"><a class=\"featured_post_link\" href=\"https:\/\/www.incorectpolitic.com\/despre-adevar\/\" title=\"Despre Adev\u0103r\">Despre Adev\u0103r<\/a><\/div>\n<\/article>\n<article class=\"post-53767 post type-post status-publish entry includes-feat-image\">\n<div class=\"featured-image alignleft\"><a class=\"featured_post_link\" href=\"https:\/\/www.incorectpolitic.com\/dictionarul-coincidentelor-cine-sunt-iudeii-care-ne-au-influentat-tara-in-istoria-recenta\/\" title=\"DIC\u021aIONARUL COINCIDEN\u021aELOR  \u2013 Cine sunt iudeii care ne-au influen\u021bat \u021bara \u00een istoria recent\u0103\"><img loading=\"lazy\" decoding=\"async\" width=\"150\" height=\"150\" src=\"https:\/\/www.incorectpolitic.com\/wp-content\/uploads\/2021\/09\/coinc-150x150.png\" class=\"attachment-thumbnail size-thumbnail wp-post-image lazyload\" alt><img loading=\"lazy\" decoding=\"async\" width=\"150\" height=\"150\" src=\"https:\/\/www.incorectpolitic.com\/wp-content\/uploads\/2021\/09\/coinc-150x150.png\" class=\"attachment-thumbnail size-thumbnail wp-post-image\" alt data-eio=\"l\"><\/a><\/div>\n<div class=\"entry-title\"><a class=\"featured_post_link\" href=\"https:\/\/www.incorectpolitic.com\/dictionarul-coincidentelor-cine-sunt-iudeii-care-ne-au-influentat-tara-in-istoria-recenta\/\" title=\"DIC\u021aIONARUL COINCIDEN\u021aELOR  \u2013 Cine sunt iudeii care ne-au influen\u021bat \u021bara \u00een istoria recent\u0103\">DIC\u021aIONARUL COINCIDEN\u021aELOR  \u2013 Cine sunt iudeii care ne-au influen\u021bat \u021bara \u00een istoria recent\u0103<\/a><\/div>\n<\/article>\n<article class=\"post-51156 post type-post status-publish entry includes-feat-image\">\n<div class=\"featured-image alignleft\"><a class=\"featured_post_link\" href=\"https:\/\/www.incorectpolitic.com\/desertaciune-nu-aparare\/\" title=\"DE\u0218ERT\u0102CIUNE?! Nu, AP\u0102RARE!\"><img loading=\"lazy\" decoding=\"async\" width=\"150\" height=\"150\" class=\"attachment-thumbnail size-thumbnail wp-post-image lazyload\" alt src=\"https:\/\/www.incorectpolitic.com\/wp-content\/uploads\/2021\/06\/desertaciune-nu-aparare-150x150.jpg\"><img loading=\"lazy\" decoding=\"async\" width=\"150\" height=\"150\" src=\"https:\/\/www.incorectpolitic.com\/wp-content\/uploads\/2021\/06\/desertaciune-nu-aparare-150x150.jpg\" class=\"attachment-thumbnail size-thumbnail wp-post-image\" alt data-eio=\"l\"><\/a><\/div>\n<div class=\"entry-title\"><a class=\"featured_post_link\" href=\"https:\/\/www.incorectpolitic.com\/desertaciune-nu-aparare\/\" title=\"DE\u0218ERT\u0102CIUNE?! Nu, AP\u0102RARE!\">DE\u0218ERT\u0102CIUNE?! Nu, AP\u0102RARE!<\/a><\/div>\n<\/article>\n<article class=\"post-44728 post type-post status-publish entry includes-feat-image\">\n<div class=\"featured-image alignleft\"><a class=\"featured_post_link\" href=\"https:\/\/www.incorectpolitic.com\/resetarea-medicinei-sau-resetarea-omenirii-prin-nanotehnologie\/\" title=\"Resetarea Medicinei sau Resetarea Omenirii prin Nanotehnologie\"><img loading=\"lazy\" decoding=\"async\" width=\"150\" height=\"150\" src=\"https:\/\/www.incorectpolitic.com\/wp-content\/uploads\/2020\/12\/ed8a914d6d236c9d231903a8b2e79f63-150x150.gif\" class=\"attachment-thumbnail size-thumbnail wp-post-image lazyload\" alt><img loading=\"lazy\" decoding=\"async\" width=\"150\" height=\"150\" src=\"https:\/\/www.incorectpolitic.com\/wp-content\/uploads\/2020\/12\/ed8a914d6d236c9d231903a8b2e79f63-150x150.gif\" class=\"attachment-thumbnail size-thumbnail wp-post-image\" alt data-eio=\"l\"><\/a><\/div>\n<div class=\"entry-title\"><a class=\"featured_post_link\" href=\"https:\/\/www.incorectpolitic.com\/resetarea-medicinei-sau-resetarea-omenirii-prin-nanotehnologie\/\" title=\"Resetarea Medicinei sau Resetarea Omenirii prin Nanotehnologie\">Resetarea Medicinei sau Resetarea Omenirii prin Nanotehnologie<\/a><\/div>\n<\/article>\n<article class=\"post-43837 post type-post status-publish entry includes-feat-image\">\n<div class=\"featured-image alignleft\"><a class=\"featured_post_link\" href=\"https:\/\/www.incorectpolitic.com\/noul-legamant\/\" title=\"Noul Leg\u0103m\u00e2nt\"><img loading=\"lazy\" decoding=\"async\" width=\"150\" height=\"150\" src=\"https:\/\/www.incorectpolitic.com\/wp-content\/uploads\/2020\/12\/NL-150x150.jpg\" class=\"attachment-thumbnail size-thumbnail wp-post-image lazyload\" alt><img loading=\"lazy\" decoding=\"async\" width=\"150\" height=\"150\" src=\"https:\/\/www.incorectpolitic.com\/wp-content\/uploads\/2020\/12\/NL-150x150.jpg\" class=\"attachment-thumbnail size-thumbnail wp-post-image\" alt data-eio=\"l\"><\/a><\/div>\n<div class=\"entry-title\"><a class=\"featured_post_link\" href=\"https:\/\/www.incorectpolitic.com\/noul-legamant\/\" title=\"Noul Leg\u0103m\u00e2nt\">Noul Leg\u0103m\u00e2nt<\/a><\/div>\n<\/article>\n<article class=\"post-42525 post type-post status-publish entry includes-feat-image\">\n<div class=\"featured-image alignleft\"><a class=\"featured_post_link\" href=\"https:\/\/www.incorectpolitic.com\/vaccinarea-inseamna-crima-un-atentat-la-sanatatea-personala-la-integritatea-corporala-si-intimitatea-oricarui-om-liber-medicul-ce-vaccineaza-cu-forta-un-om-liber-merita-sa-fie-pedepsit-de-acesta\/\" title=\"Vaccinarea \u00eenseamn\u0103 crim\u0103, un atentat la s\u0103n\u0103tatea personal\u0103, la integritatea corporal\u0103 \u0219i intimitatea oric\u0103rui om liber. Medicul ce vaccineaz\u0103 cu for\u021ba un om liber merit\u0103 s\u0103 fie pedepsit de acesta\"><img loading=\"lazy\" decoding=\"async\" width=\"150\" height=\"150\" src=\"https:\/\/www.incorectpolitic.com\/wp-content\/uploads\/2020\/11\/syringe_0-150x150.jpg\" class=\"attachment-thumbnail size-thumbnail wp-post-image lazyload\" alt><img loading=\"lazy\" decoding=\"async\" width=\"150\" height=\"150\" src=\"https:\/\/www.incorectpolitic.com\/wp-content\/uploads\/2020\/11\/syringe_0-150x150.jpg\" class=\"attachment-thumbnail size-thumbnail wp-post-image\" alt data-eio=\"l\"><\/a><\/div>\n<div class=\"entry-title\"><a class=\"featured_post_link\" href=\"https:\/\/www.incorectpolitic.com\/vaccinarea-inseamna-crima-un-atentat-la-sanatatea-personala-la-integritatea-corporala-si-intimitatea-oricarui-om-liber-medicul-ce-vaccineaza-cu-forta-un-om-liber-merita-sa-fie-pedepsit-de-acesta\/\" title=\"Vaccinarea \u00eenseamn\u0103 crim\u0103, un atentat la s\u0103n\u0103tatea personal\u0103, la integritatea corporal\u0103 \u0219i intimitatea oric\u0103rui om liber. Medicul ce vaccineaz\u0103 cu for\u021ba un om liber merit\u0103 s\u0103 fie pedepsit de acesta\">Vaccinarea \u00eenseamn\u0103 crim\u0103, un atentat la s\u0103n\u0103tatea personal\u0103, la integritatea corporal\u0103 \u0219i intimitatea oric\u0103rui om liber. Medicul ce vaccineaz\u0103 cu for\u021ba un om liber merit\u0103 s\u0103 fie pedepsit de acesta<\/a><\/div>\n<\/article>\n<article class=\"post-38338 post type-post status-publish entry includes-feat-image\">\n<div class=\"featured-image alignleft\"><a class=\"featured_post_link\" href=\"https:\/\/www.incorectpolitic.com\/trebuie-sa-distrugem-suprematia-jidoveasca\/\" title=\"Trebuie s\u0103 distrugem superma\u021bia jidoveasc\u0103!\"><img loading=\"lazy\" decoding=\"async\" width=\"150\" height=\"150\" src=\"https:\/\/www.incorectpolitic.com\/wp-content\/uploads\/2018\/11\/GunoiOPS-150x150.png\" class=\"attachment-thumbnail size-thumbnail wp-post-image lazyload\" alt><img loading=\"lazy\" decoding=\"async\" width=\"150\" height=\"150\" src=\"https:\/\/www.incorectpolitic.com\/wp-content\/uploads\/2018\/11\/GunoiOPS-150x150.png\" class=\"attachment-thumbnail size-thumbnail wp-post-image\" alt data-eio=\"l\"><\/a><\/div>\n<div class=\"entry-title\"><a class=\"featured_post_link\" href=\"https:\/\/www.incorectpolitic.com\/trebuie-sa-distrugem-suprematia-jidoveasca\/\" title=\"Trebuie s\u0103 distrugem superma\u021bia jidoveasc\u0103!\">Trebuie s\u0103 distrugem superma\u021bia jidoveasc\u0103!<\/a><\/div>\n<\/article>\n<article class=\"post-30776 post type-post status-publish entry includes-feat-image\">\n<div class=\"featured-image alignleft\"><a class=\"featured_post_link\" href=\"https:\/\/www.incorectpolitic.com\/da-ti-doua-palme-si-ridica-te\/\" title=\"D\u0103-\u021bi Dou\u0103 Palme \u0219i Ridic\u0103-te\"><img loading=\"lazy\" decoding=\"async\" width=\"150\" height=\"150\" src=\"https:\/\/www.incorectpolitic.com\/wp-content\/uploads\/2019\/11\/1-mai-620x350-150x150.jpg\" class=\"attachment-thumbnail size-thumbnail wp-post-image lazyload\" alt><img loading=\"lazy\" decoding=\"async\" width=\"150\" height=\"150\" src=\"https:\/\/www.incorectpolitic.com\/wp-content\/uploads\/2019\/11\/1-mai-620x350-150x150.jpg\" class=\"attachment-thumbnail size-thumbnail wp-post-image\" alt data-eio=\"l\"><\/a><\/div>\n<div class=\"entry-title\"><a class=\"featured_post_link\" href=\"https:\/\/www.incorectpolitic.com\/da-ti-doua-palme-si-ridica-te\/\" title=\"D\u0103-\u021bi Dou\u0103 Palme \u0219i Ridic\u0103-te\">D\u0103-\u021bi Dou\u0103 Palme \u0219i Ridic\u0103-te<\/a><\/div>\n<\/article>\n<article class=\"post-27862 post type-post status-publish entry includes-feat-image\">\n<div class=\"featured-image alignleft\"><a class=\"featured_post_link\" href=\"https:\/\/www.incorectpolitic.com\/scrisoare-deschisa-catre-neamul-romanesc\/\" title=\"Scrisoare Deschis\u0103 C\u0103tre Neamul Rom\u00e2nesc\"><img loading=\"lazy\" decoding=\"async\" width=\"150\" height=\"150\" src=\"https:\/\/www.incorectpolitic.com\/wp-content\/uploads\/2019\/09\/videoblocks-male-hand-reload-a-revolver-magnum-gun-without-bullets-magnum-revolver-and-empty-bullet-magnum-lead-round-nose-45-auto-rim-revolver-rounds_ha1focujz_thumbnail-full01-150x150.jpg\" class=\"attachment-thumbnail size-thumbnail wp-post-image lazyload\" alt><img loading=\"lazy\" decoding=\"async\" width=\"150\" height=\"150\" src=\"https:\/\/www.incorectpolitic.com\/wp-content\/uploads\/2019\/09\/videoblocks-male-hand-reload-a-revolver-magnum-gun-without-bullets-magnum-revolver-and-empty-bullet-magnum-lead-round-nose-45-auto-rim-revolver-rounds_ha1focujz_thumbnail-full01-150x150.jpg\" class=\"attachment-thumbnail size-thumbnail wp-post-image\" alt data-eio=\"l\"><\/a><\/div>\n<div class=\"entry-title\"><a class=\"featured_post_link\" href=\"https:\/\/www.incorectpolitic.com\/scrisoare-deschisa-catre-neamul-romanesc\/\" title=\"Scrisoare Deschis\u0103 C\u0103tre Neamul Rom\u00e2nesc\">Scrisoare Deschis\u0103 C\u0103tre Neamul Rom\u00e2nesc<\/a><\/div>\n<\/article>\n<article class=\"post-26255 post type-post status-publish entry includes-feat-image\">\n<div class=\"featured-image alignleft\"><a class=\"featured_post_link\" href=\"https:\/\/www.incorectpolitic.com\/sociologia-eliberarii-si-curentele-laterale-de-sedimentare-revolutionara\/\" title=\"Sociologia Eliber\u0103rii \u0219i Curentele Laterale de Sedimentare Revolu\u021bionar\u0103\"><img loading=\"lazy\" decoding=\"async\" width=\"150\" height=\"150\" src=\"https:\/\/www.incorectpolitic.com\/wp-content\/uploads\/2020\/12\/nm3-150x150.png\" class=\"attachment-thumbnail size-thumbnail wp-post-image lazyload\" alt><img loading=\"lazy\" decoding=\"async\" width=\"150\" height=\"150\" src=\"https:\/\/www.incorectpolitic.com\/wp-content\/uploads\/2020\/12\/nm3-150x150.png\" class=\"attachment-thumbnail size-thumbnail wp-post-image\" alt data-eio=\"l\"><\/a><\/div>\n<div class=\"entry-title\"><a class=\"featured_post_link\" href=\"https:\/\/www.incorectpolitic.com\/sociologia-eliberarii-si-curentele-laterale-de-sedimentare-revolutionara\/\" title=\"Sociologia Eliber\u0103rii \u0219i Curentele Laterale de Sedimentare Revolu\u021bionar\u0103\">Sociologia Eliber\u0103rii \u0219i Curentele Laterale de Sedimentare Revolu\u021bionar\u0103<\/a><\/div>\n<\/article>\n<article class=\"post-21977 post type-post status-publish entry includes-feat-image\">\n<div class=\"featured-image alignleft\"><a class=\"featured_post_link\" href=\"https:\/\/www.incorectpolitic.com\/impotriva-fatalismului\/\" title=\"\u00cempotriva Fatalismului\"><img loading=\"lazy\" decoding=\"async\" width=\"150\" height=\"150\" src=\"https:\/\/www.incorectpolitic.com\/wp-content\/uploads\/2019\/04\/thumb-150x150.jpg\" class=\"attachment-thumbnail size-thumbnail wp-post-image lazyload\" alt><img loading=\"lazy\" decoding=\"async\" width=\"150\" height=\"150\" src=\"https:\/\/www.incorectpolitic.com\/wp-content\/uploads\/2019\/04\/thumb-150x150.jpg\" class=\"attachment-thumbnail size-thumbnail wp-post-image\" alt data-eio=\"l\"><\/a><\/div>\n<div class=\"entry-title\"><a class=\"featured_post_link\" href=\"https:\/\/www.incorectpolitic.com\/impotriva-fatalismului\/\" title=\"\u00cempotriva Fatalismului\">\u00cempotriva Fatalismului<\/a><\/div>\n<\/article>\n<article class=\"post-20844 post type-post status-publish entry includes-feat-image\">\n<div class=\"featured-image alignleft\"><a class=\"featured_post_link\" href=\"https:\/\/www.incorectpolitic.com\/inceputul-etapei-post-globaliste-mass-media-ultimul-obstacol\/\" title=\"\u00cenceputul Etapei Post-Globaliste \u2013  Mass Media Ultimul Obstacol\"><img loading=\"lazy\" decoding=\"async\" width=\"150\" height=\"150\" src=\"https:\/\/www.incorectpolitic.com\/wp-content\/uploads\/2019\/03\/https___cdn.cnn_.com_cnnnext_dam_assets_181202123002-yellow-vest-protest-150x150.jpg\" class=\"attachment-thumbnail size-thumbnail wp-post-image lazyload\" alt><img loading=\"lazy\" decoding=\"async\" width=\"150\" height=\"150\" src=\"https:\/\/www.incorectpolitic.com\/wp-content\/uploads\/2019\/03\/https___cdn.cnn_.com_cnnnext_dam_assets_181202123002-yellow-vest-protest-150x150.jpg\" class=\"attachment-thumbnail size-thumbnail wp-post-image\" alt data-eio=\"l\"><\/a><\/div>\n<div class=\"entry-title\"><a class=\"featured_post_link\" href=\"https:\/\/www.incorectpolitic.com\/inceputul-etapei-post-globaliste-mass-media-ultimul-obstacol\/\" title=\"\u00cenceputul Etapei Post-Globaliste \u2013  Mass Media Ultimul Obstacol\">\u00cenceputul Etapei Post-Globaliste \u2013  Mass Media Ultimul Obstacol<\/a><\/div>\n<\/article>\n<article class=\"post-19704 post type-post status-publish entry includes-feat-image\">\n<div class=\"featured-image alignleft\"><a class=\"featured_post_link\" href=\"https:\/\/www.incorectpolitic.com\/mlastina-mass-media-serial-complet\/\" title=\"Mla\u0219tina Mass Media  \u2013 Serial Complet\"><img loading=\"lazy\" decoding=\"async\" width=\"150\" height=\"150\" src=\"https:\/\/www.incorectpolitic.com\/wp-content\/uploads\/2018\/06\/colaj-modificat-1-768x278-150x150.jpg\" class=\"attachment-thumbnail size-thumbnail wp-post-image lazyload\" alt><img loading=\"lazy\" decoding=\"async\" width=\"150\" height=\"150\" src=\"https:\/\/www.incorectpolitic.com\/wp-content\/uploads\/2018\/06\/colaj-modificat-1-768x278-150x150.jpg\" class=\"attachment-thumbnail size-thumbnail wp-post-image\" alt data-eio=\"l\"><\/a><\/div>\n<div class=\"entry-title\"><a class=\"featured_post_link\" href=\"https:\/\/www.incorectpolitic.com\/mlastina-mass-media-serial-complet\/\" title=\"Mla\u0219tina Mass Media  \u2013 Serial Complet\">Mla\u0219tina Mass Media  \u2013 Serial Complet<\/a><\/div>\n<\/article>\n<article class=\"post-5104 post type-post status-publish entry includes-feat-image\">\n<div class=\"featured-image alignleft\"><a class=\"featured_post_link\" href=\"https:\/\/www.incorectpolitic.com\/momentul-1937\/\" title=\"Momentul 1937\"><img loading=\"lazy\" decoding=\"async\" width=\"150\" height=\"150\" src=\"https:\/\/www.incorectpolitic.com\/wp-content\/uploads\/2018\/03\/capitanul-codreanu2003a-150x150.jpg\" class=\"attachment-thumbnail size-thumbnail wp-post-image lazyload\" alt><img loading=\"lazy\" decoding=\"async\" width=\"150\" height=\"150\" src=\"https:\/\/www.incorectpolitic.com\/wp-content\/uploads\/2018\/03\/capitanul-codreanu2003a-150x150.jpg\" class=\"attachment-thumbnail size-thumbnail wp-post-image\" alt data-eio=\"l\"><\/a><\/div>\n<div class=\"entry-title\"><a class=\"featured_post_link\" href=\"https:\/\/www.incorectpolitic.com\/momentul-1937\/\" title=\"Momentul 1937\">Momentul 1937<\/a><\/div>\n<\/article>\n<article class=\"post-16914 post type-post status-publish entry includes-feat-image\">\n<div class=\"featured-image alignleft\"><a class=\"featured_post_link\" href=\"https:\/\/www.incorectpolitic.com\/portretul-romanului-iudeo-crestin\/\" title=\"Portretul Rom\u00e2nului Iudeo-Cre\u0219tin Iubitor de Infanticid\"><img loading=\"lazy\" decoding=\"async\" width=\"150\" height=\"150\" src=\"https:\/\/www.incorectpolitic.com\/wp-content\/uploads\/2019\/01\/venn-150x150.jpg\" class=\"attachment-thumbnail size-thumbnail wp-post-image lazyload\" alt><img loading=\"lazy\" decoding=\"async\" width=\"150\" height=\"150\" src=\"https:\/\/www.incorectpolitic.com\/wp-content\/uploads\/2019\/01\/venn-150x150.jpg\" class=\"attachment-thumbnail size-thumbnail wp-post-image\" alt data-eio=\"l\"><\/a><\/div>\n<div class=\"entry-title\"><a class=\"featured_post_link\" href=\"https:\/\/www.incorectpolitic.com\/portretul-romanului-iudeo-crestin\/\" title=\"Portretul Rom\u00e2nului Iudeo-Cre\u0219tin Iubitor de Infanticid\">Portretul Rom\u00e2nului Iudeo-Cre\u0219tin Iubitor de Infanticid<\/a><\/div>\n<\/article>\n<article class=\"post-13899 post type-post status-publish entry includes-feat-image\">\n<div class=\"featured-image alignleft\"><a class=\"featured_post_link\" href=\"https:\/\/www.incorectpolitic.com\/manifest-impotriva-national-sionismului\/\" title=\"Manifest \u00cempotriva Na\u021bional-Sionismului din Rom\u00e2nia\"><img loading=\"lazy\" decoding=\"async\" width=\"150\" height=\"150\" src=\"https:\/\/www.incorectpolitic.com\/wp-content\/uploads\/2018\/10\/z1-150x150.png\" class=\"attachment-thumbnail size-thumbnail wp-post-image lazyload\" alt><img loading=\"lazy\" decoding=\"async\" width=\"150\" height=\"150\" src=\"https:\/\/www.incorectpolitic.com\/wp-content\/uploads\/2018\/10\/z1-150x150.png\" class=\"attachment-thumbnail size-thumbnail wp-post-image\" alt data-eio=\"l\"><\/a><\/div>\n<div class=\"entry-title\"><a class=\"featured_post_link\" href=\"https:\/\/www.incorectpolitic.com\/manifest-impotriva-national-sionismului\/\" title=\"Manifest \u00cempotriva Na\u021bional-Sionismului din Rom\u00e2nia\">Manifest \u00cempotriva Na\u021bional-Sionismului din Rom\u00e2nia<\/a><\/div>\n<\/article>\n<article class=\"post-7498 post type-post status-publish entry includes-feat-image\">\n<div class=\"featured-image alignleft\"><a class=\"featured_post_link\" href=\"https:\/\/www.incorectpolitic.com\/istorie-zydokomuna-cea-mai-completa-lista-a-nomenclaturii-iudeo-bolsevice-din-romania\/\" title=\"Istorie: \u017bYDOKOMUNA, Cea Mai Complet\u0103 List\u0103 a Nomenclaturii Iudeo-Bol\u0219evice din Rom\u00e2nia\"><img loading=\"lazy\" decoding=\"async\" width=\"150\" height=\"150\" src=\"https:\/\/www.incorectpolitic.com\/wp-content\/uploads\/2018\/06\/holocaustul-rosu-150x150.jpg\" class=\"attachment-thumbnail size-thumbnail wp-post-image lazyload\" alt><img loading=\"lazy\" decoding=\"async\" width=\"150\" height=\"150\" src=\"https:\/\/www.incorectpolitic.com\/wp-content\/uploads\/2018\/06\/holocaustul-rosu-150x150.jpg\" class=\"attachment-thumbnail size-thumbnail wp-post-image\" alt data-eio=\"l\"><\/a><\/div>\n<div class=\"entry-title\"><a class=\"featured_post_link\" href=\"https:\/\/www.incorectpolitic.com\/istorie-zydokomuna-cea-mai-completa-lista-a-nomenclaturii-iudeo-bolsevice-din-romania\/\" title=\"Istorie: \u017bYDOKOMUNA, Cea Mai Complet\u0103 List\u0103 a Nomenclaturii Iudeo-Bol\u0219evice din Rom\u00e2nia\">Istorie: \u017bYDOKOMUNA, Cea Mai Complet\u0103 List\u0103 a Nomenclaturii Iudeo-Bol\u0219evice din Rom\u00e2nia<\/a><\/div>\n<\/article>\n<article class=\"post-6413 post type-post status-publish entry includes-feat-image\">\n<div class=\"featured-image alignleft\"><a class=\"featured_post_link\" href=\"https:\/\/www.incorectpolitic.com\/iudaismul-este-un-proiect-politic\/\" title=\"Iudaismul Este Un Proiect Politic\"><img loading=\"lazy\" decoding=\"async\" width=\"150\" height=\"150\" src=\"https:\/\/www.incorectpolitic.com\/wp-content\/uploads\/2018\/05\/israelzionismjudaism5-150x150.jpeg\" class=\"attachment-thumbnail size-thumbnail wp-post-image lazyload\" alt><img loading=\"lazy\" decoding=\"async\" width=\"150\" height=\"150\" src=\"https:\/\/www.incorectpolitic.com\/wp-content\/uploads\/2018\/05\/israelzionismjudaism5-150x150.jpeg\" class=\"attachment-thumbnail size-thumbnail wp-post-image\" alt data-eio=\"l\"><\/a><\/div>\n<div class=\"entry-title\"><a class=\"featured_post_link\" href=\"https:\/\/www.incorectpolitic.com\/iudaismul-este-un-proiect-politic\/\" title=\"Iudaismul Este Un Proiect Politic\">Iudaismul Este Un Proiect Politic<\/a><\/div>\n<\/article>\n<article class=\"post-5089 post type-post status-publish entry includes-feat-image\">\n<div class=\"featured-image alignleft\"><a class=\"featured_post_link\" href=\"https:\/\/www.incorectpolitic.com\/exploziv-si-excluziv-interviul-interzis-in-presa-romaneasca\/\" title=\"EXPLOZIV \u0218I EXCLUSIV: Interviul INTERZIS \u00een Presa Rom\u00e2neasc\u0103\"><img loading=\"lazy\" decoding=\"async\" width=\"150\" height=\"150\" src=\"https:\/\/www.incorectpolitic.com\/wp-content\/uploads\/2018\/03\/gscz6z-150x150.gif\" class=\"attachment-thumbnail size-thumbnail wp-post-image lazyload\" alt><img loading=\"lazy\" decoding=\"async\" width=\"150\" height=\"150\" src=\"https:\/\/www.incorectpolitic.com\/wp-content\/uploads\/2018\/03\/gscz6z-150x150.gif\" class=\"attachment-thumbnail size-thumbnail wp-post-image\" alt data-eio=\"l\"><\/a><\/div>\n<div class=\"entry-title\"><a class=\"featured_post_link\" href=\"https:\/\/www.incorectpolitic.com\/exploziv-si-excluziv-interviul-interzis-in-presa-romaneasca\/\" title=\"EXPLOZIV \u0218I EXCLUSIV: Interviul INTERZIS \u00een Presa Rom\u00e2neasc\u0103\">EXPLOZIV \u0218I EXCLUSIV: Interviul INTERZIS \u00een Presa Rom\u00e2neasc\u0103<\/a><\/div>\n<\/article>\n<article class=\"post-1109 post type-post status-publish entry includes-feat-image\">\n<div class=\"featured-image alignleft\"><a class=\"featured_post_link\" href=\"https:\/\/www.incorectpolitic.com\/ofensiva-spirituala-poloniei\/\" title=\"Ofensiva Spiritual\u0103 a Poloniei\"><img loading=\"lazy\" decoding=\"async\" width=\"150\" height=\"150\" src=\"https:\/\/www.incorectpolitic.com\/wp-content\/uploads\/2017\/10\/jesus-with-whip3-150x150.jpg\" class=\"attachment-thumbnail size-thumbnail wp-post-image lazyload\" alt><img loading=\"lazy\" decoding=\"async\" width=\"150\" height=\"150\" src=\"https:\/\/www.incorectpolitic.com\/wp-content\/uploads\/2017\/10\/jesus-with-whip3-150x150.jpg\" class=\"attachment-thumbnail size-thumbnail wp-post-image\" alt data-eio=\"l\"><\/a><\/div>\n<div class=\"entry-title\"><a class=\"featured_post_link\" href=\"https:\/\/www.incorectpolitic.com\/ofensiva-spirituala-poloniei\/\" title=\"Ofensiva Spiritual\u0103 a Poloniei\">Ofensiva Spiritual\u0103 a Poloniei<\/a><\/div>\n<\/article>\n<article class=\"post-5673 post type-post status-publish entry includes-feat-image\">\n<div class=\"featured-image alignleft\"><a class=\"featured_post_link\" href=\"https:\/\/www.incorectpolitic.com\/biciul-prigonirii-romanilor-este-in-mana-jidanilor\/\" title=\"Biciul Prigonirii Rom\u00e2nilor Este \u00een M\u00e2na Jidanilor!\"><img loading=\"lazy\" decoding=\"async\" width=\"150\" height=\"150\" src=\"https:\/\/www.incorectpolitic.com\/wp-content\/uploads\/2018\/04\/S.-Vexler-si-B.-Netanyahu-150x150.jpg\" class=\"attachment-thumbnail size-thumbnail wp-post-image lazyload\" alt><img loading=\"lazy\" decoding=\"async\" width=\"150\" height=\"150\" src=\"https:\/\/www.incorectpolitic.com\/wp-content\/uploads\/2018\/04\/S.-Vexler-si-B.-Netanyahu-150x150.jpg\" class=\"attachment-thumbnail size-thumbnail wp-post-image\" alt data-eio=\"l\"><\/a><\/div>\n<div class=\"entry-title\"><a class=\"featured_post_link\" href=\"https:\/\/www.incorectpolitic.com\/biciul-prigonirii-romanilor-este-in-mana-jidanilor\/\" title=\"Biciul Prigonirii Rom\u00e2nilor Este \u00een M\u00e2na Jidanilor!\">Biciul Prigonirii Rom\u00e2nilor Este \u00een M\u00e2na Jidanilor!<\/a><\/div>\n<\/article>\n<article class=\"post-80464 post type-post status-publish entry includes-feat-image\">\n<div class=\"featured-image alignleft\"><a class=\"featured_post_link\" href=\"https:\/\/www.incorectpolitic.com\/talmudismul-este-esenta-satanismului\/\" title=\"TALMUDISMUL ESTE ESEN\u021aA SATANISMULUI\"><img loading=\"lazy\" decoding=\"async\" width=\"150\" height=\"150\" src=\"https:\/\/www.incorectpolitic.com\/wp-content\/uploads\/2020\/02\/vasile-zarnescu-150x150.png\" class=\"attachment-thumbnail size-thumbnail wp-post-image lazyload\" alt><img loading=\"lazy\" decoding=\"async\" width=\"150\" height=\"150\" src=\"https:\/\/www.incorectpolitic.com\/wp-content\/uploads\/2020\/02\/vasile-zarnescu-150x150.png\" class=\"attachment-thumbnail size-thumbnail wp-post-image\" alt data-eio=\"l\"><\/a><\/div>\n<div class=\"entry-title\"><a class=\"featured_post_link\" href=\"https:\/\/www.incorectpolitic.com\/talmudismul-este-esenta-satanismului\/\" title=\"TALMUDISMUL ESTE ESEN\u021aA SATANISMULUI\">TALMUDISMUL ESTE ESEN\u021aA SATANISMULUI<\/a><\/div>\n<\/article>\n<article class=\"post-20005 post type-post status-publish entry includes-feat-image\">\n<div class=\"featured-image alignleft\"><a class=\"featured_post_link\" href=\"https:\/\/www.incorectpolitic.com\/viciul-matematic-elementar-v-m-e-2\/\" title=\"Viciul Matematic Elementar (V.M.E.)\"><img loading=\"lazy\" decoding=\"async\" width=\"150\" height=\"150\" src=\"https:\/\/www.incorectpolitic.com\/wp-content\/uploads\/2017\/12\/tell-lie-vision-150x150.jpg\" class=\"attachment-thumbnail size-thumbnail wp-post-image lazyload\" alt><img loading=\"lazy\" decoding=\"async\" width=\"150\" height=\"150\" src=\"https:\/\/www.incorectpolitic.com\/wp-content\/uploads\/2017\/12\/tell-lie-vision-150x150.jpg\" class=\"attachment-thumbnail size-thumbnail wp-post-image\" alt data-eio=\"l\"><\/a><\/div>\n<div class=\"entry-title\"><a class=\"featured_post_link\" href=\"https:\/\/www.incorectpolitic.com\/viciul-matematic-elementar-v-m-e-2\/\" title=\"Viciul Matematic Elementar (V.M.E.)\">Viciul Matematic Elementar (V.M.E.)<\/a><\/div>\n<\/article>\n<p>[analyse_source url=&#8221;https:\/\/www.incorectpolitic.com\/de-a-v-ati-ars-ruselea\/&#8221;]<\/p>\n","protected":false},"excerpt":{"rendered":"<p>[analyse_image type=&#8221;featured&#8221; src=&#8221;https:\/\/www.incorectpolitic.com\/wp-content\/uploads\/2026\/08\/coif.png&#8221;] Costache NechitaIncorect Politic August 18, 2026+ De-a v-a\u021bi Ars Ruselea Sursa articolului citat: https:\/\/www.libertatea.ro\/stiri\/rusia-in-spatele-furtului-din-olanda-coifului-dacic-si-bratarilor-dacice-5171528 Am citit un articol din Libertatea despre faptul c\u0103 Rusia ar fi \u00een spatele furtului din Olanda. Singurul lucru care mi se pare curios citind acest articol nu este c\u0103 Rusia ar fi in spatele acestui jaf, ci [&hellip;]<\/p>\n","protected":false},"author":1,"featured_media":0,"comment_status":"open","ping_status":"","sticky":false,"template":"","format":"standard","meta":{"footnotes":""},"categories":[89],"tags":[226,95],"class_list":["post-2099113","post","type-post","status-publish","format-standard","hentry","category-romania","tag-crawlmanager","tag-incorectpolitic-com"],"_links":{"self":[{"href":"https:\/\/analyse.optim.biz\/index.php?rest_route=\/wp\/v2\/posts\/2099113","targetHints":{"allow":["GET"]}}],"collection":[{"href":"https:\/\/analyse.optim.biz\/index.php?rest_route=\/wp\/v2\/posts"}],"about":[{"href":"https:\/\/analyse.optim.biz\/index.php?rest_route=\/wp\/v2\/types\/post"}],"author":[{"embeddable":true,"href":"https:\/\/analyse.optim.biz\/index.php?rest_route=\/wp\/v2\/users\/1"}],"replies":[{"embeddable":true,"href":"https:\/\/analyse.optim.biz\/index.php?rest_route=%2Fwp%2Fv2%2Fcomments&post=2099113"}],"version-history":[{"count":0,"href":"https:\/\/analyse.optim.biz\/index.php?rest_route=\/wp\/v2\/posts\/2099113\/revisions"}],"wp:attachment":[{"href":"https:\/\/analyse.optim.biz\/index.php?rest_route=%2Fwp%2Fv2%2Fmedia&parent=2099113"}],"wp:term":[{"taxonomy":"category","embeddable":true,"href":"https:\/\/analyse.optim.biz\/index.php?rest_route=%2Fwp%2Fv2%2Fcategories&post=2099113"},{"taxonomy":"post_tag","embeddable":true,"href":"https:\/\/analyse.optim.biz\/index.php?rest_route=%2Fwp%2Fv2%2Ftags&post=2099113"}],"curies":[{"name":"wp","href":"https:\/\/api.w.org\/{rel}","templated":true}]}}