{"id":2099110,"date":"2026-08-17T13:26:36","date_gmt":"2026-08-17T10:26:36","guid":{"rendered":"https:\/\/analyse.optim.biz\/?p=2099110"},"modified":"2026-08-17T13:26:36","modified_gmt":"2026-08-17T10:26:36","slug":"in-apararea-tovarasului-craciunoiu-jos-delictul-de-opinie","status":"publish","type":"post","link":"https:\/\/analyse.optim.biz\/?p=2099110","title":{"rendered":"\u00cen Ap\u0103rarea Tovar\u0103\u0219ului Cr\u0103ciunoiu \u2013 Jos delictul de opinie!"},"content":{"rendered":"<p>[analyse_image type=&#8221;featured&#8221; src=&#8221;https:\/\/www.incorectpolitic.com\/wp-content\/uploads\/2026\/08\/articol-craciunoiu.png&#8221;]<\/p>\n<div class=\"entry\">\n<p>Sterie Ciumetti<br \/><strong>Incorect Politic<\/strong><br \/>\nAugust 17, 2026<\/p>\n<p><a href=\"https:\/\/www.incorectpolitic.com\/in-apararea-tovarasului-craciunoiu-jos-delictul-de-opinie\/articol-craciunoiu\/\" rel=\"attachment wp-att-82278\"><img loading=\"lazy\" decoding=\"async\" class=\"aligncenter wp-image-82278\" src=\"https:\/\/www.incorectpolitic.com\/wp-content\/uploads\/2026\/08\/articol-craciunoiu.png\" alt width=\"799\" height=\"640\"><\/a><\/p>\n<h2><strong>\u00cen Ap\u0103rarea Tovar\u0103\u0219ului Cr\u0103ciunoiu \u2013 Jos delictul de opinie!<\/strong><\/h2>\n<p>Nu cred c\u0103 te-ai a\u0219teptat la asta, Incorect Politic lu\u00e2ndu-i ap\u0103rarea tovar\u0103\u0219ului Cr\u0103ciunoiu. Dar uite c\u0103 ai tr\u0103it-o \u0219i pe asta. Poate crezi c\u0103 este unul dintre cele mai ciudate articole pe care le-am scris, dar \u00een realitate motivul e logic \u0219i sunt convins c\u0103 vei \u00een\u021belege.<\/p>\n<p>\u00cencep prin a preciza c\u0103 nu sunt de acord cu pozi\u021biile marxist-leniniste ale tov. Cr\u0103ciunoiu, nici cu faptul c\u0103 este tributarul holocoastelor (dar are timp s\u0103 \u00eenve\u021be, e t\u00e2n\u0103r, apuc\u0103 s\u0103 dea o gean\u0103 peste <a href=\"https:\/\/www.incorectpolitic.com\/wp-content\/uploads\/2018\/09\/ARTHUR-ROBERT.pdf\">cartea lui Arthur Butz<\/a>), nici cu faptul c\u0103 este anti-legionar. Acestea fiind spuse, lin\u0219ajul mediatic la care \u00eel supune presa burghez\u0103 pentru opozi\u021bia lui fa\u021b\u0103 de regimul iudeo-sionisto-imperialist din Israel, genocidul din Gaza \u0219i criticile la adresa legii Vexler \u00eel fac s\u0103 fie relevant \u0219i m\u0103 determin\u0103 pe mine s\u0103 iau atitudine.<\/p>\n<p>\u00cen fapt, chiar dac\u0103 este de cealalt\u0103 parte a baricadei, tov. Cr\u0103ciunoiu este luat \u00een vizor pentru acela\u0219i lucru pentru care mul\u021bi na\u021bionali\u0219ti sunt viza\u021bi: DELICTUL DE OPINIE, impus prin legisla\u021bia Vexler \u0219i OUG 31\/2002. Cine \u0219tie, poate c\u0103 aceste legi teroriste vor fi pilonii pe care se va construi puntea dintre \u201cextrema dreapt\u0103\u201d \u0219i \u201cextrema st\u00e2ng\u0103\u201d, ca \u00eempreun\u0103 s\u0103 zdrobim cenzura \u0219i s\u0103 ne rec\u00e2\u0219tig\u0103m libertatea de exprimare.<\/p>\n<p><a href=\"https:\/\/www.incorectpolitic.com\/in-apararea-tovarasului-craciunoiu-jos-delictul-de-opinie\/craciunoiu1\/\" rel=\"attachment wp-att-82275\"><img loading=\"lazy\" decoding=\"async\" class=\"size-large wp-image-82275 aligncenter lazyload\" src=\"https:\/\/www.incorectpolitic.com\/wp-content\/uploads\/2026\/08\/craciunoiu1.jpg\" alt width=\"336\" height=\"420\"><\/a><\/p>\n<p><img loading=\"lazy\" decoding=\"async\" class=\"size-large wp-image-82275 aligncenter\" src=\"https:\/\/www.incorectpolitic.com\/wp-content\/uploads\/2026\/08\/craciunoiu1.jpg\" alt width=\"336\" height=\"420\" data-eio=\"l\"><em>C\u00e2nd un socialist are coaie mai mari ca mul\u021bi \u2018conservatori\u2019<\/em><\/p>\n<p>\u00a0<\/p>\n<p>Gloata care s-a adunat pentru a-l v\u00e2na pe Cr\u0103ciunoiu \u0219i denigrarea public\u0103 la care el \u0219i familia sa sunt supu\u0219i au o singur\u0103 cauz\u0103: faptul c\u0103 tovar\u0103\u0219ul Cr\u0103ciunoiu a fluierat \u00een sinagog\u0103 sau a fost prea incorect politic pentru ultra-st\u00e2ngi\u0219tii cu care a colaborat de-a lungul timpului.<\/p>\n<p>Lin\u0219ajul mediatic ajunge la apogeu prin articolul publicat pe <a href=\"https:\/\/ziaristii.com\/avocatul-adrian-craciunoiu-fiul-unei-judecatoare-de-la-iccj-propagandist-marxist-leninist-in-coliziune-cu-institutul-elie-wiesel\/\">Ziari\u0219tii<\/a>. Hit piece-ul \u00eencepe cu invocarea raportului publicat de institutul terorist Elie Wiesel, de parc\u0103 ar fi Sf\u00e2nta Scriptur\u0103, apoi pivoteaz\u0103 spre Adrian Cr\u0103ciunoiu dezv\u0103luind informa\u021bii despre familia sa.<\/p>\n<p>\u00a0<\/p>\n<blockquote>\n<h2><strong>Cine este militantul marxist-leninist Adrian Cr\u0103ciunoiu<\/strong><\/h2>\n<p>\u00cen aceast\u0103 lume marginal\u0103 \u0219i pu\u021bin cunoscut\u0103 \u00een agora rom\u00e2neasc\u0103, populat\u0103 de un amestec de personaje bizare (nostalgici ceau\u0219i\u0219ti, stalini\u0219ti, tro\u021bki\u0219ti, copii \u0219i nepo\u021bi de fo\u0219ti nomenclaturi\u0219ti PCR, marxi\u0219ti autodidac\u021bi, militan\u021bi LGBT, sindicali\u0219ti anonimi, studen\u021bi naivi care nu au cunoscut dictatura comunist\u0103, dar \u0219i oameni cu studii universitare temeinice etc.), se remarc\u0103 <strong>avocatul Adrian \u0218erban Cr\u0103ciunoiu. <\/strong>Acesta promoveaz\u0103 <strong>un discurs marxist asumat, radical <\/strong>\u0219i nu de pu\u021bine ori \u00eendreptat \u00eempotriva statului Israel, \u00een sus\u021binerea cauzei palestiniene.<\/p>\n<p>Avocatul Adrian Cr\u0103ciunoiu se face remarcat prin dou\u0103 \u201dcalit\u0103\u021bi\u201d. Pe de o parte, el este <strong>un activ militant marxist-leninist;<\/strong> pe de alt\u0103 parte, este<strong> fiul judec\u0103toarei Simona-Cristina Cr\u0103ciunoiu, promovat\u0103 la Sec\u021bia Penal\u0103 a \u00cenaltei Cur\u021bi de Casa\u021bie \u0219i Justi\u021bie.<\/strong><\/p>\n<\/blockquote>\n<p><a href=\"https:\/\/www.incorectpolitic.com\/in-apararea-tovarasului-craciunoiu-jos-delictul-de-opinie\/craciunoiu3\/\" rel=\"attachment wp-att-82273\"><img loading=\"lazy\" decoding=\"async\" class=\"size-large wp-image-82273 aligncenter lazyload\" src=\"https:\/\/www.incorectpolitic.com\/wp-content\/uploads\/2026\/08\/craciunoiu3.jpg\" alt width=\"618\" height=\"479\"><\/a><\/p>\n<p><img loading=\"lazy\" decoding=\"async\" class=\"size-large wp-image-82273 aligncenter\" src=\"https:\/\/www.incorectpolitic.com\/wp-content\/uploads\/2026\/08\/craciunoiu3.jpg\" alt width=\"618\" height=\"479\" data-eio=\"l\"><em>Bazat?<\/em><\/p>\n<p>Pot s\u0103 respect un radical care promoveaz\u0103 un discurs asumat, indiferent de ideologie sau de culoarea politic\u0103, pur \u0219i simplu \u00eemi place s\u0103 v\u0103d c\u0103 mai exist\u0103 oameni care nu sunt c\u0103ldicei sau modera\u021bi, ci \u00ee\u0219i afirm\u0103 cu zel crezul lor. Cu at\u00e2t mai mult respect un discurs \u00eendreptat \u00eempotriva statului Israel.<\/p>\n<p>Apoi articolul se leag\u0103 de faptul c\u0103 tovar\u0103\u0219ul a criticat legisla\u021bia delictului de opinie din Rom\u00e2nia:<\/p>\n<blockquote>\n<p>Fiul judec\u0103toarei Simona-Cristina Cr\u0103ciunoiu de la Sec\u021bia Penal\u0103 a \u00cenaltei Cur\u021bi de Casa\u021bie \u0219i Justi\u021bie, avocatul marxist Adrian Cr\u0103ciunoiu, \u00ee\u0219i manifest\u0103 opiniile \u00een leg\u0103tur\u0103 cu antisemitismul \u00een<strong> dou\u0103 zone de interes:<\/strong><strong>legisla\u021bia antisemit\u0103 din Rom\u00e2nia (prin implicarea \u00een contestarea vehement\u0103 a \u201dLegii Vexler\u201d) \u0219i propaganda antisionist\u0103 \u0219i pro-Palestina.<\/strong><\/p>\n<p>\u00cen Raportul de monitorizare a fenomenului antisemit pentru perioada 2025-2026, intitulat <em><strong>\u201dBulg\u0103rele antisemitismului nu s-a oprit din rostogolire\u2026\u201d,<\/strong><\/em> emis de Institutul \u201dElie Wiesel\u201d, la pagina 99 este men\u021bionat <strong>Partidul Socialist Rom\u00e2n, <\/strong>\u00een contextul analizei<strong> pozi\u021bion\u0103rilor antisemite conspira\u021bioniste identificate \u00een r\u00e2ndul politicienilor \u0219i partidelor politice din Rom\u00e2nia.<\/strong><\/p>\n<p>Raportul men\u021bioneaz\u0103: <em>\u201d\u00centr-un articol critic la adresa \u00abLegii Vexler\u00bb, cum este denumit\u0103 \u00een textul de pe websiteul partidului PSR, sunt reproduse o serie de afirma\u021bii antisemite conspira\u021bioniste \u0219i implicit nega\u021bioniste, care fac trimitere, ca referin\u021be presupus legitime, la persoane condamnate pentru negarea Holocaustului, afirma\u021bii care dep\u0103\u0219esc astfel cadrul criticii democratice legitime. Articolul este semnat de Ioan Nicolae Lupu \u0219i Gheorghi\u021b\u0103 Zb\u0103ganu\u201d.<\/em><\/p>\n<\/blockquote>\n<p>B\u0103iatul este \u00eenfierat cu m\u00e2nie sorosisto-globalist\u0103 pentru c\u0103 sus\u021bine c\u0103 legea Vexler e un atac la adresa libert\u0103\u021bii de opinie:<\/p>\n<blockquote>\n<p><strong>Marxistul Cr\u0103ciunoiu \u00ee\u0219i exprim\u0103 \u00een termeni vehemen\u021bi solidaritatea fa\u021b\u0103 de \u201dtovar\u0103\u0219ii\u201d s\u0103i de partid<\/strong>, \u00eentr-o postare pe contul de Facebook.<\/p>\n<p><a href=\"https:\/\/www.incorectpolitic.com\/in-apararea-tovarasului-craciunoiu-jos-delictul-de-opinie\/craciunoiu4\/\" rel=\"attachment wp-att-82272\"><img loading=\"lazy\" decoding=\"async\" class=\"size-large wp-image-82272 aligncenter lazyload\" src=\"https:\/\/www.incorectpolitic.com\/wp-content\/uploads\/2026\/08\/craciunoiu4.jpg\" alt width=\"618\" height=\"453\"><\/a><\/p>\n<p><img loading=\"lazy\" decoding=\"async\" class=\"size-large wp-image-82272 aligncenter\" src=\"https:\/\/www.incorectpolitic.com\/wp-content\/uploads\/2026\/08\/craciunoiu4.jpg\" alt width=\"618\" height=\"453\" data-eio=\"l\"><\/p>\n<p><em>\u201d\u00cen calitate de membru al Partidului Socialist Rom\u00e2n declar aici deschis \u0219i f\u0103r\u0103 nicio rezerv\u0103 faptul c\u0103 subscriu \u00een totalitate la articolul intitulat \u00abLegea Vexler \u2013 un atac la adresa libert\u0103\u021bii de opinie\u00bb publicat \u00een ziarul \u00abSocialistul\u00bb la data de 03.07.2025 de c\u0103tre colegii mei de partid Gheorghita Zbaganu \u0219i Lupu Ioan Nicolae, mai ales dup\u0103 ce faptele au dovedit validitatea celor expuse \u00een acel articol de c\u0103tre colegii mei, mai precis faptul c\u0103 legea Vexler nu urm\u0103re\u0219te nicidecum s\u0103 combat\u0103 antisemitismul, ci s\u0103 preg\u0103teasc\u0103 acel cadru legal pentru ca autorit\u0103\u021bile s\u0103 porneasc\u0103 o represiune c\u00e2t se poate de brutal\u0103 \u00eempotriva mi\u0219c\u0103rilor de solidaritate cu Palestina, echival\u00e2nd anti-sionismul cu antisemitismul a\u0219a cum s-a mai f\u0103cut \u0219i \u00een alte \u021b\u0103ri din Vestul Europei. <\/em><\/p>\n<p><em>Prin urmare, <strong>legea Vexler nu e nicidecum o lege anti-rasist\u0103, anti-\u0219ovinist\u0103, ci e o lege care ap\u0103r\u0103 tocmai agenda celui mai rasist, genocidar \u0219i terorist stat din secolul XXI, care este Israelul,<\/strong> \u0219i care vrea s\u0103 ne reprime pe cei care lu\u0103m atitudine \u00eempotriva genocidului din F\u00e2\u0219ia Gaza la fel precum au luat \u00eenainta\u0219ii no\u0219tri din Partidul Comunist din Rom\u00e2nia pozi\u021bie \u00eempotriva Holocaustului. (Cinste lor!). Legea Vexler practic preg\u0103te\u0219te cadrul pentru a face cu mi\u0219c\u0103rile anti-sioniste ce f\u0103ceau legionarii \u0219i Antonescu cu cei care se opuneau domina\u021biei hitleriste. Concluzie: jos cu legea Vexler! Jos sionismul! Tr\u0103iasc\u0103 Palestina Liber\u0103! NU genocidului!\u201d<\/em><\/p>\n<\/blockquote>\n<p>Criticile f\u0103cute la adresa lui Vexler au st\u00e2rnit un cuib de viespi, dar Cr\u0103ciunoiu nu s-a l\u0103sat intimidat. Tovara\u0219ul a alimentat spa\u021biul public cu \u00eenc\u0103 o lovitur\u0103 la adresa legii Vexler, cer\u00e2nd abrogarea ei \u0219i concluzion\u00e2nd postarea cu \u201cFree Palestine\u201d.<\/p>\n<p><a href=\"https:\/\/www.incorectpolitic.com\/in-apararea-tovarasului-craciunoiu-jos-delictul-de-opinie\/craciunoiu5\/\" rel=\"attachment wp-att-82271\"><img loading=\"lazy\" decoding=\"async\" class=\"size-large wp-image-82271 aligncenter lazyload\" src=\"https:\/\/www.incorectpolitic.com\/wp-content\/uploads\/2026\/08\/craciunoiu5.jpg\" alt width=\"618\" height=\"388\"><\/a><\/p>\n<p><img loading=\"lazy\" decoding=\"async\" class=\"size-large wp-image-82271 aligncenter\" src=\"https:\/\/www.incorectpolitic.com\/wp-content\/uploads\/2026\/08\/craciunoiu5.jpg\" alt width=\"618\" height=\"388\" data-eio=\"l\"><\/p>\n<p>Adrian Cr\u0103ciunoiu regret\u0103, pe bun\u0103 dreptate, c\u0103 nu a ap\u0103rut \u00een raportul Elie Wiesel \u0219i nu a participat la <a href=\"https:\/\/www.incorectpolitic.com\/titanii-romanismului-topul-organizatiilor-personalitatiilor-si-publicatiilor-romanesti-decernarea-premiilor-inshr-ew-2025-2026\/\">decernarea premiilor INSHR-EW<\/a>. \u00cen ritmul \u0103sta sigur ajungi la anu\u2019, Cr\u0103ciunoiule!<\/p>\n<blockquote>\n<p><strong>Marxistul Cr\u0103ciunoiu manifest\u0103 o mare sup\u0103rare pe Institutul \u201dElie Wiesel\u201d pentru c\u0103 \u00een cel mai recent raport a fost demascat discursul antisemit mascat de a\u0219a-zisa lupt\u0103 pentru ap\u0103rarea drepturilor palestinienilor.<\/strong> Cr\u0103ciunoiu consider\u0103 c\u0103 <em>\u201d<\/em><em>Institutul Na\u021bional pentru Studierea Holocaustului din Rom\u00e2nia \u00abElie Wiesel\u00bb a devenit \u00een prezent Institutul pentru sprijinirea \u0219i promovarea sionismului \u0219i a genocidului din F\u00e2\u0219ia Gaza\u201d. <\/em>Din aceste motive, Cr\u0103ciunoiu solicit\u0103 public ca Institutul \u201dElie Wiesel\u201d s\u0103 nu uite s\u0103-l treac\u0103 \u0219i pe el \u00een raport pentru c\u0103 militeaz\u0103 deschis pentru abrogarea \u201dLegii Vexler\u201d \u0219i pentru desfiin\u021barea institutului <em>\u201dsionist pro-genocidar\u201d<\/em>.<\/p>\n<\/blockquote>\n<p><a href=\"https:\/\/www.incorectpolitic.com\/in-apararea-tovarasului-craciunoiu-jos-delictul-de-opinie\/craciunoiu6\/\" rel=\"attachment wp-att-82270\"><img loading=\"lazy\" decoding=\"async\" class=\"size-full wp-image-82270 aligncenter lazyload\" src=\"https:\/\/www.incorectpolitic.com\/wp-content\/uploads\/2026\/08\/craciunoiu6.jpg\" alt width=\"696\" height=\"148\"><\/a><\/p>\n<p><img loading=\"lazy\" decoding=\"async\" class=\"size-full wp-image-82270 aligncenter\" src=\"https:\/\/www.incorectpolitic.com\/wp-content\/uploads\/2026\/08\/craciunoiu6.jpg\" alt width=\"696\" height=\"148\" data-eio=\"l\"><\/p>\n<p>\u00a0<\/p>\n<p>Pe final, jurnalistul lui pe\u0219te pr\u0103jit vrea ca tov. Cr\u0103ciunoiu s\u0103 fie tras la r\u0103spundere profesional pentru afirma\u021biile f\u0103cute. Ceva ce face gruparea terorist\u0103 antifa din vest prin h\u0103r\u021buirea na\u021bionali\u0219tilor la locul de munc\u0103, sunatul angajatorului, amenin\u021b\u0103ri etc. Exact acest modus operandi e folosit pentru a-l afecta profesional pe Cr\u0103ciunoiu.<\/p>\n<p><strong>Cel mai vomitiv lucru, cel mai st\u00e2rnitor de sc\u00e2rb\u0103, declan\u0219ator de dispre\u021b \u0219i acumulator de ur\u0103 este obr\u0103znicia presei care cere sanc\u021bionarea profesional\u0103 a unui cet\u0103\u021bean pentru simple idei pe care le vehiculeaz\u0103.<\/strong><\/p>\n<blockquote>\n<p>Evident, un avocat este liber s\u0103 aib\u0103 avea opinii politice, chiar radicale; acest fapt nu este, \u00een sine, interzis. Probleme apar \u00eens\u0103 atunci c\u00e2nd discursul devine inflamator (extremist), este exprimat public, constant \u0219i eventual intr\u0103 \u00een conflict cu obliga\u021biile \u0219i deontologia profesiei de avocat. \u00cen astfel de situa\u021bii, nu mai vorbim despre libertate de exprimare, ci despre o posibil\u0103 abatere de la statutul public al profesiei de avocat, despre afectarea \u00eencrederii publice \u00een aceast\u0103 profesie, despre generarea unei vulnerabilit\u0103\u021bi institu\u021bionale a profesiei respective.<\/p>\n<\/blockquote>\n<p>Ce vulnerabilitate viseaz\u0103 Ziari\u0219tii? Singura vulnerabilitate la adresa siguran\u021bei na\u021bionale \u0219i a ordinii juridice o reprezint\u0103 existen\u021ba legisla\u021biei delictului de opinie, pe baza c\u0103reia cet\u0103\u021beni rom\u00e2ni pot \u00eenfunda pu\u0219c\u0103riile pentru simple opinii. Bre\u0219a \u00een siguran\u021ba na\u021bional\u0103 \u0219i stabilitatea intern\u0103 apare odat\u0103 cu cenzura discursului public, cenzur\u0103 care determin\u0103 acumularea de nemul\u021bumiri. \u00cen lipsa supapei, neput\u00e2ndu-se exprima prin vorbe \u0219i comentarii online, nemul\u021bumirile vor r\u0103bufni violent, fapt care ne vulnerabilizeaz\u0103 siguran\u021ba na\u021bional\u0103. Dac\u0103 golemul \u0103sta care a scris mizeria de articol ar \u021bine la siguran\u021ba na\u021bional\u0103, ar cere \u0219i el abrogarea legii OUG 31\/2002.<\/p>\n<p>Aparent \u00eel cheam\u0103 Vladimir Munteanu. Cine decide ce discurs e inflamator sau extremist, tovar\u0103\u0219e autor Vladimir Munteanu, bol\u0219evicule? Cine te crezi s\u0103 decizi ce este \u00een regul\u0103 s\u0103 spun\u0103 cineva \u0219i ce nu? Asemenea \u201cautori\u201dmerit\u0103 flegme c\u00e2nd sunt v\u0103zu\u021bi pe strad\u0103, tocmai de aceea probabil c\u0103 Vladimir Munteanu nu \u0219i-a pus o poz\u0103 de profil.<\/p>\n<p>L-a\u0219 \u00eentreba pe Munteanu care e numele lui real, c\u0103ci privind articolele pe care le scrie observ\u0103m o obsesie pentru atacarea bisericii \u0219i a na\u021bionalismului, fapt care ridic\u0103 semne de \u00eentrebare.<\/p>\n<p><a href=\"https:\/\/www.incorectpolitic.com\/in-apararea-tovarasului-craciunoiu-jos-delictul-de-opinie\/munteanu\/\" rel=\"attachment wp-att-82281\"><img loading=\"lazy\" decoding=\"async\" class=\"size-full wp-image-82281 aligncenter lazyload\" src=\"https:\/\/www.incorectpolitic.com\/wp-content\/uploads\/2026\/08\/munteanu.png\" alt width=\"730\" height=\"893\"><\/a><\/p>\n<p><img loading=\"lazy\" decoding=\"async\" class=\"size-full wp-image-82281 aligncenter\" src=\"https:\/\/www.incorectpolitic.com\/wp-content\/uploads\/2026\/08\/munteanu.png\" alt width=\"730\" height=\"893\" data-eio=\"l\"><em>Mostre de articole scrise de Munteanu<\/em><\/p>\n<p>\u0218tiind c\u0103 numele pot fi schimbate, dar fizionomia nu minte, Vladimir \u0103sta nu \u0219i-a pus poz\u0103 pe Ziari\u0219tii. Pigmeul se erijeaz\u0103 \u00een \u201cinvestigator\u201d \u0219i vorbe\u0219te despre faptul cum \u201cinvestiga\u021bia\u201d pe care a f\u0103cut-o pe Facebook a dezv\u0103luit un avocat care \u201ccontest\u0103 valorile fundamentale ale ordinii juridice \u00een care ac\u021bioneaz\u0103, valorile democra\u021biei \u0219i bla bla\u201d. Nu mai \u021bine placa asta.<\/p>\n<blockquote>\n<p>Investiga\u021bia noastr\u0103 pune aceast\u0103 problem\u0103: <strong>poate un avocat s\u0103 promoveze constant un discurs (comunist, marxist-leninist \u2014 \u00een spe\u021ba noastr\u0103) care contest\u0103 valorile fundamentale ale ordinii juridice \u00een care activeaz\u0103 (valorile democra\u021biei rom\u00e2ne\u0219ti \u0219i ale Uniunii Europene, \u00een care Rom\u00e2nia este stat membru), f\u0103r\u0103 s\u0103 existe consecin\u021be profesionale?<\/strong><\/p>\n<p>R\u0103spunsul nu \u021bine doar de opinia public\u0103, ci \u0219i de modul \u00een care institu\u021biile profesiei de avocat (inclusiv, \u00een cazul nostru, Baroul Dolj) aleg s\u0103 aplice propriile standarde.<\/p>\n<\/blockquote>\n<p><strong>R\u0103spunsul este \u0103sta: Tovar\u0103\u0219ul Cr\u0103ciunoiu trebuie s\u0103 fie liber s\u0103-\u0219i exprime ideile politice \u0219i s\u0103 adreseze critici acolo unde consider\u0103 c\u0103 este necesar. Baroul Dolj n-ar trebui s\u0103 fac\u0103 nimic pentru a-l opri, iar autorul articolului de pe Ziari\u0219tii ar trebui s\u0103 ia o vacan\u021b\u0103 \u00een Israel, unde s\u0103-\u0219i ia flegme de la jidanii de pe str\u0103zile Tel Avivului.<\/strong><\/p>\n<p>*<\/p>\n<p><strong>P.S.: <\/strong>Pentru fetele de la surse deschise, pentru inform\u0103rile voastre, \u021bine\u021bi cont de un aspect: C\u00e2nd o publica\u021bie \u201cneolegionar\u0103\u201d, \u201cfascist\u0103\u201d, \u201cneonazist\u0103\u201d ia ap\u0103rarea unui auto-declarat maxist-leninist, s\u0103 \u0219ti\u021bi c\u0103-i groas\u0103. Abroga\u021bi OUG 31\/2002 c\u00e2t mai ave\u021bi timp, altfel divide et impera nu va mai func\u021biona \u00een fa\u021ba agresiunii du\u0219manului comun. \u0218i atunci da\u021bi de belea.<\/p>\n<\/div>\n<div class=\"entry\">\n<p>Sterie Ciumetti<br \/><strong>Incorect Politic<\/strong><br \/>\nAugust 17, 2026<\/p>\n<p><a href=\"https:\/\/www.incorectpolitic.com\/in-apararea-tovarasului-craciunoiu-jos-delictul-de-opinie\/articol-craciunoiu\/\" rel=\"attachment wp-att-82278\"><img loading=\"lazy\" decoding=\"async\" class=\"aligncenter wp-image-82278\" src=\"https:\/\/www.incorectpolitic.com\/wp-content\/uploads\/2026\/08\/articol-craciunoiu.png\" alt width=\"799\" height=\"640\"><\/a><\/p>\n<h2><strong>\u00cen Ap\u0103rarea Tovar\u0103\u0219ului Cr\u0103ciunoiu \u2013 Jos delictul de opinie!<\/strong><\/h2>\n<p>Nu cred c\u0103 te-ai a\u0219teptat la asta, Incorect Politic lu\u00e2ndu-i ap\u0103rarea tovar\u0103\u0219ului Cr\u0103ciunoiu. Dar uite c\u0103 ai tr\u0103it-o \u0219i pe asta. Poate crezi c\u0103 este unul dintre cele mai ciudate articole pe care le-am scris, dar \u00een realitate motivul e logic \u0219i sunt convins c\u0103 vei \u00een\u021belege.<\/p>\n<p>\u00cencep prin a preciza c\u0103 nu sunt de acord cu pozi\u021biile marxist-leniniste ale tov. Cr\u0103ciunoiu, nici cu faptul c\u0103 este tributarul holocoastelor (dar are timp s\u0103 \u00eenve\u021be, e t\u00e2n\u0103r, apuc\u0103 s\u0103 dea o gean\u0103 peste <a href=\"https:\/\/www.incorectpolitic.com\/wp-content\/uploads\/2018\/09\/ARTHUR-ROBERT.pdf\">cartea lui Arthur Butz<\/a>), nici cu faptul c\u0103 este anti-legionar. Acestea fiind spuse, lin\u0219ajul mediatic la care \u00eel supune presa burghez\u0103 pentru opozi\u021bia lui fa\u021b\u0103 de regimul iudeo-sionisto-imperialist din Israel, genocidul din Gaza \u0219i criticile la adresa legii Vexler \u00eel fac s\u0103 fie relevant \u0219i m\u0103 determin\u0103 pe mine s\u0103 iau atitudine.<\/p>\n<p>\u00cen fapt, chiar dac\u0103 este de cealalt\u0103 parte a baricadei, tov. Cr\u0103ciunoiu este luat \u00een vizor pentru acela\u0219i lucru pentru care mul\u021bi na\u021bionali\u0219ti sunt viza\u021bi: DELICTUL DE OPINIE, impus prin legisla\u021bia Vexler \u0219i OUG 31\/2002. Cine \u0219tie, poate c\u0103 aceste legi teroriste vor fi pilonii pe care se va construi puntea dintre \u201cextrema dreapt\u0103\u201d \u0219i \u201cextrema st\u00e2ng\u0103\u201d, ca \u00eempreun\u0103 s\u0103 zdrobim cenzura \u0219i s\u0103 ne rec\u00e2\u0219tig\u0103m libertatea de exprimare.<\/p>\n<p><a href=\"https:\/\/www.incorectpolitic.com\/in-apararea-tovarasului-craciunoiu-jos-delictul-de-opinie\/craciunoiu1\/\" rel=\"attachment wp-att-82275\"><img loading=\"lazy\" decoding=\"async\" class=\"size-large wp-image-82275 aligncenter lazyload\" src=\"https:\/\/www.incorectpolitic.com\/wp-content\/uploads\/2026\/08\/craciunoiu1.jpg\" alt width=\"336\" height=\"420\"><\/a><\/p>\n<p><img loading=\"lazy\" decoding=\"async\" class=\"size-large wp-image-82275 aligncenter\" src=\"https:\/\/www.incorectpolitic.com\/wp-content\/uploads\/2026\/08\/craciunoiu1.jpg\" alt width=\"336\" height=\"420\" data-eio=\"l\"><em>C\u00e2nd un socialist are coaie mai mari ca mul\u021bi \u2018conservatori\u2019<\/em><\/p>\n<p>\u00a0<\/p>\n<p>Gloata care s-a adunat pentru a-l v\u00e2na pe Cr\u0103ciunoiu \u0219i denigrarea public\u0103 la care el \u0219i familia sa sunt supu\u0219i au o singur\u0103 cauz\u0103: faptul c\u0103 tovar\u0103\u0219ul Cr\u0103ciunoiu a fluierat \u00een sinagog\u0103 sau a fost prea incorect politic pentru ultra-st\u00e2ngi\u0219tii cu care a colaborat de-a lungul timpului.<\/p>\n<p>Lin\u0219ajul mediatic ajunge la apogeu prin articolul publicat pe <a href=\"https:\/\/ziaristii.com\/avocatul-adrian-craciunoiu-fiul-unei-judecatoare-de-la-iccj-propagandist-marxist-leninist-in-coliziune-cu-institutul-elie-wiesel\/\">Ziari\u0219tii<\/a>. Hit piece-ul \u00eencepe cu invocarea raportului publicat de institutul terorist Elie Wiesel, de parc\u0103 ar fi Sf\u00e2nta Scriptur\u0103, apoi pivoteaz\u0103 spre Adrian Cr\u0103ciunoiu dezv\u0103luind informa\u021bii despre familia sa.<\/p>\n<p>\u00a0<\/p>\n<blockquote>\n<h2><strong>Cine este militantul marxist-leninist Adrian Cr\u0103ciunoiu<\/strong><\/h2>\n<p>\u00cen aceast\u0103 lume marginal\u0103 \u0219i pu\u021bin cunoscut\u0103 \u00een agora rom\u00e2neasc\u0103, populat\u0103 de un amestec de personaje bizare (nostalgici ceau\u0219i\u0219ti, stalini\u0219ti, tro\u021bki\u0219ti, copii \u0219i nepo\u021bi de fo\u0219ti nomenclaturi\u0219ti PCR, marxi\u0219ti autodidac\u021bi, militan\u021bi LGBT, sindicali\u0219ti anonimi, studen\u021bi naivi care nu au cunoscut dictatura comunist\u0103, dar \u0219i oameni cu studii universitare temeinice etc.), se remarc\u0103 <strong>avocatul Adrian \u0218erban Cr\u0103ciunoiu. <\/strong>Acesta promoveaz\u0103 <strong>un discurs marxist asumat, radical <\/strong>\u0219i nu de pu\u021bine ori \u00eendreptat \u00eempotriva statului Israel, \u00een sus\u021binerea cauzei palestiniene.<\/p>\n<p>Avocatul Adrian Cr\u0103ciunoiu se face remarcat prin dou\u0103 \u201dcalit\u0103\u021bi\u201d. Pe de o parte, el este <strong>un activ militant marxist-leninist;<\/strong> pe de alt\u0103 parte, este<strong> fiul judec\u0103toarei Simona-Cristina Cr\u0103ciunoiu, promovat\u0103 la Sec\u021bia Penal\u0103 a \u00cenaltei Cur\u021bi de Casa\u021bie \u0219i Justi\u021bie.<\/strong><\/p>\n<\/blockquote>\n<p><a href=\"https:\/\/www.incorectpolitic.com\/in-apararea-tovarasului-craciunoiu-jos-delictul-de-opinie\/craciunoiu3\/\" rel=\"attachment wp-att-82273\"><img loading=\"lazy\" decoding=\"async\" class=\"size-large wp-image-82273 aligncenter lazyload\" src=\"https:\/\/www.incorectpolitic.com\/wp-content\/uploads\/2026\/08\/craciunoiu3.jpg\" alt width=\"618\" height=\"479\"><\/a><\/p>\n<p><img loading=\"lazy\" decoding=\"async\" class=\"size-large wp-image-82273 aligncenter\" src=\"https:\/\/www.incorectpolitic.com\/wp-content\/uploads\/2026\/08\/craciunoiu3.jpg\" alt width=\"618\" height=\"479\" data-eio=\"l\"><em>Bazat?<\/em><\/p>\n<p>Pot s\u0103 respect un radical care promoveaz\u0103 un discurs asumat, indiferent de ideologie sau de culoarea politic\u0103, pur \u0219i simplu \u00eemi place s\u0103 v\u0103d c\u0103 mai exist\u0103 oameni care nu sunt c\u0103ldicei sau modera\u021bi, ci \u00ee\u0219i afirm\u0103 cu zel crezul lor. Cu at\u00e2t mai mult respect un discurs \u00eendreptat \u00eempotriva statului Israel.<\/p>\n<p>Apoi articolul se leag\u0103 de faptul c\u0103 tovar\u0103\u0219ul a criticat legisla\u021bia delictului de opinie din Rom\u00e2nia:<\/p>\n<blockquote>\n<p>Fiul judec\u0103toarei Simona-Cristina Cr\u0103ciunoiu de la Sec\u021bia Penal\u0103 a \u00cenaltei Cur\u021bi de Casa\u021bie \u0219i Justi\u021bie, avocatul marxist Adrian Cr\u0103ciunoiu, \u00ee\u0219i manifest\u0103 opiniile \u00een leg\u0103tur\u0103 cu antisemitismul \u00een<strong> dou\u0103 zone de interes:<\/strong><strong>legisla\u021bia antisemit\u0103 din Rom\u00e2nia (prin implicarea \u00een contestarea vehement\u0103 a \u201dLegii Vexler\u201d) \u0219i propaganda antisionist\u0103 \u0219i pro-Palestina.<\/strong><\/p>\n<p>\u00cen Raportul de monitorizare a fenomenului antisemit pentru perioada 2025-2026, intitulat <em><strong>\u201dBulg\u0103rele antisemitismului nu s-a oprit din rostogolire\u2026\u201d,<\/strong><\/em> emis de Institutul \u201dElie Wiesel\u201d, la pagina 99 este men\u021bionat <strong>Partidul Socialist Rom\u00e2n, <\/strong>\u00een contextul analizei<strong> pozi\u021bion\u0103rilor antisemite conspira\u021bioniste identificate \u00een r\u00e2ndul politicienilor \u0219i partidelor politice din Rom\u00e2nia.<\/strong><\/p>\n<p>Raportul men\u021bioneaz\u0103: <em>\u201d\u00centr-un articol critic la adresa \u00abLegii Vexler\u00bb, cum este denumit\u0103 \u00een textul de pe websiteul partidului PSR, sunt reproduse o serie de afirma\u021bii antisemite conspira\u021bioniste \u0219i implicit nega\u021bioniste, care fac trimitere, ca referin\u021be presupus legitime, la persoane condamnate pentru negarea Holocaustului, afirma\u021bii care dep\u0103\u0219esc astfel cadrul criticii democratice legitime. Articolul este semnat de Ioan Nicolae Lupu \u0219i Gheorghi\u021b\u0103 Zb\u0103ganu\u201d.<\/em><\/p>\n<\/blockquote>\n<p>B\u0103iatul este \u00eenfierat cu m\u00e2nie sorosisto-globalist\u0103 pentru c\u0103 sus\u021bine c\u0103 legea Vexler e un atac la adresa libert\u0103\u021bii de opinie:<\/p>\n<blockquote>\n<p><strong>Marxistul Cr\u0103ciunoiu \u00ee\u0219i exprim\u0103 \u00een termeni vehemen\u021bi solidaritatea fa\u021b\u0103 de \u201dtovar\u0103\u0219ii\u201d s\u0103i de partid<\/strong>, \u00eentr-o postare pe contul de Facebook.<\/p>\n<p><a href=\"https:\/\/www.incorectpolitic.com\/in-apararea-tovarasului-craciunoiu-jos-delictul-de-opinie\/craciunoiu4\/\" rel=\"attachment wp-att-82272\"><img loading=\"lazy\" decoding=\"async\" class=\"size-large wp-image-82272 aligncenter lazyload\" src=\"https:\/\/www.incorectpolitic.com\/wp-content\/uploads\/2026\/08\/craciunoiu4.jpg\" alt width=\"618\" height=\"453\"><\/a><\/p>\n<p><img loading=\"lazy\" decoding=\"async\" class=\"size-large wp-image-82272 aligncenter\" src=\"https:\/\/www.incorectpolitic.com\/wp-content\/uploads\/2026\/08\/craciunoiu4.jpg\" alt width=\"618\" height=\"453\" data-eio=\"l\"><\/p>\n<p><em>\u201d\u00cen calitate de membru al Partidului Socialist Rom\u00e2n declar aici deschis \u0219i f\u0103r\u0103 nicio rezerv\u0103 faptul c\u0103 subscriu \u00een totalitate la articolul intitulat \u00abLegea Vexler \u2013 un atac la adresa libert\u0103\u021bii de opinie\u00bb publicat \u00een ziarul \u00abSocialistul\u00bb la data de 03.07.2025 de c\u0103tre colegii mei de partid Gheorghita Zbaganu \u0219i Lupu Ioan Nicolae, mai ales dup\u0103 ce faptele au dovedit validitatea celor expuse \u00een acel articol de c\u0103tre colegii mei, mai precis faptul c\u0103 legea Vexler nu urm\u0103re\u0219te nicidecum s\u0103 combat\u0103 antisemitismul, ci s\u0103 preg\u0103teasc\u0103 acel cadru legal pentru ca autorit\u0103\u021bile s\u0103 porneasc\u0103 o represiune c\u00e2t se poate de brutal\u0103 \u00eempotriva mi\u0219c\u0103rilor de solidaritate cu Palestina, echival\u00e2nd anti-sionismul cu antisemitismul a\u0219a cum s-a mai f\u0103cut \u0219i \u00een alte \u021b\u0103ri din Vestul Europei. <\/em><\/p>\n<p><em>Prin urmare, <strong>legea Vexler nu e nicidecum o lege anti-rasist\u0103, anti-\u0219ovinist\u0103, ci e o lege care ap\u0103r\u0103 tocmai agenda celui mai rasist, genocidar \u0219i terorist stat din secolul XXI, care este Israelul,<\/strong> \u0219i care vrea s\u0103 ne reprime pe cei care lu\u0103m atitudine \u00eempotriva genocidului din F\u00e2\u0219ia Gaza la fel precum au luat \u00eenainta\u0219ii no\u0219tri din Partidul Comunist din Rom\u00e2nia pozi\u021bie \u00eempotriva Holocaustului. (Cinste lor!). Legea Vexler practic preg\u0103te\u0219te cadrul pentru a face cu mi\u0219c\u0103rile anti-sioniste ce f\u0103ceau legionarii \u0219i Antonescu cu cei care se opuneau domina\u021biei hitleriste. Concluzie: jos cu legea Vexler! Jos sionismul! Tr\u0103iasc\u0103 Palestina Liber\u0103! NU genocidului!\u201d<\/em><\/p>\n<\/blockquote>\n<p>Criticile f\u0103cute la adresa lui Vexler au st\u00e2rnit un cuib de viespi, dar Cr\u0103ciunoiu nu s-a l\u0103sat intimidat. Tovara\u0219ul a alimentat spa\u021biul public cu \u00eenc\u0103 o lovitur\u0103 la adresa legii Vexler, cer\u00e2nd abrogarea ei \u0219i concluzion\u00e2nd postarea cu \u201cFree Palestine\u201d.<\/p>\n<p><a href=\"https:\/\/www.incorectpolitic.com\/in-apararea-tovarasului-craciunoiu-jos-delictul-de-opinie\/craciunoiu5\/\" rel=\"attachment wp-att-82271\"><img loading=\"lazy\" decoding=\"async\" class=\"size-large wp-image-82271 aligncenter lazyload\" src=\"https:\/\/www.incorectpolitic.com\/wp-content\/uploads\/2026\/08\/craciunoiu5.jpg\" alt width=\"618\" height=\"388\"><\/a><\/p>\n<p><img loading=\"lazy\" decoding=\"async\" class=\"size-large wp-image-82271 aligncenter\" src=\"https:\/\/www.incorectpolitic.com\/wp-content\/uploads\/2026\/08\/craciunoiu5.jpg\" alt width=\"618\" height=\"388\" data-eio=\"l\"><\/p>\n<p>Adrian Cr\u0103ciunoiu regret\u0103, pe bun\u0103 dreptate, c\u0103 nu a ap\u0103rut \u00een raportul Elie Wiesel \u0219i nu a participat la <a href=\"https:\/\/www.incorectpolitic.com\/titanii-romanismului-topul-organizatiilor-personalitatiilor-si-publicatiilor-romanesti-decernarea-premiilor-inshr-ew-2025-2026\/\">decernarea premiilor INSHR-EW<\/a>. \u00cen ritmul \u0103sta sigur ajungi la anu\u2019, Cr\u0103ciunoiule!<\/p>\n<blockquote>\n<p><strong>Marxistul Cr\u0103ciunoiu manifest\u0103 o mare sup\u0103rare pe Institutul \u201dElie Wiesel\u201d pentru c\u0103 \u00een cel mai recent raport a fost demascat discursul antisemit mascat de a\u0219a-zisa lupt\u0103 pentru ap\u0103rarea drepturilor palestinienilor.<\/strong> Cr\u0103ciunoiu consider\u0103 c\u0103 <em>\u201d<\/em><em>Institutul Na\u021bional pentru Studierea Holocaustului din Rom\u00e2nia \u00abElie Wiesel\u00bb a devenit \u00een prezent Institutul pentru sprijinirea \u0219i promovarea sionismului \u0219i a genocidului din F\u00e2\u0219ia Gaza\u201d. <\/em>Din aceste motive, Cr\u0103ciunoiu solicit\u0103 public ca Institutul \u201dElie Wiesel\u201d s\u0103 nu uite s\u0103-l treac\u0103 \u0219i pe el \u00een raport pentru c\u0103 militeaz\u0103 deschis pentru abrogarea \u201dLegii Vexler\u201d \u0219i pentru desfiin\u021barea institutului <em>\u201dsionist pro-genocidar\u201d<\/em>.<\/p>\n<\/blockquote>\n<p><a href=\"https:\/\/www.incorectpolitic.com\/in-apararea-tovarasului-craciunoiu-jos-delictul-de-opinie\/craciunoiu6\/\" rel=\"attachment wp-att-82270\"><img loading=\"lazy\" decoding=\"async\" class=\"size-full wp-image-82270 aligncenter lazyload\" src=\"https:\/\/www.incorectpolitic.com\/wp-content\/uploads\/2026\/08\/craciunoiu6.jpg\" alt width=\"696\" height=\"148\"><\/a><\/p>\n<p><img loading=\"lazy\" decoding=\"async\" class=\"size-full wp-image-82270 aligncenter\" src=\"https:\/\/www.incorectpolitic.com\/wp-content\/uploads\/2026\/08\/craciunoiu6.jpg\" alt width=\"696\" height=\"148\" data-eio=\"l\"><\/p>\n<p>\u00a0<\/p>\n<p>Pe final, jurnalistul lui pe\u0219te pr\u0103jit vrea ca tov. Cr\u0103ciunoiu s\u0103 fie tras la r\u0103spundere profesional pentru afirma\u021biile f\u0103cute. Ceva ce face gruparea terorist\u0103 antifa din vest prin h\u0103r\u021buirea na\u021bionali\u0219tilor la locul de munc\u0103, sunatul angajatorului, amenin\u021b\u0103ri etc. Exact acest modus operandi e folosit pentru a-l afecta profesional pe Cr\u0103ciunoiu.<\/p>\n<p><strong>Cel mai vomitiv lucru, cel mai st\u00e2rnitor de sc\u00e2rb\u0103, declan\u0219ator de dispre\u021b \u0219i acumulator de ur\u0103 este obr\u0103znicia presei care cere sanc\u021bionarea profesional\u0103 a unui cet\u0103\u021bean pentru simple idei pe care le vehiculeaz\u0103.<\/strong><\/p>\n<blockquote>\n<p>Evident, un avocat este liber s\u0103 aib\u0103 avea opinii politice, chiar radicale; acest fapt nu este, \u00een sine, interzis. Probleme apar \u00eens\u0103 atunci c\u00e2nd discursul devine inflamator (extremist), este exprimat public, constant \u0219i eventual intr\u0103 \u00een conflict cu obliga\u021biile \u0219i deontologia profesiei de avocat. \u00cen astfel de situa\u021bii, nu mai vorbim despre libertate de exprimare, ci despre o posibil\u0103 abatere de la statutul public al profesiei de avocat, despre afectarea \u00eencrederii publice \u00een aceast\u0103 profesie, despre generarea unei vulnerabilit\u0103\u021bi institu\u021bionale a profesiei respective.<\/p>\n<\/blockquote>\n<p>Ce vulnerabilitate viseaz\u0103 Ziari\u0219tii? Singura vulnerabilitate la adresa siguran\u021bei na\u021bionale \u0219i a ordinii juridice o reprezint\u0103 existen\u021ba legisla\u021biei delictului de opinie, pe baza c\u0103reia cet\u0103\u021beni rom\u00e2ni pot \u00eenfunda pu\u0219c\u0103riile pentru simple opinii. Bre\u0219a \u00een siguran\u021ba na\u021bional\u0103 \u0219i stabilitatea intern\u0103 apare odat\u0103 cu cenzura discursului public, cenzur\u0103 care determin\u0103 acumularea de nemul\u021bumiri. \u00cen lipsa supapei, neput\u00e2ndu-se exprima prin vorbe \u0219i comentarii online, nemul\u021bumirile vor r\u0103bufni violent, fapt care ne vulnerabilizeaz\u0103 siguran\u021ba na\u021bional\u0103. Dac\u0103 golemul \u0103sta care a scris mizeria de articol ar \u021bine la siguran\u021ba na\u021bional\u0103, ar cere \u0219i el abrogarea legii OUG 31\/2002.<\/p>\n<p>Aparent \u00eel cheam\u0103 Vladimir Munteanu. Cine decide ce discurs e inflamator sau extremist, tovar\u0103\u0219e autor Vladimir Munteanu, bol\u0219evicule? Cine te crezi s\u0103 decizi ce este \u00een regul\u0103 s\u0103 spun\u0103 cineva \u0219i ce nu? Asemenea \u201cautori\u201dmerit\u0103 flegme c\u00e2nd sunt v\u0103zu\u021bi pe strad\u0103, tocmai de aceea probabil c\u0103 Vladimir Munteanu nu \u0219i-a pus o poz\u0103 de profil.<\/p>\n<p>L-a\u0219 \u00eentreba pe Munteanu care e numele lui real, c\u0103ci privind articolele pe care le scrie observ\u0103m o obsesie pentru atacarea bisericii \u0219i a na\u021bionalismului, fapt care ridic\u0103 semne de \u00eentrebare.<\/p>\n<p><a href=\"https:\/\/www.incorectpolitic.com\/in-apararea-tovarasului-craciunoiu-jos-delictul-de-opinie\/munteanu\/\" rel=\"attachment wp-att-82281\"><img loading=\"lazy\" decoding=\"async\" class=\"size-full wp-image-82281 aligncenter lazyload\" src=\"https:\/\/www.incorectpolitic.com\/wp-content\/uploads\/2026\/08\/munteanu.png\" alt width=\"730\" height=\"893\"><\/a><\/p>\n<p><img loading=\"lazy\" decoding=\"async\" class=\"size-full wp-image-82281 aligncenter\" src=\"https:\/\/www.incorectpolitic.com\/wp-content\/uploads\/2026\/08\/munteanu.png\" alt width=\"730\" height=\"893\" data-eio=\"l\"><em>Mostre de articole scrise de Munteanu<\/em><\/p>\n<p>\u0218tiind c\u0103 numele pot fi schimbate, dar fizionomia nu minte, Vladimir \u0103sta nu \u0219i-a pus poz\u0103 pe Ziari\u0219tii. Pigmeul se erijeaz\u0103 \u00een \u201cinvestigator\u201d \u0219i vorbe\u0219te despre faptul cum \u201cinvestiga\u021bia\u201d pe care a f\u0103cut-o pe Facebook a dezv\u0103luit un avocat care \u201ccontest\u0103 valorile fundamentale ale ordinii juridice \u00een care ac\u021bioneaz\u0103, valorile democra\u021biei \u0219i bla bla\u201d. Nu mai \u021bine placa asta.<\/p>\n<blockquote>\n<p>Investiga\u021bia noastr\u0103 pune aceast\u0103 problem\u0103: <strong>poate un avocat s\u0103 promoveze constant un discurs (comunist, marxist-leninist \u2014 \u00een spe\u021ba noastr\u0103) care contest\u0103 valorile fundamentale ale ordinii juridice \u00een care activeaz\u0103 (valorile democra\u021biei rom\u00e2ne\u0219ti \u0219i ale Uniunii Europene, \u00een care Rom\u00e2nia este stat membru), f\u0103r\u0103 s\u0103 existe consecin\u021be profesionale?<\/strong><\/p>\n<p>R\u0103spunsul nu \u021bine doar de opinia public\u0103, ci \u0219i de modul \u00een care institu\u021biile profesiei de avocat (inclusiv, \u00een cazul nostru, Baroul Dolj) aleg s\u0103 aplice propriile standarde.<\/p>\n<\/blockquote>\n<p><strong>R\u0103spunsul este \u0103sta: Tovar\u0103\u0219ul Cr\u0103ciunoiu trebuie s\u0103 fie liber s\u0103-\u0219i exprime ideile politice \u0219i s\u0103 adreseze critici acolo unde consider\u0103 c\u0103 este necesar. Baroul Dolj n-ar trebui s\u0103 fac\u0103 nimic pentru a-l opri, iar autorul articolului de pe Ziari\u0219tii ar trebui s\u0103 ia o vacan\u021b\u0103 \u00een Israel, unde s\u0103-\u0219i ia flegme de la jidanii de pe str\u0103zile Tel Avivului.<\/strong><\/p>\n<p>*<\/p>\n<p><strong>P.S.: <\/strong>Pentru fetele de la surse deschise, pentru inform\u0103rile voastre, \u021bine\u021bi cont de un aspect: C\u00e2nd o publica\u021bie \u201cneolegionar\u0103\u201d, \u201cfascist\u0103\u201d, \u201cneonazist\u0103\u201d ia ap\u0103rarea unui auto-declarat maxist-leninist, s\u0103 \u0219ti\u021bi c\u0103-i groas\u0103. Abroga\u021bi OUG 31\/2002 c\u00e2t mai ave\u021bi timp, altfel divide et impera nu va mai func\u021biona \u00een fa\u021ba agresiunii du\u0219manului comun. \u0218i atunci da\u021bi de belea.<\/p>\n<\/div>\n<article class=\"post-81436 post type-post status-publish entry includes-feat-image\">\n<div class=\"featured-image alignleft\"><a class=\"featured_post_link\" href=\"https:\/\/www.incorectpolitic.com\/curaj-adevar-si-libertate-senatorul-miron-manega-s-o-s-a-propus-abrogarea-legilor-delictului-de-opinie\/\" title=\"CURAJ, ADEV\u0102R \u0218I LIBERTATE! Senatorul Miron Manega (S.O.S.) a propus abrogarea legilor delictului de opinie!\"><img loading=\"lazy\" decoding=\"async\" width=\"150\" height=\"150\" src=\"https:\/\/www.incorectpolitic.com\/wp-content\/uploads\/2019\/04\/manega-150x150.png\" class=\"attachment-thumbnail size-thumbnail wp-post-image lazyload\" alt><img loading=\"lazy\" decoding=\"async\" width=\"150\" height=\"150\" src=\"https:\/\/www.incorectpolitic.com\/wp-content\/uploads\/2019\/04\/manega-150x150.png\" class=\"attachment-thumbnail size-thumbnail wp-post-image\" alt data-eio=\"l\"><\/a><\/div>\n<div class=\"entry-title\"><a class=\"featured_post_link\" href=\"https:\/\/www.incorectpolitic.com\/curaj-adevar-si-libertate-senatorul-miron-manega-s-o-s-a-propus-abrogarea-legilor-delictului-de-opinie\/\" title=\"CURAJ, ADEV\u0102R \u0218I LIBERTATE! Senatorul Miron Manega (S.O.S.) a propus abrogarea legilor delictului de opinie!\">CURAJ, ADEV\u0102R \u0218I LIBERTATE! Senatorul Miron Manega (S.O.S.) a propus abrogarea legilor delictului de opinie!<\/a><\/div>\n<\/article>\n<article class=\"post-80361 post type-post status-publish entry includes-feat-image\">\n<div class=\"featured-image alignleft\"><a class=\"featured_post_link\" href=\"https:\/\/www.incorectpolitic.com\/ultimul-fiu-al-daciei\/\" title=\"Ultimul Fiu al Daciei\"><img loading=\"lazy\" decoding=\"async\" width=\"100\" height=\"150\" src=\"https:\/\/www.incorectpolitic.com\/wp-content\/uploads\/2025\/10\/dac.jpeg\" class=\"attachment-thumbnail size-thumbnail wp-post-image lazyload\" alt><img loading=\"lazy\" decoding=\"async\" width=\"100\" height=\"150\" src=\"https:\/\/www.incorectpolitic.com\/wp-content\/uploads\/2025\/10\/dac.jpeg\" class=\"attachment-thumbnail size-thumbnail wp-post-image\" alt data-eio=\"l\"><\/a><\/div>\n<div class=\"entry-title\"><a class=\"featured_post_link\" href=\"https:\/\/www.incorectpolitic.com\/ultimul-fiu-al-daciei\/\" title=\"Ultimul Fiu al Daciei\">Ultimul Fiu al Daciei<\/a><\/div>\n<\/article>\n<article class=\"post-73927 post type-post status-publish entry includes-feat-image\">\n<div class=\"featured-image alignleft\"><a class=\"featured_post_link\" href=\"https:\/\/www.incorectpolitic.com\/cauzele-si-dinamica-antisemitismului\/\" title=\"Cauzele \u0219i Dinamica Antisemitismului\"><img loading=\"lazy\" decoding=\"async\" width=\"150\" height=\"150\" src=\"https:\/\/www.incorectpolitic.com\/wp-content\/uploads\/2018\/09\/bolshevik-jews-150x150.jpg\" class=\"attachment-thumbnail size-thumbnail wp-post-image lazyload\" alt><img loading=\"lazy\" decoding=\"async\" width=\"150\" height=\"150\" src=\"https:\/\/www.incorectpolitic.com\/wp-content\/uploads\/2018\/09\/bolshevik-jews-150x150.jpg\" class=\"attachment-thumbnail size-thumbnail wp-post-image\" alt data-eio=\"l\"><\/a><\/div>\n<div class=\"entry-title\"><a class=\"featured_post_link\" href=\"https:\/\/www.incorectpolitic.com\/cauzele-si-dinamica-antisemitismului\/\" title=\"Cauzele \u0219i Dinamica Antisemitismului\">Cauzele \u0219i Dinamica Antisemitismului<\/a><\/div>\n<\/article>\n<article class=\"post-72974 post type-post status-publish entry includes-feat-image\">\n<div class=\"featured-image alignleft\"><a class=\"featured_post_link\" href=\"https:\/\/www.incorectpolitic.com\/navalirea-jidanilor-de-vasile-alecsandri-piesa-interzisa\/\" title=\"N\u0103v\u0103lirea Jidanilor \u2013 de Vasile Alecsandri (Pies\u0103 interzis\u0103)\"><img loading=\"lazy\" decoding=\"async\" width=\"150\" height=\"150\" src=\"https:\/\/www.incorectpolitic.com\/wp-content\/uploads\/2024\/02\/jidani-navalire-2.png\" class=\"attachment-thumbnail size-thumbnail wp-post-image lazyload\" alt><img loading=\"lazy\" decoding=\"async\" width=\"150\" height=\"150\" src=\"https:\/\/www.incorectpolitic.com\/wp-content\/uploads\/2024\/02\/jidani-navalire-2.png\" class=\"attachment-thumbnail size-thumbnail wp-post-image\" alt data-eio=\"l\"><\/a><\/div>\n<div class=\"entry-title\"><a class=\"featured_post_link\" href=\"https:\/\/www.incorectpolitic.com\/navalirea-jidanilor-de-vasile-alecsandri-piesa-interzisa\/\" title=\"N\u0103v\u0103lirea Jidanilor \u2013 de Vasile Alecsandri (Pies\u0103 interzis\u0103)\">N\u0103v\u0103lirea Jidanilor \u2013 de Vasile Alecsandri (Pies\u0103 interzis\u0103)<\/a><\/div>\n<\/article>\n<article class=\"post-71879 post type-post status-publish entry includes-feat-image\">\n<div class=\"featured-image alignleft\"><a class=\"featured_post_link\" href=\"https:\/\/www.incorectpolitic.com\/europa-si-romania-in-anul-2050\/\" title=\"Europa \u0219i Rom\u00e2nia \u00een anul 2050\"><img loading=\"lazy\" decoding=\"async\" width=\"147\" height=\"150\" src=\"https:\/\/www.incorectpolitic.com\/wp-content\/uploads\/2024\/01\/Romania-2050-2.png\" class=\"attachment-thumbnail size-thumbnail wp-post-image lazyload\" alt><img loading=\"lazy\" decoding=\"async\" width=\"147\" height=\"150\" src=\"https:\/\/www.incorectpolitic.com\/wp-content\/uploads\/2024\/01\/Romania-2050-2.png\" class=\"attachment-thumbnail size-thumbnail wp-post-image\" alt data-eio=\"l\"><\/a><\/div>\n<div class=\"entry-title\"><a class=\"featured_post_link\" href=\"https:\/\/www.incorectpolitic.com\/europa-si-romania-in-anul-2050\/\" title=\"Europa \u0219i Rom\u00e2nia \u00een anul 2050\">Europa \u0219i Rom\u00e2nia \u00een anul 2050<\/a><\/div>\n<\/article>\n<article class=\"post-23854 post type-post status-publish entry includes-feat-image\">\n<div class=\"featured-image alignleft\"><a class=\"featured_post_link\" href=\"https:\/\/www.incorectpolitic.com\/vizita-papei-autonomie-alternativa\/\" title=\"Vizita Papei \u2013 Autonomie Alternativ\u0103\"><img loading=\"lazy\" decoding=\"async\" width=\"150\" height=\"150\" class=\"attachment-thumbnail size-thumbnail wp-post-image lazyload\" alt src=\"https:\/\/www.incorectpolitic.com\/wp-content\/uploads\/2019\/06\/uI2HFtR-150x150.jpg\"><img loading=\"lazy\" decoding=\"async\" width=\"150\" height=\"150\" src=\"https:\/\/www.incorectpolitic.com\/wp-content\/uploads\/2019\/06\/uI2HFtR-150x150.jpg\" class=\"attachment-thumbnail size-thumbnail wp-post-image\" alt data-eio=\"l\"><\/a><\/div>\n<div class=\"entry-title\"><a class=\"featured_post_link\" href=\"https:\/\/www.incorectpolitic.com\/vizita-papei-autonomie-alternativa\/\" title=\"Vizita Papei \u2013 Autonomie Alternativ\u0103\">Vizita Papei \u2013 Autonomie Alternativ\u0103<\/a><\/div>\n<\/article>\n<article class=\"post-72111 post type-post status-publish entry includes-feat-image\">\n<div class=\"featured-image alignleft\"><a class=\"featured_post_link\" href=\"https:\/\/www.incorectpolitic.com\/revelion-2023-2024-vine-anul-biruintei\/\" title=\"Revelion 2023 \u2013 2024 vine ANUL BIRUIN\u021aEI\"><img loading=\"lazy\" decoding=\"async\" width=\"150\" height=\"150\" src=\"https:\/\/www.incorectpolitic.com\/wp-content\/uploads\/2023\/12\/anul-biruintei.png\" class=\"attachment-thumbnail size-thumbnail wp-post-image lazyload\" alt><img loading=\"lazy\" decoding=\"async\" width=\"150\" height=\"150\" src=\"https:\/\/www.incorectpolitic.com\/wp-content\/uploads\/2023\/12\/anul-biruintei.png\" class=\"attachment-thumbnail size-thumbnail wp-post-image\" alt data-eio=\"l\"><\/a><\/div>\n<div class=\"entry-title\"><a class=\"featured_post_link\" href=\"https:\/\/www.incorectpolitic.com\/revelion-2023-2024-vine-anul-biruintei\/\" title=\"Revelion 2023 \u2013 2024 vine ANUL BIRUIN\u021aEI\">Revelion 2023 \u2013 2024 vine ANUL BIRUIN\u021aEI<\/a><\/div>\n<\/article>\n<article class=\"post-50139 post type-post status-publish entry includes-feat-image\">\n<div class=\"featured-image alignleft\"><a class=\"featured_post_link\" href=\"https:\/\/www.incorectpolitic.com\/analiza-strategiei-adoptata-de-guvern-pentru-combaterea-antisemitismului-xenofobiei-si-discursului-instigator-la-ura-2021-2023\/\" title=\"Analiza Strategiei Adoptat\u0103 de Guvern Pentru Combaterea \u201cantisemitismului, xenofobiei \u0219i discursului instigator la ur\u0103 2021-2023\u201d\"><img loading=\"lazy\" decoding=\"async\" width=\"150\" height=\"150\" src=\"https:\/\/www.incorectpolitic.com\/wp-content\/uploads\/2019\/08\/Jewish-censorship-e1421273251759-2-150x150.jpg\" class=\"attachment-thumbnail size-thumbnail wp-post-image lazyload\" alt><img loading=\"lazy\" decoding=\"async\" width=\"150\" height=\"150\" src=\"https:\/\/www.incorectpolitic.com\/wp-content\/uploads\/2019\/08\/Jewish-censorship-e1421273251759-2-150x150.jpg\" class=\"attachment-thumbnail size-thumbnail wp-post-image\" alt data-eio=\"l\"><\/a><\/div>\n<div class=\"entry-title\"><a class=\"featured_post_link\" href=\"https:\/\/www.incorectpolitic.com\/analiza-strategiei-adoptata-de-guvern-pentru-combaterea-antisemitismului-xenofobiei-si-discursului-instigator-la-ura-2021-2023\/\" title=\"Analiza Strategiei Adoptat\u0103 de Guvern Pentru Combaterea \u201cantisemitismului, xenofobiei \u0219i discursului instigator la ur\u0103 2021-2023\u201d\">Analiza Strategiei Adoptat\u0103 de Guvern Pentru Combaterea \u201cantisemitismului, xenofobiei \u0219i discursului instigator la ur\u0103 2021-2023\u201d<\/a><\/div>\n<\/article>\n<article class=\"post-70829 post type-post status-publish entry includes-feat-image\">\n<div class=\"featured-image alignleft\"><a class=\"featured_post_link\" href=\"https:\/\/www.incorectpolitic.com\/pozitia-unilaterala-a-pseudo-politicienilor-din-romania-si-a-bor-in-sustinerea-israelului-singurul-stat-terorist-din-lume-arata-ca-acestia-nu-au-o-fibra-cu-adevarat-nationala\/\" title=\"Pozi\u021bia unilateral\u0103 a pseudo politicienilor din Rom\u00e2nia \u0219i a BOR \u00een sus\u021binerea Israelului, singurul stat terorist din lume, arat\u0103 c\u0103 ace\u0219tia nu au o fibr\u0103 cu adev\u0103rat na\u021bional\u0103\"><img loading=\"lazy\" decoding=\"async\" width=\"150\" height=\"89\" src=\"https:\/\/www.incorectpolitic.com\/wp-content\/uploads\/2023\/08\/circumcision.png\" class=\"attachment-thumbnail size-thumbnail wp-post-image lazyload\" alt><img loading=\"lazy\" decoding=\"async\" width=\"150\" height=\"89\" src=\"https:\/\/www.incorectpolitic.com\/wp-content\/uploads\/2023\/08\/circumcision.png\" class=\"attachment-thumbnail size-thumbnail wp-post-image\" alt data-eio=\"l\"><\/a><\/div>\n<div class=\"entry-title\"><a class=\"featured_post_link\" href=\"https:\/\/www.incorectpolitic.com\/pozitia-unilaterala-a-pseudo-politicienilor-din-romania-si-a-bor-in-sustinerea-israelului-singurul-stat-terorist-din-lume-arata-ca-acestia-nu-au-o-fibra-cu-adevarat-nationala\/\" title=\"Pozi\u021bia unilateral\u0103 a pseudo politicienilor din Rom\u00e2nia \u0219i a BOR \u00een sus\u021binerea Israelului, singurul stat terorist din lume, arat\u0103 c\u0103 ace\u0219tia nu au o fibr\u0103 cu adev\u0103rat na\u021bional\u0103\">Pozi\u021bia unilateral\u0103 a pseudo politicienilor din Rom\u00e2nia \u0219i a BOR \u00een sus\u021binerea Israelului, singurul stat terorist din lume, arat\u0103 c\u0103 ace\u0219tia nu au o fibr\u0103 cu adev\u0103rat na\u021bional\u0103<\/a><\/div>\n<\/article>\n<article class=\"post-66937 post type-post status-publish entry includes-feat-image\">\n<div class=\"featured-image alignleft\"><a class=\"featured_post_link\" href=\"https:\/\/www.incorectpolitic.com\/agresiunea-impotriva-revizionistilor-istorici-si-efectele-linsajului-judiciar-de-la-nuremberg\/\" title=\"Agresiunea \u00eempotriva Revizioni\u0219tilor Istorici \u0219i efectele lin\u0219ajului judiciar de la Nurnberg\"><img loading=\"lazy\" decoding=\"async\" width=\"150\" height=\"100\" src=\"https:\/\/www.incorectpolitic.com\/wp-content\/uploads\/2023\/04\/image_2023-04-30_134634134.png\" class=\"attachment-thumbnail size-thumbnail wp-post-image lazyload\" alt><img loading=\"lazy\" decoding=\"async\" width=\"150\" height=\"100\" src=\"https:\/\/www.incorectpolitic.com\/wp-content\/uploads\/2023\/04\/image_2023-04-30_134634134.png\" class=\"attachment-thumbnail size-thumbnail wp-post-image\" alt data-eio=\"l\"><\/a><\/div>\n<div class=\"entry-title\"><a class=\"featured_post_link\" href=\"https:\/\/www.incorectpolitic.com\/agresiunea-impotriva-revizionistilor-istorici-si-efectele-linsajului-judiciar-de-la-nuremberg\/\" title=\"Agresiunea \u00eempotriva Revizioni\u0219tilor Istorici \u0219i efectele lin\u0219ajului judiciar de la Nurnberg\">Agresiunea \u00eempotriva Revizioni\u0219tilor Istorici \u0219i efectele lin\u0219ajului judiciar de la Nurnberg<\/a><\/div>\n<\/article>\n<article class=\"post-19111 post type-post status-publish entry includes-feat-image\">\n<div class=\"featured-image alignleft\"><a class=\"featured_post_link\" href=\"https:\/\/www.incorectpolitic.com\/despre-adevar\/\" title=\"Despre Adev\u0103r\"><img loading=\"lazy\" decoding=\"async\" width=\"150\" height=\"150\" src=\"https:\/\/www.incorectpolitic.com\/wp-content\/uploads\/2019\/02\/freedomfromchain-150x150.jpg\" class=\"attachment-thumbnail size-thumbnail wp-post-image lazyload\" alt><img loading=\"lazy\" decoding=\"async\" width=\"150\" height=\"150\" src=\"https:\/\/www.incorectpolitic.com\/wp-content\/uploads\/2019\/02\/freedomfromchain-150x150.jpg\" class=\"attachment-thumbnail size-thumbnail wp-post-image\" alt data-eio=\"l\"><\/a><\/div>\n<div class=\"entry-title\"><a class=\"featured_post_link\" href=\"https:\/\/www.incorectpolitic.com\/despre-adevar\/\" title=\"Despre Adev\u0103r\">Despre Adev\u0103r<\/a><\/div>\n<\/article>\n<article class=\"post-53767 post type-post status-publish entry includes-feat-image\">\n<div class=\"featured-image alignleft\"><a class=\"featured_post_link\" href=\"https:\/\/www.incorectpolitic.com\/dictionarul-coincidentelor-cine-sunt-iudeii-care-ne-au-influentat-tara-in-istoria-recenta\/\" title=\"DIC\u021aIONARUL COINCIDEN\u021aELOR  \u2013 Cine sunt iudeii care ne-au influen\u021bat \u021bara \u00een istoria recent\u0103\"><img loading=\"lazy\" decoding=\"async\" width=\"150\" height=\"150\" src=\"https:\/\/www.incorectpolitic.com\/wp-content\/uploads\/2021\/09\/coinc-150x150.png\" class=\"attachment-thumbnail size-thumbnail wp-post-image lazyload\" alt><img loading=\"lazy\" decoding=\"async\" width=\"150\" height=\"150\" src=\"https:\/\/www.incorectpolitic.com\/wp-content\/uploads\/2021\/09\/coinc-150x150.png\" class=\"attachment-thumbnail size-thumbnail wp-post-image\" alt data-eio=\"l\"><\/a><\/div>\n<div class=\"entry-title\"><a class=\"featured_post_link\" href=\"https:\/\/www.incorectpolitic.com\/dictionarul-coincidentelor-cine-sunt-iudeii-care-ne-au-influentat-tara-in-istoria-recenta\/\" title=\"DIC\u021aIONARUL COINCIDEN\u021aELOR  \u2013 Cine sunt iudeii care ne-au influen\u021bat \u021bara \u00een istoria recent\u0103\">DIC\u021aIONARUL COINCIDEN\u021aELOR  \u2013 Cine sunt iudeii care ne-au influen\u021bat \u021bara \u00een istoria recent\u0103<\/a><\/div>\n<\/article>\n<article class=\"post-51156 post type-post status-publish entry includes-feat-image\">\n<div class=\"featured-image alignleft\"><a class=\"featured_post_link\" href=\"https:\/\/www.incorectpolitic.com\/desertaciune-nu-aparare\/\" title=\"DE\u0218ERT\u0102CIUNE?! Nu, AP\u0102RARE!\"><img loading=\"lazy\" decoding=\"async\" width=\"150\" height=\"150\" class=\"attachment-thumbnail size-thumbnail wp-post-image lazyload\" alt src=\"https:\/\/www.incorectpolitic.com\/wp-content\/uploads\/2021\/06\/desertaciune-nu-aparare-150x150.jpg\"><img loading=\"lazy\" decoding=\"async\" width=\"150\" height=\"150\" src=\"https:\/\/www.incorectpolitic.com\/wp-content\/uploads\/2021\/06\/desertaciune-nu-aparare-150x150.jpg\" class=\"attachment-thumbnail size-thumbnail wp-post-image\" alt data-eio=\"l\"><\/a><\/div>\n<div class=\"entry-title\"><a class=\"featured_post_link\" href=\"https:\/\/www.incorectpolitic.com\/desertaciune-nu-aparare\/\" title=\"DE\u0218ERT\u0102CIUNE?! Nu, AP\u0102RARE!\">DE\u0218ERT\u0102CIUNE?! Nu, AP\u0102RARE!<\/a><\/div>\n<\/article>\n<article class=\"post-44728 post type-post status-publish entry includes-feat-image\">\n<div class=\"featured-image alignleft\"><a class=\"featured_post_link\" href=\"https:\/\/www.incorectpolitic.com\/resetarea-medicinei-sau-resetarea-omenirii-prin-nanotehnologie\/\" title=\"Resetarea Medicinei sau Resetarea Omenirii prin Nanotehnologie\"><img loading=\"lazy\" decoding=\"async\" width=\"150\" height=\"150\" src=\"https:\/\/www.incorectpolitic.com\/wp-content\/uploads\/2020\/12\/ed8a914d6d236c9d231903a8b2e79f63-150x150.gif\" class=\"attachment-thumbnail size-thumbnail wp-post-image lazyload\" alt><img loading=\"lazy\" decoding=\"async\" width=\"150\" height=\"150\" src=\"https:\/\/www.incorectpolitic.com\/wp-content\/uploads\/2020\/12\/ed8a914d6d236c9d231903a8b2e79f63-150x150.gif\" class=\"attachment-thumbnail size-thumbnail wp-post-image\" alt data-eio=\"l\"><\/a><\/div>\n<div class=\"entry-title\"><a class=\"featured_post_link\" href=\"https:\/\/www.incorectpolitic.com\/resetarea-medicinei-sau-resetarea-omenirii-prin-nanotehnologie\/\" title=\"Resetarea Medicinei sau Resetarea Omenirii prin Nanotehnologie\">Resetarea Medicinei sau Resetarea Omenirii prin Nanotehnologie<\/a><\/div>\n<\/article>\n<article class=\"post-43837 post type-post status-publish entry includes-feat-image\">\n<div class=\"featured-image alignleft\"><a class=\"featured_post_link\" href=\"https:\/\/www.incorectpolitic.com\/noul-legamant\/\" title=\"Noul Leg\u0103m\u00e2nt\"><img loading=\"lazy\" decoding=\"async\" width=\"150\" height=\"150\" src=\"https:\/\/www.incorectpolitic.com\/wp-content\/uploads\/2020\/12\/NL-150x150.jpg\" class=\"attachment-thumbnail size-thumbnail wp-post-image lazyload\" alt><img loading=\"lazy\" decoding=\"async\" width=\"150\" height=\"150\" src=\"https:\/\/www.incorectpolitic.com\/wp-content\/uploads\/2020\/12\/NL-150x150.jpg\" class=\"attachment-thumbnail size-thumbnail wp-post-image\" alt data-eio=\"l\"><\/a><\/div>\n<div class=\"entry-title\"><a class=\"featured_post_link\" href=\"https:\/\/www.incorectpolitic.com\/noul-legamant\/\" title=\"Noul Leg\u0103m\u00e2nt\">Noul Leg\u0103m\u00e2nt<\/a><\/div>\n<\/article>\n<article class=\"post-42525 post type-post status-publish entry includes-feat-image\">\n<div class=\"featured-image alignleft\"><a class=\"featured_post_link\" href=\"https:\/\/www.incorectpolitic.com\/vaccinarea-inseamna-crima-un-atentat-la-sanatatea-personala-la-integritatea-corporala-si-intimitatea-oricarui-om-liber-medicul-ce-vaccineaza-cu-forta-un-om-liber-merita-sa-fie-pedepsit-de-acesta\/\" title=\"Vaccinarea \u00eenseamn\u0103 crim\u0103, un atentat la s\u0103n\u0103tatea personal\u0103, la integritatea corporal\u0103 \u0219i intimitatea oric\u0103rui om liber. Medicul ce vaccineaz\u0103 cu for\u021ba un om liber merit\u0103 s\u0103 fie pedepsit de acesta\"><img loading=\"lazy\" decoding=\"async\" width=\"150\" height=\"150\" src=\"https:\/\/www.incorectpolitic.com\/wp-content\/uploads\/2020\/11\/syringe_0-150x150.jpg\" class=\"attachment-thumbnail size-thumbnail wp-post-image lazyload\" alt><img loading=\"lazy\" decoding=\"async\" width=\"150\" height=\"150\" src=\"https:\/\/www.incorectpolitic.com\/wp-content\/uploads\/2020\/11\/syringe_0-150x150.jpg\" class=\"attachment-thumbnail size-thumbnail wp-post-image\" alt data-eio=\"l\"><\/a><\/div>\n<div class=\"entry-title\"><a class=\"featured_post_link\" href=\"https:\/\/www.incorectpolitic.com\/vaccinarea-inseamna-crima-un-atentat-la-sanatatea-personala-la-integritatea-corporala-si-intimitatea-oricarui-om-liber-medicul-ce-vaccineaza-cu-forta-un-om-liber-merita-sa-fie-pedepsit-de-acesta\/\" title=\"Vaccinarea \u00eenseamn\u0103 crim\u0103, un atentat la s\u0103n\u0103tatea personal\u0103, la integritatea corporal\u0103 \u0219i intimitatea oric\u0103rui om liber. Medicul ce vaccineaz\u0103 cu for\u021ba un om liber merit\u0103 s\u0103 fie pedepsit de acesta\">Vaccinarea \u00eenseamn\u0103 crim\u0103, un atentat la s\u0103n\u0103tatea personal\u0103, la integritatea corporal\u0103 \u0219i intimitatea oric\u0103rui om liber. Medicul ce vaccineaz\u0103 cu for\u021ba un om liber merit\u0103 s\u0103 fie pedepsit de acesta<\/a><\/div>\n<\/article>\n<article class=\"post-38338 post type-post status-publish entry includes-feat-image\">\n<div class=\"featured-image alignleft\"><a class=\"featured_post_link\" href=\"https:\/\/www.incorectpolitic.com\/trebuie-sa-distrugem-suprematia-jidoveasca\/\" title=\"Trebuie s\u0103 distrugem superma\u021bia jidoveasc\u0103!\"><img loading=\"lazy\" decoding=\"async\" width=\"150\" height=\"150\" src=\"https:\/\/www.incorectpolitic.com\/wp-content\/uploads\/2018\/11\/GunoiOPS-150x150.png\" class=\"attachment-thumbnail size-thumbnail wp-post-image lazyload\" alt><img loading=\"lazy\" decoding=\"async\" width=\"150\" height=\"150\" src=\"https:\/\/www.incorectpolitic.com\/wp-content\/uploads\/2018\/11\/GunoiOPS-150x150.png\" class=\"attachment-thumbnail size-thumbnail wp-post-image\" alt data-eio=\"l\"><\/a><\/div>\n<div class=\"entry-title\"><a class=\"featured_post_link\" href=\"https:\/\/www.incorectpolitic.com\/trebuie-sa-distrugem-suprematia-jidoveasca\/\" title=\"Trebuie s\u0103 distrugem superma\u021bia jidoveasc\u0103!\">Trebuie s\u0103 distrugem superma\u021bia jidoveasc\u0103!<\/a><\/div>\n<\/article>\n<article class=\"post-30776 post type-post status-publish entry includes-feat-image\">\n<div class=\"featured-image alignleft\"><a class=\"featured_post_link\" href=\"https:\/\/www.incorectpolitic.com\/da-ti-doua-palme-si-ridica-te\/\" title=\"D\u0103-\u021bi Dou\u0103 Palme \u0219i Ridic\u0103-te\"><img loading=\"lazy\" decoding=\"async\" width=\"150\" height=\"150\" src=\"https:\/\/www.incorectpolitic.com\/wp-content\/uploads\/2019\/11\/1-mai-620x350-150x150.jpg\" class=\"attachment-thumbnail size-thumbnail wp-post-image lazyload\" alt><img loading=\"lazy\" decoding=\"async\" width=\"150\" height=\"150\" src=\"https:\/\/www.incorectpolitic.com\/wp-content\/uploads\/2019\/11\/1-mai-620x350-150x150.jpg\" class=\"attachment-thumbnail size-thumbnail wp-post-image\" alt data-eio=\"l\"><\/a><\/div>\n<div class=\"entry-title\"><a class=\"featured_post_link\" href=\"https:\/\/www.incorectpolitic.com\/da-ti-doua-palme-si-ridica-te\/\" title=\"D\u0103-\u021bi Dou\u0103 Palme \u0219i Ridic\u0103-te\">D\u0103-\u021bi Dou\u0103 Palme \u0219i Ridic\u0103-te<\/a><\/div>\n<\/article>\n<article class=\"post-27862 post type-post status-publish entry includes-feat-image\">\n<div class=\"featured-image alignleft\"><a class=\"featured_post_link\" href=\"https:\/\/www.incorectpolitic.com\/scrisoare-deschisa-catre-neamul-romanesc\/\" title=\"Scrisoare Deschis\u0103 C\u0103tre Neamul Rom\u00e2nesc\"><img loading=\"lazy\" decoding=\"async\" width=\"150\" height=\"150\" src=\"https:\/\/www.incorectpolitic.com\/wp-content\/uploads\/2019\/09\/videoblocks-male-hand-reload-a-revolver-magnum-gun-without-bullets-magnum-revolver-and-empty-bullet-magnum-lead-round-nose-45-auto-rim-revolver-rounds_ha1focujz_thumbnail-full01-150x150.jpg\" class=\"attachment-thumbnail size-thumbnail wp-post-image lazyload\" alt><img loading=\"lazy\" decoding=\"async\" width=\"150\" height=\"150\" src=\"https:\/\/www.incorectpolitic.com\/wp-content\/uploads\/2019\/09\/videoblocks-male-hand-reload-a-revolver-magnum-gun-without-bullets-magnum-revolver-and-empty-bullet-magnum-lead-round-nose-45-auto-rim-revolver-rounds_ha1focujz_thumbnail-full01-150x150.jpg\" class=\"attachment-thumbnail size-thumbnail wp-post-image\" alt data-eio=\"l\"><\/a><\/div>\n<div class=\"entry-title\"><a class=\"featured_post_link\" href=\"https:\/\/www.incorectpolitic.com\/scrisoare-deschisa-catre-neamul-romanesc\/\" title=\"Scrisoare Deschis\u0103 C\u0103tre Neamul Rom\u00e2nesc\">Scrisoare Deschis\u0103 C\u0103tre Neamul Rom\u00e2nesc<\/a><\/div>\n<\/article>\n<article class=\"post-26255 post type-post status-publish entry includes-feat-image\">\n<div class=\"featured-image alignleft\"><a class=\"featured_post_link\" href=\"https:\/\/www.incorectpolitic.com\/sociologia-eliberarii-si-curentele-laterale-de-sedimentare-revolutionara\/\" title=\"Sociologia Eliber\u0103rii \u0219i Curentele Laterale de Sedimentare Revolu\u021bionar\u0103\"><img loading=\"lazy\" decoding=\"async\" width=\"150\" height=\"150\" src=\"https:\/\/www.incorectpolitic.com\/wp-content\/uploads\/2020\/12\/nm3-150x150.png\" class=\"attachment-thumbnail size-thumbnail wp-post-image lazyload\" alt><img loading=\"lazy\" decoding=\"async\" width=\"150\" height=\"150\" src=\"https:\/\/www.incorectpolitic.com\/wp-content\/uploads\/2020\/12\/nm3-150x150.png\" class=\"attachment-thumbnail size-thumbnail wp-post-image\" alt data-eio=\"l\"><\/a><\/div>\n<div class=\"entry-title\"><a class=\"featured_post_link\" href=\"https:\/\/www.incorectpolitic.com\/sociologia-eliberarii-si-curentele-laterale-de-sedimentare-revolutionara\/\" title=\"Sociologia Eliber\u0103rii \u0219i Curentele Laterale de Sedimentare Revolu\u021bionar\u0103\">Sociologia Eliber\u0103rii \u0219i Curentele Laterale de Sedimentare Revolu\u021bionar\u0103<\/a><\/div>\n<\/article>\n<article class=\"post-21977 post type-post status-publish entry includes-feat-image\">\n<div class=\"featured-image alignleft\"><a class=\"featured_post_link\" href=\"https:\/\/www.incorectpolitic.com\/impotriva-fatalismului\/\" title=\"\u00cempotriva Fatalismului\"><img loading=\"lazy\" decoding=\"async\" width=\"150\" height=\"150\" src=\"https:\/\/www.incorectpolitic.com\/wp-content\/uploads\/2019\/04\/thumb-150x150.jpg\" class=\"attachment-thumbnail size-thumbnail wp-post-image lazyload\" alt><img loading=\"lazy\" decoding=\"async\" width=\"150\" height=\"150\" src=\"https:\/\/www.incorectpolitic.com\/wp-content\/uploads\/2019\/04\/thumb-150x150.jpg\" class=\"attachment-thumbnail size-thumbnail wp-post-image\" alt data-eio=\"l\"><\/a><\/div>\n<div class=\"entry-title\"><a class=\"featured_post_link\" href=\"https:\/\/www.incorectpolitic.com\/impotriva-fatalismului\/\" title=\"\u00cempotriva Fatalismului\">\u00cempotriva Fatalismului<\/a><\/div>\n<\/article>\n<article class=\"post-20844 post type-post status-publish entry includes-feat-image\">\n<div class=\"featured-image alignleft\"><a class=\"featured_post_link\" href=\"https:\/\/www.incorectpolitic.com\/inceputul-etapei-post-globaliste-mass-media-ultimul-obstacol\/\" title=\"\u00cenceputul Etapei Post-Globaliste \u2013  Mass Media Ultimul Obstacol\"><img loading=\"lazy\" decoding=\"async\" width=\"150\" height=\"150\" src=\"https:\/\/www.incorectpolitic.com\/wp-content\/uploads\/2019\/03\/https___cdn.cnn_.com_cnnnext_dam_assets_181202123002-yellow-vest-protest-150x150.jpg\" class=\"attachment-thumbnail size-thumbnail wp-post-image lazyload\" alt><img loading=\"lazy\" decoding=\"async\" width=\"150\" height=\"150\" src=\"https:\/\/www.incorectpolitic.com\/wp-content\/uploads\/2019\/03\/https___cdn.cnn_.com_cnnnext_dam_assets_181202123002-yellow-vest-protest-150x150.jpg\" class=\"attachment-thumbnail size-thumbnail wp-post-image\" alt data-eio=\"l\"><\/a><\/div>\n<div class=\"entry-title\"><a class=\"featured_post_link\" href=\"https:\/\/www.incorectpolitic.com\/inceputul-etapei-post-globaliste-mass-media-ultimul-obstacol\/\" title=\"\u00cenceputul Etapei Post-Globaliste \u2013  Mass Media Ultimul Obstacol\">\u00cenceputul Etapei Post-Globaliste \u2013  Mass Media Ultimul Obstacol<\/a><\/div>\n<\/article>\n<article class=\"post-19704 post type-post status-publish entry includes-feat-image\">\n<div class=\"featured-image alignleft\"><a class=\"featured_post_link\" href=\"https:\/\/www.incorectpolitic.com\/mlastina-mass-media-serial-complet\/\" title=\"Mla\u0219tina Mass Media  \u2013 Serial Complet\"><img loading=\"lazy\" decoding=\"async\" width=\"150\" height=\"150\" src=\"https:\/\/www.incorectpolitic.com\/wp-content\/uploads\/2018\/06\/colaj-modificat-1-768x278-150x150.jpg\" class=\"attachment-thumbnail size-thumbnail wp-post-image lazyload\" alt><img loading=\"lazy\" decoding=\"async\" width=\"150\" height=\"150\" src=\"https:\/\/www.incorectpolitic.com\/wp-content\/uploads\/2018\/06\/colaj-modificat-1-768x278-150x150.jpg\" class=\"attachment-thumbnail size-thumbnail wp-post-image\" alt data-eio=\"l\"><\/a><\/div>\n<div class=\"entry-title\"><a class=\"featured_post_link\" href=\"https:\/\/www.incorectpolitic.com\/mlastina-mass-media-serial-complet\/\" title=\"Mla\u0219tina Mass Media  \u2013 Serial Complet\">Mla\u0219tina Mass Media  \u2013 Serial Complet<\/a><\/div>\n<\/article>\n<article class=\"post-5104 post type-post status-publish entry includes-feat-image\">\n<div class=\"featured-image alignleft\"><a class=\"featured_post_link\" href=\"https:\/\/www.incorectpolitic.com\/momentul-1937\/\" title=\"Momentul 1937\"><img loading=\"lazy\" decoding=\"async\" width=\"150\" height=\"150\" src=\"https:\/\/www.incorectpolitic.com\/wp-content\/uploads\/2018\/03\/capitanul-codreanu2003a-150x150.jpg\" class=\"attachment-thumbnail size-thumbnail wp-post-image lazyload\" alt><img loading=\"lazy\" decoding=\"async\" width=\"150\" height=\"150\" src=\"https:\/\/www.incorectpolitic.com\/wp-content\/uploads\/2018\/03\/capitanul-codreanu2003a-150x150.jpg\" class=\"attachment-thumbnail size-thumbnail wp-post-image\" alt data-eio=\"l\"><\/a><\/div>\n<div class=\"entry-title\"><a class=\"featured_post_link\" href=\"https:\/\/www.incorectpolitic.com\/momentul-1937\/\" title=\"Momentul 1937\">Momentul 1937<\/a><\/div>\n<\/article>\n<article class=\"post-16914 post type-post status-publish entry includes-feat-image\">\n<div class=\"featured-image alignleft\"><a class=\"featured_post_link\" href=\"https:\/\/www.incorectpolitic.com\/portretul-romanului-iudeo-crestin\/\" title=\"Portretul Rom\u00e2nului Iudeo-Cre\u0219tin Iubitor de Infanticid\"><img loading=\"lazy\" decoding=\"async\" width=\"150\" height=\"150\" src=\"https:\/\/www.incorectpolitic.com\/wp-content\/uploads\/2019\/01\/venn-150x150.jpg\" class=\"attachment-thumbnail size-thumbnail wp-post-image lazyload\" alt><img loading=\"lazy\" decoding=\"async\" width=\"150\" height=\"150\" src=\"https:\/\/www.incorectpolitic.com\/wp-content\/uploads\/2019\/01\/venn-150x150.jpg\" class=\"attachment-thumbnail size-thumbnail wp-post-image\" alt data-eio=\"l\"><\/a><\/div>\n<div class=\"entry-title\"><a class=\"featured_post_link\" href=\"https:\/\/www.incorectpolitic.com\/portretul-romanului-iudeo-crestin\/\" title=\"Portretul Rom\u00e2nului Iudeo-Cre\u0219tin Iubitor de Infanticid\">Portretul Rom\u00e2nului Iudeo-Cre\u0219tin Iubitor de Infanticid<\/a><\/div>\n<\/article>\n<article class=\"post-13899 post type-post status-publish entry includes-feat-image\">\n<div class=\"featured-image alignleft\"><a class=\"featured_post_link\" href=\"https:\/\/www.incorectpolitic.com\/manifest-impotriva-national-sionismului\/\" title=\"Manifest \u00cempotriva Na\u021bional-Sionismului din Rom\u00e2nia\"><img loading=\"lazy\" decoding=\"async\" width=\"150\" height=\"150\" src=\"https:\/\/www.incorectpolitic.com\/wp-content\/uploads\/2018\/10\/z1-150x150.png\" class=\"attachment-thumbnail size-thumbnail wp-post-image lazyload\" alt><img loading=\"lazy\" decoding=\"async\" width=\"150\" height=\"150\" src=\"https:\/\/www.incorectpolitic.com\/wp-content\/uploads\/2018\/10\/z1-150x150.png\" class=\"attachment-thumbnail size-thumbnail wp-post-image\" alt data-eio=\"l\"><\/a><\/div>\n<div class=\"entry-title\"><a class=\"featured_post_link\" href=\"https:\/\/www.incorectpolitic.com\/manifest-impotriva-national-sionismului\/\" title=\"Manifest \u00cempotriva Na\u021bional-Sionismului din Rom\u00e2nia\">Manifest \u00cempotriva Na\u021bional-Sionismului din Rom\u00e2nia<\/a><\/div>\n<\/article>\n<article class=\"post-7498 post type-post status-publish entry includes-feat-image\">\n<div class=\"featured-image alignleft\"><a class=\"featured_post_link\" href=\"https:\/\/www.incorectpolitic.com\/istorie-zydokomuna-cea-mai-completa-lista-a-nomenclaturii-iudeo-bolsevice-din-romania\/\" title=\"Istorie: \u017bYDOKOMUNA, Cea Mai Complet\u0103 List\u0103 a Nomenclaturii Iudeo-Bol\u0219evice din Rom\u00e2nia\"><img loading=\"lazy\" decoding=\"async\" width=\"150\" height=\"150\" src=\"https:\/\/www.incorectpolitic.com\/wp-content\/uploads\/2018\/06\/holocaustul-rosu-150x150.jpg\" class=\"attachment-thumbnail size-thumbnail wp-post-image lazyload\" alt><img loading=\"lazy\" decoding=\"async\" width=\"150\" height=\"150\" src=\"https:\/\/www.incorectpolitic.com\/wp-content\/uploads\/2018\/06\/holocaustul-rosu-150x150.jpg\" class=\"attachment-thumbnail size-thumbnail wp-post-image\" alt data-eio=\"l\"><\/a><\/div>\n<div class=\"entry-title\"><a class=\"featured_post_link\" href=\"https:\/\/www.incorectpolitic.com\/istorie-zydokomuna-cea-mai-completa-lista-a-nomenclaturii-iudeo-bolsevice-din-romania\/\" title=\"Istorie: \u017bYDOKOMUNA, Cea Mai Complet\u0103 List\u0103 a Nomenclaturii Iudeo-Bol\u0219evice din Rom\u00e2nia\">Istorie: \u017bYDOKOMUNA, Cea Mai Complet\u0103 List\u0103 a Nomenclaturii Iudeo-Bol\u0219evice din Rom\u00e2nia<\/a><\/div>\n<\/article>\n<article class=\"post-6413 post type-post status-publish entry includes-feat-image\">\n<div class=\"featured-image alignleft\"><a class=\"featured_post_link\" href=\"https:\/\/www.incorectpolitic.com\/iudaismul-este-un-proiect-politic\/\" title=\"Iudaismul Este Un Proiect Politic\"><img loading=\"lazy\" decoding=\"async\" width=\"150\" height=\"150\" src=\"https:\/\/www.incorectpolitic.com\/wp-content\/uploads\/2018\/05\/israelzionismjudaism5-150x150.jpeg\" class=\"attachment-thumbnail size-thumbnail wp-post-image lazyload\" alt><img loading=\"lazy\" decoding=\"async\" width=\"150\" height=\"150\" src=\"https:\/\/www.incorectpolitic.com\/wp-content\/uploads\/2018\/05\/israelzionismjudaism5-150x150.jpeg\" class=\"attachment-thumbnail size-thumbnail wp-post-image\" alt data-eio=\"l\"><\/a><\/div>\n<div class=\"entry-title\"><a class=\"featured_post_link\" href=\"https:\/\/www.incorectpolitic.com\/iudaismul-este-un-proiect-politic\/\" title=\"Iudaismul Este Un Proiect Politic\">Iudaismul Este Un Proiect Politic<\/a><\/div>\n<\/article>\n<article class=\"post-5089 post type-post status-publish entry includes-feat-image\">\n<div class=\"featured-image alignleft\"><a class=\"featured_post_link\" href=\"https:\/\/www.incorectpolitic.com\/exploziv-si-excluziv-interviul-interzis-in-presa-romaneasca\/\" title=\"EXPLOZIV \u0218I EXCLUSIV: Interviul INTERZIS \u00een Presa Rom\u00e2neasc\u0103\"><img loading=\"lazy\" decoding=\"async\" width=\"150\" height=\"150\" src=\"https:\/\/www.incorectpolitic.com\/wp-content\/uploads\/2018\/03\/gscz6z-150x150.gif\" class=\"attachment-thumbnail size-thumbnail wp-post-image lazyload\" alt><img loading=\"lazy\" decoding=\"async\" width=\"150\" height=\"150\" src=\"https:\/\/www.incorectpolitic.com\/wp-content\/uploads\/2018\/03\/gscz6z-150x150.gif\" class=\"attachment-thumbnail size-thumbnail wp-post-image\" alt data-eio=\"l\"><\/a><\/div>\n<div class=\"entry-title\"><a class=\"featured_post_link\" href=\"https:\/\/www.incorectpolitic.com\/exploziv-si-excluziv-interviul-interzis-in-presa-romaneasca\/\" title=\"EXPLOZIV \u0218I EXCLUSIV: Interviul INTERZIS \u00een Presa Rom\u00e2neasc\u0103\">EXPLOZIV \u0218I EXCLUSIV: Interviul INTERZIS \u00een Presa Rom\u00e2neasc\u0103<\/a><\/div>\n<\/article>\n<article class=\"post-1109 post type-post status-publish entry includes-feat-image\">\n<div class=\"featured-image alignleft\"><a class=\"featured_post_link\" href=\"https:\/\/www.incorectpolitic.com\/ofensiva-spirituala-poloniei\/\" title=\"Ofensiva Spiritual\u0103 a Poloniei\"><img loading=\"lazy\" decoding=\"async\" width=\"150\" height=\"150\" src=\"https:\/\/www.incorectpolitic.com\/wp-content\/uploads\/2017\/10\/jesus-with-whip3-150x150.jpg\" class=\"attachment-thumbnail size-thumbnail wp-post-image lazyload\" alt><img loading=\"lazy\" decoding=\"async\" width=\"150\" height=\"150\" src=\"https:\/\/www.incorectpolitic.com\/wp-content\/uploads\/2017\/10\/jesus-with-whip3-150x150.jpg\" class=\"attachment-thumbnail size-thumbnail wp-post-image\" alt data-eio=\"l\"><\/a><\/div>\n<div class=\"entry-title\"><a class=\"featured_post_link\" href=\"https:\/\/www.incorectpolitic.com\/ofensiva-spirituala-poloniei\/\" title=\"Ofensiva Spiritual\u0103 a Poloniei\">Ofensiva Spiritual\u0103 a Poloniei<\/a><\/div>\n<\/article>\n<article class=\"post-5673 post type-post status-publish entry includes-feat-image\">\n<div class=\"featured-image alignleft\"><a class=\"featured_post_link\" href=\"https:\/\/www.incorectpolitic.com\/biciul-prigonirii-romanilor-este-in-mana-jidanilor\/\" title=\"Biciul Prigonirii Rom\u00e2nilor Este \u00een M\u00e2na Jidanilor!\"><img loading=\"lazy\" decoding=\"async\" width=\"150\" height=\"150\" src=\"https:\/\/www.incorectpolitic.com\/wp-content\/uploads\/2018\/04\/S.-Vexler-si-B.-Netanyahu-150x150.jpg\" class=\"attachment-thumbnail size-thumbnail wp-post-image lazyload\" alt><img loading=\"lazy\" decoding=\"async\" width=\"150\" height=\"150\" src=\"https:\/\/www.incorectpolitic.com\/wp-content\/uploads\/2018\/04\/S.-Vexler-si-B.-Netanyahu-150x150.jpg\" class=\"attachment-thumbnail size-thumbnail wp-post-image\" alt data-eio=\"l\"><\/a><\/div>\n<div class=\"entry-title\"><a class=\"featured_post_link\" href=\"https:\/\/www.incorectpolitic.com\/biciul-prigonirii-romanilor-este-in-mana-jidanilor\/\" title=\"Biciul Prigonirii Rom\u00e2nilor Este \u00een M\u00e2na Jidanilor!\">Biciul Prigonirii Rom\u00e2nilor Este \u00een M\u00e2na Jidanilor!<\/a><\/div>\n<\/article>\n<article class=\"post-80464 post type-post status-publish entry includes-feat-image\">\n<div class=\"featured-image alignleft\"><a class=\"featured_post_link\" href=\"https:\/\/www.incorectpolitic.com\/talmudismul-este-esenta-satanismului\/\" title=\"TALMUDISMUL ESTE ESEN\u021aA SATANISMULUI\"><img loading=\"lazy\" decoding=\"async\" width=\"150\" height=\"150\" src=\"https:\/\/www.incorectpolitic.com\/wp-content\/uploads\/2020\/02\/vasile-zarnescu-150x150.png\" class=\"attachment-thumbnail size-thumbnail wp-post-image lazyload\" alt><img loading=\"lazy\" decoding=\"async\" width=\"150\" height=\"150\" src=\"https:\/\/www.incorectpolitic.com\/wp-content\/uploads\/2020\/02\/vasile-zarnescu-150x150.png\" class=\"attachment-thumbnail size-thumbnail wp-post-image\" alt data-eio=\"l\"><\/a><\/div>\n<div class=\"entry-title\"><a class=\"featured_post_link\" href=\"https:\/\/www.incorectpolitic.com\/talmudismul-este-esenta-satanismului\/\" title=\"TALMUDISMUL ESTE ESEN\u021aA SATANISMULUI\">TALMUDISMUL ESTE ESEN\u021aA SATANISMULUI<\/a><\/div>\n<\/article>\n<article class=\"post-20005 post type-post status-publish entry includes-feat-image\">\n<div class=\"featured-image alignleft\"><a class=\"featured_post_link\" href=\"https:\/\/www.incorectpolitic.com\/viciul-matematic-elementar-v-m-e-2\/\" title=\"Viciul Matematic Elementar (V.M.E.)\"><img loading=\"lazy\" decoding=\"async\" width=\"150\" height=\"150\" src=\"https:\/\/www.incorectpolitic.com\/wp-content\/uploads\/2017\/12\/tell-lie-vision-150x150.jpg\" class=\"attachment-thumbnail size-thumbnail wp-post-image lazyload\" alt><img loading=\"lazy\" decoding=\"async\" width=\"150\" height=\"150\" src=\"https:\/\/www.incorectpolitic.com\/wp-content\/uploads\/2017\/12\/tell-lie-vision-150x150.jpg\" class=\"attachment-thumbnail size-thumbnail wp-post-image\" alt data-eio=\"l\"><\/a><\/div>\n<div class=\"entry-title\"><a class=\"featured_post_link\" href=\"https:\/\/www.incorectpolitic.com\/viciul-matematic-elementar-v-m-e-2\/\" title=\"Viciul Matematic Elementar (V.M.E.)\">Viciul Matematic Elementar (V.M.E.)<\/a><\/div>\n<\/article>\n<p>[analyse_source url=&#8221;https:\/\/www.incorectpolitic.com\/in-apararea-tovarasului-craciunoiu-jos-delictul-de-opinie\/&#8221;]<\/p>\n","protected":false},"excerpt":{"rendered":"<p>[analyse_image type=&#8221;featured&#8221; src=&#8221;https:\/\/www.incorectpolitic.com\/wp-content\/uploads\/2026\/08\/articol-craciunoiu.png&#8221;] Sterie CiumettiIncorect Politic August 17, 2026 \u00cen Ap\u0103rarea Tovar\u0103\u0219ului Cr\u0103ciunoiu \u2013 Jos delictul de opinie! Nu cred c\u0103 te-ai a\u0219teptat la asta, Incorect Politic lu\u00e2ndu-i ap\u0103rarea tovar\u0103\u0219ului Cr\u0103ciunoiu. Dar uite c\u0103 ai tr\u0103it-o \u0219i pe asta. Poate crezi c\u0103 este unul dintre cele mai ciudate articole pe care le-am scris, dar \u00een [&hellip;]<\/p>\n","protected":false},"author":1,"featured_media":0,"comment_status":"open","ping_status":"","sticky":false,"template":"","format":"standard","meta":{"footnotes":""},"categories":[89],"tags":[226,95],"class_list":["post-2099110","post","type-post","status-publish","format-standard","hentry","category-romania","tag-crawlmanager","tag-incorectpolitic-com"],"_links":{"self":[{"href":"https:\/\/analyse.optim.biz\/index.php?rest_route=\/wp\/v2\/posts\/2099110","targetHints":{"allow":["GET"]}}],"collection":[{"href":"https:\/\/analyse.optim.biz\/index.php?rest_route=\/wp\/v2\/posts"}],"about":[{"href":"https:\/\/analyse.optim.biz\/index.php?rest_route=\/wp\/v2\/types\/post"}],"author":[{"embeddable":true,"href":"https:\/\/analyse.optim.biz\/index.php?rest_route=\/wp\/v2\/users\/1"}],"replies":[{"embeddable":true,"href":"https:\/\/analyse.optim.biz\/index.php?rest_route=%2Fwp%2Fv2%2Fcomments&post=2099110"}],"version-history":[{"count":0,"href":"https:\/\/analyse.optim.biz\/index.php?rest_route=\/wp\/v2\/posts\/2099110\/revisions"}],"wp:attachment":[{"href":"https:\/\/analyse.optim.biz\/index.php?rest_route=%2Fwp%2Fv2%2Fmedia&parent=2099110"}],"wp:term":[{"taxonomy":"category","embeddable":true,"href":"https:\/\/analyse.optim.biz\/index.php?rest_route=%2Fwp%2Fv2%2Fcategories&post=2099110"},{"taxonomy":"post_tag","embeddable":true,"href":"https:\/\/analyse.optim.biz\/index.php?rest_route=%2Fwp%2Fv2%2Ftags&post=2099110"}],"curies":[{"name":"wp","href":"https:\/\/api.w.org\/{rel}","templated":true}]}}