{"id":2099089,"date":"2026-08-18T11:19:43","date_gmt":"2026-08-18T08:19:43","guid":{"rendered":"https:\/\/analyse.optim.biz\/?p=2099089"},"modified":"2026-08-18T11:19:43","modified_gmt":"2026-08-18T08:19:43","slug":"ramnicelu-extinderea-retelei-de-canalizare-la-fotin-stiubeiu-si-colibasi","status":"publish","type":"post","link":"https:\/\/analyse.optim.biz\/?p=2099089","title":{"rendered":"R\u00e2mnicelu \u2013 Extinderea re\u021belei de canalizare la Fotin, \u0218tiubeiu \u0219i Coliba\u0219i"},"content":{"rendered":"<p>[analyse_image type=&#8221;featured&#8221; src=&#8221;https:\/\/blitz24.ro\/wp-content\/uploads\/2022\/07\/primaria-ramnicelu.jpg&#8221;]<\/p>\n<div class=\"cm-entry-summary\">\n<p><strong>Primarul comunei buzoiene R\u00e2mnicelu, F\u0103nel Burlacu, poate fi considerat unul dintre \u0219efii de administra\u021bii publice din zona rural\u0103 a jude\u021bului care a avut inspira\u021bia s\u0103 ob\u021bin\u0103 o finan\u021bare important\u0103 pentru comunitatea pe care o conduce, dar mai ales care a reu\u0219it s\u0103 duc\u0103 proiectul pe o list\u0103 exclusiv\u0103, \u00een care sumele destinate investi\u021biei au \u0219i fost deblocate, chiar dac\u0103 majoritatea m\u0103surilor luate de guvernan\u021bi impun restic\u021bii \u00een primul r\u00e2nd de ordin financiar.<\/strong><\/p>\n<p>Comuna R\u00e2mnicelu este beneficiara unei finan\u021b\u0103ri de aproape 13 milioane lei , bani care vor sus\u021bine realizarea re\u021belelor de canalizare \u00een trei dintre satele componente, respectiv Coliba\u0219i, \u0218tiubeiu \u0219i Fotin.<\/p>\n<p>Odat\u0103 cu \u00eenceperea lucr\u0103rilor la canalizarea din cele trei sate amintite, primarul Burlacu are preg\u0103tit un proiect local, cu sus\u021binere financiar\u0103 de la bugetul comunei, care prevede lucr\u0103ri laborioase pentru cur\u0103\u021barea \u0219i remedierea deterior\u0103rilor la re\u021beaua veche, din satul R\u00e2mnicelu.<\/p>\n<p>Conform informa\u021biilor transmise de acesta, instala\u021bia de canalizare, dar \u0219i sta\u021bia de tratare a apelor uzate din satul R\u00e2mnicelu sunt obiective finalizate \u00eenc\u0103 din anul 2019, dar sistemul nu a fost folosit \u00een toat\u0103 aceast\u0103 perioad\u0103, chiar dac\u0103 administra\u021bia local\u0103, la acel moment, a procedat la recep\u021bionarea lucr\u0103rilor.<\/p>\n<p>S-ar p\u0103rea c\u0103 sistemul nu a putut fi pus \u00een func\u021biune fie pentru c\u0103 o parte dintre sta\u021biile de pompare a apelor uzate (SPA) nu au fost aduse, fie pentru c\u0103, dup\u0103 montare, cablurile electrice pentru ac\u021bionare au fost sustrase.<\/p>\n<p>Dup\u0103 \u0219apte ani, primarul F\u0103nel Burlacu a promovat un proiect de hot\u0103r\u00e2re \u00een Consiliul Local pentru achizi\u021bionarea cablurilor electrice care s\u0103 asigure func\u021bionarea SPA, fondurile urm\u00e2nd s\u0103 fie alocate din bugetul local.<\/p>\n<p>CITE\u0218TE \u0218I <a href=\"https:\/\/blitz24.ro\/stiri-locale\/actualitate\/masa-sanatoasa-pentru-elevii-a-doua-scoli-din-ramnicu-sarat\/\">Mas\u0103 s\u0103n\u0103toas\u0103 pentru elevii a dou\u0103 \u0219coli din R\u00e2mnicu S\u0103rat<\/a><\/p>\n<p>Cheltuielile totale, \u00een valoare de aproximativ 900.000 lei , vor acoperi \u0219i interven\u021biile pentru decolmatare, cur\u0103\u021bare \u0219i remedierea deterior\u0103rilor pe re\u021beaua din satul R\u00e2mnicelu.<\/p>\n<p>\u00cen ceea ce prive\u0219te investi\u021bia nou demarat\u0103, primarul Burlacu las\u0103 de \u00een\u021beles c\u0103 nu ar avea mari a\u0219tept\u0103ri la actualii guvernan\u021bi \u00een sensul men\u021binerii finan\u021b\u0103rii c\u0103tre R\u00e2mnicelu, dar \u00een situa\u021bia \u00een care decont\u0103rile ar \u00eent\u00e2rzia, are promisiunea constructorului c\u0103 lucr\u0103rile nu vor fi sistate.<\/p>\n<p>Aceasta \u00eenseamn\u0103 c\u0103 respectivul constructor are o anume robuste\u021be financiar\u0103 care \u00eei va permite s\u0103 reziste la \u0219ocuri economice nedorite.<\/p>\n<\/div>\n<p>[analyse_source url=&#8221;https:\/\/blitz24.ro\/stiri-judetene\/actualitate-stiri-judetene\/ramnicelu-extinderea-retelei-de-canalizare-la-fotin-stiubeiu-si-colibasi\/&#8221;]<\/p>\n","protected":false},"excerpt":{"rendered":"<p>[analyse_image type=&#8221;featured&#8221; src=&#8221;https:\/\/blitz24.ro\/wp-content\/uploads\/2022\/07\/primaria-ramnicelu.jpg&#8221;] Primarul comunei buzoiene R\u00e2mnicelu, F\u0103nel Burlacu, poate fi considerat unul dintre \u0219efii de administra\u021bii publice din zona rural\u0103 a jude\u021bului care a avut inspira\u021bia s\u0103 ob\u021bin\u0103 o finan\u021bare important\u0103 pentru comunitatea pe care o conduce, dar mai ales care a reu\u0219it s\u0103 duc\u0103 proiectul pe o list\u0103 exclusiv\u0103, \u00een care sumele destinate [&hellip;]<\/p>\n","protected":false},"author":1,"featured_media":0,"comment_status":"open","ping_status":"","sticky":false,"template":"","format":"standard","meta":{"footnotes":""},"categories":[2],"tags":[42,226],"class_list":["post-2099089","post","type-post","status-publish","format-standard","hentry","category-politics","tag-blitz24-ro","tag-crawlmanager"],"_links":{"self":[{"href":"https:\/\/analyse.optim.biz\/index.php?rest_route=\/wp\/v2\/posts\/2099089","targetHints":{"allow":["GET"]}}],"collection":[{"href":"https:\/\/analyse.optim.biz\/index.php?rest_route=\/wp\/v2\/posts"}],"about":[{"href":"https:\/\/analyse.optim.biz\/index.php?rest_route=\/wp\/v2\/types\/post"}],"author":[{"embeddable":true,"href":"https:\/\/analyse.optim.biz\/index.php?rest_route=\/wp\/v2\/users\/1"}],"replies":[{"embeddable":true,"href":"https:\/\/analyse.optim.biz\/index.php?rest_route=%2Fwp%2Fv2%2Fcomments&post=2099089"}],"version-history":[{"count":0,"href":"https:\/\/analyse.optim.biz\/index.php?rest_route=\/wp\/v2\/posts\/2099089\/revisions"}],"wp:attachment":[{"href":"https:\/\/analyse.optim.biz\/index.php?rest_route=%2Fwp%2Fv2%2Fmedia&parent=2099089"}],"wp:term":[{"taxonomy":"category","embeddable":true,"href":"https:\/\/analyse.optim.biz\/index.php?rest_route=%2Fwp%2Fv2%2Fcategories&post=2099089"},{"taxonomy":"post_tag","embeddable":true,"href":"https:\/\/analyse.optim.biz\/index.php?rest_route=%2Fwp%2Fv2%2Ftags&post=2099089"}],"curies":[{"name":"wp","href":"https:\/\/api.w.org\/{rel}","templated":true}]}}