{"id":2098837,"date":"2026-08-18T11:15:51","date_gmt":"2026-08-18T08:15:51","guid":{"rendered":"https:\/\/analyse.optim.biz\/?p=2098837"},"modified":"2026-08-18T11:15:51","modified_gmt":"2026-08-18T08:15:51","slug":"incendiul-din-ostrovul-babina-pompierii-continua-interventia","status":"publish","type":"post","link":"https:\/\/analyse.optim.biz\/?p=2098837","title":{"rendered":"Incendiul din Ostrovul Babina: pompierii continu\u0103 interven\u021bia"},"content":{"rendered":"<p>[analyse_image type=&#8221;featured&#8221; src=&#8221;https:\/\/infotulcea.ro\/wp-content\/uploads\/2026\/08\/incediu-12.pnghttps:\/\/infotulcea.ro\/wp-content\/uploads\/2026\/08\/incediu-12.png&#8221;]<\/p>\n<div id=\"content\" class=\"site-content container\">\n<div id=\"main-content-row\" class=\"tie-row main-content-row\">\n<div class=\"main-content tie-col-md-8 tie-col-xs-12\" role=\"main\">\n<article id=\"the-post\" class=\"container-wrapper post-content tie-standard\">\n<header class=\"entry-header-outer\">\n<nav id=\"breadcrumb\"><a href=\"https:\/\/infotulcea.ro\/\"> Home<\/a><em class=\"delimiter\">\/<\/em><a href=\"https:\/\/infotulcea.ro\/categorie\/stirea-zilei\/\">\u015etirea zilei<\/a><em class=\"delimiter\">\/<\/em><span class=\"current\">Incendiul din Ostrovul Babina: pompierii continu\u0103 interven\u021bia<\/span><\/nav>\n<div class=\"entry-header\"><span class=\"post-cat-wrap\"><a class=\"post-cat tie-cat-29\" href=\"https:\/\/infotulcea.ro\/categorie\/stirea-zilei\/\">\u015etirea zilei<\/a><\/span><\/p>\n<h1 class=\"post-title entry-title\">\n\t\t\tIncendiul din Ostrovul Babina: pompierii continu\u0103 interven\u021bia\t\t<\/h1>\n<div class=\"single-post-meta post-meta clearfix\"><span class=\"author-meta single-author no-avatars\"><span class=\"meta-item meta-author-wrapper meta-author-9\"><span class=\"meta-author\"><a href=\"https:\/\/infotulcea.ro\/author\/redactia-2\/\" class=\"author-name tie-icon\" title=\"Redactia\">Redactia<\/a><\/span><\/span><\/span><span class=\"date meta-item tie-icon\">18 august 2026<\/span><\/p>\n<div class=\"tie-alignright\"><span class=\"meta-comment tie-icon meta-item fa-before\">0<\/span><span class=\"meta-views meta-item \"> 40 <\/span><span class=\"meta-reading-time meta-item\"> Less than a minute<\/span><\/div>\n<\/div>\n<\/div>\n<\/header>\n<div class=\"entry-content entry clearfix\">\n<p class=\"isSelectedEnd\"><strong>Pompierii militari din cadrul Deta\u0219amentului de Pompieri Tulcea continu\u0103 interven\u021bia pentru localizarea \u0219i lichidarea incendiului izbucnit ieri \u00een zona Ostrovul Babina.<\/strong><\/p>\n<p class=\"isSelectedEnd\">La misiune particip\u0103, al\u0103turi de salvatori, personal al Ocolului Silvic \u0219i membri ai Serviciului Voluntar pentru Situa\u021bii<img loading=\"lazy\" decoding=\"async\" class=\"wp-image-40422 aligncenter lazyload\" src=\"https:\/\/infotulcea.ro\/wp-content\/uploads\/2026\/08\/incediu-12-500x276.png\" alt width=\"558\" height=\"308\"><\/p>\n<p><img loading=\"lazy\" decoding=\"async\" class=\" wp-image-40422 aligncenter\" src=\"https:\/\/infotulcea.ro\/wp-content\/uploads\/2026\/08\/incediu-12-500x276.png\" alt width=\"558\" height=\"308\"> de Urgen\u021b\u0103 Chilia Veche.<\/p>\n<p class=\"isSelectedEnd\">Incendiul a afectat aproximativ <strong>700 de hectare de vegeta\u021bie uscat\u0103 \u0219i 1.000 de metri p\u0103tra\u021bi de fond forestier<\/strong>.<\/p>\n<p>Interven\u021bia este \u00een desf\u0103\u0219urare, echipajele ac\u021bion\u00e2nd pentru lichidarea focarelor \u0219i limitarea propag\u0103rii incendiului.<\/p>\n<\/div>\n<div id=\"post-extra-info\">\n<div class=\"theiaStickySidebar\">\n<div class=\"single-post-meta post-meta clearfix\"><span class=\"author-meta single-author no-avatars\"><span class=\"meta-item meta-author-wrapper meta-author-9\"><span class=\"meta-author\"><a href=\"https:\/\/infotulcea.ro\/author\/redactia-2\/\" class=\"author-name tie-icon\" title=\"Redactia\">Redactia<\/a><\/span><\/span><\/span><span class=\"date meta-item tie-icon\">18 august 2026<\/span><\/p>\n<div class=\"tie-alignright\"><span class=\"meta-comment tie-icon meta-item fa-before\">0<\/span><span class=\"meta-views meta-item \"> 40 <\/span><span class=\"meta-reading-time meta-item\"> Less than a minute<\/span><\/div>\n<\/div>\n<\/div>\n<\/div>\n<div id=\"share-buttons-bottom\" class=\"share-buttons share-buttons-bottom\">\n<div class=\"share-links  icons-only\">\n<div class=\"share-title\"><span> Share<\/span><\/div>\n<p><a href=\"https:\/\/www.facebook.com\/sharer.php?u=https:\/\/infotulcea.ro\/incendiul-din-ostrovul-babina-pompierii-continua-interventia\/\" rel=\"external noopener nofollow\" title=\"Facebook\" target=\"_blank\" class=\"facebook-share-btn \" data-raw=\"https:\/\/www.facebook.com\/sharer.php?u={post_link}\"><span class=\"screen-reader-text\">Facebook<\/span><\/a><a href=\"https:\/\/twitter.com\/intent\/tweet?text=Incendiul%20din%20Ostrovul%20Babina%3A%20pompierii%20continu%C4%83%20interven%C8%9Bia&amp;url=https:\/\/infotulcea.ro\/incendiul-din-ostrovul-babina-pompierii-continua-interventia\/\" rel=\"external noopener nofollow\" title=\"X\" target=\"_blank\" class=\"twitter-share-btn \" data-raw=\"https:\/\/twitter.com\/intent\/tweet?text={post_title}&amp;url={post_link}\"><span class=\"screen-reader-text\">X<\/span><\/a><a href=\"https:\/\/api.whatsapp.com\/send?text=Incendiul%20din%20Ostrovul%20Babina%3A%20pompierii%20continu%C4%83%20interven%C8%9Bia%20https:\/\/infotulcea.ro\/incendiul-din-ostrovul-babina-pompierii-continua-interventia\/\" rel=\"external noopener nofollow\" title=\"WhatsApp\" target=\"_blank\" class=\"whatsapp-share-btn \" data-raw=\"https:\/\/api.whatsapp.com\/send?text={post_title}%20{post_link}\"><span class=\"screen-reader-text\">WhatsApp<\/span><\/a><a href=\"https:\/\/telegram.me\/share\/url?url=https:\/\/infotulcea.ro\/incendiul-din-ostrovul-babina-pompierii-continua-interventia\/&amp;text=Incendiul%20din%20Ostrovul%20Babina%3A%20pompierii%20continu%C4%83%20interven%C8%9Bia\" rel=\"external noopener nofollow\" title=\"Telegram\" target=\"_blank\" class=\"telegram-share-btn \" data-raw=\"https:\/\/telegram.me\/share\/url?url={post_link}&amp;text={post_title}\"><span class=\"screen-reader-text\">Telegram<\/span><\/a><a href=\"mailto:?subject=Incendiul%20din%20Ostrovul%20Babina%3A%20pompierii%20continu%C4%83%20interven%C8%9Bia&amp;body=https:\/\/infotulcea.ro\/incendiul-din-ostrovul-babina-pompierii-continua-interventia\/\" rel=\"external noopener nofollow\" title=\"Share via Email\" target=\"_blank\" class=\"email-share-btn \" data-raw=\"mailto:?subject={post_title}&amp;body={post_link}\"><span class=\"screen-reader-text\">Share via Email<\/span><\/a><a href=\"https:\/\/infotulcea.ro\/incendiul-din-ostrovul-babina-pompierii-continua-interventia\/\" rel=\"external noopener nofollow\" title=\"Print\" target=\"_blank\" class=\"print-share-btn \" data-raw=\"#\"><span class=\"screen-reader-text\">Print<\/span><\/a><\/div>\n<\/div>\n<\/article>\n<div class=\"post-components\">\n<div id=\"related-posts\" class=\"container-wrapper has-extra-post\">\n<div class=\"mag-box-title the-global-title\">\n<h3>Related Articles<\/h3>\n<\/div>\n<div class=\"related-posts-list\">\n<div class=\"related-item tie-standard\"><a aria-label=\"Accident rutier \u00eentre Nicolae B\u0103lcescu \u0219i Ciucurova cu un \u0219ofer r\u0103nit!\" href=\"https:\/\/infotulcea.ro\/accident-rutier-intre-nicolae-balcescu-si-ciucurova-cu-un-sofer-ranit\/\" class=\"post-thumb\"><img loading=\"lazy\" decoding=\"async\" width=\"390\" height=\"220\" src=\"https:\/\/infotulcea.ro\/wp-content\/uploads\/2021\/07\/IMG-20210728-WA0012-390x220.jpg\" class=\"attachment-jannah-image-large size-jannah-image-large wp-post-image lazyload\" alt><img loading=\"lazy\" decoding=\"async\" width=\"390\" height=\"220\" src=\"https:\/\/infotulcea.ro\/wp-content\/uploads\/2021\/07\/IMG-20210728-WA0012-390x220.jpg\" class=\"attachment-jannah-image-large size-jannah-image-large wp-post-image\" alt><\/a><\/p>\n<h3 class=\"post-title\"><a href=\"https:\/\/infotulcea.ro\/accident-rutier-intre-nicolae-balcescu-si-ciucurova-cu-un-sofer-ranit\/\">Accident rutier \u00eentre Nicolae B\u0103lcescu \u0219i Ciucurova cu un \u0219ofer r\u0103nit!<\/a><\/h3>\n<div class=\"post-meta clearfix\"><span class=\"date meta-item tie-icon\">28 iulie 2021<\/span><\/div>\n<\/div>\n<div class=\"related-item tie-standard\"><a aria-label=\"Turist r\u0103t\u0103cit \u00een Parcul Na\u021bional Mun\u021bii M\u0103cinului\" href=\"https:\/\/infotulcea.ro\/turist-ratacit-in-parcul-national-muntii-macinului\/\" class=\"post-thumb\"><source type=\"image\/webp\" data-srcset=\"https:\/\/infotulcea.ro\/wp-content\/uploads\/2020\/06\/IMG-20200617-WA0028-390x220.jpg.webp\" \/><img loading=\"lazy\" decoding=\"async\" width=\"390\" height=\"220\" src=\"https:\/\/infotulcea.ro\/wp-content\/uploads\/2020\/06\/IMG-20200617-WA0028-390x220.jpg\" class=\"attachment-jannah-image-large size-jannah-image-large wp-post-image\" alt><\/a><\/p>\n<h3 class=\"post-title\"><a href=\"https:\/\/infotulcea.ro\/turist-ratacit-in-parcul-national-muntii-macinului\/\">Turist r\u0103t\u0103cit \u00een Parcul Na\u021bional Mun\u021bii M\u0103cinului<\/a><\/h3>\n<div class=\"post-meta clearfix\"><span class=\"date meta-item tie-icon\">17 iunie 2020<\/span><\/div>\n<\/div>\n<div class=\"related-item tie-standard\"><a aria-label=\"Doi minori au distrus un bancomat!\" href=\"https:\/\/infotulcea.ro\/doi-minori-au-distrus-un-bancomat\/\" class=\"post-thumb\"><img loading=\"lazy\" decoding=\"async\" width=\"390\" height=\"220\" src=\"https:\/\/infotulcea.ro\/wp-content\/uploads\/2021\/05\/IMG_20210504_124146-390x220.jpg\" class=\"attachment-jannah-image-large size-jannah-image-large wp-post-image lazyload\" alt><img loading=\"lazy\" decoding=\"async\" width=\"390\" height=\"220\" src=\"https:\/\/infotulcea.ro\/wp-content\/uploads\/2021\/05\/IMG_20210504_124146-390x220.jpg\" class=\"attachment-jannah-image-large size-jannah-image-large wp-post-image\" alt><\/a><\/p>\n<h3 class=\"post-title\"><a href=\"https:\/\/infotulcea.ro\/doi-minori-au-distrus-un-bancomat\/\">Doi minori au distrus un bancomat!<\/a><\/h3>\n<div class=\"post-meta clearfix\"><span class=\"date meta-item tie-icon\">4 mai 2021<\/span><\/div>\n<\/div>\n<div class=\"related-item tie-standard\"><a aria-label=\"Un elev de la Liceul Topolog a ob\u021binut locul I la Olimpiada Na\u021bional\u0103 de Preg\u0103tire Teoretic\u0103 Sportiv\u0103\" href=\"https:\/\/infotulcea.ro\/un-elev-de-la-liceul-topolog-a-obtinut-locul-i-la-olimpiada-nationala-de-pregatire-teoretica-sportiva\/\" class=\"post-thumb\"><source type=\"image\/webp\" data-srcset=\"https:\/\/infotulcea.ro\/wp-content\/uploads\/2026\/04\/elev-390x220.jpg.webp\" \/><img loading=\"lazy\" decoding=\"async\" width=\"390\" height=\"220\" src=\"https:\/\/infotulcea.ro\/wp-content\/uploads\/2026\/04\/elev-390x220.jpg\" class=\"attachment-jannah-image-large size-jannah-image-large wp-post-image\" alt><\/a><\/p>\n<h3 class=\"post-title\"><a href=\"https:\/\/infotulcea.ro\/un-elev-de-la-liceul-topolog-a-obtinut-locul-i-la-olimpiada-nationala-de-pregatire-teoretica-sportiva\/\">Un elev de la Liceul Topolog a ob\u021binut locul I la Olimpiada Na\u021bional\u0103 de Preg\u0103tire Teoretic\u0103 Sportiv\u0103<\/a><\/h3>\n<div class=\"post-meta clearfix\"><span class=\"date meta-item tie-icon\">21 aprilie 2026<\/span><\/div>\n<\/div>\n<\/div>\n<\/div>\n<div id=\"comments\" class=\"comments-area\">\n<div id=\"add-comment-block\" class=\"container-wrapper\">\n<div id=\"respond\" class=\"comment-respond\">\n<h3 id=\"reply-title\" class=\"comment-reply-title the-global-title\">Las\u0103 un r\u0103spuns <small><a rel=\"nofollow\" id=\"cancel-comment-reply-link\" href=\"https:\/\/infotulcea.ro\/incendiul-din-ostrovul-babina-pompierii-continua-interventia\/#respond\">Anuleaz\u0103 r\u0103spunsul<\/a><\/small><\/h3>\n<p class=\"comment-notes\"><span id=\"email-notes\">Adresa ta de email nu va fi publicat\u0103.<\/span><span class=\"required-field-message\">C\u00e2mpurile obligatorii sunt marcate cu <span class=\"required\">*<\/span><\/span><\/p>\n<\/div>\n<\/div>\n<\/div>\n<\/div>\n<\/div>\n<div id=\"check-also-box\" class=\"container-wrapper check-also-right\">\n<div class=\"widget-title the-global-title\">\n<div class=\"the-subtitle\">Check Also<\/div>\n<p><a href=\"https:\/\/infotulcea.ro\/incendiul-din-ostrovul-babina-pompierii-continua-interventia\/\" id=\"check-also-close\" class=\"remove\"><span class=\"screen-reader-text\">Close<\/span><\/a><\/div>\n<div class=\"widget posts-list-big-first has-first-big-post\">\n<ul class=\"posts-list-items\">\n<li class=\"widget-single-post-item widget-post-list tie-standard\">\n<div class=\"post-widget-thumbnail\"><a aria-label=\"Campioana european\u0103 de box Amalia Ni\u021b\u0103, premiat\u0103 de oficialit\u0103\u021bile locale\" href=\"https:\/\/infotulcea.ro\/campioana-europeana-de-box-amalia-nita-premiata-de-oficialitatile-locale\/\" class=\"post-thumb\"><span class=\"post-cat-wrap\"><span class=\"post-cat tie-cat-29\">\u015etirea zilei<\/span><\/span><img loading=\"lazy\" decoding=\"async\" width=\"390\" height=\"220\" src=\"https:\/\/infotulcea.ro\/wp-content\/uploads\/2021\/07\/nita-amalia-390x220.jpg\" class=\"attachment-jannah-image-large size-jannah-image-large wp-post-image lazyload\" alt><img loading=\"lazy\" decoding=\"async\" width=\"390\" height=\"220\" src=\"https:\/\/infotulcea.ro\/wp-content\/uploads\/2021\/07\/nita-amalia-390x220.jpg\" class=\"attachment-jannah-image-large size-jannah-image-large wp-post-image\" alt><\/a><\/div>\n<div class=\"post-widget-body \"><a class=\"post-title the-subtitle\" href=\"https:\/\/infotulcea.ro\/campioana-europeana-de-box-amalia-nita-premiata-de-oficialitatile-locale\/\">Campioana european\u0103 de box Amalia Ni\u021b\u0103, premiat\u0103 de oficialit\u0103\u021bile locale<\/a><\/p>\n<div class=\"post-meta\"><span class=\"date meta-item tie-icon\">15 iulie 2021<\/span><\/div>\n<\/div>\n<\/li>\n<\/ul>\n<\/div>\n<\/div>\n<aside class=\"sidebar tie-col-md-4 tie-col-xs-12 normal-side is-sticky\" aria-label=\"Primary Sidebar\">\n<div class=\"theiaStickySidebar\">\n<div id=\"media_image-19\" class=\"container-wrapper widget widget_media_image\"><a href=\"https:\/\/infotulcea.ro\/delta-dunarii-mai-accesibila-navrom-delta-creste-numarul-curselor-regulate-de-la-1-mai-2025\/\"><source sizes=\"(max-width: 500px) 100vw, 500px\" type=\"image\/webp\" data-srcset=\"https:\/\/infotulcea.ro\/wp-content\/uploads\/2025\/04\/navrom-delta-500x271.jpg.webp 500w, https:\/\/infotulcea.ro\/wp-content\/uploads\/2025\/04\/navrom-delta-1024x555.jpg.webp 1024w, https:\/\/infotulcea.ro\/wp-content\/uploads\/2025\/04\/navrom-delta-768x416.jpg.webp 768w, https:\/\/infotulcea.ro\/wp-content\/uploads\/2025\/04\/navrom-delta.jpg.webp 1080w\" \/><img loading=\"lazy\" decoding=\"async\" width=\"500\" height=\"271\" src=\"https:\/\/infotulcea.ro\/wp-content\/uploads\/2025\/04\/navrom-delta-500x271.jpg\" class=\"image wp-image-34487  attachment-medium size-medium\" alt><\/a><\/div>\n<div id=\"media_image-17\" class=\"container-wrapper widget widget_media_image\"><a href=\"https:\/\/www.facebook.com\/share\/p\/1DGAD1tLWN\/?mibextid=wwXIfr\" target=\"_blank\"><source sizes=\"(max-width: 500px) 100vw, 500px\" type=\"image\/webp\" data-srcset=\"https:\/\/infotulcea.ro\/wp-content\/uploads\/2026\/01\/IMG_1563-500x500.jpeg.webp 500w, https:\/\/infotulcea.ro\/wp-content\/uploads\/2026\/01\/IMG_1563-1024x1024.jpeg.webp 1024w, https:\/\/infotulcea.ro\/wp-content\/uploads\/2026\/01\/IMG_1563-250x250.jpeg.webp 250w, https:\/\/infotulcea.ro\/wp-content\/uploads\/2026\/01\/IMG_1563-768x768.jpeg.webp 768w, https:\/\/infotulcea.ro\/wp-content\/uploads\/2026\/01\/IMG_1563.jpeg.webp 1080w\" \/><img loading=\"lazy\" decoding=\"async\" width=\"500\" height=\"500\" src=\"https:\/\/infotulcea.ro\/wp-content\/uploads\/2026\/01\/IMG_1563-500x500.jpeg\" class=\"image wp-image-37932  attachment-medium size-medium\" alt title=\"Centrale pe lemne\"><\/a><\/div>\n<div id=\"media_image-18\" class=\"container-wrapper widget widget_media_image\"><a href=\"https:\/\/www.licitatia.ro\/site\/index-guest\"><img loading=\"lazy\" decoding=\"async\" width=\"500\" height=\"262\" src=\"https:\/\/infotulcea.ro\/wp-content\/uploads\/2025\/09\/licitatia-500x262.png\" class=\"image wp-image-36670  attachment-medium size-medium lazyload\" alt><img loading=\"lazy\" decoding=\"async\" width=\"500\" height=\"262\" src=\"https:\/\/infotulcea.ro\/wp-content\/uploads\/2025\/09\/licitatia-500x262.png\" class=\"image wp-image-36670  attachment-medium size-medium\" alt><\/a><\/div>\n<div id=\"media_image-27\" class=\"container-wrapper widget widget_media_image\"><a href=\"https:\/\/www.centrale-lemne-liepsnele.ro\/\"><img loading=\"lazy\" decoding=\"async\" width=\"500\" height=\"500\" src=\"https:\/\/infotulcea.ro\/wp-content\/uploads\/2025\/09\/Centrale-pe-Lemne-Liepsnele-500x500.png\" class=\"image wp-image-36541  attachment-medium size-medium lazyload\" alt=\"Centrala pe lemne\"><img loading=\"lazy\" decoding=\"async\" width=\"500\" height=\"500\" src=\"https:\/\/infotulcea.ro\/wp-content\/uploads\/2025\/09\/Centrale-pe-Lemne-Liepsnele-500x500.png\" class=\"image wp-image-36541  attachment-medium size-medium\" alt=\"Centrala pe lemne\"><\/a><\/div>\n<div id=\"media_image-28\" class=\"container-wrapper widget widget_media_image\"><a href=\"https:\/\/infotulcea.ro\/angajeaza-te-ro-platforma-ta-online-de-angajari-si-forta-de-munca\/\"><source sizes=\"(max-width: 500px) 100vw, 500px\" type=\"image\/webp\" data-srcset=\"https:\/\/infotulcea.ro\/wp-content\/uploads\/2025\/04\/banner-angajazate-1-500x305.jpg.webp 500w, https:\/\/infotulcea.ro\/wp-content\/uploads\/2025\/04\/banner-angajazate-1-1024x625.jpg.webp 1024w, https:\/\/infotulcea.ro\/wp-content\/uploads\/2025\/04\/banner-angajazate-1-768x469.jpg.webp 768w, https:\/\/infotulcea.ro\/wp-content\/uploads\/2025\/04\/banner-angajazate-1.jpg.webp 1080w\" \/><img loading=\"lazy\" decoding=\"async\" width=\"500\" height=\"305\" src=\"https:\/\/infotulcea.ro\/wp-content\/uploads\/2025\/04\/banner-angajazate-1-500x305.jpg\" class=\"image wp-image-34317  attachment-medium size-medium\" alt><\/a><\/div>\n<\/div>\n<\/aside>\n<\/div>\n<\/div>\n<div class=\"entry-content entry clearfix\">\n<p class=\"isSelectedEnd\"><strong>Pompierii militari din cadrul Deta\u0219amentului de Pompieri Tulcea continu\u0103 interven\u021bia pentru localizarea \u0219i lichidarea incendiului izbucnit ieri \u00een zona Ostrovul Babina.<\/strong><\/p>\n<p class=\"isSelectedEnd\">La misiune particip\u0103, al\u0103turi de salvatori, personal al Ocolului Silvic \u0219i membri ai Serviciului Voluntar pentru Situa\u021bii<img loading=\"lazy\" decoding=\"async\" class=\"wp-image-40422 aligncenter lazyload\" src=\"https:\/\/infotulcea.ro\/wp-content\/uploads\/2026\/08\/incediu-12-500x276.png\" alt width=\"558\" height=\"308\"><\/p>\n<p><img loading=\"lazy\" decoding=\"async\" class=\" wp-image-40422 aligncenter\" src=\"https:\/\/infotulcea.ro\/wp-content\/uploads\/2026\/08\/incediu-12-500x276.png\" alt width=\"558\" height=\"308\"> de Urgen\u021b\u0103 Chilia Veche.<\/p>\n<p class=\"isSelectedEnd\">Incendiul a afectat aproximativ <strong>700 de hectare de vegeta\u021bie uscat\u0103 \u0219i 1.000 de metri p\u0103tra\u021bi de fond forestier<\/strong>.<\/p>\n<p>Interven\u021bia este \u00een desf\u0103\u0219urare, echipajele ac\u021bion\u00e2nd pentru lichidarea focarelor \u0219i limitarea propag\u0103rii incendiului.<\/p>\n<\/div>\n<div class=\"articleBody\" data-key=\"articleBody\">Pompierii militari din cadrul Deta\u0219amentului de Pompieri Tulcea continu\u0103 interven\u021bia pentru localizarea \u0219i lichidarea incendiului izbucnit ieri \u00een zona Ostrovul Babina.<br \/>\nLa misiune particip\u0103, al\u0103turi de salvatori, personal al Ocolului Silvic \u0219i membri ai Serviciului Voluntar pentru Situa\u021bii de Urgen\u021b\u0103 Chilia Veche.<br \/>\nIncendiul a afectat aproximativ 700 de hectare de vegeta\u021bie uscat\u0103 \u0219i 1.000 de metri p\u0103tra\u021bi de fond forestier.<br \/>\nInterven\u021bia este \u00een desf\u0103\u0219urare, echipajele ac\u021bion\u00e2nd pentru lichidarea focarelor \u0219i limitarea propag\u0103rii incendiului.<\/div>\n<p>[analyse_source url=&#8221;https:\/\/infotulcea.ro\/incendiul-din-ostrovul-babina-pompierii-continua-interventia\/&#8221;]<\/p>\n","protected":false},"excerpt":{"rendered":"<p>[analyse_image type=&#8221;featured&#8221; src=&#8221;https:\/\/infotulcea.ro\/wp-content\/uploads\/2026\/08\/incediu-12.pnghttps:\/\/infotulcea.ro\/wp-content\/uploads\/2026\/08\/incediu-12.png&#8221;] Home\/\u015etirea zilei\/Incendiul din Ostrovul Babina: pompierii continu\u0103 interven\u021bia \u015etirea zilei Incendiul din Ostrovul Babina: pompierii continu\u0103 interven\u021bia Redactia18 august 2026 0 40 Less than a minute Pompierii militari din cadrul Deta\u0219amentului de Pompieri Tulcea continu\u0103 interven\u021bia pentru localizarea \u0219i lichidarea incendiului izbucnit ieri \u00een zona Ostrovul Babina. La misiune particip\u0103, al\u0103turi de [&hellip;]<\/p>\n","protected":false},"author":1,"featured_media":0,"comment_status":"open","ping_status":"","sticky":false,"template":"","format":"standard","meta":{"footnotes":""},"categories":[89],"tags":[226,221],"class_list":["post-2098837","post","type-post","status-publish","format-standard","hentry","category-romania","tag-crawlmanager","tag-infotulcea-ro"],"_links":{"self":[{"href":"https:\/\/analyse.optim.biz\/index.php?rest_route=\/wp\/v2\/posts\/2098837","targetHints":{"allow":["GET"]}}],"collection":[{"href":"https:\/\/analyse.optim.biz\/index.php?rest_route=\/wp\/v2\/posts"}],"about":[{"href":"https:\/\/analyse.optim.biz\/index.php?rest_route=\/wp\/v2\/types\/post"}],"author":[{"embeddable":true,"href":"https:\/\/analyse.optim.biz\/index.php?rest_route=\/wp\/v2\/users\/1"}],"replies":[{"embeddable":true,"href":"https:\/\/analyse.optim.biz\/index.php?rest_route=%2Fwp%2Fv2%2Fcomments&post=2098837"}],"version-history":[{"count":0,"href":"https:\/\/analyse.optim.biz\/index.php?rest_route=\/wp\/v2\/posts\/2098837\/revisions"}],"wp:attachment":[{"href":"https:\/\/analyse.optim.biz\/index.php?rest_route=%2Fwp%2Fv2%2Fmedia&parent=2098837"}],"wp:term":[{"taxonomy":"category","embeddable":true,"href":"https:\/\/analyse.optim.biz\/index.php?rest_route=%2Fwp%2Fv2%2Fcategories&post=2098837"},{"taxonomy":"post_tag","embeddable":true,"href":"https:\/\/analyse.optim.biz\/index.php?rest_route=%2Fwp%2Fv2%2Ftags&post=2098837"}],"curies":[{"name":"wp","href":"https:\/\/api.w.org\/{rel}","templated":true}]}}