{"id":2098835,"date":"2026-08-12T09:35:05","date_gmt":"2026-08-12T06:35:05","guid":{"rendered":"https:\/\/analyse.optim.biz\/?p=2098835"},"modified":"2026-08-12T09:35:05","modified_gmt":"2026-08-12T06:35:05","slug":"doua-motoare-de-ambarcatiune-in-valoare-de-40-000-de-lei-cautate-de-autoritatile-din-suedia-depistate-de-politistii-de-frontiera-din-cadrul-garzii-de-coasta","status":"publish","type":"post","link":"https:\/\/analyse.optim.biz\/?p=2098835","title":{"rendered":"Dou\u0103 motoare de ambarca\u021biune, \u00een valoare de 40.000 de lei, c\u0103utate de autorit\u0103\u021bile din Suedia, depistate de poli\u021bi\u0219tii de frontier\u0103 din cadrul G\u0103rzii de Coast\u0103"},"content":{"rendered":"<p>[analyse_image type=&#8221;featured&#8221; src=&#8221;https:\/\/infotulcea.ro\/wp-content\/uploads\/2026\/08\/motor-2.jpeghttps:\/\/infotulcea.ro\/wp-content\/uploads\/2026\/08\/motor-2.jpeg&#8221;]<\/p>\n<div id=\"content\" class=\"site-content container\">\n<div id=\"main-content-row\" class=\"tie-row main-content-row\">\n<div class=\"main-content tie-col-md-8 tie-col-xs-12\" role=\"main\">\n<article id=\"the-post\" class=\"container-wrapper post-content tie-standard\">\n<header class=\"entry-header-outer\">\n<nav id=\"breadcrumb\"><a href=\"https:\/\/infotulcea.ro\/\"> Home<\/a><em class=\"delimiter\">\/<\/em><a href=\"https:\/\/infotulcea.ro\/categorie\/stirea-zilei\/\">\u015etirea zilei<\/a><em class=\"delimiter\">\/<\/em><span class=\"current\">Dou\u0103 motoare de ambarca\u021biune, \u00een valoare de 40.000 de lei, c\u0103utate de autorit\u0103\u021bile din Suedia, depistate de poli\u021bi\u0219tii de frontier\u0103 din cadrul G\u0103rzii de Coast\u0103<\/span><\/nav>\n<div class=\"entry-header\"><span class=\"post-cat-wrap\"><a class=\"post-cat tie-cat-29\" href=\"https:\/\/infotulcea.ro\/categorie\/stirea-zilei\/\">\u015etirea zilei<\/a><\/span><\/p>\n<h1 class=\"post-title entry-title\">\n\t\t\tDou\u0103 motoare de ambarca\u021biune, \u00een valoare de 40.000 de lei, c\u0103utate de autorit\u0103\u021bile din Suedia, depistate de poli\u021bi\u0219tii de frontier\u0103 din cadrul G\u0103rzii de Coast\u0103\t\t<\/h1>\n<div class=\"single-post-meta post-meta clearfix\"><span class=\"author-meta single-author no-avatars\"><span class=\"meta-item meta-author-wrapper meta-author-9\"><span class=\"meta-author\"><a href=\"https:\/\/infotulcea.ro\/author\/redactia-2\/\" class=\"author-name tie-icon\" title=\"Redactia\">Redactia<\/a><\/span><\/span><\/span><span class=\"date meta-item tie-icon\">12 august 2026<\/span><\/p>\n<div class=\"tie-alignright\"><span class=\"meta-comment tie-icon meta-item fa-before\">0<\/span><span class=\"meta-views meta-item \"> 367 <\/span><span class=\"meta-reading-time meta-item\"> 1 minute read<\/span><\/div>\n<\/div>\n<\/div>\n<\/header>\n<div class=\"entry-content entry clearfix\">\n<p>\u00cen perioada 05.08\u201311.08.2026, poli\u021bi\u0219tii de frontier\u0103 din cadrul Sectorului Poli\u021biei de Frontier\u0103 Tulcea au desf\u0103\u0219urat ac\u021biuni pentru prevenirea \u0219i combaterea infrac\u021bionalit\u0103\u021bii transfrontaliere, precum \u0219i pentru identificarea bunurilor semnalate ca fiind c\u0103utate de autorit\u0103\u021bile din alte state.<\/p>\n<p>Cu aceast\u0103 ocazie, poli\u021bi\u0219tii de frontier\u0103, \u00een cooperare cu autorit\u0103\u021bile din Suedia \u0219i Germania, au identificat, \u00een<source sizes=\"(max-width: 331px) 100vw, 331px\" type=\"image\/webp\" data-srcset=\"https:\/\/infotulcea.ro\/wp-content\/uploads\/2026\/08\/motor-1-500x387.jpeg.webp 500w, https:\/\/infotulcea.ro\/wp-content\/uploads\/2026\/08\/motor-1-768x595.jpeg.webp 768w, https:\/\/infotulcea.ro\/wp-content\/uploads\/2026\/08\/motor-1.jpeg.webp 968w\" \/><\/p>\n<p><img loading=\"lazy\" decoding=\"async\" class=\" wp-image-40364 alignright\" src=\"https:\/\/infotulcea.ro\/wp-content\/uploads\/2026\/08\/motor-1-500x387.jpeg\" alt width=\"331\" height=\"256\"> posesia a doi cet\u0103\u021beni rom\u00e2ni, dou\u0103 motoare de ambarca\u021biune ale c\u0103ror serii de identificare fuseser\u0103 modificate \u0219i \u00eenlocuite cu unele false.<\/p>\n<p>\u00cen urma verific\u0103rilor efectuate \u00een bazele de date specifice, s-a constatat c\u0103 ambele motoare figureaz\u0103 ca bunuri c\u0103utate \u00een vederea confisc\u0103rii de c\u0103tre autorit\u0103\u021bile suedeze.<\/p>\n<p>Av\u00e2nd \u00een vedere cele constatate, organele de cercetare penal\u0103 s-au sesizat din oficiu cu privire la s\u0103v\u00e2r\u0219irea infrac\u021biunii de t\u0103inuire.<\/p>\n<p>Motoarele de ambarca\u021biune, \u00een valoare total\u0103 de aproximativ 40.000 de lei, au fost ridicate \u00een vederea continu\u0103rii cercet\u0103rilor.<\/p>\n<\/div>\n<div id=\"post-extra-info\">\n<div class=\"theiaStickySidebar\">\n<div class=\"single-post-meta post-meta clearfix\"><span class=\"author-meta single-author no-avatars\"><span class=\"meta-item meta-author-wrapper meta-author-9\"><span class=\"meta-author\"><a href=\"https:\/\/infotulcea.ro\/author\/redactia-2\/\" class=\"author-name tie-icon\" title=\"Redactia\">Redactia<\/a><\/span><\/span><\/span><span class=\"date meta-item tie-icon\">12 august 2026<\/span><\/p>\n<div class=\"tie-alignright\"><span class=\"meta-comment tie-icon meta-item fa-before\">0<\/span><span class=\"meta-views meta-item \"> 367 <\/span><span class=\"meta-reading-time meta-item\"> 1 minute read<\/span><\/div>\n<\/div>\n<\/div>\n<\/div>\n<div id=\"share-buttons-bottom\" class=\"share-buttons share-buttons-bottom\">\n<div class=\"share-links  icons-only\">\n<div class=\"share-title\"><span> Share<\/span><\/div>\n<p><a href=\"https:\/\/www.facebook.com\/sharer.php?u=https:\/\/infotulcea.ro\/doua-motoare-de-ambarcatiune-in-valoare-de-40-000-de-lei-cautate-de-autoritatile-din-suedia-depistate-de-politistii-de-frontiera-din-cadrul-garzii-de-coasta\/\" rel=\"external noopener nofollow\" title=\"Facebook\" target=\"_blank\" class=\"facebook-share-btn \" data-raw=\"https:\/\/www.facebook.com\/sharer.php?u={post_link}\"><span class=\"screen-reader-text\">Facebook<\/span><\/a><a href=\"https:\/\/twitter.com\/intent\/tweet?text=Dou%C4%83%20motoare%20de%20ambarca%C8%9Biune%2C%20%C3%AEn%20valoare%20de%2040.000%20de%20lei%2C%20c%C4%83utate%20de%20autorit%C4%83%C8%9Bile%20din%20Suedia%2C%20depistate%20de%20poli%C8%9Bi%C8%99tii%20de%20frontier%C4%83%20din%20cadrul%20G%C4%83rzii%20de%20Coast%C4%83&amp;url=https:\/\/infotulcea.ro\/doua-motoare-de-ambarcatiune-in-valoare-de-40-000-de-lei-cautate-de-autoritatile-din-suedia-depistate-de-politistii-de-frontiera-din-cadrul-garzii-de-coasta\/\" rel=\"external noopener nofollow\" title=\"X\" target=\"_blank\" class=\"twitter-share-btn \" data-raw=\"https:\/\/twitter.com\/intent\/tweet?text={post_title}&amp;url={post_link}\"><span class=\"screen-reader-text\">X<\/span><\/a><a href=\"https:\/\/api.whatsapp.com\/send?text=Dou%C4%83%20motoare%20de%20ambarca%C8%9Biune%2C%20%C3%AEn%20valoare%20de%2040.000%20de%20lei%2C%20c%C4%83utate%20de%20autorit%C4%83%C8%9Bile%20din%20Suedia%2C%20depistate%20de%20poli%C8%9Bi%C8%99tii%20de%20frontier%C4%83%20din%20cadrul%20G%C4%83rzii%20de%20Coast%C4%83%20https:\/\/infotulcea.ro\/doua-motoare-de-ambarcatiune-in-valoare-de-40-000-de-lei-cautate-de-autoritatile-din-suedia-depistate-de-politistii-de-frontiera-din-cadrul-garzii-de-coasta\/\" rel=\"external noopener nofollow\" title=\"WhatsApp\" target=\"_blank\" class=\"whatsapp-share-btn \" data-raw=\"https:\/\/api.whatsapp.com\/send?text={post_title}%20{post_link}\"><span class=\"screen-reader-text\">WhatsApp<\/span><\/a><a href=\"https:\/\/telegram.me\/share\/url?url=https:\/\/infotulcea.ro\/doua-motoare-de-ambarcatiune-in-valoare-de-40-000-de-lei-cautate-de-autoritatile-din-suedia-depistate-de-politistii-de-frontiera-din-cadrul-garzii-de-coasta\/&amp;text=Dou%C4%83%20motoare%20de%20ambarca%C8%9Biune%2C%20%C3%AEn%20valoare%20de%2040.000%20de%20lei%2C%20c%C4%83utate%20de%20autorit%C4%83%C8%9Bile%20din%20Suedia%2C%20depistate%20de%20poli%C8%9Bi%C8%99tii%20de%20frontier%C4%83%20din%20cadrul%20G%C4%83rzii%20de%20Coast%C4%83\" rel=\"external noopener nofollow\" title=\"Telegram\" target=\"_blank\" class=\"telegram-share-btn \" data-raw=\"https:\/\/telegram.me\/share\/url?url={post_link}&amp;text={post_title}\"><span class=\"screen-reader-text\">Telegram<\/span><\/a><a href=\"mailto:?subject=Dou%C4%83%20motoare%20de%20ambarca%C8%9Biune%2C%20%C3%AEn%20valoare%20de%2040.000%20de%20lei%2C%20c%C4%83utate%20de%20autorit%C4%83%C8%9Bile%20din%20Suedia%2C%20depistate%20de%20poli%C8%9Bi%C8%99tii%20de%20frontier%C4%83%20din%20cadrul%20G%C4%83rzii%20de%20Coast%C4%83&amp;body=https:\/\/infotulcea.ro\/doua-motoare-de-ambarcatiune-in-valoare-de-40-000-de-lei-cautate-de-autoritatile-din-suedia-depistate-de-politistii-de-frontiera-din-cadrul-garzii-de-coasta\/\" rel=\"external noopener nofollow\" title=\"Share via Email\" target=\"_blank\" class=\"email-share-btn \" data-raw=\"mailto:?subject={post_title}&amp;body={post_link}\"><span class=\"screen-reader-text\">Share via Email<\/span><\/a><a href=\"https:\/\/infotulcea.ro\/doua-motoare-de-ambarcatiune-in-valoare-de-40-000-de-lei-cautate-de-autoritatile-din-suedia-depistate-de-politistii-de-frontiera-din-cadrul-garzii-de-coasta\/\" rel=\"external noopener nofollow\" title=\"Print\" target=\"_blank\" class=\"print-share-btn \" data-raw=\"#\"><span class=\"screen-reader-text\">Print<\/span><\/a><\/div>\n<\/div>\n<\/article>\n<div class=\"post-components\">\n<div id=\"related-posts\" class=\"container-wrapper has-extra-post\">\n<div class=\"mag-box-title the-global-title\">\n<h3>Related Articles<\/h3>\n<\/div>\n<div class=\"related-posts-list\">\n<div class=\"related-item tie-standard\"><a aria-label=\"Autoturism cu numere false, depistat \u00een trafic la Grindu\" href=\"https:\/\/infotulcea.ro\/autoturism-cu-numere-false-depistat-in-trafic-la-grindu\/\" class=\"post-thumb\"><source type=\"image\/webp\" data-srcset=\"https:\/\/infotulcea.ro\/wp-content\/uploads\/2026\/03\/BC2E736C-0AA2-46A0-9BE9-B23263E7CDFD-390x220.jpg.webp\" \/><img loading=\"lazy\" decoding=\"async\" width=\"390\" height=\"220\" src=\"https:\/\/infotulcea.ro\/wp-content\/uploads\/2026\/03\/BC2E736C-0AA2-46A0-9BE9-B23263E7CDFD-390x220.jpg\" class=\"attachment-jannah-image-large size-jannah-image-large wp-post-image\" alt><\/a><\/p>\n<h3 class=\"post-title\"><a href=\"https:\/\/infotulcea.ro\/autoturism-cu-numere-false-depistat-in-trafic-la-grindu\/\">Autoturism cu numere false, depistat \u00een trafic la Grindu<\/a><\/h3>\n<div class=\"post-meta clearfix\"><span class=\"date meta-item tie-icon\">20 martie 2026<\/span><\/div>\n<\/div>\n<div class=\"related-item tie-standard\"><a aria-label=\"Ura! Liber la sc\u0103ldat \u00een Ciuperca: c-avem salvamar!\" href=\"https:\/\/infotulcea.ro\/ura-liber-la-scaldat-in-ciuperca-c-avem-salvamar\/\" class=\"post-thumb\"><img loading=\"lazy\" decoding=\"async\" width=\"390\" height=\"220\" src=\"https:\/\/infotulcea.ro\/wp-content\/uploads\/2021\/08\/FB_IMG_1628095346862-390x220.jpg\" class=\"attachment-jannah-image-large size-jannah-image-large wp-post-image lazyload\" alt><img loading=\"lazy\" decoding=\"async\" width=\"390\" height=\"220\" src=\"https:\/\/infotulcea.ro\/wp-content\/uploads\/2021\/08\/FB_IMG_1628095346862-390x220.jpg\" class=\"attachment-jannah-image-large size-jannah-image-large wp-post-image\" alt><\/a><\/p>\n<h3 class=\"post-title\"><a href=\"https:\/\/infotulcea.ro\/ura-liber-la-scaldat-in-ciuperca-c-avem-salvamar\/\">Ura! Liber la sc\u0103ldat \u00een Ciuperca: c-avem salvamar!<\/a><\/h3>\n<div class=\"post-meta clearfix\"><span class=\"date meta-item tie-icon\">4 august 2021<\/span><\/div>\n<\/div>\n<div class=\"related-item tie-standard\"><a aria-label=\"Trei tulceni speria\u021bi de drone au sunat la 112!\" href=\"https:\/\/infotulcea.ro\/trei-tulceni-speriati-de-drone-au-sunat-la-112\/\" class=\"post-thumb\"><source type=\"image\/webp\" data-srcset=\"https:\/\/infotulcea.ro\/wp-content\/uploads\/2024\/10\/IMG-20241002-WA0000-390x220.jpg.webp\" \/><img loading=\"lazy\" decoding=\"async\" width=\"390\" height=\"220\" src=\"https:\/\/infotulcea.ro\/wp-content\/uploads\/2024\/10\/IMG-20241002-WA0000-390x220.jpg\" class=\"attachment-jannah-image-large size-jannah-image-large wp-post-image\" alt><\/a><\/p>\n<h3 class=\"post-title\"><a href=\"https:\/\/infotulcea.ro\/trei-tulceni-speriati-de-drone-au-sunat-la-112\/\">Trei tulceni speria\u021bi de drone au sunat la 112!<\/a><\/h3>\n<div class=\"post-meta clearfix\"><span class=\"date meta-item tie-icon\">2 octombrie 2024<\/span><\/div>\n<\/div>\n<div class=\"related-item tie-standard\"><a aria-label=\"Jandarmii tulceni \u0219i-au \u00eent\u0103rit r\u00e2ndurile cu un c\u00e2ine de serviciu\" href=\"https:\/\/infotulcea.ro\/jandarmii-tulceni-si-au-intarit-randurile-cu-un-caine-de-serviciu\/\" class=\"post-thumb\"><img loading=\"lazy\" decoding=\"async\" width=\"390\" height=\"220\" src=\"https:\/\/infotulcea.ro\/wp-content\/uploads\/2021\/04\/IMG_20210409_104856-390x220.jpg\" class=\"attachment-jannah-image-large size-jannah-image-large wp-post-image lazyload\" alt><img loading=\"lazy\" decoding=\"async\" width=\"390\" height=\"220\" src=\"https:\/\/infotulcea.ro\/wp-content\/uploads\/2021\/04\/IMG_20210409_104856-390x220.jpg\" class=\"attachment-jannah-image-large size-jannah-image-large wp-post-image\" alt><\/a><\/p>\n<h3 class=\"post-title\"><a href=\"https:\/\/infotulcea.ro\/jandarmii-tulceni-si-au-intarit-randurile-cu-un-caine-de-serviciu\/\">Jandarmii tulceni \u0219i-au \u00eent\u0103rit r\u00e2ndurile cu un c\u00e2ine de serviciu<\/a><\/h3>\n<div class=\"post-meta clearfix\"><span class=\"date meta-item tie-icon\">9 aprilie 2021<\/span><\/div>\n<\/div>\n<\/div>\n<\/div>\n<div id=\"comments\" class=\"comments-area\">\n<div id=\"add-comment-block\" class=\"container-wrapper\">\n<div id=\"respond\" class=\"comment-respond\">\n<h3 id=\"reply-title\" class=\"comment-reply-title the-global-title\">Las\u0103 un r\u0103spuns <small><a rel=\"nofollow\" id=\"cancel-comment-reply-link\" href=\"https:\/\/infotulcea.ro\/doua-motoare-de-ambarcatiune-in-valoare-de-40-000-de-lei-cautate-de-autoritatile-din-suedia-depistate-de-politistii-de-frontiera-din-cadrul-garzii-de-coasta\/#respond\">Anuleaz\u0103 r\u0103spunsul<\/a><\/small><\/h3>\n<p class=\"comment-notes\"><span id=\"email-notes\">Adresa ta de email nu va fi publicat\u0103.<\/span><span class=\"required-field-message\">C\u00e2mpurile obligatorii sunt marcate cu <span class=\"required\">*<\/span><\/span><\/p>\n<\/div>\n<\/div>\n<\/div>\n<\/div>\n<\/div>\n<div id=\"check-also-box\" class=\"container-wrapper check-also-right\">\n<div class=\"widget-title the-global-title\">\n<div class=\"the-subtitle\">Check Also<\/div>\n<p><a href=\"https:\/\/infotulcea.ro\/doua-motoare-de-ambarcatiune-in-valoare-de-40-000-de-lei-cautate-de-autoritatile-din-suedia-depistate-de-politistii-de-frontiera-din-cadrul-garzii-de-coasta\/\" id=\"check-also-close\" class=\"remove\"><span class=\"screen-reader-text\">Close<\/span><\/a><\/div>\n<div class=\"widget posts-list-big-first has-first-big-post\">\n<ul class=\"posts-list-items\">\n<li class=\"widget-single-post-item widget-post-list tie-standard\">\n<div class=\"post-widget-thumbnail\"><a aria-label=\"Prefectul Marcel IVANOV \u015fi subprefectul Nicolae TOPOLEANU au depus jur\u0103m\u00e2ntul\" href=\"https:\/\/infotulcea.ro\/prefectul-marcel-ivanov-si-subprefectul-nicolae-topoleanu-au-depus-juramantul\/\" class=\"post-thumb\"><span class=\"post-cat-wrap\"><span class=\"post-cat tie-cat-29\">\u015etirea zilei<\/span><\/span><img loading=\"lazy\" decoding=\"async\" width=\"390\" height=\"220\" src=\"https:\/\/infotulcea.ro\/wp-content\/uploads\/2021\/03\/IMG_20210311_160140-390x220.jpg\" class=\"attachment-jannah-image-large size-jannah-image-large wp-post-image lazyload\" alt><img loading=\"lazy\" decoding=\"async\" width=\"390\" height=\"220\" src=\"https:\/\/infotulcea.ro\/wp-content\/uploads\/2021\/03\/IMG_20210311_160140-390x220.jpg\" class=\"attachment-jannah-image-large size-jannah-image-large wp-post-image\" alt><\/a><\/div>\n<div class=\"post-widget-body \"><a class=\"post-title the-subtitle\" href=\"https:\/\/infotulcea.ro\/prefectul-marcel-ivanov-si-subprefectul-nicolae-topoleanu-au-depus-juramantul\/\">Prefectul Marcel IVANOV \u015fi subprefectul Nicolae TOPOLEANU au depus jur\u0103m\u00e2ntul<\/a><\/p>\n<div class=\"post-meta\"><span class=\"date meta-item tie-icon\">11 martie 2021<\/span><\/div>\n<\/div>\n<\/li>\n<\/ul>\n<\/div>\n<\/div>\n<aside class=\"sidebar tie-col-md-4 tie-col-xs-12 normal-side is-sticky\" aria-label=\"Primary Sidebar\">\n<div class=\"theiaStickySidebar\">\n<div id=\"media_image-19\" class=\"container-wrapper widget widget_media_image\"><a href=\"https:\/\/infotulcea.ro\/delta-dunarii-mai-accesibila-navrom-delta-creste-numarul-curselor-regulate-de-la-1-mai-2025\/\"><source sizes=\"(max-width: 500px) 100vw, 500px\" type=\"image\/webp\" data-srcset=\"https:\/\/infotulcea.ro\/wp-content\/uploads\/2025\/04\/navrom-delta-500x271.jpg.webp 500w, https:\/\/infotulcea.ro\/wp-content\/uploads\/2025\/04\/navrom-delta-1024x555.jpg.webp 1024w, https:\/\/infotulcea.ro\/wp-content\/uploads\/2025\/04\/navrom-delta-768x416.jpg.webp 768w, https:\/\/infotulcea.ro\/wp-content\/uploads\/2025\/04\/navrom-delta.jpg.webp 1080w\" \/><img loading=\"lazy\" decoding=\"async\" width=\"500\" height=\"271\" src=\"https:\/\/infotulcea.ro\/wp-content\/uploads\/2025\/04\/navrom-delta-500x271.jpg\" class=\"image wp-image-34487  attachment-medium size-medium\" alt><\/a><\/div>\n<div id=\"media_image-17\" class=\"container-wrapper widget widget_media_image\"><a href=\"https:\/\/www.facebook.com\/share\/p\/1DGAD1tLWN\/?mibextid=wwXIfr\" target=\"_blank\"><source sizes=\"(max-width: 500px) 100vw, 500px\" type=\"image\/webp\" data-srcset=\"https:\/\/infotulcea.ro\/wp-content\/uploads\/2026\/01\/IMG_1563-500x500.jpeg.webp 500w, https:\/\/infotulcea.ro\/wp-content\/uploads\/2026\/01\/IMG_1563-1024x1024.jpeg.webp 1024w, https:\/\/infotulcea.ro\/wp-content\/uploads\/2026\/01\/IMG_1563-250x250.jpeg.webp 250w, https:\/\/infotulcea.ro\/wp-content\/uploads\/2026\/01\/IMG_1563-768x768.jpeg.webp 768w, https:\/\/infotulcea.ro\/wp-content\/uploads\/2026\/01\/IMG_1563.jpeg.webp 1080w\" \/><img loading=\"lazy\" decoding=\"async\" width=\"500\" height=\"500\" src=\"https:\/\/infotulcea.ro\/wp-content\/uploads\/2026\/01\/IMG_1563-500x500.jpeg\" class=\"image wp-image-37932  attachment-medium size-medium\" alt title=\"Centrale pe lemne\"><\/a><\/div>\n<div id=\"media_image-18\" class=\"container-wrapper widget widget_media_image\"><a href=\"https:\/\/www.licitatia.ro\/site\/index-guest\"><img loading=\"lazy\" decoding=\"async\" width=\"500\" height=\"262\" src=\"https:\/\/infotulcea.ro\/wp-content\/uploads\/2025\/09\/licitatia-500x262.png\" class=\"image wp-image-36670  attachment-medium size-medium lazyload\" alt><img loading=\"lazy\" decoding=\"async\" width=\"500\" height=\"262\" src=\"https:\/\/infotulcea.ro\/wp-content\/uploads\/2025\/09\/licitatia-500x262.png\" class=\"image wp-image-36670  attachment-medium size-medium\" alt><\/a><\/div>\n<div id=\"media_image-27\" class=\"container-wrapper widget widget_media_image\"><a href=\"https:\/\/www.centrale-lemne-liepsnele.ro\/\"><img loading=\"lazy\" decoding=\"async\" width=\"500\" height=\"500\" src=\"https:\/\/infotulcea.ro\/wp-content\/uploads\/2025\/09\/Centrale-pe-Lemne-Liepsnele-500x500.png\" class=\"image wp-image-36541  attachment-medium size-medium lazyload\" alt=\"Centrala pe lemne\"><img loading=\"lazy\" decoding=\"async\" width=\"500\" height=\"500\" src=\"https:\/\/infotulcea.ro\/wp-content\/uploads\/2025\/09\/Centrale-pe-Lemne-Liepsnele-500x500.png\" class=\"image wp-image-36541  attachment-medium size-medium\" alt=\"Centrala pe lemne\"><\/a><\/div>\n<div id=\"media_image-28\" class=\"container-wrapper widget widget_media_image\"><a href=\"https:\/\/infotulcea.ro\/angajeaza-te-ro-platforma-ta-online-de-angajari-si-forta-de-munca\/\"><source sizes=\"(max-width: 500px) 100vw, 500px\" type=\"image\/webp\" data-srcset=\"https:\/\/infotulcea.ro\/wp-content\/uploads\/2025\/04\/banner-angajazate-1-500x305.jpg.webp 500w, https:\/\/infotulcea.ro\/wp-content\/uploads\/2025\/04\/banner-angajazate-1-1024x625.jpg.webp 1024w, https:\/\/infotulcea.ro\/wp-content\/uploads\/2025\/04\/banner-angajazate-1-768x469.jpg.webp 768w, https:\/\/infotulcea.ro\/wp-content\/uploads\/2025\/04\/banner-angajazate-1.jpg.webp 1080w\" \/><img loading=\"lazy\" decoding=\"async\" width=\"500\" height=\"305\" src=\"https:\/\/infotulcea.ro\/wp-content\/uploads\/2025\/04\/banner-angajazate-1-500x305.jpg\" class=\"image wp-image-34317  attachment-medium size-medium\" alt><\/a><\/div>\n<\/div>\n<\/aside>\n<\/div>\n<\/div>\n<div class=\"entry-content entry clearfix\">\n<p>\u00cen perioada 05.08\u201311.08.2026, poli\u021bi\u0219tii de frontier\u0103 din cadrul Sectorului Poli\u021biei de Frontier\u0103 Tulcea au desf\u0103\u0219urat ac\u021biuni pentru prevenirea \u0219i combaterea infrac\u021bionalit\u0103\u021bii transfrontaliere, precum \u0219i pentru identificarea bunurilor semnalate ca fiind c\u0103utate de autorit\u0103\u021bile din alte state.<\/p>\n<p>Cu aceast\u0103 ocazie, poli\u021bi\u0219tii de frontier\u0103, \u00een cooperare cu autorit\u0103\u021bile din Suedia \u0219i Germania, au identificat, \u00een<source sizes=\"(max-width: 331px) 100vw, 331px\" type=\"image\/webp\" data-srcset=\"https:\/\/infotulcea.ro\/wp-content\/uploads\/2026\/08\/motor-1-500x387.jpeg.webp 500w, https:\/\/infotulcea.ro\/wp-content\/uploads\/2026\/08\/motor-1-768x595.jpeg.webp 768w, https:\/\/infotulcea.ro\/wp-content\/uploads\/2026\/08\/motor-1.jpeg.webp 968w\" \/><\/p>\n<p><img loading=\"lazy\" decoding=\"async\" class=\" wp-image-40364 alignright\" src=\"https:\/\/infotulcea.ro\/wp-content\/uploads\/2026\/08\/motor-1-500x387.jpeg\" alt width=\"331\" height=\"256\"> posesia a doi cet\u0103\u021beni rom\u00e2ni, dou\u0103 motoare de ambarca\u021biune ale c\u0103ror serii de identificare fuseser\u0103 modificate \u0219i \u00eenlocuite cu unele false.<\/p>\n<p>\u00cen urma verific\u0103rilor efectuate \u00een bazele de date specifice, s-a constatat c\u0103 ambele motoare figureaz\u0103 ca bunuri c\u0103utate \u00een vederea confisc\u0103rii de c\u0103tre autorit\u0103\u021bile suedeze.<\/p>\n<p>Av\u00e2nd \u00een vedere cele constatate, organele de cercetare penal\u0103 s-au sesizat din oficiu cu privire la s\u0103v\u00e2r\u0219irea infrac\u021biunii de t\u0103inuire.<\/p>\n<p>Motoarele de ambarca\u021biune, \u00een valoare total\u0103 de aproximativ 40.000 de lei, au fost ridicate \u00een vederea continu\u0103rii cercet\u0103rilor.<\/p>\n<\/div>\n<div class=\"articleBody\" data-key=\"articleBody\">\u00cen perioada 05.08\u201311.08.2026, poli\u021bi\u0219tii de frontier\u0103 din cadrul Sectorului Poli\u021biei de Frontier\u0103 Tulcea au desf\u0103\u0219urat ac\u021biuni pentru prevenirea \u0219i combaterea infrac\u021bionalit\u0103\u021bii transfrontaliere, precum \u0219i pentru identificarea bunurilor semnalate ca fiind c\u0103utate de autorit\u0103\u021bile din alte state.<\/p>\n<p>Cu aceast\u0103 ocazie, poli\u021bi\u0219tii de frontier\u0103, \u00een cooperare cu autorit\u0103\u021bile din Suedia \u0219i Germania, au identificat, \u00een posesia a doi cet\u0103\u021beni rom\u00e2ni, dou\u0103 motoare de ambarca\u021biune ale c\u0103ror serii de identificare fuseser\u0103 modificate \u0219i \u00eenlocuite cu unele false.<\/p>\n<p>\u00cen urma verific\u0103rilor efectuate \u00een bazele de date specifice, s-a constatat c\u0103 ambele motoare figureaz\u0103 ca bunuri c\u0103utate \u00een vederea confisc\u0103rii de c\u0103tre autorit\u0103\u021bile suedeze.<\/p>\n<p>Av\u00e2nd \u00een vedere cele constatate, organele de cercetare penal\u0103 s-au sesizat din oficiu cu privire la s\u0103v\u00e2r\u0219irea infrac\u021biunii de t\u0103inuire.<\/p>\n<p>Motoarele de ambarca\u021biune, \u00een valoare total\u0103 de aproximativ 40.000 de lei, au fost ridicate \u00een vederea continu\u0103rii cercet\u0103rilor.<\/p><\/div>\n<p>[analyse_source url=&#8221;https:\/\/infotulcea.ro\/doua-motoare-de-ambarcatiune-in-valoare-de-40-000-de-lei-cautate-de-autoritatile-din-suedia-depistate-de-politistii-de-frontiera-din-cadrul-garzii-de-coasta\/&#8221;]<\/p>\n","protected":false},"excerpt":{"rendered":"<p>[analyse_image type=&#8221;featured&#8221; src=&#8221;https:\/\/infotulcea.ro\/wp-content\/uploads\/2026\/08\/motor-2.jpeghttps:\/\/infotulcea.ro\/wp-content\/uploads\/2026\/08\/motor-2.jpeg&#8221;] Home\/\u015etirea zilei\/Dou\u0103 motoare de ambarca\u021biune, \u00een valoare de 40.000 de lei, c\u0103utate de autorit\u0103\u021bile din Suedia, depistate de poli\u021bi\u0219tii de frontier\u0103 din cadrul G\u0103rzii de Coast\u0103 \u015etirea zilei Dou\u0103 motoare de ambarca\u021biune, \u00een valoare de 40.000 de lei, c\u0103utate de autorit\u0103\u021bile din Suedia, depistate de poli\u021bi\u0219tii de frontier\u0103 din cadrul G\u0103rzii de [&hellip;]<\/p>\n","protected":false},"author":1,"featured_media":0,"comment_status":"open","ping_status":"","sticky":false,"template":"","format":"standard","meta":{"footnotes":""},"categories":[89],"tags":[226,221],"class_list":["post-2098835","post","type-post","status-publish","format-standard","hentry","category-romania","tag-crawlmanager","tag-infotulcea-ro"],"_links":{"self":[{"href":"https:\/\/analyse.optim.biz\/index.php?rest_route=\/wp\/v2\/posts\/2098835","targetHints":{"allow":["GET"]}}],"collection":[{"href":"https:\/\/analyse.optim.biz\/index.php?rest_route=\/wp\/v2\/posts"}],"about":[{"href":"https:\/\/analyse.optim.biz\/index.php?rest_route=\/wp\/v2\/types\/post"}],"author":[{"embeddable":true,"href":"https:\/\/analyse.optim.biz\/index.php?rest_route=\/wp\/v2\/users\/1"}],"replies":[{"embeddable":true,"href":"https:\/\/analyse.optim.biz\/index.php?rest_route=%2Fwp%2Fv2%2Fcomments&post=2098835"}],"version-history":[{"count":0,"href":"https:\/\/analyse.optim.biz\/index.php?rest_route=\/wp\/v2\/posts\/2098835\/revisions"}],"wp:attachment":[{"href":"https:\/\/analyse.optim.biz\/index.php?rest_route=%2Fwp%2Fv2%2Fmedia&parent=2098835"}],"wp:term":[{"taxonomy":"category","embeddable":true,"href":"https:\/\/analyse.optim.biz\/index.php?rest_route=%2Fwp%2Fv2%2Fcategories&post=2098835"},{"taxonomy":"post_tag","embeddable":true,"href":"https:\/\/analyse.optim.biz\/index.php?rest_route=%2Fwp%2Fv2%2Ftags&post=2098835"}],"curies":[{"name":"wp","href":"https:\/\/api.w.org\/{rel}","templated":true}]}}