{"id":2098834,"date":"2026-08-11T10:26:57","date_gmt":"2026-08-11T07:26:57","guid":{"rendered":"https:\/\/analyse.optim.biz\/?p=2098834"},"modified":"2026-08-11T10:26:57","modified_gmt":"2026-08-11T07:26:57","slug":"accident-intre-doua-masini-pe-drumul-agighiol-valea-nucarilor","status":"publish","type":"post","link":"https:\/\/analyse.optim.biz\/?p=2098834","title":{"rendered":"Accident \u00eentre dou\u0103 ma\u0219ini pe drumul Agighiol \u2013 Valea Nucarilor"},"content":{"rendered":"<p>[analyse_image type=&#8221;featured&#8221; src=&#8221;https:\/\/infotulcea.ro\/wp-content\/uploads\/2026\/08\/isu.jpeghttps:\/\/infotulcea.ro\/wp-content\/uploads\/2026\/08\/isu.jpeg&#8221;]<\/p>\n<div id=\"content\" class=\"site-content container\">\n<div id=\"main-content-row\" class=\"tie-row main-content-row\">\n<div class=\"main-content tie-col-md-8 tie-col-xs-12\" role=\"main\">\n<article id=\"the-post\" class=\"container-wrapper post-content tie-standard\">\n<header class=\"entry-header-outer\">\n<nav id=\"breadcrumb\"><a href=\"https:\/\/infotulcea.ro\/\"> Home<\/a><em class=\"delimiter\">\/<\/em><a href=\"https:\/\/infotulcea.ro\/categorie\/stirea-zilei\/\">\u015etirea zilei<\/a><em class=\"delimiter\">\/<\/em><span class=\"current\">Accident \u00eentre dou\u0103 ma\u0219ini pe drumul Agighiol \u2013 Valea Nucarilor<\/span><\/nav>\n<div class=\"entry-header\"><span class=\"post-cat-wrap\"><a class=\"post-cat tie-cat-29\" href=\"https:\/\/infotulcea.ro\/categorie\/stirea-zilei\/\">\u015etirea zilei<\/a><\/span><\/p>\n<h1 class=\"post-title entry-title\">\n\t\t\tAccident \u00eentre dou\u0103 ma\u0219ini pe drumul Agighiol \u2013 Valea Nucarilor\t\t<\/h1>\n<div class=\"single-post-meta post-meta clearfix\"><span class=\"author-meta single-author no-avatars\"><span class=\"meta-item meta-author-wrapper meta-author-9\"><span class=\"meta-author\"><a href=\"https:\/\/infotulcea.ro\/author\/redactia-2\/\" class=\"author-name tie-icon\" title=\"Redactia\">Redactia<\/a><\/span><\/span><\/span><span class=\"date meta-item tie-icon\">11 august 2026<\/span><\/p>\n<div class=\"tie-alignright\"><span class=\"meta-comment tie-icon meta-item fa-before\">0<\/span><span class=\"meta-views meta-item \"> 144 <\/span><span class=\"meta-reading-time meta-item\"> 1 minute read<\/span><\/div>\n<\/div>\n<\/div>\n<\/header>\n<div class=\"entry-content entry clearfix\">\n<p><strong>\u00cen urm\u0103 cu pu\u021bin timp, pompierii militari din cadrul Inspectoratului pentru Situa\u021bii de Urgen\u021b\u0103 \u201eDelta\u201d al jude\u021bului Tulcea au fost solicita\u021bi s\u0103 intervin\u0103 \u00een urma producerii unui accident rutier pe drumul dintre localit\u0103\u021bile Agighiol \u0219i Valea Nucarilor, \u00een care au fost implicate dou\u0103 autoturisme, \u00een care se aflau, \u00een total, cinci persoane.<\/strong><\/p>\n<p>La locul interven\u021biei s-au deplasat pompierii militari din cadrul Deta\u0219amentului de Pompieri Tulcea, cu o<source sizes=\"(max-width: 452px) 100vw, 452px\" type=\"image\/webp\" data-srcset=\"https:\/\/infotulcea.ro\/wp-content\/uploads\/2026\/08\/isu-500x281.jpeg.webp 500w, https:\/\/infotulcea.ro\/wp-content\/uploads\/2026\/08\/isu-1024x576.jpeg.webp 1024w, https:\/\/infotulcea.ro\/wp-content\/uploads\/2026\/08\/isu-768x432.jpeg.webp 768w, https:\/\/infotulcea.ro\/wp-content\/uploads\/2026\/08\/isu-390x220.jpeg.webp 390w, https:\/\/infotulcea.ro\/wp-content\/uploads\/2026\/08\/isu.jpeg.webp 1080w\" \/><\/p>\n<p><img loading=\"lazy\" decoding=\"async\" class=\" wp-image-40341 alignright\" src=\"https:\/\/infotulcea.ro\/wp-content\/uploads\/2026\/08\/isu-500x281.jpeg\" alt width=\"452\" height=\"254\"> autospecial\u0103 de descarcerare \u0219i o autospecial\u0103 de stingere, precum \u0219i dou\u0103 echipaje ale Serviciului de Ambulan\u021b\u0103 Jude\u021bean Tulcea.<\/p>\n<p>La sosirea for\u021belor de interven\u021bie, pompierii au ac\u021bionat pentru extragerea unei persoane de sex masculin, \u00een v\u00e2rst\u0103 de aproximativ 49 de ani, conduc\u0103torul auto al unuia dintre autoturisme, care a r\u0103mas \u00eencarcerat\u0103 \u00een urma impactului.<\/p>\n<p>Alte dou\u0103 persoane implicate \u00een accident au fost preluate de echipajele medicale, \u00een vederea evalu\u0103rii, acord\u0103rii primului ajutor medical \u0219i transport\u0103rii la o unitate de primiri urgen\u021be<\/p>\n<\/div>\n<div id=\"post-extra-info\">\n<div class=\"theiaStickySidebar\">\n<div class=\"single-post-meta post-meta clearfix\"><span class=\"author-meta single-author no-avatars\"><span class=\"meta-item meta-author-wrapper meta-author-9\"><span class=\"meta-author\"><a href=\"https:\/\/infotulcea.ro\/author\/redactia-2\/\" class=\"author-name tie-icon\" title=\"Redactia\">Redactia<\/a><\/span><\/span><\/span><span class=\"date meta-item tie-icon\">11 august 2026<\/span><\/p>\n<div class=\"tie-alignright\"><span class=\"meta-comment tie-icon meta-item fa-before\">0<\/span><span class=\"meta-views meta-item \"> 144 <\/span><span class=\"meta-reading-time meta-item\"> 1 minute read<\/span><\/div>\n<\/div>\n<\/div>\n<\/div>\n<div id=\"share-buttons-bottom\" class=\"share-buttons share-buttons-bottom\">\n<div class=\"share-links  icons-only\">\n<div class=\"share-title\"><span> Share<\/span><\/div>\n<p><a href=\"https:\/\/www.facebook.com\/sharer.php?u=https:\/\/infotulcea.ro\/accident-intre-doua-masini-pe-drumul-agighiol-valea-nucarilor\/\" rel=\"external noopener nofollow\" title=\"Facebook\" target=\"_blank\" class=\"facebook-share-btn \" data-raw=\"https:\/\/www.facebook.com\/sharer.php?u={post_link}\"><span class=\"screen-reader-text\">Facebook<\/span><\/a><a href=\"https:\/\/twitter.com\/intent\/tweet?text=Accident%20%C3%AEntre%20dou%C4%83%20ma%C8%99ini%20pe%20drumul%20Agighiol%20%E2%80%93%20Valea%20Nucarilor&amp;url=https:\/\/infotulcea.ro\/accident-intre-doua-masini-pe-drumul-agighiol-valea-nucarilor\/\" rel=\"external noopener nofollow\" title=\"X\" target=\"_blank\" class=\"twitter-share-btn \" data-raw=\"https:\/\/twitter.com\/intent\/tweet?text={post_title}&amp;url={post_link}\"><span class=\"screen-reader-text\">X<\/span><\/a><a href=\"https:\/\/api.whatsapp.com\/send?text=Accident%20%C3%AEntre%20dou%C4%83%20ma%C8%99ini%20pe%20drumul%20Agighiol%20%E2%80%93%20Valea%20Nucarilor%20https:\/\/infotulcea.ro\/accident-intre-doua-masini-pe-drumul-agighiol-valea-nucarilor\/\" rel=\"external noopener nofollow\" title=\"WhatsApp\" target=\"_blank\" class=\"whatsapp-share-btn \" data-raw=\"https:\/\/api.whatsapp.com\/send?text={post_title}%20{post_link}\"><span class=\"screen-reader-text\">WhatsApp<\/span><\/a><a href=\"https:\/\/telegram.me\/share\/url?url=https:\/\/infotulcea.ro\/accident-intre-doua-masini-pe-drumul-agighiol-valea-nucarilor\/&amp;text=Accident%20%C3%AEntre%20dou%C4%83%20ma%C8%99ini%20pe%20drumul%20Agighiol%20%E2%80%93%20Valea%20Nucarilor\" rel=\"external noopener nofollow\" title=\"Telegram\" target=\"_blank\" class=\"telegram-share-btn \" data-raw=\"https:\/\/telegram.me\/share\/url?url={post_link}&amp;text={post_title}\"><span class=\"screen-reader-text\">Telegram<\/span><\/a><a href=\"mailto:?subject=Accident%20%C3%AEntre%20dou%C4%83%20ma%C8%99ini%20pe%20drumul%20Agighiol%20%E2%80%93%20Valea%20Nucarilor&amp;body=https:\/\/infotulcea.ro\/accident-intre-doua-masini-pe-drumul-agighiol-valea-nucarilor\/\" rel=\"external noopener nofollow\" title=\"Share via Email\" target=\"_blank\" class=\"email-share-btn \" data-raw=\"mailto:?subject={post_title}&amp;body={post_link}\"><span class=\"screen-reader-text\">Share via Email<\/span><\/a><a href=\"https:\/\/infotulcea.ro\/accident-intre-doua-masini-pe-drumul-agighiol-valea-nucarilor\/\" rel=\"external noopener nofollow\" title=\"Print\" target=\"_blank\" class=\"print-share-btn \" data-raw=\"#\"><span class=\"screen-reader-text\">Print<\/span><\/a><\/div>\n<\/div>\n<\/article>\n<div class=\"post-components\">\n<div id=\"related-posts\" class=\"container-wrapper has-extra-post\">\n<div class=\"mag-box-title the-global-title\">\n<h3>Related Articles<\/h3>\n<\/div>\n<div class=\"related-posts-list\">\n<div class=\"related-item tie-standard\"><a aria-label=\"Accident pe Tulcea-Aghighiol: Pasager\u0103 de 21 de ani din Babadag, r\u0103nit\u0103!\" href=\"https:\/\/infotulcea.ro\/accident-pe-tulcea-aghighiol-pasagera-de-21-de-ani-din-babadag-ranita\/\" class=\"post-thumb\"><img loading=\"lazy\" decoding=\"async\" width=\"390\" height=\"220\" src=\"https:\/\/infotulcea.ro\/wp-content\/uploads\/2020\/11\/IMG-20201130-WA0008-390x220.jpg\" class=\"attachment-jannah-image-large size-jannah-image-large wp-post-image lazyload\" alt><img loading=\"lazy\" decoding=\"async\" width=\"390\" height=\"220\" src=\"https:\/\/infotulcea.ro\/wp-content\/uploads\/2020\/11\/IMG-20201130-WA0008-390x220.jpg\" class=\"attachment-jannah-image-large size-jannah-image-large wp-post-image\" alt><\/a><\/p>\n<h3 class=\"post-title\"><a href=\"https:\/\/infotulcea.ro\/accident-pe-tulcea-aghighiol-pasagera-de-21-de-ani-din-babadag-ranita\/\">Accident pe Tulcea-Aghighiol: Pasager\u0103 de 21 de ani din Babadag, r\u0103nit\u0103!<\/a><\/h3>\n<div class=\"post-meta clearfix\"><span class=\"date meta-item tie-icon\">30 noiembrie 2020<\/span><\/div>\n<\/div>\n<div class=\"related-item tie-standard\"><a aria-label=\"Accident cu cinci r\u0103ni\u0163i \u00eentre Nalbant \u015fi Cataloi. \u015eoferul doar 19 ani!\" href=\"https:\/\/infotulcea.ro\/accident-cu-cinci-raniti-intre-nalbant-si-cataloi-soferul-doar-19-ani\/\" class=\"post-thumb\"><source type=\"image\/webp\" data-srcset=\"https:\/\/infotulcea.ro\/wp-content\/uploads\/2020\/09\/acccc-390x220.jpeg.webp\" \/><img loading=\"lazy\" decoding=\"async\" width=\"390\" height=\"220\" src=\"https:\/\/infotulcea.ro\/wp-content\/uploads\/2020\/09\/acccc-390x220.jpeg\" class=\"attachment-jannah-image-large size-jannah-image-large wp-post-image\" alt><\/a><\/p>\n<h3 class=\"post-title\"><a href=\"https:\/\/infotulcea.ro\/accident-cu-cinci-raniti-intre-nalbant-si-cataloi-soferul-doar-19-ani\/\">Accident cu cinci r\u0103ni\u0163i \u00eentre Nalbant \u015fi Cataloi. \u015eoferul doar 19 ani!<\/a><\/h3>\n<div class=\"post-meta clearfix\"><span class=\"date meta-item tie-icon\">4 septembrie 2020<\/span><\/div>\n<\/div>\n<div class=\"related-item tie-standard\"><a aria-label=\"Avertizare cod galben de ploi toren\u021biale pentru Tulcea!\" href=\"https:\/\/infotulcea.ro\/avertizare-cod-galben-de-ploi-torentiale-pentru-tulcea\/\" class=\"post-thumb\"><img loading=\"lazy\" decoding=\"async\" width=\"390\" height=\"220\" src=\"https:\/\/infotulcea.ro\/wp-content\/uploads\/2021\/06\/IMG-20210609-WA0021-390x220.jpg\" class=\"attachment-jannah-image-large size-jannah-image-large wp-post-image lazyload\" alt><img loading=\"lazy\" decoding=\"async\" width=\"390\" height=\"220\" src=\"https:\/\/infotulcea.ro\/wp-content\/uploads\/2021\/06\/IMG-20210609-WA0021-390x220.jpg\" class=\"attachment-jannah-image-large size-jannah-image-large wp-post-image\" alt><\/a><\/p>\n<h3 class=\"post-title\"><a href=\"https:\/\/infotulcea.ro\/avertizare-cod-galben-de-ploi-torentiale-pentru-tulcea\/\">Avertizare cod galben de ploi toren\u021biale pentru Tulcea!<\/a><\/h3>\n<div class=\"post-meta clearfix\"><span class=\"date meta-item tie-icon\">9 iunie 2021<\/span><\/div>\n<\/div>\n<div class=\"related-item tie-standard\"><a aria-label=\"Tulcenii au votat PSD, AUR \u0219i SOS!\" href=\"https:\/\/infotulcea.ro\/tulcenii-au-votat-psd-aur-si-sos\/\" class=\"post-thumb\"><source type=\"image\/webp\" data-srcset=\"https:\/\/infotulcea.ro\/wp-content\/uploads\/2024\/12\/IMG_0592-390x220.jpeg.webp\" \/><img loading=\"lazy\" decoding=\"async\" width=\"390\" height=\"220\" src=\"https:\/\/infotulcea.ro\/wp-content\/uploads\/2024\/12\/IMG_0592-390x220.jpeg\" class=\"attachment-jannah-image-large size-jannah-image-large wp-post-image\" alt><\/a><\/p>\n<h3 class=\"post-title\"><a href=\"https:\/\/infotulcea.ro\/tulcenii-au-votat-psd-aur-si-sos\/\">Tulcenii au votat PSD, AUR \u0219i SOS!<\/a><\/h3>\n<div class=\"post-meta clearfix\"><span class=\"date meta-item tie-icon\">2 decembrie 2024<\/span><\/div>\n<\/div>\n<\/div>\n<\/div>\n<div id=\"comments\" class=\"comments-area\">\n<div id=\"add-comment-block\" class=\"container-wrapper\">\n<div id=\"respond\" class=\"comment-respond\">\n<h3 id=\"reply-title\" class=\"comment-reply-title the-global-title\">Las\u0103 un r\u0103spuns <small><a rel=\"nofollow\" id=\"cancel-comment-reply-link\" href=\"https:\/\/infotulcea.ro\/accident-intre-doua-masini-pe-drumul-agighiol-valea-nucarilor\/#respond\">Anuleaz\u0103 r\u0103spunsul<\/a><\/small><\/h3>\n<p class=\"comment-notes\"><span id=\"email-notes\">Adresa ta de email nu va fi publicat\u0103.<\/span><span class=\"required-field-message\">C\u00e2mpurile obligatorii sunt marcate cu <span class=\"required\">*<\/span><\/span><\/p>\n<\/div>\n<\/div>\n<\/div>\n<\/div>\n<\/div>\n<div id=\"check-also-box\" class=\"container-wrapper check-also-right\">\n<div class=\"widget-title the-global-title\">\n<div class=\"the-subtitle\">Check Also<\/div>\n<p><a href=\"https:\/\/infotulcea.ro\/accident-intre-doua-masini-pe-drumul-agighiol-valea-nucarilor\/\" id=\"check-also-close\" class=\"remove\"><span class=\"screen-reader-text\">Close<\/span><\/a><\/div>\n<div class=\"widget posts-list-big-first has-first-big-post\">\n<ul class=\"posts-list-items\">\n<li class=\"widget-single-post-item widget-post-list tie-standard\">\n<div class=\"post-widget-thumbnail\"><a aria-label=\"VIDEO: Consiliul Jude\u021bean Tulcea are pre\u0219edinte \u0219i o formul\u0103 restr\u00e2ns\u0103 de numai 20 de consilieri\" href=\"https:\/\/infotulcea.ro\/video-consiliul-judetean-tulcea-are-presedinte-si-o-formula-restransa-de-numai-20-de-consilieri\/\" class=\"post-thumb\"><span class=\"post-cat-wrap\"><span class=\"post-cat tie-cat-31\">Consiliul Jude\u0163ean<\/span><\/span><source type=\"image\/webp\" data-srcset=\"https:\/\/infotulcea.ro\/wp-content\/uploads\/2024\/11\/consiliul-judetean-Tulcea-390x220.jpg.webp\" \/><img loading=\"lazy\" decoding=\"async\" width=\"390\" height=\"220\" src=\"https:\/\/infotulcea.ro\/wp-content\/uploads\/2024\/11\/consiliul-judetean-Tulcea-390x220.jpg\" class=\"attachment-jannah-image-large size-jannah-image-large wp-post-image\" alt><\/a><\/div>\n<div class=\"post-widget-body \"><a class=\"post-title the-subtitle\" href=\"https:\/\/infotulcea.ro\/video-consiliul-judetean-tulcea-are-presedinte-si-o-formula-restransa-de-numai-20-de-consilieri\/\">VIDEO: Consiliul Jude\u021bean Tulcea are pre\u0219edinte \u0219i o formul\u0103 restr\u00e2ns\u0103 de numai 20 de consilieri<\/a><\/p>\n<div class=\"post-meta\"><span class=\"date meta-item tie-icon\">8 noiembrie 2024<\/span><\/div>\n<\/div>\n<\/li>\n<\/ul>\n<\/div>\n<\/div>\n<aside class=\"sidebar tie-col-md-4 tie-col-xs-12 normal-side is-sticky\" aria-label=\"Primary Sidebar\">\n<div class=\"theiaStickySidebar\">\n<div id=\"media_image-19\" class=\"container-wrapper widget widget_media_image\"><a href=\"https:\/\/infotulcea.ro\/delta-dunarii-mai-accesibila-navrom-delta-creste-numarul-curselor-regulate-de-la-1-mai-2025\/\"><source sizes=\"(max-width: 500px) 100vw, 500px\" type=\"image\/webp\" data-srcset=\"https:\/\/infotulcea.ro\/wp-content\/uploads\/2025\/04\/navrom-delta-500x271.jpg.webp 500w, https:\/\/infotulcea.ro\/wp-content\/uploads\/2025\/04\/navrom-delta-1024x555.jpg.webp 1024w, https:\/\/infotulcea.ro\/wp-content\/uploads\/2025\/04\/navrom-delta-768x416.jpg.webp 768w, https:\/\/infotulcea.ro\/wp-content\/uploads\/2025\/04\/navrom-delta.jpg.webp 1080w\" \/><img loading=\"lazy\" decoding=\"async\" width=\"500\" height=\"271\" src=\"https:\/\/infotulcea.ro\/wp-content\/uploads\/2025\/04\/navrom-delta-500x271.jpg\" class=\"image wp-image-34487  attachment-medium size-medium\" alt><\/a><\/div>\n<div id=\"media_image-17\" class=\"container-wrapper widget widget_media_image\"><a href=\"https:\/\/www.facebook.com\/share\/p\/1DGAD1tLWN\/?mibextid=wwXIfr\" target=\"_blank\"><source sizes=\"(max-width: 500px) 100vw, 500px\" type=\"image\/webp\" data-srcset=\"https:\/\/infotulcea.ro\/wp-content\/uploads\/2026\/01\/IMG_1563-500x500.jpeg.webp 500w, https:\/\/infotulcea.ro\/wp-content\/uploads\/2026\/01\/IMG_1563-1024x1024.jpeg.webp 1024w, https:\/\/infotulcea.ro\/wp-content\/uploads\/2026\/01\/IMG_1563-250x250.jpeg.webp 250w, https:\/\/infotulcea.ro\/wp-content\/uploads\/2026\/01\/IMG_1563-768x768.jpeg.webp 768w, https:\/\/infotulcea.ro\/wp-content\/uploads\/2026\/01\/IMG_1563.jpeg.webp 1080w\" \/><img loading=\"lazy\" decoding=\"async\" width=\"500\" height=\"500\" src=\"https:\/\/infotulcea.ro\/wp-content\/uploads\/2026\/01\/IMG_1563-500x500.jpeg\" class=\"image wp-image-37932  attachment-medium size-medium\" alt title=\"Centrale pe lemne\"><\/a><\/div>\n<div id=\"media_image-18\" class=\"container-wrapper widget widget_media_image\"><a href=\"https:\/\/www.licitatia.ro\/site\/index-guest\"><img loading=\"lazy\" decoding=\"async\" width=\"500\" height=\"262\" src=\"https:\/\/infotulcea.ro\/wp-content\/uploads\/2025\/09\/licitatia-500x262.png\" class=\"image wp-image-36670  attachment-medium size-medium lazyload\" alt><img loading=\"lazy\" decoding=\"async\" width=\"500\" height=\"262\" src=\"https:\/\/infotulcea.ro\/wp-content\/uploads\/2025\/09\/licitatia-500x262.png\" class=\"image wp-image-36670  attachment-medium size-medium\" alt><\/a><\/div>\n<div id=\"media_image-27\" class=\"container-wrapper widget widget_media_image\"><a href=\"https:\/\/www.centrale-lemne-liepsnele.ro\/\"><img loading=\"lazy\" decoding=\"async\" width=\"500\" height=\"500\" src=\"https:\/\/infotulcea.ro\/wp-content\/uploads\/2025\/09\/Centrale-pe-Lemne-Liepsnele-500x500.png\" class=\"image wp-image-36541  attachment-medium size-medium lazyload\" alt=\"Centrala pe lemne\"><img loading=\"lazy\" decoding=\"async\" width=\"500\" height=\"500\" src=\"https:\/\/infotulcea.ro\/wp-content\/uploads\/2025\/09\/Centrale-pe-Lemne-Liepsnele-500x500.png\" class=\"image wp-image-36541  attachment-medium size-medium\" alt=\"Centrala pe lemne\"><\/a><\/div>\n<div id=\"media_image-28\" class=\"container-wrapper widget widget_media_image\"><a href=\"https:\/\/infotulcea.ro\/angajeaza-te-ro-platforma-ta-online-de-angajari-si-forta-de-munca\/\"><source sizes=\"(max-width: 500px) 100vw, 500px\" type=\"image\/webp\" data-srcset=\"https:\/\/infotulcea.ro\/wp-content\/uploads\/2025\/04\/banner-angajazate-1-500x305.jpg.webp 500w, https:\/\/infotulcea.ro\/wp-content\/uploads\/2025\/04\/banner-angajazate-1-1024x625.jpg.webp 1024w, https:\/\/infotulcea.ro\/wp-content\/uploads\/2025\/04\/banner-angajazate-1-768x469.jpg.webp 768w, https:\/\/infotulcea.ro\/wp-content\/uploads\/2025\/04\/banner-angajazate-1.jpg.webp 1080w\" \/><img loading=\"lazy\" decoding=\"async\" width=\"500\" height=\"305\" src=\"https:\/\/infotulcea.ro\/wp-content\/uploads\/2025\/04\/banner-angajazate-1-500x305.jpg\" class=\"image wp-image-34317  attachment-medium size-medium\" alt><\/a><\/div>\n<\/div>\n<\/aside>\n<\/div>\n<\/div>\n<div class=\"entry-content entry clearfix\">\n<p><strong>\u00cen urm\u0103 cu pu\u021bin timp, pompierii militari din cadrul Inspectoratului pentru Situa\u021bii de Urgen\u021b\u0103 \u201eDelta\u201d al jude\u021bului Tulcea au fost solicita\u021bi s\u0103 intervin\u0103 \u00een urma producerii unui accident rutier pe drumul dintre localit\u0103\u021bile Agighiol \u0219i Valea Nucarilor, \u00een care au fost implicate dou\u0103 autoturisme, \u00een care se aflau, \u00een total, cinci persoane.<\/strong><\/p>\n<p>La locul interven\u021biei s-au deplasat pompierii militari din cadrul Deta\u0219amentului de Pompieri Tulcea, cu o<source sizes=\"(max-width: 452px) 100vw, 452px\" type=\"image\/webp\" data-srcset=\"https:\/\/infotulcea.ro\/wp-content\/uploads\/2026\/08\/isu-500x281.jpeg.webp 500w, https:\/\/infotulcea.ro\/wp-content\/uploads\/2026\/08\/isu-1024x576.jpeg.webp 1024w, https:\/\/infotulcea.ro\/wp-content\/uploads\/2026\/08\/isu-768x432.jpeg.webp 768w, https:\/\/infotulcea.ro\/wp-content\/uploads\/2026\/08\/isu-390x220.jpeg.webp 390w, https:\/\/infotulcea.ro\/wp-content\/uploads\/2026\/08\/isu.jpeg.webp 1080w\" \/><\/p>\n<p><img loading=\"lazy\" decoding=\"async\" class=\" wp-image-40341 alignright\" src=\"https:\/\/infotulcea.ro\/wp-content\/uploads\/2026\/08\/isu-500x281.jpeg\" alt width=\"452\" height=\"254\"> autospecial\u0103 de descarcerare \u0219i o autospecial\u0103 de stingere, precum \u0219i dou\u0103 echipaje ale Serviciului de Ambulan\u021b\u0103 Jude\u021bean Tulcea.<\/p>\n<p>La sosirea for\u021belor de interven\u021bie, pompierii au ac\u021bionat pentru extragerea unei persoane de sex masculin, \u00een v\u00e2rst\u0103 de aproximativ 49 de ani, conduc\u0103torul auto al unuia dintre autoturisme, care a r\u0103mas \u00eencarcerat\u0103 \u00een urma impactului.<\/p>\n<p>Alte dou\u0103 persoane implicate \u00een accident au fost preluate de echipajele medicale, \u00een vederea evalu\u0103rii, acord\u0103rii primului ajutor medical \u0219i transport\u0103rii la o unitate de primiri urgen\u021be<\/p>\n<\/div>\n<div class=\"articleBody\" data-key=\"articleBody\">\u00cen urm\u0103 cu pu\u021bin timp, pompierii militari din cadrul Inspectoratului pentru Situa\u021bii de Urgen\u021b\u0103 \u201eDelta\u201d al jude\u021bului Tulcea au fost solicita\u021bi s\u0103 intervin\u0103 \u00een urma producerii unui accident rutier pe drumul dintre localit\u0103\u021bile Agighiol \u0219i Valea Nucarilor, \u00een care au fost implicate dou\u0103 autoturisme, \u00een care se aflau, \u00een total, cinci persoane.<\/p>\n<p>La locul interven\u021biei s-au deplasat pompierii militari din cadrul Deta\u0219amentului de Pompieri Tulcea, cu o autospecial\u0103 de descarcerare \u0219i o autospecial\u0103 de stingere, precum \u0219i dou\u0103 echipaje ale Serviciului de Ambulan\u021b\u0103 Jude\u021bean Tulcea.<\/p>\n<p>La sosirea for\u021belor de interven\u021bie, pompierii au ac\u021bionat pentru extragerea unei persoane de sex masculin, \u00een v\u00e2rst\u0103 de aproximativ 49 de ani, conduc\u0103torul auto al unuia dintre autoturisme, care a r\u0103mas \u00eencarcerat\u0103 \u00een urma impactului.<\/p>\n<p>Alte dou\u0103 persoane implicate \u00een accident au fost preluate de echipajele medicale, \u00een vederea evalu\u0103rii, acord\u0103rii primului ajutor medical \u0219i transport\u0103rii la o unitate de primiri urgen\u021be<\/p><\/div>\n<p>[analyse_source url=&#8221;https:\/\/infotulcea.ro\/accident-intre-doua-masini-pe-drumul-agighiol-valea-nucarilor\/&#8221;]<\/p>\n","protected":false},"excerpt":{"rendered":"<p>[analyse_image type=&#8221;featured&#8221; src=&#8221;https:\/\/infotulcea.ro\/wp-content\/uploads\/2026\/08\/isu.jpeghttps:\/\/infotulcea.ro\/wp-content\/uploads\/2026\/08\/isu.jpeg&#8221;] Home\/\u015etirea zilei\/Accident \u00eentre dou\u0103 ma\u0219ini pe drumul Agighiol \u2013 Valea Nucarilor \u015etirea zilei Accident \u00eentre dou\u0103 ma\u0219ini pe drumul Agighiol \u2013 Valea Nucarilor Redactia11 august 2026 0 144 1 minute read \u00cen urm\u0103 cu pu\u021bin timp, pompierii militari din cadrul Inspectoratului pentru Situa\u021bii de Urgen\u021b\u0103 \u201eDelta\u201d al jude\u021bului Tulcea au fost solicita\u021bi [&hellip;]<\/p>\n","protected":false},"author":1,"featured_media":0,"comment_status":"open","ping_status":"","sticky":false,"template":"","format":"standard","meta":{"footnotes":""},"categories":[89],"tags":[226,221],"class_list":["post-2098834","post","type-post","status-publish","format-standard","hentry","category-romania","tag-crawlmanager","tag-infotulcea-ro"],"_links":{"self":[{"href":"https:\/\/analyse.optim.biz\/index.php?rest_route=\/wp\/v2\/posts\/2098834","targetHints":{"allow":["GET"]}}],"collection":[{"href":"https:\/\/analyse.optim.biz\/index.php?rest_route=\/wp\/v2\/posts"}],"about":[{"href":"https:\/\/analyse.optim.biz\/index.php?rest_route=\/wp\/v2\/types\/post"}],"author":[{"embeddable":true,"href":"https:\/\/analyse.optim.biz\/index.php?rest_route=\/wp\/v2\/users\/1"}],"replies":[{"embeddable":true,"href":"https:\/\/analyse.optim.biz\/index.php?rest_route=%2Fwp%2Fv2%2Fcomments&post=2098834"}],"version-history":[{"count":0,"href":"https:\/\/analyse.optim.biz\/index.php?rest_route=\/wp\/v2\/posts\/2098834\/revisions"}],"wp:attachment":[{"href":"https:\/\/analyse.optim.biz\/index.php?rest_route=%2Fwp%2Fv2%2Fmedia&parent=2098834"}],"wp:term":[{"taxonomy":"category","embeddable":true,"href":"https:\/\/analyse.optim.biz\/index.php?rest_route=%2Fwp%2Fv2%2Fcategories&post=2098834"},{"taxonomy":"post_tag","embeddable":true,"href":"https:\/\/analyse.optim.biz\/index.php?rest_route=%2Fwp%2Fv2%2Ftags&post=2098834"}],"curies":[{"name":"wp","href":"https:\/\/api.w.org\/{rel}","templated":true}]}}