{"id":2098833,"date":"2026-08-14T10:18:18","date_gmt":"2026-08-14T07:18:18","guid":{"rendered":"https:\/\/analyse.optim.biz\/?p=2098833"},"modified":"2026-08-14T10:18:18","modified_gmt":"2026-08-14T07:18:18","slug":"obiect-aerian-prabusit-in-zona-cetatuia-jud-tulcea","status":"publish","type":"post","link":"https:\/\/analyse.optim.biz\/?p=2098833","title":{"rendered":"Obiect aerian pr\u0103bu\u0219it \u00een zona Cet\u0103\u021buia, jud. Tulcea"},"content":{"rendered":"<p>[analyse_image type=&#8221;featured&#8221; src=&#8221;https:\/\/infotulcea.ro\/wp-content\/uploads\/2026\/08\/luncavita.pnghttps:\/\/infotulcea.ro\/wp-content\/uploads\/2026\/08\/luncavita.png&#8221;]<\/p>\n<div id=\"content\" class=\"site-content container\">\n<div id=\"main-content-row\" class=\"tie-row main-content-row\">\n<div class=\"main-content tie-col-md-8 tie-col-xs-12\" role=\"main\">\n<article id=\"the-post\" class=\"container-wrapper post-content tie-standard\">\n<header class=\"entry-header-outer\">\n<nav id=\"breadcrumb\"><a href=\"https:\/\/infotulcea.ro\/\"> Home<\/a><em class=\"delimiter\">\/<\/em><a href=\"https:\/\/infotulcea.ro\/categorie\/stirea-zilei\/\">\u015etirea zilei<\/a><em class=\"delimiter\">\/<\/em><span class=\"current\">Obiect aerian pr\u0103bu\u0219it \u00een zona Cet\u0103\u021buia, jud. Tulcea<\/span><\/nav>\n<div class=\"entry-header\"><span class=\"post-cat-wrap\"><a class=\"post-cat tie-cat-29\" href=\"https:\/\/infotulcea.ro\/categorie\/stirea-zilei\/\">\u015etirea zilei<\/a><\/span><\/p>\n<h1 class=\"post-title entry-title\">\n\t\t\tObiect aerian pr\u0103bu\u0219it \u00een zona Cet\u0103\u021buia, jud. Tulcea\t\t<\/h1>\n<div class=\"single-post-meta post-meta clearfix\"><span class=\"author-meta single-author no-avatars\"><span class=\"meta-item meta-author-wrapper meta-author-9\"><span class=\"meta-author\"><a href=\"https:\/\/infotulcea.ro\/author\/redactia-2\/\" class=\"author-name tie-icon\" title=\"Redactia\">Redactia<\/a><\/span><\/span><\/span><span class=\"date meta-item tie-icon\">14 august 2026<\/span><\/p>\n<div class=\"tie-alignright\"><span class=\"meta-comment tie-icon meta-item fa-before\">0<\/span><span class=\"meta-views meta-item \"> 330 <\/span><span class=\"meta-reading-time meta-item\"> 1 minute read<\/span><\/div>\n<\/div>\n<\/div>\n<\/header>\n<div class=\"entry-content entry clearfix\">\n<p><strong>\u00cen urm\u0103 cu pu\u021bin timp, dispeceratul Inspectoratului pentru Situa\u021bii de Urgen\u021b\u0103 \u201eDELTA\u201d al jude\u021bului Tulcea a fost anun\u021bat prin apel la num\u0103rul unic de urgen\u021b\u0103 112 despre faptul c\u0103 a fost observat\u0103 o dron\u0103 \u00een apropierea localit\u0103\u021bii Luncavi\u021ba care s-ar fi pr\u0103bu\u0219it \u00een zona Cet\u0103\u021buia, zona carierei.<\/strong><\/p>\n<p>\u00cen urma pr\u0103bu\u0219irii a rezultat o explozie urmat\u0103 de un incendiu motiv pentru care c\u0103tre locul evenimentului un<img loading=\"lazy\" decoding=\"async\" class=\"wp-image-40389 alignright lazyload\" src=\"https:\/\/infotulcea.ro\/wp-content\/uploads\/2026\/08\/luncavita-500x333.png\" alt width=\"476\" height=\"317\"><\/p>\n<p><img loading=\"lazy\" decoding=\"async\" class=\" wp-image-40389 alignright\" src=\"https:\/\/infotulcea.ro\/wp-content\/uploads\/2026\/08\/luncavita-500x333.png\" alt width=\"476\" height=\"317\"> echipaj format din 5 subofi\u021beri din cadrul Sec\u021biei de Pompieri M\u0103cin intervin cu o autospecial\u0103 de stingere.<\/p>\n<p>La ora 11:45 Centrul Na\u021bional Militar de Comand\u0103 a notificat IGSU despre faptul c\u0103 pentru zona de nord a jude\u021bului Tulcea este instituit\u0103 alert\u0103 aerian\u0103, motiv pentru care a fost transmis un mesaj RO-Alert pentru avertizarea \u0219i informarea popula\u021biei.<\/p>\n<p>Misiunea este \u00een dinamic\u0103, vom reveni cu informa\u021bii pe parcurs ce acestea vor fi disponibile.<\/p>\n<p>Incendiul nu mai este vizibil, se fac c\u0103ut\u0103ri \u00een zon\u0103 pentru identificarea locului pr\u0103bu\u0219irii.<br \/>\nAu fost formate echipe din cadrul ISU Tulcea \u2013 sec\u021bia M\u0103cin, rangeri din zona<\/p>\n<p>Ar fi pe partea localit\u0103\u021bii Greci<\/p>\n<p>Alert\u0103 aerian\u0103 a \u00eencetat la ora 12:30<\/p>\n<p>\u00a0<\/p>\n<\/div>\n<div id=\"post-extra-info\">\n<div class=\"theiaStickySidebar\">\n<div class=\"single-post-meta post-meta clearfix\"><span class=\"author-meta single-author no-avatars\"><span class=\"meta-item meta-author-wrapper meta-author-9\"><span class=\"meta-author\"><a href=\"https:\/\/infotulcea.ro\/author\/redactia-2\/\" class=\"author-name tie-icon\" title=\"Redactia\">Redactia<\/a><\/span><\/span><\/span><span class=\"date meta-item tie-icon\">14 august 2026<\/span><\/p>\n<div class=\"tie-alignright\"><span class=\"meta-comment tie-icon meta-item fa-before\">0<\/span><span class=\"meta-views meta-item \"> 330 <\/span><span class=\"meta-reading-time meta-item\"> 1 minute read<\/span><\/div>\n<\/div>\n<\/div>\n<\/div>\n<div id=\"share-buttons-bottom\" class=\"share-buttons share-buttons-bottom\">\n<div class=\"share-links  icons-only\">\n<div class=\"share-title\"><span> Share<\/span><\/div>\n<p><a href=\"https:\/\/www.facebook.com\/sharer.php?u=https:\/\/infotulcea.ro\/obiect-aerian-prabusit-in-zona-cetatuia-jud-tulcea\/\" rel=\"external noopener nofollow\" title=\"Facebook\" target=\"_blank\" class=\"facebook-share-btn \" data-raw=\"https:\/\/www.facebook.com\/sharer.php?u={post_link}\"><span class=\"screen-reader-text\">Facebook<\/span><\/a><a href=\"https:\/\/twitter.com\/intent\/tweet?text=Obiect%20aerian%20pr%C4%83bu%C8%99it%20%C3%AEn%20zona%20Cet%C4%83%C8%9Buia%2C%20jud.%20Tulcea&amp;url=https:\/\/infotulcea.ro\/obiect-aerian-prabusit-in-zona-cetatuia-jud-tulcea\/\" rel=\"external noopener nofollow\" title=\"X\" target=\"_blank\" class=\"twitter-share-btn \" data-raw=\"https:\/\/twitter.com\/intent\/tweet?text={post_title}&amp;url={post_link}\"><span class=\"screen-reader-text\">X<\/span><\/a><a href=\"https:\/\/api.whatsapp.com\/send?text=Obiect%20aerian%20pr%C4%83bu%C8%99it%20%C3%AEn%20zona%20Cet%C4%83%C8%9Buia%2C%20jud.%20Tulcea%20https:\/\/infotulcea.ro\/obiect-aerian-prabusit-in-zona-cetatuia-jud-tulcea\/\" rel=\"external noopener nofollow\" title=\"WhatsApp\" target=\"_blank\" class=\"whatsapp-share-btn \" data-raw=\"https:\/\/api.whatsapp.com\/send?text={post_title}%20{post_link}\"><span class=\"screen-reader-text\">WhatsApp<\/span><\/a><a href=\"https:\/\/telegram.me\/share\/url?url=https:\/\/infotulcea.ro\/obiect-aerian-prabusit-in-zona-cetatuia-jud-tulcea\/&amp;text=Obiect%20aerian%20pr%C4%83bu%C8%99it%20%C3%AEn%20zona%20Cet%C4%83%C8%9Buia%2C%20jud.%20Tulcea\" rel=\"external noopener nofollow\" title=\"Telegram\" target=\"_blank\" class=\"telegram-share-btn \" data-raw=\"https:\/\/telegram.me\/share\/url?url={post_link}&amp;text={post_title}\"><span class=\"screen-reader-text\">Telegram<\/span><\/a><a href=\"mailto:?subject=Obiect%20aerian%20pr%C4%83bu%C8%99it%20%C3%AEn%20zona%20Cet%C4%83%C8%9Buia%2C%20jud.%20Tulcea&amp;body=https:\/\/infotulcea.ro\/obiect-aerian-prabusit-in-zona-cetatuia-jud-tulcea\/\" rel=\"external noopener nofollow\" title=\"Share via Email\" target=\"_blank\" class=\"email-share-btn \" data-raw=\"mailto:?subject={post_title}&amp;body={post_link}\"><span class=\"screen-reader-text\">Share via Email<\/span><\/a><a href=\"https:\/\/infotulcea.ro\/obiect-aerian-prabusit-in-zona-cetatuia-jud-tulcea\/\" rel=\"external noopener nofollow\" title=\"Print\" target=\"_blank\" class=\"print-share-btn \" data-raw=\"#\"><span class=\"screen-reader-text\">Print<\/span><\/a><\/div>\n<\/div>\n<\/article>\n<div class=\"post-components\">\n<div id=\"related-posts\" class=\"container-wrapper has-extra-post\">\n<div class=\"mag-box-title the-global-title\">\n<h3>Related Articles<\/h3>\n<\/div>\n<div class=\"related-posts-list\">\n<div class=\"related-item tie-standard\"><a aria-label=\"Perchezi\u021bii pentru vaccinuri  ,,la chiuvet\u0103\u201d \u0219i la Tulcea\" href=\"https:\/\/infotulcea.ro\/perchezitii-pentru-vaccinuri-la-chiuveta-si-la-tulcea\/\" class=\"post-thumb\"><img loading=\"lazy\" decoding=\"async\" width=\"390\" height=\"220\" src=\"https:\/\/infotulcea.ro\/wp-content\/uploads\/2022\/01\/perchezitii-diicot-1024x603-1-390x220.jpg\" class=\"attachment-jannah-image-large size-jannah-image-large wp-post-image lazyload\" alt><img loading=\"lazy\" decoding=\"async\" width=\"390\" height=\"220\" src=\"https:\/\/infotulcea.ro\/wp-content\/uploads\/2022\/01\/perchezitii-diicot-1024x603-1-390x220.jpg\" class=\"attachment-jannah-image-large size-jannah-image-large wp-post-image\" alt><\/a><\/p>\n<h3 class=\"post-title\"><a href=\"https:\/\/infotulcea.ro\/perchezitii-pentru-vaccinuri-la-chiuveta-si-la-tulcea\/\">Perchezi\u021bii pentru vaccinuri  ,,la chiuvet\u0103\u201d \u0219i la Tulcea<\/a><\/h3>\n<div class=\"post-meta clearfix\"><span class=\"date meta-item tie-icon\">27 ianuarie 2022<\/span><\/div>\n<\/div>\n<div class=\"related-item tie-standard\"><a aria-label=\"Comemorare simbolic\u0103 la Tulcea: Ziua Veteranilor \u2026f\u0103r\u0103 niciun veteran de r\u0103zboi\" href=\"https:\/\/infotulcea.ro\/comemorare-simbolica-la-tulcea-ziua-veteranilor-fara-niciun-veteran-de-razboi\/\" class=\"post-thumb\"><source type=\"image\/webp\" data-srcset=\"https:\/\/infotulcea.ro\/wp-content\/uploads\/2026\/04\/682722913_1302113608685925_5976222503636368502_n-390x220.jpg.webp\" \/><img loading=\"lazy\" decoding=\"async\" width=\"390\" height=\"220\" src=\"https:\/\/infotulcea.ro\/wp-content\/uploads\/2026\/04\/682722913_1302113608685925_5976222503636368502_n-390x220.jpg\" class=\"attachment-jannah-image-large size-jannah-image-large wp-post-image\" alt><\/a><\/p>\n<h3 class=\"post-title\"><a href=\"https:\/\/infotulcea.ro\/comemorare-simbolica-la-tulcea-ziua-veteranilor-fara-niciun-veteran-de-razboi\/\">Comemorare simbolic\u0103 la Tulcea: Ziua Veteranilor \u2026f\u0103r\u0103 niciun veteran de r\u0103zboi<\/a><\/h3>\n<div class=\"post-meta clearfix\"><span class=\"date meta-item tie-icon\">29 aprilie 2026<\/span><\/div>\n<\/div>\n<div class=\"related-item tie-standard\"><a aria-label=\"Atac cu drone asupra Portului Reni: Tulcea \u0219i Gala\u021bi, alertat\u0103 prin RO-Alert\" href=\"https:\/\/infotulcea.ro\/atac-cu-drone-asupra-portului-reni-tulcea-si-galati-alertata-prin-ro-alert\/\" class=\"post-thumb\"><source type=\"image\/webp\" data-srcset=\"https:\/\/infotulcea.ro\/wp-content\/uploads\/2025\/11\/drone-390x220.jpg.webp\" \/><img loading=\"lazy\" decoding=\"async\" width=\"390\" height=\"220\" src=\"https:\/\/infotulcea.ro\/wp-content\/uploads\/2025\/11\/drone-390x220.jpg\" class=\"attachment-jannah-image-large size-jannah-image-large wp-post-image\" alt><\/a><\/p>\n<h3 class=\"post-title\"><a href=\"https:\/\/infotulcea.ro\/atac-cu-drone-asupra-portului-reni-tulcea-si-galati-alertata-prin-ro-alert\/\">Atac cu drone asupra Portului Reni: Tulcea \u0219i Gala\u021bi, alertat\u0103 prin RO-Alert<\/a><\/h3>\n<div class=\"post-meta clearfix\"><span class=\"date meta-item tie-icon\">23 decembrie 2025<\/span><\/div>\n<\/div>\n<div class=\"related-item tie-standard\"><a aria-label=\"B\u0103rbat din Cri\u0219an g\u0103sit mort \u00een barc\u0103 sa de pescuit!\" href=\"https:\/\/infotulcea.ro\/barbat-din-crisan-gasit-mort-in-barca-sa-de-pescuit\/\" class=\"post-thumb\"><img loading=\"lazy\" decoding=\"async\" width=\"390\" height=\"220\" src=\"https:\/\/infotulcea.ro\/wp-content\/uploads\/2021\/07\/Jmhhc2g9NDE1YzcxMmU1ZjhhYmIwNTdhNDEzNGNmMzM3M2U4NTU.thumb_-390x220.jpg\" class=\"attachment-jannah-image-large size-jannah-image-large wp-post-image lazyload\" alt><img loading=\"lazy\" decoding=\"async\" width=\"390\" height=\"220\" src=\"https:\/\/infotulcea.ro\/wp-content\/uploads\/2021\/07\/Jmhhc2g9NDE1YzcxMmU1ZjhhYmIwNTdhNDEzNGNmMzM3M2U4NTU.thumb_-390x220.jpg\" class=\"attachment-jannah-image-large size-jannah-image-large wp-post-image\" alt><\/a><\/p>\n<h3 class=\"post-title\"><a href=\"https:\/\/infotulcea.ro\/barbat-din-crisan-gasit-mort-in-barca-sa-de-pescuit\/\">B\u0103rbat din Cri\u0219an g\u0103sit mort \u00een barc\u0103 sa de pescuit!<\/a><\/h3>\n<div class=\"post-meta clearfix\"><span class=\"date meta-item tie-icon\">10 iulie 2021<\/span><\/div>\n<\/div>\n<\/div>\n<\/div>\n<div id=\"comments\" class=\"comments-area\">\n<div id=\"add-comment-block\" class=\"container-wrapper\">\n<div id=\"respond\" class=\"comment-respond\">\n<h3 id=\"reply-title\" class=\"comment-reply-title the-global-title\">Las\u0103 un r\u0103spuns <small><a rel=\"nofollow\" id=\"cancel-comment-reply-link\" href=\"https:\/\/infotulcea.ro\/obiect-aerian-prabusit-in-zona-cetatuia-jud-tulcea\/#respond\">Anuleaz\u0103 r\u0103spunsul<\/a><\/small><\/h3>\n<p class=\"comment-notes\"><span id=\"email-notes\">Adresa ta de email nu va fi publicat\u0103.<\/span><span class=\"required-field-message\">C\u00e2mpurile obligatorii sunt marcate cu <span class=\"required\">*<\/span><\/span><\/p>\n<\/div>\n<\/div>\n<\/div>\n<\/div>\n<\/div>\n<div id=\"check-also-box\" class=\"container-wrapper check-also-right\">\n<div class=\"widget-title the-global-title\">\n<div class=\"the-subtitle\">Check Also<\/div>\n<p><a href=\"https:\/\/infotulcea.ro\/obiect-aerian-prabusit-in-zona-cetatuia-jud-tulcea\/\" id=\"check-also-close\" class=\"remove\"><span class=\"screen-reader-text\">Close<\/span><\/a><\/div>\n<div class=\"widget posts-list-big-first has-first-big-post\">\n<ul class=\"posts-list-items\">\n<li class=\"widget-single-post-item widget-post-list tie-standard\">\n<div class=\"post-widget-thumbnail\"><a aria-label=\"Traversarea Podului peste Dun\u0103re tot pe un singur sens: acum pe Tulcea \u2013 Br\u0103ila!\" href=\"https:\/\/infotulcea.ro\/traversarea-podului-peste-dunare-tot-pe-un-singur-sens-acum-pe-tulcea-braila\/\" class=\"post-thumb\"><span class=\"post-cat-wrap\"><span class=\"post-cat tie-cat-29\">\u015etirea zilei<\/span><\/span><source type=\"image\/webp\" data-srcset=\"https:\/\/infotulcea.ro\/wp-content\/uploads\/2024\/11\/pod-dunare-lucru-390x220.jpg.webp\" \/><img loading=\"lazy\" decoding=\"async\" width=\"390\" height=\"220\" src=\"https:\/\/infotulcea.ro\/wp-content\/uploads\/2024\/11\/pod-dunare-lucru-390x220.jpg\" class=\"attachment-jannah-image-large size-jannah-image-large wp-post-image\" alt><\/a><\/div>\n<div class=\"post-widget-body \"><a class=\"post-title the-subtitle\" href=\"https:\/\/infotulcea.ro\/traversarea-podului-peste-dunare-tot-pe-un-singur-sens-acum-pe-tulcea-braila\/\">Traversarea Podului peste Dun\u0103re tot pe un singur sens: acum pe Tulcea \u2013 Br\u0103ila!<\/a><\/p>\n<div class=\"post-meta\"><span class=\"date meta-item tie-icon\">12 noiembrie 2024<\/span><\/div>\n<\/div>\n<\/li>\n<\/ul>\n<\/div>\n<\/div>\n<aside class=\"sidebar tie-col-md-4 tie-col-xs-12 normal-side is-sticky\" aria-label=\"Primary Sidebar\">\n<div class=\"theiaStickySidebar\">\n<div id=\"media_image-19\" class=\"container-wrapper widget widget_media_image\"><a href=\"https:\/\/infotulcea.ro\/delta-dunarii-mai-accesibila-navrom-delta-creste-numarul-curselor-regulate-de-la-1-mai-2025\/\"><source sizes=\"(max-width: 500px) 100vw, 500px\" type=\"image\/webp\" data-srcset=\"https:\/\/infotulcea.ro\/wp-content\/uploads\/2025\/04\/navrom-delta-500x271.jpg.webp 500w, https:\/\/infotulcea.ro\/wp-content\/uploads\/2025\/04\/navrom-delta-1024x555.jpg.webp 1024w, https:\/\/infotulcea.ro\/wp-content\/uploads\/2025\/04\/navrom-delta-768x416.jpg.webp 768w, https:\/\/infotulcea.ro\/wp-content\/uploads\/2025\/04\/navrom-delta.jpg.webp 1080w\" \/><img loading=\"lazy\" decoding=\"async\" width=\"500\" height=\"271\" src=\"https:\/\/infotulcea.ro\/wp-content\/uploads\/2025\/04\/navrom-delta-500x271.jpg\" class=\"image wp-image-34487  attachment-medium size-medium\" alt><\/a><\/div>\n<div id=\"media_image-17\" class=\"container-wrapper widget widget_media_image\"><a href=\"https:\/\/www.facebook.com\/share\/p\/1DGAD1tLWN\/?mibextid=wwXIfr\" target=\"_blank\"><source sizes=\"(max-width: 500px) 100vw, 500px\" type=\"image\/webp\" data-srcset=\"https:\/\/infotulcea.ro\/wp-content\/uploads\/2026\/01\/IMG_1563-500x500.jpeg.webp 500w, https:\/\/infotulcea.ro\/wp-content\/uploads\/2026\/01\/IMG_1563-1024x1024.jpeg.webp 1024w, https:\/\/infotulcea.ro\/wp-content\/uploads\/2026\/01\/IMG_1563-250x250.jpeg.webp 250w, https:\/\/infotulcea.ro\/wp-content\/uploads\/2026\/01\/IMG_1563-768x768.jpeg.webp 768w, https:\/\/infotulcea.ro\/wp-content\/uploads\/2026\/01\/IMG_1563.jpeg.webp 1080w\" \/><img loading=\"lazy\" decoding=\"async\" width=\"500\" height=\"500\" src=\"https:\/\/infotulcea.ro\/wp-content\/uploads\/2026\/01\/IMG_1563-500x500.jpeg\" class=\"image wp-image-37932  attachment-medium size-medium\" alt title=\"Centrale pe lemne\"><\/a><\/div>\n<div id=\"media_image-18\" class=\"container-wrapper widget widget_media_image\"><a href=\"https:\/\/www.licitatia.ro\/site\/index-guest\"><img loading=\"lazy\" decoding=\"async\" width=\"500\" height=\"262\" src=\"https:\/\/infotulcea.ro\/wp-content\/uploads\/2025\/09\/licitatia-500x262.png\" class=\"image wp-image-36670  attachment-medium size-medium lazyload\" alt><img loading=\"lazy\" decoding=\"async\" width=\"500\" height=\"262\" src=\"https:\/\/infotulcea.ro\/wp-content\/uploads\/2025\/09\/licitatia-500x262.png\" class=\"image wp-image-36670  attachment-medium size-medium\" alt><\/a><\/div>\n<div id=\"media_image-27\" class=\"container-wrapper widget widget_media_image\"><a href=\"https:\/\/www.centrale-lemne-liepsnele.ro\/\"><img loading=\"lazy\" decoding=\"async\" width=\"500\" height=\"500\" src=\"https:\/\/infotulcea.ro\/wp-content\/uploads\/2025\/09\/Centrale-pe-Lemne-Liepsnele-500x500.png\" class=\"image wp-image-36541  attachment-medium size-medium lazyload\" alt=\"Centrala pe lemne\"><img loading=\"lazy\" decoding=\"async\" width=\"500\" height=\"500\" src=\"https:\/\/infotulcea.ro\/wp-content\/uploads\/2025\/09\/Centrale-pe-Lemne-Liepsnele-500x500.png\" class=\"image wp-image-36541  attachment-medium size-medium\" alt=\"Centrala pe lemne\"><\/a><\/div>\n<div id=\"media_image-28\" class=\"container-wrapper widget widget_media_image\"><a href=\"https:\/\/infotulcea.ro\/angajeaza-te-ro-platforma-ta-online-de-angajari-si-forta-de-munca\/\"><source sizes=\"(max-width: 500px) 100vw, 500px\" type=\"image\/webp\" data-srcset=\"https:\/\/infotulcea.ro\/wp-content\/uploads\/2025\/04\/banner-angajazate-1-500x305.jpg.webp 500w, https:\/\/infotulcea.ro\/wp-content\/uploads\/2025\/04\/banner-angajazate-1-1024x625.jpg.webp 1024w, https:\/\/infotulcea.ro\/wp-content\/uploads\/2025\/04\/banner-angajazate-1-768x469.jpg.webp 768w, https:\/\/infotulcea.ro\/wp-content\/uploads\/2025\/04\/banner-angajazate-1.jpg.webp 1080w\" \/><img loading=\"lazy\" decoding=\"async\" width=\"500\" height=\"305\" src=\"https:\/\/infotulcea.ro\/wp-content\/uploads\/2025\/04\/banner-angajazate-1-500x305.jpg\" class=\"image wp-image-34317  attachment-medium size-medium\" alt><\/a><\/div>\n<\/div>\n<\/aside>\n<\/div>\n<\/div>\n<div class=\"entry-content entry clearfix\">\n<p><strong>\u00cen urm\u0103 cu pu\u021bin timp, dispeceratul Inspectoratului pentru Situa\u021bii de Urgen\u021b\u0103 \u201eDELTA\u201d al jude\u021bului Tulcea a fost anun\u021bat prin apel la num\u0103rul unic de urgen\u021b\u0103 112 despre faptul c\u0103 a fost observat\u0103 o dron\u0103 \u00een apropierea localit\u0103\u021bii Luncavi\u021ba care s-ar fi pr\u0103bu\u0219it \u00een zona Cet\u0103\u021buia, zona carierei.<\/strong><\/p>\n<p>\u00cen urma pr\u0103bu\u0219irii a rezultat o explozie urmat\u0103 de un incendiu motiv pentru care c\u0103tre locul evenimentului un<img loading=\"lazy\" decoding=\"async\" class=\"wp-image-40389 alignright lazyload\" src=\"https:\/\/infotulcea.ro\/wp-content\/uploads\/2026\/08\/luncavita-500x333.png\" alt width=\"476\" height=\"317\"><\/p>\n<p><img loading=\"lazy\" decoding=\"async\" class=\" wp-image-40389 alignright\" src=\"https:\/\/infotulcea.ro\/wp-content\/uploads\/2026\/08\/luncavita-500x333.png\" alt width=\"476\" height=\"317\"> echipaj format din 5 subofi\u021beri din cadrul Sec\u021biei de Pompieri M\u0103cin intervin cu o autospecial\u0103 de stingere.<\/p>\n<p>La ora 11:45 Centrul Na\u021bional Militar de Comand\u0103 a notificat IGSU despre faptul c\u0103 pentru zona de nord a jude\u021bului Tulcea este instituit\u0103 alert\u0103 aerian\u0103, motiv pentru care a fost transmis un mesaj RO-Alert pentru avertizarea \u0219i informarea popula\u021biei.<\/p>\n<p>Misiunea este \u00een dinamic\u0103, vom reveni cu informa\u021bii pe parcurs ce acestea vor fi disponibile.<\/p>\n<p>Incendiul nu mai este vizibil, se fac c\u0103ut\u0103ri \u00een zon\u0103 pentru identificarea locului pr\u0103bu\u0219irii.<br \/>\nAu fost formate echipe din cadrul ISU Tulcea \u2013 sec\u021bia M\u0103cin, rangeri din zona<\/p>\n<p>Ar fi pe partea localit\u0103\u021bii Greci<\/p>\n<p>Alert\u0103 aerian\u0103 a \u00eencetat la ora 12:30<\/p>\n<p>\u00a0<\/p>\n<\/div>\n<div class=\"articleBody\" data-key=\"articleBody\">\u00cen urm\u0103 cu pu\u021bin timp, dispeceratul Inspectoratului pentru Situa\u021bii de Urgen\u021b\u0103 \u201eDELTA\u201d al jude\u021bului Tulcea a fost anun\u021bat prin apel la num\u0103rul unic de urgen\u021b\u0103 112 despre faptul c\u0103 a fost observat\u0103 o dron\u0103 \u00een apropierea localit\u0103\u021bii Luncavi\u021ba care s-ar fi pr\u0103bu\u0219it \u00een zona Cet\u0103\u021buia, zona carierei.<\/p>\n<p>\u00cen urma pr\u0103bu\u0219irii a rezultat o explozie urmat\u0103 de un incendiu motiv pentru care c\u0103tre locul evenimentului un echipaj format din 5 subofi\u021beri din cadrul Sec\u021biei de Pompieri M\u0103cin intervin cu o autospecial\u0103 de stingere.<\/p>\n<p>La ora 11:45 Centrul Na\u021bional Militar de Comand\u0103 a notificat IGSU despre faptul c\u0103 pentru zona de nord a jude\u021bului Tulcea este instituit\u0103 alert\u0103 aerian\u0103, motiv pentru care a fost transmis un mesaj RO-Alert pentru avertizarea \u0219i informarea popula\u021biei.<\/p>\n<p>Misiunea este \u00een dinamic\u0103, vom reveni cu informa\u021bii pe parcurs ce acestea vor fi disponibile.<\/p>\n<p>Incendiul nu mai este vizibil, se fac c\u0103ut\u0103ri \u00een zon\u0103 pentru identificarea locului pr\u0103bu\u0219irii.<br \/>\nAu fost formate echipe din cadrul ISU Tulcea &#8211; sec\u021bia M\u0103cin, rangeri din zona<\/p>\n<p>Ar fi pe partea localit\u0103\u021bii Greci<\/p>\n<p>Alert\u0103 aerian\u0103 a \u00eencetat la ora 12:30<\/p>\n<p>\u00a0<\/p><\/div>\n<p>[analyse_source url=&#8221;https:\/\/infotulcea.ro\/obiect-aerian-prabusit-in-zona-cetatuia-jud-tulcea\/&#8221;]<\/p>\n","protected":false},"excerpt":{"rendered":"<p>[analyse_image type=&#8221;featured&#8221; src=&#8221;https:\/\/infotulcea.ro\/wp-content\/uploads\/2026\/08\/luncavita.pnghttps:\/\/infotulcea.ro\/wp-content\/uploads\/2026\/08\/luncavita.png&#8221;] Home\/\u015etirea zilei\/Obiect aerian pr\u0103bu\u0219it \u00een zona Cet\u0103\u021buia, jud. Tulcea \u015etirea zilei Obiect aerian pr\u0103bu\u0219it \u00een zona Cet\u0103\u021buia, jud. Tulcea Redactia14 august 2026 0 330 1 minute read \u00cen urm\u0103 cu pu\u021bin timp, dispeceratul Inspectoratului pentru Situa\u021bii de Urgen\u021b\u0103 \u201eDELTA\u201d al jude\u021bului Tulcea a fost anun\u021bat prin apel la num\u0103rul unic de urgen\u021b\u0103 [&hellip;]<\/p>\n","protected":false},"author":1,"featured_media":0,"comment_status":"open","ping_status":"","sticky":false,"template":"","format":"standard","meta":{"footnotes":""},"categories":[89],"tags":[226,221],"class_list":["post-2098833","post","type-post","status-publish","format-standard","hentry","category-romania","tag-crawlmanager","tag-infotulcea-ro"],"_links":{"self":[{"href":"https:\/\/analyse.optim.biz\/index.php?rest_route=\/wp\/v2\/posts\/2098833","targetHints":{"allow":["GET"]}}],"collection":[{"href":"https:\/\/analyse.optim.biz\/index.php?rest_route=\/wp\/v2\/posts"}],"about":[{"href":"https:\/\/analyse.optim.biz\/index.php?rest_route=\/wp\/v2\/types\/post"}],"author":[{"embeddable":true,"href":"https:\/\/analyse.optim.biz\/index.php?rest_route=\/wp\/v2\/users\/1"}],"replies":[{"embeddable":true,"href":"https:\/\/analyse.optim.biz\/index.php?rest_route=%2Fwp%2Fv2%2Fcomments&post=2098833"}],"version-history":[{"count":0,"href":"https:\/\/analyse.optim.biz\/index.php?rest_route=\/wp\/v2\/posts\/2098833\/revisions"}],"wp:attachment":[{"href":"https:\/\/analyse.optim.biz\/index.php?rest_route=%2Fwp%2Fv2%2Fmedia&parent=2098833"}],"wp:term":[{"taxonomy":"category","embeddable":true,"href":"https:\/\/analyse.optim.biz\/index.php?rest_route=%2Fwp%2Fv2%2Fcategories&post=2098833"},{"taxonomy":"post_tag","embeddable":true,"href":"https:\/\/analyse.optim.biz\/index.php?rest_route=%2Fwp%2Fv2%2Ftags&post=2098833"}],"curies":[{"name":"wp","href":"https:\/\/api.w.org\/{rel}","templated":true}]}}