{"id":2098819,"date":"2026-08-18T11:16:53","date_gmt":"2026-08-18T08:16:53","guid":{"rendered":"https:\/\/analyse.optim.biz\/?p=2098819"},"modified":"2026-08-18T11:16:53","modified_gmt":"2026-08-18T08:16:53","slug":"ordin-dat-pentru-inceperea-lucrarilor-de-asfaltare-a-strazilor-din-gataia","status":"publish","type":"post","link":"https:\/\/analyse.optim.biz\/?p=2098819","title":{"rendered":"Ordin dat pentru \u00eenceperea lucr\u0103rilor de asfaltare a str\u0103zilor din G\u0103taia"},"content":{"rendered":"<p>[analyse_image type=&#8221;featured&#8221; src=&#8221;https:\/\/renasterea.ro\/ro\/wp-content\/uploads\/2026\/08\/asfaltari-gataia.jpghttps:\/\/renasterea.ro\/ro\/wp-content\/uploads\/2026\/08\/asfaltari-gataia.jpg&#8221;]<\/p>\n<div class=\"entry-content\"><img loading=\"lazy\" decoding=\"async\" width=\"590\" height=\"393\" src=\"https:\/\/renasterea.ro\/ro\/wp-content\/uploads\/2026\/08\/asfaltari-gataia.jpg\" class=\"attachment-medium size-medium wp-post-image\" alt=\"Ordin dat pentru \u00eenceperea lucr\u0103rilor de asfaltare a str\u0103zilor din G\u0103taia\" title=\"Ordin dat pentru \u00eenceperea lucr\u0103rilor de asfaltare a str\u0103zilor din G\u0103taia 1\"><\/p>\n<h4>Mar\u0163i, 18 august, s-a predat amplasamentul \u0219i a fost dat ordinul de \u00eencepere a lucr\u0103rilor de asfaltare a str\u0103zilor din G\u0103taia, un proiect ce se realizeaz\u0103 printr-un parteriat \u00eentre Consiliul Jude\u0163ean Timi\u0219 \u0219i UAT G\u0103taia.<\/h4>\n<p>\u201eAm discutat \u00een urm\u0103 cu c\u00e2teva luni cu primarul Raul Cozarov, s-au stabilit priorit\u0103\u021bile localit\u0103\u021bii, iar mai apoi am semnat parteneriatul. Acum, la doar dou\u0103 luni de la acel moment, lucr\u0103rile pot \u00eencepe.<\/p>\n<p>Vorbim de modernizarea a 12 str\u0103zi cu o lungime total\u0103 de 6.8 kilometri, o investi\u021bie la care Consiliul Jude\u021bean Timi\u0219 contribuie cu 7.4 milioane, iar termenul de finalizare a lucr\u0103rilor este de 12 luni, \u00eens\u0103 constructorul spune c\u0103 asfaltarea va fi terminat\u0103 mai repede.<\/p>\n<p>\u00cen ultimele luni, am semnat 37 de parteriate cu prim\u0103rii din jude\u021b pe diferite proiecte: infrastructur\u0103 rutier\u0103, \u0219colar\u0103, de s\u0103n\u0103tate, sportiv\u0103 sau cultural\u0103.<\/p>\n<p>Unul dintre ele, \u0219coala de la Dudestii Noi, este finalizat, la G\u0103taia \u00eencep lucr\u0103rile, stadionul Eroii Timi\u0219oarei se apropie \u0219i el de recep\u021bie, iar celelalte sunt \u00een faz\u0103 de licita\u021bie sau proiectare. Indiferent de culoarea politic\u0103 a primarilor, investim \u00een tot jude\u021bul\u201d, a transmis Alfred Simonis, pre\u015fedintele Consiliului Jude\u0163ean Timi\u015f.<\/p>\n<h2>CITE\u015eTE \u015eI: <span><a href=\"https:\/\/renasterea.ro\/semnal-de-alarma-tras-de-un-renumit-medic-din-timisoara-alergia-la-ambrozie-poate-aparea-chiar-si-la-copii-cu-varsta-mai-mica-de-un-an-iar-expunerea-la-polen-poate-declansa-simptome-de-astm\/\">Semnal de alarm\u0103 tras de un renumit medic din Timi\u015foara: alergia la ambrozie poate ap\u0103rea chiar \u0219i la copii cu v\u00e2rsta mai mic\u0103 de un an, iar expunerea la polen poate declan\u0219a simptome de astm<\/a><\/span><\/h2>\n<\/div>\n<p>[analyse_source url=&#8221;https:\/\/renasterea.ro\/ordin-dat-pentru-inceperea-lucrarilor-de-asfaltare-a-strazilor-din-gataia\/&#8221;]<\/p>\n","protected":false},"excerpt":{"rendered":"<p>[analyse_image type=&#8221;featured&#8221; src=&#8221;https:\/\/renasterea.ro\/ro\/wp-content\/uploads\/2026\/08\/asfaltari-gataia.jpghttps:\/\/renasterea.ro\/ro\/wp-content\/uploads\/2026\/08\/asfaltari-gataia.jpg&#8221;] Mar\u0163i, 18 august, s-a predat amplasamentul \u0219i a fost dat ordinul de \u00eencepere a lucr\u0103rilor de asfaltare a str\u0103zilor din G\u0103taia, un proiect ce se realizeaz\u0103 printr-un parteriat \u00eentre Consiliul Jude\u0163ean Timi\u0219 \u0219i UAT G\u0103taia. \u201eAm discutat \u00een urm\u0103 cu c\u00e2teva luni cu primarul Raul Cozarov, s-au stabilit priorit\u0103\u021bile localit\u0103\u021bii, iar mai [&hellip;]<\/p>\n","protected":false},"author":1,"featured_media":0,"comment_status":"open","ping_status":"","sticky":false,"template":"","format":"standard","meta":{"footnotes":""},"categories":[89],"tags":[226,188],"class_list":["post-2098819","post","type-post","status-publish","format-standard","hentry","category-romania","tag-crawlmanager","tag-renasterea-ro"],"_links":{"self":[{"href":"https:\/\/analyse.optim.biz\/index.php?rest_route=\/wp\/v2\/posts\/2098819","targetHints":{"allow":["GET"]}}],"collection":[{"href":"https:\/\/analyse.optim.biz\/index.php?rest_route=\/wp\/v2\/posts"}],"about":[{"href":"https:\/\/analyse.optim.biz\/index.php?rest_route=\/wp\/v2\/types\/post"}],"author":[{"embeddable":true,"href":"https:\/\/analyse.optim.biz\/index.php?rest_route=\/wp\/v2\/users\/1"}],"replies":[{"embeddable":true,"href":"https:\/\/analyse.optim.biz\/index.php?rest_route=%2Fwp%2Fv2%2Fcomments&post=2098819"}],"version-history":[{"count":0,"href":"https:\/\/analyse.optim.biz\/index.php?rest_route=\/wp\/v2\/posts\/2098819\/revisions"}],"wp:attachment":[{"href":"https:\/\/analyse.optim.biz\/index.php?rest_route=%2Fwp%2Fv2%2Fmedia&parent=2098819"}],"wp:term":[{"taxonomy":"category","embeddable":true,"href":"https:\/\/analyse.optim.biz\/index.php?rest_route=%2Fwp%2Fv2%2Fcategories&post=2098819"},{"taxonomy":"post_tag","embeddable":true,"href":"https:\/\/analyse.optim.biz\/index.php?rest_route=%2Fwp%2Fv2%2Ftags&post=2098819"}],"curies":[{"name":"wp","href":"https:\/\/api.w.org\/{rel}","templated":true}]}}