{"id":2098696,"date":"2026-08-17T18:55:03","date_gmt":"2026-08-17T15:55:03","guid":{"rendered":"https:\/\/analyse.optim.biz\/?p=2098696"},"modified":"2026-08-17T18:55:03","modified_gmt":"2026-08-17T15:55:03","slug":"toate-drumurile-duc-la-sfarsitul-lunii-august-spre-izlazul-modoia-primarul-dumitru-ciorica-ii-invita-pe-valceni-la-doua-zile-de-sarbatoare-cu-niculina-stoican-in-recital-si-ansambluri-din-valcea-do","status":"publish","type":"post","link":"https:\/\/analyse.optim.biz\/?p=2098696","title":{"rendered":"Toate drumurile duc la sf\u00e2r\u0219itul lunii august spre Izlazul Modoia! Primarul Dumitru Cior\u00eec\u0103 \u00eei invit\u0103 pe v\u00e2lceni la dou\u0103 zile de s\u0103rb\u0103toare, cu Niculina Stoican \u00een recital \u0219i ansambluri din V\u00e2lcea, Dolj \u0219i Alba"},"content":{"rendered":"<p>[analyse_image type=&#8221;featured&#8221; src=&#8221;https:\/\/www.impactreal.ro\/wp-content\/uploads\/2026\/08\/Cernisoara_2026.jpg&#8221;]<\/p>\n<div class=\"single-news-content\">\n<div class=\"news-image\"><img loading=\"lazy\" decoding=\"async\" width=\"1600\" height=\"1000\" src=\"https:\/\/www.impactreal.ro\/wp-content\/uploads\/2026\/08\/Cernisoara_2026.jpg\" class=\"img-responsive wp-post-image\" alt=\"Toate drumurile duc la sf\u00e2r\u0219itul lunii august spre Izlazul Modoia! Primarul Dumitru Cior\u00eec\u0103 \u00eei invit\u0103 pe v\u00e2lceni la dou\u0103 zile de s\u0103rb\u0103toare, cu Niculina Stoican \u00een recital \u0219i ansambluri din V\u00e2lcea, Dolj \u0219i Alba\"><\/div>\n<div class=\"news-detail clearfix\">\n<div class=\"entry-meta\"><span class=\"posted-date\"><a href=\"https:\/\/www.impactreal.ro\/2026\/08\/17\/toate-drumurile-duc-la-sfarsitul-lunii-august-spre-izlazul-modoia-primarul-dumitru-ciorica-ii-invita-pe-valceni-la-doua-zile-de-sarbatoare-cu-niculina-stoican-in-recital-si-ansambluri-din-valcea-do\/\" rel=\"bookmark\"><time class=\"entry-date published updated\" datetime=\"2026-08-17T21:55:03+03:00\">17 august 2026<\/time><\/a><\/span><span class=\"author vcard\"><a href=\"https:\/\/www.impactreal.ro\/author\/claudia-schiopu\/\">Claudia Schiopu<\/a><\/span><span class=\"cat-links\"><a href=\"https:\/\/www.impactreal.ro\/category\/administratie\/\" rel=\"category tag\">Administra\u0163ie<\/a><a href=\"https:\/\/www.impactreal.ro\/category\/cernisoara\/\" rel=\"category tag\">Cernisoara<\/a><\/span><\/div>\n<div class=\"news-content editor-content-entry\">\n<p>Locuitorii comunei Cerni\u0219oara sunt invita\u021bi, pe 29 \u0219i 30 august, la cea de-a cincea edi\u021bie a Zilei Comunei. Spectacolul va avea loc pe Izlazul Comunal Modoia, unde vor urca pe scen\u0103 Niculina Stoican, Forma\u021bia Cristal 2000, Rapsodia V\u00e2lcean\u0103, interpre\u021bi locali \u0219i ansambluri folclorice din mai multe jude\u021be. Duminic\u0103, zece cupluri care au \u00eemplinit 50 de ani de c\u0103s\u0103torie vor fi premiate de administra\u021bia local\u0103.<\/p>\n<p><strong><u>Niculina Stoican, \u00een prima sear\u0103<\/u><\/strong><\/p>\n<p>Programul \u00eencepe s\u00e2mb\u0103t\u0103, 29 august, la ora 17.00, cu Forma\u021bia Cristal 2000 \u0219i \u0218tef\u0103nescu Anisia. De la ora 18.00, publicul o va putea asculta pe Niculina Stoican, una dintre cele mai cunoscute interprete de muzic\u0103 popular\u0103 din Oltenia.<\/p>\n<p>Dup\u0103 recitalul artistei, Forma\u021bia Cristal 2000 \u0219i \u0218tef\u0103nescu Anisia vor continua spectacolul p\u00e2n\u0103 la miezul nop\u021bii. Scena va fi amenajat\u0103 \u00een aer liber, pe Izlazul Comunal Modoia.<\/p>\n<p><strong><u>Zece familii, premiate dup\u0103 cinci decenii \u00eempreun\u0103<\/u><\/strong><\/p>\n<p>A doua zi de s\u0103rb\u0103toare \u00eencepe la ora 13.00, cu festivitatea de deschidere. Zece cupluri din Cerni\u0219oara care au ajuns la 50 de ani de c\u0103s\u0103torie vor primi premii din partea Prim\u0103riei \u0219i a Consiliului Local. \u00cen cadrul aceleia\u0219i festivit\u0103\u021bi vor fi premia\u021bi \u0219i copii din localitate.<\/p>\n<p>Momentul dedicat familiilor va reuni mai multe genera\u021bii \u0219i va aduce \u00een fa\u021ba publicului oameni care au construit \u00eempreun\u0103 un drum de jum\u0103tate de secol. Ceremonia va fi urmat\u0103 de un program folcloric amplu.<\/p>\n<p><strong><u>Ansambluri din V\u00e2lcea, Dolj \u0219i Alba<\/u><\/strong><\/p>\n<p>\u00centre orele 14.00 \u0219i 19.00, pe scen\u0103 vor evolua ansambluri \u0219i forma\u021bii din mai multe zone ale \u021b\u0103rii. Publicul va urm\u0103ri dansurile preg\u0103tite de elevii \u0218colii Gimnaziale din Ulmet, Ansamblul Casei de Cultur\u0103 \u201eDrago\u0219 Vr\u00e2nceanu\u201d din B\u0103beni, Ansamblul folcloric \u201eBordeia\u0219ul\u201d din Bechet \u0219i Ansamblul \u201eBr\u00e2ule\u021bul\u201d din Celaru.<\/p>\n<p>Forma\u021bia de fluiera\u0219i din \u0218ugag va aduce c\u00e2ntecele specifice jude\u021bului Alba, iar Rapsodia V\u00e2lcean\u0103 va sus\u021bine un program de muzic\u0103 popular\u0103. Vor urca pe scen\u0103 \u0219i Eduard Stoica, Teodora \u0219i Sofia Opri\u021ba, Popa Nicoleta, Diana Igoianu, Maria Izabela P\u00eengulescu \u0219i Elena Antonia, o interpret\u0103 \u00een v\u00e2rst\u0103 de 11 ani, din comuna Ote\u0219ani.<\/p>\n<p>Seara va continua de la ora 19.00 p\u00e2n\u0103 la miezul nop\u021bii, al\u0103turi de Forma\u021bia Cristal 2000.<\/p>\n<p><strong>Invita\u021bia primarului Dumitru Cior\u00eec\u0103<\/strong><\/p>\n<p>Ziua Comunei Cerni\u0219oara este organizat\u0103 de Prim\u0103rie \u0219i Consiliul Local. Primarul Dumitru Cior\u00eec\u0103 \u00eei invit\u0103 pe locuitori, pe fiii satului \u0219i pe oaspe\u021bii din localit\u0103\u021bile apropiate s\u0103 participe la cele dou\u0103 zile de spectacol.<\/p>\n<p><strong><em><u>\u201eV\u0103 a\u0219tept\u0103m cu drag!\u201d,<\/u><\/em><\/strong> este mesajul transmis de primarul comunei Cerni\u0219oara, Dumitru Cior\u00eec\u0103. \u00a0\u00a0\u00a0Prin programul ales, acesta a urm\u0103rit s\u0103 aduc\u0103 pe aceea\u0219i scen\u0103 arti\u0219ti cunoscu\u021bi, copii talenta\u021bi \u0219i ansambluri care p\u0103streaz\u0103 c\u00e2ntecele \u0219i dansurile populare.<\/p>\n<\/div>\n<\/div>\n<\/div>\n<div class=\"news-content editor-content-entry\">\n<p>Locuitorii comunei Cerni\u0219oara sunt invita\u021bi, pe 29 \u0219i 30 august, la cea de-a cincea edi\u021bie a Zilei Comunei. Spectacolul va avea loc pe Izlazul Comunal Modoia, unde vor urca pe scen\u0103 Niculina Stoican, Forma\u021bia Cristal 2000, Rapsodia V\u00e2lcean\u0103, interpre\u021bi locali \u0219i ansambluri folclorice din mai multe jude\u021be. Duminic\u0103, zece cupluri care au \u00eemplinit 50 de ani de c\u0103s\u0103torie vor fi premiate de administra\u021bia local\u0103.<\/p>\n<p><strong><u>Niculina Stoican, \u00een prima sear\u0103<\/u><\/strong><\/p>\n<p>Programul \u00eencepe s\u00e2mb\u0103t\u0103, 29 august, la ora 17.00, cu Forma\u021bia Cristal 2000 \u0219i \u0218tef\u0103nescu Anisia. De la ora 18.00, publicul o va putea asculta pe Niculina Stoican, una dintre cele mai cunoscute interprete de muzic\u0103 popular\u0103 din Oltenia.<\/p>\n<p>Dup\u0103 recitalul artistei, Forma\u021bia Cristal 2000 \u0219i \u0218tef\u0103nescu Anisia vor continua spectacolul p\u00e2n\u0103 la miezul nop\u021bii. Scena va fi amenajat\u0103 \u00een aer liber, pe Izlazul Comunal Modoia.<\/p>\n<p><strong><u>Zece familii, premiate dup\u0103 cinci decenii \u00eempreun\u0103<\/u><\/strong><\/p>\n<p>A doua zi de s\u0103rb\u0103toare \u00eencepe la ora 13.00, cu festivitatea de deschidere. Zece cupluri din Cerni\u0219oara care au ajuns la 50 de ani de c\u0103s\u0103torie vor primi premii din partea Prim\u0103riei \u0219i a Consiliului Local. \u00cen cadrul aceleia\u0219i festivit\u0103\u021bi vor fi premia\u021bi \u0219i copii din localitate.<\/p>\n<p>Momentul dedicat familiilor va reuni mai multe genera\u021bii \u0219i va aduce \u00een fa\u021ba publicului oameni care au construit \u00eempreun\u0103 un drum de jum\u0103tate de secol. Ceremonia va fi urmat\u0103 de un program folcloric amplu.<\/p>\n<p><strong><u>Ansambluri din V\u00e2lcea, Dolj \u0219i Alba<\/u><\/strong><\/p>\n<p>\u00centre orele 14.00 \u0219i 19.00, pe scen\u0103 vor evolua ansambluri \u0219i forma\u021bii din mai multe zone ale \u021b\u0103rii. Publicul va urm\u0103ri dansurile preg\u0103tite de elevii \u0218colii Gimnaziale din Ulmet, Ansamblul Casei de Cultur\u0103 \u201eDrago\u0219 Vr\u00e2nceanu\u201d din B\u0103beni, Ansamblul folcloric \u201eBordeia\u0219ul\u201d din Bechet \u0219i Ansamblul \u201eBr\u00e2ule\u021bul\u201d din Celaru.<\/p>\n<p>Forma\u021bia de fluiera\u0219i din \u0218ugag va aduce c\u00e2ntecele specifice jude\u021bului Alba, iar Rapsodia V\u00e2lcean\u0103 va sus\u021bine un program de muzic\u0103 popular\u0103. Vor urca pe scen\u0103 \u0219i Eduard Stoica, Teodora \u0219i Sofia Opri\u021ba, Popa Nicoleta, Diana Igoianu, Maria Izabela P\u00eengulescu \u0219i Elena Antonia, o interpret\u0103 \u00een v\u00e2rst\u0103 de 11 ani, din comuna Ote\u0219ani.<\/p>\n<p>Seara va continua de la ora 19.00 p\u00e2n\u0103 la miezul nop\u021bii, al\u0103turi de Forma\u021bia Cristal 2000.<\/p>\n<p><strong>Invita\u021bia primarului Dumitru Cior\u00eec\u0103<\/strong><\/p>\n<p>Ziua Comunei Cerni\u0219oara este organizat\u0103 de Prim\u0103rie \u0219i Consiliul Local. Primarul Dumitru Cior\u00eec\u0103 \u00eei invit\u0103 pe locuitori, pe fiii satului \u0219i pe oaspe\u021bii din localit\u0103\u021bile apropiate s\u0103 participe la cele dou\u0103 zile de spectacol.<\/p>\n<p><strong><em><u>\u201eV\u0103 a\u0219tept\u0103m cu drag!\u201d,<\/u><\/em><\/strong> este mesajul transmis de primarul comunei Cerni\u0219oara, Dumitru Cior\u00eec\u0103. \u00a0\u00a0\u00a0Prin programul ales, acesta a urm\u0103rit s\u0103 aduc\u0103 pe aceea\u0219i scen\u0103 arti\u0219ti cunoscu\u021bi, copii talenta\u021bi \u0219i ansambluri care p\u0103streaz\u0103 c\u00e2ntecele \u0219i dansurile populare.<\/p>\n<\/div>\n<div class=\"news-content editor-content-entry\">\n<p>Locuitorii comunei Cerni\u0219oara sunt invita\u021bi, pe 29 \u0219i 30 august, la cea de-a cincea edi\u021bie a Zilei Comunei. Spectacolul va avea loc pe Izlazul Comunal Modoia, unde vor urca pe scen\u0103 Niculina Stoican, Forma\u021bia Cristal 2000, Rapsodia V\u00e2lcean\u0103, interpre\u021bi locali \u0219i ansambluri folclorice din mai multe jude\u021be. Duminic\u0103, zece cupluri care au \u00eemplinit 50 de ani de c\u0103s\u0103torie vor fi premiate de administra\u021bia local\u0103.<\/p>\n<p><strong><u>Niculina Stoican, \u00een prima sear\u0103<\/u><\/strong><\/p>\n<p>Programul \u00eencepe s\u00e2mb\u0103t\u0103, 29 august, la ora 17.00, cu Forma\u021bia Cristal 2000 \u0219i \u0218tef\u0103nescu Anisia. De la ora 18.00, publicul o va putea asculta pe Niculina Stoican, una dintre cele mai cunoscute interprete de muzic\u0103 popular\u0103 din Oltenia.<\/p>\n<p>Dup\u0103 recitalul artistei, Forma\u021bia Cristal 2000 \u0219i \u0218tef\u0103nescu Anisia vor continua spectacolul p\u00e2n\u0103 la miezul nop\u021bii. Scena va fi amenajat\u0103 \u00een aer liber, pe Izlazul Comunal Modoia.<\/p>\n<p><strong><u>Zece familii, premiate dup\u0103 cinci decenii \u00eempreun\u0103<\/u><\/strong><\/p>\n<p>A doua zi de s\u0103rb\u0103toare \u00eencepe la ora 13.00, cu festivitatea de deschidere. Zece cupluri din Cerni\u0219oara care au ajuns la 50 de ani de c\u0103s\u0103torie vor primi premii din partea Prim\u0103riei \u0219i a Consiliului Local. \u00cen cadrul aceleia\u0219i festivit\u0103\u021bi vor fi premia\u021bi \u0219i copii din localitate.<\/p>\n<p>Momentul dedicat familiilor va reuni mai multe genera\u021bii \u0219i va aduce \u00een fa\u021ba publicului oameni care au construit \u00eempreun\u0103 un drum de jum\u0103tate de secol. Ceremonia va fi urmat\u0103 de un program folcloric amplu.<\/p>\n<p><strong><u>Ansambluri din V\u00e2lcea, Dolj \u0219i Alba<\/u><\/strong><\/p>\n<p>\u00centre orele 14.00 \u0219i 19.00, pe scen\u0103 vor evolua ansambluri \u0219i forma\u021bii din mai multe zone ale \u021b\u0103rii. Publicul va urm\u0103ri dansurile preg\u0103tite de elevii \u0218colii Gimnaziale din Ulmet, Ansamblul Casei de Cultur\u0103 \u201eDrago\u0219 Vr\u00e2nceanu\u201d din B\u0103beni, Ansamblul folcloric \u201eBordeia\u0219ul\u201d din Bechet \u0219i Ansamblul \u201eBr\u00e2ule\u021bul\u201d din Celaru.<\/p>\n<p>Forma\u021bia de fluiera\u0219i din \u0218ugag va aduce c\u00e2ntecele specifice jude\u021bului Alba, iar Rapsodia V\u00e2lcean\u0103 va sus\u021bine un program de muzic\u0103 popular\u0103. Vor urca pe scen\u0103 \u0219i Eduard Stoica, Teodora \u0219i Sofia Opri\u021ba, Popa Nicoleta, Diana Igoianu, Maria Izabela P\u00eengulescu \u0219i Elena Antonia, o interpret\u0103 \u00een v\u00e2rst\u0103 de 11 ani, din comuna Ote\u0219ani.<\/p>\n<p>Seara va continua de la ora 19.00 p\u00e2n\u0103 la miezul nop\u021bii, al\u0103turi de Forma\u021bia Cristal 2000.<\/p>\n<p><strong>Invita\u021bia primarului Dumitru Cior\u00eec\u0103<\/strong><\/p>\n<p>Ziua Comunei Cerni\u0219oara este organizat\u0103 de Prim\u0103rie \u0219i Consiliul Local. Primarul Dumitru Cior\u00eec\u0103 \u00eei invit\u0103 pe locuitori, pe fiii satului \u0219i pe oaspe\u021bii din localit\u0103\u021bile apropiate s\u0103 participe la cele dou\u0103 zile de spectacol.<\/p>\n<p><strong><em><u>\u201eV\u0103 a\u0219tept\u0103m cu drag!\u201d,<\/u><\/em><\/strong> este mesajul transmis de primarul comunei Cerni\u0219oara, Dumitru Cior\u00eec\u0103. \u00a0\u00a0\u00a0Prin programul ales, acesta a urm\u0103rit s\u0103 aduc\u0103 pe aceea\u0219i scen\u0103 arti\u0219ti cunoscu\u021bi, copii talenta\u021bi \u0219i ansambluri care p\u0103streaz\u0103 c\u00e2ntecele \u0219i dansurile populare.<\/p>\n<\/div>\n<p>[analyse_source url=&#8221;https:\/\/www.impactreal.ro\/2026\/08\/17\/toate-drumurile-duc-la-sfarsitul-lunii-august-spre-izlazul-modoia-primarul-dumitru-ciorica-ii-invita-pe-valceni-la-doua-zile-de-sarbatoare-cu-niculina-stoican-in-recital-si-ansambluri-din-valcea-do\/&#8221;]<\/p>\n","protected":false},"excerpt":{"rendered":"<p>[analyse_image type=&#8221;featured&#8221; src=&#8221;https:\/\/www.impactreal.ro\/wp-content\/uploads\/2026\/08\/Cernisoara_2026.jpg&#8221;] 17 august 2026Claudia SchiopuAdministra\u0163ieCernisoara Locuitorii comunei Cerni\u0219oara sunt invita\u021bi, pe 29 \u0219i 30 august, la cea de-a cincea edi\u021bie a Zilei Comunei. Spectacolul va avea loc pe Izlazul Comunal Modoia, unde vor urca pe scen\u0103 Niculina Stoican, Forma\u021bia Cristal 2000, Rapsodia V\u00e2lcean\u0103, interpre\u021bi locali \u0219i ansambluri folclorice din mai multe jude\u021be. Duminic\u0103, [&hellip;]<\/p>\n","protected":false},"author":1,"featured_media":0,"comment_status":"open","ping_status":"","sticky":false,"template":"","format":"standard","meta":{"footnotes":""},"categories":[89],"tags":[226,212],"class_list":["post-2098696","post","type-post","status-publish","format-standard","hentry","category-romania","tag-crawlmanager","tag-impactreal-ro"],"_links":{"self":[{"href":"https:\/\/analyse.optim.biz\/index.php?rest_route=\/wp\/v2\/posts\/2098696","targetHints":{"allow":["GET"]}}],"collection":[{"href":"https:\/\/analyse.optim.biz\/index.php?rest_route=\/wp\/v2\/posts"}],"about":[{"href":"https:\/\/analyse.optim.biz\/index.php?rest_route=\/wp\/v2\/types\/post"}],"author":[{"embeddable":true,"href":"https:\/\/analyse.optim.biz\/index.php?rest_route=\/wp\/v2\/users\/1"}],"replies":[{"embeddable":true,"href":"https:\/\/analyse.optim.biz\/index.php?rest_route=%2Fwp%2Fv2%2Fcomments&post=2098696"}],"version-history":[{"count":0,"href":"https:\/\/analyse.optim.biz\/index.php?rest_route=\/wp\/v2\/posts\/2098696\/revisions"}],"wp:attachment":[{"href":"https:\/\/analyse.optim.biz\/index.php?rest_route=%2Fwp%2Fv2%2Fmedia&parent=2098696"}],"wp:term":[{"taxonomy":"category","embeddable":true,"href":"https:\/\/analyse.optim.biz\/index.php?rest_route=%2Fwp%2Fv2%2Fcategories&post=2098696"},{"taxonomy":"post_tag","embeddable":true,"href":"https:\/\/analyse.optim.biz\/index.php?rest_route=%2Fwp%2Fv2%2Ftags&post=2098696"}],"curies":[{"name":"wp","href":"https:\/\/api.w.org\/{rel}","templated":true}]}}