{"id":2098694,"date":"2026-08-17T18:02:48","date_gmt":"2026-08-17T15:02:48","guid":{"rendered":"https:\/\/analyse.optim.biz\/?p=2098694"},"modified":"2026-08-17T18:02:48","modified_gmt":"2026-08-17T15:02:48","slug":"pe-8-septembrie-se-deschide-centrul-sfanta-marie-din-orlesti-medici-recuperare-ingrijire-la-domiciliu-si-masa-calda-pentru-persoanele-varstnice","status":"publish","type":"post","link":"https:\/\/analyse.optim.biz\/?p=2098694","title":{"rendered":"Pe 8 septembrie se deschide Centrul \u201eSf\u00e2nta Marie\u201d din Orle\u0219ti: medici, recuperare, \u00eengrijire la domiciliu \u0219i mas\u0103 cald\u0103 pentru persoanele v\u00e2rstnice"},"content":{"rendered":"<p>[analyse_image type=&#8221;featured&#8221; src=&#8221;https:\/\/www.impactreal.ro\/wp-content\/uploads\/2026\/08\/colaj_orizontal_centrul_social.jpg&#8221;]<\/p>\n<div class=\"single-news-content\">\n<div class=\"news-image\"><img loading=\"lazy\" decoding=\"async\" width=\"2400\" height=\"1350\" src=\"https:\/\/www.impactreal.ro\/wp-content\/uploads\/2026\/08\/colaj_orizontal_centrul_social.jpg\" class=\"img-responsive wp-post-image\" alt=\"Pe 8 septembrie se deschide Centrul \u201eSf\u00e2nta Marie\u201d din Orle\u0219ti: medici, recuperare, \u00eengrijire la domiciliu \u0219i mas\u0103 cald\u0103 pentru persoanele v\u00e2rstnice\"><\/div>\n<div class=\"news-detail clearfix\">\n<div class=\"entry-meta\"><span class=\"posted-date\"><a href=\"https:\/\/www.impactreal.ro\/2026\/08\/17\/pe-8-septembrie-se-deschide-centrul-sfanta-marie-din-orlesti-medici-recuperare-ingrijire-la-domiciliu-si-masa-calda-pentru-persoanele-varstnice\/\" rel=\"bookmark\"><time class=\"entry-date published\" datetime=\"2026-08-17T21:02:48+03:00\">17 august 2026<\/time><time class=\"updated\" datetime=\"2026-08-17T21:13:57+03:00\">17 august 2026<\/time><\/a><\/span><span class=\"author vcard\"><a href=\"https:\/\/www.impactreal.ro\/author\/claudia-schiopu\/\">Claudia Schiopu<\/a><\/span><span class=\"cat-links\"><a href=\"https:\/\/www.impactreal.ro\/category\/administratie\/\" rel=\"category tag\">Administra\u0163ie<\/a><a href=\"https:\/\/www.impactreal.ro\/category\/orlesti\/\" rel=\"category tag\">Orlesti<\/a><\/span><\/div>\n<div class=\"news-content editor-content-entry\">\n<p><em>Centrul \u201eSf\u00e2nta Marie\u201d din Orle\u0219ti va fi deschis oficial pe 8 septembrie, de Sf\u00e2nta Maria Mic\u0103. Cl\u0103direa este preg\u0103tit\u0103 pentru primirea beneficiarilor, iar echipa care va lucra aici \u00eencepe s\u0103 prind\u0103 contur. Cel pu\u021bin 100 de persoane vor avea acces la consulta\u021bii medicale, recuperare, \u00eengrijire la domiciliu, consiliere \u0219i hran\u0103 cald\u0103.<\/em><\/p>\n<p><strong><u>Cur\u0103\u021benie \u00een fiecare \u00eenc\u0103pere<\/u><\/strong><\/p>\n<p>\u00cen cl\u0103dire se fac ultimele preg\u0103tiri \u00eenaintea deschiderii. \u00cenc\u0103perile sunt aerisite, praful este \u0219ters, mobilierul este cur\u0103\u021bat, iar dot\u0103rile sunt verificate pentru ca activitatea s\u0103 poat\u0103 \u00eencepe \u00een condi\u021bii bune.<\/p>\n<p>Cabinetele au aparatur\u0103 medical\u0103, iar sala de kinetoterapie este echipat\u0103 cu spaliere, biciclete ergonomice, benzi de mers, mingi medicinale \u0219i greut\u0103\u021bi u\u0219oare. Centrul are \u0219i cabinete de consiliere, amenajate cu birouri \u0219i fotolii, unde vor avea loc discu\u021bii cu asistentul social \u0219i \u0219edin\u021be de terapie.<\/p>\n<p>Conducerea centrului a fost preluat\u0103 de medicul Mircea Miu, fost director al Spitalului Municipal Dr\u0103g\u0103\u0219ani. G\u0103sirea unui \u0219ef de centru era obligatorie pentru \u00eenceperea activit\u0103\u021bii, iar experien\u021ba acestuia va conta \u00een organizarea serviciilor medicale \u0219i sociale.<\/p>\n<p><strong><u>Medici \u0219i recuperare<\/u><\/strong><\/p>\n<p>Echipa de speciali\u0219ti cuprinde dou\u0103 asistente medicale, un fizioterapeut, un medic de medicin\u0103 intern\u0103 \u0219i doi medici specializa\u021bi \u00een recuperare, medicin\u0103 fizic\u0103 \u0219i balneologie.<\/p>\n<p>\u201e<em><strong>\u00cempreun\u0103 cu domnul doctor Miu, vrem s\u0103 dezvolt\u0103m mai multe cabinete medicale, astfel \u00eenc\u00e2t centrul s\u0103 ofere servicii apropiate de cele ale unei policlinici. Ne dorim s\u0103 aducem la Orle\u0219ti \u0219i un medic cardiolog, precum \u0219i un medic diabetolog.<\/strong><\/em>\u201d, ne-a declarat primarul<\/p>\n<p><strong><u>Sprijin acordat acas\u0103<\/u><\/strong><\/p>\n<p>Persoanele care nu se pot deplasa vor primi \u00eengrijire la domiciliu. Angaja\u021bii centrului vor ajunge la acestea cu ma\u0219ina de serviciu aflat\u0103 \u00een dotare.<\/p>\n<p>Primarul ne spune c\u0103, pentru func\u021bionarea complet\u0103 a centrului, au fost prev\u0103zute 13 posturi. P\u00e2n\u0103 acum au fost angaja\u021bi un buc\u0103tar, dou\u0103 asistente medicale, un fizioterapeut \u0219i un \u0219ef de centru. Echipa trebuie completat\u0103 cu asisten\u021bi sociali. Medicii vor lucra \u00een baza unor contracte de colaborare.<\/p>\n<p>\u201d<em><strong>Conform datelor existente, cel pu\u021bin 100 de persoane vor folosi serviciile oferite la Orle\u0219ti. Num\u0103rul acestora poate cre\u0219te dup\u0103 \u00eenceperea activit\u0103\u021bii \u0219i identificarea tuturor cazurilor care au nevoie de ajutor\u201d<\/strong><\/em> ne-a declarat primarul.<\/p>\n<p><strong><u>Cantin\u0103 social\u0103<\/u><\/strong><\/p>\n<p>Centrul va avea o cantin\u0103 social\u0103 pentru persoanele v\u00e2rstnice \u0219i neputincioase care nu \u00ee\u0219i mai pot preg\u0103ti singure m\u00e2ncarea. Cei care se pot deplasa vor veni \u00een sala de mese pentru a servi o mas\u0103 cald\u0103. Hrana va fi transportat\u0103 la domiciliul celor care nu pot ajunge aici.<\/p>\n<p>Buc\u0103t\u0103ria este dotat\u0103 cu frigidere, cuptoare cu microunde, ma\u0219in\u0103 de sp\u0103lat vase \u0219i echipamente pentru p\u0103strarea m\u00e2nc\u0103rii calde. Sala de mese este luminoas\u0103 \u0219i are mobilier potrivit pentru servirea pr\u00e2nzului \u0219i a gust\u0103rilor:\u00a0 \u00a0\u201e<strong><em>Denumirea \u00abSf\u00e2nta Marie\u00bb \u0219i data deschiderii au o semnifica\u021bie aparte pentru mine. Centrul este construit l\u00e2ng\u0103 biserica satului, iar inaugurarea din 8 septembrie are loc dup\u0103 mai multe dificult\u0103\u021bi \u00eent\u00e2mpinate pe parcursul proiectului. Vrem s\u0103 facem o treab\u0103 bun\u0103 \u0219i s\u0103 oferim servicii medicale de care oamenii au nevoie. Sunt bunicii no\u0219tri \u0219i trebuie s\u0103 avem grij\u0103 de ei<\/em><\/strong>\u201d, a declarat primarul comunei Orle\u0219ti, Constantin C\u00eerstina.<\/p>\n<p><strong><em><u>Curtea centrului seam\u0103n\u0103 cu un mic parc, cu alei pentru plimbare \u0219i b\u0103nci a\u0219ezate printre flori. \u00a0Au fost plantate multe flori, a\u0219a cum \u00eei place primarului Constantin C\u00eerstina s\u0103 fie amenajate spa\u021biile publice din Orle\u0219ti.<\/u><\/em><\/strong><\/p>\n<p>\u00a0<\/p>\n<p><img loading=\"lazy\" decoding=\"async\" class=\"alignnone size-medium wp-image-58268\" src=\"https:\/\/www.impactreal.ro\/wp-content\/uploads\/2026\/08\/orlesti-01-300x225.jpg\" alt width=\"300\" height=\"225\"><img loading=\"lazy\" decoding=\"async\" class=\"alignnone size-medium wp-image-58269\" src=\"https:\/\/www.impactreal.ro\/wp-content\/uploads\/2026\/08\/orlesti-01ggg-300x225.jpg\" alt width=\"300\" height=\"225\"> \u00a0<img decoding=\"async\" loading=\"lazy\" class=\"alignnone size-medium wp-image-58271\" src=\"https:\/\/www.impactreal.ro\/wp-content\/uploads\/2026\/08\/orlesti-01p-300x225.jpg\" alt width=\"300\" height=\"225\"><img decoding=\"async\" loading=\"lazy\" class=\"alignnone size-medium wp-image-58272\" src=\"https:\/\/www.impactreal.ro\/wp-content\/uploads\/2026\/08\/orlesti-01uu-300x225.jpg\" alt width=\"300\" height=\"225\"><img decoding=\"async\" loading=\"lazy\" class=\"alignnone size-medium wp-image-58273\" src=\"https:\/\/www.impactreal.ro\/wp-content\/uploads\/2026\/08\/orlesti-02-300x225.jpg\" alt width=\"300\" height=\"225\"><img decoding=\"async\" loading=\"lazy\" class=\"alignnone size-medium wp-image-58274\" src=\"https:\/\/www.impactreal.ro\/wp-content\/uploads\/2026\/08\/orlesti-03-300x225.jpg\" alt width=\"300\" height=\"225\"><img decoding=\"async\" loading=\"lazy\" class=\"alignnone size-medium wp-image-58275\" src=\"https:\/\/www.impactreal.ro\/wp-content\/uploads\/2026\/08\/orlesti-04-300x225.jpg\" alt width=\"300\" height=\"225\"><img decoding=\"async\" loading=\"lazy\" class=\"alignnone size-medium wp-image-58276\" src=\"https:\/\/www.impactreal.ro\/wp-content\/uploads\/2026\/08\/orlesti-05-300x225.jpg\" alt width=\"300\" height=\"225\"><img decoding=\"async\" loading=\"lazy\" class=\"alignnone size-medium wp-image-58277\" src=\"https:\/\/www.impactreal.ro\/wp-content\/uploads\/2026\/08\/orlesti-07-300x225.jpg\" alt width=\"300\" height=\"225\"><img decoding=\"async\" loading=\"lazy\" class=\"alignnone size-medium wp-image-58278\" src=\"https:\/\/www.impactreal.ro\/wp-content\/uploads\/2026\/08\/orlesti-011-300x225.jpg\" alt width=\"300\" height=\"225\"><img decoding=\"async\" loading=\"lazy\" class=\"alignnone size-medium wp-image-58279\" src=\"https:\/\/www.impactreal.ro\/wp-content\/uploads\/2026\/08\/orlesti-0133-300x225.jpg\" alt width=\"300\" height=\"225\"><img decoding=\"async\" loading=\"lazy\" class=\"alignnone size-medium wp-image-58281\" src=\"https:\/\/www.impactreal.ro\/wp-content\/uploads\/2026\/08\/orlesti-0166-300x225.jpg\" alt width=\"300\" height=\"225\"><img decoding=\"async\" loading=\"lazy\" class=\"alignnone size-medium wp-image-58282\" src=\"https:\/\/www.impactreal.ro\/wp-content\/uploads\/2026\/08\/orlesti-01222-300x225.jpg\" alt width=\"300\" height=\"225\"><img decoding=\"async\" loading=\"lazy\" class=\"alignnone size-medium wp-image-58283\" src=\"https:\/\/www.impactreal.ro\/wp-content\/uploads\/2026\/08\/orlesti-01444-300x225.jpg\" alt width=\"300\" height=\"225\"><img decoding=\"async\" loading=\"lazy\" class=\"alignnone size-medium wp-image-58284\" src=\"https:\/\/www.impactreal.ro\/wp-content\/uploads\/2026\/08\/orlesti-01666-300x225.jpg\" alt width=\"300\" height=\"225\"><img decoding=\"async\" loading=\"lazy\" class=\"alignnone size-medium wp-image-58285\" src=\"https:\/\/www.impactreal.ro\/wp-content\/uploads\/2026\/08\/orlesti-01888-300x225.jpg\" alt width=\"300\" height=\"225\"><img decoding=\"async\" loading=\"lazy\" class=\"alignnone size-medium wp-image-58286\" src=\"https:\/\/www.impactreal.ro\/wp-content\/uploads\/2026\/08\/orlesti-01999-300x225.jpg\" alt width=\"300\" height=\"225\"><\/p>\n<\/div>\n<\/div>\n<\/div>\n<div class=\"news-content editor-content-entry\">\n<p><em>Centrul \u201eSf\u00e2nta Marie\u201d din Orle\u0219ti va fi deschis oficial pe 8 septembrie, de Sf\u00e2nta Maria Mic\u0103. Cl\u0103direa este preg\u0103tit\u0103 pentru primirea beneficiarilor, iar echipa care va lucra aici \u00eencepe s\u0103 prind\u0103 contur. Cel pu\u021bin 100 de persoane vor avea acces la consulta\u021bii medicale, recuperare, \u00eengrijire la domiciliu, consiliere \u0219i hran\u0103 cald\u0103.<\/em><\/p>\n<p><strong><u>Cur\u0103\u021benie \u00een fiecare \u00eenc\u0103pere<\/u><\/strong><\/p>\n<p>\u00cen cl\u0103dire se fac ultimele preg\u0103tiri \u00eenaintea deschiderii. \u00cenc\u0103perile sunt aerisite, praful este \u0219ters, mobilierul este cur\u0103\u021bat, iar dot\u0103rile sunt verificate pentru ca activitatea s\u0103 poat\u0103 \u00eencepe \u00een condi\u021bii bune.<\/p>\n<p>Cabinetele au aparatur\u0103 medical\u0103, iar sala de kinetoterapie este echipat\u0103 cu spaliere, biciclete ergonomice, benzi de mers, mingi medicinale \u0219i greut\u0103\u021bi u\u0219oare. Centrul are \u0219i cabinete de consiliere, amenajate cu birouri \u0219i fotolii, unde vor avea loc discu\u021bii cu asistentul social \u0219i \u0219edin\u021be de terapie.<\/p>\n<p>Conducerea centrului a fost preluat\u0103 de medicul Mircea Miu, fost director al Spitalului Municipal Dr\u0103g\u0103\u0219ani. G\u0103sirea unui \u0219ef de centru era obligatorie pentru \u00eenceperea activit\u0103\u021bii, iar experien\u021ba acestuia va conta \u00een organizarea serviciilor medicale \u0219i sociale.<\/p>\n<p><strong><u>Medici \u0219i recuperare<\/u><\/strong><\/p>\n<p>Echipa de speciali\u0219ti cuprinde dou\u0103 asistente medicale, un fizioterapeut, un medic de medicin\u0103 intern\u0103 \u0219i doi medici specializa\u021bi \u00een recuperare, medicin\u0103 fizic\u0103 \u0219i balneologie.<\/p>\n<p>\u201e<em><strong>\u00cempreun\u0103 cu domnul doctor Miu, vrem s\u0103 dezvolt\u0103m mai multe cabinete medicale, astfel \u00eenc\u00e2t centrul s\u0103 ofere servicii apropiate de cele ale unei policlinici. Ne dorim s\u0103 aducem la Orle\u0219ti \u0219i un medic cardiolog, precum \u0219i un medic diabetolog.<\/strong><\/em>\u201d, ne-a declarat primarul<\/p>\n<p><strong><u>Sprijin acordat acas\u0103<\/u><\/strong><\/p>\n<p>Persoanele care nu se pot deplasa vor primi \u00eengrijire la domiciliu. Angaja\u021bii centrului vor ajunge la acestea cu ma\u0219ina de serviciu aflat\u0103 \u00een dotare.<\/p>\n<p>Primarul ne spune c\u0103, pentru func\u021bionarea complet\u0103 a centrului, au fost prev\u0103zute 13 posturi. P\u00e2n\u0103 acum au fost angaja\u021bi un buc\u0103tar, dou\u0103 asistente medicale, un fizioterapeut \u0219i un \u0219ef de centru. Echipa trebuie completat\u0103 cu asisten\u021bi sociali. Medicii vor lucra \u00een baza unor contracte de colaborare.<\/p>\n<p>\u201d<em><strong>Conform datelor existente, cel pu\u021bin 100 de persoane vor folosi serviciile oferite la Orle\u0219ti. Num\u0103rul acestora poate cre\u0219te dup\u0103 \u00eenceperea activit\u0103\u021bii \u0219i identificarea tuturor cazurilor care au nevoie de ajutor\u201d<\/strong><\/em> ne-a declarat primarul.<\/p>\n<p><strong><u>Cantin\u0103 social\u0103<\/u><\/strong><\/p>\n<p>Centrul va avea o cantin\u0103 social\u0103 pentru persoanele v\u00e2rstnice \u0219i neputincioase care nu \u00ee\u0219i mai pot preg\u0103ti singure m\u00e2ncarea. Cei care se pot deplasa vor veni \u00een sala de mese pentru a servi o mas\u0103 cald\u0103. Hrana va fi transportat\u0103 la domiciliul celor care nu pot ajunge aici.<\/p>\n<p>Buc\u0103t\u0103ria este dotat\u0103 cu frigidere, cuptoare cu microunde, ma\u0219in\u0103 de sp\u0103lat vase \u0219i echipamente pentru p\u0103strarea m\u00e2nc\u0103rii calde. Sala de mese este luminoas\u0103 \u0219i are mobilier potrivit pentru servirea pr\u00e2nzului \u0219i a gust\u0103rilor:\u00a0 \u00a0\u201e<strong><em>Denumirea \u00abSf\u00e2nta Marie\u00bb \u0219i data deschiderii au o semnifica\u021bie aparte pentru mine. Centrul este construit l\u00e2ng\u0103 biserica satului, iar inaugurarea din 8 septembrie are loc dup\u0103 mai multe dificult\u0103\u021bi \u00eent\u00e2mpinate pe parcursul proiectului. Vrem s\u0103 facem o treab\u0103 bun\u0103 \u0219i s\u0103 oferim servicii medicale de care oamenii au nevoie. Sunt bunicii no\u0219tri \u0219i trebuie s\u0103 avem grij\u0103 de ei<\/em><\/strong>\u201d, a declarat primarul comunei Orle\u0219ti, Constantin C\u00eerstina.<\/p>\n<p><strong><em><u>Curtea centrului seam\u0103n\u0103 cu un mic parc, cu alei pentru plimbare \u0219i b\u0103nci a\u0219ezate printre flori. \u00a0Au fost plantate multe flori, a\u0219a cum \u00eei place primarului Constantin C\u00eerstina s\u0103 fie amenajate spa\u021biile publice din Orle\u0219ti.<\/u><\/em><\/strong><\/p>\n<p>\u00a0<\/p>\n<p><img loading=\"lazy\" decoding=\"async\" class=\"alignnone size-medium wp-image-58268\" src=\"https:\/\/www.impactreal.ro\/wp-content\/uploads\/2026\/08\/orlesti-01-300x225.jpg\" alt width=\"300\" height=\"225\"><img loading=\"lazy\" decoding=\"async\" class=\"alignnone size-medium wp-image-58269\" src=\"https:\/\/www.impactreal.ro\/wp-content\/uploads\/2026\/08\/orlesti-01ggg-300x225.jpg\" alt width=\"300\" height=\"225\"> \u00a0<img decoding=\"async\" loading=\"lazy\" class=\"alignnone size-medium wp-image-58271\" src=\"https:\/\/www.impactreal.ro\/wp-content\/uploads\/2026\/08\/orlesti-01p-300x225.jpg\" alt width=\"300\" height=\"225\"><img decoding=\"async\" loading=\"lazy\" class=\"alignnone size-medium wp-image-58272\" src=\"https:\/\/www.impactreal.ro\/wp-content\/uploads\/2026\/08\/orlesti-01uu-300x225.jpg\" alt width=\"300\" height=\"225\"><img decoding=\"async\" loading=\"lazy\" class=\"alignnone size-medium wp-image-58273\" src=\"https:\/\/www.impactreal.ro\/wp-content\/uploads\/2026\/08\/orlesti-02-300x225.jpg\" alt width=\"300\" height=\"225\"><img decoding=\"async\" loading=\"lazy\" class=\"alignnone size-medium wp-image-58274\" src=\"https:\/\/www.impactreal.ro\/wp-content\/uploads\/2026\/08\/orlesti-03-300x225.jpg\" alt width=\"300\" height=\"225\"><img decoding=\"async\" loading=\"lazy\" class=\"alignnone size-medium wp-image-58275\" src=\"https:\/\/www.impactreal.ro\/wp-content\/uploads\/2026\/08\/orlesti-04-300x225.jpg\" alt width=\"300\" height=\"225\"><img decoding=\"async\" loading=\"lazy\" class=\"alignnone size-medium wp-image-58276\" src=\"https:\/\/www.impactreal.ro\/wp-content\/uploads\/2026\/08\/orlesti-05-300x225.jpg\" alt width=\"300\" height=\"225\"><img decoding=\"async\" loading=\"lazy\" class=\"alignnone size-medium wp-image-58277\" src=\"https:\/\/www.impactreal.ro\/wp-content\/uploads\/2026\/08\/orlesti-07-300x225.jpg\" alt width=\"300\" height=\"225\"><img decoding=\"async\" loading=\"lazy\" class=\"alignnone size-medium wp-image-58278\" src=\"https:\/\/www.impactreal.ro\/wp-content\/uploads\/2026\/08\/orlesti-011-300x225.jpg\" alt width=\"300\" height=\"225\"><img decoding=\"async\" loading=\"lazy\" class=\"alignnone size-medium wp-image-58279\" src=\"https:\/\/www.impactreal.ro\/wp-content\/uploads\/2026\/08\/orlesti-0133-300x225.jpg\" alt width=\"300\" height=\"225\"><img decoding=\"async\" loading=\"lazy\" class=\"alignnone size-medium wp-image-58281\" src=\"https:\/\/www.impactreal.ro\/wp-content\/uploads\/2026\/08\/orlesti-0166-300x225.jpg\" alt width=\"300\" height=\"225\"><img decoding=\"async\" loading=\"lazy\" class=\"alignnone size-medium wp-image-58282\" src=\"https:\/\/www.impactreal.ro\/wp-content\/uploads\/2026\/08\/orlesti-01222-300x225.jpg\" alt width=\"300\" height=\"225\"><img decoding=\"async\" loading=\"lazy\" class=\"alignnone size-medium wp-image-58283\" src=\"https:\/\/www.impactreal.ro\/wp-content\/uploads\/2026\/08\/orlesti-01444-300x225.jpg\" alt width=\"300\" height=\"225\"><img decoding=\"async\" loading=\"lazy\" class=\"alignnone size-medium wp-image-58284\" src=\"https:\/\/www.impactreal.ro\/wp-content\/uploads\/2026\/08\/orlesti-01666-300x225.jpg\" alt width=\"300\" height=\"225\"><img decoding=\"async\" loading=\"lazy\" class=\"alignnone size-medium wp-image-58285\" src=\"https:\/\/www.impactreal.ro\/wp-content\/uploads\/2026\/08\/orlesti-01888-300x225.jpg\" alt width=\"300\" height=\"225\"><img decoding=\"async\" loading=\"lazy\" class=\"alignnone size-medium wp-image-58286\" src=\"https:\/\/www.impactreal.ro\/wp-content\/uploads\/2026\/08\/orlesti-01999-300x225.jpg\" alt width=\"300\" height=\"225\"><\/p>\n<\/div>\n<div class=\"news-content editor-content-entry\">\n<p><em>Centrul \u201eSf\u00e2nta Marie\u201d din Orle\u0219ti va fi deschis oficial pe 8 septembrie, de Sf\u00e2nta Maria Mic\u0103. Cl\u0103direa este preg\u0103tit\u0103 pentru primirea beneficiarilor, iar echipa care va lucra aici \u00eencepe s\u0103 prind\u0103 contur. Cel pu\u021bin 100 de persoane vor avea acces la consulta\u021bii medicale, recuperare, \u00eengrijire la domiciliu, consiliere \u0219i hran\u0103 cald\u0103.<\/em><\/p>\n<p><strong><u>Cur\u0103\u021benie \u00een fiecare \u00eenc\u0103pere<\/u><\/strong><\/p>\n<p>\u00cen cl\u0103dire se fac ultimele preg\u0103tiri \u00eenaintea deschiderii. \u00cenc\u0103perile sunt aerisite, praful este \u0219ters, mobilierul este cur\u0103\u021bat, iar dot\u0103rile sunt verificate pentru ca activitatea s\u0103 poat\u0103 \u00eencepe \u00een condi\u021bii bune.<\/p>\n<p>Cabinetele au aparatur\u0103 medical\u0103, iar sala de kinetoterapie este echipat\u0103 cu spaliere, biciclete ergonomice, benzi de mers, mingi medicinale \u0219i greut\u0103\u021bi u\u0219oare. Centrul are \u0219i cabinete de consiliere, amenajate cu birouri \u0219i fotolii, unde vor avea loc discu\u021bii cu asistentul social \u0219i \u0219edin\u021be de terapie.<\/p>\n<p>Conducerea centrului a fost preluat\u0103 de medicul Mircea Miu, fost director al Spitalului Municipal Dr\u0103g\u0103\u0219ani. G\u0103sirea unui \u0219ef de centru era obligatorie pentru \u00eenceperea activit\u0103\u021bii, iar experien\u021ba acestuia va conta \u00een organizarea serviciilor medicale \u0219i sociale.<\/p>\n<p><strong><u>Medici \u0219i recuperare<\/u><\/strong><\/p>\n<p>Echipa de speciali\u0219ti cuprinde dou\u0103 asistente medicale, un fizioterapeut, un medic de medicin\u0103 intern\u0103 \u0219i doi medici specializa\u021bi \u00een recuperare, medicin\u0103 fizic\u0103 \u0219i balneologie.<\/p>\n<p>\u201e<em><strong>\u00cempreun\u0103 cu domnul doctor Miu, vrem s\u0103 dezvolt\u0103m mai multe cabinete medicale, astfel \u00eenc\u00e2t centrul s\u0103 ofere servicii apropiate de cele ale unei policlinici. Ne dorim s\u0103 aducem la Orle\u0219ti \u0219i un medic cardiolog, precum \u0219i un medic diabetolog.<\/strong><\/em>\u201d, ne-a declarat primarul<\/p>\n<p><strong><u>Sprijin acordat acas\u0103<\/u><\/strong><\/p>\n<p>Persoanele care nu se pot deplasa vor primi \u00eengrijire la domiciliu. Angaja\u021bii centrului vor ajunge la acestea cu ma\u0219ina de serviciu aflat\u0103 \u00een dotare.<\/p>\n<p>Primarul ne spune c\u0103, pentru func\u021bionarea complet\u0103 a centrului, au fost prev\u0103zute 13 posturi. P\u00e2n\u0103 acum au fost angaja\u021bi un buc\u0103tar, dou\u0103 asistente medicale, un fizioterapeut \u0219i un \u0219ef de centru. Echipa trebuie completat\u0103 cu asisten\u021bi sociali. Medicii vor lucra \u00een baza unor contracte de colaborare.<\/p>\n<p>\u201d<em><strong>Conform datelor existente, cel pu\u021bin 100 de persoane vor folosi serviciile oferite la Orle\u0219ti. Num\u0103rul acestora poate cre\u0219te dup\u0103 \u00eenceperea activit\u0103\u021bii \u0219i identificarea tuturor cazurilor care au nevoie de ajutor\u201d<\/strong><\/em> ne-a declarat primarul.<\/p>\n<p><strong><u>Cantin\u0103 social\u0103<\/u><\/strong><\/p>\n<p>Centrul va avea o cantin\u0103 social\u0103 pentru persoanele v\u00e2rstnice \u0219i neputincioase care nu \u00ee\u0219i mai pot preg\u0103ti singure m\u00e2ncarea. Cei care se pot deplasa vor veni \u00een sala de mese pentru a servi o mas\u0103 cald\u0103. Hrana va fi transportat\u0103 la domiciliul celor care nu pot ajunge aici.<\/p>\n<p>Buc\u0103t\u0103ria este dotat\u0103 cu frigidere, cuptoare cu microunde, ma\u0219in\u0103 de sp\u0103lat vase \u0219i echipamente pentru p\u0103strarea m\u00e2nc\u0103rii calde. Sala de mese este luminoas\u0103 \u0219i are mobilier potrivit pentru servirea pr\u00e2nzului \u0219i a gust\u0103rilor:\u00a0 \u00a0\u201e<strong><em>Denumirea \u00abSf\u00e2nta Marie\u00bb \u0219i data deschiderii au o semnifica\u021bie aparte pentru mine. Centrul este construit l\u00e2ng\u0103 biserica satului, iar inaugurarea din 8 septembrie are loc dup\u0103 mai multe dificult\u0103\u021bi \u00eent\u00e2mpinate pe parcursul proiectului. Vrem s\u0103 facem o treab\u0103 bun\u0103 \u0219i s\u0103 oferim servicii medicale de care oamenii au nevoie. Sunt bunicii no\u0219tri \u0219i trebuie s\u0103 avem grij\u0103 de ei<\/em><\/strong>\u201d, a declarat primarul comunei Orle\u0219ti, Constantin C\u00eerstina.<\/p>\n<p><strong><em><u>Curtea centrului seam\u0103n\u0103 cu un mic parc, cu alei pentru plimbare \u0219i b\u0103nci a\u0219ezate printre flori. \u00a0Au fost plantate multe flori, a\u0219a cum \u00eei place primarului Constantin C\u00eerstina s\u0103 fie amenajate spa\u021biile publice din Orle\u0219ti.<\/u><\/em><\/strong><\/p>\n<p>\u00a0<\/p>\n<p><img loading=\"lazy\" decoding=\"async\" class=\"alignnone size-medium wp-image-58268\" src=\"https:\/\/www.impactreal.ro\/wp-content\/uploads\/2026\/08\/orlesti-01-300x225.jpg\" alt width=\"300\" height=\"225\"><img loading=\"lazy\" decoding=\"async\" class=\"alignnone size-medium wp-image-58269\" src=\"https:\/\/www.impactreal.ro\/wp-content\/uploads\/2026\/08\/orlesti-01ggg-300x225.jpg\" alt width=\"300\" height=\"225\"> \u00a0<img decoding=\"async\" loading=\"lazy\" class=\"alignnone size-medium wp-image-58271\" src=\"https:\/\/www.impactreal.ro\/wp-content\/uploads\/2026\/08\/orlesti-01p-300x225.jpg\" alt width=\"300\" height=\"225\"><img decoding=\"async\" loading=\"lazy\" class=\"alignnone size-medium wp-image-58272\" src=\"https:\/\/www.impactreal.ro\/wp-content\/uploads\/2026\/08\/orlesti-01uu-300x225.jpg\" alt width=\"300\" height=\"225\"><img decoding=\"async\" loading=\"lazy\" class=\"alignnone size-medium wp-image-58273\" src=\"https:\/\/www.impactreal.ro\/wp-content\/uploads\/2026\/08\/orlesti-02-300x225.jpg\" alt width=\"300\" height=\"225\"><img decoding=\"async\" loading=\"lazy\" class=\"alignnone size-medium wp-image-58274\" src=\"https:\/\/www.impactreal.ro\/wp-content\/uploads\/2026\/08\/orlesti-03-300x225.jpg\" alt width=\"300\" height=\"225\"><img decoding=\"async\" loading=\"lazy\" class=\"alignnone size-medium wp-image-58275\" src=\"https:\/\/www.impactreal.ro\/wp-content\/uploads\/2026\/08\/orlesti-04-300x225.jpg\" alt width=\"300\" height=\"225\"><img decoding=\"async\" loading=\"lazy\" class=\"alignnone size-medium wp-image-58276\" src=\"https:\/\/www.impactreal.ro\/wp-content\/uploads\/2026\/08\/orlesti-05-300x225.jpg\" alt width=\"300\" height=\"225\"><img decoding=\"async\" loading=\"lazy\" class=\"alignnone size-medium wp-image-58277\" src=\"https:\/\/www.impactreal.ro\/wp-content\/uploads\/2026\/08\/orlesti-07-300x225.jpg\" alt width=\"300\" height=\"225\"><img decoding=\"async\" loading=\"lazy\" class=\"alignnone size-medium wp-image-58278\" src=\"https:\/\/www.impactreal.ro\/wp-content\/uploads\/2026\/08\/orlesti-011-300x225.jpg\" alt width=\"300\" height=\"225\"><img decoding=\"async\" loading=\"lazy\" class=\"alignnone size-medium wp-image-58279\" src=\"https:\/\/www.impactreal.ro\/wp-content\/uploads\/2026\/08\/orlesti-0133-300x225.jpg\" alt width=\"300\" height=\"225\"><img decoding=\"async\" loading=\"lazy\" class=\"alignnone size-medium wp-image-58281\" src=\"https:\/\/www.impactreal.ro\/wp-content\/uploads\/2026\/08\/orlesti-0166-300x225.jpg\" alt width=\"300\" height=\"225\"><img decoding=\"async\" loading=\"lazy\" class=\"alignnone size-medium wp-image-58282\" src=\"https:\/\/www.impactreal.ro\/wp-content\/uploads\/2026\/08\/orlesti-01222-300x225.jpg\" alt width=\"300\" height=\"225\"><img decoding=\"async\" loading=\"lazy\" class=\"alignnone size-medium wp-image-58283\" src=\"https:\/\/www.impactreal.ro\/wp-content\/uploads\/2026\/08\/orlesti-01444-300x225.jpg\" alt width=\"300\" height=\"225\"><img decoding=\"async\" loading=\"lazy\" class=\"alignnone size-medium wp-image-58284\" src=\"https:\/\/www.impactreal.ro\/wp-content\/uploads\/2026\/08\/orlesti-01666-300x225.jpg\" alt width=\"300\" height=\"225\"><img decoding=\"async\" loading=\"lazy\" class=\"alignnone size-medium wp-image-58285\" src=\"https:\/\/www.impactreal.ro\/wp-content\/uploads\/2026\/08\/orlesti-01888-300x225.jpg\" alt width=\"300\" height=\"225\"><img decoding=\"async\" loading=\"lazy\" class=\"alignnone size-medium wp-image-58286\" src=\"https:\/\/www.impactreal.ro\/wp-content\/uploads\/2026\/08\/orlesti-01999-300x225.jpg\" alt width=\"300\" height=\"225\"><\/p>\n<\/div>\n<p>[analyse_source url=&#8221;https:\/\/www.impactreal.ro\/2026\/08\/17\/pe-8-septembrie-se-deschide-centrul-sfanta-marie-din-orlesti-medici-recuperare-ingrijire-la-domiciliu-si-masa-calda-pentru-persoanele-varstnice\/&#8221;]<\/p>\n","protected":false},"excerpt":{"rendered":"<p>[analyse_image type=&#8221;featured&#8221; src=&#8221;https:\/\/www.impactreal.ro\/wp-content\/uploads\/2026\/08\/colaj_orizontal_centrul_social.jpg&#8221;] 17 august 202617 august 2026Claudia SchiopuAdministra\u0163ieOrlesti Centrul \u201eSf\u00e2nta Marie\u201d din Orle\u0219ti va fi deschis oficial pe 8 septembrie, de Sf\u00e2nta Maria Mic\u0103. Cl\u0103direa este preg\u0103tit\u0103 pentru primirea beneficiarilor, iar echipa care va lucra aici \u00eencepe s\u0103 prind\u0103 contur. Cel pu\u021bin 100 de persoane vor avea acces la consulta\u021bii medicale, recuperare, \u00eengrijire la [&hellip;]<\/p>\n","protected":false},"author":1,"featured_media":0,"comment_status":"open","ping_status":"","sticky":false,"template":"","format":"standard","meta":{"footnotes":""},"categories":[89],"tags":[226,212],"class_list":["post-2098694","post","type-post","status-publish","format-standard","hentry","category-romania","tag-crawlmanager","tag-impactreal-ro"],"_links":{"self":[{"href":"https:\/\/analyse.optim.biz\/index.php?rest_route=\/wp\/v2\/posts\/2098694","targetHints":{"allow":["GET"]}}],"collection":[{"href":"https:\/\/analyse.optim.biz\/index.php?rest_route=\/wp\/v2\/posts"}],"about":[{"href":"https:\/\/analyse.optim.biz\/index.php?rest_route=\/wp\/v2\/types\/post"}],"author":[{"embeddable":true,"href":"https:\/\/analyse.optim.biz\/index.php?rest_route=\/wp\/v2\/users\/1"}],"replies":[{"embeddable":true,"href":"https:\/\/analyse.optim.biz\/index.php?rest_route=%2Fwp%2Fv2%2Fcomments&post=2098694"}],"version-history":[{"count":0,"href":"https:\/\/analyse.optim.biz\/index.php?rest_route=\/wp\/v2\/posts\/2098694\/revisions"}],"wp:attachment":[{"href":"https:\/\/analyse.optim.biz\/index.php?rest_route=%2Fwp%2Fv2%2Fmedia&parent=2098694"}],"wp:term":[{"taxonomy":"category","embeddable":true,"href":"https:\/\/analyse.optim.biz\/index.php?rest_route=%2Fwp%2Fv2%2Fcategories&post=2098694"},{"taxonomy":"post_tag","embeddable":true,"href":"https:\/\/analyse.optim.biz\/index.php?rest_route=%2Fwp%2Fv2%2Ftags&post=2098694"}],"curies":[{"name":"wp","href":"https:\/\/api.w.org\/{rel}","templated":true}]}}