{"id":2098692,"date":"2026-08-17T18:30:53","date_gmt":"2026-08-17T15:30:53","guid":{"rendered":"https:\/\/analyse.optim.biz\/?p=2098692"},"modified":"2026-08-17T18:30:53","modified_gmt":"2026-08-17T15:30:53","slug":"duminica-23-august-sarbatoare-la-scundu-primarul-mihaita-blejan-ii-invita-pe-localnici-si-nu-numai-la-traditii-si-obiceiuri-stramosesti","status":"publish","type":"post","link":"https:\/\/analyse.optim.biz\/?p=2098692","title":{"rendered":"Duminic\u0103, 23 august, s\u0103rb\u0103toare la Scundu. Primarul Mih\u0103i\u021b\u0103 Blejan \u00eei invit\u0103 pe localnici \u0219i nu numai la \u201eTradi\u021bii \u0219i obiceiuri str\u0103mo\u0219e\u0219ti\u201d"},"content":{"rendered":"<p>[analyse_image type=&#8221;featured&#8221; src=&#8221;https:\/\/www.impactreal.ro\/wp-content\/uploads\/2026\/08\/b599556d-f2d7-41bb-bbfd-5a3490463381-1024&#215;576.png&#8221;]<\/p>\n<div class=\"single-news-content\">\n<div class=\"news-image\"><img loading=\"lazy\" decoding=\"async\" width=\"1672\" height=\"941\" src=\"https:\/\/www.impactreal.ro\/wp-content\/uploads\/2026\/08\/b599556d-f2d7-41bb-bbfd-5a3490463381.png\" class=\"img-responsive wp-post-image\" alt=\"Duminic\u0103, 23 august, s\u0103rb\u0103toare la Scundu. Primarul Mih\u0103i\u021b\u0103 Blejan \u00eei invit\u0103 pe localnici \u0219i nu numai la \u201eTradi\u021bii \u0219i obiceiuri str\u0103mo\u0219e\u0219ti\u201d\"><\/div>\n<div class=\"news-detail clearfix\">\n<div class=\"entry-meta\"><span class=\"posted-date\"><a href=\"https:\/\/www.impactreal.ro\/2026\/08\/17\/duminica-23-august-sarbatoare-la-scundu-primarul-mihaita-blejan-ii-invita-pe-localnici-si-nu-numai-la-traditii-si-obiceiuri-stramosesti\/\" rel=\"bookmark\"><time class=\"entry-date published updated\" datetime=\"2026-08-17T21:30:53+03:00\">17 august 2026<\/time><\/a><\/span><span class=\"author vcard\"><a href=\"https:\/\/www.impactreal.ro\/author\/claudia-schiopu\/\">Claudia Schiopu<\/a><\/span><span class=\"cat-links\"><a href=\"https:\/\/www.impactreal.ro\/category\/administratie\/\" rel=\"category tag\">Administra\u0163ie<\/a><a href=\"https:\/\/www.impactreal.ro\/category\/scundu\/\" rel=\"category tag\">Scundu<\/a><\/span><\/div>\n<div class=\"news-content editor-content-entry\">\n<p><em>\u00cen comuna Scundu va avea loc duminic\u0103, 23 august 2026, cea de-a patra edi\u021bie a evenimentului \u201eTradi\u021bii \u0219i obiceiuri str\u0103mo\u0219e\u0219ti\u201d. S\u0103rb\u0103toarea se va desf\u0103\u0219ura pe Stadionul Comunal, \u00eentre orele 12.00 \u0219i 20.00. Primarul Mih\u0103i\u021b\u0103 Blejan \u00eei invit\u0103 pe to\u021bi cet\u0103\u021benii \u0219i nu numai s\u0103 participe la programul preg\u0103tit pentru aceast\u0103 zi.<\/em><\/p>\n<p><strong><u>S\u0103rb\u0103toare pe stadion<\/u><\/strong><\/p>\n<p>Locuitorii comunei Scundu se vor \u00eent\u00e2lni duminic\u0103 la s\u0103rb\u0103toarea dedicat\u0103 tradi\u021biilor \u0219i obiceiurilor p\u0103strate \u00een localitate. Evenimentul ajunge anul acesta la edi\u021bia a IV-a \u0219i va reuni mai multe momente artistice.<\/p>\n<p><strong><u>Ilie Dur\u0103<\/u><\/strong> se afl\u0103 pe afi\u0219ul s\u0103rb\u0103torii, al\u0103turi de Forma\u021bia Gala\u021bi. Copiii satului vor urca pe scen\u0103 cu momente preg\u0103tite special pentru publicul prezent.<\/p>\n<p>Programul va \u00eencepe la ora 12.00 \u0219i va continua p\u00e2n\u0103 la ora 20.00, pe Stadionul Comunal din Scundu.<\/p>\n<p><strong><u>Invita\u021bia primarului<\/u><\/strong><\/p>\n<p>Primarul comunei Scundu, Mih\u0103i\u021b\u0103 Blejan, \u00eei invit\u0103 pe localnici \u0219i pe oaspe\u021bii din alte localit\u0103\u021bi s\u0103 participe la s\u0103rb\u0103toarea comunei: \u201e<strong><em>\u00cei invit pe to\u021bi cet\u0103\u021benii comunei Scundu \u0219i nu numai s\u0103 fie al\u0103turi de noi duminic\u0103, 23 august, la aceast\u0103 s\u0103rb\u0103toare\u201d<\/em><\/strong>, a transmis primarul Mih\u0103i\u021b\u0103 Blejan.<\/p>\n<p>\u00a0<\/p>\n<\/div>\n<\/div>\n<\/div>\n<div class=\"news-content editor-content-entry\">\n<p><em>\u00cen comuna Scundu va avea loc duminic\u0103, 23 august 2026, cea de-a patra edi\u021bie a evenimentului \u201eTradi\u021bii \u0219i obiceiuri str\u0103mo\u0219e\u0219ti\u201d. S\u0103rb\u0103toarea se va desf\u0103\u0219ura pe Stadionul Comunal, \u00eentre orele 12.00 \u0219i 20.00. Primarul Mih\u0103i\u021b\u0103 Blejan \u00eei invit\u0103 pe to\u021bi cet\u0103\u021benii \u0219i nu numai s\u0103 participe la programul preg\u0103tit pentru aceast\u0103 zi.<\/em><\/p>\n<p><strong><u>S\u0103rb\u0103toare pe stadion<\/u><\/strong><\/p>\n<p>Locuitorii comunei Scundu se vor \u00eent\u00e2lni duminic\u0103 la s\u0103rb\u0103toarea dedicat\u0103 tradi\u021biilor \u0219i obiceiurilor p\u0103strate \u00een localitate. Evenimentul ajunge anul acesta la edi\u021bia a IV-a \u0219i va reuni mai multe momente artistice.<\/p>\n<p><strong><u>Ilie Dur\u0103<\/u><\/strong> se afl\u0103 pe afi\u0219ul s\u0103rb\u0103torii, al\u0103turi de Forma\u021bia Gala\u021bi. Copiii satului vor urca pe scen\u0103 cu momente preg\u0103tite special pentru publicul prezent.<\/p>\n<p>Programul va \u00eencepe la ora 12.00 \u0219i va continua p\u00e2n\u0103 la ora 20.00, pe Stadionul Comunal din Scundu.<\/p>\n<p><strong><u>Invita\u021bia primarului<\/u><\/strong><\/p>\n<p>Primarul comunei Scundu, Mih\u0103i\u021b\u0103 Blejan, \u00eei invit\u0103 pe localnici \u0219i pe oaspe\u021bii din alte localit\u0103\u021bi s\u0103 participe la s\u0103rb\u0103toarea comunei: \u201e<strong><em>\u00cei invit pe to\u021bi cet\u0103\u021benii comunei Scundu \u0219i nu numai s\u0103 fie al\u0103turi de noi duminic\u0103, 23 august, la aceast\u0103 s\u0103rb\u0103toare\u201d<\/em><\/strong>, a transmis primarul Mih\u0103i\u021b\u0103 Blejan.<\/p>\n<p>\u00a0<\/p>\n<\/div>\n<div class=\"news-content editor-content-entry\">\n<p><em>\u00cen comuna Scundu va avea loc duminic\u0103, 23 august 2026, cea de-a patra edi\u021bie a evenimentului \u201eTradi\u021bii \u0219i obiceiuri str\u0103mo\u0219e\u0219ti\u201d. S\u0103rb\u0103toarea se va desf\u0103\u0219ura pe Stadionul Comunal, \u00eentre orele 12.00 \u0219i 20.00. Primarul Mih\u0103i\u021b\u0103 Blejan \u00eei invit\u0103 pe to\u021bi cet\u0103\u021benii \u0219i nu numai s\u0103 participe la programul preg\u0103tit pentru aceast\u0103 zi.<\/em><\/p>\n<p><strong><u>S\u0103rb\u0103toare pe stadion<\/u><\/strong><\/p>\n<p>Locuitorii comunei Scundu se vor \u00eent\u00e2lni duminic\u0103 la s\u0103rb\u0103toarea dedicat\u0103 tradi\u021biilor \u0219i obiceiurilor p\u0103strate \u00een localitate. Evenimentul ajunge anul acesta la edi\u021bia a IV-a \u0219i va reuni mai multe momente artistice.<\/p>\n<p><strong><u>Ilie Dur\u0103<\/u><\/strong> se afl\u0103 pe afi\u0219ul s\u0103rb\u0103torii, al\u0103turi de Forma\u021bia Gala\u021bi. Copiii satului vor urca pe scen\u0103 cu momente preg\u0103tite special pentru publicul prezent.<\/p>\n<p>Programul va \u00eencepe la ora 12.00 \u0219i va continua p\u00e2n\u0103 la ora 20.00, pe Stadionul Comunal din Scundu.<\/p>\n<p><strong><u>Invita\u021bia primarului<\/u><\/strong><\/p>\n<p>Primarul comunei Scundu, Mih\u0103i\u021b\u0103 Blejan, \u00eei invit\u0103 pe localnici \u0219i pe oaspe\u021bii din alte localit\u0103\u021bi s\u0103 participe la s\u0103rb\u0103toarea comunei: \u201e<strong><em>\u00cei invit pe to\u021bi cet\u0103\u021benii comunei Scundu \u0219i nu numai s\u0103 fie al\u0103turi de noi duminic\u0103, 23 august, la aceast\u0103 s\u0103rb\u0103toare\u201d<\/em><\/strong>, a transmis primarul Mih\u0103i\u021b\u0103 Blejan.<\/p>\n<p>\u00a0<\/p>\n<\/div>\n<p>[analyse_source url=&#8221;https:\/\/www.impactreal.ro\/2026\/08\/17\/duminica-23-august-sarbatoare-la-scundu-primarul-mihaita-blejan-ii-invita-pe-localnici-si-nu-numai-la-traditii-si-obiceiuri-stramosesti\/&#8221;]<\/p>\n","protected":false},"excerpt":{"rendered":"<p>[analyse_image type=&#8221;featured&#8221; src=&#8221;https:\/\/www.impactreal.ro\/wp-content\/uploads\/2026\/08\/b599556d-f2d7-41bb-bbfd-5a3490463381-1024&#215;576.png&#8221;] 17 august 2026Claudia SchiopuAdministra\u0163ieScundu \u00cen comuna Scundu va avea loc duminic\u0103, 23 august 2026, cea de-a patra edi\u021bie a evenimentului \u201eTradi\u021bii \u0219i obiceiuri str\u0103mo\u0219e\u0219ti\u201d. S\u0103rb\u0103toarea se va desf\u0103\u0219ura pe Stadionul Comunal, \u00eentre orele 12.00 \u0219i 20.00. Primarul Mih\u0103i\u021b\u0103 Blejan \u00eei invit\u0103 pe to\u021bi cet\u0103\u021benii \u0219i nu numai s\u0103 participe la programul preg\u0103tit [&hellip;]<\/p>\n","protected":false},"author":1,"featured_media":0,"comment_status":"open","ping_status":"","sticky":false,"template":"","format":"standard","meta":{"footnotes":""},"categories":[89],"tags":[226,212],"class_list":["post-2098692","post","type-post","status-publish","format-standard","hentry","category-romania","tag-crawlmanager","tag-impactreal-ro"],"_links":{"self":[{"href":"https:\/\/analyse.optim.biz\/index.php?rest_route=\/wp\/v2\/posts\/2098692","targetHints":{"allow":["GET"]}}],"collection":[{"href":"https:\/\/analyse.optim.biz\/index.php?rest_route=\/wp\/v2\/posts"}],"about":[{"href":"https:\/\/analyse.optim.biz\/index.php?rest_route=\/wp\/v2\/types\/post"}],"author":[{"embeddable":true,"href":"https:\/\/analyse.optim.biz\/index.php?rest_route=\/wp\/v2\/users\/1"}],"replies":[{"embeddable":true,"href":"https:\/\/analyse.optim.biz\/index.php?rest_route=%2Fwp%2Fv2%2Fcomments&post=2098692"}],"version-history":[{"count":0,"href":"https:\/\/analyse.optim.biz\/index.php?rest_route=\/wp\/v2\/posts\/2098692\/revisions"}],"wp:attachment":[{"href":"https:\/\/analyse.optim.biz\/index.php?rest_route=%2Fwp%2Fv2%2Fmedia&parent=2098692"}],"wp:term":[{"taxonomy":"category","embeddable":true,"href":"https:\/\/analyse.optim.biz\/index.php?rest_route=%2Fwp%2Fv2%2Fcategories&post=2098692"},{"taxonomy":"post_tag","embeddable":true,"href":"https:\/\/analyse.optim.biz\/index.php?rest_route=%2Fwp%2Fv2%2Ftags&post=2098692"}],"curies":[{"name":"wp","href":"https:\/\/api.w.org\/{rel}","templated":true}]}}