{"id":2098690,"date":"2026-08-18T06:27:35","date_gmt":"2026-08-18T03:27:35","guid":{"rendered":"https:\/\/analyse.optim.biz\/?p=2098690"},"modified":"2026-08-18T06:27:35","modified_gmt":"2026-08-18T03:27:35","slug":"dominic-fritz-dupa-decizia-ccr-daca-presedintele-va-promulga-legea-ani-mandatul-meu-de-primar-va-inceta-in-30-de-zile","status":"publish","type":"post","link":"https:\/\/analyse.optim.biz\/?p=2098690","title":{"rendered":"Dominic Fritz, dup\u0103 decizia CCR: \u201eDac\u0103 pre\u0219edintele va promulga legea ANI, mandatul meu de primar va \u00eenceta \u00een 30 de zile\u201d"},"content":{"rendered":"<p>[analyse_image type=&#8221;featured&#8221; src=&#8221;https:\/\/infovaslui.ro\/wp-content\/uploads\/2026\/08\/dominic-fritz.jpeg&#8221;]<\/p>\n<div class=\"tdb-block-inner td-fix-index\"><a class=\"tdb-logo-a\" href=\"https:\/\/infovaslui.ro\/\" title=\"INFO Vaslui\"><span class=\"tdb-logo-img-wrap\"><img loading=\"lazy\" decoding=\"async\" class=\"tdb-logo-img td-retina-data\" data-retina=\"https:\/\/infovaslui.ro\/wp-content\/uploads\/2024\/12\/Black-and-Yellow-Modern-Personal-Logo-4-e1734058775656.png\" src=\"https:\/\/infovaslui.ro\/wp-content\/uploads\/2024\/12\/Black-and-Yellow-Modern-Personal-Logo-4-e1734058775656.png\" alt=\"\u0218tiri din Vaslui\" title=\"INFO Vaslui\" width=\"157\" height=\"96\"><\/span><\/a><\/div>\n<div class=\"tdb-block-inner td-fix-index\"><a class=\"tdb-logo-a\" href=\"https:\/\/infovaslui.ro\/\" title=\"INFO Vaslui\"><span class=\"tdb-logo-img-wrap\"><img loading=\"lazy\" decoding=\"async\" class=\"tdb-logo-img td-retina-data\" data-retina=\"https:\/\/infovaslui.ro\/wp-content\/uploads\/2024\/12\/Black-and-Yellow-Modern-Personal-Logo-4-e1734058775656.png\" src=\"https:\/\/infovaslui.ro\/wp-content\/uploads\/2024\/12\/Black-and-Yellow-Modern-Personal-Logo-4-e1734058775656.png\" alt=\"\u0218tiri din Vaslui\" title=\"INFO Vaslui\" width=\"157\" height=\"96\"><\/span><\/a><\/div>\n<div class=\"tdb-block-inner td-fix-index\">\n<div class=\"tdb-head-date-txt\">mar\u021bi, august 18, 2026<\/div>\n<\/div>\n<div class=\"tdb-block-inner td-fix-index\"><a class=\"tdb-logo-a\" href=\"https:\/\/infovaslui.ro\/\" title=\"INFO Vaslui\"><span class=\"tdb-logo-img-wrap\"><img loading=\"lazy\" decoding=\"async\" class=\"tdb-logo-img td-retina-data\" data-retina=\"https:\/\/infovaslui.ro\/wp-content\/uploads\/2024\/12\/Black-and-Yellow-Modern-Personal-Logo-1-e1734054980362.png\" src=\"https:\/\/infovaslui.ro\/wp-content\/uploads\/2024\/12\/Black-and-Yellow-Modern-Personal-Logo-1-e1734054980362.png\" alt=\"\u0218tiri din Vaslui\" title=\"INFO Vaslui\" width=\"161\" height=\"99\"><\/span><\/a><\/div>\n<div class=\"tdb-block-inner td-fix-index\"><a class=\"tdb-logo-a\" href=\"https:\/\/infovaslui.ro\/\" title=\"INFO Vaslui\"><span class=\"tdb-logo-img-wrap\"><img loading=\"lazy\" decoding=\"async\" class=\"tdb-logo-img td-retina-data\" data-retina=\"https:\/\/infovaslui.ro\/wp-content\/uploads\/2024\/12\/Black-and-Yellow-Modern-Personal-Logo-1-e1734054980362.png\" src=\"https:\/\/infovaslui.ro\/wp-content\/uploads\/2024\/12\/Black-and-Yellow-Modern-Personal-Logo-1-e1734054980362.png\" alt=\"\u0218tiri din Vaslui\" title=\"INFO Vaslui\" width=\"161\" height=\"99\"><\/span><\/a><\/div>\n<div class=\"tdb-block-inner td-fix-index\"><span><a title class=\"tdb-entry-crumb\" href=\"https:\/\/infovaslui.ro\/\">Acas\u0103<\/a><\/span><span><a title=\"Vede\u021bi toate articolele \u00een Politic\u0103\" class=\"tdb-entry-crumb\" href=\"https:\/\/infovaslui.ro\/category\/politica\/\">Politic\u0103<\/a><\/span><span class=\"tdb-bred-no-url-last\">Dominic Fritz, dup\u0103 decizia CCR: \u201eDac\u0103 pre\u0219edintele va promulga legea ANI, mandatul&#8230;<\/span><\/div>\n<div class=\"tdb-block-inner td-fix-index\">\n<h1 class=\"tdb-title-text\">Dominic Fritz, dup\u0103 decizia CCR: \u201eDac\u0103 pre\u0219edintele va promulga legea ANI, mandatul meu de primar va \u00eenceta \u00een 30 de zile\u201d<\/h1>\n<\/div>\n<div class=\"tdb-block-inner td-fix-index\">\n<div class=\"tdb-author-name-wrap\"><span class=\"tdb-author-by\">Scris de: <\/span><a class=\"tdb-author-name\" href=\"https:\/\/infovaslui.ro\/author\/alexandru-ababei\/\">Alexandru Ababei<\/a><\/div>\n<\/div>\n<div class=\"tdb-block-inner td-fix-index\"><time class=\"entry-date updated td-module-date\" datetime=\"2026-08-18T09:27:35+03:00\">18 august 2026<\/time><\/div>\n<div class=\"td_block_wrap tdb_single_content tdi_106 td-pb-border-top td_block_template_1 td-post-content tagdiv-type\" data-td-block-uid=\"tdi_106\">\n<div class=\"tdb-block-inner td-fix-index\">\n<p><em><strong>Primarul Timi\u0219oarei \u0219i pre\u0219edintele USR, Dominic Fritz, a lansat acuza\u021bii extrem de dure dup\u0103 decizia Cur\u021bii Constitu\u021bionale privind legea ANI, sus\u021bin\u00e2nd c\u0103 aplicarea noilor prevederi i-ar putea aduce \u00eencetarea mandatului de primar \u00een termen de 30 de zile dac\u0103 legea va fi promulgat\u0103 de pre\u0219edintele Rom\u00e2niei. Fritz acuz\u0103 o aplicare retroactiv\u0103 a sanc\u021biunii \u0219i afirm\u0103 c\u0103 va continua disputa la Curtea European\u0103 a Drepturilor Omului.<\/strong><\/em><\/p>\n<p>\u00centr-o reac\u021bie publicat\u0103 dup\u0103 decizia CCR, Dominic Fritz sus\u021bine c\u0103 majoritatea din Curtea Constitu\u021bional\u0103 a validat ceea ce el consider\u0103 un \u201ebrutal abuz de putere\u201d.<\/p>\n<p>Primarul Timi\u0219oarei afirm\u0103 c\u0103 efectele legii \u00eel pot viza pentru o situa\u021bie produs\u0103 \u00een anul 2020, \u00eenainte de intrarea \u00een vigoare a noilor prevederi.<\/p>\n<p><em>\u201eDac\u0103 pre\u0219edintele va promulga legea ANI, mandatul meu de primar va \u00eenceta \u00een 30 zile, ca o sanc\u021biune retroactiv\u0103 pentru lucruri care s-au \u00eent\u00e2mplat \u00eenainte s\u0103 intre \u00een vigoare legea\u201d<\/em>, a transmis Dominic Fritz.<\/p>\n<h2>Fritz invoc\u0103 principiul neretroactivit\u0103\u021bii legii<\/h2>\n<p>Liderul USR \u00ee\u0219i construie\u0219te principala critic\u0103 \u00een jurul articolului 15 din Constitu\u021bia Rom\u00e2niei, potrivit c\u0103ruia legea dispune numai pentru viitor, cu excep\u021biile prev\u0103zute de Constitu\u021bie.<\/p>\n<p>Fritz sus\u021bine c\u0103 decizia creeaz\u0103 un precedent periculos \u0219i consider\u0103 c\u0103, \u00een acest mod, o majoritate parlamentar\u0103 ar putea introduce sanc\u021biuni care s\u0103 produc\u0103 efecte asupra unor situa\u021bii din trecut.<\/p>\n<p><em>\u201eArt. 15 din Constitu\u021bie, \u00ablegea dispune numai pentru viitor\u00bb, a fost suspendat azi pentru mine. M\u00e2ine poate fi suspendat pentru oricine\u201d<\/em>, afirm\u0103 pre\u0219edintele USR.<\/p>\n<p>Acestea reprezint\u0103 acuza\u021biile \u0219i interpretarea juridic\u0103 formulate de Dominic Fritz. Stabilirea efectelor exacte ale legii \u0219i a argumentelor pentru care CCR a considerat prevederile constitu\u021bionale trebuie raportat\u0103 la motivarea Cur\u021bii.<\/p>\n<h2>Atac dur la PSD<\/h2>\n<p>Mesajul lui Dominic Fritz dep\u0103\u0219e\u0219te disputa juridic\u0103 \u0219i se transform\u0103 \u00eentr-un atac politic direct la adresa PSD.<\/p>\n<p>Pre\u0219edintele USR acuz\u0103 partidul c\u0103 urm\u0103re\u0219te eliminarea sa din func\u021bia de primar \u0219i sus\u021bine c\u0103 decizia demonstreaz\u0103 c\u0103 nu mai poate exista o colaborare politic\u0103 cu PSD.<\/p>\n<p><em>\u201eZiua de azi spulber\u0103 orice iluzie c\u0103 exist\u0103 un PSD \u00abcurat, pro-european\u00bb cu care s-ar putea coabita\u201d<\/em>, afirm\u0103 Fritz.<\/p>\n<p>Liderul USR lanseaz\u0103 acuza\u021bii inclusiv privind influen\u021ba PSD asupra unor institu\u021bii ale statului, justi\u021biei \u0219i televiziunilor, precum \u0219i asupra Cur\u021bii Constitu\u021bionale.<\/p>\n<p>Fritz sus\u021bine, de asemenea, c\u0103 situa\u021bia ar putea ajunge \u00een aten\u021bia Comisiei Europene, f\u0103c\u00e2nd referire la un jalon asociat unei finan\u021b\u0103ri de 770 de milioane de euro.<\/p>\n<h2>Dominic Fritz anun\u021b\u0103 c\u0103 va merge la CEDO<\/h2>\n<p>Primarul Timi\u0219oarei spune c\u0103 nu inten\u021bioneaz\u0103 s\u0103 abandoneze disputa juridic\u0103 \u0219i anun\u021b\u0103 continuarea demersurilor la Curtea European\u0103 a Drepturilor Omului.<\/p>\n<p><em>\u201eDrumul meu continu\u0103 la CEDO, unde nu ajung telefoanele din Kiseleff. Nu m\u0103 voi lupta pentru mine, ci pentru votul liber dat de timi\u0219oreni\u201d<\/em>, a transmis Fritz.<\/p>\n<p>El prezint\u0103 astfel eventuala \u00eencetare a mandatului nu doar ca pe o problem\u0103 personal\u0103, ci ca pe una care prive\u0219te votul primit la alegerile locale.<\/p>\n<h2>De la ce a pornit cazul invocat de Fritz<\/h2>\n<p>\u00cen finalul mesajului, Dominic Fritz a oferit propria explica\u021bie asupra situa\u021biei care a generat disputa.<\/p>\n<p>Potrivit primarului, fapta care \u00eei este imputat\u0103 const\u0103 \u00een semnarea, \u00een a doua zi a mandatului s\u0103u din 2020, a unei dubluri a unui referat care fusese deja semnat de fostul primar \u0219i care privea un Plan Urbanistic Zonal elaborat \u00eenainte ca Fritz s\u0103 preia conducerea Prim\u0103riei Timi\u0219oara.<\/p>\n<p>Liderul USR sus\u021bine c\u0103 noile prevederi schimb\u0103 inclusiv regimul actelor normative precum PUZ-urile \u0219i c\u0103, dac\u0103 situa\u021bia sa ar fi analizat\u0103 acum dup\u0103 noile reguli, ANI nu ar mai putea constata conflictul de interese \u00een acelea\u0219i condi\u021bii.<\/p>\n<p>Din acest motiv, Fritz consider\u0103 paradoxal faptul c\u0103 o modificare legislativ\u0103 care, \u00een interpretarea sa, elimin\u0103 pentru viitor situa\u021bia care i-a fost imputat\u0103 ar putea introduce \u00een acela\u0219i timp o sanc\u021biune care s\u0103 produc\u0103 efecte asupra mandatului s\u0103u actual.<\/p>\n<p><em>\u201eO lege care elimin\u0103 fapta \u00een viitor, dar inventeaz\u0103 o nou\u0103 sanc\u021biune pentru cei care presupus au comis-o \u00een trecut\u201d<\/em>, a afirmat Dominic Fritz.<\/p>\n<\/div>\n<\/div>\n<div class=\"tdb-block-inner td-fix-index\">\n<p><em><strong>Primarul Timi\u0219oarei \u0219i pre\u0219edintele USR, Dominic Fritz, a lansat acuza\u021bii extrem de dure dup\u0103 decizia Cur\u021bii Constitu\u021bionale privind legea ANI, sus\u021bin\u00e2nd c\u0103 aplicarea noilor prevederi i-ar putea aduce \u00eencetarea mandatului de primar \u00een termen de 30 de zile dac\u0103 legea va fi promulgat\u0103 de pre\u0219edintele Rom\u00e2niei. Fritz acuz\u0103 o aplicare retroactiv\u0103 a sanc\u021biunii \u0219i afirm\u0103 c\u0103 va continua disputa la Curtea European\u0103 a Drepturilor Omului.<\/strong><\/em><\/p>\n<p>\u00centr-o reac\u021bie publicat\u0103 dup\u0103 decizia CCR, Dominic Fritz sus\u021bine c\u0103 majoritatea din Curtea Constitu\u021bional\u0103 a validat ceea ce el consider\u0103 un \u201ebrutal abuz de putere\u201d.<\/p>\n<p>Primarul Timi\u0219oarei afirm\u0103 c\u0103 efectele legii \u00eel pot viza pentru o situa\u021bie produs\u0103 \u00een anul 2020, \u00eenainte de intrarea \u00een vigoare a noilor prevederi.<\/p>\n<p><em>\u201eDac\u0103 pre\u0219edintele va promulga legea ANI, mandatul meu de primar va \u00eenceta \u00een 30 zile, ca o sanc\u021biune retroactiv\u0103 pentru lucruri care s-au \u00eent\u00e2mplat \u00eenainte s\u0103 intre \u00een vigoare legea\u201d<\/em>, a transmis Dominic Fritz.<\/p>\n<h2>Fritz invoc\u0103 principiul neretroactivit\u0103\u021bii legii<\/h2>\n<p>Liderul USR \u00ee\u0219i construie\u0219te principala critic\u0103 \u00een jurul articolului 15 din Constitu\u021bia Rom\u00e2niei, potrivit c\u0103ruia legea dispune numai pentru viitor, cu excep\u021biile prev\u0103zute de Constitu\u021bie.<\/p>\n<p>Fritz sus\u021bine c\u0103 decizia creeaz\u0103 un precedent periculos \u0219i consider\u0103 c\u0103, \u00een acest mod, o majoritate parlamentar\u0103 ar putea introduce sanc\u021biuni care s\u0103 produc\u0103 efecte asupra unor situa\u021bii din trecut.<\/p>\n<p><em>\u201eArt. 15 din Constitu\u021bie, \u00ablegea dispune numai pentru viitor\u00bb, a fost suspendat azi pentru mine. M\u00e2ine poate fi suspendat pentru oricine\u201d<\/em>, afirm\u0103 pre\u0219edintele USR.<\/p>\n<p>Acestea reprezint\u0103 acuza\u021biile \u0219i interpretarea juridic\u0103 formulate de Dominic Fritz. Stabilirea efectelor exacte ale legii \u0219i a argumentelor pentru care CCR a considerat prevederile constitu\u021bionale trebuie raportat\u0103 la motivarea Cur\u021bii.<\/p>\n<h2>Atac dur la PSD<\/h2>\n<p>Mesajul lui Dominic Fritz dep\u0103\u0219e\u0219te disputa juridic\u0103 \u0219i se transform\u0103 \u00eentr-un atac politic direct la adresa PSD.<\/p>\n<p>Pre\u0219edintele USR acuz\u0103 partidul c\u0103 urm\u0103re\u0219te eliminarea sa din func\u021bia de primar \u0219i sus\u021bine c\u0103 decizia demonstreaz\u0103 c\u0103 nu mai poate exista o colaborare politic\u0103 cu PSD.<\/p>\n<p><em>\u201eZiua de azi spulber\u0103 orice iluzie c\u0103 exist\u0103 un PSD \u00abcurat, pro-european\u00bb cu care s-ar putea coabita\u201d<\/em>, afirm\u0103 Fritz.<\/p>\n<p>Liderul USR lanseaz\u0103 acuza\u021bii inclusiv privind influen\u021ba PSD asupra unor institu\u021bii ale statului, justi\u021biei \u0219i televiziunilor, precum \u0219i asupra Cur\u021bii Constitu\u021bionale.<\/p>\n<p>Fritz sus\u021bine, de asemenea, c\u0103 situa\u021bia ar putea ajunge \u00een aten\u021bia Comisiei Europene, f\u0103c\u00e2nd referire la un jalon asociat unei finan\u021b\u0103ri de 770 de milioane de euro.<\/p>\n<h2>Dominic Fritz anun\u021b\u0103 c\u0103 va merge la CEDO<\/h2>\n<p>Primarul Timi\u0219oarei spune c\u0103 nu inten\u021bioneaz\u0103 s\u0103 abandoneze disputa juridic\u0103 \u0219i anun\u021b\u0103 continuarea demersurilor la Curtea European\u0103 a Drepturilor Omului.<\/p>\n<p><em>\u201eDrumul meu continu\u0103 la CEDO, unde nu ajung telefoanele din Kiseleff. Nu m\u0103 voi lupta pentru mine, ci pentru votul liber dat de timi\u0219oreni\u201d<\/em>, a transmis Fritz.<\/p>\n<p>El prezint\u0103 astfel eventuala \u00eencetare a mandatului nu doar ca pe o problem\u0103 personal\u0103, ci ca pe una care prive\u0219te votul primit la alegerile locale.<\/p>\n<h2>De la ce a pornit cazul invocat de Fritz<\/h2>\n<p>\u00cen finalul mesajului, Dominic Fritz a oferit propria explica\u021bie asupra situa\u021biei care a generat disputa.<\/p>\n<p>Potrivit primarului, fapta care \u00eei este imputat\u0103 const\u0103 \u00een semnarea, \u00een a doua zi a mandatului s\u0103u din 2020, a unei dubluri a unui referat care fusese deja semnat de fostul primar \u0219i care privea un Plan Urbanistic Zonal elaborat \u00eenainte ca Fritz s\u0103 preia conducerea Prim\u0103riei Timi\u0219oara.<\/p>\n<p>Liderul USR sus\u021bine c\u0103 noile prevederi schimb\u0103 inclusiv regimul actelor normative precum PUZ-urile \u0219i c\u0103, dac\u0103 situa\u021bia sa ar fi analizat\u0103 acum dup\u0103 noile reguli, ANI nu ar mai putea constata conflictul de interese \u00een acelea\u0219i condi\u021bii.<\/p>\n<p>Din acest motiv, Fritz consider\u0103 paradoxal faptul c\u0103 o modificare legislativ\u0103 care, \u00een interpretarea sa, elimin\u0103 pentru viitor situa\u021bia care i-a fost imputat\u0103 ar putea introduce \u00een acela\u0219i timp o sanc\u021biune care s\u0103 produc\u0103 efecte asupra mandatului s\u0103u actual.<\/p>\n<p><em>\u201eO lege care elimin\u0103 fapta \u00een viitor, dar inventeaz\u0103 o nou\u0103 sanc\u021biune pentru cei care presupus au comis-o \u00een trecut\u201d<\/em>, a afirmat Dominic Fritz.<\/p>\n<\/div>\n<div class=\"tdb-block-inner td-fix-index\">\n<div class=\"tdb-next-post tdb-next-post-bg tdb-post-prev\"><span>Articolul precedent<\/span><\/p>\n<div class=\"td-module-container\">\n<div class=\"next-prev-title\"><a href=\"https:\/\/infovaslui.ro\/calin-georgescu-manastirea-brancoveni-alaturi-sotia-tara-ridica-oamenii\/\">C\u0103lin Georgescu, la M\u0103n\u0103stirea Br\u00e2ncoveni al\u0103turi de so\u021bia sa. AUR: \u201e\u021aara se ridic\u0103 prin oamenii s\u0103i!\u201d<\/a><\/div>\n<\/div>\n<\/div>\n<div class=\"tdb-next-post tdb-next-post-bg tdb-post-next\"><span>Articolul urm\u0103tor<\/span><\/p>\n<div class=\"td-module-container\">\n<div class=\"next-prev-title\"><a href=\"https:\/\/infovaslui.ro\/membru-fost-lider-masonic-dezvaluiri-despre-calin-georgescu-cunoscut-masonerie-loja-delta-dunarii\/\">Membru AUR \u0219i fost lider masonic, dezv\u0103luiri despre C\u0103lin Georgescu: \u201eA\u0219a l-am cunoscut, \u00een masonerie. Era la Loja Delta Dun\u0103rii\u201d<\/a><\/div>\n<\/div>\n<\/div>\n<\/div>\n<div class=\"tdb-block-inner td-fix-index\"><a class=\"tdb-logo-a\" href=\"https:\/\/infovaslui.ro\/\" title=\"INFO Vaslui\"><span class=\"tdb-logo-img-wrap\"><img decoding=\"async\" class=\"tdb-logo-img td-retina-data\" data-retina=\"https:\/\/infovaslui.ro\/wp-content\/uploads\/2024\/12\/Black-and-Yellow-Modern-Personal-Logo-1-e1734054980362.png\" src=\"https:\/\/infovaslui.ro\/wp-content\/uploads\/2024\/12\/Black-and-Yellow-Modern-Personal-Logo-1-e1734054980362.png\" alt=\"\u0218tiri din Vaslui\" title=\"INFO Vaslui\"><\/span><span class=\"tdb-logo-text-wrap\"><span class=\"tdb-logo-text-title\">INFO Vaslui<\/span><span class=\"tdb-logo-text-tagline\">\u0218tiri de interes<\/span><\/span><\/a><\/div>\n<p>[analyse_source url=&#8221;https:\/\/infovaslui.ro\/dominic-fritz-dupa-decizia-presedintele-promulga-legea-mandatul-primar-inceta-30-zile\/#new_tab&#8221;]<\/p>\n","protected":false},"excerpt":{"rendered":"<p>[analyse_image type=&#8221;featured&#8221; src=&#8221;https:\/\/infovaslui.ro\/wp-content\/uploads\/2026\/08\/dominic-fritz.jpeg&#8221;] mar\u021bi, august 18, 2026 Acas\u0103Politic\u0103Dominic Fritz, dup\u0103 decizia CCR: \u201eDac\u0103 pre\u0219edintele va promulga legea ANI, mandatul&#8230; Dominic Fritz, dup\u0103 decizia CCR: \u201eDac\u0103 pre\u0219edintele va promulga legea ANI, mandatul meu de primar va \u00eenceta \u00een 30 de zile\u201d Scris de: Alexandru Ababei 18 august 2026 Primarul Timi\u0219oarei \u0219i pre\u0219edintele USR, Dominic Fritz, a [&hellip;]<\/p>\n","protected":false},"author":1,"featured_media":0,"comment_status":"open","ping_status":"","sticky":false,"template":"","format":"standard","meta":{"footnotes":""},"categories":[89],"tags":[226,217],"class_list":["post-2098690","post","type-post","status-publish","format-standard","hentry","category-romania","tag-crawlmanager","tag-vaslui-robo-stiri-ro"],"_links":{"self":[{"href":"https:\/\/analyse.optim.biz\/index.php?rest_route=\/wp\/v2\/posts\/2098690","targetHints":{"allow":["GET"]}}],"collection":[{"href":"https:\/\/analyse.optim.biz\/index.php?rest_route=\/wp\/v2\/posts"}],"about":[{"href":"https:\/\/analyse.optim.biz\/index.php?rest_route=\/wp\/v2\/types\/post"}],"author":[{"embeddable":true,"href":"https:\/\/analyse.optim.biz\/index.php?rest_route=\/wp\/v2\/users\/1"}],"replies":[{"embeddable":true,"href":"https:\/\/analyse.optim.biz\/index.php?rest_route=%2Fwp%2Fv2%2Fcomments&post=2098690"}],"version-history":[{"count":0,"href":"https:\/\/analyse.optim.biz\/index.php?rest_route=\/wp\/v2\/posts\/2098690\/revisions"}],"wp:attachment":[{"href":"https:\/\/analyse.optim.biz\/index.php?rest_route=%2Fwp%2Fv2%2Fmedia&parent=2098690"}],"wp:term":[{"taxonomy":"category","embeddable":true,"href":"https:\/\/analyse.optim.biz\/index.php?rest_route=%2Fwp%2Fv2%2Fcategories&post=2098690"},{"taxonomy":"post_tag","embeddable":true,"href":"https:\/\/analyse.optim.biz\/index.php?rest_route=%2Fwp%2Fv2%2Ftags&post=2098690"}],"curies":[{"name":"wp","href":"https:\/\/api.w.org\/{rel}","templated":true}]}}