{"id":2098685,"date":"2026-08-15T13:09:23","date_gmt":"2026-08-15T10:09:23","guid":{"rendered":"https:\/\/analyse.optim.biz\/?p=2098685"},"modified":"2026-08-15T13:09:23","modified_gmt":"2026-08-15T10:09:23","slug":"senatorul-ionel-carp-reafirma-la-covasna-sprijinul-pentru-comunitatile-romanesti-de-pretutindeni","status":"publish","type":"post","link":"https:\/\/analyse.optim.biz\/?p=2098685","title":{"rendered":"Senatorul Ionel Carp reafirm\u0103 la Covasna sprijinul pentru comunit\u0103\u021bile rom\u00e2ne\u0219ti de pretutindeni"},"content":{"rendered":"<p>[analyse_image type=&#8221;featured&#8221; src=&#8221;https:\/\/infotulcea.ro\/wp-content\/uploads\/2026\/01\/dc84e31b-05be-41ff-8f9d-3325a6479829.jpeghttps:\/\/infotulcea.ro\/wp-content\/uploads\/2026\/01\/dc84e31b-05be-41ff-8f9d-3325a6479829.jpeg&#8221;]<\/p>\n<div id=\"content\" class=\"site-content container\">\n<div id=\"main-content-row\" class=\"tie-row main-content-row\">\n<div class=\"main-content tie-col-md-8 tie-col-xs-12\" role=\"main\">\n<article id=\"the-post\" class=\"container-wrapper post-content tie-standard\">\n<header class=\"entry-header-outer\">\n<nav id=\"breadcrumb\"><a href=\"https:\/\/infotulcea.ro\/\"> Home<\/a><em class=\"delimiter\">\/<\/em><a href=\"https:\/\/infotulcea.ro\/categorie\/politica\/\">Politic\u0103<\/a><em class=\"delimiter\">\/<\/em><span class=\"current\">Senatorul Ionel Carp reafirm\u0103 la Covasna sprijinul pentru comunit\u0103\u021bile rom\u00e2ne\u0219ti de pretutindeni<\/span><\/nav>\n<div class=\"entry-header\"><span class=\"post-cat-wrap\"><a class=\"post-cat tie-cat-139\" href=\"https:\/\/infotulcea.ro\/categorie\/politica\/\">Politic\u0103<\/a><\/span><\/p>\n<h1 class=\"post-title entry-title\">\n\t\t\tSenatorul Ionel Carp reafirm\u0103 la Covasna sprijinul pentru comunit\u0103\u021bile rom\u00e2ne\u0219ti de pretutindeni\t\t<\/h1>\n<div class=\"single-post-meta post-meta clearfix\"><span class=\"author-meta single-author no-avatars\"><span class=\"meta-item meta-author-wrapper meta-author-9\"><span class=\"meta-author\"><a href=\"https:\/\/infotulcea.ro\/author\/redactia-2\/\" class=\"author-name tie-icon\" title=\"Redactia\">Redactia<\/a><\/span><\/span><\/span><span class=\"date meta-item tie-icon\">15 august 2026<\/span><\/p>\n<div class=\"tie-alignright\"><span class=\"meta-comment tie-icon meta-item fa-before\">0<\/span><span class=\"meta-views meta-item \"> 205 <\/span><span class=\"meta-reading-time meta-item\"> 2 minutes read<\/span><\/div>\n<\/div>\n<\/div>\n<\/header>\n<div class=\"entry-content entry clearfix\">\n<p><strong>Prezent la deschiderea celei de-a XXIII-a edi\u021bii a Universit\u0103\u021bii de Var\u0103 \u201eIzvorul Mure\u0219ului\u201d, desf\u0103\u0219urat\u0103 \u00een acest an la Covasna sub genericul \u201eGeopolitica identit\u0103\u021bii na\u021bionale\u201d, senatorul tulcean Ionel Carp a transmis un mesaj puternic de unitate \u0219i solidaritate. \u00cen cadrul evenimentului care reune\u0219te oameni de cultur\u0103, academicieni \u0219i reprezentan\u021bi ai comunit\u0103\u021bilor rom\u00e2ne\u0219ti de pretutindeni, parlamentarul a subliniat importan\u021ba men\u021binerii acestui for de dezbatere, indiferent de provoc\u0103rile organizatorice sau financiare.<\/strong><\/p>\n<p>\u201e<em>V\u0103 salut cu deosebit respect \u0219i cu o imens\u0103 bucurie de a fi, \u0219i la aceast\u0103 edi\u021bie, al\u0103turi de dumneavoastr\u0103. At\u00e2t \u00een calitate de senator \u0219i vicepre\u0219edinte al Comisiei pentru drepturile omului, egalitate de \u0219anse, culte \u0219i minorit\u0103\u021bi, dar mai ales ca <strong>rom\u00e2n<\/strong>, am privit mereu aceast\u0103 \u00eent\u00e2lnire ca pe un veritabil for de ap\u0103rare a demnit\u0103\u021bii noastre na\u021bionale, un for rom\u00e2no-rom\u00e2n<\/em>\u201d, a declarat senatorul Ionel Carp.<\/p>\n<p>Referindu-se la alegerea ora\u0219ului Covasna ca gazd\u0103 pentru al doilea an consecutiv, parlamentarul a remarcat<source sizes=\"(max-width: 450px) 100vw, 450px\" type=\"image\/webp\" data-srcset=\"https:\/\/infotulcea.ro\/wp-content\/uploads\/2026\/01\/dc84e31b-05be-41ff-8f9d-3325a6479829-500x333.jpeg.webp 500w, https:\/\/infotulcea.ro\/wp-content\/uploads\/2026\/01\/dc84e31b-05be-41ff-8f9d-3325a6479829-1024x683.jpeg.webp 1024w, https:\/\/infotulcea.ro\/wp-content\/uploads\/2026\/01\/dc84e31b-05be-41ff-8f9d-3325a6479829-768x512.jpeg.webp 768w, https:\/\/infotulcea.ro\/wp-content\/uploads\/2026\/01\/dc84e31b-05be-41ff-8f9d-3325a6479829.jpeg.webp 1080w\" \/><\/p>\n<p><img loading=\"lazy\" decoding=\"async\" class=\" wp-image-37874 alignright\" src=\"https:\/\/infotulcea.ro\/wp-content\/uploads\/2026\/01\/dc84e31b-05be-41ff-8f9d-3325a6479829-500x333.jpeg\" alt width=\"450\" height=\"300\"> \u00eenc\u0103rc\u0103tura simbolic\u0103 a zonei: \u201e<em>Ne afl\u0103m aici, la Covasna, \u00een inima Rom\u00e2niei, un spa\u021biu \u00een care pulsul rom\u00e2nismului are nevoie, mai mult ca oric\u00e2nd, s\u0103 fie sus\u021binut, \u00een\u021beles \u0219i afirmat cu m\u00e2ndrie. Faptul c\u0103 ducem mai departe aceast\u0103 flac\u0103r\u0103 demonstreaz\u0103 c\u0103 rezist\u0103m \u0219i c\u0103 suntem uni\u021bi<\/em>\u201d.<\/p>\n<p>\u00cen discursul s\u0103u, senatorul a amintit \u0219i de implicarea sa direct\u0103 \u00een proiecte cu profund\u0103 valoare simbolic\u0103 pentru unitatea rom\u00e2nilor, evoc\u00e2nd sprijinul acordat ini\u021biativelor dedicate personalit\u0103\u021bii lui Vasile Stroescu, un adev\u0103rat reper al solidarit\u0103\u021bii \u0219i generozit\u0103\u021bii peste grani\u021be, care a luptat pentru p\u0103strarea con\u0219tiin\u021bei na\u021bionale.<\/p>\n<p>Totodat\u0103, reprezentantul tulcean a reiterat c\u0103 preocuparea sa pentru drepturile rom\u00e2nilor de pretutindeni se traduce prin ac\u021biuni politice constante \u00een Parlament: \u201e<em>Am formulat o serie de interpel\u0103ri oficiale \u0219i \u00eentreb\u0103ri parlamentare ferme cu privire la situa\u021bia tot mai dificil\u0103 a fra\u021bilor no\u0219tri din regiunea Transcarpatia, Odesa \u0219i din Cern\u0103u\u021bi. Dreptul fundamental de a \u00eenv\u0103\u021ba \u00een limba matern\u0103, de a-\u021bi p\u0103stra credin\u021ba \u0219i mo\u0219tenirea cultural\u0103 nu sunt negociabile, iar statul rom\u00e2n trebuie s\u0103 fie mult mai vocal \u00een protejarea acestor comunit\u0103\u021bi. O victorie major\u0103 a noastr\u0103 \u00een anul ce a trecut de la ultima edi\u021bie este reprezentat\u0103 de reluarea burselor pentru elevii \u0219i profesorii rom\u00e2ni din Ucraina, precum \u0219i amplasarea bustului lui Vasile Stroescu \u00een Parlamentul Rom\u00e2niei<\/em>\u201d.<\/p>\n<p>\u201e<em>Vreau s\u0103 \u0219ti\u021bi c\u0103 nu sunte\u021bi uita\u021bi! Chiar dac\u0103 uneori distan\u021bele fizice sau grani\u021bele par s\u0103 ne despart\u0103, noi sim\u021bim, tr\u0103im \u0219i suferim al\u0103turi de voi, \u00een limba rom\u00e2n\u0103. V\u0103 asigur c\u0103 suntem al\u0103turi de voi, cu toat\u0103 energia \u0219i cu toate instrumentele legale \u0219i institu\u021bionale pe care le avem la dispozi\u021bie<\/em>\u201d, a conchis senatorul Ionel Carp.<\/p>\n<\/div>\n<div id=\"post-extra-info\">\n<div class=\"theiaStickySidebar\">\n<div class=\"single-post-meta post-meta clearfix\"><span class=\"author-meta single-author no-avatars\"><span class=\"meta-item meta-author-wrapper meta-author-9\"><span class=\"meta-author\"><a href=\"https:\/\/infotulcea.ro\/author\/redactia-2\/\" class=\"author-name tie-icon\" title=\"Redactia\">Redactia<\/a><\/span><\/span><\/span><span class=\"date meta-item tie-icon\">15 august 2026<\/span><\/p>\n<div class=\"tie-alignright\"><span class=\"meta-comment tie-icon meta-item fa-before\">0<\/span><span class=\"meta-views meta-item \"> 205 <\/span><span class=\"meta-reading-time meta-item\"> 2 minutes read<\/span><\/div>\n<\/div>\n<\/div>\n<\/div>\n<div id=\"share-buttons-bottom\" class=\"share-buttons share-buttons-bottom\">\n<div class=\"share-links  icons-only\">\n<div class=\"share-title\"><span> Share<\/span><\/div>\n<p><a href=\"https:\/\/www.facebook.com\/sharer.php?u=https:\/\/infotulcea.ro\/senatorul-ionel-carp-reafirma-la-covasna-sprijinul-pentru-comunitatile-romanesti-de-pretutindeni\/\" rel=\"external noopener nofollow\" title=\"Facebook\" target=\"_blank\" class=\"facebook-share-btn \" data-raw=\"https:\/\/www.facebook.com\/sharer.php?u={post_link}\"><span class=\"screen-reader-text\">Facebook<\/span><\/a><a href=\"https:\/\/twitter.com\/intent\/tweet?text=Senatorul%20Ionel%20Carp%20reafirm%C4%83%20la%20Covasna%20sprijinul%20pentru%20comunit%C4%83%C8%9Bile%20rom%C3%A2ne%C8%99ti%20de%20pretutindeni&amp;url=https:\/\/infotulcea.ro\/senatorul-ionel-carp-reafirma-la-covasna-sprijinul-pentru-comunitatile-romanesti-de-pretutindeni\/\" rel=\"external noopener nofollow\" title=\"X\" target=\"_blank\" class=\"twitter-share-btn \" data-raw=\"https:\/\/twitter.com\/intent\/tweet?text={post_title}&amp;url={post_link}\"><span class=\"screen-reader-text\">X<\/span><\/a><a href=\"https:\/\/api.whatsapp.com\/send?text=Senatorul%20Ionel%20Carp%20reafirm%C4%83%20la%20Covasna%20sprijinul%20pentru%20comunit%C4%83%C8%9Bile%20rom%C3%A2ne%C8%99ti%20de%20pretutindeni%20https:\/\/infotulcea.ro\/senatorul-ionel-carp-reafirma-la-covasna-sprijinul-pentru-comunitatile-romanesti-de-pretutindeni\/\" rel=\"external noopener nofollow\" title=\"WhatsApp\" target=\"_blank\" class=\"whatsapp-share-btn \" data-raw=\"https:\/\/api.whatsapp.com\/send?text={post_title}%20{post_link}\"><span class=\"screen-reader-text\">WhatsApp<\/span><\/a><a href=\"https:\/\/telegram.me\/share\/url?url=https:\/\/infotulcea.ro\/senatorul-ionel-carp-reafirma-la-covasna-sprijinul-pentru-comunitatile-romanesti-de-pretutindeni\/&amp;text=Senatorul%20Ionel%20Carp%20reafirm%C4%83%20la%20Covasna%20sprijinul%20pentru%20comunit%C4%83%C8%9Bile%20rom%C3%A2ne%C8%99ti%20de%20pretutindeni\" rel=\"external noopener nofollow\" title=\"Telegram\" target=\"_blank\" class=\"telegram-share-btn \" data-raw=\"https:\/\/telegram.me\/share\/url?url={post_link}&amp;text={post_title}\"><span class=\"screen-reader-text\">Telegram<\/span><\/a><a href=\"mailto:?subject=Senatorul%20Ionel%20Carp%20reafirm%C4%83%20la%20Covasna%20sprijinul%20pentru%20comunit%C4%83%C8%9Bile%20rom%C3%A2ne%C8%99ti%20de%20pretutindeni&amp;body=https:\/\/infotulcea.ro\/senatorul-ionel-carp-reafirma-la-covasna-sprijinul-pentru-comunitatile-romanesti-de-pretutindeni\/\" rel=\"external noopener nofollow\" title=\"Share via Email\" target=\"_blank\" class=\"email-share-btn \" data-raw=\"mailto:?subject={post_title}&amp;body={post_link}\"><span class=\"screen-reader-text\">Share via Email<\/span><\/a><a href=\"https:\/\/infotulcea.ro\/senatorul-ionel-carp-reafirma-la-covasna-sprijinul-pentru-comunitatile-romanesti-de-pretutindeni\/\" rel=\"external noopener nofollow\" title=\"Print\" target=\"_blank\" class=\"print-share-btn \" data-raw=\"#\"><span class=\"screen-reader-text\">Print<\/span><\/a><\/div>\n<\/div>\n<\/article>\n<div class=\"post-components\">\n<div id=\"related-posts\" class=\"container-wrapper has-extra-post\">\n<div class=\"mag-box-title the-global-title\">\n<h3>Related Articles<\/h3>\n<\/div>\n<div class=\"related-posts-list\">\n<div class=\"related-item tie-standard\"><a aria-label=\"Deputatul Cosmin Andrei solicit\u0103 evaluarea urgent\u0103 a ofertelor pentru reabilitarea Tunelului  feroviar Palas\" href=\"https:\/\/infotulcea.ro\/deputatul-cosmin-andrei-solicita-evaluarea-urgenta-a-ofertelor-pentru-reabilitarea-tunelului-feroviar-palas\/\" class=\"post-thumb\"><source sizes=\"(max-width: 390px) 100vw, 390px\" type=\"image\/webp\" data-srcset=\"https:\/\/infotulcea.ro\/wp-content\/uploads\/2026\/07\/cosmin-390x220.jpeg.webp 390w, https:\/\/infotulcea.ro\/wp-content\/uploads\/2026\/07\/cosmin-500x281.jpeg.webp 500w, https:\/\/infotulcea.ro\/wp-content\/uploads\/2026\/07\/cosmin.jpeg.webp 738w\" \/><img loading=\"lazy\" decoding=\"async\" width=\"390\" height=\"220\" src=\"https:\/\/infotulcea.ro\/wp-content\/uploads\/2026\/07\/cosmin-390x220.jpeg\" class=\"attachment-jannah-image-large size-jannah-image-large wp-post-image\" alt><\/a><\/p>\n<h3 class=\"post-title\"><a href=\"https:\/\/infotulcea.ro\/deputatul-cosmin-andrei-solicita-evaluarea-urgenta-a-ofertelor-pentru-reabilitarea-tunelului-feroviar-palas\/\">Deputatul Cosmin Andrei solicit\u0103 evaluarea urgent\u0103 a ofertelor pentru reabilitarea Tunelului  feroviar Palas<\/a><\/h3>\n<div class=\"post-meta clearfix\"><span class=\"date meta-item tie-icon\">10 iulie 2026<\/span><\/div>\n<\/div>\n<div class=\"related-item tie-standard\"><a aria-label=\"Cea mai veche biseric\u0103 cre\u0219tin\u0103 \u00een stil bizantin din Transilvania trebuie pus\u0103 \u00een valoare!\" href=\"https:\/\/infotulcea.ro\/cea-mai-veche-biserica-crestina-in-stil-bizantin-din-transilvania-trebuie-pusa-in-valoare\/\" class=\"post-thumb\"><source sizes=\"(max-width: 390px) 100vw, 390px\" type=\"image\/webp\" data-srcset=\"https:\/\/infotulcea.ro\/wp-content\/uploads\/2026\/07\/cosmin-390x220.jpeg.webp 390w, https:\/\/infotulcea.ro\/wp-content\/uploads\/2026\/07\/cosmin-500x281.jpeg.webp 500w, https:\/\/infotulcea.ro\/wp-content\/uploads\/2026\/07\/cosmin.jpeg.webp 738w\" \/><img loading=\"lazy\" decoding=\"async\" width=\"390\" height=\"220\" src=\"https:\/\/infotulcea.ro\/wp-content\/uploads\/2026\/07\/cosmin-390x220.jpeg\" class=\"attachment-jannah-image-large size-jannah-image-large wp-post-image\" alt><\/a><\/p>\n<h3 class=\"post-title\"><a href=\"https:\/\/infotulcea.ro\/cea-mai-veche-biserica-crestina-in-stil-bizantin-din-transilvania-trebuie-pusa-in-valoare\/\">Cea mai veche biseric\u0103 cre\u0219tin\u0103 \u00een stil bizantin din Transilvania trebuie pus\u0103 \u00een valoare!<\/a><\/h3>\n<div class=\"post-meta clearfix\"><span class=\"date meta-item tie-icon\">11 august 2026<\/span><\/div>\n<\/div>\n<div class=\"related-item tie-standard\"><a aria-label=\"Lansare PNL: George \u0218i\u0219cu este primul candidat oficial pentru pre\u0219edin\u021bia Consiliului Jude\u021bean Tulcea\" href=\"https:\/\/infotulcea.ro\/lansare-pnl-george-siscu-este-primul-candidat-oficial-pentru-presedintia-consiliului-judetean-tulcea\/\" class=\"post-thumb\"><source type=\"image\/webp\" data-srcset=\"https:\/\/infotulcea.ro\/wp-content\/uploads\/2024\/03\/pnl-xxx-390x220.jpg.webp\" \/><img loading=\"lazy\" decoding=\"async\" width=\"390\" height=\"220\" src=\"https:\/\/infotulcea.ro\/wp-content\/uploads\/2024\/03\/pnl-xxx-390x220.jpg\" class=\"attachment-jannah-image-large size-jannah-image-large wp-post-image\" alt><\/a><\/p>\n<h3 class=\"post-title\"><a href=\"https:\/\/infotulcea.ro\/lansare-pnl-george-siscu-este-primul-candidat-oficial-pentru-presedintia-consiliului-judetean-tulcea\/\">Lansare PNL: George \u0218i\u0219cu este primul candidat oficial pentru pre\u0219edin\u021bia Consiliului Jude\u021bean Tulcea<\/a><\/h3>\n<div class=\"post-meta clearfix\"><span class=\"date meta-item tie-icon\">15 martie 2024<\/span><\/div>\n<\/div>\n<div class=\"related-item tie-standard\"><a aria-label=\"Fostul senator Octavian Motoc a demisionat din PNL!\" href=\"https:\/\/infotulcea.ro\/fostul-senator-octavian-motoc-a-demisionat-din-pnl\/\" class=\"post-thumb\"><source type=\"image\/webp\" data-srcset=\"https:\/\/infotulcea.ro\/wp-content\/uploads\/2024\/02\/FB_IMG_1707835326868-390x220.jpg.webp\" \/><img loading=\"lazy\" decoding=\"async\" width=\"390\" height=\"220\" src=\"https:\/\/infotulcea.ro\/wp-content\/uploads\/2024\/02\/FB_IMG_1707835326868-390x220.jpg\" class=\"attachment-jannah-image-large size-jannah-image-large wp-post-image\" alt><\/a><\/p>\n<h3 class=\"post-title\"><a href=\"https:\/\/infotulcea.ro\/fostul-senator-octavian-motoc-a-demisionat-din-pnl\/\">Fostul senator Octavian Motoc a demisionat din PNL!<\/a><\/h3>\n<div class=\"post-meta clearfix\"><span class=\"date meta-item tie-icon\">13 februarie 2024<\/span><\/div>\n<\/div>\n<\/div>\n<\/div>\n<div id=\"comments\" class=\"comments-area\">\n<div id=\"add-comment-block\" class=\"container-wrapper\">\n<div id=\"respond\" class=\"comment-respond\">\n<h3 id=\"reply-title\" class=\"comment-reply-title the-global-title\">Las\u0103 un r\u0103spuns <small><a rel=\"nofollow\" id=\"cancel-comment-reply-link\" href=\"https:\/\/infotulcea.ro\/senatorul-ionel-carp-reafirma-la-covasna-sprijinul-pentru-comunitatile-romanesti-de-pretutindeni\/#respond\">Anuleaz\u0103 r\u0103spunsul<\/a><\/small><\/h3>\n<p class=\"comment-notes\"><span id=\"email-notes\">Adresa ta de email nu va fi publicat\u0103.<\/span><span class=\"required-field-message\">C\u00e2mpurile obligatorii sunt marcate cu <span class=\"required\">*<\/span><\/span><\/p>\n<\/div>\n<\/div>\n<\/div>\n<\/div>\n<\/div>\n<div id=\"check-also-box\" class=\"container-wrapper check-also-right\">\n<div class=\"widget-title the-global-title\">\n<div class=\"the-subtitle\">Check Also<\/div>\n<p><a href=\"https:\/\/infotulcea.ro\/senatorul-ionel-carp-reafirma-la-covasna-sprijinul-pentru-comunitatile-romanesti-de-pretutindeni\/\" id=\"check-also-close\" class=\"remove\"><span class=\"screen-reader-text\">Close<\/span><\/a><\/div>\n<div class=\"widget posts-list-big-first has-first-big-post\">\n<ul class=\"posts-list-items\">\n<li class=\"widget-single-post-item widget-post-list tie-standard\">\n<div class=\"post-widget-thumbnail\"><a aria-label=\"#sepoate: A treia for\u021b\u0103 politic\u0103 din municipiu evacuat\u0103 din sediu!\" href=\"https:\/\/infotulcea.ro\/sepoate-a-treia-forta-politica-din-municipiu-evacuata-din-sediu\/\" class=\"post-thumb\"><span class=\"post-cat-wrap\"><span class=\"post-cat tie-cat-53\">Alte partide<\/span><\/span><source type=\"image\/webp\" data-srcset=\"https:\/\/infotulcea.ro\/wp-content\/uploads\/2022\/10\/IMG_20221027_182048-390x220.jpg.webp\" \/><img loading=\"lazy\" decoding=\"async\" width=\"390\" height=\"220\" src=\"https:\/\/infotulcea.ro\/wp-content\/uploads\/2022\/10\/IMG_20221027_182048-390x220.jpg\" class=\"attachment-jannah-image-large size-jannah-image-large wp-post-image\" alt><\/a><\/div>\n<div class=\"post-widget-body \"><a class=\"post-title the-subtitle\" href=\"https:\/\/infotulcea.ro\/sepoate-a-treia-forta-politica-din-municipiu-evacuata-din-sediu\/\">#sepoate: A treia for\u021b\u0103 politic\u0103 din municipiu evacuat\u0103 din sediu!<\/a><\/p>\n<div class=\"post-meta\"><span class=\"date meta-item tie-icon\">27 octombrie 2022<\/span><\/div>\n<\/div>\n<\/li>\n<\/ul>\n<\/div>\n<\/div>\n<aside class=\"sidebar tie-col-md-4 tie-col-xs-12 normal-side is-sticky\" aria-label=\"Primary Sidebar\">\n<div class=\"theiaStickySidebar\">\n<div id=\"media_image-19\" class=\"container-wrapper widget widget_media_image\"><a href=\"https:\/\/infotulcea.ro\/delta-dunarii-mai-accesibila-navrom-delta-creste-numarul-curselor-regulate-de-la-1-mai-2025\/\"><source sizes=\"(max-width: 500px) 100vw, 500px\" type=\"image\/webp\" data-srcset=\"https:\/\/infotulcea.ro\/wp-content\/uploads\/2025\/04\/navrom-delta-500x271.jpg.webp 500w, https:\/\/infotulcea.ro\/wp-content\/uploads\/2025\/04\/navrom-delta-1024x555.jpg.webp 1024w, https:\/\/infotulcea.ro\/wp-content\/uploads\/2025\/04\/navrom-delta-768x416.jpg.webp 768w, https:\/\/infotulcea.ro\/wp-content\/uploads\/2025\/04\/navrom-delta.jpg.webp 1080w\" \/><img loading=\"lazy\" decoding=\"async\" width=\"500\" height=\"271\" src=\"https:\/\/infotulcea.ro\/wp-content\/uploads\/2025\/04\/navrom-delta-500x271.jpg\" class=\"image wp-image-34487  attachment-medium size-medium\" alt><\/a><\/div>\n<div id=\"media_image-17\" class=\"container-wrapper widget widget_media_image\"><a href=\"https:\/\/www.facebook.com\/share\/p\/1DGAD1tLWN\/?mibextid=wwXIfr\" target=\"_blank\"><source sizes=\"(max-width: 500px) 100vw, 500px\" type=\"image\/webp\" data-srcset=\"https:\/\/infotulcea.ro\/wp-content\/uploads\/2026\/01\/IMG_1563-500x500.jpeg.webp 500w, https:\/\/infotulcea.ro\/wp-content\/uploads\/2026\/01\/IMG_1563-1024x1024.jpeg.webp 1024w, https:\/\/infotulcea.ro\/wp-content\/uploads\/2026\/01\/IMG_1563-250x250.jpeg.webp 250w, https:\/\/infotulcea.ro\/wp-content\/uploads\/2026\/01\/IMG_1563-768x768.jpeg.webp 768w, https:\/\/infotulcea.ro\/wp-content\/uploads\/2026\/01\/IMG_1563.jpeg.webp 1080w\" \/><img loading=\"lazy\" decoding=\"async\" width=\"500\" height=\"500\" src=\"https:\/\/infotulcea.ro\/wp-content\/uploads\/2026\/01\/IMG_1563-500x500.jpeg\" class=\"image wp-image-37932  attachment-medium size-medium\" alt title=\"Centrale pe lemne\"><\/a><\/div>\n<div id=\"media_image-18\" class=\"container-wrapper widget widget_media_image\"><a href=\"https:\/\/www.licitatia.ro\/site\/index-guest\"><img loading=\"lazy\" decoding=\"async\" width=\"500\" height=\"262\" src=\"https:\/\/infotulcea.ro\/wp-content\/uploads\/2025\/09\/licitatia-500x262.png\" class=\"image wp-image-36670  attachment-medium size-medium lazyload\" alt><img loading=\"lazy\" decoding=\"async\" width=\"500\" height=\"262\" src=\"https:\/\/infotulcea.ro\/wp-content\/uploads\/2025\/09\/licitatia-500x262.png\" class=\"image wp-image-36670  attachment-medium size-medium\" alt><\/a><\/div>\n<div id=\"media_image-27\" class=\"container-wrapper widget widget_media_image\"><a href=\"https:\/\/www.centrale-lemne-liepsnele.ro\/\"><img loading=\"lazy\" decoding=\"async\" width=\"500\" height=\"500\" src=\"https:\/\/infotulcea.ro\/wp-content\/uploads\/2025\/09\/Centrale-pe-Lemne-Liepsnele-500x500.png\" class=\"image wp-image-36541  attachment-medium size-medium lazyload\" alt=\"Centrala pe lemne\"><img loading=\"lazy\" decoding=\"async\" width=\"500\" height=\"500\" src=\"https:\/\/infotulcea.ro\/wp-content\/uploads\/2025\/09\/Centrale-pe-Lemne-Liepsnele-500x500.png\" class=\"image wp-image-36541  attachment-medium size-medium\" alt=\"Centrala pe lemne\"><\/a><\/div>\n<div id=\"media_image-28\" class=\"container-wrapper widget widget_media_image\"><a href=\"https:\/\/infotulcea.ro\/angajeaza-te-ro-platforma-ta-online-de-angajari-si-forta-de-munca\/\"><source sizes=\"(max-width: 500px) 100vw, 500px\" type=\"image\/webp\" data-srcset=\"https:\/\/infotulcea.ro\/wp-content\/uploads\/2025\/04\/banner-angajazate-1-500x305.jpg.webp 500w, https:\/\/infotulcea.ro\/wp-content\/uploads\/2025\/04\/banner-angajazate-1-1024x625.jpg.webp 1024w, https:\/\/infotulcea.ro\/wp-content\/uploads\/2025\/04\/banner-angajazate-1-768x469.jpg.webp 768w, https:\/\/infotulcea.ro\/wp-content\/uploads\/2025\/04\/banner-angajazate-1.jpg.webp 1080w\" \/><img loading=\"lazy\" decoding=\"async\" width=\"500\" height=\"305\" src=\"https:\/\/infotulcea.ro\/wp-content\/uploads\/2025\/04\/banner-angajazate-1-500x305.jpg\" class=\"image wp-image-34317  attachment-medium size-medium\" alt><\/a><\/div>\n<\/div>\n<\/aside>\n<\/div>\n<\/div>\n<div class=\"entry-content entry clearfix\">\n<p><strong>Prezent la deschiderea celei de-a XXIII-a edi\u021bii a Universit\u0103\u021bii de Var\u0103 \u201eIzvorul Mure\u0219ului\u201d, desf\u0103\u0219urat\u0103 \u00een acest an la Covasna sub genericul \u201eGeopolitica identit\u0103\u021bii na\u021bionale\u201d, senatorul tulcean Ionel Carp a transmis un mesaj puternic de unitate \u0219i solidaritate. \u00cen cadrul evenimentului care reune\u0219te oameni de cultur\u0103, academicieni \u0219i reprezentan\u021bi ai comunit\u0103\u021bilor rom\u00e2ne\u0219ti de pretutindeni, parlamentarul a subliniat importan\u021ba men\u021binerii acestui for de dezbatere, indiferent de provoc\u0103rile organizatorice sau financiare.<\/strong><\/p>\n<p>\u201e<em>V\u0103 salut cu deosebit respect \u0219i cu o imens\u0103 bucurie de a fi, \u0219i la aceast\u0103 edi\u021bie, al\u0103turi de dumneavoastr\u0103. At\u00e2t \u00een calitate de senator \u0219i vicepre\u0219edinte al Comisiei pentru drepturile omului, egalitate de \u0219anse, culte \u0219i minorit\u0103\u021bi, dar mai ales ca <strong>rom\u00e2n<\/strong>, am privit mereu aceast\u0103 \u00eent\u00e2lnire ca pe un veritabil for de ap\u0103rare a demnit\u0103\u021bii noastre na\u021bionale, un for rom\u00e2no-rom\u00e2n<\/em>\u201d, a declarat senatorul Ionel Carp.<\/p>\n<p>Referindu-se la alegerea ora\u0219ului Covasna ca gazd\u0103 pentru al doilea an consecutiv, parlamentarul a remarcat<source sizes=\"(max-width: 450px) 100vw, 450px\" type=\"image\/webp\" data-srcset=\"https:\/\/infotulcea.ro\/wp-content\/uploads\/2026\/01\/dc84e31b-05be-41ff-8f9d-3325a6479829-500x333.jpeg.webp 500w, https:\/\/infotulcea.ro\/wp-content\/uploads\/2026\/01\/dc84e31b-05be-41ff-8f9d-3325a6479829-1024x683.jpeg.webp 1024w, https:\/\/infotulcea.ro\/wp-content\/uploads\/2026\/01\/dc84e31b-05be-41ff-8f9d-3325a6479829-768x512.jpeg.webp 768w, https:\/\/infotulcea.ro\/wp-content\/uploads\/2026\/01\/dc84e31b-05be-41ff-8f9d-3325a6479829.jpeg.webp 1080w\" \/><\/p>\n<p><img loading=\"lazy\" decoding=\"async\" class=\" wp-image-37874 alignright\" src=\"https:\/\/infotulcea.ro\/wp-content\/uploads\/2026\/01\/dc84e31b-05be-41ff-8f9d-3325a6479829-500x333.jpeg\" alt width=\"450\" height=\"300\"> \u00eenc\u0103rc\u0103tura simbolic\u0103 a zonei: \u201e<em>Ne afl\u0103m aici, la Covasna, \u00een inima Rom\u00e2niei, un spa\u021biu \u00een care pulsul rom\u00e2nismului are nevoie, mai mult ca oric\u00e2nd, s\u0103 fie sus\u021binut, \u00een\u021beles \u0219i afirmat cu m\u00e2ndrie. Faptul c\u0103 ducem mai departe aceast\u0103 flac\u0103r\u0103 demonstreaz\u0103 c\u0103 rezist\u0103m \u0219i c\u0103 suntem uni\u021bi<\/em>\u201d.<\/p>\n<p>\u00cen discursul s\u0103u, senatorul a amintit \u0219i de implicarea sa direct\u0103 \u00een proiecte cu profund\u0103 valoare simbolic\u0103 pentru unitatea rom\u00e2nilor, evoc\u00e2nd sprijinul acordat ini\u021biativelor dedicate personalit\u0103\u021bii lui Vasile Stroescu, un adev\u0103rat reper al solidarit\u0103\u021bii \u0219i generozit\u0103\u021bii peste grani\u021be, care a luptat pentru p\u0103strarea con\u0219tiin\u021bei na\u021bionale.<\/p>\n<p>Totodat\u0103, reprezentantul tulcean a reiterat c\u0103 preocuparea sa pentru drepturile rom\u00e2nilor de pretutindeni se traduce prin ac\u021biuni politice constante \u00een Parlament: \u201e<em>Am formulat o serie de interpel\u0103ri oficiale \u0219i \u00eentreb\u0103ri parlamentare ferme cu privire la situa\u021bia tot mai dificil\u0103 a fra\u021bilor no\u0219tri din regiunea Transcarpatia, Odesa \u0219i din Cern\u0103u\u021bi. Dreptul fundamental de a \u00eenv\u0103\u021ba \u00een limba matern\u0103, de a-\u021bi p\u0103stra credin\u021ba \u0219i mo\u0219tenirea cultural\u0103 nu sunt negociabile, iar statul rom\u00e2n trebuie s\u0103 fie mult mai vocal \u00een protejarea acestor comunit\u0103\u021bi. O victorie major\u0103 a noastr\u0103 \u00een anul ce a trecut de la ultima edi\u021bie este reprezentat\u0103 de reluarea burselor pentru elevii \u0219i profesorii rom\u00e2ni din Ucraina, precum \u0219i amplasarea bustului lui Vasile Stroescu \u00een Parlamentul Rom\u00e2niei<\/em>\u201d.<\/p>\n<p>\u201e<em>Vreau s\u0103 \u0219ti\u021bi c\u0103 nu sunte\u021bi uita\u021bi! Chiar dac\u0103 uneori distan\u021bele fizice sau grani\u021bele par s\u0103 ne despart\u0103, noi sim\u021bim, tr\u0103im \u0219i suferim al\u0103turi de voi, \u00een limba rom\u00e2n\u0103. V\u0103 asigur c\u0103 suntem al\u0103turi de voi, cu toat\u0103 energia \u0219i cu toate instrumentele legale \u0219i institu\u021bionale pe care le avem la dispozi\u021bie<\/em>\u201d, a conchis senatorul Ionel Carp.<\/p>\n<\/div>\n<div class=\"articleBody\" data-key=\"articleBody\">Prezent la deschiderea celei de-a XXIII-a edi\u021bii a Universit\u0103\u021bii de Var\u0103 \u201eIzvorul Mure\u0219ului\u201d, desf\u0103\u0219urat\u0103 \u00een acest an la Covasna sub genericul \u201eGeopolitica identit\u0103\u021bii na\u021bionale\u201d, senatorul tulcean Ionel Carp a transmis un mesaj puternic de unitate \u0219i solidaritate. \u00cen cadrul evenimentului care reune\u0219te oameni de cultur\u0103, academicieni \u0219i reprezentan\u021bi ai comunit\u0103\u021bilor rom\u00e2ne\u0219ti de pretutindeni, parlamentarul a subliniat importan\u021ba men\u021binerii acestui for de dezbatere, indiferent de provoc\u0103rile organizatorice sau financiare.<\/p>\n<p>\u201eV\u0103 salut cu deosebit respect \u0219i cu o imens\u0103 bucurie de a fi, \u0219i la aceast\u0103 edi\u021bie, al\u0103turi de dumneavoastr\u0103. At\u00e2t \u00een calitate de senator \u0219i vicepre\u0219edinte al Comisiei pentru drepturile omului, egalitate de \u0219anse, culte \u0219i minorit\u0103\u021bi, dar mai ales ca rom\u00e2n, am privit mereu aceast\u0103 \u00eent\u00e2lnire ca pe un veritabil for de ap\u0103rare a demnit\u0103\u021bii noastre na\u021bionale, un for rom\u00e2no-rom\u00e2n\u201d, a declarat senatorul Ionel Carp.<\/p>\n<p>Referindu-se la alegerea ora\u0219ului Covasna ca gazd\u0103 pentru al doilea an consecutiv, parlamentarul a remarcat \u00eenc\u0103rc\u0103tura simbolic\u0103 a zonei: \u201eNe afl\u0103m aici, la Covasna, \u00een inima Rom\u00e2niei, un spa\u021biu \u00een care pulsul rom\u00e2nismului are nevoie, mai mult ca oric\u00e2nd, s\u0103 fie sus\u021binut, \u00een\u021beles \u0219i afirmat cu m\u00e2ndrie. Faptul c\u0103 ducem mai departe aceast\u0103 flac\u0103r\u0103 demonstreaz\u0103 c\u0103 rezist\u0103m \u0219i c\u0103 suntem uni\u021bi\u201d.<\/p>\n<p>\u00cen discursul s\u0103u, senatorul a amintit \u0219i de implicarea sa direct\u0103 \u00een proiecte cu profund\u0103 valoare simbolic\u0103 pentru unitatea rom\u00e2nilor, evoc\u00e2nd sprijinul acordat ini\u021biativelor dedicate personalit\u0103\u021bii lui Vasile Stroescu, un adev\u0103rat reper al solidarit\u0103\u021bii \u0219i generozit\u0103\u021bii peste grani\u021be, care a luptat pentru p\u0103strarea con\u0219tiin\u021bei na\u021bionale.<\/p>\n<p>Totodat\u0103, reprezentantul tulcean a reiterat c\u0103 preocuparea sa pentru drepturile rom\u00e2nilor de pretutindeni se traduce prin ac\u021biuni politice constante \u00een Parlament: \u201eAm formulat o serie de interpel\u0103ri oficiale \u0219i \u00eentreb\u0103ri parlamentare ferme cu privire la situa\u021bia tot mai dificil\u0103 a fra\u021bilor no\u0219tri din regiunea Transcarpatia, Odesa \u0219i din Cern\u0103u\u021bi. Dreptul fundamental de a \u00eenv\u0103\u021ba \u00een limba matern\u0103, de a-\u021bi p\u0103stra credin\u021ba \u0219i mo\u0219tenirea cultural\u0103 nu sunt negociabile, iar statul rom\u00e2n trebuie s\u0103 fie mult mai vocal \u00een protejarea acestor comunit\u0103\u021bi. O victorie major\u0103 a noastr\u0103 \u00een anul ce a trecut de la ultima edi\u021bie este reprezentat\u0103 de reluarea burselor pentru elevii \u0219i profesorii rom\u00e2ni din Ucraina, precum \u0219i amplasarea bustului lui Vasile Stroescu \u00een Parlamentul Rom\u00e2niei\u201d.<\/p>\n<p>\u201eVreau s\u0103 \u0219ti\u021bi c\u0103 nu sunte\u021bi uita\u021bi! Chiar dac\u0103 uneori distan\u021bele fizice sau grani\u021bele par s\u0103 ne despart\u0103, noi sim\u021bim, tr\u0103im \u0219i suferim al\u0103turi de voi, \u00een limba rom\u00e2n\u0103. V\u0103 asigur c\u0103 suntem al\u0103turi de voi, cu toat\u0103 energia \u0219i cu toate instrumentele legale \u0219i institu\u021bionale pe care le avem la dispozi\u021bie\u201d, a conchis senatorul Ionel Carp.<\/p><\/div>\n<p>[analyse_source url=&#8221;https:\/\/infotulcea.ro\/senatorul-ionel-carp-reafirma-la-covasna-sprijinul-pentru-comunitatile-romanesti-de-pretutindeni\/&#8221;]<\/p>\n","protected":false},"excerpt":{"rendered":"<p>[analyse_image type=&#8221;featured&#8221; src=&#8221;https:\/\/infotulcea.ro\/wp-content\/uploads\/2026\/01\/dc84e31b-05be-41ff-8f9d-3325a6479829.jpeghttps:\/\/infotulcea.ro\/wp-content\/uploads\/2026\/01\/dc84e31b-05be-41ff-8f9d-3325a6479829.jpeg&#8221;] Home\/Politic\u0103\/Senatorul Ionel Carp reafirm\u0103 la Covasna sprijinul pentru comunit\u0103\u021bile rom\u00e2ne\u0219ti de pretutindeni Politic\u0103 Senatorul Ionel Carp reafirm\u0103 la Covasna sprijinul pentru comunit\u0103\u021bile rom\u00e2ne\u0219ti de pretutindeni Redactia15 august 2026 0 205 2 minutes read Prezent la deschiderea celei de-a XXIII-a edi\u021bii a Universit\u0103\u021bii de Var\u0103 \u201eIzvorul Mure\u0219ului\u201d, desf\u0103\u0219urat\u0103 \u00een acest an la Covasna [&hellip;]<\/p>\n","protected":false},"author":1,"featured_media":0,"comment_status":"open","ping_status":"","sticky":false,"template":"","format":"standard","meta":{"footnotes":""},"categories":[89],"tags":[226,221],"class_list":["post-2098685","post","type-post","status-publish","format-standard","hentry","category-romania","tag-crawlmanager","tag-infotulcea-ro"],"_links":{"self":[{"href":"https:\/\/analyse.optim.biz\/index.php?rest_route=\/wp\/v2\/posts\/2098685","targetHints":{"allow":["GET"]}}],"collection":[{"href":"https:\/\/analyse.optim.biz\/index.php?rest_route=\/wp\/v2\/posts"}],"about":[{"href":"https:\/\/analyse.optim.biz\/index.php?rest_route=\/wp\/v2\/types\/post"}],"author":[{"embeddable":true,"href":"https:\/\/analyse.optim.biz\/index.php?rest_route=\/wp\/v2\/users\/1"}],"replies":[{"embeddable":true,"href":"https:\/\/analyse.optim.biz\/index.php?rest_route=%2Fwp%2Fv2%2Fcomments&post=2098685"}],"version-history":[{"count":0,"href":"https:\/\/analyse.optim.biz\/index.php?rest_route=\/wp\/v2\/posts\/2098685\/revisions"}],"wp:attachment":[{"href":"https:\/\/analyse.optim.biz\/index.php?rest_route=%2Fwp%2Fv2%2Fmedia&parent=2098685"}],"wp:term":[{"taxonomy":"category","embeddable":true,"href":"https:\/\/analyse.optim.biz\/index.php?rest_route=%2Fwp%2Fv2%2Fcategories&post=2098685"},{"taxonomy":"post_tag","embeddable":true,"href":"https:\/\/analyse.optim.biz\/index.php?rest_route=%2Fwp%2Fv2%2Ftags&post=2098685"}],"curies":[{"name":"wp","href":"https:\/\/api.w.org\/{rel}","templated":true}]}}