{"id":2098684,"date":"2026-08-14T10:02:55","date_gmt":"2026-08-14T07:02:55","guid":{"rendered":"https:\/\/analyse.optim.biz\/?p=2098684"},"modified":"2026-08-14T10:02:55","modified_gmt":"2026-08-14T07:02:55","slug":"ministra-diana-buzoianu-romania-a-depasit-tinta-pnrr-privind-constructia-fabricilor-de-reciclare","status":"publish","type":"post","link":"https:\/\/analyse.optim.biz\/?p=2098684","title":{"rendered":"Ministra Diana Buzoianu: Rom\u00e2nia a dep\u0103\u0219it \u021binta PNRR privind construc\u021bia fabricilor de reciclare"},"content":{"rendered":"<p>[analyse_image type=&#8221;featured&#8221; src=&#8221;https:\/\/infotulcea.ro\/wp-content\/uploads\/2026\/08\/usr.jpeghttps:\/\/infotulcea.ro\/wp-content\/uploads\/2026\/08\/usr.jpeg&#8221;]<\/p>\n<div id=\"content\" class=\"site-content container\">\n<div id=\"main-content-row\" class=\"tie-row main-content-row\">\n<div class=\"main-content tie-col-md-8 tie-col-xs-12\" role=\"main\">\n<article id=\"the-post\" class=\"container-wrapper post-content tie-standard\">\n<header class=\"entry-header-outer\">\n<nav id=\"breadcrumb\"><a href=\"https:\/\/infotulcea.ro\/\"> Home<\/a><em class=\"delimiter\">\/<\/em><a href=\"https:\/\/infotulcea.ro\/categorie\/politica\/\">Politic\u0103<\/a><em class=\"delimiter\">\/<\/em><a href=\"https:\/\/infotulcea.ro\/categorie\/politica\/usr\/\">USR<\/a><em class=\"delimiter\">\/<\/em><span class=\"current\">Ministra Diana Buzoianu: Rom\u00e2nia a dep\u0103\u0219it \u021binta PNRR privind construc\u021bia fabricilor de reciclare<\/span><\/nav>\n<div class=\"entry-header\"><span class=\"post-cat-wrap\"><a class=\"post-cat tie-cat-248\" href=\"https:\/\/infotulcea.ro\/categorie\/politica\/usr\/\">USR<\/a><\/span><\/p>\n<h1 class=\"post-title entry-title\">\n\t\t\tMinistra Diana Buzoianu: Rom\u00e2nia a dep\u0103\u0219it \u021binta PNRR privind construc\u021bia fabricilor de reciclare\t\t<\/h1>\n<div class=\"single-post-meta post-meta clearfix\"><span class=\"author-meta single-author no-avatars\"><span class=\"meta-item meta-author-wrapper meta-author-9\"><span class=\"meta-author\"><a href=\"https:\/\/infotulcea.ro\/author\/redactia-2\/\" class=\"author-name tie-icon\" title=\"Redactia\">Redactia<\/a><\/span><\/span><\/span><span class=\"date meta-item tie-icon\">14 august 2026<\/span><\/p>\n<div class=\"tie-alignright\"><span class=\"meta-comment tie-icon meta-item fa-before\">0<\/span><span class=\"meta-views meta-item \"> 598 <\/span><span class=\"meta-reading-time meta-item\"> 2 minutes read<\/span><\/div>\n<\/div>\n<\/div>\n<\/header>\n<div class=\"entry-content entry clearfix\">\n<p><strong>Diana Buzoianu, ministra USR a Mediului, anun\u021b\u0103 \u00eendeplinirea jalonului din PNRR privind dezvoltarea capacit\u0103\u021bilor de reciclare a de\u0219eurilor. \u00cen Rom\u00e2nia au fost finalizate 12 instala\u021bii de reciclare, dep\u0103\u0219ind \u021binta actual\u0103 de minimum 9 instala\u021bii prev\u0103zut\u0103 \u00een PNRR. Prin realizarea celor 12 fabrici, Rom\u00e2nia a realizat 133% din \u021binta actual\u0103. Coordonarea finan\u021b\u0103rii \u0219i a finaliz\u0103rii investi\u021biilor a fost gestionat\u0103 de Administra\u021bia Fondului pentru Mediu.<\/strong><\/p>\n<p>\u201eRom\u00e2nia are nevoie de capacit\u0103\u021bi reale de reciclare, aici, \u00een \u021bar\u0103. Cele 12 fabrici finalizate \u00eenseamn\u0103 mai pu\u021bine de\u0219euri trimise la depozitare, mai multe materiale reintegrate \u00een economie \u0219i investi\u021bii care creeaz\u0103 locuri de munc\u0103.<source sizes=\"(max-width: 459px) 100vw, 459px\" type=\"image\/webp\" data-srcset=\"https:\/\/infotulcea.ro\/wp-content\/uploads\/2026\/08\/usr-500x333.jpeg.webp 500w, https:\/\/infotulcea.ro\/wp-content\/uploads\/2026\/08\/usr-1024x683.jpeg.webp 1024w, https:\/\/infotulcea.ro\/wp-content\/uploads\/2026\/08\/usr-768x512.jpeg.webp 768w, https:\/\/infotulcea.ro\/wp-content\/uploads\/2026\/08\/usr.jpeg.webp 1080w\" \/><\/p>\n<p><img loading=\"lazy\" decoding=\"async\" class=\" wp-image-40380 alignright\" src=\"https:\/\/infotulcea.ro\/wp-content\/uploads\/2026\/08\/usr-500x333.jpeg\" alt width=\"459\" height=\"306\"> Am dep\u0103\u0219it \u021binta asumat\u0103 prin PNRR, dar acest rezultat trebuie s\u0103 fie doar un punct de plecare. Rom\u00e2nia recicleaz\u0103 \u00een continuare prea pu\u021bin, iar dezvoltarea infrastructurii trebuie \u00eenso\u021bit\u0103 de colectare separat\u0103, trasabilitate \u0219i informarea corect\u0103 a popula\u021biei\u201d, declar\u0103 ministra Diana Buzoianu.<\/p>\n<p>Cele 12 instala\u021bii finalizate permit reciclarea mai multor categorii de de\u0219euri, printre care plastic, sticl\u0103, textile, metale neferoase, anvelope uzate, precum \u0219i de\u0219euri provenite din construc\u021bii \u0219i demol\u0103ri.<\/p>\n<p>Pentru programul finan\u021bat ini\u021bial prin PNRR au fost semnate, \u00een aprilie 2025, 26 de contracte, cu o valoare total\u0103 de aproximativ 670 milioane de lei. Num\u0103rul contractelor semnate reprezint\u0103 portofoliul ini\u021bial al investi\u021biei \u0219i nu trebuie confundat cu \u021binta revizuit\u0103 a jalonului sau cu num\u0103rul instala\u021biilor finalizate.<\/p>\n<p>\u00cen urma revizuirii PNRR, finan\u021barea pentru 13 dintre contractele ini\u021biale, \u00een valoare total\u0103 de peste 312,5 milioane de lei, a fost preluat\u0103 din bugetul Fondului pentru Mediu, astfel \u00eenc\u00e2t proiectele s\u0103 poat\u0103 fi continuate. Acestea sunt implementate \u00een 12 jude\u021be: Bra\u0219ov, Buz\u0103u, Giurgiu, Boto\u0219ani, D\u00e2mbovi\u021ba, Covasna, C\u0103l\u0103ra\u0219i, Ia\u0219i \u2013 dou\u0103 proiecte, Maramure\u0219, Constan\u021ba, Suceava \u0219i Neam\u021b.<\/p>\n<p>Separat de investi\u021bia finan\u021bat\u0103 ini\u021bial prin PNRR, Administra\u021bia Fondului pentru Mediu sus\u021bine dezvoltarea capacit\u0103\u021bilor de reciclare \u0219i prin programul na\u021bional \u201eFabrici de reciclare\u201d. Din bugetul Fondului pentru Mediu sunt finan\u021bate 16 contracte, cu o valoare total\u0103 de peste 271,3 milioane de lei.<\/p>\n<p>Proiectele sunt implementate \u00een 13 jude\u021be: Maramure\u0219, D\u00e2mbovi\u021ba \u2013 dou\u0103 proiecte, Suceava, Neam\u021b, Buz\u0103u, Prahova \u2013 trei proiecte, V\u00e2lcea, Harghita, Dolj, Giurgiu, Constan\u021ba, Teleorman \u0219i Ialomi\u021ba.<\/p>\n<p>Prin aceste investi\u021bii sunt sus\u021binute activit\u0103\u021bi precum recuperarea materialelor reciclabile sortate, fabricarea produselor din material plastic, sticl\u0103, metale, materiale textile \u0219i cauciuc, recuperarea materialelor din de\u0219euri \u0219i tratarea de\u0219eurilor nepericuloase.<\/p>\n<p>\u00cen cadrul schemei ini\u021biale de finan\u021bare, valoarea ajutorului de stat acordat unui beneficiar a fost cuprins\u0103 \u00eentre 500.000 de euro \u0219i maximum 8,4 milioane de euro pentru fiecare proiect, iar intensitatea sprijinului a putut ajunge p\u00e2n\u0103 la 75% din cheltuielile eligibile, \u00een func\u021bie de regiunea \u00een care este realizat\u0103 investi\u021bia.<\/p>\n<\/div>\n<div id=\"post-extra-info\">\n<div class=\"theiaStickySidebar\">\n<div class=\"single-post-meta post-meta clearfix\"><span class=\"author-meta single-author no-avatars\"><span class=\"meta-item meta-author-wrapper meta-author-9\"><span class=\"meta-author\"><a href=\"https:\/\/infotulcea.ro\/author\/redactia-2\/\" class=\"author-name tie-icon\" title=\"Redactia\">Redactia<\/a><\/span><\/span><\/span><span class=\"date meta-item tie-icon\">14 august 2026<\/span><\/p>\n<div class=\"tie-alignright\"><span class=\"meta-comment tie-icon meta-item fa-before\">0<\/span><span class=\"meta-views meta-item \"> 598 <\/span><span class=\"meta-reading-time meta-item\"> 2 minutes read<\/span><\/div>\n<\/div>\n<\/div>\n<\/div>\n<div id=\"share-buttons-bottom\" class=\"share-buttons share-buttons-bottom\">\n<div class=\"share-links  icons-only\">\n<div class=\"share-title\"><span> Share<\/span><\/div>\n<p><a href=\"https:\/\/www.facebook.com\/sharer.php?u=https:\/\/infotulcea.ro\/ministra-diana-buzoianu-romania-a-depasit-tinta-pnrr-privind-constructia-fabricilor-de-reciclare\/\" rel=\"external noopener nofollow\" title=\"Facebook\" target=\"_blank\" class=\"facebook-share-btn \" data-raw=\"https:\/\/www.facebook.com\/sharer.php?u={post_link}\"><span class=\"screen-reader-text\">Facebook<\/span><\/a><a href=\"https:\/\/twitter.com\/intent\/tweet?text=Ministra%20Diana%20Buzoianu%3A%20Rom%C3%A2nia%20a%20dep%C4%83%C8%99it%20%C8%9Binta%20PNRR%20privind%20construc%C8%9Bia%20fabricilor%20de%20reciclare&amp;url=https:\/\/infotulcea.ro\/ministra-diana-buzoianu-romania-a-depasit-tinta-pnrr-privind-constructia-fabricilor-de-reciclare\/\" rel=\"external noopener nofollow\" title=\"X\" target=\"_blank\" class=\"twitter-share-btn \" data-raw=\"https:\/\/twitter.com\/intent\/tweet?text={post_title}&amp;url={post_link}\"><span class=\"screen-reader-text\">X<\/span><\/a><a href=\"https:\/\/api.whatsapp.com\/send?text=Ministra%20Diana%20Buzoianu%3A%20Rom%C3%A2nia%20a%20dep%C4%83%C8%99it%20%C8%9Binta%20PNRR%20privind%20construc%C8%9Bia%20fabricilor%20de%20reciclare%20https:\/\/infotulcea.ro\/ministra-diana-buzoianu-romania-a-depasit-tinta-pnrr-privind-constructia-fabricilor-de-reciclare\/\" rel=\"external noopener nofollow\" title=\"WhatsApp\" target=\"_blank\" class=\"whatsapp-share-btn \" data-raw=\"https:\/\/api.whatsapp.com\/send?text={post_title}%20{post_link}\"><span class=\"screen-reader-text\">WhatsApp<\/span><\/a><a href=\"https:\/\/telegram.me\/share\/url?url=https:\/\/infotulcea.ro\/ministra-diana-buzoianu-romania-a-depasit-tinta-pnrr-privind-constructia-fabricilor-de-reciclare\/&amp;text=Ministra%20Diana%20Buzoianu%3A%20Rom%C3%A2nia%20a%20dep%C4%83%C8%99it%20%C8%9Binta%20PNRR%20privind%20construc%C8%9Bia%20fabricilor%20de%20reciclare\" rel=\"external noopener nofollow\" title=\"Telegram\" target=\"_blank\" class=\"telegram-share-btn \" data-raw=\"https:\/\/telegram.me\/share\/url?url={post_link}&amp;text={post_title}\"><span class=\"screen-reader-text\">Telegram<\/span><\/a><a href=\"mailto:?subject=Ministra%20Diana%20Buzoianu%3A%20Rom%C3%A2nia%20a%20dep%C4%83%C8%99it%20%C8%9Binta%20PNRR%20privind%20construc%C8%9Bia%20fabricilor%20de%20reciclare&amp;body=https:\/\/infotulcea.ro\/ministra-diana-buzoianu-romania-a-depasit-tinta-pnrr-privind-constructia-fabricilor-de-reciclare\/\" rel=\"external noopener nofollow\" title=\"Share via Email\" target=\"_blank\" class=\"email-share-btn \" data-raw=\"mailto:?subject={post_title}&amp;body={post_link}\"><span class=\"screen-reader-text\">Share via Email<\/span><\/a><a href=\"https:\/\/infotulcea.ro\/ministra-diana-buzoianu-romania-a-depasit-tinta-pnrr-privind-constructia-fabricilor-de-reciclare\/\" rel=\"external noopener nofollow\" title=\"Print\" target=\"_blank\" class=\"print-share-btn \" data-raw=\"#\"><span class=\"screen-reader-text\">Print<\/span><\/a><\/div>\n<\/div>\n<\/article>\n<div class=\"post-components\">\n<div id=\"related-posts\" class=\"container-wrapper has-extra-post\">\n<div class=\"mag-box-title the-global-title\">\n<h3>Related Articles<\/h3>\n<\/div>\n<div class=\"related-posts-list\">\n<div class=\"related-item tie-standard\"><a aria-label=\"Radu Miru\u021b\u0103, la Ap\u0103rare. Irineu Dar\u0103u, la Economie!\" href=\"https:\/\/infotulcea.ro\/radu-miruta-la-aparare-irineu-darau-la-economie\/\" class=\"post-thumb\"><source type=\"image\/webp\" data-srcset=\"https:\/\/infotulcea.ro\/wp-content\/uploads\/2025\/12\/7f502fa0-61df-406a-98b4-cac174a658b2-390x220.jpeg.webp\" \/><img loading=\"lazy\" decoding=\"async\" width=\"390\" height=\"220\" src=\"https:\/\/infotulcea.ro\/wp-content\/uploads\/2025\/12\/7f502fa0-61df-406a-98b4-cac174a658b2-390x220.jpeg\" class=\"attachment-jannah-image-large size-jannah-image-large wp-post-image\" alt><\/a><\/p>\n<h3 class=\"post-title\"><a href=\"https:\/\/infotulcea.ro\/radu-miruta-la-aparare-irineu-darau-la-economie\/\">Radu Miru\u021b\u0103, la Ap\u0103rare. Irineu Dar\u0103u, la Economie!<\/a><\/h3>\n<div class=\"post-meta clearfix\"><span class=\"date meta-item tie-icon\">19 decembrie 2025<\/span><\/div>\n<\/div>\n<div class=\"related-item tie-standard\"><a aria-label=\"Eugen Terente, deputat USR: 1 milion de rom\u00e2ni cu dizabilit\u0103\u021bi merit\u0103 mai mult!\" href=\"https:\/\/infotulcea.ro\/eugen-terente-deputat-usr-1-milion-de-romani-cu-dizabilitati-merita-mai-mult\/\" class=\"post-thumb\"><source type=\"image\/webp\" data-srcset=\"https:\/\/infotulcea.ro\/wp-content\/uploads\/2024\/12\/dizabilitati-390x220.jpg.webp\" \/><img loading=\"lazy\" decoding=\"async\" width=\"390\" height=\"220\" src=\"https:\/\/infotulcea.ro\/wp-content\/uploads\/2024\/12\/dizabilitati-390x220.jpg\" class=\"attachment-jannah-image-large size-jannah-image-large wp-post-image\" alt><\/a><\/p>\n<h3 class=\"post-title\"><a href=\"https:\/\/infotulcea.ro\/eugen-terente-deputat-usr-1-milion-de-romani-cu-dizabilitati-merita-mai-mult\/\">Eugen Terente, deputat USR: 1 milion de rom\u00e2ni cu dizabilit\u0103\u021bi merit\u0103 mai mult!<\/a><\/h3>\n<div class=\"post-meta clearfix\"><span class=\"date meta-item tie-icon\">3 decembrie 2024<\/span><\/div>\n<\/div>\n<div class=\"related-item tie-standard\"><a aria-label=\"Diana Buzoianu: Pl\u00e2ngere penal\u0103 dup\u0103 vandalizarea camerelor forestiere\" href=\"https:\/\/infotulcea.ro\/diana-buzoianu-plangere-penala-dupa-vandalizarea-camerelor-forestiere\/\" class=\"post-thumb\"><source type=\"image\/webp\" data-srcset=\"https:\/\/infotulcea.ro\/wp-content\/uploads\/2026\/06\/usr-1--390x220.jpeg.webp\" \/><img loading=\"lazy\" decoding=\"async\" width=\"390\" height=\"220\" src=\"https:\/\/infotulcea.ro\/wp-content\/uploads\/2026\/06\/usr-1--390x220.jpeg\" class=\"attachment-jannah-image-large size-jannah-image-large wp-post-image\" alt><\/a><\/p>\n<h3 class=\"post-title\"><a href=\"https:\/\/infotulcea.ro\/diana-buzoianu-plangere-penala-dupa-vandalizarea-camerelor-forestiere\/\">Diana Buzoianu: Pl\u00e2ngere penal\u0103 dup\u0103 vandalizarea camerelor forestiere<\/a><\/h3>\n<div class=\"post-meta clearfix\"><span class=\"date meta-item tie-icon\">9 iunie 2026<\/span><\/div>\n<\/div>\n<div class=\"related-item tie-standard\">\n<h3 class=\"post-title\"><a href=\"https:\/\/infotulcea.ro\/ministrul-radu-miruta-raspunde-punctual-dezinformarilor-din-ultimele-zile-o-parte-dintre-cei-care-se-declara-suveranisti-sunt-mai-deranjati-ca-armata-romana-si-a-facut-datoria-de\/\">Ministrul Radu Miru\u021b\u0103 r\u0103spunde punctual dezinform\u0103rilor din ultimele zile. \u201eO parte dintre cei care se declar\u0103 \u00absuverani\u0219ti\u00bb sunt mai deranja\u021bi c\u0103 Armata Rom\u00e2n\u0103 \u0219i-a f\u0103cut datoria dec\u00e2t de faptul c\u0103 drone ruse\u0219ti au \u00eenc\u0103lcat spa\u021biul nostru aerian\u201d<\/a><\/h3>\n<div class=\"post-meta clearfix\"><span class=\"date meta-item tie-icon\">25 iulie 2026<\/span><\/div>\n<\/div>\n<\/div>\n<\/div>\n<div id=\"comments\" class=\"comments-area\">\n<div id=\"add-comment-block\" class=\"container-wrapper\">\n<div id=\"respond\" class=\"comment-respond\">\n<h3 id=\"reply-title\" class=\"comment-reply-title the-global-title\">Las\u0103 un r\u0103spuns <small><a rel=\"nofollow\" id=\"cancel-comment-reply-link\" href=\"https:\/\/infotulcea.ro\/ministra-diana-buzoianu-romania-a-depasit-tinta-pnrr-privind-constructia-fabricilor-de-reciclare\/#respond\">Anuleaz\u0103 r\u0103spunsul<\/a><\/small><\/h3>\n<p class=\"comment-notes\"><span id=\"email-notes\">Adresa ta de email nu va fi publicat\u0103.<\/span><span class=\"required-field-message\">C\u00e2mpurile obligatorii sunt marcate cu <span class=\"required\">*<\/span><\/span><\/p>\n<\/div>\n<\/div>\n<\/div>\n<\/div>\n<\/div>\n<div id=\"check-also-box\" class=\"container-wrapper check-also-right\">\n<div class=\"widget-title the-global-title\">\n<div class=\"the-subtitle\">Check Also<\/div>\n<p><a href=\"https:\/\/infotulcea.ro\/ministra-diana-buzoianu-romania-a-depasit-tinta-pnrr-privind-constructia-fabricilor-de-reciclare\/\" id=\"check-also-close\" class=\"remove\"><span class=\"screen-reader-text\">Close<\/span><\/a><\/div>\n<div class=\"widget posts-list-big-first has-first-big-post\">\n<ul class=\"posts-list-items\">\n<li class=\"widget-single-post-item widget-post-list tie-standard\">\n<div class=\"post-widget-thumbnail\"><a aria-label=\"Consiliera municipal\u0103 USR, doamna Tatiana Hali\u021b, face radiografia \u0219edin\u021bei de Consiliu Local din 30 septembrie!\" href=\"https:\/\/infotulcea.ro\/consiliera-municipala-usr-doamna-tatiana-halit-face-radiografia-sedintei-de-consiliu-local-din-30-septembrie\/\" class=\"post-thumb\"><span class=\"post-cat-wrap\"><span class=\"post-cat tie-cat-248\">USR<\/span><\/span><source type=\"image\/webp\" data-srcset=\"https:\/\/infotulcea.ro\/wp-content\/uploads\/2025\/09\/tatiana-halit-390x220.jpg.webp\" \/><img loading=\"lazy\" decoding=\"async\" width=\"390\" height=\"220\" src=\"https:\/\/infotulcea.ro\/wp-content\/uploads\/2025\/09\/tatiana-halit-390x220.jpg\" class=\"attachment-jannah-image-large size-jannah-image-large wp-post-image\" alt><\/a><\/div>\n<div class=\"post-widget-body \"><a class=\"post-title the-subtitle\" href=\"https:\/\/infotulcea.ro\/consiliera-municipala-usr-doamna-tatiana-halit-face-radiografia-sedintei-de-consiliu-local-din-30-septembrie\/\">Consiliera municipal\u0103 USR, doamna Tatiana Hali\u021b, face radiografia \u0219edin\u021bei de Consiliu Local din 30 septembrie!<\/a><\/p>\n<div class=\"post-meta\"><span class=\"date meta-item tie-icon\">29 septembrie 2025<\/span><\/div>\n<\/div>\n<\/li>\n<\/ul>\n<\/div>\n<\/div>\n<aside class=\"sidebar tie-col-md-4 tie-col-xs-12 normal-side is-sticky\" aria-label=\"Primary Sidebar\">\n<div class=\"theiaStickySidebar\">\n<div id=\"media_image-19\" class=\"container-wrapper widget widget_media_image\"><a href=\"https:\/\/infotulcea.ro\/delta-dunarii-mai-accesibila-navrom-delta-creste-numarul-curselor-regulate-de-la-1-mai-2025\/\"><source sizes=\"(max-width: 500px) 100vw, 500px\" type=\"image\/webp\" data-srcset=\"https:\/\/infotulcea.ro\/wp-content\/uploads\/2025\/04\/navrom-delta-500x271.jpg.webp 500w, https:\/\/infotulcea.ro\/wp-content\/uploads\/2025\/04\/navrom-delta-1024x555.jpg.webp 1024w, https:\/\/infotulcea.ro\/wp-content\/uploads\/2025\/04\/navrom-delta-768x416.jpg.webp 768w, https:\/\/infotulcea.ro\/wp-content\/uploads\/2025\/04\/navrom-delta.jpg.webp 1080w\" \/><img loading=\"lazy\" decoding=\"async\" width=\"500\" height=\"271\" src=\"https:\/\/infotulcea.ro\/wp-content\/uploads\/2025\/04\/navrom-delta-500x271.jpg\" class=\"image wp-image-34487  attachment-medium size-medium\" alt><\/a><\/div>\n<div id=\"media_image-17\" class=\"container-wrapper widget widget_media_image\"><a href=\"https:\/\/www.facebook.com\/share\/p\/1DGAD1tLWN\/?mibextid=wwXIfr\" target=\"_blank\"><source sizes=\"(max-width: 500px) 100vw, 500px\" type=\"image\/webp\" data-srcset=\"https:\/\/infotulcea.ro\/wp-content\/uploads\/2026\/01\/IMG_1563-500x500.jpeg.webp 500w, https:\/\/infotulcea.ro\/wp-content\/uploads\/2026\/01\/IMG_1563-1024x1024.jpeg.webp 1024w, https:\/\/infotulcea.ro\/wp-content\/uploads\/2026\/01\/IMG_1563-250x250.jpeg.webp 250w, https:\/\/infotulcea.ro\/wp-content\/uploads\/2026\/01\/IMG_1563-768x768.jpeg.webp 768w, https:\/\/infotulcea.ro\/wp-content\/uploads\/2026\/01\/IMG_1563.jpeg.webp 1080w\" \/><img loading=\"lazy\" decoding=\"async\" width=\"500\" height=\"500\" src=\"https:\/\/infotulcea.ro\/wp-content\/uploads\/2026\/01\/IMG_1563-500x500.jpeg\" class=\"image wp-image-37932  attachment-medium size-medium\" alt title=\"Centrale pe lemne\"><\/a><\/div>\n<div id=\"media_image-18\" class=\"container-wrapper widget widget_media_image\"><a href=\"https:\/\/www.licitatia.ro\/site\/index-guest\"><img loading=\"lazy\" decoding=\"async\" width=\"500\" height=\"262\" src=\"https:\/\/infotulcea.ro\/wp-content\/uploads\/2025\/09\/licitatia-500x262.png\" class=\"image wp-image-36670  attachment-medium size-medium lazyload\" alt><img loading=\"lazy\" decoding=\"async\" width=\"500\" height=\"262\" src=\"https:\/\/infotulcea.ro\/wp-content\/uploads\/2025\/09\/licitatia-500x262.png\" class=\"image wp-image-36670  attachment-medium size-medium\" alt><\/a><\/div>\n<div id=\"media_image-27\" class=\"container-wrapper widget widget_media_image\"><a href=\"https:\/\/www.centrale-lemne-liepsnele.ro\/\"><img loading=\"lazy\" decoding=\"async\" width=\"500\" height=\"500\" src=\"https:\/\/infotulcea.ro\/wp-content\/uploads\/2025\/09\/Centrale-pe-Lemne-Liepsnele-500x500.png\" class=\"image wp-image-36541  attachment-medium size-medium lazyload\" alt=\"Centrala pe lemne\"><img loading=\"lazy\" decoding=\"async\" width=\"500\" height=\"500\" src=\"https:\/\/infotulcea.ro\/wp-content\/uploads\/2025\/09\/Centrale-pe-Lemne-Liepsnele-500x500.png\" class=\"image wp-image-36541  attachment-medium size-medium\" alt=\"Centrala pe lemne\"><\/a><\/div>\n<div id=\"media_image-28\" class=\"container-wrapper widget widget_media_image\"><a href=\"https:\/\/infotulcea.ro\/angajeaza-te-ro-platforma-ta-online-de-angajari-si-forta-de-munca\/\"><source sizes=\"(max-width: 500px) 100vw, 500px\" type=\"image\/webp\" data-srcset=\"https:\/\/infotulcea.ro\/wp-content\/uploads\/2025\/04\/banner-angajazate-1-500x305.jpg.webp 500w, https:\/\/infotulcea.ro\/wp-content\/uploads\/2025\/04\/banner-angajazate-1-1024x625.jpg.webp 1024w, https:\/\/infotulcea.ro\/wp-content\/uploads\/2025\/04\/banner-angajazate-1-768x469.jpg.webp 768w, https:\/\/infotulcea.ro\/wp-content\/uploads\/2025\/04\/banner-angajazate-1.jpg.webp 1080w\" \/><img loading=\"lazy\" decoding=\"async\" width=\"500\" height=\"305\" src=\"https:\/\/infotulcea.ro\/wp-content\/uploads\/2025\/04\/banner-angajazate-1-500x305.jpg\" class=\"image wp-image-34317  attachment-medium size-medium\" alt><\/a><\/div>\n<\/div>\n<\/aside>\n<\/div>\n<\/div>\n<div class=\"entry-content entry clearfix\">\n<p><strong>Diana Buzoianu, ministra USR a Mediului, anun\u021b\u0103 \u00eendeplinirea jalonului din PNRR privind dezvoltarea capacit\u0103\u021bilor de reciclare a de\u0219eurilor. \u00cen Rom\u00e2nia au fost finalizate 12 instala\u021bii de reciclare, dep\u0103\u0219ind \u021binta actual\u0103 de minimum 9 instala\u021bii prev\u0103zut\u0103 \u00een PNRR. Prin realizarea celor 12 fabrici, Rom\u00e2nia a realizat 133% din \u021binta actual\u0103. Coordonarea finan\u021b\u0103rii \u0219i a finaliz\u0103rii investi\u021biilor a fost gestionat\u0103 de Administra\u021bia Fondului pentru Mediu.<\/strong><\/p>\n<p>\u201eRom\u00e2nia are nevoie de capacit\u0103\u021bi reale de reciclare, aici, \u00een \u021bar\u0103. Cele 12 fabrici finalizate \u00eenseamn\u0103 mai pu\u021bine de\u0219euri trimise la depozitare, mai multe materiale reintegrate \u00een economie \u0219i investi\u021bii care creeaz\u0103 locuri de munc\u0103.<source sizes=\"(max-width: 459px) 100vw, 459px\" type=\"image\/webp\" data-srcset=\"https:\/\/infotulcea.ro\/wp-content\/uploads\/2026\/08\/usr-500x333.jpeg.webp 500w, https:\/\/infotulcea.ro\/wp-content\/uploads\/2026\/08\/usr-1024x683.jpeg.webp 1024w, https:\/\/infotulcea.ro\/wp-content\/uploads\/2026\/08\/usr-768x512.jpeg.webp 768w, https:\/\/infotulcea.ro\/wp-content\/uploads\/2026\/08\/usr.jpeg.webp 1080w\" \/><\/p>\n<p><img loading=\"lazy\" decoding=\"async\" class=\" wp-image-40380 alignright\" src=\"https:\/\/infotulcea.ro\/wp-content\/uploads\/2026\/08\/usr-500x333.jpeg\" alt width=\"459\" height=\"306\"> Am dep\u0103\u0219it \u021binta asumat\u0103 prin PNRR, dar acest rezultat trebuie s\u0103 fie doar un punct de plecare. Rom\u00e2nia recicleaz\u0103 \u00een continuare prea pu\u021bin, iar dezvoltarea infrastructurii trebuie \u00eenso\u021bit\u0103 de colectare separat\u0103, trasabilitate \u0219i informarea corect\u0103 a popula\u021biei\u201d, declar\u0103 ministra Diana Buzoianu.<\/p>\n<p>Cele 12 instala\u021bii finalizate permit reciclarea mai multor categorii de de\u0219euri, printre care plastic, sticl\u0103, textile, metale neferoase, anvelope uzate, precum \u0219i de\u0219euri provenite din construc\u021bii \u0219i demol\u0103ri.<\/p>\n<p>Pentru programul finan\u021bat ini\u021bial prin PNRR au fost semnate, \u00een aprilie 2025, 26 de contracte, cu o valoare total\u0103 de aproximativ 670 milioane de lei. Num\u0103rul contractelor semnate reprezint\u0103 portofoliul ini\u021bial al investi\u021biei \u0219i nu trebuie confundat cu \u021binta revizuit\u0103 a jalonului sau cu num\u0103rul instala\u021biilor finalizate.<\/p>\n<p>\u00cen urma revizuirii PNRR, finan\u021barea pentru 13 dintre contractele ini\u021biale, \u00een valoare total\u0103 de peste 312,5 milioane de lei, a fost preluat\u0103 din bugetul Fondului pentru Mediu, astfel \u00eenc\u00e2t proiectele s\u0103 poat\u0103 fi continuate. Acestea sunt implementate \u00een 12 jude\u021be: Bra\u0219ov, Buz\u0103u, Giurgiu, Boto\u0219ani, D\u00e2mbovi\u021ba, Covasna, C\u0103l\u0103ra\u0219i, Ia\u0219i \u2013 dou\u0103 proiecte, Maramure\u0219, Constan\u021ba, Suceava \u0219i Neam\u021b.<\/p>\n<p>Separat de investi\u021bia finan\u021bat\u0103 ini\u021bial prin PNRR, Administra\u021bia Fondului pentru Mediu sus\u021bine dezvoltarea capacit\u0103\u021bilor de reciclare \u0219i prin programul na\u021bional \u201eFabrici de reciclare\u201d. Din bugetul Fondului pentru Mediu sunt finan\u021bate 16 contracte, cu o valoare total\u0103 de peste 271,3 milioane de lei.<\/p>\n<p>Proiectele sunt implementate \u00een 13 jude\u021be: Maramure\u0219, D\u00e2mbovi\u021ba \u2013 dou\u0103 proiecte, Suceava, Neam\u021b, Buz\u0103u, Prahova \u2013 trei proiecte, V\u00e2lcea, Harghita, Dolj, Giurgiu, Constan\u021ba, Teleorman \u0219i Ialomi\u021ba.<\/p>\n<p>Prin aceste investi\u021bii sunt sus\u021binute activit\u0103\u021bi precum recuperarea materialelor reciclabile sortate, fabricarea produselor din material plastic, sticl\u0103, metale, materiale textile \u0219i cauciuc, recuperarea materialelor din de\u0219euri \u0219i tratarea de\u0219eurilor nepericuloase.<\/p>\n<p>\u00cen cadrul schemei ini\u021biale de finan\u021bare, valoarea ajutorului de stat acordat unui beneficiar a fost cuprins\u0103 \u00eentre 500.000 de euro \u0219i maximum 8,4 milioane de euro pentru fiecare proiect, iar intensitatea sprijinului a putut ajunge p\u00e2n\u0103 la 75% din cheltuielile eligibile, \u00een func\u021bie de regiunea \u00een care este realizat\u0103 investi\u021bia.<\/p>\n<\/div>\n<div class=\"articleBody\" data-key=\"articleBody\">Diana Buzoianu, ministra USR a Mediului, anun\u021b\u0103 \u00eendeplinirea jalonului din PNRR privind dezvoltarea capacit\u0103\u021bilor de reciclare a de\u0219eurilor. \u00cen Rom\u00e2nia au fost finalizate 12 instala\u021bii de reciclare, dep\u0103\u0219ind \u021binta actual\u0103 de minimum 9 instala\u021bii prev\u0103zut\u0103 \u00een PNRR. Prin realizarea celor 12 fabrici, Rom\u00e2nia a realizat 133% din \u021binta actual\u0103. Coordonarea finan\u021b\u0103rii \u0219i a finaliz\u0103rii investi\u021biilor a fost gestionat\u0103 de Administra\u021bia Fondului pentru Mediu.<\/p>\n<p>\u201eRom\u00e2nia are nevoie de capacit\u0103\u021bi reale de reciclare, aici, \u00een \u021bar\u0103. Cele 12 fabrici finalizate \u00eenseamn\u0103 mai pu\u021bine de\u0219euri trimise la depozitare, mai multe materiale reintegrate \u00een economie \u0219i investi\u021bii care creeaz\u0103 locuri de munc\u0103. Am dep\u0103\u0219it \u021binta asumat\u0103 prin PNRR, dar acest rezultat trebuie s\u0103 fie doar un punct de plecare. Rom\u00e2nia recicleaz\u0103 \u00een continuare prea pu\u021bin, iar dezvoltarea infrastructurii trebuie \u00eenso\u021bit\u0103 de colectare separat\u0103, trasabilitate \u0219i informarea corect\u0103 a popula\u021biei\u201d, declar\u0103 ministra Diana Buzoianu.<\/p>\n<p>Cele 12 instala\u021bii finalizate permit reciclarea mai multor categorii de de\u0219euri, printre care plastic, sticl\u0103, textile, metale neferoase, anvelope uzate, precum \u0219i de\u0219euri provenite din construc\u021bii \u0219i demol\u0103ri.<\/p>\n<p>Pentru programul finan\u021bat ini\u021bial prin PNRR au fost semnate, \u00een aprilie 2025, 26 de contracte, cu o valoare total\u0103 de aproximativ 670 milioane de lei. Num\u0103rul contractelor semnate reprezint\u0103 portofoliul ini\u021bial al investi\u021biei \u0219i nu trebuie confundat cu \u021binta revizuit\u0103 a jalonului sau cu num\u0103rul instala\u021biilor finalizate.<\/p>\n<p>\u00cen urma revizuirii PNRR, finan\u021barea pentru 13 dintre contractele ini\u021biale, \u00een valoare total\u0103 de peste 312,5 milioane de lei, a fost preluat\u0103 din bugetul Fondului pentru Mediu, astfel \u00eenc\u00e2t proiectele s\u0103 poat\u0103 fi continuate. Acestea sunt implementate \u00een 12 jude\u021be: Bra\u0219ov, Buz\u0103u, Giurgiu, Boto\u0219ani, D\u00e2mbovi\u021ba, Covasna, C\u0103l\u0103ra\u0219i, Ia\u0219i \u2013 dou\u0103 proiecte, Maramure\u0219, Constan\u021ba, Suceava \u0219i Neam\u021b.<\/p>\n<p>Separat de investi\u021bia finan\u021bat\u0103 ini\u021bial prin PNRR, Administra\u021bia Fondului pentru Mediu sus\u021bine dezvoltarea capacit\u0103\u021bilor de reciclare \u0219i prin programul na\u021bional \u201eFabrici de reciclare\u201d. Din bugetul Fondului pentru Mediu sunt finan\u021bate 16 contracte, cu o valoare total\u0103 de peste 271,3 milioane de lei.<\/p>\n<p>Proiectele sunt implementate \u00een 13 jude\u021be: Maramure\u0219, D\u00e2mbovi\u021ba \u2013 dou\u0103 proiecte, Suceava, Neam\u021b, Buz\u0103u, Prahova \u2013 trei proiecte, V\u00e2lcea, Harghita, Dolj, Giurgiu, Constan\u021ba, Teleorman \u0219i Ialomi\u021ba.<\/p>\n<p>Prin aceste investi\u021bii sunt sus\u021binute activit\u0103\u021bi precum recuperarea materialelor reciclabile sortate, fabricarea produselor din material plastic, sticl\u0103, metale, materiale textile \u0219i cauciuc, recuperarea materialelor din de\u0219euri \u0219i tratarea de\u0219eurilor nepericuloase.<\/p>\n<p>\u00cen cadrul schemei ini\u021biale de finan\u021bare, valoarea ajutorului de stat acordat unui beneficiar a fost cuprins\u0103 \u00eentre 500.000 de euro \u0219i maximum 8,4 milioane de euro pentru fiecare proiect, iar intensitatea sprijinului a putut ajunge p\u00e2n\u0103 la 75% din cheltuielile eligibile, \u00een func\u021bie de regiunea \u00een care este realizat\u0103 investi\u021bia.<\/p><\/div>\n<p>[analyse_source url=&#8221;https:\/\/infotulcea.ro\/ministra-diana-buzoianu-romania-a-depasit-tinta-pnrr-privind-constructia-fabricilor-de-reciclare\/&#8221;]<\/p>\n","protected":false},"excerpt":{"rendered":"<p>[analyse_image type=&#8221;featured&#8221; src=&#8221;https:\/\/infotulcea.ro\/wp-content\/uploads\/2026\/08\/usr.jpeghttps:\/\/infotulcea.ro\/wp-content\/uploads\/2026\/08\/usr.jpeg&#8221;] Home\/Politic\u0103\/USR\/Ministra Diana Buzoianu: Rom\u00e2nia a dep\u0103\u0219it \u021binta PNRR privind construc\u021bia fabricilor de reciclare USR Ministra Diana Buzoianu: Rom\u00e2nia a dep\u0103\u0219it \u021binta PNRR privind construc\u021bia fabricilor de reciclare Redactia14 august 2026 0 598 2 minutes read Diana Buzoianu, ministra USR a Mediului, anun\u021b\u0103 \u00eendeplinirea jalonului din PNRR privind dezvoltarea capacit\u0103\u021bilor de reciclare a [&hellip;]<\/p>\n","protected":false},"author":1,"featured_media":0,"comment_status":"open","ping_status":"","sticky":false,"template":"","format":"standard","meta":{"footnotes":""},"categories":[89],"tags":[226,221],"class_list":["post-2098684","post","type-post","status-publish","format-standard","hentry","category-romania","tag-crawlmanager","tag-infotulcea-ro"],"_links":{"self":[{"href":"https:\/\/analyse.optim.biz\/index.php?rest_route=\/wp\/v2\/posts\/2098684","targetHints":{"allow":["GET"]}}],"collection":[{"href":"https:\/\/analyse.optim.biz\/index.php?rest_route=\/wp\/v2\/posts"}],"about":[{"href":"https:\/\/analyse.optim.biz\/index.php?rest_route=\/wp\/v2\/types\/post"}],"author":[{"embeddable":true,"href":"https:\/\/analyse.optim.biz\/index.php?rest_route=\/wp\/v2\/users\/1"}],"replies":[{"embeddable":true,"href":"https:\/\/analyse.optim.biz\/index.php?rest_route=%2Fwp%2Fv2%2Fcomments&post=2098684"}],"version-history":[{"count":0,"href":"https:\/\/analyse.optim.biz\/index.php?rest_route=\/wp\/v2\/posts\/2098684\/revisions"}],"wp:attachment":[{"href":"https:\/\/analyse.optim.biz\/index.php?rest_route=%2Fwp%2Fv2%2Fmedia&parent=2098684"}],"wp:term":[{"taxonomy":"category","embeddable":true,"href":"https:\/\/analyse.optim.biz\/index.php?rest_route=%2Fwp%2Fv2%2Fcategories&post=2098684"},{"taxonomy":"post_tag","embeddable":true,"href":"https:\/\/analyse.optim.biz\/index.php?rest_route=%2Fwp%2Fv2%2Ftags&post=2098684"}],"curies":[{"name":"wp","href":"https:\/\/api.w.org\/{rel}","templated":true}]}}