{"id":2098682,"date":"2026-08-12T10:23:55","date_gmt":"2026-08-12T07:23:55","guid":{"rendered":"https:\/\/analyse.optim.biz\/?p=2098682"},"modified":"2026-08-12T10:23:55","modified_gmt":"2026-08-12T07:23:55","slug":"ministrii-radu-miruta-si-irineu-darau-grafitul-de-la-baia-de-fier-scos-de-pe-lista-mortilor-si-redeschis-pentru-exploatare","status":"publish","type":"post","link":"https:\/\/analyse.optim.biz\/?p=2098682","title":{"rendered":"Mini\u0219trii Radu Miru\u021b\u0103 \u0219i Irineu Dar\u0103u: Grafitul de la Baia de Fier, scos de pe lista \u201emor\u021bilor\u201d \u0219i redeschis pentru exploatare"},"content":{"rendered":"<p>[analyse_image type=&#8221;featured&#8221; src=&#8221;https:\/\/infotulcea.ro\/wp-content\/uploads\/2026\/08\/usr-2.jpeghttps:\/\/infotulcea.ro\/wp-content\/uploads\/2026\/08\/usr-2.jpeg&#8221;]<\/p>\n<div id=\"content\" class=\"site-content container\">\n<div id=\"main-content-row\" class=\"tie-row main-content-row\">\n<div class=\"main-content tie-col-md-8 tie-col-xs-12\" role=\"main\">\n<article id=\"the-post\" class=\"container-wrapper post-content tie-standard\">\n<header class=\"entry-header-outer\">\n<nav id=\"breadcrumb\"><a href=\"https:\/\/infotulcea.ro\/\"> Home<\/a><em class=\"delimiter\">\/<\/em><a href=\"https:\/\/infotulcea.ro\/categorie\/politica\/\">Politic\u0103<\/a><em class=\"delimiter\">\/<\/em><a href=\"https:\/\/infotulcea.ro\/categorie\/politica\/usr\/\">USR<\/a><em class=\"delimiter\">\/<\/em><span class=\"current\">Mini\u0219trii Radu Miru\u021b\u0103 \u0219i Irineu Dar\u0103u: Grafitul de la Baia de Fier, scos de pe lista \u201emor\u021bilor\u201d \u0219i redeschis pentru exploatare<\/span><\/nav>\n<div class=\"entry-header\"><span class=\"post-cat-wrap\"><a class=\"post-cat tie-cat-248\" href=\"https:\/\/infotulcea.ro\/categorie\/politica\/usr\/\">USR<\/a><\/span><\/p>\n<h1 class=\"post-title entry-title\">\n\t\t\tMini\u0219trii Radu Miru\u021b\u0103 \u0219i Irineu Dar\u0103u: Grafitul de la Baia de Fier, scos de pe lista \u201emor\u021bilor\u201d \u0219i redeschis pentru exploatare\t\t<\/h1>\n<div class=\"single-post-meta post-meta clearfix\"><span class=\"author-meta single-author no-avatars\"><span class=\"meta-item meta-author-wrapper meta-author-9\"><span class=\"meta-author\"><a href=\"https:\/\/infotulcea.ro\/author\/redactia-2\/\" class=\"author-name tie-icon\" title=\"Redactia\">Redactia<\/a><\/span><\/span><\/span><span class=\"date meta-item tie-icon\">12 august 2026<\/span><\/p>\n<div class=\"tie-alignright\"><span class=\"meta-comment tie-icon meta-item fa-before\">0<\/span><span class=\"meta-views meta-item \"> 541 <\/span><span class=\"meta-reading-time meta-item\"> 1 minute read<\/span><\/div>\n<\/div>\n<\/div>\n<\/header>\n<div class=\"entry-content entry clearfix\">\n<p><strong>Guvernul va aproba, zilele urm\u0103toare, hot\u0103r\u00e2rea de guvern pentru redeschiderea exploat\u0103rii de grafit de la Baia de Fier, dup\u0103 ce, \u00een urm\u0103 cu an, ministrul Radu Miru\u021b\u0103 a f\u0103cut toate demersurile pentru ca statul rom\u00e2n s\u0103 r\u0103m\u00e2n\u0103 beneficiarul licen\u021bei.<\/strong><\/p>\n<p>\u201eExploatarea de grafit de la Baia de Fier era pe o list\u0103 a exploat\u0103rilor \u00eenchise, exista \u0219i o hot\u0103r\u00e2re de guvern \u00een acest<source sizes=\"(max-width: 480px) 100vw, 480px\" type=\"image\/webp\" data-srcset=\"https:\/\/infotulcea.ro\/wp-content\/uploads\/2026\/08\/usr-2-500x333.jpeg.webp 500w, https:\/\/infotulcea.ro\/wp-content\/uploads\/2026\/08\/usr-2-1024x683.jpeg.webp 1024w, https:\/\/infotulcea.ro\/wp-content\/uploads\/2026\/08\/usr-2-768x512.jpeg.webp 768w, https:\/\/infotulcea.ro\/wp-content\/uploads\/2026\/08\/usr-2.jpeg.webp 1080w\" \/><\/p>\n<p><img loading=\"lazy\" decoding=\"async\" class=\" wp-image-40371 alignright\" src=\"https:\/\/infotulcea.ro\/wp-content\/uploads\/2026\/08\/usr-2-500x333.jpeg\" alt width=\"480\" height=\"320\"> sens. Acum, din Ministerul Economiei a ie\u0219it hot\u0103r\u00e2rea de guvern, pe care am semnat-o \u0219i eu ca vicepremier, pentru deschiderea exploat\u0103rii de la Baia de Fier\u201d, a declarat Radu Miru\u021b\u0103, vicepremier \u0219i ministrul Ap\u0103r\u0103rii Na\u021bionale, \u00eentr-o conferin\u021b\u0103 comun\u0103 cu ministrul Irineu Dar\u0103u.<\/p>\n<p>\u201eAm ob\u021binut, de cur\u00e2nd, \u0219i avizul de la Ministerul Mediului, suntem pe etapele finale de avizare la Ministerul Finan\u021belor Publice \u0219i Ministerul Justi\u021biei, pentru ca acest proiect de HG s\u0103 fie adoptat. Este deschiderea lac\u0103tului pentru ca exploatarea grafitului de la Baia de Fier s\u0103 devin\u0103 realitate. Urmeaz\u0103 o licita\u021bie interna\u021bional\u0103 pentru a preg\u0103ti tot ce \u00eenseamn\u0103 prefezabilitate, fezabilitate etc. Sper\u0103m ca \u00een 2028 s\u0103 poat\u0103 \u00eencepe primele activit\u0103\u021bi de exploatare. Ar\u0103t\u0103m c\u0103 se poate, c\u0103 de la situa\u021bii de stagnare sau chiar regres s\u0103 ajungem la re\u00eenvierea unor industrii\u201d, a afirmat Irineu Dar\u0103u, ministrul Economiei, Digitaliz\u0103rii, Antreprenoriatului \u0219i Turismului.<\/p>\n<p>Exploatarea grafitului de la Baia Mare presupune mai multe etape \u0219i pentru prima etap\u0103 a fost depus proiect \u0219i se discut\u0103 la Comisia European\u0103 pentru finan\u021bare.<\/p>\n<source sizes=\"(max-width: 468px) 100vw, 468px\" type=\"image\/webp\" data-srcset=\"https:\/\/infotulcea.ro\/wp-content\/uploads\/2026\/08\/usr-1-500x333.jpeg.webp 500w, https:\/\/infotulcea.ro\/wp-content\/uploads\/2026\/08\/usr-1-1024x683.jpeg.webp 1024w, https:\/\/infotulcea.ro\/wp-content\/uploads\/2026\/08\/usr-1-768x512.jpeg.webp 768w, https:\/\/infotulcea.ro\/wp-content\/uploads\/2026\/08\/usr-1.jpeg.webp 1080w\" \/>\n<p><img loading=\"lazy\" decoding=\"async\" class=\" wp-image-40372 alignleft\" src=\"https:\/\/infotulcea.ro\/wp-content\/uploads\/2026\/08\/usr-1-500x333.jpeg\" alt width=\"468\" height=\"312\">\u00cen conferin\u021b\u0103, Radu Miru\u021b\u0103 a reamintit c\u0103 fostul Guvern Ciolacu a min\u021bit c\u00e2nd a spus, \u00een martie 2025, c\u0103 a finan\u021bat exploatarea grafitului.<\/p>\n<p>\u201eA fost o minciun\u0103 c\u00e2ntat\u0103 \u00een campania electoral\u0103 de domnii Marcel Ciolacu \u0219i Bogdan Ivan. \u00cen prima zi c\u00e2nd am ajuns la Ministerul Economiei, am c\u0103utat proiectul \u0219i am constatat c\u0103 nasul lui Pinocchio era c\u00e2t cl\u0103direa ministerului. Am \u00eenceput demersurile pentru a garanta, \u00een primul r\u00e2nd, c\u0103 licen\u021ba de exploatare apar\u021bine statului rom\u00e2n, pentru c\u0103 existau preocup\u0103ri ca al\u021bii s\u0103 preia acest drept. Hot\u0103r\u00e2rea de guvern \u00een acest sens a fost adoptat\u0103 \u00een august 2025\u201d, a precizat Radu Miru\u021b\u0103.<\/p>\n<\/div>\n<div id=\"post-extra-info\">\n<div class=\"theiaStickySidebar\">\n<div class=\"single-post-meta post-meta clearfix\"><span class=\"author-meta single-author no-avatars\"><span class=\"meta-item meta-author-wrapper meta-author-9\"><span class=\"meta-author\"><a href=\"https:\/\/infotulcea.ro\/author\/redactia-2\/\" class=\"author-name tie-icon\" title=\"Redactia\">Redactia<\/a><\/span><\/span><\/span><span class=\"date meta-item tie-icon\">12 august 2026<\/span><\/p>\n<div class=\"tie-alignright\"><span class=\"meta-comment tie-icon meta-item fa-before\">0<\/span><span class=\"meta-views meta-item \"> 541 <\/span><span class=\"meta-reading-time meta-item\"> 1 minute read<\/span><\/div>\n<\/div>\n<\/div>\n<\/div>\n<div id=\"share-buttons-bottom\" class=\"share-buttons share-buttons-bottom\">\n<div class=\"share-links  icons-only\">\n<div class=\"share-title\"><span> Share<\/span><\/div>\n<p><a href=\"https:\/\/www.facebook.com\/sharer.php?u=https:\/\/infotulcea.ro\/ministrii-radu-miruta-si-irineu-darau-grafitul-de-la-baia-de-fier-scos-de-pe-lista-mortilor-si-redeschis-pentru-exploatare\/\" rel=\"external noopener nofollow\" title=\"Facebook\" target=\"_blank\" class=\"facebook-share-btn \" data-raw=\"https:\/\/www.facebook.com\/sharer.php?u={post_link}\"><span class=\"screen-reader-text\">Facebook<\/span><\/a><a href=\"https:\/\/twitter.com\/intent\/tweet?text=Mini%C8%99trii%20Radu%20Miru%C8%9B%C4%83%20%C8%99i%20Irineu%20Dar%C4%83u%3A%20Grafitul%20de%20la%20Baia%20de%20Fier%2C%20scos%20de%20pe%20lista%20%E2%80%9Emor%C8%9Bilor%E2%80%9D%20%C8%99i%20redeschis%20pentru%20exploatare&amp;url=https:\/\/infotulcea.ro\/ministrii-radu-miruta-si-irineu-darau-grafitul-de-la-baia-de-fier-scos-de-pe-lista-mortilor-si-redeschis-pentru-exploatare\/\" rel=\"external noopener nofollow\" title=\"X\" target=\"_blank\" class=\"twitter-share-btn \" data-raw=\"https:\/\/twitter.com\/intent\/tweet?text={post_title}&amp;url={post_link}\"><span class=\"screen-reader-text\">X<\/span><\/a><a href=\"https:\/\/api.whatsapp.com\/send?text=Mini%C8%99trii%20Radu%20Miru%C8%9B%C4%83%20%C8%99i%20Irineu%20Dar%C4%83u%3A%20Grafitul%20de%20la%20Baia%20de%20Fier%2C%20scos%20de%20pe%20lista%20%E2%80%9Emor%C8%9Bilor%E2%80%9D%20%C8%99i%20redeschis%20pentru%20exploatare%20https:\/\/infotulcea.ro\/ministrii-radu-miruta-si-irineu-darau-grafitul-de-la-baia-de-fier-scos-de-pe-lista-mortilor-si-redeschis-pentru-exploatare\/\" rel=\"external noopener nofollow\" title=\"WhatsApp\" target=\"_blank\" class=\"whatsapp-share-btn \" data-raw=\"https:\/\/api.whatsapp.com\/send?text={post_title}%20{post_link}\"><span class=\"screen-reader-text\">WhatsApp<\/span><\/a><a href=\"https:\/\/telegram.me\/share\/url?url=https:\/\/infotulcea.ro\/ministrii-radu-miruta-si-irineu-darau-grafitul-de-la-baia-de-fier-scos-de-pe-lista-mortilor-si-redeschis-pentru-exploatare\/&amp;text=Mini%C8%99trii%20Radu%20Miru%C8%9B%C4%83%20%C8%99i%20Irineu%20Dar%C4%83u%3A%20Grafitul%20de%20la%20Baia%20de%20Fier%2C%20scos%20de%20pe%20lista%20%E2%80%9Emor%C8%9Bilor%E2%80%9D%20%C8%99i%20redeschis%20pentru%20exploatare\" rel=\"external noopener nofollow\" title=\"Telegram\" target=\"_blank\" class=\"telegram-share-btn \" data-raw=\"https:\/\/telegram.me\/share\/url?url={post_link}&amp;text={post_title}\"><span class=\"screen-reader-text\">Telegram<\/span><\/a><a href=\"mailto:?subject=Mini%C8%99trii%20Radu%20Miru%C8%9B%C4%83%20%C8%99i%20Irineu%20Dar%C4%83u%3A%20Grafitul%20de%20la%20Baia%20de%20Fier%2C%20scos%20de%20pe%20lista%20%E2%80%9Emor%C8%9Bilor%E2%80%9D%20%C8%99i%20redeschis%20pentru%20exploatare&amp;body=https:\/\/infotulcea.ro\/ministrii-radu-miruta-si-irineu-darau-grafitul-de-la-baia-de-fier-scos-de-pe-lista-mortilor-si-redeschis-pentru-exploatare\/\" rel=\"external noopener nofollow\" title=\"Share via Email\" target=\"_blank\" class=\"email-share-btn \" data-raw=\"mailto:?subject={post_title}&amp;body={post_link}\"><span class=\"screen-reader-text\">Share via Email<\/span><\/a><a href=\"https:\/\/infotulcea.ro\/ministrii-radu-miruta-si-irineu-darau-grafitul-de-la-baia-de-fier-scos-de-pe-lista-mortilor-si-redeschis-pentru-exploatare\/\" rel=\"external noopener nofollow\" title=\"Print\" target=\"_blank\" class=\"print-share-btn \" data-raw=\"#\"><span class=\"screen-reader-text\">Print<\/span><\/a><\/div>\n<\/div>\n<\/article>\n<div class=\"post-components\">\n<div id=\"related-posts\" class=\"container-wrapper has-extra-post\">\n<div class=\"mag-box-title the-global-title\">\n<h3>Related Articles<\/h3>\n<\/div>\n<div class=\"related-posts-list\">\n<div class=\"related-item tie-standard\"><a aria-label=\"Consiliera municipal\u0103 USR, doamna Tatiana Hali\u021b, face radiografia \u0219edin\u021bei de Consiliu Local din 31 martie 2026\" href=\"https:\/\/infotulcea.ro\/consiliera-municipala-usr-doamna-tatiana-halit-face-radiografia-sedintei-de-consiliu-local-din-31-martie-2026\/\" class=\"post-thumb\"><source type=\"image\/webp\" data-srcset=\"https:\/\/infotulcea.ro\/wp-content\/uploads\/2025\/09\/tatiana-halit-390x220.jpg.webp\" \/><img loading=\"lazy\" decoding=\"async\" width=\"390\" height=\"220\" src=\"https:\/\/infotulcea.ro\/wp-content\/uploads\/2025\/09\/tatiana-halit-390x220.jpg\" class=\"attachment-jannah-image-large size-jannah-image-large wp-post-image\" alt><\/a><\/p>\n<h3 class=\"post-title\"><a href=\"https:\/\/infotulcea.ro\/consiliera-municipala-usr-doamna-tatiana-halit-face-radiografia-sedintei-de-consiliu-local-din-31-martie-2026\/\">Consiliera municipal\u0103 USR, doamna Tatiana Hali\u021b, face radiografia \u0219edin\u021bei de Consiliu Local din 31 martie 2026<\/a><\/h3>\n<div class=\"post-meta clearfix\"><span class=\"date meta-item tie-icon\">26 martie 2026<\/span><\/div>\n<\/div>\n<div class=\"related-item tie-standard\"><a aria-label=\"USR \u0219i PNL propun \u201eAnul Rom\u00e2niei Europene\u201d \u0219i \u201eDeceniul Consolid\u0103rii Europene\u201d: aderarea la Zona euro \u0219i convergen\u021b\u0103 deplin\u0103 cu media UE p\u00e2n\u0103 \u00een 2037\" href=\"https:\/\/infotulcea.ro\/usr-si-pnl-propun-anul-romaniei-europene-si-deceniul-consolidarii-europene-aderarea-la-zona-euro-si-convergenta-deplina-cu-media-ue-pana-in-2037\/\" class=\"post-thumb\"><source type=\"image\/webp\" data-srcset=\"https:\/\/infotulcea.ro\/wp-content\/uploads\/2026\/05\/WhatsApp-Image-2026-05-19-at-09.24.31-390x220.jpeg.webp\" \/><img loading=\"lazy\" decoding=\"async\" width=\"390\" height=\"220\" src=\"https:\/\/infotulcea.ro\/wp-content\/uploads\/2026\/05\/WhatsApp-Image-2026-05-19-at-09.24.31-390x220.jpeg\" class=\"attachment-jannah-image-large size-jannah-image-large wp-post-image\" alt><\/a><\/p>\n<h3 class=\"post-title\"><a href=\"https:\/\/infotulcea.ro\/usr-si-pnl-propun-anul-romaniei-europene-si-deceniul-consolidarii-europene-aderarea-la-zona-euro-si-convergenta-deplina-cu-media-ue-pana-in-2037\/\">USR \u0219i PNL propun \u201eAnul Rom\u00e2niei Europene\u201d \u0219i \u201eDeceniul Consolid\u0103rii Europene\u201d: aderarea la Zona euro \u0219i convergen\u021b\u0103 deplin\u0103 cu media UE p\u00e2n\u0103 \u00een 2037<\/a><\/h3>\n<div class=\"post-meta clearfix\"><span class=\"date meta-item tie-icon\">19 mai 2026<\/span><\/div>\n<\/div>\n<div class=\"related-item tie-standard\"><a aria-label=\"PROIECTUL USR pentru combaterea dezinform\u0103rii online: \u201eLEGEA ANTI-MANIPULARE\u201d!\" href=\"https:\/\/infotulcea.ro\/proiectul-usr-pentru-combaterea-dezinformarii-online-legea-anti-manipulare\/\" class=\"post-thumb\"><source type=\"image\/webp\" data-srcset=\"https:\/\/infotulcea.ro\/wp-content\/uploads\/2025\/04\/Miruta-2-390x220.jpg.webp\" \/><img loading=\"lazy\" decoding=\"async\" width=\"390\" height=\"220\" src=\"https:\/\/infotulcea.ro\/wp-content\/uploads\/2025\/04\/Miruta-2-390x220.jpg\" class=\"attachment-jannah-image-large size-jannah-image-large wp-post-image\" alt><\/a><\/p>\n<h3 class=\"post-title\"><a href=\"https:\/\/infotulcea.ro\/proiectul-usr-pentru-combaterea-dezinformarii-online-legea-anti-manipulare\/\">PROIECTUL USR pentru combaterea dezinform\u0103rii online: \u201eLEGEA ANTI-MANIPULARE\u201d!<\/a><\/h3>\n<div class=\"post-meta clearfix\"><span class=\"date meta-item tie-icon\">2 aprilie 2025<\/span><\/div>\n<\/div>\n<div class=\"related-item tie-standard\"><a aria-label=\"USR a blocat la CCR noua tentativ\u0103 a PSD-PNL de a \u00eenc\u0103lca dreptul roma\u0302nilor la proprietate\" href=\"https:\/\/infotulcea.ro\/usr-a-blocat-la-ccr-noua-tentativa-a-psd-pnl-de-a-incalca-dreptul-romanilor-la-proprietate\/\" class=\"post-thumb\"><source type=\"image\/webp\" data-srcset=\"https:\/\/infotulcea.ro\/wp-content\/uploads\/2025\/02\/curtea-constitutionala-390x220.jpg.webp\" \/><img loading=\"lazy\" decoding=\"async\" width=\"390\" height=\"220\" src=\"https:\/\/infotulcea.ro\/wp-content\/uploads\/2025\/02\/curtea-constitutionala-390x220.jpg\" class=\"attachment-jannah-image-large size-jannah-image-large wp-post-image\" alt><\/a><\/p>\n<h3 class=\"post-title\"><a href=\"https:\/\/infotulcea.ro\/usr-a-blocat-la-ccr-noua-tentativa-a-psd-pnl-de-a-incalca-dreptul-romanilor-la-proprietate\/\">USR a blocat la CCR noua tentativ\u0103 a PSD-PNL de a \u00eenc\u0103lca dreptul roma\u0302nilor la proprietate<\/a><\/h3>\n<div class=\"post-meta clearfix\"><span class=\"date meta-item tie-icon\">26 februarie 2025<\/span><\/div>\n<\/div>\n<\/div>\n<\/div>\n<div id=\"comments\" class=\"comments-area\">\n<div id=\"add-comment-block\" class=\"container-wrapper\">\n<div id=\"respond\" class=\"comment-respond\">\n<h3 id=\"reply-title\" class=\"comment-reply-title the-global-title\">Las\u0103 un r\u0103spuns <small><a rel=\"nofollow\" id=\"cancel-comment-reply-link\" href=\"https:\/\/infotulcea.ro\/ministrii-radu-miruta-si-irineu-darau-grafitul-de-la-baia-de-fier-scos-de-pe-lista-mortilor-si-redeschis-pentru-exploatare\/#respond\">Anuleaz\u0103 r\u0103spunsul<\/a><\/small><\/h3>\n<p class=\"comment-notes\"><span id=\"email-notes\">Adresa ta de email nu va fi publicat\u0103.<\/span><span class=\"required-field-message\">C\u00e2mpurile obligatorii sunt marcate cu <span class=\"required\">*<\/span><\/span><\/p>\n<\/div>\n<\/div>\n<\/div>\n<\/div>\n<\/div>\n<div id=\"check-also-box\" class=\"container-wrapper check-also-right\">\n<div class=\"widget-title the-global-title\">\n<div class=\"the-subtitle\">Check Also<\/div>\n<p><a href=\"https:\/\/infotulcea.ro\/ministrii-radu-miruta-si-irineu-darau-grafitul-de-la-baia-de-fier-scos-de-pe-lista-mortilor-si-redeschis-pentru-exploatare\/\" id=\"check-also-close\" class=\"remove\"><span class=\"screen-reader-text\">Close<\/span><\/a><\/div>\n<div class=\"widget posts-list-big-first has-first-big-post\">\n<ul class=\"posts-list-items\">\n<li class=\"widget-single-post-item widget-post-list tie-standard\">\n<div class=\"post-widget-thumbnail\"><a aria-label=\"Und\u0103 verde pentru centura ocolitoare a municipiului Tulcea!\" href=\"https:\/\/infotulcea.ro\/unda-verde-pentru-centura-ocolitoare-a-municipiului-tulcea\/\" class=\"post-thumb\"><span class=\"post-cat-wrap\"><span class=\"post-cat tie-cat-248\">USR<\/span><\/span><source type=\"image\/webp\" data-srcset=\"https:\/\/infotulcea.ro\/wp-content\/uploads\/2026\/03\/63f09f07-89e2-40cd-a576-3ee4300ba61b-390x220.jpeg.webp\" \/><img loading=\"lazy\" decoding=\"async\" width=\"390\" height=\"220\" src=\"https:\/\/infotulcea.ro\/wp-content\/uploads\/2026\/03\/63f09f07-89e2-40cd-a576-3ee4300ba61b-390x220.jpeg\" class=\"attachment-jannah-image-large size-jannah-image-large wp-post-image\" alt><\/a><\/div>\n<div class=\"post-widget-body \"><a class=\"post-title the-subtitle\" href=\"https:\/\/infotulcea.ro\/unda-verde-pentru-centura-ocolitoare-a-municipiului-tulcea\/\">Und\u0103 verde pentru centura ocolitoare a municipiului Tulcea!<\/a><\/p>\n<div class=\"post-meta\"><span class=\"date meta-item tie-icon\">27 martie 2026<\/span><\/div>\n<\/div>\n<\/li>\n<\/ul>\n<\/div>\n<\/div>\n<aside class=\"sidebar tie-col-md-4 tie-col-xs-12 normal-side is-sticky\" aria-label=\"Primary Sidebar\">\n<div class=\"theiaStickySidebar\">\n<div id=\"media_image-19\" class=\"container-wrapper widget widget_media_image\"><a href=\"https:\/\/infotulcea.ro\/delta-dunarii-mai-accesibila-navrom-delta-creste-numarul-curselor-regulate-de-la-1-mai-2025\/\"><source sizes=\"(max-width: 500px) 100vw, 500px\" type=\"image\/webp\" data-srcset=\"https:\/\/infotulcea.ro\/wp-content\/uploads\/2025\/04\/navrom-delta-500x271.jpg.webp 500w, https:\/\/infotulcea.ro\/wp-content\/uploads\/2025\/04\/navrom-delta-1024x555.jpg.webp 1024w, https:\/\/infotulcea.ro\/wp-content\/uploads\/2025\/04\/navrom-delta-768x416.jpg.webp 768w, https:\/\/infotulcea.ro\/wp-content\/uploads\/2025\/04\/navrom-delta.jpg.webp 1080w\" \/><img loading=\"lazy\" decoding=\"async\" width=\"500\" height=\"271\" src=\"https:\/\/infotulcea.ro\/wp-content\/uploads\/2025\/04\/navrom-delta-500x271.jpg\" class=\"image wp-image-34487  attachment-medium size-medium\" alt><\/a><\/div>\n<div id=\"media_image-17\" class=\"container-wrapper widget widget_media_image\"><a href=\"https:\/\/www.facebook.com\/share\/p\/1DGAD1tLWN\/?mibextid=wwXIfr\" target=\"_blank\"><source sizes=\"(max-width: 500px) 100vw, 500px\" type=\"image\/webp\" data-srcset=\"https:\/\/infotulcea.ro\/wp-content\/uploads\/2026\/01\/IMG_1563-500x500.jpeg.webp 500w, https:\/\/infotulcea.ro\/wp-content\/uploads\/2026\/01\/IMG_1563-1024x1024.jpeg.webp 1024w, https:\/\/infotulcea.ro\/wp-content\/uploads\/2026\/01\/IMG_1563-250x250.jpeg.webp 250w, https:\/\/infotulcea.ro\/wp-content\/uploads\/2026\/01\/IMG_1563-768x768.jpeg.webp 768w, https:\/\/infotulcea.ro\/wp-content\/uploads\/2026\/01\/IMG_1563.jpeg.webp 1080w\" \/><img loading=\"lazy\" decoding=\"async\" width=\"500\" height=\"500\" src=\"https:\/\/infotulcea.ro\/wp-content\/uploads\/2026\/01\/IMG_1563-500x500.jpeg\" class=\"image wp-image-37932  attachment-medium size-medium\" alt title=\"Centrale pe lemne\"><\/a><\/div>\n<div id=\"media_image-18\" class=\"container-wrapper widget widget_media_image\"><a href=\"https:\/\/www.licitatia.ro\/site\/index-guest\"><img loading=\"lazy\" decoding=\"async\" width=\"500\" height=\"262\" src=\"https:\/\/infotulcea.ro\/wp-content\/uploads\/2025\/09\/licitatia-500x262.png\" class=\"image wp-image-36670  attachment-medium size-medium lazyload\" alt><img loading=\"lazy\" decoding=\"async\" width=\"500\" height=\"262\" src=\"https:\/\/infotulcea.ro\/wp-content\/uploads\/2025\/09\/licitatia-500x262.png\" class=\"image wp-image-36670  attachment-medium size-medium\" alt><\/a><\/div>\n<div id=\"media_image-27\" class=\"container-wrapper widget widget_media_image\"><a href=\"https:\/\/www.centrale-lemne-liepsnele.ro\/\"><img loading=\"lazy\" decoding=\"async\" width=\"500\" height=\"500\" src=\"https:\/\/infotulcea.ro\/wp-content\/uploads\/2025\/09\/Centrale-pe-Lemne-Liepsnele-500x500.png\" class=\"image wp-image-36541  attachment-medium size-medium lazyload\" alt=\"Centrala pe lemne\"><img loading=\"lazy\" decoding=\"async\" width=\"500\" height=\"500\" src=\"https:\/\/infotulcea.ro\/wp-content\/uploads\/2025\/09\/Centrale-pe-Lemne-Liepsnele-500x500.png\" class=\"image wp-image-36541  attachment-medium size-medium\" alt=\"Centrala pe lemne\"><\/a><\/div>\n<div id=\"media_image-28\" class=\"container-wrapper widget widget_media_image\"><a href=\"https:\/\/infotulcea.ro\/angajeaza-te-ro-platforma-ta-online-de-angajari-si-forta-de-munca\/\"><source sizes=\"(max-width: 500px) 100vw, 500px\" type=\"image\/webp\" data-srcset=\"https:\/\/infotulcea.ro\/wp-content\/uploads\/2025\/04\/banner-angajazate-1-500x305.jpg.webp 500w, https:\/\/infotulcea.ro\/wp-content\/uploads\/2025\/04\/banner-angajazate-1-1024x625.jpg.webp 1024w, https:\/\/infotulcea.ro\/wp-content\/uploads\/2025\/04\/banner-angajazate-1-768x469.jpg.webp 768w, https:\/\/infotulcea.ro\/wp-content\/uploads\/2025\/04\/banner-angajazate-1.jpg.webp 1080w\" \/><img loading=\"lazy\" decoding=\"async\" width=\"500\" height=\"305\" src=\"https:\/\/infotulcea.ro\/wp-content\/uploads\/2025\/04\/banner-angajazate-1-500x305.jpg\" class=\"image wp-image-34317  attachment-medium size-medium\" alt><\/a><\/div>\n<\/div>\n<\/aside>\n<\/div>\n<\/div>\n<div class=\"entry-content entry clearfix\">\n<p><strong>Guvernul va aproba, zilele urm\u0103toare, hot\u0103r\u00e2rea de guvern pentru redeschiderea exploat\u0103rii de grafit de la Baia de Fier, dup\u0103 ce, \u00een urm\u0103 cu an, ministrul Radu Miru\u021b\u0103 a f\u0103cut toate demersurile pentru ca statul rom\u00e2n s\u0103 r\u0103m\u00e2n\u0103 beneficiarul licen\u021bei.<\/strong><\/p>\n<p>\u201eExploatarea de grafit de la Baia de Fier era pe o list\u0103 a exploat\u0103rilor \u00eenchise, exista \u0219i o hot\u0103r\u00e2re de guvern \u00een acest<source sizes=\"(max-width: 480px) 100vw, 480px\" type=\"image\/webp\" data-srcset=\"https:\/\/infotulcea.ro\/wp-content\/uploads\/2026\/08\/usr-2-500x333.jpeg.webp 500w, https:\/\/infotulcea.ro\/wp-content\/uploads\/2026\/08\/usr-2-1024x683.jpeg.webp 1024w, https:\/\/infotulcea.ro\/wp-content\/uploads\/2026\/08\/usr-2-768x512.jpeg.webp 768w, https:\/\/infotulcea.ro\/wp-content\/uploads\/2026\/08\/usr-2.jpeg.webp 1080w\" \/><\/p>\n<p><img loading=\"lazy\" decoding=\"async\" class=\" wp-image-40371 alignright\" src=\"https:\/\/infotulcea.ro\/wp-content\/uploads\/2026\/08\/usr-2-500x333.jpeg\" alt width=\"480\" height=\"320\"> sens. Acum, din Ministerul Economiei a ie\u0219it hot\u0103r\u00e2rea de guvern, pe care am semnat-o \u0219i eu ca vicepremier, pentru deschiderea exploat\u0103rii de la Baia de Fier\u201d, a declarat Radu Miru\u021b\u0103, vicepremier \u0219i ministrul Ap\u0103r\u0103rii Na\u021bionale, \u00eentr-o conferin\u021b\u0103 comun\u0103 cu ministrul Irineu Dar\u0103u.<\/p>\n<p>\u201eAm ob\u021binut, de cur\u00e2nd, \u0219i avizul de la Ministerul Mediului, suntem pe etapele finale de avizare la Ministerul Finan\u021belor Publice \u0219i Ministerul Justi\u021biei, pentru ca acest proiect de HG s\u0103 fie adoptat. Este deschiderea lac\u0103tului pentru ca exploatarea grafitului de la Baia de Fier s\u0103 devin\u0103 realitate. Urmeaz\u0103 o licita\u021bie interna\u021bional\u0103 pentru a preg\u0103ti tot ce \u00eenseamn\u0103 prefezabilitate, fezabilitate etc. Sper\u0103m ca \u00een 2028 s\u0103 poat\u0103 \u00eencepe primele activit\u0103\u021bi de exploatare. Ar\u0103t\u0103m c\u0103 se poate, c\u0103 de la situa\u021bii de stagnare sau chiar regres s\u0103 ajungem la re\u00eenvierea unor industrii\u201d, a afirmat Irineu Dar\u0103u, ministrul Economiei, Digitaliz\u0103rii, Antreprenoriatului \u0219i Turismului.<\/p>\n<p>Exploatarea grafitului de la Baia Mare presupune mai multe etape \u0219i pentru prima etap\u0103 a fost depus proiect \u0219i se discut\u0103 la Comisia European\u0103 pentru finan\u021bare.<\/p>\n<source sizes=\"(max-width: 468px) 100vw, 468px\" type=\"image\/webp\" data-srcset=\"https:\/\/infotulcea.ro\/wp-content\/uploads\/2026\/08\/usr-1-500x333.jpeg.webp 500w, https:\/\/infotulcea.ro\/wp-content\/uploads\/2026\/08\/usr-1-1024x683.jpeg.webp 1024w, https:\/\/infotulcea.ro\/wp-content\/uploads\/2026\/08\/usr-1-768x512.jpeg.webp 768w, https:\/\/infotulcea.ro\/wp-content\/uploads\/2026\/08\/usr-1.jpeg.webp 1080w\" \/>\n<p><img loading=\"lazy\" decoding=\"async\" class=\" wp-image-40372 alignleft\" src=\"https:\/\/infotulcea.ro\/wp-content\/uploads\/2026\/08\/usr-1-500x333.jpeg\" alt width=\"468\" height=\"312\">\u00cen conferin\u021b\u0103, Radu Miru\u021b\u0103 a reamintit c\u0103 fostul Guvern Ciolacu a min\u021bit c\u00e2nd a spus, \u00een martie 2025, c\u0103 a finan\u021bat exploatarea grafitului.<\/p>\n<p>\u201eA fost o minciun\u0103 c\u00e2ntat\u0103 \u00een campania electoral\u0103 de domnii Marcel Ciolacu \u0219i Bogdan Ivan. \u00cen prima zi c\u00e2nd am ajuns la Ministerul Economiei, am c\u0103utat proiectul \u0219i am constatat c\u0103 nasul lui Pinocchio era c\u00e2t cl\u0103direa ministerului. Am \u00eenceput demersurile pentru a garanta, \u00een primul r\u00e2nd, c\u0103 licen\u021ba de exploatare apar\u021bine statului rom\u00e2n, pentru c\u0103 existau preocup\u0103ri ca al\u021bii s\u0103 preia acest drept. Hot\u0103r\u00e2rea de guvern \u00een acest sens a fost adoptat\u0103 \u00een august 2025\u201d, a precizat Radu Miru\u021b\u0103.<\/p>\n<\/div>\n<div class=\"articleBody\" data-key=\"articleBody\">Guvernul va aproba, zilele urm\u0103toare, hot\u0103r\u00e2rea de guvern pentru redeschiderea exploat\u0103rii de grafit de la Baia de Fier, dup\u0103 ce, \u00een urm\u0103 cu an, ministrul Radu Miru\u021b\u0103 a f\u0103cut toate demersurile pentru ca statul rom\u00e2n s\u0103 r\u0103m\u00e2n\u0103 beneficiarul licen\u021bei.<\/p>\n<p>\u201eExploatarea de grafit de la Baia de Fier era pe o list\u0103 a exploat\u0103rilor \u00eenchise, exista \u0219i o hot\u0103r\u00e2re de guvern \u00een acest sens. Acum, din Ministerul Economiei a ie\u0219it hot\u0103r\u00e2rea de guvern, pe care am semnat-o \u0219i eu ca vicepremier, pentru deschiderea exploat\u0103rii de la Baia de Fier\u201d, a declarat Radu Miru\u021b\u0103, vicepremier \u0219i ministrul Ap\u0103r\u0103rii Na\u021bionale, \u00eentr-o conferin\u021b\u0103 comun\u0103 cu ministrul Irineu Dar\u0103u.<\/p>\n<p>\u201eAm ob\u021binut, de cur\u00e2nd, \u0219i avizul de la Ministerul Mediului, suntem pe etapele finale de avizare la Ministerul Finan\u021belor Publice \u0219i Ministerul Justi\u021biei, pentru ca acest proiect de HG s\u0103 fie adoptat. Este deschiderea lac\u0103tului pentru ca exploatarea grafitului de la Baia de Fier s\u0103 devin\u0103 realitate. Urmeaz\u0103 o licita\u021bie interna\u021bional\u0103 pentru a preg\u0103ti tot ce \u00eenseamn\u0103 prefezabilitate, fezabilitate etc. Sper\u0103m ca \u00een 2028 s\u0103 poat\u0103 \u00eencepe primele activit\u0103\u021bi de exploatare. Ar\u0103t\u0103m c\u0103 se poate, c\u0103 de la situa\u021bii de stagnare sau chiar regres s\u0103 ajungem la re\u00eenvierea unor industrii\u201d, a afirmat Irineu Dar\u0103u, ministrul Economiei, Digitaliz\u0103rii, Antreprenoriatului \u0219i Turismului.<\/p>\n<p>Exploatarea grafitului de la Baia Mare presupune mai multe etape \u0219i pentru prima etap\u0103 a fost depus proiect \u0219i se discut\u0103 la Comisia European\u0103 pentru finan\u021bare.<\/p>\n<p>\u00cen conferin\u021b\u0103, Radu Miru\u021b\u0103 a reamintit c\u0103 fostul Guvern Ciolacu a min\u021bit c\u00e2nd a spus, \u00een martie 2025, c\u0103 a finan\u021bat exploatarea grafitului.<\/p>\n<p>\u201eA fost o minciun\u0103 c\u00e2ntat\u0103 \u00een campania electoral\u0103 de domnii Marcel Ciolacu \u0219i Bogdan Ivan. \u00cen prima zi c\u00e2nd am ajuns la Ministerul Economiei, am c\u0103utat proiectul \u0219i am constatat c\u0103 nasul lui Pinocchio era c\u00e2t cl\u0103direa ministerului. Am \u00eenceput demersurile pentru a garanta, \u00een primul r\u00e2nd, c\u0103 licen\u021ba de exploatare apar\u021bine statului rom\u00e2n, pentru c\u0103 existau preocup\u0103ri ca al\u021bii s\u0103 preia acest drept. Hot\u0103r\u00e2rea de guvern \u00een acest sens a fost adoptat\u0103 \u00een august 2025\u201d, a precizat Radu Miru\u021b\u0103.<\/p><\/div>\n<p>[analyse_source url=&#8221;https:\/\/infotulcea.ro\/ministrii-radu-miruta-si-irineu-darau-grafitul-de-la-baia-de-fier-scos-de-pe-lista-mortilor-si-redeschis-pentru-exploatare\/&#8221;]<\/p>\n","protected":false},"excerpt":{"rendered":"<p>[analyse_image type=&#8221;featured&#8221; src=&#8221;https:\/\/infotulcea.ro\/wp-content\/uploads\/2026\/08\/usr-2.jpeghttps:\/\/infotulcea.ro\/wp-content\/uploads\/2026\/08\/usr-2.jpeg&#8221;] Home\/Politic\u0103\/USR\/Mini\u0219trii Radu Miru\u021b\u0103 \u0219i Irineu Dar\u0103u: Grafitul de la Baia de Fier, scos de pe lista \u201emor\u021bilor\u201d \u0219i redeschis pentru exploatare USR Mini\u0219trii Radu Miru\u021b\u0103 \u0219i Irineu Dar\u0103u: Grafitul de la Baia de Fier, scos de pe lista \u201emor\u021bilor\u201d \u0219i redeschis pentru exploatare Redactia12 august 2026 0 541 1 minute read Guvernul [&hellip;]<\/p>\n","protected":false},"author":1,"featured_media":0,"comment_status":"open","ping_status":"","sticky":false,"template":"","format":"standard","meta":{"footnotes":""},"categories":[89],"tags":[226,221],"class_list":["post-2098682","post","type-post","status-publish","format-standard","hentry","category-romania","tag-crawlmanager","tag-infotulcea-ro"],"_links":{"self":[{"href":"https:\/\/analyse.optim.biz\/index.php?rest_route=\/wp\/v2\/posts\/2098682","targetHints":{"allow":["GET"]}}],"collection":[{"href":"https:\/\/analyse.optim.biz\/index.php?rest_route=\/wp\/v2\/posts"}],"about":[{"href":"https:\/\/analyse.optim.biz\/index.php?rest_route=\/wp\/v2\/types\/post"}],"author":[{"embeddable":true,"href":"https:\/\/analyse.optim.biz\/index.php?rest_route=\/wp\/v2\/users\/1"}],"replies":[{"embeddable":true,"href":"https:\/\/analyse.optim.biz\/index.php?rest_route=%2Fwp%2Fv2%2Fcomments&post=2098682"}],"version-history":[{"count":0,"href":"https:\/\/analyse.optim.biz\/index.php?rest_route=\/wp\/v2\/posts\/2098682\/revisions"}],"wp:attachment":[{"href":"https:\/\/analyse.optim.biz\/index.php?rest_route=%2Fwp%2Fv2%2Fmedia&parent=2098682"}],"wp:term":[{"taxonomy":"category","embeddable":true,"href":"https:\/\/analyse.optim.biz\/index.php?rest_route=%2Fwp%2Fv2%2Fcategories&post=2098682"},{"taxonomy":"post_tag","embeddable":true,"href":"https:\/\/analyse.optim.biz\/index.php?rest_route=%2Fwp%2Fv2%2Ftags&post=2098682"}],"curies":[{"name":"wp","href":"https:\/\/api.w.org\/{rel}","templated":true}]}}