{"id":2098681,"date":"2026-08-11T10:32:55","date_gmt":"2026-08-11T07:32:55","guid":{"rendered":"https:\/\/analyse.optim.biz\/?p=2098681"},"modified":"2026-08-11T10:32:55","modified_gmt":"2026-08-11T07:32:55","slug":"cea-mai-veche-biserica-crestina-in-stil-bizantin-din-transilvania-trebuie-pusa-in-valoare","status":"publish","type":"post","link":"https:\/\/analyse.optim.biz\/?p=2098681","title":{"rendered":"Cea mai veche biseric\u0103 cre\u0219tin\u0103 \u00een stil bizantin din Transilvania trebuie pus\u0103 \u00een valoare!"},"content":{"rendered":"<p>[analyse_image type=&#8221;featured&#8221; src=&#8221;https:\/\/infotulcea.ro\/wp-content\/uploads\/2026\/07\/cosmin.jpeghttps:\/\/infotulcea.ro\/wp-content\/uploads\/2026\/07\/cosmin.jpeg&#8221;]<\/p>\n<div id=\"content\" class=\"site-content container\">\n<div id=\"main-content-row\" class=\"tie-row main-content-row\">\n<div class=\"main-content tie-col-md-8 tie-col-xs-12\" role=\"main\">\n<article id=\"the-post\" class=\"container-wrapper post-content tie-standard\">\n<header class=\"entry-header-outer\">\n<nav id=\"breadcrumb\"><a href=\"https:\/\/infotulcea.ro\/\"> Home<\/a><em class=\"delimiter\">\/<\/em><a href=\"https:\/\/infotulcea.ro\/categorie\/politica\/\">Politic\u0103<\/a><em class=\"delimiter\">\/<\/em><span class=\"current\">Cea mai veche biseric\u0103 cre\u0219tin\u0103 \u00een stil bizantin din Transilvania trebuie pus\u0103 \u00een valoare!<\/span><\/nav>\n<div class=\"entry-header\"><span class=\"post-cat-wrap\"><a class=\"post-cat tie-cat-139\" href=\"https:\/\/infotulcea.ro\/categorie\/politica\/\">Politic\u0103<\/a><\/span><\/p>\n<h1 class=\"post-title entry-title\">\n\t\t\tCea mai veche biseric\u0103 cre\u0219tin\u0103 \u00een stil bizantin din Transilvania trebuie pus\u0103 \u00een valoare!\t\t<\/h1>\n<div class=\"single-post-meta post-meta clearfix\"><span class=\"author-meta single-author no-avatars\"><span class=\"meta-item meta-author-wrapper meta-author-9\"><span class=\"meta-author\"><a href=\"https:\/\/infotulcea.ro\/author\/redactia-2\/\" class=\"author-name tie-icon\" title=\"Redactia\">Redactia<\/a><\/span><\/span><\/span><span class=\"date meta-item tie-icon\">11 august 2026<\/span><\/p>\n<div class=\"tie-alignright\"><span class=\"meta-comment tie-icon meta-item fa-before\">0<\/span><span class=\"meta-views meta-item \"> 222 <\/span><span class=\"meta-reading-time meta-item\"> 1 minute read<\/span><\/div>\n<\/div>\n<\/div>\n<\/header>\n<div class=\"entry-content entry clearfix\">\n<p><strong>Deputatul de Tulcea, Cosmin Andrei, a adresat o interpelare conducerii Ministerului<\/strong><br \/><strong>Culturii, solicit\u00e2nd interven\u021bia institu\u021bional\u0103 pentru salvarea din anonimat a unui obiectiv arheologic<\/strong><br \/><strong>de o valoare inestimabil\u0103. Demersul vizeaz\u0103 ruinele celei mai vechi biserici cre\u0219tine din<\/strong><br \/><strong>Transilvania, descoperite \u00een anul 2011 \u00een timpul lucr\u0103rilor de reabilitare a infrastructurii din Cetatea<\/strong><br \/><strong>Alba Carolina. Potrivit speciali\u0219tilor, l\u0103ca\u0219ul de cult de origine bizantin\u0103 dateaz\u0103 de la mijlocul<\/strong><br \/><strong>secolului al X-lea, av\u00e2nd o vechime de peste 1.000 de ani.<\/strong><br \/>\nDin lips\u0103 de fonduri imediate, vestigiile au fost re\u00eengropate pentru conservare, \u00eens\u0103 situa\u021bia a<source sizes=\"(max-width: 488px) 100vw, 488px\" type=\"image\/webp\" data-srcset=\"https:\/\/infotulcea.ro\/wp-content\/uploads\/2026\/07\/cosmin-500x281.jpeg.webp 500w, https:\/\/infotulcea.ro\/wp-content\/uploads\/2026\/07\/cosmin-390x220.jpeg.webp 390w, https:\/\/infotulcea.ro\/wp-content\/uploads\/2026\/07\/cosmin.jpeg.webp 738w\" \/><\/p>\n<p><img loading=\"lazy\" decoding=\"async\" class=\" wp-image-40066 alignright\" src=\"https:\/\/infotulcea.ro\/wp-content\/uploads\/2026\/07\/cosmin-500x281.jpeg\" alt width=\"488\" height=\"274\"><br \/>\nr\u0103mas \u00eenghe\u021bat\u0103 p\u00e2n\u0103 \u00een prezent. Ast\u0103zi, terenul administrat de Arhiepiscopia Romano-Catolic\u0103 este<br \/>\nacoperit doar de gazon.<br \/>\n\u201eTuristul \u0219i cet\u0103\u021beanul de r\u00e2nd care se plimb\u0103 \u00een fa\u021ba Catedralei Romano-Catolice nu au<br \/>\nnici cea mai mic\u0103 idee despre tezaurul pe care calc\u0103, din cauza lipsei totale de semnalizare \u0219i<br \/>\npromovare. De\u0219i conservarea in situ, sub p\u0103m\u00e2nt, este o procedur\u0103 valid\u0103, ascunderea istoriei f\u0103r\u0103<br \/>\nnicio marc\u0103 vizibil\u0103 este inacceptabil\u0103 din punct de vedere turistic \u0219i educa\u021bional\u201d, a atras aten\u021bia<br \/>\ndeputatul Cosmin Andrei.<br \/>\nPrin documentul oficial, parlamentarul a solicitat ministerului de resort s\u0103 detalieze<br \/>\ndemersurile ini\u021biate \u00een rela\u021bia cu Arhiepiscopia pentru a reglementa situa\u021bia juridic\u0103 a terenului \u0219i a<br \/>\npermite redeschiderea s\u0103p\u0103turilor. De asemenea, a cerut explica\u021bii privind lipsa finan\u021b\u0103rii m\u0103car<br \/>\npentru o semnalizare adecvat\u0103 a sitului, prin panouri informative detaliate, machete sau marcaje<br \/>\nfizice la nivelul solului.<br \/>\n\u201eMinisterul Culturii are obliga\u021bia de a media \u0219i de a sprijini punerea \u00een valoare a acestui sit<br \/>\nextrem de important. F\u0103r\u0103 un efort comun \u00eentre stat, administra\u021bia local\u0103 \u0219i proprietar, cea mai<br \/>\nveche biseric\u0103 din Transilvania va r\u0103m\u00e2ne, \u00een mod nedrept, dezgropat\u0103, \u00eengropat\u0103 \u0219i dat\u0103 din nou<br \/>\nuit\u0103rii. Avem nevoie de alternative moderne de vizitare, care s\u0103 redea publicului aceast\u0103 parte<br \/>\nfundamental\u0103 a istoriei noastre\u201d, a concluzionat parlamentarul de Tulcea.\n<\/div>\n<div id=\"post-extra-info\">\n<div class=\"theiaStickySidebar\">\n<div class=\"single-post-meta post-meta clearfix\"><span class=\"author-meta single-author no-avatars\"><span class=\"meta-item meta-author-wrapper meta-author-9\"><span class=\"meta-author\"><a href=\"https:\/\/infotulcea.ro\/author\/redactia-2\/\" class=\"author-name tie-icon\" title=\"Redactia\">Redactia<\/a><\/span><\/span><\/span><span class=\"date meta-item tie-icon\">11 august 2026<\/span><\/p>\n<div class=\"tie-alignright\"><span class=\"meta-comment tie-icon meta-item fa-before\">0<\/span><span class=\"meta-views meta-item \"> 222 <\/span><span class=\"meta-reading-time meta-item\"> 1 minute read<\/span><\/div>\n<\/div>\n<\/div>\n<\/div>\n<div id=\"share-buttons-bottom\" class=\"share-buttons share-buttons-bottom\">\n<div class=\"share-links  icons-only\">\n<div class=\"share-title\"><span> Share<\/span><\/div>\n<p><a href=\"https:\/\/www.facebook.com\/sharer.php?u=https:\/\/infotulcea.ro\/cea-mai-veche-biserica-crestina-in-stil-bizantin-din-transilvania-trebuie-pusa-in-valoare\/\" rel=\"external noopener nofollow\" title=\"Facebook\" target=\"_blank\" class=\"facebook-share-btn \" data-raw=\"https:\/\/www.facebook.com\/sharer.php?u={post_link}\"><span class=\"screen-reader-text\">Facebook<\/span><\/a><a href=\"https:\/\/twitter.com\/intent\/tweet?text=Cea%20mai%20veche%20biseric%C4%83%20cre%C8%99tin%C4%83%20%C3%AEn%20stil%20bizantin%20din%20Transilvania%20trebuie%20pus%C4%83%20%C3%AEn%20valoare%21&amp;url=https:\/\/infotulcea.ro\/cea-mai-veche-biserica-crestina-in-stil-bizantin-din-transilvania-trebuie-pusa-in-valoare\/\" rel=\"external noopener nofollow\" title=\"X\" target=\"_blank\" class=\"twitter-share-btn \" data-raw=\"https:\/\/twitter.com\/intent\/tweet?text={post_title}&amp;url={post_link}\"><span class=\"screen-reader-text\">X<\/span><\/a><a href=\"https:\/\/api.whatsapp.com\/send?text=Cea%20mai%20veche%20biseric%C4%83%20cre%C8%99tin%C4%83%20%C3%AEn%20stil%20bizantin%20din%20Transilvania%20trebuie%20pus%C4%83%20%C3%AEn%20valoare%21%20https:\/\/infotulcea.ro\/cea-mai-veche-biserica-crestina-in-stil-bizantin-din-transilvania-trebuie-pusa-in-valoare\/\" rel=\"external noopener nofollow\" title=\"WhatsApp\" target=\"_blank\" class=\"whatsapp-share-btn \" data-raw=\"https:\/\/api.whatsapp.com\/send?text={post_title}%20{post_link}\"><span class=\"screen-reader-text\">WhatsApp<\/span><\/a><a href=\"https:\/\/telegram.me\/share\/url?url=https:\/\/infotulcea.ro\/cea-mai-veche-biserica-crestina-in-stil-bizantin-din-transilvania-trebuie-pusa-in-valoare\/&amp;text=Cea%20mai%20veche%20biseric%C4%83%20cre%C8%99tin%C4%83%20%C3%AEn%20stil%20bizantin%20din%20Transilvania%20trebuie%20pus%C4%83%20%C3%AEn%20valoare%21\" rel=\"external noopener nofollow\" title=\"Telegram\" target=\"_blank\" class=\"telegram-share-btn \" data-raw=\"https:\/\/telegram.me\/share\/url?url={post_link}&amp;text={post_title}\"><span class=\"screen-reader-text\">Telegram<\/span><\/a><a href=\"mailto:?subject=Cea%20mai%20veche%20biseric%C4%83%20cre%C8%99tin%C4%83%20%C3%AEn%20stil%20bizantin%20din%20Transilvania%20trebuie%20pus%C4%83%20%C3%AEn%20valoare%21&amp;body=https:\/\/infotulcea.ro\/cea-mai-veche-biserica-crestina-in-stil-bizantin-din-transilvania-trebuie-pusa-in-valoare\/\" rel=\"external noopener nofollow\" title=\"Share via Email\" target=\"_blank\" class=\"email-share-btn \" data-raw=\"mailto:?subject={post_title}&amp;body={post_link}\"><span class=\"screen-reader-text\">Share via Email<\/span><\/a><a href=\"https:\/\/infotulcea.ro\/cea-mai-veche-biserica-crestina-in-stil-bizantin-din-transilvania-trebuie-pusa-in-valoare\/\" rel=\"external noopener nofollow\" title=\"Print\" target=\"_blank\" class=\"print-share-btn \" data-raw=\"#\"><span class=\"screen-reader-text\">Print<\/span><\/a><\/div>\n<\/div>\n<\/article>\n<div class=\"post-components\">\n<div id=\"related-posts\" class=\"container-wrapper has-extra-post\">\n<div class=\"mag-box-title the-global-title\">\n<h3>Related Articles<\/h3>\n<\/div>\n<div class=\"related-posts-list\">\n<div class=\"related-item tie-standard\"><a aria-label=\"(Sondaj infotulcea.ro) Tatiana Hali\u021b, prima op\u021biune de primar al Municipiului Tulcea\" href=\"https:\/\/infotulcea.ro\/sondaj-infotulcea-ro-tatiana-halit-prima-optiune-de-primar-al-municipiului-tulcea\/\" class=\"post-thumb\"><source type=\"image\/webp\" data-srcset=\"https:\/\/infotulcea.ro\/wp-content\/uploads\/2024\/02\/tatiana-halit-390x220.jpg.webp\" \/><img loading=\"lazy\" decoding=\"async\" width=\"390\" height=\"220\" src=\"https:\/\/infotulcea.ro\/wp-content\/uploads\/2024\/02\/tatiana-halit-390x220.jpg\" class=\"attachment-jannah-image-large size-jannah-image-large wp-post-image\" alt><\/a><\/p>\n<h3 class=\"post-title\"><a href=\"https:\/\/infotulcea.ro\/sondaj-infotulcea-ro-tatiana-halit-prima-optiune-de-primar-al-municipiului-tulcea\/\">(Sondaj infotulcea.ro) Tatiana Hali\u021b, prima op\u021biune de primar al Municipiului Tulcea<\/a><\/h3>\n<div class=\"post-meta clearfix\"><span class=\"date meta-item tie-icon\">12 februarie 2024<\/span><\/div>\n<\/div>\n<div class=\"related-item tie-standard\"><a aria-label=\"Alian\u021ba PSD-AUR blocheaz\u0103 listarea companiilor de stat\" href=\"https:\/\/infotulcea.ro\/alianta-psd-aur-blocheaza-listarea-companiilor-de-stat\/\" class=\"post-thumb\"><source type=\"image\/webp\" data-srcset=\"https:\/\/infotulcea.ro\/wp-content\/uploads\/2026\/05\/usr-1-390x220.jpeg.webp\" \/><img loading=\"lazy\" decoding=\"async\" width=\"390\" height=\"220\" src=\"https:\/\/infotulcea.ro\/wp-content\/uploads\/2026\/05\/usr-1-390x220.jpeg\" class=\"attachment-jannah-image-large size-jannah-image-large wp-post-image\" alt><\/a><\/p>\n<h3 class=\"post-title\"><a href=\"https:\/\/infotulcea.ro\/alianta-psd-aur-blocheaza-listarea-companiilor-de-stat\/\">Alian\u021ba PSD-AUR blocheaz\u0103 listarea companiilor de stat<\/a><\/h3>\n<div class=\"post-meta clearfix\"><span class=\"date meta-item tie-icon\">27 mai 2026<\/span><\/div>\n<\/div>\n<div class=\"related-item tie-standard\"><a aria-label=\"\u201eSenatorul Ionel Carp cere MApN garan\u021bii clare c\u0103 produc\u021bia transportoarelor blindate r\u0103m\u00e2ne \u00een uzinele rom\u00e2ne\u0219ti\u201d\" href=\"https:\/\/infotulcea.ro\/senatorul-ionel-carp-cere-mapn-garantii-clare-ca-productia-transportoarelor-blindate-ramane-in-uzinele-romanesti\/\" class=\"post-thumb\"><source type=\"image\/webp\" data-srcset=\"https:\/\/infotulcea.ro\/wp-content\/uploads\/2026\/06\/Carp-1-390x220.jpeg.webp\" \/><img loading=\"lazy\" decoding=\"async\" width=\"390\" height=\"220\" src=\"https:\/\/infotulcea.ro\/wp-content\/uploads\/2026\/06\/Carp-1-390x220.jpeg\" class=\"attachment-jannah-image-large size-jannah-image-large wp-post-image\" alt><\/a><\/p>\n<h3 class=\"post-title\"><a href=\"https:\/\/infotulcea.ro\/senatorul-ionel-carp-cere-mapn-garantii-clare-ca-productia-transportoarelor-blindate-ramane-in-uzinele-romanesti\/\">\u201eSenatorul Ionel Carp cere MApN garan\u021bii clare c\u0103 produc\u021bia transportoarelor blindate r\u0103m\u00e2ne \u00een uzinele rom\u00e2ne\u0219ti\u201d<\/a><\/h3>\n<div class=\"post-meta clearfix\"><span class=\"date meta-item tie-icon\">11 iunie 2026<\/span><\/div>\n<\/div>\n<div class=\"related-item tie-standard\"><a aria-label=\"#sepoate: A treia for\u021b\u0103 politic\u0103 din municipiu evacuat\u0103 din sediu!\" href=\"https:\/\/infotulcea.ro\/sepoate-a-treia-forta-politica-din-municipiu-evacuata-din-sediu\/\" class=\"post-thumb\"><source type=\"image\/webp\" data-srcset=\"https:\/\/infotulcea.ro\/wp-content\/uploads\/2022\/10\/IMG_20221027_182048-390x220.jpg.webp\" \/><img loading=\"lazy\" decoding=\"async\" width=\"390\" height=\"220\" src=\"https:\/\/infotulcea.ro\/wp-content\/uploads\/2022\/10\/IMG_20221027_182048-390x220.jpg\" class=\"attachment-jannah-image-large size-jannah-image-large wp-post-image\" alt><\/a><\/p>\n<h3 class=\"post-title\"><a href=\"https:\/\/infotulcea.ro\/sepoate-a-treia-forta-politica-din-municipiu-evacuata-din-sediu\/\">#sepoate: A treia for\u021b\u0103 politic\u0103 din municipiu evacuat\u0103 din sediu!<\/a><\/h3>\n<div class=\"post-meta clearfix\"><span class=\"date meta-item tie-icon\">27 octombrie 2022<\/span><\/div>\n<\/div>\n<\/div>\n<\/div>\n<div id=\"comments\" class=\"comments-area\">\n<div id=\"add-comment-block\" class=\"container-wrapper\">\n<div id=\"respond\" class=\"comment-respond\">\n<h3 id=\"reply-title\" class=\"comment-reply-title the-global-title\">Las\u0103 un r\u0103spuns <small><a rel=\"nofollow\" id=\"cancel-comment-reply-link\" href=\"https:\/\/infotulcea.ro\/cea-mai-veche-biserica-crestina-in-stil-bizantin-din-transilvania-trebuie-pusa-in-valoare\/#respond\">Anuleaz\u0103 r\u0103spunsul<\/a><\/small><\/h3>\n<p class=\"comment-notes\"><span id=\"email-notes\">Adresa ta de email nu va fi publicat\u0103.<\/span><span class=\"required-field-message\">C\u00e2mpurile obligatorii sunt marcate cu <span class=\"required\">*<\/span><\/span><\/p>\n<\/div>\n<\/div>\n<\/div>\n<\/div>\n<\/div>\n<div id=\"check-also-box\" class=\"container-wrapper check-also-right\">\n<div class=\"widget-title the-global-title\">\n<div class=\"the-subtitle\">Check Also<\/div>\n<p><a href=\"https:\/\/infotulcea.ro\/cea-mai-veche-biserica-crestina-in-stil-bizantin-din-transilvania-trebuie-pusa-in-valoare\/\" id=\"check-also-close\" class=\"remove\"><span class=\"screen-reader-text\">Close<\/span><\/a><\/div>\n<div class=\"widget posts-list-big-first has-first-big-post\">\n<ul class=\"posts-list-items\">\n<li class=\"widget-single-post-item widget-post-list tie-standard\">\n<div class=\"post-widget-thumbnail\"><a aria-label=\"Drago\u0219 SIMION, viceprimarul municipiului Tulcea, ales \u00een conducerea na\u021bional\u0103 a PER\" href=\"https:\/\/infotulcea.ro\/dragos-simion-viceprimarul-municipiului-tulcea-ales-in-conducerea-nationala-a-per\/\" class=\"post-thumb\"><span class=\"post-cat-wrap\"><span class=\"post-cat tie-cat-139\">Politic\u0103<\/span><\/span><source type=\"image\/webp\" data-srcset=\"https:\/\/infotulcea.ro\/wp-content\/uploads\/2023\/10\/simion-d-390x220.jpg.webp\" \/><img loading=\"lazy\" decoding=\"async\" width=\"390\" height=\"220\" src=\"https:\/\/infotulcea.ro\/wp-content\/uploads\/2023\/10\/simion-d-390x220.jpg\" class=\"attachment-jannah-image-large size-jannah-image-large wp-post-image\" alt><\/a><\/div>\n<div class=\"post-widget-body \"><a class=\"post-title the-subtitle\" href=\"https:\/\/infotulcea.ro\/dragos-simion-viceprimarul-municipiului-tulcea-ales-in-conducerea-nationala-a-per\/\">Drago\u0219 SIMION, viceprimarul municipiului Tulcea, ales \u00een conducerea na\u021bional\u0103 a PER<\/a><\/p>\n<div class=\"post-meta\"><span class=\"date meta-item tie-icon\">31 octombrie 2023<\/span><\/div>\n<\/div>\n<\/li>\n<\/ul>\n<\/div>\n<\/div>\n<aside class=\"sidebar tie-col-md-4 tie-col-xs-12 normal-side is-sticky\" aria-label=\"Primary Sidebar\">\n<div class=\"theiaStickySidebar\">\n<div id=\"media_image-19\" class=\"container-wrapper widget widget_media_image\"><a href=\"https:\/\/infotulcea.ro\/delta-dunarii-mai-accesibila-navrom-delta-creste-numarul-curselor-regulate-de-la-1-mai-2025\/\"><source sizes=\"(max-width: 500px) 100vw, 500px\" type=\"image\/webp\" data-srcset=\"https:\/\/infotulcea.ro\/wp-content\/uploads\/2025\/04\/navrom-delta-500x271.jpg.webp 500w, https:\/\/infotulcea.ro\/wp-content\/uploads\/2025\/04\/navrom-delta-1024x555.jpg.webp 1024w, https:\/\/infotulcea.ro\/wp-content\/uploads\/2025\/04\/navrom-delta-768x416.jpg.webp 768w, https:\/\/infotulcea.ro\/wp-content\/uploads\/2025\/04\/navrom-delta.jpg.webp 1080w\" \/><img loading=\"lazy\" decoding=\"async\" width=\"500\" height=\"271\" src=\"https:\/\/infotulcea.ro\/wp-content\/uploads\/2025\/04\/navrom-delta-500x271.jpg\" class=\"image wp-image-34487  attachment-medium size-medium\" alt><\/a><\/div>\n<div id=\"media_image-17\" class=\"container-wrapper widget widget_media_image\"><a href=\"https:\/\/www.facebook.com\/share\/p\/1DGAD1tLWN\/?mibextid=wwXIfr\" target=\"_blank\"><source sizes=\"(max-width: 500px) 100vw, 500px\" type=\"image\/webp\" data-srcset=\"https:\/\/infotulcea.ro\/wp-content\/uploads\/2026\/01\/IMG_1563-500x500.jpeg.webp 500w, https:\/\/infotulcea.ro\/wp-content\/uploads\/2026\/01\/IMG_1563-1024x1024.jpeg.webp 1024w, https:\/\/infotulcea.ro\/wp-content\/uploads\/2026\/01\/IMG_1563-250x250.jpeg.webp 250w, https:\/\/infotulcea.ro\/wp-content\/uploads\/2026\/01\/IMG_1563-768x768.jpeg.webp 768w, https:\/\/infotulcea.ro\/wp-content\/uploads\/2026\/01\/IMG_1563.jpeg.webp 1080w\" \/><img loading=\"lazy\" decoding=\"async\" width=\"500\" height=\"500\" src=\"https:\/\/infotulcea.ro\/wp-content\/uploads\/2026\/01\/IMG_1563-500x500.jpeg\" class=\"image wp-image-37932  attachment-medium size-medium\" alt title=\"Centrale pe lemne\"><\/a><\/div>\n<div id=\"media_image-18\" class=\"container-wrapper widget widget_media_image\"><a href=\"https:\/\/www.licitatia.ro\/site\/index-guest\"><img loading=\"lazy\" decoding=\"async\" width=\"500\" height=\"262\" src=\"https:\/\/infotulcea.ro\/wp-content\/uploads\/2025\/09\/licitatia-500x262.png\" class=\"image wp-image-36670  attachment-medium size-medium lazyload\" alt><img loading=\"lazy\" decoding=\"async\" width=\"500\" height=\"262\" src=\"https:\/\/infotulcea.ro\/wp-content\/uploads\/2025\/09\/licitatia-500x262.png\" class=\"image wp-image-36670  attachment-medium size-medium\" alt><\/a><\/div>\n<div id=\"media_image-27\" class=\"container-wrapper widget widget_media_image\"><a href=\"https:\/\/www.centrale-lemne-liepsnele.ro\/\"><img loading=\"lazy\" decoding=\"async\" width=\"500\" height=\"500\" src=\"https:\/\/infotulcea.ro\/wp-content\/uploads\/2025\/09\/Centrale-pe-Lemne-Liepsnele-500x500.png\" class=\"image wp-image-36541  attachment-medium size-medium lazyload\" alt=\"Centrala pe lemne\"><img loading=\"lazy\" decoding=\"async\" width=\"500\" height=\"500\" src=\"https:\/\/infotulcea.ro\/wp-content\/uploads\/2025\/09\/Centrale-pe-Lemne-Liepsnele-500x500.png\" class=\"image wp-image-36541  attachment-medium size-medium\" alt=\"Centrala pe lemne\"><\/a><\/div>\n<div id=\"media_image-28\" class=\"container-wrapper widget widget_media_image\"><a href=\"https:\/\/infotulcea.ro\/angajeaza-te-ro-platforma-ta-online-de-angajari-si-forta-de-munca\/\"><source sizes=\"(max-width: 500px) 100vw, 500px\" type=\"image\/webp\" data-srcset=\"https:\/\/infotulcea.ro\/wp-content\/uploads\/2025\/04\/banner-angajazate-1-500x305.jpg.webp 500w, https:\/\/infotulcea.ro\/wp-content\/uploads\/2025\/04\/banner-angajazate-1-1024x625.jpg.webp 1024w, https:\/\/infotulcea.ro\/wp-content\/uploads\/2025\/04\/banner-angajazate-1-768x469.jpg.webp 768w, https:\/\/infotulcea.ro\/wp-content\/uploads\/2025\/04\/banner-angajazate-1.jpg.webp 1080w\" \/><img loading=\"lazy\" decoding=\"async\" width=\"500\" height=\"305\" src=\"https:\/\/infotulcea.ro\/wp-content\/uploads\/2025\/04\/banner-angajazate-1-500x305.jpg\" class=\"image wp-image-34317  attachment-medium size-medium\" alt><\/a><\/div>\n<\/div>\n<\/aside>\n<\/div>\n<\/div>\n<div class=\"entry-content entry clearfix\">\n<p><strong>Deputatul de Tulcea, Cosmin Andrei, a adresat o interpelare conducerii Ministerului<\/strong><br \/><strong>Culturii, solicit\u00e2nd interven\u021bia institu\u021bional\u0103 pentru salvarea din anonimat a unui obiectiv arheologic<\/strong><br \/><strong>de o valoare inestimabil\u0103. Demersul vizeaz\u0103 ruinele celei mai vechi biserici cre\u0219tine din<\/strong><br \/><strong>Transilvania, descoperite \u00een anul 2011 \u00een timpul lucr\u0103rilor de reabilitare a infrastructurii din Cetatea<\/strong><br \/><strong>Alba Carolina. Potrivit speciali\u0219tilor, l\u0103ca\u0219ul de cult de origine bizantin\u0103 dateaz\u0103 de la mijlocul<\/strong><br \/><strong>secolului al X-lea, av\u00e2nd o vechime de peste 1.000 de ani.<\/strong><br \/>\nDin lips\u0103 de fonduri imediate, vestigiile au fost re\u00eengropate pentru conservare, \u00eens\u0103 situa\u021bia a<source sizes=\"(max-width: 488px) 100vw, 488px\" type=\"image\/webp\" data-srcset=\"https:\/\/infotulcea.ro\/wp-content\/uploads\/2026\/07\/cosmin-500x281.jpeg.webp 500w, https:\/\/infotulcea.ro\/wp-content\/uploads\/2026\/07\/cosmin-390x220.jpeg.webp 390w, https:\/\/infotulcea.ro\/wp-content\/uploads\/2026\/07\/cosmin.jpeg.webp 738w\" \/><\/p>\n<p><img loading=\"lazy\" decoding=\"async\" class=\" wp-image-40066 alignright\" src=\"https:\/\/infotulcea.ro\/wp-content\/uploads\/2026\/07\/cosmin-500x281.jpeg\" alt width=\"488\" height=\"274\"><br \/>\nr\u0103mas \u00eenghe\u021bat\u0103 p\u00e2n\u0103 \u00een prezent. Ast\u0103zi, terenul administrat de Arhiepiscopia Romano-Catolic\u0103 este<br \/>\nacoperit doar de gazon.<br \/>\n\u201eTuristul \u0219i cet\u0103\u021beanul de r\u00e2nd care se plimb\u0103 \u00een fa\u021ba Catedralei Romano-Catolice nu au<br \/>\nnici cea mai mic\u0103 idee despre tezaurul pe care calc\u0103, din cauza lipsei totale de semnalizare \u0219i<br \/>\npromovare. De\u0219i conservarea in situ, sub p\u0103m\u00e2nt, este o procedur\u0103 valid\u0103, ascunderea istoriei f\u0103r\u0103<br \/>\nnicio marc\u0103 vizibil\u0103 este inacceptabil\u0103 din punct de vedere turistic \u0219i educa\u021bional\u201d, a atras aten\u021bia<br \/>\ndeputatul Cosmin Andrei.<br \/>\nPrin documentul oficial, parlamentarul a solicitat ministerului de resort s\u0103 detalieze<br \/>\ndemersurile ini\u021biate \u00een rela\u021bia cu Arhiepiscopia pentru a reglementa situa\u021bia juridic\u0103 a terenului \u0219i a<br \/>\npermite redeschiderea s\u0103p\u0103turilor. De asemenea, a cerut explica\u021bii privind lipsa finan\u021b\u0103rii m\u0103car<br \/>\npentru o semnalizare adecvat\u0103 a sitului, prin panouri informative detaliate, machete sau marcaje<br \/>\nfizice la nivelul solului.<br \/>\n\u201eMinisterul Culturii are obliga\u021bia de a media \u0219i de a sprijini punerea \u00een valoare a acestui sit<br \/>\nextrem de important. F\u0103r\u0103 un efort comun \u00eentre stat, administra\u021bia local\u0103 \u0219i proprietar, cea mai<br \/>\nveche biseric\u0103 din Transilvania va r\u0103m\u00e2ne, \u00een mod nedrept, dezgropat\u0103, \u00eengropat\u0103 \u0219i dat\u0103 din nou<br \/>\nuit\u0103rii. Avem nevoie de alternative moderne de vizitare, care s\u0103 redea publicului aceast\u0103 parte<br \/>\nfundamental\u0103 a istoriei noastre\u201d, a concluzionat parlamentarul de Tulcea.\n<\/div>\n<div class=\"articleBody\" data-key=\"articleBody\">Deputatul de Tulcea, Cosmin Andrei, a adresat o interpelare conducerii Ministerului<br \/>\nCulturii, solicit\u00e2nd interven\u021bia institu\u021bional\u0103 pentru salvarea din anonimat a unui obiectiv arheologic<br \/>\nde o valoare inestimabil\u0103. Demersul vizeaz\u0103 ruinele celei mai vechi biserici cre\u0219tine din<br \/>\nTransilvania, descoperite \u00een anul 2011 \u00een timpul lucr\u0103rilor de reabilitare a infrastructurii din Cetatea<br \/>\nAlba Carolina. Potrivit speciali\u0219tilor, l\u0103ca\u0219ul de cult de origine bizantin\u0103 dateaz\u0103 de la mijlocul<br \/>\nsecolului al X-lea, av\u00e2nd o vechime de peste 1.000 de ani.<br \/>\nDin lips\u0103 de fonduri imediate, vestigiile au fost re\u00eengropate pentru conservare, \u00eens\u0103 situa\u021bia a<br \/>\nr\u0103mas \u00eenghe\u021bat\u0103 p\u00e2n\u0103 \u00een prezent. Ast\u0103zi, terenul administrat de Arhiepiscopia Romano-Catolic\u0103 este<br \/>\nacoperit doar de gazon.<br \/>\n\u201eTuristul \u0219i cet\u0103\u021beanul de r\u00e2nd care se plimb\u0103 \u00een fa\u021ba Catedralei Romano-Catolice nu au<br \/>\nnici cea mai mic\u0103 idee despre tezaurul pe care calc\u0103, din cauza lipsei totale de semnalizare \u0219i<br \/>\npromovare. De\u0219i conservarea in situ, sub p\u0103m\u00e2nt, este o procedur\u0103 valid\u0103, ascunderea istoriei f\u0103r\u0103<br \/>\nnicio marc\u0103 vizibil\u0103 este inacceptabil\u0103 din punct de vedere turistic \u0219i educa\u021bional\u201d, a atras aten\u021bia<br \/>\ndeputatul Cosmin Andrei.<br \/>\nPrin documentul oficial, parlamentarul a solicitat ministerului de resort s\u0103 detalieze<br \/>\ndemersurile ini\u021biate \u00een rela\u021bia cu Arhiepiscopia pentru a reglementa situa\u021bia juridic\u0103 a terenului \u0219i a<br \/>\npermite redeschiderea s\u0103p\u0103turilor. De asemenea, a cerut explica\u021bii privind lipsa finan\u021b\u0103rii m\u0103car<br \/>\npentru o semnalizare adecvat\u0103 a sitului, prin panouri informative detaliate, machete sau marcaje<br \/>\nfizice la nivelul solului.<br \/>\n\u201eMinisterul Culturii are obliga\u021bia de a media \u0219i de a sprijini punerea \u00een valoare a acestui sit<br \/>\nextrem de important. F\u0103r\u0103 un efort comun \u00eentre stat, administra\u021bia local\u0103 \u0219i proprietar, cea mai<br \/>\nveche biseric\u0103 din Transilvania va r\u0103m\u00e2ne, \u00een mod nedrept, dezgropat\u0103, \u00eengropat\u0103 \u0219i dat\u0103 din nou<br \/>\nuit\u0103rii. Avem nevoie de alternative moderne de vizitare, care s\u0103 redea publicului aceast\u0103 parte<br \/>\nfundamental\u0103 a istoriei noastre\u201d, a concluzionat parlamentarul de Tulcea.<\/div>\n<p>[analyse_source url=&#8221;https:\/\/infotulcea.ro\/cea-mai-veche-biserica-crestina-in-stil-bizantin-din-transilvania-trebuie-pusa-in-valoare\/&#8221;]<\/p>\n","protected":false},"excerpt":{"rendered":"<p>[analyse_image type=&#8221;featured&#8221; src=&#8221;https:\/\/infotulcea.ro\/wp-content\/uploads\/2026\/07\/cosmin.jpeghttps:\/\/infotulcea.ro\/wp-content\/uploads\/2026\/07\/cosmin.jpeg&#8221;] Home\/Politic\u0103\/Cea mai veche biseric\u0103 cre\u0219tin\u0103 \u00een stil bizantin din Transilvania trebuie pus\u0103 \u00een valoare! Politic\u0103 Cea mai veche biseric\u0103 cre\u0219tin\u0103 \u00een stil bizantin din Transilvania trebuie pus\u0103 \u00een valoare! Redactia11 august 2026 0 222 1 minute read Deputatul de Tulcea, Cosmin Andrei, a adresat o interpelare conducerii MinisteruluiCulturii, solicit\u00e2nd interven\u021bia institu\u021bional\u0103 pentru [&hellip;]<\/p>\n","protected":false},"author":1,"featured_media":0,"comment_status":"open","ping_status":"","sticky":false,"template":"","format":"standard","meta":{"footnotes":""},"categories":[89],"tags":[226,221],"class_list":["post-2098681","post","type-post","status-publish","format-standard","hentry","category-romania","tag-crawlmanager","tag-infotulcea-ro"],"_links":{"self":[{"href":"https:\/\/analyse.optim.biz\/index.php?rest_route=\/wp\/v2\/posts\/2098681","targetHints":{"allow":["GET"]}}],"collection":[{"href":"https:\/\/analyse.optim.biz\/index.php?rest_route=\/wp\/v2\/posts"}],"about":[{"href":"https:\/\/analyse.optim.biz\/index.php?rest_route=\/wp\/v2\/types\/post"}],"author":[{"embeddable":true,"href":"https:\/\/analyse.optim.biz\/index.php?rest_route=\/wp\/v2\/users\/1"}],"replies":[{"embeddable":true,"href":"https:\/\/analyse.optim.biz\/index.php?rest_route=%2Fwp%2Fv2%2Fcomments&post=2098681"}],"version-history":[{"count":0,"href":"https:\/\/analyse.optim.biz\/index.php?rest_route=\/wp\/v2\/posts\/2098681\/revisions"}],"wp:attachment":[{"href":"https:\/\/analyse.optim.biz\/index.php?rest_route=%2Fwp%2Fv2%2Fmedia&parent=2098681"}],"wp:term":[{"taxonomy":"category","embeddable":true,"href":"https:\/\/analyse.optim.biz\/index.php?rest_route=%2Fwp%2Fv2%2Fcategories&post=2098681"},{"taxonomy":"post_tag","embeddable":true,"href":"https:\/\/analyse.optim.biz\/index.php?rest_route=%2Fwp%2Fv2%2Ftags&post=2098681"}],"curies":[{"name":"wp","href":"https:\/\/api.w.org\/{rel}","templated":true}]}}