{"id":2098679,"date":"2026-08-15T13:06:59","date_gmt":"2026-08-15T10:06:59","guid":{"rendered":"https:\/\/analyse.optim.biz\/?p=2098679"},"modified":"2026-08-15T13:06:59","modified_gmt":"2026-08-15T10:06:59","slug":"senatorul-ionel-carp-cere-vigilenta-maxima-si-masuri-ferme-pentru-protejarea-cetatenilor-in-urma-noului-incident-cu-drona-din-tulcea","status":"publish","type":"post","link":"https:\/\/analyse.optim.biz\/?p=2098679","title":{"rendered":"Senatorul Ionel Carp cere vigilen\u021b\u0103 maxim\u0103 \u0219i m\u0103suri ferme pentru protejarea cet\u0103\u021benilor \u00een urma noului incident cu dron\u0103 din Tulcea"},"content":{"rendered":"<p>[analyse_image type=&#8221;featured&#8221; src=&#8221;https:\/\/infotulcea.ro\/wp-content\/uploads\/2026\/07\/carp-ionel.jpghttps:\/\/infotulcea.ro\/wp-content\/uploads\/2026\/07\/carp-ionel.jpg&#8221;]<\/p>\n<div id=\"content\" class=\"site-content container\">\n<div id=\"main-content-row\" class=\"tie-row main-content-row\">\n<div class=\"main-content tie-col-md-8 tie-col-xs-12\" role=\"main\">\n<article id=\"the-post\" class=\"container-wrapper post-content tie-standard\">\n<header class=\"entry-header-outer\">\n<nav id=\"breadcrumb\"><a href=\"https:\/\/infotulcea.ro\/\"> Home<\/a><em class=\"delimiter\">\/<\/em><a href=\"https:\/\/infotulcea.ro\/categorie\/politica\/\">Politic\u0103<\/a><em class=\"delimiter\">\/<\/em><span class=\"current\">Senatorul Ionel Carp cere vigilen\u021b\u0103 maxim\u0103 \u0219i m\u0103suri ferme pentru protejarea cet\u0103\u021benilor \u00een urma noului incident cu dron\u0103 din Tulcea<\/span><\/nav>\n<div class=\"entry-header\"><span class=\"post-cat-wrap\"><a class=\"post-cat tie-cat-139\" href=\"https:\/\/infotulcea.ro\/categorie\/politica\/\">Politic\u0103<\/a><\/span><\/p>\n<h1 class=\"post-title entry-title\">\n\t\t\tSenatorul Ionel Carp cere vigilen\u021b\u0103 maxim\u0103 \u0219i m\u0103suri ferme pentru protejarea cet\u0103\u021benilor \u00een urma noului incident cu dron\u0103 din Tulcea\t\t<\/h1>\n<div class=\"single-post-meta post-meta clearfix\"><span class=\"author-meta single-author no-avatars\"><span class=\"meta-item meta-author-wrapper meta-author-9\"><span class=\"meta-author\"><a href=\"https:\/\/infotulcea.ro\/author\/redactia-2\/\" class=\"author-name tie-icon\" title=\"Redactia\">Redactia<\/a><\/span><\/span><\/span><span class=\"date meta-item tie-icon\">15 august 2026<\/span><\/p>\n<div class=\"tie-alignright\"><span class=\"meta-comment tie-icon meta-item fa-before\">0<\/span><span class=\"meta-views meta-item \"> 289 <\/span><span class=\"meta-reading-time meta-item\"> 1 minute read<\/span><\/div>\n<\/div>\n<\/div>\n<\/header>\n<div class=\"entry-content entry clearfix\">\n<p><strong>Evenimentele petrecute \u00een cursul zilei de 14 august 2026, c\u00e2nd resturile unei drone pr\u0103bu\u0219ite \u00een nord-vestul jude\u021bului Tulcea, \u00een Mun\u021bii M\u0103cinului, au fost neutralizate prin detonare controlat\u0103 de o echip\u0103 specializat\u0103 a Ministerului Ap\u0103r\u0103rii Na\u021bionale, reconfirm\u0103 expunerea direct\u0103 a regiunii noastre la efectele colaterale ale conflictului de la grani\u021b\u0103.<\/strong><\/p>\n<p>\u00cen calitate de reprezentant al cet\u0103\u021benilor din jude\u021bul Tulcea, senatorul Ionel Carp subliniaz\u0103 c\u0103 recuren\u021ba acestor<source sizes=\"(max-width: 457px) 100vw, 457px\" type=\"image\/webp\" data-srcset=\"https:\/\/infotulcea.ro\/wp-content\/uploads\/2026\/07\/carp-ionel-500x346.jpg.webp 500w, https:\/\/infotulcea.ro\/wp-content\/uploads\/2026\/07\/carp-ionel-1024x709.jpg.webp 1024w, https:\/\/infotulcea.ro\/wp-content\/uploads\/2026\/07\/carp-ionel-768x532.jpg.webp 768w, https:\/\/infotulcea.ro\/wp-content\/uploads\/2026\/07\/carp-ionel.jpg.webp 1066w\" \/><\/p>\n<p><img loading=\"lazy\" decoding=\"async\" class=\" wp-image-40278 alignright\" src=\"https:\/\/infotulcea.ro\/wp-content\/uploads\/2026\/07\/carp-ionel-500x346.jpg\" alt width=\"457\" height=\"316\"> incidente impune o analiz\u0103 riguroas\u0103 a capacit\u0103\u021bilor de reac\u021bie \u0219i supraveghere, \u00een special \u00een condi\u021biile \u00een care evolu\u021bia la joas\u0103 altitudine a aparatelor de zbor poate eluda sistemele clasice de radar. De asemenea, identificarea unei alte drone \u00een zona localit\u0103\u021bii Plauru arat\u0103 c\u0103 riscurile r\u0103m\u00e2n ridicate pentru comunit\u0103\u021bile noastre riverane.<\/p>\n<p>\u201e<em>Siguran\u021ba cet\u0103\u021benilor rom\u00e2ni din jude\u021bul Tulcea \u0219i din \u00eentreaga zon\u0103 de frontier\u0103 trebuie s\u0103 reprezinte o prioritate absolut\u0103. Apreciez promptitudinea for\u021belor de ordine, a pompierilor, a Poli\u021biei de Frontier\u0103 \u0219i a echipelor MApN care au intervenit pentru securizarea zonei \u0219i neutralizarea aparatului \u00een condi\u021bii de siguran\u021b\u0103. Totodat\u0103, este evident c\u0103 locuitorii din prima linie a frontului nu pot fi l\u0103sa\u021bi s\u0103 spere doar la ghidajul mesajelor RO-ALERT, \u00een lipsa unor infrastructuri de ad\u0103postire adecvate \u0219i a unor m\u0103suri preventive integrate la nivel na\u021bional<\/em>\u201d, a declarat senatorul Ionel Carp.<\/p>\n<p>Parlamentarul atrage aten\u021bia c\u0103 autorit\u0103\u021bile statului trebuie s\u0103 \u00eembun\u0103t\u0103\u021beasc\u0103 constant coordonarea interinstitu\u021bional\u0103 \u0219i comunicarea operativ\u0103 pentru a spori gradul de securitate \u00een regiune.<\/p>\n<p>\u201e<em>Rom\u00e2nia, ca stat membru NATO, trebuie s\u0103 beneficieze de o vigilen\u021b\u0103 sporit\u0103 \u0219i de un scut eficient care s\u0103 descurajeze orice p\u0103trundere neautorizat\u0103 \u00een spa\u021biul nostru aerian. Vom continua s\u0103 sus\u021binem \u00een Parlament toate demersurile necesare pentru alocarea resurselor potrivite \u0219i pentru garantarea protec\u021biei depline a comunit\u0103\u021bilor noastre<\/em>\u201d, a concluzionat senatorul Ionel Carp.<\/p>\n<\/div>\n<div id=\"post-extra-info\">\n<div class=\"theiaStickySidebar\">\n<div class=\"single-post-meta post-meta clearfix\"><span class=\"author-meta single-author no-avatars\"><span class=\"meta-item meta-author-wrapper meta-author-9\"><span class=\"meta-author\"><a href=\"https:\/\/infotulcea.ro\/author\/redactia-2\/\" class=\"author-name tie-icon\" title=\"Redactia\">Redactia<\/a><\/span><\/span><\/span><span class=\"date meta-item tie-icon\">15 august 2026<\/span><\/p>\n<div class=\"tie-alignright\"><span class=\"meta-comment tie-icon meta-item fa-before\">0<\/span><span class=\"meta-views meta-item \"> 289 <\/span><span class=\"meta-reading-time meta-item\"> 1 minute read<\/span><\/div>\n<\/div>\n<\/div>\n<\/div>\n<div id=\"share-buttons-bottom\" class=\"share-buttons share-buttons-bottom\">\n<div class=\"share-links  icons-only\">\n<div class=\"share-title\"><span> Share<\/span><\/div>\n<p><a href=\"https:\/\/www.facebook.com\/sharer.php?u=https:\/\/infotulcea.ro\/senatorul-ionel-carp-cere-vigilenta-maxima-si-masuri-ferme-pentru-protejarea-cetatenilor-in-urma-noului-incident-cu-drona-din-tulcea\/\" rel=\"external noopener nofollow\" title=\"Facebook\" target=\"_blank\" class=\"facebook-share-btn \" data-raw=\"https:\/\/www.facebook.com\/sharer.php?u={post_link}\"><span class=\"screen-reader-text\">Facebook<\/span><\/a><a href=\"https:\/\/twitter.com\/intent\/tweet?text=Senatorul%20Ionel%20Carp%20cere%20vigilen%C8%9B%C4%83%20maxim%C4%83%20%C8%99i%20m%C4%83suri%20ferme%20pentru%20protejarea%20cet%C4%83%C8%9Benilor%20%C3%AEn%20urma%20noului%20incident%20cu%20dron%C4%83%20din%20Tulcea&amp;url=https:\/\/infotulcea.ro\/senatorul-ionel-carp-cere-vigilenta-maxima-si-masuri-ferme-pentru-protejarea-cetatenilor-in-urma-noului-incident-cu-drona-din-tulcea\/\" rel=\"external noopener nofollow\" title=\"X\" target=\"_blank\" class=\"twitter-share-btn \" data-raw=\"https:\/\/twitter.com\/intent\/tweet?text={post_title}&amp;url={post_link}\"><span class=\"screen-reader-text\">X<\/span><\/a><a href=\"https:\/\/api.whatsapp.com\/send?text=Senatorul%20Ionel%20Carp%20cere%20vigilen%C8%9B%C4%83%20maxim%C4%83%20%C8%99i%20m%C4%83suri%20ferme%20pentru%20protejarea%20cet%C4%83%C8%9Benilor%20%C3%AEn%20urma%20noului%20incident%20cu%20dron%C4%83%20din%20Tulcea%20https:\/\/infotulcea.ro\/senatorul-ionel-carp-cere-vigilenta-maxima-si-masuri-ferme-pentru-protejarea-cetatenilor-in-urma-noului-incident-cu-drona-din-tulcea\/\" rel=\"external noopener nofollow\" title=\"WhatsApp\" target=\"_blank\" class=\"whatsapp-share-btn \" data-raw=\"https:\/\/api.whatsapp.com\/send?text={post_title}%20{post_link}\"><span class=\"screen-reader-text\">WhatsApp<\/span><\/a><a href=\"https:\/\/telegram.me\/share\/url?url=https:\/\/infotulcea.ro\/senatorul-ionel-carp-cere-vigilenta-maxima-si-masuri-ferme-pentru-protejarea-cetatenilor-in-urma-noului-incident-cu-drona-din-tulcea\/&amp;text=Senatorul%20Ionel%20Carp%20cere%20vigilen%C8%9B%C4%83%20maxim%C4%83%20%C8%99i%20m%C4%83suri%20ferme%20pentru%20protejarea%20cet%C4%83%C8%9Benilor%20%C3%AEn%20urma%20noului%20incident%20cu%20dron%C4%83%20din%20Tulcea\" rel=\"external noopener nofollow\" title=\"Telegram\" target=\"_blank\" class=\"telegram-share-btn \" data-raw=\"https:\/\/telegram.me\/share\/url?url={post_link}&amp;text={post_title}\"><span class=\"screen-reader-text\">Telegram<\/span><\/a><a href=\"mailto:?subject=Senatorul%20Ionel%20Carp%20cere%20vigilen%C8%9B%C4%83%20maxim%C4%83%20%C8%99i%20m%C4%83suri%20ferme%20pentru%20protejarea%20cet%C4%83%C8%9Benilor%20%C3%AEn%20urma%20noului%20incident%20cu%20dron%C4%83%20din%20Tulcea&amp;body=https:\/\/infotulcea.ro\/senatorul-ionel-carp-cere-vigilenta-maxima-si-masuri-ferme-pentru-protejarea-cetatenilor-in-urma-noului-incident-cu-drona-din-tulcea\/\" rel=\"external noopener nofollow\" title=\"Share via Email\" target=\"_blank\" class=\"email-share-btn \" data-raw=\"mailto:?subject={post_title}&amp;body={post_link}\"><span class=\"screen-reader-text\">Share via Email<\/span><\/a><a href=\"https:\/\/infotulcea.ro\/senatorul-ionel-carp-cere-vigilenta-maxima-si-masuri-ferme-pentru-protejarea-cetatenilor-in-urma-noului-incident-cu-drona-din-tulcea\/\" rel=\"external noopener nofollow\" title=\"Print\" target=\"_blank\" class=\"print-share-btn \" data-raw=\"#\"><span class=\"screen-reader-text\">Print<\/span><\/a><\/div>\n<\/div>\n<\/article>\n<div class=\"post-components\">\n<div id=\"related-posts\" class=\"container-wrapper has-extra-post\">\n<div class=\"mag-box-title the-global-title\">\n<h3>Related Articles<\/h3>\n<\/div>\n<div class=\"related-posts-list\">\n<div class=\"related-item tie-standard\"><a aria-label=\"Lansare de carte la USR Tulcea: \u201dCartea Neagr\u0103 a guvern\u0103rii PSD-PNL\u201d\" href=\"https:\/\/infotulcea.ro\/lansare-de-carte-la-usr-tulcea-cartea-neagra-a-guvernarii-psd-pnl\/\" class=\"post-thumb\"><source sizes=\"(max-width: 390px) 100vw, 390px\" type=\"image\/webp\" data-srcset=\"https:\/\/infotulcea.ro\/wp-content\/uploads\/2022\/11\/usr-conf-390x220.jpeg.webp 390w, https:\/\/infotulcea.ro\/wp-content\/uploads\/2022\/11\/usr-conf-300x169.jpeg.webp 300w, https:\/\/infotulcea.ro\/wp-content\/uploads\/2022\/11\/usr-conf-1024x576.jpeg.webp 1024w, https:\/\/infotulcea.ro\/wp-content\/uploads\/2022\/11\/usr-conf-768x432.jpeg.webp 768w, https:\/\/infotulcea.ro\/wp-content\/uploads\/2022\/11\/usr-conf.jpeg.webp 1080w\" \/><img loading=\"lazy\" decoding=\"async\" width=\"390\" height=\"220\" src=\"https:\/\/infotulcea.ro\/wp-content\/uploads\/2022\/11\/usr-conf-390x220.jpeg\" class=\"attachment-jannah-image-large size-jannah-image-large wp-post-image\" alt><\/a><\/p>\n<h3 class=\"post-title\"><a href=\"https:\/\/infotulcea.ro\/lansare-de-carte-la-usr-tulcea-cartea-neagra-a-guvernarii-psd-pnl\/\">Lansare de carte la USR Tulcea: \u201dCartea Neagr\u0103 a guvern\u0103rii PSD-PNL\u201d<\/a><\/h3>\n<div class=\"post-meta clearfix\"><span class=\"date meta-item tie-icon\">25 noiembrie 2022<\/span><\/div>\n<\/div>\n<div class=\"related-item tie-standard\"><a aria-label=\"George \u0218i\u0219cu, deputat \u00een Comisia Transporturi: \u201dAvem \u00eent\u00e2rzieri semnificative \u00een stabilirea traseului final al Drumului Expres spre Constan\u021ba!\u201d\" href=\"https:\/\/infotulcea.ro\/george-siscu-deputat-in-comisia-transporturi-avem-intarzieri-semnificative-in-stabilirea-traseului-final-al-drumului-expres-spre-constanta\/\" class=\"post-thumb\"><source type=\"image\/webp\" data-srcset=\"https:\/\/infotulcea.ro\/wp-content\/uploads\/2024\/03\/dex-tl-390x220.jpg.webp\" \/><img loading=\"lazy\" decoding=\"async\" width=\"390\" height=\"220\" src=\"https:\/\/infotulcea.ro\/wp-content\/uploads\/2024\/03\/dex-tl-390x220.jpg\" class=\"attachment-jannah-image-large size-jannah-image-large wp-post-image\" alt><\/a><\/p>\n<h3 class=\"post-title\"><a href=\"https:\/\/infotulcea.ro\/george-siscu-deputat-in-comisia-transporturi-avem-intarzieri-semnificative-in-stabilirea-traseului-final-al-drumului-expres-spre-constanta\/\">George \u0218i\u0219cu, deputat \u00een Comisia Transporturi: \u201dAvem \u00eent\u00e2rzieri semnificative \u00een stabilirea traseului final al Drumului Expres spre Constan\u021ba!\u201d<\/a><\/h3>\n<div class=\"post-meta clearfix\"><span class=\"date meta-item tie-icon\">13 martie 2024<\/span><\/div>\n<\/div>\n<div class=\"related-item tie-standard\"><a aria-label=\"Alian\u021ba PSD-AUR blocheaz\u0103 listarea companiilor de stat\" href=\"https:\/\/infotulcea.ro\/alianta-psd-aur-blocheaza-listarea-companiilor-de-stat\/\" class=\"post-thumb\"><source type=\"image\/webp\" data-srcset=\"https:\/\/infotulcea.ro\/wp-content\/uploads\/2026\/05\/usr-1-390x220.jpeg.webp\" \/><img loading=\"lazy\" decoding=\"async\" width=\"390\" height=\"220\" src=\"https:\/\/infotulcea.ro\/wp-content\/uploads\/2026\/05\/usr-1-390x220.jpeg\" class=\"attachment-jannah-image-large size-jannah-image-large wp-post-image\" alt><\/a><\/p>\n<h3 class=\"post-title\"><a href=\"https:\/\/infotulcea.ro\/alianta-psd-aur-blocheaza-listarea-companiilor-de-stat\/\">Alian\u021ba PSD-AUR blocheaz\u0103 listarea companiilor de stat<\/a><\/h3>\n<div class=\"post-meta clearfix\"><span class=\"date meta-item tie-icon\">27 mai 2026<\/span><\/div>\n<\/div>\n<div class=\"related-item tie-standard\"><a aria-label=\"Lansare PNL: George \u0218i\u0219cu este primul candidat oficial pentru pre\u0219edin\u021bia Consiliului Jude\u021bean Tulcea\" href=\"https:\/\/infotulcea.ro\/lansare-pnl-george-siscu-este-primul-candidat-oficial-pentru-presedintia-consiliului-judetean-tulcea\/\" class=\"post-thumb\"><source type=\"image\/webp\" data-srcset=\"https:\/\/infotulcea.ro\/wp-content\/uploads\/2024\/03\/pnl-xxx-390x220.jpg.webp\" \/><img loading=\"lazy\" decoding=\"async\" width=\"390\" height=\"220\" src=\"https:\/\/infotulcea.ro\/wp-content\/uploads\/2024\/03\/pnl-xxx-390x220.jpg\" class=\"attachment-jannah-image-large size-jannah-image-large wp-post-image\" alt><\/a><\/p>\n<h3 class=\"post-title\"><a href=\"https:\/\/infotulcea.ro\/lansare-pnl-george-siscu-este-primul-candidat-oficial-pentru-presedintia-consiliului-judetean-tulcea\/\">Lansare PNL: George \u0218i\u0219cu este primul candidat oficial pentru pre\u0219edin\u021bia Consiliului Jude\u021bean Tulcea<\/a><\/h3>\n<div class=\"post-meta clearfix\"><span class=\"date meta-item tie-icon\">15 martie 2024<\/span><\/div>\n<\/div>\n<\/div>\n<\/div>\n<div id=\"comments\" class=\"comments-area\">\n<div id=\"add-comment-block\" class=\"container-wrapper\">\n<div id=\"respond\" class=\"comment-respond\">\n<h3 id=\"reply-title\" class=\"comment-reply-title the-global-title\">Las\u0103 un r\u0103spuns <small><a rel=\"nofollow\" id=\"cancel-comment-reply-link\" href=\"https:\/\/infotulcea.ro\/senatorul-ionel-carp-cere-vigilenta-maxima-si-masuri-ferme-pentru-protejarea-cetatenilor-in-urma-noului-incident-cu-drona-din-tulcea\/#respond\">Anuleaz\u0103 r\u0103spunsul<\/a><\/small><\/h3>\n<p class=\"comment-notes\"><span id=\"email-notes\">Adresa ta de email nu va fi publicat\u0103.<\/span><span class=\"required-field-message\">C\u00e2mpurile obligatorii sunt marcate cu <span class=\"required\">*<\/span><\/span><\/p>\n<\/div>\n<\/div>\n<\/div>\n<\/div>\n<\/div>\n<div id=\"check-also-box\" class=\"container-wrapper check-also-right\">\n<div class=\"widget-title the-global-title\">\n<div class=\"the-subtitle\">Check Also<\/div>\n<p><a href=\"https:\/\/infotulcea.ro\/senatorul-ionel-carp-cere-vigilenta-maxima-si-masuri-ferme-pentru-protejarea-cetatenilor-in-urma-noului-incident-cu-drona-din-tulcea\/\" id=\"check-also-close\" class=\"remove\"><span class=\"screen-reader-text\">Close<\/span><\/a><\/div>\n<div class=\"widget posts-list-big-first has-first-big-post\">\n<ul class=\"posts-list-items\">\n<li class=\"widget-single-post-item widget-post-list tie-standard\">\n<div class=\"post-widget-thumbnail\"><a aria-label=\"Drago\u0219 SIMION, viceprimarul municipiului Tulcea, ales \u00een conducerea na\u021bional\u0103 a PER\" href=\"https:\/\/infotulcea.ro\/dragos-simion-viceprimarul-municipiului-tulcea-ales-in-conducerea-nationala-a-per\/\" class=\"post-thumb\"><span class=\"post-cat-wrap\"><span class=\"post-cat tie-cat-139\">Politic\u0103<\/span><\/span><source type=\"image\/webp\" data-srcset=\"https:\/\/infotulcea.ro\/wp-content\/uploads\/2023\/10\/simion-d-390x220.jpg.webp\" \/><img loading=\"lazy\" decoding=\"async\" width=\"390\" height=\"220\" src=\"https:\/\/infotulcea.ro\/wp-content\/uploads\/2023\/10\/simion-d-390x220.jpg\" class=\"attachment-jannah-image-large size-jannah-image-large wp-post-image\" alt><\/a><\/div>\n<div class=\"post-widget-body \"><a class=\"post-title the-subtitle\" href=\"https:\/\/infotulcea.ro\/dragos-simion-viceprimarul-municipiului-tulcea-ales-in-conducerea-nationala-a-per\/\">Drago\u0219 SIMION, viceprimarul municipiului Tulcea, ales \u00een conducerea na\u021bional\u0103 a PER<\/a><\/p>\n<div class=\"post-meta\"><span class=\"date meta-item tie-icon\">31 octombrie 2023<\/span><\/div>\n<\/div>\n<\/li>\n<\/ul>\n<\/div>\n<\/div>\n<aside class=\"sidebar tie-col-md-4 tie-col-xs-12 normal-side is-sticky\" aria-label=\"Primary Sidebar\">\n<div class=\"theiaStickySidebar\">\n<div id=\"media_image-19\" class=\"container-wrapper widget widget_media_image\"><a href=\"https:\/\/infotulcea.ro\/delta-dunarii-mai-accesibila-navrom-delta-creste-numarul-curselor-regulate-de-la-1-mai-2025\/\"><source sizes=\"(max-width: 500px) 100vw, 500px\" type=\"image\/webp\" data-srcset=\"https:\/\/infotulcea.ro\/wp-content\/uploads\/2025\/04\/navrom-delta-500x271.jpg.webp 500w, https:\/\/infotulcea.ro\/wp-content\/uploads\/2025\/04\/navrom-delta-1024x555.jpg.webp 1024w, https:\/\/infotulcea.ro\/wp-content\/uploads\/2025\/04\/navrom-delta-768x416.jpg.webp 768w, https:\/\/infotulcea.ro\/wp-content\/uploads\/2025\/04\/navrom-delta.jpg.webp 1080w\" \/><img loading=\"lazy\" decoding=\"async\" width=\"500\" height=\"271\" src=\"https:\/\/infotulcea.ro\/wp-content\/uploads\/2025\/04\/navrom-delta-500x271.jpg\" class=\"image wp-image-34487  attachment-medium size-medium\" alt><\/a><\/div>\n<div id=\"media_image-17\" class=\"container-wrapper widget widget_media_image\"><a href=\"https:\/\/www.facebook.com\/share\/p\/1DGAD1tLWN\/?mibextid=wwXIfr\" target=\"_blank\"><source sizes=\"(max-width: 500px) 100vw, 500px\" type=\"image\/webp\" data-srcset=\"https:\/\/infotulcea.ro\/wp-content\/uploads\/2026\/01\/IMG_1563-500x500.jpeg.webp 500w, https:\/\/infotulcea.ro\/wp-content\/uploads\/2026\/01\/IMG_1563-1024x1024.jpeg.webp 1024w, https:\/\/infotulcea.ro\/wp-content\/uploads\/2026\/01\/IMG_1563-250x250.jpeg.webp 250w, https:\/\/infotulcea.ro\/wp-content\/uploads\/2026\/01\/IMG_1563-768x768.jpeg.webp 768w, https:\/\/infotulcea.ro\/wp-content\/uploads\/2026\/01\/IMG_1563.jpeg.webp 1080w\" \/><img loading=\"lazy\" decoding=\"async\" width=\"500\" height=\"500\" src=\"https:\/\/infotulcea.ro\/wp-content\/uploads\/2026\/01\/IMG_1563-500x500.jpeg\" class=\"image wp-image-37932  attachment-medium size-medium\" alt title=\"Centrale pe lemne\"><\/a><\/div>\n<div id=\"media_image-18\" class=\"container-wrapper widget widget_media_image\"><a href=\"https:\/\/www.licitatia.ro\/site\/index-guest\"><img loading=\"lazy\" decoding=\"async\" width=\"500\" height=\"262\" src=\"https:\/\/infotulcea.ro\/wp-content\/uploads\/2025\/09\/licitatia-500x262.png\" class=\"image wp-image-36670  attachment-medium size-medium lazyload\" alt><img loading=\"lazy\" decoding=\"async\" width=\"500\" height=\"262\" src=\"https:\/\/infotulcea.ro\/wp-content\/uploads\/2025\/09\/licitatia-500x262.png\" class=\"image wp-image-36670  attachment-medium size-medium\" alt><\/a><\/div>\n<div id=\"media_image-27\" class=\"container-wrapper widget widget_media_image\"><a href=\"https:\/\/www.centrale-lemne-liepsnele.ro\/\"><img loading=\"lazy\" decoding=\"async\" width=\"500\" height=\"500\" src=\"https:\/\/infotulcea.ro\/wp-content\/uploads\/2025\/09\/Centrale-pe-Lemne-Liepsnele-500x500.png\" class=\"image wp-image-36541  attachment-medium size-medium lazyload\" alt=\"Centrala pe lemne\"><img loading=\"lazy\" decoding=\"async\" width=\"500\" height=\"500\" src=\"https:\/\/infotulcea.ro\/wp-content\/uploads\/2025\/09\/Centrale-pe-Lemne-Liepsnele-500x500.png\" class=\"image wp-image-36541  attachment-medium size-medium\" alt=\"Centrala pe lemne\"><\/a><\/div>\n<div id=\"media_image-28\" class=\"container-wrapper widget widget_media_image\"><a href=\"https:\/\/infotulcea.ro\/angajeaza-te-ro-platforma-ta-online-de-angajari-si-forta-de-munca\/\"><source sizes=\"(max-width: 500px) 100vw, 500px\" type=\"image\/webp\" data-srcset=\"https:\/\/infotulcea.ro\/wp-content\/uploads\/2025\/04\/banner-angajazate-1-500x305.jpg.webp 500w, https:\/\/infotulcea.ro\/wp-content\/uploads\/2025\/04\/banner-angajazate-1-1024x625.jpg.webp 1024w, https:\/\/infotulcea.ro\/wp-content\/uploads\/2025\/04\/banner-angajazate-1-768x469.jpg.webp 768w, https:\/\/infotulcea.ro\/wp-content\/uploads\/2025\/04\/banner-angajazate-1.jpg.webp 1080w\" \/><img loading=\"lazy\" decoding=\"async\" width=\"500\" height=\"305\" src=\"https:\/\/infotulcea.ro\/wp-content\/uploads\/2025\/04\/banner-angajazate-1-500x305.jpg\" class=\"image wp-image-34317  attachment-medium size-medium\" alt><\/a><\/div>\n<\/div>\n<\/aside>\n<\/div>\n<\/div>\n<div class=\"entry-content entry clearfix\">\n<p><strong>Evenimentele petrecute \u00een cursul zilei de 14 august 2026, c\u00e2nd resturile unei drone pr\u0103bu\u0219ite \u00een nord-vestul jude\u021bului Tulcea, \u00een Mun\u021bii M\u0103cinului, au fost neutralizate prin detonare controlat\u0103 de o echip\u0103 specializat\u0103 a Ministerului Ap\u0103r\u0103rii Na\u021bionale, reconfirm\u0103 expunerea direct\u0103 a regiunii noastre la efectele colaterale ale conflictului de la grani\u021b\u0103.<\/strong><\/p>\n<p>\u00cen calitate de reprezentant al cet\u0103\u021benilor din jude\u021bul Tulcea, senatorul Ionel Carp subliniaz\u0103 c\u0103 recuren\u021ba acestor<source sizes=\"(max-width: 457px) 100vw, 457px\" type=\"image\/webp\" data-srcset=\"https:\/\/infotulcea.ro\/wp-content\/uploads\/2026\/07\/carp-ionel-500x346.jpg.webp 500w, https:\/\/infotulcea.ro\/wp-content\/uploads\/2026\/07\/carp-ionel-1024x709.jpg.webp 1024w, https:\/\/infotulcea.ro\/wp-content\/uploads\/2026\/07\/carp-ionel-768x532.jpg.webp 768w, https:\/\/infotulcea.ro\/wp-content\/uploads\/2026\/07\/carp-ionel.jpg.webp 1066w\" \/><\/p>\n<p><img loading=\"lazy\" decoding=\"async\" class=\" wp-image-40278 alignright\" src=\"https:\/\/infotulcea.ro\/wp-content\/uploads\/2026\/07\/carp-ionel-500x346.jpg\" alt width=\"457\" height=\"316\"> incidente impune o analiz\u0103 riguroas\u0103 a capacit\u0103\u021bilor de reac\u021bie \u0219i supraveghere, \u00een special \u00een condi\u021biile \u00een care evolu\u021bia la joas\u0103 altitudine a aparatelor de zbor poate eluda sistemele clasice de radar. De asemenea, identificarea unei alte drone \u00een zona localit\u0103\u021bii Plauru arat\u0103 c\u0103 riscurile r\u0103m\u00e2n ridicate pentru comunit\u0103\u021bile noastre riverane.<\/p>\n<p>\u201e<em>Siguran\u021ba cet\u0103\u021benilor rom\u00e2ni din jude\u021bul Tulcea \u0219i din \u00eentreaga zon\u0103 de frontier\u0103 trebuie s\u0103 reprezinte o prioritate absolut\u0103. Apreciez promptitudinea for\u021belor de ordine, a pompierilor, a Poli\u021biei de Frontier\u0103 \u0219i a echipelor MApN care au intervenit pentru securizarea zonei \u0219i neutralizarea aparatului \u00een condi\u021bii de siguran\u021b\u0103. Totodat\u0103, este evident c\u0103 locuitorii din prima linie a frontului nu pot fi l\u0103sa\u021bi s\u0103 spere doar la ghidajul mesajelor RO-ALERT, \u00een lipsa unor infrastructuri de ad\u0103postire adecvate \u0219i a unor m\u0103suri preventive integrate la nivel na\u021bional<\/em>\u201d, a declarat senatorul Ionel Carp.<\/p>\n<p>Parlamentarul atrage aten\u021bia c\u0103 autorit\u0103\u021bile statului trebuie s\u0103 \u00eembun\u0103t\u0103\u021beasc\u0103 constant coordonarea interinstitu\u021bional\u0103 \u0219i comunicarea operativ\u0103 pentru a spori gradul de securitate \u00een regiune.<\/p>\n<p>\u201e<em>Rom\u00e2nia, ca stat membru NATO, trebuie s\u0103 beneficieze de o vigilen\u021b\u0103 sporit\u0103 \u0219i de un scut eficient care s\u0103 descurajeze orice p\u0103trundere neautorizat\u0103 \u00een spa\u021biul nostru aerian. Vom continua s\u0103 sus\u021binem \u00een Parlament toate demersurile necesare pentru alocarea resurselor potrivite \u0219i pentru garantarea protec\u021biei depline a comunit\u0103\u021bilor noastre<\/em>\u201d, a concluzionat senatorul Ionel Carp.<\/p>\n<\/div>\n<div class=\"articleBody\" data-key=\"articleBody\">Evenimentele petrecute \u00een cursul zilei de 14 august 2026, c\u00e2nd resturile unei drone pr\u0103bu\u0219ite \u00een nord-vestul jude\u021bului Tulcea, \u00een Mun\u021bii M\u0103cinului, au fost neutralizate prin detonare controlat\u0103 de o echip\u0103 specializat\u0103 a Ministerului Ap\u0103r\u0103rii Na\u021bionale, reconfirm\u0103 expunerea direct\u0103 a regiunii noastre la efectele colaterale ale conflictului de la grani\u021b\u0103.<\/p>\n<p>\u00cen calitate de reprezentant al cet\u0103\u021benilor din jude\u021bul Tulcea, senatorul Ionel Carp subliniaz\u0103 c\u0103 recuren\u021ba acestor incidente impune o analiz\u0103 riguroas\u0103 a capacit\u0103\u021bilor de reac\u021bie \u0219i supraveghere, \u00een special \u00een condi\u021biile \u00een care evolu\u021bia la joas\u0103 altitudine a aparatelor de zbor poate eluda sistemele clasice de radar. De asemenea, identificarea unei alte drone \u00een zona localit\u0103\u021bii Plauru arat\u0103 c\u0103 riscurile r\u0103m\u00e2n ridicate pentru comunit\u0103\u021bile noastre riverane.<\/p>\n<p>\u201eSiguran\u021ba cet\u0103\u021benilor rom\u00e2ni din jude\u021bul Tulcea \u0219i din \u00eentreaga zon\u0103 de frontier\u0103 trebuie s\u0103 reprezinte o prioritate absolut\u0103. Apreciez promptitudinea for\u021belor de ordine, a pompierilor, a Poli\u021biei de Frontier\u0103 \u0219i a echipelor MApN care au intervenit pentru securizarea zonei \u0219i neutralizarea aparatului \u00een condi\u021bii de siguran\u021b\u0103. Totodat\u0103, este evident c\u0103 locuitorii din prima linie a frontului nu pot fi l\u0103sa\u021bi s\u0103 spere doar la ghidajul mesajelor RO-ALERT, \u00een lipsa unor infrastructuri de ad\u0103postire adecvate \u0219i a unor m\u0103suri preventive integrate la nivel na\u021bional\u201d, a declarat senatorul Ionel Carp.<\/p>\n<p>Parlamentarul atrage aten\u021bia c\u0103 autorit\u0103\u021bile statului trebuie s\u0103 \u00eembun\u0103t\u0103\u021beasc\u0103 constant coordonarea interinstitu\u021bional\u0103 \u0219i comunicarea operativ\u0103 pentru a spori gradul de securitate \u00een regiune.<\/p>\n<p>\u201eRom\u00e2nia, ca stat membru NATO, trebuie s\u0103 beneficieze de o vigilen\u021b\u0103 sporit\u0103 \u0219i de un scut eficient care s\u0103 descurajeze orice p\u0103trundere neautorizat\u0103 \u00een spa\u021biul nostru aerian. Vom continua s\u0103 sus\u021binem \u00een Parlament toate demersurile necesare pentru alocarea resurselor potrivite \u0219i pentru garantarea protec\u021biei depline a comunit\u0103\u021bilor noastre\u201d, a concluzionat senatorul Ionel Carp.<\/p><\/div>\n<p>[analyse_source url=&#8221;https:\/\/infotulcea.ro\/senatorul-ionel-carp-cere-vigilenta-maxima-si-masuri-ferme-pentru-protejarea-cetatenilor-in-urma-noului-incident-cu-drona-din-tulcea\/&#8221;]<\/p>\n","protected":false},"excerpt":{"rendered":"<p>[analyse_image type=&#8221;featured&#8221; src=&#8221;https:\/\/infotulcea.ro\/wp-content\/uploads\/2026\/07\/carp-ionel.jpghttps:\/\/infotulcea.ro\/wp-content\/uploads\/2026\/07\/carp-ionel.jpg&#8221;] Home\/Politic\u0103\/Senatorul Ionel Carp cere vigilen\u021b\u0103 maxim\u0103 \u0219i m\u0103suri ferme pentru protejarea cet\u0103\u021benilor \u00een urma noului incident cu dron\u0103 din Tulcea Politic\u0103 Senatorul Ionel Carp cere vigilen\u021b\u0103 maxim\u0103 \u0219i m\u0103suri ferme pentru protejarea cet\u0103\u021benilor \u00een urma noului incident cu dron\u0103 din Tulcea Redactia15 august 2026 0 289 1 minute read Evenimentele petrecute \u00een [&hellip;]<\/p>\n","protected":false},"author":1,"featured_media":0,"comment_status":"open","ping_status":"","sticky":false,"template":"","format":"standard","meta":{"footnotes":""},"categories":[89],"tags":[226,221],"class_list":["post-2098679","post","type-post","status-publish","format-standard","hentry","category-romania","tag-crawlmanager","tag-infotulcea-ro"],"_links":{"self":[{"href":"https:\/\/analyse.optim.biz\/index.php?rest_route=\/wp\/v2\/posts\/2098679","targetHints":{"allow":["GET"]}}],"collection":[{"href":"https:\/\/analyse.optim.biz\/index.php?rest_route=\/wp\/v2\/posts"}],"about":[{"href":"https:\/\/analyse.optim.biz\/index.php?rest_route=\/wp\/v2\/types\/post"}],"author":[{"embeddable":true,"href":"https:\/\/analyse.optim.biz\/index.php?rest_route=\/wp\/v2\/users\/1"}],"replies":[{"embeddable":true,"href":"https:\/\/analyse.optim.biz\/index.php?rest_route=%2Fwp%2Fv2%2Fcomments&post=2098679"}],"version-history":[{"count":0,"href":"https:\/\/analyse.optim.biz\/index.php?rest_route=\/wp\/v2\/posts\/2098679\/revisions"}],"wp:attachment":[{"href":"https:\/\/analyse.optim.biz\/index.php?rest_route=%2Fwp%2Fv2%2Fmedia&parent=2098679"}],"wp:term":[{"taxonomy":"category","embeddable":true,"href":"https:\/\/analyse.optim.biz\/index.php?rest_route=%2Fwp%2Fv2%2Fcategories&post=2098679"},{"taxonomy":"post_tag","embeddable":true,"href":"https:\/\/analyse.optim.biz\/index.php?rest_route=%2Fwp%2Fv2%2Ftags&post=2098679"}],"curies":[{"name":"wp","href":"https:\/\/api.w.org\/{rel}","templated":true}]}}