{"id":2098655,"date":"2026-08-18T06:47:27","date_gmt":"2026-08-18T03:47:27","guid":{"rendered":"https:\/\/analyse.optim.biz\/?p=2098655"},"modified":"2026-08-18T06:47:27","modified_gmt":"2026-08-18T03:47:27","slug":"politist-din-timis-banuit-ca-le-ar-fi-dat-o-mana-de-ajutor-hotilor-sa-fure-din-mai-multe-locuinte-mai-multe-perchezitii-in-judet","status":"publish","type":"post","link":"https:\/\/analyse.optim.biz\/?p=2098655","title":{"rendered":"Poli\u021bist din Timi\u0219, b\u0103nuit c\u0103 le-ar fi dat o m\u00e2n\u0103 de ajutor ho\u021bilor s\u0103 fure din mai multe locuin\u021be. Mai multe perchezi\u021bii \u00een jude\u021b"},"content":{"rendered":"<p>[analyse_image type=&#8221;featured&#8221; src=&#8221;https:\/\/www.tion.ro\/wp-content\/uploads\/2026\/08\/+otf\/1200&#215;630\/B1XstCLmyBL8o2y8ZIxkaU5PVF9WRVJZX1NFQ6__T__TrkrO01n9JkBUVoh1rV+UO39XpLwwX5aEajpTAQL8sCdRz4YzcEOZ7dm9udysTGR+5rN0gcZJyLIH2ByOE=\/7035546collage.png&#8221;]<\/p>\n<article id=\"post-2335389\" class>\n<div class=\"entry-content clearfix\">\n<div class=\"enewsArticleContent\">\n<p class=\"isSelectedEnd\">16 perchezi\u021bii domiciliare au loc azi, 18 august, \u00een jude\u021bul Timi\u0219, \u00eentr-un dosar care vizeaz\u0103 o grupare care au dat mai multe spargeri \u00een locuin\u021be.<\/p>\n<p class=\"isSelectedEnd\">Poli\u021bi\u0219tii de la Biroul de Investiga\u021bii Criminale din cadrul Poli\u021biei Municipiului Timi\u0219oara, sub coordonarea procurorului de la Parchetul de pe l\u00e2ng\u0103 Judec\u0103toria Timi\u0219oara, au descins la mai multe adrese din jude\u021b, mai exact 16..Printre persoanele vizate de anchet\u0103 se afl\u0103 \u0219i un agent de poli\u021bie din cadrul Poli\u021biei Municipiului Timi\u0219oara, despre care anchetatorii verific\u0103 c\u00e2t de mult le-a facilitat acestora jafurile. Perchezi\u021bia la locuin\u021ba agentului face parte din aceea\u0219i anchet\u0103.<\/p>\n<p>Potrivit surselor Tion, acesta este poli\u021bi\u0219t la Sec\u021bia 5.<\/p>\n<p class=\"isSelectedEnd\">Anchetatorii spun c\u0103 gruparea ar fi folosit metode diferite pentru a intra \u00een locuin\u021be \u0219i a fura bunuri.<\/p>\n<div class=\"enews_gallery_holder\">\n<div class=\"ml-gallery\"><a href=\"https:\/\/www.tion.ro\/galeria\/perchezitii-timis-2\/\" class=\"ml-gallery-link\"><img loading=\"lazy\" decoding=\"async\" class=\"uUXFvP lazyload ml-gallery-cover\" src=\"https:\/\/www.tion.ro\/wp-content\/plugins\/endless-core\/images\/1x1.png\" width=\"155\" height=\"100\" data-src=\"https:\/\/www.tion.ro\/wp-content\/uploads\/2026\/08\/7035697WhatsAppImage20260818at0931083.jpeg\" data-srcset=\"https:\/\/www.tion.ro\/wp-content\/uploads\/2026\/08\/+otf\/839x538\/A8vWTGBgVA0jRA8dCL0u7k5PVF9WRVJZX1NFQyGr68PgTVm__kalr3vANnJEOQE5z2k9qSPBqLy5QiIk3bxLSWaiEznhxf423WTUCV5uveolsSfv2d61BNV56GHY=\/7035697WhatsAppImage20260818at0931083.jpeg 839w,https:\/\/www.tion.ro\/wp-content\/uploads\/2026\/08\/+otf\/100w\/k0YgGcrWQZbSyy6gqH9ftk5PVF9WRVJZX1NFQyGr68PgTVm__kalr3vANnJEOQE5z2k9qT__BqLy5QiIk3bxLSWaiEznhxf423VDsCV5uveolsSfv2d61BNV56GHY=\/7035697WhatsAppImage20260818at0931083.jpeg 100w\" data-sizes=\"auto\"><\/p>\n<p class=\"wp-caption-text-gallery\">Perchezi\u021bii Timi\u0219<\/p>\n<p><\/a><\/div>\n<\/div>\n<p>\u00a0<\/p>\n<p class=\"isSelectedEnd\">Deocamdat\u0103, ancheta este \u00een desf\u0103\u0219urare, iar procurorii trebuie s\u0103 stabileasc\u0103 exact ce rol ar fi avut poli\u021bistul \u0219i dac\u0103 acesta le-ar fi furnizat suspec\u021bilor informa\u021bii sau alt tip de ajutor.<\/p>\n<p class=\"isSelectedEnd\">Conducerea IPJ Timi\u0219 transmite c\u0103 se dezice ferm de orice fapt\u0103 care \u00eencalc\u0103 legea \u0219i c\u0103, \u00een cazul \u00een care un poli\u021bist este implicat \u00een fapte penale \u0219i legile se aplic\u0103 tuturor.<\/p>\n<p>Ancheta continu\u0103 sub coordonarea procurorului de la Parchetul de pe l\u00e2ng\u0103 Judec\u0103toria Timi\u0219oara.<\/p>\n<div class=\"wp-video\"><video class=\"wp-video-shortcode\" id=\"video-2335389-1\" width=\"1080\" height=\"1920\" preload=\"metadata\" controls=\"controls\"><source type=\"video\/mp4\" src=\"https:\/\/www.tion.ro\/wp-content\/uploads\/2026\/08\/7035551WhatsAppVideo20260818at093106.mp4?_=1\" \/><\/video><\/div>\n<div class=\"fbShareLikeTwitterAndEmailContainer\">\n<div class=\"wrapper\">\n<div class=\"email\">\n<div id=\"mailto-pop\" class=\"pop-form pop-form-mailto\">\n<div class=\"pop-form-header\">\n<h4>Trimite articolul<\/h4>\n<p><a class=\"pop-form-close\">X<\/a><\/div>\n<\/div>\n<\/div>\n<\/div>\n<\/div>\n<div class=\"tagsContainer\">\n<div class=\"tagsLabel\">Taguri:<\/div>\n<div class=\"tags\">\n<div class=\"tag\"><a href=\"https:\/\/www.tion.ro\/cimke\/politist\" rel=\"tag\"><span class=\"link\">POLITIST<\/span><span class=\"separator\">,<\/span><\/a><\/div>\n<div class=\"tag\"><a href=\"https:\/\/www.tion.ro\/cimke\/spargeri\" rel=\"tag\"><span class=\"link\">spargeri<\/span><\/a><\/div>\n<\/div>\n<\/div>\n<div class=\"comments\">\n<div class=\"top\">\n<div class=\"commentsNumber\"><span class=\"number\">0<\/span><span class=\"text\">Comentarii<\/span><\/div>\n<\/div>\n<div class=\"center\">\n<div id=\"respond\" class=\"comment-respond\">\n<h3 id=\"reply-title\" class=\"comment-reply-title\"><small><a rel=\"nofollow\" id=\"cancel-comment-reply-link\" href=\"https:\/\/www.tion.ro\/eveniment\/politist-din-timis-banuit-ca-le-ar-fi-dat-o-mana-de-ajutor-hotilor-sa-fure-din-mai-multe-locuinte-mai-multe-perchezitii-in-judet-2335389\/#respond\">Cancel reply<\/a><\/small><\/h3>\n<p class=\"comment-notes\"><span id=\"email-notes\">Your email address will not be published.<\/span><span class=\"required-field-message\">Required fields are marked <span class=\"required\">*<\/span><\/span><\/p>\n<p class=\"commentFormComment\"><span id=\"commentFormCount\"><br \/>\n                            inca<br \/>\n                            <span id=\"countCommentText\">1000<\/span><br \/>\n                            caractere ramase<br \/>\n                        <\/span><\/p>\n<\/div>\n<\/div>\n<div class=\"bottom\">\n<p class=\"forumDisclaimerHuRo\">\n            Citi\u021bi principiile noastre de moderare <a href=\"https:\/\/www.tion.ro\/reguli-postare-comentarii\/\" target=\"_blank\">aici<\/a>!\n        <\/p>\n<\/div>\n<\/div>\n<\/div>\n<\/div>\n<\/article>\n<div class=\"entry-content clearfix\">\n<div class=\"enewsArticleContent\">\n<p class=\"isSelectedEnd\">16 perchezi\u021bii domiciliare au loc azi, 18 august, \u00een jude\u021bul Timi\u0219, \u00eentr-un dosar care vizeaz\u0103 o grupare care au dat mai multe spargeri \u00een locuin\u021be.<\/p>\n<p class=\"isSelectedEnd\">Poli\u021bi\u0219tii de la Biroul de Investiga\u021bii Criminale din cadrul Poli\u021biei Municipiului Timi\u0219oara, sub coordonarea procurorului de la Parchetul de pe l\u00e2ng\u0103 Judec\u0103toria Timi\u0219oara, au descins la mai multe adrese din jude\u021b, mai exact 16..Printre persoanele vizate de anchet\u0103 se afl\u0103 \u0219i un agent de poli\u021bie din cadrul Poli\u021biei Municipiului Timi\u0219oara, despre care anchetatorii verific\u0103 c\u00e2t de mult le-a facilitat acestora jafurile. Perchezi\u021bia la locuin\u021ba agentului face parte din aceea\u0219i anchet\u0103.<\/p>\n<p>Potrivit surselor Tion, acesta este poli\u021bi\u0219t la Sec\u021bia 5.<\/p>\n<p class=\"isSelectedEnd\">Anchetatorii spun c\u0103 gruparea ar fi folosit metode diferite pentru a intra \u00een locuin\u021be \u0219i a fura bunuri.<\/p>\n<div class=\"enews_gallery_holder\">\n<div class=\"ml-gallery\"><a href=\"https:\/\/www.tion.ro\/galeria\/perchezitii-timis-2\/\" class=\"ml-gallery-link\"><img loading=\"lazy\" decoding=\"async\" class=\"uUXFvP lazyload ml-gallery-cover\" src=\"https:\/\/www.tion.ro\/wp-content\/plugins\/endless-core\/images\/1x1.png\" width=\"155\" height=\"100\" data-src=\"https:\/\/www.tion.ro\/wp-content\/uploads\/2026\/08\/7035697WhatsAppImage20260818at0931083.jpeg\" data-srcset=\"https:\/\/www.tion.ro\/wp-content\/uploads\/2026\/08\/+otf\/839x538\/A8vWTGBgVA0jRA8dCL0u7k5PVF9WRVJZX1NFQyGr68PgTVm__kalr3vANnJEOQE5z2k9qSPBqLy5QiIk3bxLSWaiEznhxf423WTUCV5uveolsSfv2d61BNV56GHY=\/7035697WhatsAppImage20260818at0931083.jpeg 839w,https:\/\/www.tion.ro\/wp-content\/uploads\/2026\/08\/+otf\/100w\/k0YgGcrWQZbSyy6gqH9ftk5PVF9WRVJZX1NFQyGr68PgTVm__kalr3vANnJEOQE5z2k9qT__BqLy5QiIk3bxLSWaiEznhxf423VDsCV5uveolsSfv2d61BNV56GHY=\/7035697WhatsAppImage20260818at0931083.jpeg 100w\" data-sizes=\"auto\"><\/p>\n<p class=\"wp-caption-text-gallery\">Perchezi\u021bii Timi\u0219<\/p>\n<p><\/a><\/div>\n<\/div>\n<p>\u00a0<\/p>\n<p class=\"isSelectedEnd\">Deocamdat\u0103, ancheta este \u00een desf\u0103\u0219urare, iar procurorii trebuie s\u0103 stabileasc\u0103 exact ce rol ar fi avut poli\u021bistul \u0219i dac\u0103 acesta le-ar fi furnizat suspec\u021bilor informa\u021bii sau alt tip de ajutor.<\/p>\n<p class=\"isSelectedEnd\">Conducerea IPJ Timi\u0219 transmite c\u0103 se dezice ferm de orice fapt\u0103 care \u00eencalc\u0103 legea \u0219i c\u0103, \u00een cazul \u00een care un poli\u021bist este implicat \u00een fapte penale \u0219i legile se aplic\u0103 tuturor.<\/p>\n<p>Ancheta continu\u0103 sub coordonarea procurorului de la Parchetul de pe l\u00e2ng\u0103 Judec\u0103toria Timi\u0219oara.<\/p>\n<div class=\"wp-video\"><video class=\"wp-video-shortcode\" id=\"video-2335389-1\" width=\"1080\" height=\"1920\" preload=\"metadata\" controls=\"controls\"><source type=\"video\/mp4\" src=\"https:\/\/www.tion.ro\/wp-content\/uploads\/2026\/08\/7035551WhatsAppVideo20260818at093106.mp4?_=1\" \/><\/video><\/div>\n<div class=\"fbShareLikeTwitterAndEmailContainer\">\n<div class=\"wrapper\">\n<div class=\"email\">\n<div id=\"mailto-pop\" class=\"pop-form pop-form-mailto\">\n<div class=\"pop-form-header\">\n<h4>Trimite articolul<\/h4>\n<p><a class=\"pop-form-close\">X<\/a><\/div>\n<\/div>\n<\/div>\n<\/div>\n<\/div>\n<div class=\"tagsContainer\">\n<div class=\"tagsLabel\">Taguri:<\/div>\n<div class=\"tags\">\n<div class=\"tag\"><a href=\"https:\/\/www.tion.ro\/cimke\/politist\" rel=\"tag\"><span class=\"link\">POLITIST<\/span><span class=\"separator\">,<\/span><\/a><\/div>\n<div class=\"tag\"><a href=\"https:\/\/www.tion.ro\/cimke\/spargeri\" rel=\"tag\"><span class=\"link\">spargeri<\/span><\/a><\/div>\n<\/div>\n<\/div>\n<div class=\"comments\">\n<div class=\"top\">\n<div class=\"commentsNumber\"><span class=\"number\">0<\/span><span class=\"text\">Comentarii<\/span><\/div>\n<\/div>\n<div class=\"center\">\n<div id=\"respond\" class=\"comment-respond\">\n<h3 id=\"reply-title\" class=\"comment-reply-title\"><small><a rel=\"nofollow\" id=\"cancel-comment-reply-link\" href=\"https:\/\/www.tion.ro\/eveniment\/politist-din-timis-banuit-ca-le-ar-fi-dat-o-mana-de-ajutor-hotilor-sa-fure-din-mai-multe-locuinte-mai-multe-perchezitii-in-judet-2335389\/#respond\">Cancel reply<\/a><\/small><\/h3>\n<p class=\"comment-notes\"><span id=\"email-notes\">Your email address will not be published.<\/span><span class=\"required-field-message\">Required fields are marked <span class=\"required\">*<\/span><\/span><\/p>\n<p class=\"commentFormComment\"><span id=\"commentFormCount\"><br \/>\n                            inca<br \/>\n                            <span id=\"countCommentText\">1000<\/span><br \/>\n                            caractere ramase<br \/>\n                        <\/span><\/p>\n<\/div>\n<\/div>\n<div class=\"bottom\">\n<p class=\"forumDisclaimerHuRo\">\n            Citi\u021bi principiile noastre de moderare <a href=\"https:\/\/www.tion.ro\/reguli-postare-comentarii\/\" target=\"_blank\">aici<\/a>!\n        <\/p>\n<\/div>\n<\/div>\n<\/div>\n<\/div>\n<p>[analyse_source url=&#8221;https:\/\/www.tion.ro\/eveniment\/politist-din-timis-banuit-ca-le-ar-fi-dat-o-mana-de-ajutor-hotilor-sa-fure-din-mai-multe-locuinte-mai-multe-perchezitii-in-judet-2335389\/&#8221;]<\/p>\n","protected":false},"excerpt":{"rendered":"<p>[analyse_image type=&#8221;featured&#8221; src=&#8221;https:\/\/www.tion.ro\/wp-content\/uploads\/2026\/08\/+otf\/1200&#215;630\/B1XstCLmyBL8o2y8ZIxkaU5PVF9WRVJZX1NFQ6__T__TrkrO01n9JkBUVoh1rV+UO39XpLwwX5aEajpTAQL8sCdRz4YzcEOZ7dm9udysTGR+5rN0gcZJyLIH2ByOE=\/7035546collage.png&#8221;] 16 perchezi\u021bii domiciliare au loc azi, 18 august, \u00een jude\u021bul Timi\u0219, \u00eentr-un dosar care vizeaz\u0103 o grupare care au dat mai multe spargeri \u00een locuin\u021be. Poli\u021bi\u0219tii de la Biroul de Investiga\u021bii Criminale din cadrul Poli\u021biei Municipiului Timi\u0219oara, sub coordonarea procurorului de la Parchetul de pe l\u00e2ng\u0103 Judec\u0103toria Timi\u0219oara, au descins la mai [&hellip;]<\/p>\n","protected":false},"author":1,"featured_media":0,"comment_status":"open","ping_status":"","sticky":false,"template":"","format":"standard","meta":{"footnotes":""},"categories":[89],"tags":[226,191],"class_list":["post-2098655","post","type-post","status-publish","format-standard","hentry","category-romania","tag-crawlmanager","tag-tion-ro"],"_links":{"self":[{"href":"https:\/\/analyse.optim.biz\/index.php?rest_route=\/wp\/v2\/posts\/2098655","targetHints":{"allow":["GET"]}}],"collection":[{"href":"https:\/\/analyse.optim.biz\/index.php?rest_route=\/wp\/v2\/posts"}],"about":[{"href":"https:\/\/analyse.optim.biz\/index.php?rest_route=\/wp\/v2\/types\/post"}],"author":[{"embeddable":true,"href":"https:\/\/analyse.optim.biz\/index.php?rest_route=\/wp\/v2\/users\/1"}],"replies":[{"embeddable":true,"href":"https:\/\/analyse.optim.biz\/index.php?rest_route=%2Fwp%2Fv2%2Fcomments&post=2098655"}],"version-history":[{"count":0,"href":"https:\/\/analyse.optim.biz\/index.php?rest_route=\/wp\/v2\/posts\/2098655\/revisions"}],"wp:attachment":[{"href":"https:\/\/analyse.optim.biz\/index.php?rest_route=%2Fwp%2Fv2%2Fmedia&parent=2098655"}],"wp:term":[{"taxonomy":"category","embeddable":true,"href":"https:\/\/analyse.optim.biz\/index.php?rest_route=%2Fwp%2Fv2%2Fcategories&post=2098655"},{"taxonomy":"post_tag","embeddable":true,"href":"https:\/\/analyse.optim.biz\/index.php?rest_route=%2Fwp%2Fv2%2Ftags&post=2098655"}],"curies":[{"name":"wp","href":"https:\/\/api.w.org\/{rel}","templated":true}]}}