{"id":2098650,"date":"2026-08-18T06:45:09","date_gmt":"2026-08-18T03:45:09","guid":{"rendered":"https:\/\/analyse.optim.biz\/?p=2098650"},"modified":"2026-08-18T06:45:09","modified_gmt":"2026-08-18T03:45:09","slug":"un-copil-de-cinci-ani-a-murit-dupa-ce-a-fost-lovit-de-o-motocicleta","status":"publish","type":"post","link":"https:\/\/analyse.optim.biz\/?p=2098650","title":{"rendered":"Un copil de cinci ani a murit dup\u0103 ce a fost lovit de o motociclet\u0103"},"content":{"rendered":"<p>[analyse_image type=&#8221;featured&#8221; src=&#8221;https:\/\/ziardesuceava.ro\/wp-content\/uploads\/2025\/11\/ambulanta3.jpg&#8221;]<\/p>\n<div class=\"post-content clearfix\">\n<div class=\"blog-post-thumb\"><img loading=\"lazy\" decoding=\"async\" width=\"225\" height=\"225\" src=\"https:\/\/ziardesuceava.ro\/wp-content\/uploads\/2025\/11\/ambulanta3.jpg\" class=\"attachment-inhype-blog-thumb size-inhype-blog-thumb wp-post-image\" alt><\/div>\n<div class=\"entry-content\">\n<p><strong>Un copil de cinci ani a murit, luni sear\u0103, dup\u0103 ce a fost lovit de o motociclet\u0103, a anun\u021bat purt\u0103torul de cuv\u00e2nt al Serviciului Jude\u021bean de Ambulan\u021b\u0103 (SJA) Suceava, Dan Teodorovici.<\/strong><\/p>\n<p>Potrivit acestuia, accidentul rutier a avut loc \u00een localitatea Vadu Moldovei.<\/p>\n<p>\u2018Echipajul SAJ tip C trimis la fa\u021ba locului a g\u0103sit un b\u0103iat de cinci ani politraumatizat, cu traumatism cranio-cerebral grav, traumatism toraco-abdominal, multiple fracturi deschise. La sosirea echipajului, pacientul era \u00een stop cardio-respirator\u2019, a precizat oficialul SJA.<\/p>\n<p>Dup\u0103 aproximativ 50 de minute de resuscitare, cadrele medicale au declarat decesul copilului.<\/p>\n<\/div>\n<div class=\"inhype-social-share-fixed sidebar-position-right\">\n<div class=\"post-social-wrapper\">\n<div class=\"post-social-title\"><span class=\"post-social-title-text\">Share<\/span><\/div>\n<\/div>\n<\/div>\n<\/div>\n<p>[analyse_source url=&#8221;https:\/\/ziardesuceava.ro\/un-copil-de-cinci-ani-a-murit-dupa-ce-a-fost-lovit-de-o-motocicleta\/&#8221;]<\/p>\n","protected":false},"excerpt":{"rendered":"<p>[analyse_image type=&#8221;featured&#8221; src=&#8221;https:\/\/ziardesuceava.ro\/wp-content\/uploads\/2025\/11\/ambulanta3.jpg&#8221;] Un copil de cinci ani a murit, luni sear\u0103, dup\u0103 ce a fost lovit de o motociclet\u0103, a anun\u021bat purt\u0103torul de cuv\u00e2nt al Serviciului Jude\u021bean de Ambulan\u021b\u0103 (SJA) Suceava, Dan Teodorovici. Potrivit acestuia, accidentul rutier a avut loc \u00een localitatea Vadu Moldovei. \u2018Echipajul SAJ tip C trimis la fa\u021ba locului a g\u0103sit [&hellip;]<\/p>\n","protected":false},"author":1,"featured_media":0,"comment_status":"open","ping_status":"","sticky":false,"template":"","format":"standard","meta":{"footnotes":""},"categories":[89],"tags":[226,171],"class_list":["post-2098650","post","type-post","status-publish","format-standard","hentry","category-romania","tag-crawlmanager","tag-ziardesuceava-ro"],"_links":{"self":[{"href":"https:\/\/analyse.optim.biz\/index.php?rest_route=\/wp\/v2\/posts\/2098650","targetHints":{"allow":["GET"]}}],"collection":[{"href":"https:\/\/analyse.optim.biz\/index.php?rest_route=\/wp\/v2\/posts"}],"about":[{"href":"https:\/\/analyse.optim.biz\/index.php?rest_route=\/wp\/v2\/types\/post"}],"author":[{"embeddable":true,"href":"https:\/\/analyse.optim.biz\/index.php?rest_route=\/wp\/v2\/users\/1"}],"replies":[{"embeddable":true,"href":"https:\/\/analyse.optim.biz\/index.php?rest_route=%2Fwp%2Fv2%2Fcomments&post=2098650"}],"version-history":[{"count":0,"href":"https:\/\/analyse.optim.biz\/index.php?rest_route=\/wp\/v2\/posts\/2098650\/revisions"}],"wp:attachment":[{"href":"https:\/\/analyse.optim.biz\/index.php?rest_route=%2Fwp%2Fv2%2Fmedia&parent=2098650"}],"wp:term":[{"taxonomy":"category","embeddable":true,"href":"https:\/\/analyse.optim.biz\/index.php?rest_route=%2Fwp%2Fv2%2Fcategories&post=2098650"},{"taxonomy":"post_tag","embeddable":true,"href":"https:\/\/analyse.optim.biz\/index.php?rest_route=%2Fwp%2Fv2%2Ftags&post=2098650"}],"curies":[{"name":"wp","href":"https:\/\/api.w.org\/{rel}","templated":true}]}}