{"id":2098648,"date":"2026-08-18T06:40:40","date_gmt":"2026-08-18T03:40:40","guid":{"rendered":"https:\/\/analyse.optim.biz\/?p=2098648"},"modified":"2026-08-18T06:40:40","modified_gmt":"2026-08-18T03:40:40","slug":"un-copil-de-13-ani-a-ajuns-la-spital-dupa-ce-s-a-izbit-cu-bicicleta-intr-un-gard","status":"publish","type":"post","link":"https:\/\/analyse.optim.biz\/?p=2098648","title":{"rendered":"Un copil de 13 ani a ajuns la spital dup\u0103 ce s-a izbit cu bicicleta \u00eentr-un gard"},"content":{"rendered":"<p>[analyse_image type=&#8221;featured&#8221; src=&#8221;https:\/\/ziardesuceava.ro\/wp-content\/uploads\/2026\/06\/ACCIDENT-CU-BICICLIST.jpg&#8221;]<\/p>\n<div class=\"post-content clearfix\">\n<div class=\"blog-post-thumb\"><img loading=\"lazy\" decoding=\"async\" width=\"770\" height=\"355\" src=\"https:\/\/ziardesuceava.ro\/wp-content\/uploads\/2026\/06\/ACCIDENT-CU-BICICLIST.jpg\" class=\"attachment-inhype-blog-thumb size-inhype-blog-thumb wp-post-image\" alt><\/div>\n<div class=\"entry-content\">\n<p>\u00a0<\/p>\n<div data-td-block-uid=\"tdi_88\">\n<div class=\"tdb-block-inner td-fix-index\">\n<p data-path-to-node=\"9\"><span>Poli\u021bi\u0219tii din cadrul Poli\u021biei Municipiului C\u00e2mpulung Moldovenesc au fost sesiza\u021bi prin SNUAU 112, \u00een dup\u0103-amiaza zilei de duminic\u0103, 16 august 2026, la ora 15:46, cu privire la faptul c\u0103 un copil a c\u0103zut de pe biciclet\u0103 \u00een satul Paltinu, comuna Vatra Moldovi\u021bei.<\/span><\/p>\n<p data-path-to-node=\"10\"><span>Echipa operativ\u0103 din cadrul Compartimentului Rutier s-a deplasat la fa\u021ba locului, iar din cercet\u0103rile efectuate s-a stabilit c\u0103 evenimentul a avut loc \u00een jurul orei 15:40. Un minor \u00een v\u00e2rst\u0103 de 13 ani, din localitate, se deplasa cu bicicleta \u00een afara drumului public, pe calea de acces privat\u0103 ce duce c\u0103tre locuin\u021ba sa de domiciliu.<\/span><\/p>\n<p data-path-to-node=\"12\"><span>\u00cen timp ce se deplasa spre cas\u0103, b\u0103iatul s-a dezechilibrat de pe biciclet\u0103 \u0219i a intrat \u00een gardul din plasi de s\u00e2rm\u0103 al imobilului cu num\u0103rul 23B.<\/span><\/p>\n<p data-path-to-node=\"14,0,0\"><span>\u00cen urma impactului, minorul a suferit leziuni la nivelul piciorului, fiind preluat de un echipaj din cadrul Serviciului de Ambulan\u021b\u0103 Jude\u021bean (S.A.J.). Copilul a fost transportat la Spitalul Jude\u021bean de Urgen\u021b\u0103 \u201eSf. Ioan cel Nou\u201d Suceava pentru acordarea de \u00eengrijiri medicale de specialitate. Cadrele medicale din cadrul unit\u0103\u021bii spitalice\u0219ti l-au diagnosticat pe b\u0103iat cu <i data-path-to-node=\"14,2,0\" data-index-in-node=\"100\">plag\u0103 la nivelul genunchiului drept<\/i>.<\/span><\/p>\n<p data-path-to-node=\"15\"><span>Incidentul a fost \u00eenregistrat \u0219i verificat de poli\u021bi\u0219ti pentru stabilirea tuturor \u00eemprejur\u0103rilor \u00een care s-a produs evenimentul.<\/span><\/p>\n<p>\u00a0<\/p>\n<\/div>\n<\/div>\n<\/div>\n<div class=\"inhype-social-share-fixed sidebar-position-right\">\n<div class=\"post-social-wrapper\">\n<div class=\"post-social-title\"><span class=\"post-social-title-text\">Share<\/span><\/div>\n<\/div>\n<\/div>\n<\/div>\n<p>[analyse_source url=&#8221;https:\/\/ziardesuceava.ro\/un-copil-de-13-ani-a-ajuns-la-spital-dupa-ce-s-a-izbit-cu-bicicleta-intr-un-gard\/&#8221;]<\/p>\n","protected":false},"excerpt":{"rendered":"<p>[analyse_image type=&#8221;featured&#8221; src=&#8221;https:\/\/ziardesuceava.ro\/wp-content\/uploads\/2026\/06\/ACCIDENT-CU-BICICLIST.jpg&#8221;] \u00a0 Poli\u021bi\u0219tii din cadrul Poli\u021biei Municipiului C\u00e2mpulung Moldovenesc au fost sesiza\u021bi prin SNUAU 112, \u00een dup\u0103-amiaza zilei de duminic\u0103, 16 august 2026, la ora 15:46, cu privire la faptul c\u0103 un copil a c\u0103zut de pe biciclet\u0103 \u00een satul Paltinu, comuna Vatra Moldovi\u021bei. Echipa operativ\u0103 din cadrul Compartimentului Rutier s-a deplasat la [&hellip;]<\/p>\n","protected":false},"author":1,"featured_media":0,"comment_status":"open","ping_status":"","sticky":false,"template":"","format":"standard","meta":{"footnotes":""},"categories":[89],"tags":[226,171],"class_list":["post-2098648","post","type-post","status-publish","format-standard","hentry","category-romania","tag-crawlmanager","tag-ziardesuceava-ro"],"_links":{"self":[{"href":"https:\/\/analyse.optim.biz\/index.php?rest_route=\/wp\/v2\/posts\/2098648","targetHints":{"allow":["GET"]}}],"collection":[{"href":"https:\/\/analyse.optim.biz\/index.php?rest_route=\/wp\/v2\/posts"}],"about":[{"href":"https:\/\/analyse.optim.biz\/index.php?rest_route=\/wp\/v2\/types\/post"}],"author":[{"embeddable":true,"href":"https:\/\/analyse.optim.biz\/index.php?rest_route=\/wp\/v2\/users\/1"}],"replies":[{"embeddable":true,"href":"https:\/\/analyse.optim.biz\/index.php?rest_route=%2Fwp%2Fv2%2Fcomments&post=2098648"}],"version-history":[{"count":0,"href":"https:\/\/analyse.optim.biz\/index.php?rest_route=\/wp\/v2\/posts\/2098648\/revisions"}],"wp:attachment":[{"href":"https:\/\/analyse.optim.biz\/index.php?rest_route=%2Fwp%2Fv2%2Fmedia&parent=2098648"}],"wp:term":[{"taxonomy":"category","embeddable":true,"href":"https:\/\/analyse.optim.biz\/index.php?rest_route=%2Fwp%2Fv2%2Fcategories&post=2098648"},{"taxonomy":"post_tag","embeddable":true,"href":"https:\/\/analyse.optim.biz\/index.php?rest_route=%2Fwp%2Fv2%2Ftags&post=2098648"}],"curies":[{"name":"wp","href":"https:\/\/api.w.org\/{rel}","templated":true}]}}