{"id":2098645,"date":"2026-08-17T14:29:26","date_gmt":"2026-08-17T11:29:26","guid":{"rendered":"https:\/\/analyse.optim.biz\/?p=2098645"},"modified":"2026-08-17T14:29:26","modified_gmt":"2026-08-17T11:29:26","slug":"grindeanu-cred-ca-dupa-1-septembrie-sansele-de-a-avea-un-guvern-sunt-mult-mai-mari-liderul-psd-spune-ca-nu-are-astazi-cele-233-de-voturi","status":"publish","type":"post","link":"https:\/\/analyse.optim.biz\/?p=2098645","title":{"rendered":"Grindeanu: Cred c\u0103 dup\u0103 1 septembrie \u015fansele de a avea un guvern sunt mult mai mari. Liderul PSD spune c\u0103 nu are ast\u0103zi cele 233 de voturi"},"content":{"rendered":"<p>[analyse_image type=&#8221;featured&#8221; src=&#8221;https:\/\/ziardesuceava.ro\/wp-content\/uploads\/2026\/07\/grindeanunicusor.jpg&#8221;]<\/p>\n<div class=\"post-content clearfix\">\n<div class=\"blog-post-thumb\"><img loading=\"lazy\" decoding=\"async\" width=\"860\" height=\"574\" src=\"https:\/\/ziardesuceava.ro\/wp-content\/uploads\/2026\/07\/grindeanunicusor.jpg\" class=\"attachment-inhype-blog-thumb size-inhype-blog-thumb wp-post-image\" alt><\/div>\n<div class=\"entry-content\">\n<p class=\"first-paragraph\">Pre\u015fedintele PSD, Sorin Grindeanu, a declarat luni c\u0103 dup\u0103 1 septembrie \u015fansele de a avea un guvern sunt mult mai mari, el ar\u0103t\u00e2nd c\u0103 ast\u0103zi, nu are cele 233 de voturi pe care s\u0103 le pun\u0103 pe masa pre\u015fedintelui Nicu\u015for Dan dar s\u0103pt\u0103m\u00e2na viitoare nu \u015ftie s\u0103 spun\u0103 dac\u0103 le va avea.<\/p>\n<p>\u201cDe joi, p\u00e2n\u0103 ast\u0103zi, nu s-a \u00eent\u00e2mplat nimic. Dup\u0103 cum vede\u0163i, e foarte pu\u0163in\u0103 lume \u00een Parlament. R\u0103m\u00e2n la ceea ce v\u0103 tot spun de vreo dou\u0103 s\u0103pt\u0103m\u00e2ni, c\u0103 \u00een jurul datei de 1 septembrie, probabil, lucrurile vor fi mai clare. P\u00e2n\u0103 atunci, vede\u0163i c\u0103 sunt preocup\u0103ri, \u015fi pentru asta le mul\u0163umesc parlamentarilor, chiar dac\u0103 sunt prezen\u0163i fizic sau online, c\u0103 \u00een aceste s\u0103pt\u0103m\u00e2ni au fost c\u00e2t se poate de receptivi \u015fi au reu\u015fit prin Parlament s\u0103 trecem nu doar legi care \u0163in de PNRR \u015fi de a absorbi c\u00e2t mai mul\u0163i bani din PNRR, ci \u015fi legi care sunt esen\u0163iale pentru rom\u00e2ni. \u015ei chiar s\u0103pt\u0103m\u00e2na trecut\u0103 au trecut c\u00e2teva \u00een Camer\u0103 \u015fi \u015ftiu c\u0103 e convocat\u0103 sesiune extraordinar\u0103 la Senat, de asemenea pentru legi care nu sunt parte a PNRR-ului, dar sunt importante\u201d, a afirmat Grindeanu.<\/p>\n<p>Despre termenul avansat de el ini\u0163ial, de 15 august, pentru o nou\u0103 nominalizare de premier, Sorin Grindeanu a spus: \u201cAm fost optimist. Cred c\u0103 1 septembrie, fiindc\u0103 vede\u0163i, e 17 august, prea pu\u0163in\u0103 lume e prin Parlament\u201d.<\/p>\n<p>Potrivit lui Grindeanu, \u201cun guvern \u00een forma \u00een care pare c\u0103 se cristalizeaz\u0103, ori \u00een jurul PSD-ului, ori \u00een jurul PNL-ului, USR-ului, ar fi un guvern care ar trece la limit\u0103\u201d.<\/p>\n<p>\u201cA\u015fa cum \u015fti\u0163i, nu se poate vota online un guvern, trebuie prezen\u0163\u0103 fizic\u0103. Este evident c\u0103 \u00een perioada aceasta, chiar dac\u0103 parlamentarii au fost prezen\u0163i, unii fizic, unii online, e dificil, foarte dificil s\u0103 ai, \u00eentr-un scenariu de acest tip, un succes, av\u00e2nd vacan\u0163\u0103 parlamentar\u0103, \u015fi atunci, de aceea cred c\u0103 dup\u0103 1 septembrie \u015fansele de a avea un guvern sunt mult mai mari\u201d, a explicat liderul PSD.<\/p>\n<p>\u00centrebat dac\u0103 are 233 de voturi pe care s\u0103 le pun\u0103 \u00een fa\u0163\u0103 pre\u015fedintelui, Sorin Grindeanu a r\u0103spuns: S\u0103pt\u0103m\u00e2na viitoare nu \u015ftiu s\u0103 v\u0103 r\u0103spund, pot s\u0103 v\u0103 r\u0103spund ast\u0103zi. Ast\u0103zi, nu\u201d.<\/p>\n<\/div>\n<div class=\"inhype-social-share-fixed sidebar-position-right\">\n<div class=\"post-social-wrapper\">\n<div class=\"post-social-title\"><span class=\"post-social-title-text\">Share<\/span><\/div>\n<\/div>\n<\/div>\n<\/div>\n<p>[analyse_source url=&#8221;https:\/\/ziardesuceava.ro\/grindeanu-cred-ca-dupa-1-septembrie-sansele-de-a-avea-un-guvern-sunt-mult-mai-mari-liderul-psd-spune-ca-nu-are-astazi-cele-233-de-voturi\/&#8221;]<\/p>\n","protected":false},"excerpt":{"rendered":"<p>[analyse_image type=&#8221;featured&#8221; src=&#8221;https:\/\/ziardesuceava.ro\/wp-content\/uploads\/2026\/07\/grindeanunicusor.jpg&#8221;] Pre\u015fedintele PSD, Sorin Grindeanu, a declarat luni c\u0103 dup\u0103 1 septembrie \u015fansele de a avea un guvern sunt mult mai mari, el ar\u0103t\u00e2nd c\u0103 ast\u0103zi, nu are cele 233 de voturi pe care s\u0103 le pun\u0103 pe masa pre\u015fedintelui Nicu\u015for Dan dar s\u0103pt\u0103m\u00e2na viitoare nu \u015ftie s\u0103 spun\u0103 dac\u0103 le va avea. [&hellip;]<\/p>\n","protected":false},"author":1,"featured_media":0,"comment_status":"open","ping_status":"","sticky":false,"template":"","format":"standard","meta":{"footnotes":""},"categories":[89],"tags":[226,171],"class_list":["post-2098645","post","type-post","status-publish","format-standard","hentry","category-romania","tag-crawlmanager","tag-ziardesuceava-ro"],"_links":{"self":[{"href":"https:\/\/analyse.optim.biz\/index.php?rest_route=\/wp\/v2\/posts\/2098645","targetHints":{"allow":["GET"]}}],"collection":[{"href":"https:\/\/analyse.optim.biz\/index.php?rest_route=\/wp\/v2\/posts"}],"about":[{"href":"https:\/\/analyse.optim.biz\/index.php?rest_route=\/wp\/v2\/types\/post"}],"author":[{"embeddable":true,"href":"https:\/\/analyse.optim.biz\/index.php?rest_route=\/wp\/v2\/users\/1"}],"replies":[{"embeddable":true,"href":"https:\/\/analyse.optim.biz\/index.php?rest_route=%2Fwp%2Fv2%2Fcomments&post=2098645"}],"version-history":[{"count":0,"href":"https:\/\/analyse.optim.biz\/index.php?rest_route=\/wp\/v2\/posts\/2098645\/revisions"}],"wp:attachment":[{"href":"https:\/\/analyse.optim.biz\/index.php?rest_route=%2Fwp%2Fv2%2Fmedia&parent=2098645"}],"wp:term":[{"taxonomy":"category","embeddable":true,"href":"https:\/\/analyse.optim.biz\/index.php?rest_route=%2Fwp%2Fv2%2Fcategories&post=2098645"},{"taxonomy":"post_tag","embeddable":true,"href":"https:\/\/analyse.optim.biz\/index.php?rest_route=%2Fwp%2Fv2%2Ftags&post=2098645"}],"curies":[{"name":"wp","href":"https:\/\/api.w.org\/{rel}","templated":true}]}}