{"id":2098644,"date":"2026-08-17T09:54:57","date_gmt":"2026-08-17T06:54:57","guid":{"rendered":"https:\/\/analyse.optim.biz\/?p=2098644"},"modified":"2026-08-17T09:54:57","modified_gmt":"2026-08-17T06:54:57","slug":"bolojan-despre-intalnirea-cu-presedinta-ccr-de-multe-ori-se-incearca-sa-se-faca-din-tantar-armasar","status":"publish","type":"post","link":"https:\/\/analyse.optim.biz\/?p=2098644","title":{"rendered":"Bolojan despre \u00eent\u00e2lnirea cu pre\u0219edinta CCR: De multe ori se \u00eencearc\u0103 s\u0103 se fac\u0103 din \u021b\u00e2n\u021bar arm\u0103sar"},"content":{"rendered":"<p>[analyse_image type=&#8221;featured&#8221; src=&#8221;https:\/\/ziardesuceava.ro\/wp-content\/uploads\/2026\/08\/79774-1024&#215;682.jpeg&#8221;]<\/p>\n<div class=\"post-content clearfix\">\n<div class=\"blog-post-thumb\"><img loading=\"lazy\" decoding=\"async\" width=\"1140\" height=\"694\" src=\"https:\/\/ziardesuceava.ro\/wp-content\/uploads\/2026\/08\/79774-1140x694.jpeg\" class=\"attachment-inhype-blog-thumb size-inhype-blog-thumb wp-post-image\" alt><\/div>\n<div class=\"entry-content\">\n<div>\n<p class=\"fara-orfani lead\">Premierul interimar Ilie Bolojan nu a spus de ce s-a \u00eent\u00e2lnit cu pre\u0219edinta CCR, Simina T\u0103n\u0103sescu, dar a precizat c\u0103, atunci c\u00e2nd ocupi o func\u021bie public\u0103, ai \u00eent\u00e2lniri cu reprezentan\u021bi ai institu\u021biilor.<\/p>\n<div class=\"continut-articol\">\n<p>\u201cDe multe ori se \u00eencearc\u0103 s\u0103 se fac\u0103 din \u021b\u00e2n\u021bar arm\u0103sar. Suntem \u00eentr-un caz de genul acesta \u00een care se \u00eencearc\u0103 aceast\u0103 schem\u0103. Atunci c\u00e2nd ocupi o func\u021bie public\u0103, \u00een mod evident ai \u00eent\u00e2lniri cu reprezentan\u021bi de institu\u021bii, companii, \u00een a\u0219a fel \u00eenc\u00e2t s\u0103 rezolvi problemele. Atunci c\u00e2nd eram primar \u00een Oradea \u0219i se reabilita sediul Cur\u021bii de Apel Oradea, cineva trebuia s\u0103 mearg\u0103 s\u0103 sus\u021bin\u0103 \u00een CTE-ul de la interministerial\u0103 proiectul, cineva trebuia s\u0103 rezolve problemele de racorduri la utilit\u0103\u021bi, s\u0103 se lucreze \u00een paralel \u2026 Sigur c\u0103 am avut \u00eent\u00e2lniri cu cei care conduceau Curtea de Apel Oradea pentru a rezolva problemele institu\u021bionale, dar asta nu \u00eenseamn\u0103 c\u0103 am rezolvat cauzele care erau pe rol\u201d, a declarat luni premierl interimar, aflat \u00een vizit\u0103 \u00een jude\u021bul Bihor.<\/p>\n<p>\u0218tiripesurse.ro a relatat c\u0103 Ilie Bolojan s-a \u00eent\u00e2lnit vineri, la Parlament, cu pre\u0219edinta CCR, Simina T\u0103n\u0103sescu.<\/p>\n<p>Bolojan a mai spus luni c\u0103 \u0219i atunci c\u00e2nd era pre\u0219edintele Consiliului Jude\u021bean Bihor, a avut \u00eent\u00e2lniri pentru a rezolva probleme, iar la un moment dat parchetul local dorea s\u0103-\u0219i fac\u0103 un sediu:<\/p>\n<p>\u201cAm avut \u00eent\u00e2lniri cu reprezentan\u021bii din conducerea pachetului \u0219i am identificat un teren \u0219i le-am pus terenul la dispozi\u021bie pentru a face sediu, dar \u2026 asta nu \u00eenseamn\u0103 c\u0103 am rezolvat cauzele sau dosarele care le aveau \u00een lucru. A\u0219a este \u0219i \u00een astfel de cazuri \u0219i mai mult de at\u00e2ta n-are rost s\u0103 v\u0103 spun\u201d.<\/p>\n<\/div>\n<\/div>\n<\/div>\n<div class=\"inhype-social-share-fixed sidebar-position-right\">\n<div class=\"post-social-wrapper\">\n<div class=\"post-social-title\"><span class=\"post-social-title-text\">Share<\/span><\/div>\n<\/div>\n<\/div>\n<\/div>\n<p>[analyse_source url=&#8221;https:\/\/ziardesuceava.ro\/bolojan-despre-intalnirea-cu-presedinta-ccr-de-multe-ori-se-incearca-sa-se-faca-din-tantar-armasar\/&#8221;]<\/p>\n","protected":false},"excerpt":{"rendered":"<p>[analyse_image type=&#8221;featured&#8221; src=&#8221;https:\/\/ziardesuceava.ro\/wp-content\/uploads\/2026\/08\/79774-1024&#215;682.jpeg&#8221;] Premierul interimar Ilie Bolojan nu a spus de ce s-a \u00eent\u00e2lnit cu pre\u0219edinta CCR, Simina T\u0103n\u0103sescu, dar a precizat c\u0103, atunci c\u00e2nd ocupi o func\u021bie public\u0103, ai \u00eent\u00e2lniri cu reprezentan\u021bi ai institu\u021biilor. \u201cDe multe ori se \u00eencearc\u0103 s\u0103 se fac\u0103 din \u021b\u00e2n\u021bar arm\u0103sar. Suntem \u00eentr-un caz de genul acesta \u00een care se [&hellip;]<\/p>\n","protected":false},"author":1,"featured_media":0,"comment_status":"open","ping_status":"","sticky":false,"template":"","format":"standard","meta":{"footnotes":""},"categories":[89],"tags":[226,171],"class_list":["post-2098644","post","type-post","status-publish","format-standard","hentry","category-romania","tag-crawlmanager","tag-ziardesuceava-ro"],"_links":{"self":[{"href":"https:\/\/analyse.optim.biz\/index.php?rest_route=\/wp\/v2\/posts\/2098644","targetHints":{"allow":["GET"]}}],"collection":[{"href":"https:\/\/analyse.optim.biz\/index.php?rest_route=\/wp\/v2\/posts"}],"about":[{"href":"https:\/\/analyse.optim.biz\/index.php?rest_route=\/wp\/v2\/types\/post"}],"author":[{"embeddable":true,"href":"https:\/\/analyse.optim.biz\/index.php?rest_route=\/wp\/v2\/users\/1"}],"replies":[{"embeddable":true,"href":"https:\/\/analyse.optim.biz\/index.php?rest_route=%2Fwp%2Fv2%2Fcomments&post=2098644"}],"version-history":[{"count":0,"href":"https:\/\/analyse.optim.biz\/index.php?rest_route=\/wp\/v2\/posts\/2098644\/revisions"}],"wp:attachment":[{"href":"https:\/\/analyse.optim.biz\/index.php?rest_route=%2Fwp%2Fv2%2Fmedia&parent=2098644"}],"wp:term":[{"taxonomy":"category","embeddable":true,"href":"https:\/\/analyse.optim.biz\/index.php?rest_route=%2Fwp%2Fv2%2Fcategories&post=2098644"},{"taxonomy":"post_tag","embeddable":true,"href":"https:\/\/analyse.optim.biz\/index.php?rest_route=%2Fwp%2Fv2%2Ftags&post=2098644"}],"curies":[{"name":"wp","href":"https:\/\/api.w.org\/{rel}","templated":true}]}}