{"id":2098620,"date":"2026-08-17T19:45:32","date_gmt":"2026-08-17T16:45:32","guid":{"rendered":"https:\/\/analyse.optim.biz\/?p=2098620"},"modified":"2026-08-17T19:45:32","modified_gmt":"2026-08-17T16:45:32","slug":"seceta-pe-valea-slanicului","status":"publish","type":"post","link":"https:\/\/analyse.optim.biz\/?p=2098620","title":{"rendered":"Secet\u0103 pe Valea Sl\u0103nicului"},"content":{"rendered":"<p>[analyse_image type=&#8221;featured&#8221; src=&#8221;https:\/\/www.tvbuzau.ro\/wp-content\/uploads\/2026\/08\/maxresdefault-4.jpghttps:\/\/www.tvbuzau.ro\/wp-content\/uploads\/2026\/08\/maxresdefault-4.jpg&#8221;]<\/p>\n<div class=\"td-ss-main-content\">\n<article id=\"post-120063\" class=\"post-120063 post type-post status-publish format-video has-post-thumbnail hentry category-actualitate post_format-post-format-video\">\n<div class=\"td-post-header\">\n<ul class=\"td-category\">\n<li class=\"entry-category\"><a href=\"https:\/\/www.tvbuzau.ro\/category\/actualitate\/\">Actualitate<\/a><\/li>\n<\/ul>\n<header class=\"td-post-title\">\n<h1 class=\"entry-title\">Secet\u0103 pe Valea Sl\u0103nicului<\/h1>\n<div class=\"td-module-meta-info\">\n<div class=\"td-post-author-name\">De c\u0103tre <a href=\"https:\/\/www.tvbuzau.ro\/author\/mihai-vasilescu\/\">TV Buz\u0103u<\/a> &#8211; <\/div>\n<p><span class=\"td-post-date\"><time class=\"entry-date updated td-module-date\" datetime=\"2026-08-17T19:45:32+00:00\">august 17, 2026<\/time><\/span><\/p>\n<div class=\"td-post-comments\"><a href=\"https:\/\/www.tvbuzau.ro\/seceta-pe-valea-slanicului\/#respond\">0<\/a><\/div>\n<div class=\"td-post-views\"><span class=\"td-nr-views-120063\">15<\/span><\/div>\n<\/div>\n<\/header>\n<\/div>\n<div class=\"td-post-sharing td-post-sharing-top td-with-like\">\n<div class=\"td-default-sharing\"><a class=\"td-social-sharing-buttons td-social-facebook\" href=\"http:\/\/www.facebook.com\/sharer.php?u=https%3A%2F%2Fwww.tvbuzau.ro%2Fseceta-pe-valea-slanicului%2F\"><\/p>\n<div class=\"td-social-but-text\">Distribui\u021bi pe Facebook<\/div>\n<p><\/a><a class=\"td-social-sharing-buttons td-social-twitter\" href=\"https:\/\/twitter.com\/intent\/tweet?text=Secet%C4%83+pe+Valea+Sl%C4%83nicului&amp;url=https%3A%2F%2Fwww.tvbuzau.ro%2Fseceta-pe-valea-slanicului%2F&amp;via=TV+Buz%C4%83u\"><\/p>\n<div class=\"td-social-but-text\">Distribui\u021bi pe Twitter<\/div>\n<p><\/a><\/div>\n<div class=\"td-classic-sharing\">\n<ul>\n<li class=\"td-classic-facebook\"><iframe frameborder src=\"https:\/\/www.facebook.com\/plugins\/like.php?href=https:\/\/www.tvbuzau.ro\/seceta-pe-valea-slanicului\/&amp;layout=button_count&amp;show_faces=false&amp;width=105&amp;action=like&amp;colorscheme=light&amp;height=21\"><\/iframe><\/li>\n<li class=\"td-classic-twitter\"><a href=\"https:\/\/twitter.com\/share\" class=\"twitter-share-button\" data-url=\"https:\/\/www.tvbuzau.ro\/seceta-pe-valea-slanicului\/\" data-text=\"Secet\u0103 pe Valea Sl\u0103nicului\" data-via data-lang=\"en\">tweet<\/a><\/li>\n<\/ul>\n<\/div>\n<\/div>\n<div class=\"td-post-content\">\n<div class=\"td-featured-image-rec\">\n<div class=\"wpb_video_wrapper\">\n                    <iframe loading=\"lazy\" id=\"td_youtube_player\" width=\"600\" height=\"560\" src=\"https:\/\/www.youtube.com\/embed\/dy92wnLyYYE?enablejsapi=1&amp;feature=oembed&amp;wmode=opaque&amp;vq=hd720\" frameborder allowfullscreen><\/iframe><\/p><\/div>\n<\/div>\n<p>Din ce \u00een ce mai pu\u0163in\u0103 ap\u0103 pe r\u00e2ul Sl\u0103nic<br \/>\nSeceta love\u0219te tot mai puternic \u00een lacurile \u0219i r\u00e2urile din \u021bar\u0103. Sl\u0103nicul, unul dintre cei mai importan\u021bi afluen\u021bi ai r\u00e2ului Buz\u0103u, aproape c\u0103 nu mai ajunge la v\u0103rsare.<br \/>\nR\u00e2ul Sl\u0103nic izvor\u0103\u0219te din Mun\u021bii Vrancei \u0219i parcurge aproximativ 73 de kilometri prin jude\u021bul Buz\u0103u \u0219i traverseaz\u0103 \u0219ase comune \u00eenainte de a se v\u0103rsa \u00een r\u00e2ul Buz\u0103u. \u00cen aceast\u0103 perioad\u0103, temperaturile ridicate, lipsa ploilor \u0219i infiltra\u021biile \u00een albia format\u0103 din pietri\u0219 \u0219i bolov\u0103ni\u0219 au redus dramatic debitul r\u00e2ului.<br \/>\nDac\u0103 seceta va continua \u0219i \u00een perioada urm\u0103toare, oamenii se tem c\u0103 efectele se vor resim\u021bi tot mai puternic, at\u00e2t \u00een agricultur\u0103, c\u00e2t \u0219i \u00een alimentarea cu ap\u0103 din zon\u0103.<\/p>\n<div class=\"post-views post-120063 entry-meta\"><span class=\"post-views-label\">Post Views: <\/span><span class=\"post-views-count\">129<\/span><\/div>\n<\/div>\n<footer>\n<div class=\"td-post-sharing td-post-sharing-bottom td-with-like\"><span class=\"td-post-share-title\">DISTRIBUI\u021aI<\/span><\/p>\n<div class=\"td-default-sharing\"><a class=\"td-social-sharing-buttons td-social-facebook\" href=\"http:\/\/www.facebook.com\/sharer.php?u=https%3A%2F%2Fwww.tvbuzau.ro%2Fseceta-pe-valea-slanicului%2F\"><\/p>\n<div class=\"td-social-but-text\">Facebook<\/div>\n<p><\/a><a class=\"td-social-sharing-buttons td-social-twitter\" href=\"https:\/\/twitter.com\/intent\/tweet?text=Secet%C4%83+pe+Valea+Sl%C4%83nicului&amp;url=https%3A%2F%2Fwww.tvbuzau.ro%2Fseceta-pe-valea-slanicului%2F&amp;via=TV+Buz%C4%83u\"><\/p>\n<div class=\"td-social-but-text\">Twitter<\/div>\n<p><\/a><\/div>\n<div class=\"td-classic-sharing\">\n<ul>\n<li class=\"td-classic-facebook\"><iframe frameborder src=\"https:\/\/www.facebook.com\/plugins\/like.php?href=https:\/\/www.tvbuzau.ro\/seceta-pe-valea-slanicului\/&amp;layout=button_count&amp;show_faces=false&amp;width=105&amp;action=like&amp;colorscheme=light&amp;height=21\"><\/iframe><\/li>\n<li class=\"td-classic-twitter\"><a href=\"https:\/\/twitter.com\/share\" class=\"twitter-share-button\" data-url=\"https:\/\/www.tvbuzau.ro\/seceta-pe-valea-slanicului\/\" data-text=\"Secet\u0103 pe Valea Sl\u0103nicului\" data-via data-lang=\"en\">tweet<\/a><\/li>\n<\/ul>\n<\/div>\n<\/div>\n<div class=\"td-author-name vcard author\"><span class=\"fn\"><a href=\"https:\/\/www.tvbuzau.ro\/author\/mihai-vasilescu\/\">TV Buz\u0103u<\/a><\/span><\/div>\n<p><span><\/span><span><span><\/span><\/span><span><\/span><\/footer>\n<\/article>\n<div class=\"td_block_wrap td_block_related_posts td_uid_1_6a840cd4e4eb4_rand td_with_ajax_pagination td-pb-border-top\" data-td-block-uid=\"td_uid_1_6a840cd4e4eb4\">\n<h4 class=\"td-related-title\"><a id=\"td_uid_2_6a840cd4eb06e\" class=\"td-related-left td-cur-simple-item\" data-td_filter_value data-td_block_id=\"td_uid_1_6a840cd4e4eb4\" href=\"https:\/\/www.tvbuzau.ro\/seceta-pe-valea-slanicului\/\">ARTICOLE SIMILARE<\/a><a id=\"td_uid_3_6a840cd4eb0ae\" class=\"td-related-right\" data-td_filter_value=\"td_related_more_from_author\" data-td_block_id=\"td_uid_1_6a840cd4e4eb4\" href=\"https:\/\/www.tvbuzau.ro\/seceta-pe-valea-slanicului\/\">DE LA ACELA\u0218I AUTOR<\/a><\/h4>\n<div id=\"td_uid_1_6a840cd4e4eb4\" class=\"td_block_inner\">\n<div class=\"td-related-row\">\n<div class=\"td-related-span4\">\n<div class=\"td_module_related_posts td-animation-stack td_mod_related_posts\">\n<div class=\"td-module-image\">\n<div class=\"td-module-thumb\"><a href=\"https:\/\/www.tvbuzau.ro\/arestat-pentru-proxenetism-in-romania-si-germania\/\" rel=\"bookmark\" title=\"Arestat pentru proxenetism \u00een Rom\u00e2nia \u015fi Germania\"><img loading=\"lazy\" decoding=\"async\" width=\"218\" height=\"150\" class=\"entry-thumb\" src=\"https:\/\/www.tvbuzau.ro\/wp-content\/uploads\/2026\/08\/hqdefault-22-218x150.jpg\" alt title=\"Arestat pentru proxenetism \u00een Rom\u00e2nia \u015fi Germania\"><span class=\"td-video-play-ico\"><img loading=\"lazy\" decoding=\"async\" width=\"40\" height=\"40\" class=\"td-retina\" src=\"https:\/\/www.tvbuzau.ro\/wp-content\/themes\/Newspaper\/images\/icons\/ico-video-large.png\" alt=\"video\"><\/span><\/a><\/div>\n<p><a href=\"https:\/\/www.tvbuzau.ro\/category\/actualitate\/\" class=\"td-post-category\">Actualitate<\/a><\/div>\n<div class=\"item-details\">\n<h3 class=\"entry-title td-module-title\"><a href=\"https:\/\/www.tvbuzau.ro\/arestat-pentru-proxenetism-in-romania-si-germania\/\" rel=\"bookmark\" title=\"Arestat pentru proxenetism \u00een Rom\u00e2nia \u015fi Germania\">Arestat pentru proxenetism \u00een Rom\u00e2nia \u015fi Germania<\/a><\/h3>\n<\/div>\n<\/div>\n<\/div>\n<div class=\"td-related-span4\">\n<div class=\"td_module_related_posts td-animation-stack td_mod_related_posts\">\n<div class=\"td-module-image\">\n<div class=\"td-module-thumb\"><a href=\"https:\/\/www.tvbuzau.ro\/12-persoane-angajate-fara-forme-legale\/\" rel=\"bookmark\" title=\"12 persoane angajate f\u0103r\u0103 forme legale\"><img loading=\"lazy\" decoding=\"async\" width=\"218\" height=\"150\" class=\"entry-thumb\" src=\"https:\/\/www.tvbuzau.ro\/wp-content\/uploads\/2026\/08\/hqdefault-21-218x150.jpg\" alt title=\"12 persoane angajate f\u0103r\u0103 forme legale\"><span class=\"td-video-play-ico\"><img loading=\"lazy\" decoding=\"async\" width=\"40\" height=\"40\" class=\"td-retina\" src=\"https:\/\/www.tvbuzau.ro\/wp-content\/themes\/Newspaper\/images\/icons\/ico-video-large.png\" alt=\"video\"><\/span><\/a><\/div>\n<p><a href=\"https:\/\/www.tvbuzau.ro\/category\/actualitate\/\" class=\"td-post-category\">Actualitate<\/a><\/div>\n<div class=\"item-details\">\n<h3 class=\"entry-title td-module-title\"><a href=\"https:\/\/www.tvbuzau.ro\/12-persoane-angajate-fara-forme-legale\/\" rel=\"bookmark\" title=\"12 persoane angajate f\u0103r\u0103 forme legale\">12 persoane angajate f\u0103r\u0103 forme legale<\/a><\/h3>\n<\/div>\n<\/div>\n<\/div>\n<div class=\"td-related-span4\">\n<div class=\"td_module_related_posts td-animation-stack td_mod_related_posts\">\n<div class=\"td-module-image\">\n<div class=\"td-module-thumb\"><a href=\"https:\/\/www.tvbuzau.ro\/13-sesizari-penale-efectuate-de-garda-de-mediu\/\" rel=\"bookmark\" title=\"13 sesiz\u0103ri penale efectuate de Garda de Mediu\"><img loading=\"lazy\" decoding=\"async\" width=\"218\" height=\"150\" class=\"entry-thumb\" src=\"https:\/\/www.tvbuzau.ro\/wp-content\/uploads\/2026\/08\/hqdefault-20-218x150.jpg\" alt title=\"13 sesiz\u0103ri penale efectuate de Garda de Mediu\"><span class=\"td-video-play-ico\"><img loading=\"lazy\" decoding=\"async\" width=\"40\" height=\"40\" class=\"td-retina\" src=\"https:\/\/www.tvbuzau.ro\/wp-content\/themes\/Newspaper\/images\/icons\/ico-video-large.png\" alt=\"video\"><\/span><\/a><\/div>\n<p><a href=\"https:\/\/www.tvbuzau.ro\/category\/actualitate\/\" class=\"td-post-category\">Actualitate<\/a><\/div>\n<div class=\"item-details\">\n<h3 class=\"entry-title td-module-title\"><a href=\"https:\/\/www.tvbuzau.ro\/13-sesizari-penale-efectuate-de-garda-de-mediu\/\" rel=\"bookmark\" title=\"13 sesiz\u0103ri penale efectuate de Garda de Mediu\">13 sesiz\u0103ri penale efectuate de Garda de Mediu<\/a><\/h3>\n<\/div>\n<\/div>\n<\/div>\n<\/div>\n<div class=\"td-related-row\">\n<div class=\"td-related-span4\">\n<div class=\"td_module_related_posts td-animation-stack td_mod_related_posts\">\n<div class=\"td-module-image\">\n<div class=\"td-module-thumb\"><a href=\"https:\/\/www.tvbuzau.ro\/biaf-a-debutat-cu-un-concert-al-alexandrei-capitanescu\/\" rel=\"bookmark\" title=\"BIAF a debutat cu un concert al Alexandrei C\u0103pit\u0103nescu\"><img loading=\"lazy\" decoding=\"async\" width=\"218\" height=\"150\" class=\"entry-thumb\" src=\"https:\/\/www.tvbuzau.ro\/wp-content\/uploads\/2026\/08\/hqdefault-19-218x150.jpg\" alt title=\"BIAF a debutat cu un concert al Alexandrei C\u0103pit\u0103nescu\"><span class=\"td-video-play-ico\"><img loading=\"lazy\" decoding=\"async\" width=\"40\" height=\"40\" class=\"td-retina\" src=\"https:\/\/www.tvbuzau.ro\/wp-content\/themes\/Newspaper\/images\/icons\/ico-video-large.png\" alt=\"video\"><\/span><\/a><\/div>\n<p><a href=\"https:\/\/www.tvbuzau.ro\/category\/actualitate\/\" class=\"td-post-category\">Actualitate<\/a><\/div>\n<div class=\"item-details\">\n<h3 class=\"entry-title td-module-title\"><a href=\"https:\/\/www.tvbuzau.ro\/biaf-a-debutat-cu-un-concert-al-alexandrei-capitanescu\/\" rel=\"bookmark\" title=\"BIAF a debutat cu un concert al Alexandrei C\u0103pit\u0103nescu\">BIAF a debutat cu un concert al Alexandrei C\u0103pit\u0103nescu<\/a><\/h3>\n<\/div>\n<\/div>\n<\/div>\n<div class=\"td-related-span4\">\n<div class=\"td_module_related_posts td-animation-stack td_mod_related_posts\">\n<div class=\"td-module-image\">\n<div class=\"td-module-thumb\"><a href=\"https:\/\/www.tvbuzau.ro\/tabara-urbana-vacanta-de-vara-2026-deschisa-in-parcul-tineretului\/\" rel=\"bookmark\" title=\"\u201eTab\u0103ra Urban\u0103, Vacan\u021ba de var\u0103 2026\u201d deschis\u0103 \u00een Parcul Tineretului\"><img loading=\"lazy\" decoding=\"async\" width=\"218\" height=\"150\" class=\"entry-thumb\" src=\"https:\/\/www.tvbuzau.ro\/wp-content\/uploads\/2026\/08\/maxresdefault-3-218x150.jpg\" alt title=\"\u201eTab\u0103ra Urban\u0103, Vacan\u021ba de var\u0103 2026\u201d deschis\u0103 \u00een Parcul Tineretului\"><span class=\"td-video-play-ico\"><img loading=\"lazy\" decoding=\"async\" width=\"40\" height=\"40\" class=\"td-retina\" src=\"https:\/\/www.tvbuzau.ro\/wp-content\/themes\/Newspaper\/images\/icons\/ico-video-large.png\" alt=\"video\"><\/span><\/a><\/div>\n<p><a href=\"https:\/\/www.tvbuzau.ro\/category\/actualitate\/\" class=\"td-post-category\">Actualitate<\/a><\/div>\n<div class=\"item-details\">\n<h3 class=\"entry-title td-module-title\"><a href=\"https:\/\/www.tvbuzau.ro\/tabara-urbana-vacanta-de-vara-2026-deschisa-in-parcul-tineretului\/\" rel=\"bookmark\" title=\"\u201eTab\u0103ra Urban\u0103, Vacan\u021ba de var\u0103 2026\u201d deschis\u0103 \u00een Parcul Tineretului\">\u201eTab\u0103ra Urban\u0103, Vacan\u021ba de var\u0103 2026\u201d deschis\u0103 \u00een Parcul Tineretului<\/a><\/h3>\n<\/div>\n<\/div>\n<\/div>\n<div class=\"td-related-span4\">\n<div class=\"td_module_related_posts td-animation-stack td_mod_related_posts\">\n<div class=\"td-module-image\">\n<div class=\"td-module-thumb\"><a href=\"https:\/\/www.tvbuzau.ro\/sezon-impresionant-pentru-echipa-heart-of-robots\/\" rel=\"bookmark\" title=\"Sezon impresionant pentru echipa Heart of Robots\"><img loading=\"lazy\" decoding=\"async\" width=\"218\" height=\"150\" class=\"entry-thumb\" src=\"https:\/\/www.tvbuzau.ro\/wp-content\/uploads\/2026\/08\/hqdefault-18-218x150.jpg\" alt title=\"Sezon impresionant pentru echipa Heart of Robots\"><span class=\"td-video-play-ico\"><img loading=\"lazy\" decoding=\"async\" width=\"40\" height=\"40\" class=\"td-retina\" src=\"https:\/\/www.tvbuzau.ro\/wp-content\/themes\/Newspaper\/images\/icons\/ico-video-large.png\" alt=\"video\"><\/span><\/a><\/div>\n<p><a href=\"https:\/\/www.tvbuzau.ro\/category\/actualitate\/\" class=\"td-post-category\">Actualitate<\/a><\/div>\n<div class=\"item-details\">\n<h3 class=\"entry-title td-module-title\"><a href=\"https:\/\/www.tvbuzau.ro\/sezon-impresionant-pentru-echipa-heart-of-robots\/\" rel=\"bookmark\" title=\"Sezon impresionant pentru echipa Heart of Robots\">Sezon impresionant pentru echipa Heart of Robots<\/a><\/h3>\n<\/div>\n<\/div>\n<\/div>\n<\/div>\n<\/div>\n<\/div>\n<div class=\"comments\" id=\"comments\">\n<div id=\"respond\" class=\"comment-respond\">\n<h3 id=\"reply-title\" class=\"comment-reply-title\">L\u0102SA\u021aI UN MESAJ <small><a rel=\"nofollow\" id=\"cancel-comment-reply-link\" href=\"https:\/\/www.tvbuzau.ro\/seceta-pe-valea-slanicului\/#respond\">Renun\u021ba\u021bi la r\u0103spuns<\/a><\/small><\/h3>\n<\/div>\n<\/div>\n<\/div>\n<div class=\"td-post-content\">\n<div class=\"td-featured-image-rec\">\n<div class=\"wpb_video_wrapper\">\n                    <iframe loading=\"lazy\" id=\"td_youtube_player\" width=\"600\" height=\"560\" src=\"https:\/\/www.youtube.com\/embed\/dy92wnLyYYE?enablejsapi=1&amp;feature=oembed&amp;wmode=opaque&amp;vq=hd720\" frameborder allowfullscreen><\/iframe><\/p><\/div>\n<\/div>\n<p>Din ce \u00een ce mai pu\u0163in\u0103 ap\u0103 pe r\u00e2ul Sl\u0103nic<br \/>\nSeceta love\u0219te tot mai puternic \u00een lacurile \u0219i r\u00e2urile din \u021bar\u0103. Sl\u0103nicul, unul dintre cei mai importan\u021bi afluen\u021bi ai r\u00e2ului Buz\u0103u, aproape c\u0103 nu mai ajunge la v\u0103rsare.<br \/>\nR\u00e2ul Sl\u0103nic izvor\u0103\u0219te din Mun\u021bii Vrancei \u0219i parcurge aproximativ 73 de kilometri prin jude\u021bul Buz\u0103u \u0219i traverseaz\u0103 \u0219ase comune \u00eenainte de a se v\u0103rsa \u00een r\u00e2ul Buz\u0103u. \u00cen aceast\u0103 perioad\u0103, temperaturile ridicate, lipsa ploilor \u0219i infiltra\u021biile \u00een albia format\u0103 din pietri\u0219 \u0219i bolov\u0103ni\u0219 au redus dramatic debitul r\u00e2ului.<br \/>\nDac\u0103 seceta va continua \u0219i \u00een perioada urm\u0103toare, oamenii se tem c\u0103 efectele se vor resim\u021bi tot mai puternic, at\u00e2t \u00een agricultur\u0103, c\u00e2t \u0219i \u00een alimentarea cu ap\u0103 din zon\u0103.<\/p>\n<div class=\"post-views post-120063 entry-meta\"><span class=\"post-views-label\">Post Views: <\/span><span class=\"post-views-count\">129<\/span><\/div>\n<\/div>\n<p>[analyse_source url=&#8221;https:\/\/www.tvbuzau.ro\/seceta-pe-valea-slanicului\/&#8221;]<\/p>\n","protected":false},"excerpt":{"rendered":"<p>[analyse_image type=&#8221;featured&#8221; src=&#8221;https:\/\/www.tvbuzau.ro\/wp-content\/uploads\/2026\/08\/maxresdefault-4.jpghttps:\/\/www.tvbuzau.ro\/wp-content\/uploads\/2026\/08\/maxresdefault-4.jpg&#8221;] Actualitate Secet\u0103 pe Valea Sl\u0103nicului De c\u0103tre TV Buz\u0103u &#8211; august 17, 2026 0 15 Distribui\u021bi pe Facebook Distribui\u021bi pe Twitter tweet Din ce \u00een ce mai pu\u0163in\u0103 ap\u0103 pe r\u00e2ul Sl\u0103nic Seceta love\u0219te tot mai puternic \u00een lacurile \u0219i r\u00e2urile din \u021bar\u0103. Sl\u0103nicul, unul dintre cei mai importan\u021bi afluen\u021bi ai r\u00e2ului [&hellip;]<\/p>\n","protected":false},"author":1,"featured_media":0,"comment_status":"open","ping_status":"","sticky":false,"template":"","format":"standard","meta":{"footnotes":""},"categories":[2],"tags":[226,116],"class_list":["post-2098620","post","type-post","status-publish","format-standard","hentry","category-politics","tag-crawlmanager","tag-tvbuzau-ro"],"_links":{"self":[{"href":"https:\/\/analyse.optim.biz\/index.php?rest_route=\/wp\/v2\/posts\/2098620","targetHints":{"allow":["GET"]}}],"collection":[{"href":"https:\/\/analyse.optim.biz\/index.php?rest_route=\/wp\/v2\/posts"}],"about":[{"href":"https:\/\/analyse.optim.biz\/index.php?rest_route=\/wp\/v2\/types\/post"}],"author":[{"embeddable":true,"href":"https:\/\/analyse.optim.biz\/index.php?rest_route=\/wp\/v2\/users\/1"}],"replies":[{"embeddable":true,"href":"https:\/\/analyse.optim.biz\/index.php?rest_route=%2Fwp%2Fv2%2Fcomments&post=2098620"}],"version-history":[{"count":0,"href":"https:\/\/analyse.optim.biz\/index.php?rest_route=\/wp\/v2\/posts\/2098620\/revisions"}],"wp:attachment":[{"href":"https:\/\/analyse.optim.biz\/index.php?rest_route=%2Fwp%2Fv2%2Fmedia&parent=2098620"}],"wp:term":[{"taxonomy":"category","embeddable":true,"href":"https:\/\/analyse.optim.biz\/index.php?rest_route=%2Fwp%2Fv2%2Fcategories&post=2098620"},{"taxonomy":"post_tag","embeddable":true,"href":"https:\/\/analyse.optim.biz\/index.php?rest_route=%2Fwp%2Fv2%2Ftags&post=2098620"}],"curies":[{"name":"wp","href":"https:\/\/api.w.org\/{rel}","templated":true}]}}