{"id":2098619,"date":"2026-08-17T19:43:41","date_gmt":"2026-08-17T16:43:41","guid":{"rendered":"https:\/\/analyse.optim.biz\/?p=2098619"},"modified":"2026-08-17T19:43:41","modified_gmt":"2026-08-17T16:43:41","slug":"arestat-pentru-proxenetism-in-romania-si-germania","status":"publish","type":"post","link":"https:\/\/analyse.optim.biz\/?p=2098619","title":{"rendered":"Arestat pentru proxenetism \u00een Rom\u00e2nia \u015fi Germania"},"content":{"rendered":"<p>[analyse_image type=&#8221;featured&#8221; src=&#8221;https:\/\/www.tvbuzau.ro\/wp-content\/uploads\/2026\/08\/hqdefault-22.jpghttps:\/\/www.tvbuzau.ro\/wp-content\/uploads\/2026\/08\/hqdefault-22.jpg&#8221;]<\/p>\n<div class=\"td-ss-main-content\">\n<article id=\"post-120060\" class=\"post-120060 post type-post status-publish format-video has-post-thumbnail hentry category-actualitate post_format-post-format-video\">\n<div class=\"td-post-header\">\n<ul class=\"td-category\">\n<li class=\"entry-category\"><a href=\"https:\/\/www.tvbuzau.ro\/category\/actualitate\/\">Actualitate<\/a><\/li>\n<\/ul>\n<header class=\"td-post-title\">\n<h1 class=\"entry-title\">Arestat pentru proxenetism \u00een Rom\u00e2nia \u015fi Germania<\/h1>\n<div class=\"td-module-meta-info\">\n<div class=\"td-post-author-name\">De c\u0103tre <a href=\"https:\/\/www.tvbuzau.ro\/author\/mihai-vasilescu\/\">TV Buz\u0103u<\/a> &#8211; <\/div>\n<p><span class=\"td-post-date\"><time class=\"entry-date updated td-module-date\" datetime=\"2026-08-17T19:43:41+00:00\">august 17, 2026<\/time><\/span><\/p>\n<div class=\"td-post-comments\"><a href=\"https:\/\/www.tvbuzau.ro\/arestat-pentru-proxenetism-in-romania-si-germania\/#respond\">0<\/a><\/div>\n<div class=\"td-post-views\"><span class=\"td-nr-views-120060\">6<\/span><\/div>\n<\/div>\n<\/header>\n<\/div>\n<div class=\"td-post-sharing td-post-sharing-top td-with-like\">\n<div class=\"td-default-sharing\"><a class=\"td-social-sharing-buttons td-social-facebook\" href=\"http:\/\/www.facebook.com\/sharer.php?u=https%3A%2F%2Fwww.tvbuzau.ro%2Farestat-pentru-proxenetism-in-romania-si-germania%2F\"><\/p>\n<div class=\"td-social-but-text\">Distribui\u021bi pe Facebook<\/div>\n<p><\/a><a class=\"td-social-sharing-buttons td-social-twitter\" href=\"https:\/\/twitter.com\/intent\/tweet?text=Arestat+pentru+proxenetism+%C3%AEn+Rom%C3%A2nia+%C5%9Fi+Germania&amp;url=https%3A%2F%2Fwww.tvbuzau.ro%2Farestat-pentru-proxenetism-in-romania-si-germania%2F&amp;via=TV+Buz%C4%83u\"><\/p>\n<div class=\"td-social-but-text\">Distribui\u021bi pe Twitter<\/div>\n<p><\/a><\/div>\n<div class=\"td-classic-sharing\">\n<ul>\n<li class=\"td-classic-facebook\"><iframe frameborder src=\"https:\/\/www.facebook.com\/plugins\/like.php?href=https:\/\/www.tvbuzau.ro\/arestat-pentru-proxenetism-in-romania-si-germania\/&amp;layout=button_count&amp;show_faces=false&amp;width=105&amp;action=like&amp;colorscheme=light&amp;height=21\"><\/iframe><\/li>\n<li class=\"td-classic-twitter\"><a href=\"https:\/\/twitter.com\/share\" class=\"twitter-share-button\" data-url=\"https:\/\/www.tvbuzau.ro\/arestat-pentru-proxenetism-in-romania-si-germania\/\" data-text=\"Arestat pentru proxenetism \u00een Rom\u00e2nia \u015fi Germania\" data-via data-lang=\"en\">tweet<\/a><\/li>\n<\/ul>\n<\/div>\n<\/div>\n<div class=\"td-post-content\">\n<div class=\"td-featured-image-rec\">\n<div class=\"wpb_video_wrapper\">\n                    <iframe loading=\"lazy\" id=\"td_youtube_player\" width=\"600\" height=\"560\" src=\"https:\/\/www.youtube.com\/embed\/troOKKnV-KE?enablejsapi=1&amp;feature=oembed&amp;wmode=opaque&amp;vq=hd720\" frameborder allowfullscreen><\/iframe><\/p><\/div>\n<\/div>\n<p>C\u00e2\u015ftig de aproximativ 600.000 euro<br \/>\nPoli\u0163i\u015ftii Serviciului de Investiga\u0163ii Criminale din cadrul Inspectoratului de Poli\u0163ie Jude\u0163ean Buz\u0103u, sub coordonarea parchetului, au desf\u0103\u015furat o anchet\u0103 \u00een urma c\u0103reia instan\u0163a a emis un mandat de arestare preventiv\u0103 \u00een cazul unui t\u00e2n\u0103r de 23 de ani, din Vadu Pa\u015fii, cercetat pentru proxenetism.<\/p>\n<p>\u201eDin anul 2023 p\u00e2n\u0103 \u00een prezent, persoana cercetat\u0103 ar fi exercitat un control emo\u0163ional permanent asupra unei tinere, de 23 de ani, din Buz\u0103u, pe care ar fi determinat-o s\u0103 practice prostitu\u0163ia pe teritoriul Germaniei \u015fi Rom\u00e2niei. T\u00e2n\u0103rul ar fi sprijinit, ar fi \u00eenlesnit \u015fi ar fi monitorizat permanent aceast\u0103 activitate, ob\u0163in\u00e2nd o mare parte din sumele de bani astfel ob\u0163inute. Prin aceast\u0103 modalitate, persoana \u015fi-ar fi \u00eensu\u015fit un patrimoniu injust estimat la 600.000 de euro\u201d, a transmis prin IPJ Buz\u0103u.<br \/>\nPoli\u0163i\u015ftii au desf\u0103\u015furat trei perchezi\u0163ii domiciliare \u00een Buz\u0103u, la imobile utilizate de c\u0103tre t\u00e2n\u0103rul cercetat, fiind ridicate mai multe \u00eenscrisuri \u015fi documente, bunuri de valoare, precum \u015fi bani.<\/p>\n<p>\u201ePersoana cercetat\u0103 a fost depistat\u0103 \u00een zona unui local public din municipiul Buz\u0103u \u015fi, \u00een baza mandatului de aducere, a fost condus\u0103 la sediul poli\u0163iei pentru audieri. \u00cen urma materialului probator administrat, poli\u0163i\u015ftii l-au re\u0163inut pe t\u00e2n\u0103r pentru 24 de ore, iar vineri a fost prezentat parchetului cu propunere de sesizare a instan\u0163ei \u00een vederea arest\u0103rii preventive\u201d, informeaz\u0103 IPJ Buz\u0103u.<\/p>\n<p>Ulterior, judec\u0103torul de drepturi \u015fi libert\u0103\u0163i a emis pe numele b\u0103rbatului mandat de arestare preventiv\u0103 pentru 30 de zile.<\/p>\n<div class=\"post-views post-120060 entry-meta\"><span class=\"post-views-label\">Post Views: <\/span><span class=\"post-views-count\">118<\/span><\/div>\n<\/div>\n<footer>\n<div class=\"td-post-sharing td-post-sharing-bottom td-with-like\"><span class=\"td-post-share-title\">DISTRIBUI\u021aI<\/span><\/p>\n<div class=\"td-default-sharing\"><a class=\"td-social-sharing-buttons td-social-facebook\" href=\"http:\/\/www.facebook.com\/sharer.php?u=https%3A%2F%2Fwww.tvbuzau.ro%2Farestat-pentru-proxenetism-in-romania-si-germania%2F\"><\/p>\n<div class=\"td-social-but-text\">Facebook<\/div>\n<p><\/a><a class=\"td-social-sharing-buttons td-social-twitter\" href=\"https:\/\/twitter.com\/intent\/tweet?text=Arestat+pentru+proxenetism+%C3%AEn+Rom%C3%A2nia+%C5%9Fi+Germania&amp;url=https%3A%2F%2Fwww.tvbuzau.ro%2Farestat-pentru-proxenetism-in-romania-si-germania%2F&amp;via=TV+Buz%C4%83u\"><\/p>\n<div class=\"td-social-but-text\">Twitter<\/div>\n<p><\/a><\/div>\n<div class=\"td-classic-sharing\">\n<ul>\n<li class=\"td-classic-facebook\"><iframe frameborder src=\"https:\/\/www.facebook.com\/plugins\/like.php?href=https:\/\/www.tvbuzau.ro\/arestat-pentru-proxenetism-in-romania-si-germania\/&amp;layout=button_count&amp;show_faces=false&amp;width=105&amp;action=like&amp;colorscheme=light&amp;height=21\"><\/iframe><\/li>\n<li class=\"td-classic-twitter\"><a href=\"https:\/\/twitter.com\/share\" class=\"twitter-share-button\" data-url=\"https:\/\/www.tvbuzau.ro\/arestat-pentru-proxenetism-in-romania-si-germania\/\" data-text=\"Arestat pentru proxenetism \u00een Rom\u00e2nia \u015fi Germania\" data-via data-lang=\"en\">tweet<\/a><\/li>\n<\/ul>\n<\/div>\n<\/div>\n<div class=\"td-author-name vcard author\"><span class=\"fn\"><a href=\"https:\/\/www.tvbuzau.ro\/author\/mihai-vasilescu\/\">TV Buz\u0103u<\/a><\/span><\/div>\n<p><span><\/span><span><span><\/span><\/span><span><\/span><\/footer>\n<\/article>\n<div class=\"td_block_wrap td_block_related_posts td_uid_1_6a840c8b5c5c4_rand td_with_ajax_pagination td-pb-border-top\" data-td-block-uid=\"td_uid_1_6a840c8b5c5c4\">\n<h4 class=\"td-related-title\"><a id=\"td_uid_2_6a840c8b6acf8\" class=\"td-related-left td-cur-simple-item\" data-td_filter_value data-td_block_id=\"td_uid_1_6a840c8b5c5c4\" href=\"https:\/\/www.tvbuzau.ro\/arestat-pentru-proxenetism-in-romania-si-germania\/\">ARTICOLE SIMILARE<\/a><a id=\"td_uid_3_6a840c8b6ad32\" class=\"td-related-right\" data-td_filter_value=\"td_related_more_from_author\" data-td_block_id=\"td_uid_1_6a840c8b5c5c4\" href=\"https:\/\/www.tvbuzau.ro\/arestat-pentru-proxenetism-in-romania-si-germania\/\">DE LA ACELA\u0218I AUTOR<\/a><\/h4>\n<div id=\"td_uid_1_6a840c8b5c5c4\" class=\"td_block_inner\">\n<div class=\"td-related-row\">\n<div class=\"td-related-span4\">\n<div class=\"td_module_related_posts td-animation-stack td_mod_related_posts\">\n<div class=\"td-module-image\">\n<div class=\"td-module-thumb\"><a href=\"https:\/\/www.tvbuzau.ro\/seceta-pe-valea-slanicului\/\" rel=\"bookmark\" title=\"Secet\u0103 pe Valea Sl\u0103nicului\"><img loading=\"lazy\" decoding=\"async\" width=\"218\" height=\"150\" class=\"entry-thumb\" src=\"https:\/\/www.tvbuzau.ro\/wp-content\/uploads\/2026\/08\/maxresdefault-4-218x150.jpg\" alt title=\"Secet\u0103 pe Valea Sl\u0103nicului\"><span class=\"td-video-play-ico\"><img loading=\"lazy\" decoding=\"async\" width=\"40\" height=\"40\" class=\"td-retina\" src=\"https:\/\/www.tvbuzau.ro\/wp-content\/themes\/Newspaper\/images\/icons\/ico-video-large.png\" alt=\"video\"><\/span><\/a><\/div>\n<p><a href=\"https:\/\/www.tvbuzau.ro\/category\/actualitate\/\" class=\"td-post-category\">Actualitate<\/a><\/div>\n<div class=\"item-details\">\n<h3 class=\"entry-title td-module-title\"><a href=\"https:\/\/www.tvbuzau.ro\/seceta-pe-valea-slanicului\/\" rel=\"bookmark\" title=\"Secet\u0103 pe Valea Sl\u0103nicului\">Secet\u0103 pe Valea Sl\u0103nicului<\/a><\/h3>\n<\/div>\n<\/div>\n<\/div>\n<div class=\"td-related-span4\">\n<div class=\"td_module_related_posts td-animation-stack td_mod_related_posts\">\n<div class=\"td-module-image\">\n<div class=\"td-module-thumb\"><a href=\"https:\/\/www.tvbuzau.ro\/12-persoane-angajate-fara-forme-legale\/\" rel=\"bookmark\" title=\"12 persoane angajate f\u0103r\u0103 forme legale\"><img loading=\"lazy\" decoding=\"async\" width=\"218\" height=\"150\" class=\"entry-thumb\" src=\"https:\/\/www.tvbuzau.ro\/wp-content\/uploads\/2026\/08\/hqdefault-21-218x150.jpg\" alt title=\"12 persoane angajate f\u0103r\u0103 forme legale\"><span class=\"td-video-play-ico\"><img loading=\"lazy\" decoding=\"async\" width=\"40\" height=\"40\" class=\"td-retina\" src=\"https:\/\/www.tvbuzau.ro\/wp-content\/themes\/Newspaper\/images\/icons\/ico-video-large.png\" alt=\"video\"><\/span><\/a><\/div>\n<p><a href=\"https:\/\/www.tvbuzau.ro\/category\/actualitate\/\" class=\"td-post-category\">Actualitate<\/a><\/div>\n<div class=\"item-details\">\n<h3 class=\"entry-title td-module-title\"><a href=\"https:\/\/www.tvbuzau.ro\/12-persoane-angajate-fara-forme-legale\/\" rel=\"bookmark\" title=\"12 persoane angajate f\u0103r\u0103 forme legale\">12 persoane angajate f\u0103r\u0103 forme legale<\/a><\/h3>\n<\/div>\n<\/div>\n<\/div>\n<div class=\"td-related-span4\">\n<div class=\"td_module_related_posts td-animation-stack td_mod_related_posts\">\n<div class=\"td-module-image\">\n<div class=\"td-module-thumb\"><a href=\"https:\/\/www.tvbuzau.ro\/13-sesizari-penale-efectuate-de-garda-de-mediu\/\" rel=\"bookmark\" title=\"13 sesiz\u0103ri penale efectuate de Garda de Mediu\"><img loading=\"lazy\" decoding=\"async\" width=\"218\" height=\"150\" class=\"entry-thumb\" src=\"https:\/\/www.tvbuzau.ro\/wp-content\/uploads\/2026\/08\/hqdefault-20-218x150.jpg\" alt title=\"13 sesiz\u0103ri penale efectuate de Garda de Mediu\"><span class=\"td-video-play-ico\"><img loading=\"lazy\" decoding=\"async\" width=\"40\" height=\"40\" class=\"td-retina\" src=\"https:\/\/www.tvbuzau.ro\/wp-content\/themes\/Newspaper\/images\/icons\/ico-video-large.png\" alt=\"video\"><\/span><\/a><\/div>\n<p><a href=\"https:\/\/www.tvbuzau.ro\/category\/actualitate\/\" class=\"td-post-category\">Actualitate<\/a><\/div>\n<div class=\"item-details\">\n<h3 class=\"entry-title td-module-title\"><a href=\"https:\/\/www.tvbuzau.ro\/13-sesizari-penale-efectuate-de-garda-de-mediu\/\" rel=\"bookmark\" title=\"13 sesiz\u0103ri penale efectuate de Garda de Mediu\">13 sesiz\u0103ri penale efectuate de Garda de Mediu<\/a><\/h3>\n<\/div>\n<\/div>\n<\/div>\n<\/div>\n<div class=\"td-related-row\">\n<div class=\"td-related-span4\">\n<div class=\"td_module_related_posts td-animation-stack td_mod_related_posts\">\n<div class=\"td-module-image\">\n<div class=\"td-module-thumb\"><a href=\"https:\/\/www.tvbuzau.ro\/biaf-a-debutat-cu-un-concert-al-alexandrei-capitanescu\/\" rel=\"bookmark\" title=\"BIAF a debutat cu un concert al Alexandrei C\u0103pit\u0103nescu\"><img loading=\"lazy\" decoding=\"async\" width=\"218\" height=\"150\" class=\"entry-thumb\" src=\"https:\/\/www.tvbuzau.ro\/wp-content\/uploads\/2026\/08\/hqdefault-19-218x150.jpg\" alt title=\"BIAF a debutat cu un concert al Alexandrei C\u0103pit\u0103nescu\"><span class=\"td-video-play-ico\"><img loading=\"lazy\" decoding=\"async\" width=\"40\" height=\"40\" class=\"td-retina\" src=\"https:\/\/www.tvbuzau.ro\/wp-content\/themes\/Newspaper\/images\/icons\/ico-video-large.png\" alt=\"video\"><\/span><\/a><\/div>\n<p><a href=\"https:\/\/www.tvbuzau.ro\/category\/actualitate\/\" class=\"td-post-category\">Actualitate<\/a><\/div>\n<div class=\"item-details\">\n<h3 class=\"entry-title td-module-title\"><a href=\"https:\/\/www.tvbuzau.ro\/biaf-a-debutat-cu-un-concert-al-alexandrei-capitanescu\/\" rel=\"bookmark\" title=\"BIAF a debutat cu un concert al Alexandrei C\u0103pit\u0103nescu\">BIAF a debutat cu un concert al Alexandrei C\u0103pit\u0103nescu<\/a><\/h3>\n<\/div>\n<\/div>\n<\/div>\n<div class=\"td-related-span4\">\n<div class=\"td_module_related_posts td-animation-stack td_mod_related_posts\">\n<div class=\"td-module-image\">\n<div class=\"td-module-thumb\"><a href=\"https:\/\/www.tvbuzau.ro\/tabara-urbana-vacanta-de-vara-2026-deschisa-in-parcul-tineretului\/\" rel=\"bookmark\" title=\"\u201eTab\u0103ra Urban\u0103, Vacan\u021ba de var\u0103 2026\u201d deschis\u0103 \u00een Parcul Tineretului\"><img loading=\"lazy\" decoding=\"async\" width=\"218\" height=\"150\" class=\"entry-thumb\" src=\"https:\/\/www.tvbuzau.ro\/wp-content\/uploads\/2026\/08\/maxresdefault-3-218x150.jpg\" alt title=\"\u201eTab\u0103ra Urban\u0103, Vacan\u021ba de var\u0103 2026\u201d deschis\u0103 \u00een Parcul Tineretului\"><span class=\"td-video-play-ico\"><img loading=\"lazy\" decoding=\"async\" width=\"40\" height=\"40\" class=\"td-retina\" src=\"https:\/\/www.tvbuzau.ro\/wp-content\/themes\/Newspaper\/images\/icons\/ico-video-large.png\" alt=\"video\"><\/span><\/a><\/div>\n<p><a href=\"https:\/\/www.tvbuzau.ro\/category\/actualitate\/\" class=\"td-post-category\">Actualitate<\/a><\/div>\n<div class=\"item-details\">\n<h3 class=\"entry-title td-module-title\"><a href=\"https:\/\/www.tvbuzau.ro\/tabara-urbana-vacanta-de-vara-2026-deschisa-in-parcul-tineretului\/\" rel=\"bookmark\" title=\"\u201eTab\u0103ra Urban\u0103, Vacan\u021ba de var\u0103 2026\u201d deschis\u0103 \u00een Parcul Tineretului\">\u201eTab\u0103ra Urban\u0103, Vacan\u021ba de var\u0103 2026\u201d deschis\u0103 \u00een Parcul Tineretului<\/a><\/h3>\n<\/div>\n<\/div>\n<\/div>\n<div class=\"td-related-span4\">\n<div class=\"td_module_related_posts td-animation-stack td_mod_related_posts\">\n<div class=\"td-module-image\">\n<div class=\"td-module-thumb\"><a href=\"https:\/\/www.tvbuzau.ro\/sezon-impresionant-pentru-echipa-heart-of-robots\/\" rel=\"bookmark\" title=\"Sezon impresionant pentru echipa Heart of Robots\"><img loading=\"lazy\" decoding=\"async\" width=\"218\" height=\"150\" class=\"entry-thumb\" src=\"https:\/\/www.tvbuzau.ro\/wp-content\/uploads\/2026\/08\/hqdefault-18-218x150.jpg\" alt title=\"Sezon impresionant pentru echipa Heart of Robots\"><span class=\"td-video-play-ico\"><img loading=\"lazy\" decoding=\"async\" width=\"40\" height=\"40\" class=\"td-retina\" src=\"https:\/\/www.tvbuzau.ro\/wp-content\/themes\/Newspaper\/images\/icons\/ico-video-large.png\" alt=\"video\"><\/span><\/a><\/div>\n<p><a href=\"https:\/\/www.tvbuzau.ro\/category\/actualitate\/\" class=\"td-post-category\">Actualitate<\/a><\/div>\n<div class=\"item-details\">\n<h3 class=\"entry-title td-module-title\"><a href=\"https:\/\/www.tvbuzau.ro\/sezon-impresionant-pentru-echipa-heart-of-robots\/\" rel=\"bookmark\" title=\"Sezon impresionant pentru echipa Heart of Robots\">Sezon impresionant pentru echipa Heart of Robots<\/a><\/h3>\n<\/div>\n<\/div>\n<\/div>\n<\/div>\n<\/div>\n<\/div>\n<div class=\"comments\" id=\"comments\">\n<div id=\"respond\" class=\"comment-respond\">\n<h3 id=\"reply-title\" class=\"comment-reply-title\">L\u0102SA\u021aI UN MESAJ <small><a rel=\"nofollow\" id=\"cancel-comment-reply-link\" href=\"https:\/\/www.tvbuzau.ro\/arestat-pentru-proxenetism-in-romania-si-germania\/#respond\">Renun\u021ba\u021bi la r\u0103spuns<\/a><\/small><\/h3>\n<\/div>\n<\/div>\n<\/div>\n<div class=\"td-post-content\">\n<div class=\"td-featured-image-rec\">\n<div class=\"wpb_video_wrapper\">\n                    <iframe loading=\"lazy\" id=\"td_youtube_player\" width=\"600\" height=\"560\" src=\"https:\/\/www.youtube.com\/embed\/troOKKnV-KE?enablejsapi=1&amp;feature=oembed&amp;wmode=opaque&amp;vq=hd720\" frameborder allowfullscreen><\/iframe><\/p><\/div>\n<\/div>\n<p>C\u00e2\u015ftig de aproximativ 600.000 euro<br \/>\nPoli\u0163i\u015ftii Serviciului de Investiga\u0163ii Criminale din cadrul Inspectoratului de Poli\u0163ie Jude\u0163ean Buz\u0103u, sub coordonarea parchetului, au desf\u0103\u015furat o anchet\u0103 \u00een urma c\u0103reia instan\u0163a a emis un mandat de arestare preventiv\u0103 \u00een cazul unui t\u00e2n\u0103r de 23 de ani, din Vadu Pa\u015fii, cercetat pentru proxenetism.<\/p>\n<p>\u201eDin anul 2023 p\u00e2n\u0103 \u00een prezent, persoana cercetat\u0103 ar fi exercitat un control emo\u0163ional permanent asupra unei tinere, de 23 de ani, din Buz\u0103u, pe care ar fi determinat-o s\u0103 practice prostitu\u0163ia pe teritoriul Germaniei \u015fi Rom\u00e2niei. T\u00e2n\u0103rul ar fi sprijinit, ar fi \u00eenlesnit \u015fi ar fi monitorizat permanent aceast\u0103 activitate, ob\u0163in\u00e2nd o mare parte din sumele de bani astfel ob\u0163inute. Prin aceast\u0103 modalitate, persoana \u015fi-ar fi \u00eensu\u015fit un patrimoniu injust estimat la 600.000 de euro\u201d, a transmis prin IPJ Buz\u0103u.<br \/>\nPoli\u0163i\u015ftii au desf\u0103\u015furat trei perchezi\u0163ii domiciliare \u00een Buz\u0103u, la imobile utilizate de c\u0103tre t\u00e2n\u0103rul cercetat, fiind ridicate mai multe \u00eenscrisuri \u015fi documente, bunuri de valoare, precum \u015fi bani.<\/p>\n<p>\u201ePersoana cercetat\u0103 a fost depistat\u0103 \u00een zona unui local public din municipiul Buz\u0103u \u015fi, \u00een baza mandatului de aducere, a fost condus\u0103 la sediul poli\u0163iei pentru audieri. \u00cen urma materialului probator administrat, poli\u0163i\u015ftii l-au re\u0163inut pe t\u00e2n\u0103r pentru 24 de ore, iar vineri a fost prezentat parchetului cu propunere de sesizare a instan\u0163ei \u00een vederea arest\u0103rii preventive\u201d, informeaz\u0103 IPJ Buz\u0103u.<\/p>\n<p>Ulterior, judec\u0103torul de drepturi \u015fi libert\u0103\u0163i a emis pe numele b\u0103rbatului mandat de arestare preventiv\u0103 pentru 30 de zile.<\/p>\n<div class=\"post-views post-120060 entry-meta\"><span class=\"post-views-label\">Post Views: <\/span><span class=\"post-views-count\">118<\/span><\/div>\n<\/div>\n<p>[analyse_source url=&#8221;https:\/\/www.tvbuzau.ro\/arestat-pentru-proxenetism-in-romania-si-germania\/&#8221;]<\/p>\n","protected":false},"excerpt":{"rendered":"<p>[analyse_image type=&#8221;featured&#8221; src=&#8221;https:\/\/www.tvbuzau.ro\/wp-content\/uploads\/2026\/08\/hqdefault-22.jpghttps:\/\/www.tvbuzau.ro\/wp-content\/uploads\/2026\/08\/hqdefault-22.jpg&#8221;] Actualitate Arestat pentru proxenetism \u00een Rom\u00e2nia \u015fi Germania De c\u0103tre TV Buz\u0103u &#8211; august 17, 2026 0 6 Distribui\u021bi pe Facebook Distribui\u021bi pe Twitter tweet C\u00e2\u015ftig de aproximativ 600.000 euro Poli\u0163i\u015ftii Serviciului de Investiga\u0163ii Criminale din cadrul Inspectoratului de Poli\u0163ie Jude\u0163ean Buz\u0103u, sub coordonarea parchetului, au desf\u0103\u015furat o anchet\u0103 \u00een urma c\u0103reia [&hellip;]<\/p>\n","protected":false},"author":1,"featured_media":0,"comment_status":"open","ping_status":"","sticky":false,"template":"","format":"standard","meta":{"footnotes":""},"categories":[2],"tags":[226,116],"class_list":["post-2098619","post","type-post","status-publish","format-standard","hentry","category-politics","tag-crawlmanager","tag-tvbuzau-ro"],"_links":{"self":[{"href":"https:\/\/analyse.optim.biz\/index.php?rest_route=\/wp\/v2\/posts\/2098619","targetHints":{"allow":["GET"]}}],"collection":[{"href":"https:\/\/analyse.optim.biz\/index.php?rest_route=\/wp\/v2\/posts"}],"about":[{"href":"https:\/\/analyse.optim.biz\/index.php?rest_route=\/wp\/v2\/types\/post"}],"author":[{"embeddable":true,"href":"https:\/\/analyse.optim.biz\/index.php?rest_route=\/wp\/v2\/users\/1"}],"replies":[{"embeddable":true,"href":"https:\/\/analyse.optim.biz\/index.php?rest_route=%2Fwp%2Fv2%2Fcomments&post=2098619"}],"version-history":[{"count":0,"href":"https:\/\/analyse.optim.biz\/index.php?rest_route=\/wp\/v2\/posts\/2098619\/revisions"}],"wp:attachment":[{"href":"https:\/\/analyse.optim.biz\/index.php?rest_route=%2Fwp%2Fv2%2Fmedia&parent=2098619"}],"wp:term":[{"taxonomy":"category","embeddable":true,"href":"https:\/\/analyse.optim.biz\/index.php?rest_route=%2Fwp%2Fv2%2Fcategories&post=2098619"},{"taxonomy":"post_tag","embeddable":true,"href":"https:\/\/analyse.optim.biz\/index.php?rest_route=%2Fwp%2Fv2%2Ftags&post=2098619"}],"curies":[{"name":"wp","href":"https:\/\/api.w.org\/{rel}","templated":true}]}}