{"id":2098618,"date":"2026-08-17T19:41:38","date_gmt":"2026-08-17T16:41:38","guid":{"rendered":"https:\/\/analyse.optim.biz\/?p=2098618"},"modified":"2026-08-17T19:41:38","modified_gmt":"2026-08-17T16:41:38","slug":"13-sesizari-penale-efectuate-de-garda-de-mediu","status":"publish","type":"post","link":"https:\/\/analyse.optim.biz\/?p=2098618","title":{"rendered":"13 sesiz\u0103ri penale efectuate de Garda de Mediu"},"content":{"rendered":"<p>[analyse_image type=&#8221;featured&#8221; src=&#8221;https:\/\/www.tvbuzau.ro\/wp-content\/uploads\/2026\/08\/hqdefault-20.jpghttps:\/\/www.tvbuzau.ro\/wp-content\/uploads\/2026\/08\/hqdefault-20.jpg&#8221;]<\/p>\n<div class=\"td-ss-main-content\">\n<article id=\"post-120054\" class=\"post-120054 post type-post status-publish format-video has-post-thumbnail hentry category-actualitate post_format-post-format-video\">\n<div class=\"td-post-header\">\n<ul class=\"td-category\">\n<li class=\"entry-category\"><a href=\"https:\/\/www.tvbuzau.ro\/category\/actualitate\/\">Actualitate<\/a><\/li>\n<\/ul>\n<header class=\"td-post-title\">\n<h1 class=\"entry-title\">13 sesiz\u0103ri penale efectuate de Garda de Mediu<\/h1>\n<div class=\"td-module-meta-info\">\n<div class=\"td-post-author-name\">De c\u0103tre <a href=\"https:\/\/www.tvbuzau.ro\/author\/mihai-vasilescu\/\">TV Buz\u0103u<\/a> &#8211; <\/div>\n<p><span class=\"td-post-date\"><time class=\"entry-date updated td-module-date\" datetime=\"2026-08-17T19:41:38+00:00\">august 17, 2026<\/time><\/span><\/p>\n<div class=\"td-post-comments\"><a href=\"https:\/\/www.tvbuzau.ro\/13-sesizari-penale-efectuate-de-garda-de-mediu\/#respond\">0<\/a><\/div>\n<div class=\"td-post-views\"><span class=\"td-nr-views-120054\">9<\/span><\/div>\n<\/div>\n<\/header>\n<\/div>\n<div class=\"td-post-sharing td-post-sharing-top td-with-like\">\n<div class=\"td-default-sharing\"><a class=\"td-social-sharing-buttons td-social-facebook\" href=\"http:\/\/www.facebook.com\/sharer.php?u=https%3A%2F%2Fwww.tvbuzau.ro%2F13-sesizari-penale-efectuate-de-garda-de-mediu%2F\"><\/p>\n<div class=\"td-social-but-text\">Distribui\u021bi pe Facebook<\/div>\n<p><\/a><a class=\"td-social-sharing-buttons td-social-twitter\" href=\"https:\/\/twitter.com\/intent\/tweet?text=13+sesiz%C4%83ri+penale+efectuate+de+Garda+de+Mediu&amp;url=https%3A%2F%2Fwww.tvbuzau.ro%2F13-sesizari-penale-efectuate-de-garda-de-mediu%2F&amp;via=TV+Buz%C4%83u\"><\/p>\n<div class=\"td-social-but-text\">Distribui\u021bi pe Twitter<\/div>\n<p><\/a><\/div>\n<div class=\"td-classic-sharing\">\n<ul>\n<li class=\"td-classic-facebook\"><iframe frameborder src=\"https:\/\/www.facebook.com\/plugins\/like.php?href=https:\/\/www.tvbuzau.ro\/13-sesizari-penale-efectuate-de-garda-de-mediu\/&amp;layout=button_count&amp;show_faces=false&amp;width=105&amp;action=like&amp;colorscheme=light&amp;height=21\"><\/iframe><\/li>\n<li class=\"td-classic-twitter\"><a href=\"https:\/\/twitter.com\/share\" class=\"twitter-share-button\" data-url=\"https:\/\/www.tvbuzau.ro\/13-sesizari-penale-efectuate-de-garda-de-mediu\/\" data-text=\"13 sesiz\u0103ri penale efectuate de Garda de Mediu\" data-via data-lang=\"en\">tweet<\/a><\/li>\n<\/ul>\n<\/div>\n<\/div>\n<div class=\"td-post-content\">\n<div class=\"td-featured-image-rec\">\n<div class=\"wpb_video_wrapper\">\n                    <iframe loading=\"lazy\" id=\"td_youtube_player\" width=\"600\" height=\"560\" src=\"https:\/\/www.youtube.com\/embed\/NZaYEr_5Tao?enablejsapi=1&amp;feature=oembed&amp;wmode=opaque&amp;vq=hd720\" frameborder allowfullscreen><\/iframe><\/p><\/div>\n<\/div>\n<p>Amenzi semnificative aplicate de comisari, pe parcursul anului<br \/>\nPe parcursul lunii iulie, Garda Na\u021bional\u0103 de Mediu \u2013 Comisariatul Jude\u021bean Buz\u0103u a continuat \u00eentr-un ritm sus\u021binut verific\u0103rile, fiind efectuate 129 de controale, dintre care 33 controale planificate \u015fi 96 controale neplanificate.<\/p>\n<p>\u201c\u00cen urma verific\u0103rilor, comisarii au aplicat 68 de sanc\u021biuni contraven\u021bionale: 4 avertismente; 64 de amenzi contraven\u021bionale, \u00een valoare total\u0103 de 1.865.000 lei. Tot \u00een luna iulie au fost dispuse 3 suspend\u0103ri ale activit\u0103\u021bii, iar constat\u0103rile efectuate \u00eentr-un caz au determinat sesizarea organelor de cercetare penal\u0103\u201d, a anun\u0163at Garda de Mediu Buz\u0103u.<br \/>\nDe altfel, \u00een perioada ianuarie-iulie 2026, comisarii G\u0103rzii de Mediu au efectuat peste 650 de controale, fiind aplicate  370 de amenzi \u015fi19 avertismente.<\/p>\n<p>\u201cValoarea total\u0103 a amenzilor aplicate \u00een perioada ianuarie\u2013iulie a ajuns la 7.348.500 lei. \u00cen aceea\u0219i perioad\u0103 au fost dispuse 17 suspend\u0103ri ale activit\u0103\u021bii, iar \u00een 13 cazuri au fost sesizate organele de cercetare penal\u0103. Dincolo de cifre, fiecare control \u00eenseamn\u0103 verificarea respect\u0103rii obliga\u021biilor de mediu, identificarea neconformit\u0103\u021bilor \u0219i luarea m\u0103surilor necesare pentru prevenirea \u0219i limitarea impactului asupra mediului\u201d, a anun\u0163at institu\u0163ia.<\/p>\n<p>Garda Na\u021bional\u0103 de Mediu \u2013 Comisariatul Jude\u021bean Buz\u0103u a anun\u0163at continuarea ac\u021biunilor de verificare \u0219i control, cu prec\u0103dere \u00een zona polu\u0103rii unde au fost constatate \u00een ultima vreme cele mai multe abateri.<\/p>\n<div class=\"post-views post-120054 entry-meta\"><span class=\"post-views-label\">Post Views: <\/span><span class=\"post-views-count\">96<\/span><\/div>\n<\/div>\n<footer>\n<div class=\"td-post-sharing td-post-sharing-bottom td-with-like\"><span class=\"td-post-share-title\">DISTRIBUI\u021aI<\/span><\/p>\n<div class=\"td-default-sharing\"><a class=\"td-social-sharing-buttons td-social-facebook\" href=\"http:\/\/www.facebook.com\/sharer.php?u=https%3A%2F%2Fwww.tvbuzau.ro%2F13-sesizari-penale-efectuate-de-garda-de-mediu%2F\"><\/p>\n<div class=\"td-social-but-text\">Facebook<\/div>\n<p><\/a><a class=\"td-social-sharing-buttons td-social-twitter\" href=\"https:\/\/twitter.com\/intent\/tweet?text=13+sesiz%C4%83ri+penale+efectuate+de+Garda+de+Mediu&amp;url=https%3A%2F%2Fwww.tvbuzau.ro%2F13-sesizari-penale-efectuate-de-garda-de-mediu%2F&amp;via=TV+Buz%C4%83u\"><\/p>\n<div class=\"td-social-but-text\">Twitter<\/div>\n<p><\/a><\/div>\n<div class=\"td-classic-sharing\">\n<ul>\n<li class=\"td-classic-facebook\"><iframe frameborder src=\"https:\/\/www.facebook.com\/plugins\/like.php?href=https:\/\/www.tvbuzau.ro\/13-sesizari-penale-efectuate-de-garda-de-mediu\/&amp;layout=button_count&amp;show_faces=false&amp;width=105&amp;action=like&amp;colorscheme=light&amp;height=21\"><\/iframe><\/li>\n<li class=\"td-classic-twitter\"><a href=\"https:\/\/twitter.com\/share\" class=\"twitter-share-button\" data-url=\"https:\/\/www.tvbuzau.ro\/13-sesizari-penale-efectuate-de-garda-de-mediu\/\" data-text=\"13 sesiz\u0103ri penale efectuate de Garda de Mediu\" data-via data-lang=\"en\">tweet<\/a><\/li>\n<\/ul>\n<\/div>\n<\/div>\n<div class=\"td-author-name vcard author\"><span class=\"fn\"><a href=\"https:\/\/www.tvbuzau.ro\/author\/mihai-vasilescu\/\">TV Buz\u0103u<\/a><\/span><\/div>\n<p><span><\/span><span><span><\/span><\/span><span><\/span><\/footer>\n<\/article>\n<div class=\"td_block_wrap td_block_related_posts td_uid_1_6a840c40dbb10_rand td_with_ajax_pagination td-pb-border-top\" data-td-block-uid=\"td_uid_1_6a840c40dbb10\">\n<h4 class=\"td-related-title\"><a id=\"td_uid_2_6a840c40e1197\" class=\"td-related-left td-cur-simple-item\" data-td_filter_value data-td_block_id=\"td_uid_1_6a840c40dbb10\" href=\"https:\/\/www.tvbuzau.ro\/13-sesizari-penale-efectuate-de-garda-de-mediu\/\">ARTICOLE SIMILARE<\/a><a id=\"td_uid_3_6a840c40e11d2\" class=\"td-related-right\" data-td_filter_value=\"td_related_more_from_author\" data-td_block_id=\"td_uid_1_6a840c40dbb10\" href=\"https:\/\/www.tvbuzau.ro\/13-sesizari-penale-efectuate-de-garda-de-mediu\/\">DE LA ACELA\u0218I AUTOR<\/a><\/h4>\n<div id=\"td_uid_1_6a840c40dbb10\" class=\"td_block_inner\">\n<div class=\"td-related-row\">\n<div class=\"td-related-span4\">\n<div class=\"td_module_related_posts td-animation-stack td_mod_related_posts\">\n<div class=\"td-module-image\">\n<div class=\"td-module-thumb\"><a href=\"https:\/\/www.tvbuzau.ro\/seceta-pe-valea-slanicului\/\" rel=\"bookmark\" title=\"Secet\u0103 pe Valea Sl\u0103nicului\"><img loading=\"lazy\" decoding=\"async\" width=\"218\" height=\"150\" class=\"entry-thumb\" src=\"https:\/\/www.tvbuzau.ro\/wp-content\/uploads\/2026\/08\/maxresdefault-4-218x150.jpg\" alt title=\"Secet\u0103 pe Valea Sl\u0103nicului\"><span class=\"td-video-play-ico\"><img loading=\"lazy\" decoding=\"async\" width=\"40\" height=\"40\" class=\"td-retina\" src=\"https:\/\/www.tvbuzau.ro\/wp-content\/themes\/Newspaper\/images\/icons\/ico-video-large.png\" alt=\"video\"><\/span><\/a><\/div>\n<p><a href=\"https:\/\/www.tvbuzau.ro\/category\/actualitate\/\" class=\"td-post-category\">Actualitate<\/a><\/div>\n<div class=\"item-details\">\n<h3 class=\"entry-title td-module-title\"><a href=\"https:\/\/www.tvbuzau.ro\/seceta-pe-valea-slanicului\/\" rel=\"bookmark\" title=\"Secet\u0103 pe Valea Sl\u0103nicului\">Secet\u0103 pe Valea Sl\u0103nicului<\/a><\/h3>\n<\/div>\n<\/div>\n<\/div>\n<div class=\"td-related-span4\">\n<div class=\"td_module_related_posts td-animation-stack td_mod_related_posts\">\n<div class=\"td-module-image\">\n<div class=\"td-module-thumb\"><a href=\"https:\/\/www.tvbuzau.ro\/arestat-pentru-proxenetism-in-romania-si-germania\/\" rel=\"bookmark\" title=\"Arestat pentru proxenetism \u00een Rom\u00e2nia \u015fi Germania\"><img loading=\"lazy\" decoding=\"async\" width=\"218\" height=\"150\" class=\"entry-thumb\" src=\"https:\/\/www.tvbuzau.ro\/wp-content\/uploads\/2026\/08\/hqdefault-22-218x150.jpg\" alt title=\"Arestat pentru proxenetism \u00een Rom\u00e2nia \u015fi Germania\"><span class=\"td-video-play-ico\"><img loading=\"lazy\" decoding=\"async\" width=\"40\" height=\"40\" class=\"td-retina\" src=\"https:\/\/www.tvbuzau.ro\/wp-content\/themes\/Newspaper\/images\/icons\/ico-video-large.png\" alt=\"video\"><\/span><\/a><\/div>\n<p><a href=\"https:\/\/www.tvbuzau.ro\/category\/actualitate\/\" class=\"td-post-category\">Actualitate<\/a><\/div>\n<div class=\"item-details\">\n<h3 class=\"entry-title td-module-title\"><a href=\"https:\/\/www.tvbuzau.ro\/arestat-pentru-proxenetism-in-romania-si-germania\/\" rel=\"bookmark\" title=\"Arestat pentru proxenetism \u00een Rom\u00e2nia \u015fi Germania\">Arestat pentru proxenetism \u00een Rom\u00e2nia \u015fi Germania<\/a><\/h3>\n<\/div>\n<\/div>\n<\/div>\n<div class=\"td-related-span4\">\n<div class=\"td_module_related_posts td-animation-stack td_mod_related_posts\">\n<div class=\"td-module-image\">\n<div class=\"td-module-thumb\"><a href=\"https:\/\/www.tvbuzau.ro\/12-persoane-angajate-fara-forme-legale\/\" rel=\"bookmark\" title=\"12 persoane angajate f\u0103r\u0103 forme legale\"><img loading=\"lazy\" decoding=\"async\" width=\"218\" height=\"150\" class=\"entry-thumb\" src=\"https:\/\/www.tvbuzau.ro\/wp-content\/uploads\/2026\/08\/hqdefault-21-218x150.jpg\" alt title=\"12 persoane angajate f\u0103r\u0103 forme legale\"><span class=\"td-video-play-ico\"><img loading=\"lazy\" decoding=\"async\" width=\"40\" height=\"40\" class=\"td-retina\" src=\"https:\/\/www.tvbuzau.ro\/wp-content\/themes\/Newspaper\/images\/icons\/ico-video-large.png\" alt=\"video\"><\/span><\/a><\/div>\n<p><a href=\"https:\/\/www.tvbuzau.ro\/category\/actualitate\/\" class=\"td-post-category\">Actualitate<\/a><\/div>\n<div class=\"item-details\">\n<h3 class=\"entry-title td-module-title\"><a href=\"https:\/\/www.tvbuzau.ro\/12-persoane-angajate-fara-forme-legale\/\" rel=\"bookmark\" title=\"12 persoane angajate f\u0103r\u0103 forme legale\">12 persoane angajate f\u0103r\u0103 forme legale<\/a><\/h3>\n<\/div>\n<\/div>\n<\/div>\n<\/div>\n<div class=\"td-related-row\">\n<div class=\"td-related-span4\">\n<div class=\"td_module_related_posts td-animation-stack td_mod_related_posts\">\n<div class=\"td-module-image\">\n<div class=\"td-module-thumb\"><a href=\"https:\/\/www.tvbuzau.ro\/biaf-a-debutat-cu-un-concert-al-alexandrei-capitanescu\/\" rel=\"bookmark\" title=\"BIAF a debutat cu un concert al Alexandrei C\u0103pit\u0103nescu\"><img loading=\"lazy\" decoding=\"async\" width=\"218\" height=\"150\" class=\"entry-thumb\" src=\"https:\/\/www.tvbuzau.ro\/wp-content\/uploads\/2026\/08\/hqdefault-19-218x150.jpg\" alt title=\"BIAF a debutat cu un concert al Alexandrei C\u0103pit\u0103nescu\"><span class=\"td-video-play-ico\"><img loading=\"lazy\" decoding=\"async\" width=\"40\" height=\"40\" class=\"td-retina\" src=\"https:\/\/www.tvbuzau.ro\/wp-content\/themes\/Newspaper\/images\/icons\/ico-video-large.png\" alt=\"video\"><\/span><\/a><\/div>\n<p><a href=\"https:\/\/www.tvbuzau.ro\/category\/actualitate\/\" class=\"td-post-category\">Actualitate<\/a><\/div>\n<div class=\"item-details\">\n<h3 class=\"entry-title td-module-title\"><a href=\"https:\/\/www.tvbuzau.ro\/biaf-a-debutat-cu-un-concert-al-alexandrei-capitanescu\/\" rel=\"bookmark\" title=\"BIAF a debutat cu un concert al Alexandrei C\u0103pit\u0103nescu\">BIAF a debutat cu un concert al Alexandrei C\u0103pit\u0103nescu<\/a><\/h3>\n<\/div>\n<\/div>\n<\/div>\n<div class=\"td-related-span4\">\n<div class=\"td_module_related_posts td-animation-stack td_mod_related_posts\">\n<div class=\"td-module-image\">\n<div class=\"td-module-thumb\"><a href=\"https:\/\/www.tvbuzau.ro\/tabara-urbana-vacanta-de-vara-2026-deschisa-in-parcul-tineretului\/\" rel=\"bookmark\" title=\"\u201eTab\u0103ra Urban\u0103, Vacan\u021ba de var\u0103 2026\u201d deschis\u0103 \u00een Parcul Tineretului\"><img loading=\"lazy\" decoding=\"async\" width=\"218\" height=\"150\" class=\"entry-thumb\" src=\"https:\/\/www.tvbuzau.ro\/wp-content\/uploads\/2026\/08\/maxresdefault-3-218x150.jpg\" alt title=\"\u201eTab\u0103ra Urban\u0103, Vacan\u021ba de var\u0103 2026\u201d deschis\u0103 \u00een Parcul Tineretului\"><span class=\"td-video-play-ico\"><img loading=\"lazy\" decoding=\"async\" width=\"40\" height=\"40\" class=\"td-retina\" src=\"https:\/\/www.tvbuzau.ro\/wp-content\/themes\/Newspaper\/images\/icons\/ico-video-large.png\" alt=\"video\"><\/span><\/a><\/div>\n<p><a href=\"https:\/\/www.tvbuzau.ro\/category\/actualitate\/\" class=\"td-post-category\">Actualitate<\/a><\/div>\n<div class=\"item-details\">\n<h3 class=\"entry-title td-module-title\"><a href=\"https:\/\/www.tvbuzau.ro\/tabara-urbana-vacanta-de-vara-2026-deschisa-in-parcul-tineretului\/\" rel=\"bookmark\" title=\"\u201eTab\u0103ra Urban\u0103, Vacan\u021ba de var\u0103 2026\u201d deschis\u0103 \u00een Parcul Tineretului\">\u201eTab\u0103ra Urban\u0103, Vacan\u021ba de var\u0103 2026\u201d deschis\u0103 \u00een Parcul Tineretului<\/a><\/h3>\n<\/div>\n<\/div>\n<\/div>\n<div class=\"td-related-span4\">\n<div class=\"td_module_related_posts td-animation-stack td_mod_related_posts\">\n<div class=\"td-module-image\">\n<div class=\"td-module-thumb\"><a href=\"https:\/\/www.tvbuzau.ro\/sezon-impresionant-pentru-echipa-heart-of-robots\/\" rel=\"bookmark\" title=\"Sezon impresionant pentru echipa Heart of Robots\"><img loading=\"lazy\" decoding=\"async\" width=\"218\" height=\"150\" class=\"entry-thumb\" src=\"https:\/\/www.tvbuzau.ro\/wp-content\/uploads\/2026\/08\/hqdefault-18-218x150.jpg\" alt title=\"Sezon impresionant pentru echipa Heart of Robots\"><span class=\"td-video-play-ico\"><img loading=\"lazy\" decoding=\"async\" width=\"40\" height=\"40\" class=\"td-retina\" src=\"https:\/\/www.tvbuzau.ro\/wp-content\/themes\/Newspaper\/images\/icons\/ico-video-large.png\" alt=\"video\"><\/span><\/a><\/div>\n<p><a href=\"https:\/\/www.tvbuzau.ro\/category\/actualitate\/\" class=\"td-post-category\">Actualitate<\/a><\/div>\n<div class=\"item-details\">\n<h3 class=\"entry-title td-module-title\"><a href=\"https:\/\/www.tvbuzau.ro\/sezon-impresionant-pentru-echipa-heart-of-robots\/\" rel=\"bookmark\" title=\"Sezon impresionant pentru echipa Heart of Robots\">Sezon impresionant pentru echipa Heart of Robots<\/a><\/h3>\n<\/div>\n<\/div>\n<\/div>\n<\/div>\n<\/div>\n<\/div>\n<div class=\"comments\" id=\"comments\">\n<div id=\"respond\" class=\"comment-respond\">\n<h3 id=\"reply-title\" class=\"comment-reply-title\">L\u0102SA\u021aI UN MESAJ <small><a rel=\"nofollow\" id=\"cancel-comment-reply-link\" href=\"https:\/\/www.tvbuzau.ro\/13-sesizari-penale-efectuate-de-garda-de-mediu\/#respond\">Renun\u021ba\u021bi la r\u0103spuns<\/a><\/small><\/h3>\n<\/div>\n<\/div>\n<\/div>\n<div class=\"td-post-content\">\n<div class=\"td-featured-image-rec\">\n<div class=\"wpb_video_wrapper\">\n                    <iframe loading=\"lazy\" id=\"td_youtube_player\" width=\"600\" height=\"560\" src=\"https:\/\/www.youtube.com\/embed\/NZaYEr_5Tao?enablejsapi=1&amp;feature=oembed&amp;wmode=opaque&amp;vq=hd720\" frameborder allowfullscreen><\/iframe><\/p><\/div>\n<\/div>\n<p>Amenzi semnificative aplicate de comisari, pe parcursul anului<br \/>\nPe parcursul lunii iulie, Garda Na\u021bional\u0103 de Mediu \u2013 Comisariatul Jude\u021bean Buz\u0103u a continuat \u00eentr-un ritm sus\u021binut verific\u0103rile, fiind efectuate 129 de controale, dintre care 33 controale planificate \u015fi 96 controale neplanificate.<\/p>\n<p>\u201c\u00cen urma verific\u0103rilor, comisarii au aplicat 68 de sanc\u021biuni contraven\u021bionale: 4 avertismente; 64 de amenzi contraven\u021bionale, \u00een valoare total\u0103 de 1.865.000 lei. Tot \u00een luna iulie au fost dispuse 3 suspend\u0103ri ale activit\u0103\u021bii, iar constat\u0103rile efectuate \u00eentr-un caz au determinat sesizarea organelor de cercetare penal\u0103\u201d, a anun\u0163at Garda de Mediu Buz\u0103u.<br \/>\nDe altfel, \u00een perioada ianuarie-iulie 2026, comisarii G\u0103rzii de Mediu au efectuat peste 650 de controale, fiind aplicate  370 de amenzi \u015fi19 avertismente.<\/p>\n<p>\u201cValoarea total\u0103 a amenzilor aplicate \u00een perioada ianuarie\u2013iulie a ajuns la 7.348.500 lei. \u00cen aceea\u0219i perioad\u0103 au fost dispuse 17 suspend\u0103ri ale activit\u0103\u021bii, iar \u00een 13 cazuri au fost sesizate organele de cercetare penal\u0103. Dincolo de cifre, fiecare control \u00eenseamn\u0103 verificarea respect\u0103rii obliga\u021biilor de mediu, identificarea neconformit\u0103\u021bilor \u0219i luarea m\u0103surilor necesare pentru prevenirea \u0219i limitarea impactului asupra mediului\u201d, a anun\u0163at institu\u0163ia.<\/p>\n<p>Garda Na\u021bional\u0103 de Mediu \u2013 Comisariatul Jude\u021bean Buz\u0103u a anun\u0163at continuarea ac\u021biunilor de verificare \u0219i control, cu prec\u0103dere \u00een zona polu\u0103rii unde au fost constatate \u00een ultima vreme cele mai multe abateri.<\/p>\n<div class=\"post-views post-120054 entry-meta\"><span class=\"post-views-label\">Post Views: <\/span><span class=\"post-views-count\">96<\/span><\/div>\n<\/div>\n<p>[analyse_source url=&#8221;https:\/\/www.tvbuzau.ro\/13-sesizari-penale-efectuate-de-garda-de-mediu\/&#8221;]<\/p>\n","protected":false},"excerpt":{"rendered":"<p>[analyse_image type=&#8221;featured&#8221; src=&#8221;https:\/\/www.tvbuzau.ro\/wp-content\/uploads\/2026\/08\/hqdefault-20.jpghttps:\/\/www.tvbuzau.ro\/wp-content\/uploads\/2026\/08\/hqdefault-20.jpg&#8221;] Actualitate 13 sesiz\u0103ri penale efectuate de Garda de Mediu De c\u0103tre TV Buz\u0103u &#8211; august 17, 2026 0 9 Distribui\u021bi pe Facebook Distribui\u021bi pe Twitter tweet Amenzi semnificative aplicate de comisari, pe parcursul anului Pe parcursul lunii iulie, Garda Na\u021bional\u0103 de Mediu \u2013 Comisariatul Jude\u021bean Buz\u0103u a continuat \u00eentr-un ritm sus\u021binut verific\u0103rile, [&hellip;]<\/p>\n","protected":false},"author":1,"featured_media":0,"comment_status":"open","ping_status":"","sticky":false,"template":"","format":"standard","meta":{"footnotes":""},"categories":[2],"tags":[226,116],"class_list":["post-2098618","post","type-post","status-publish","format-standard","hentry","category-politics","tag-crawlmanager","tag-tvbuzau-ro"],"_links":{"self":[{"href":"https:\/\/analyse.optim.biz\/index.php?rest_route=\/wp\/v2\/posts\/2098618","targetHints":{"allow":["GET"]}}],"collection":[{"href":"https:\/\/analyse.optim.biz\/index.php?rest_route=\/wp\/v2\/posts"}],"about":[{"href":"https:\/\/analyse.optim.biz\/index.php?rest_route=\/wp\/v2\/types\/post"}],"author":[{"embeddable":true,"href":"https:\/\/analyse.optim.biz\/index.php?rest_route=\/wp\/v2\/users\/1"}],"replies":[{"embeddable":true,"href":"https:\/\/analyse.optim.biz\/index.php?rest_route=%2Fwp%2Fv2%2Fcomments&post=2098618"}],"version-history":[{"count":0,"href":"https:\/\/analyse.optim.biz\/index.php?rest_route=\/wp\/v2\/posts\/2098618\/revisions"}],"wp:attachment":[{"href":"https:\/\/analyse.optim.biz\/index.php?rest_route=%2Fwp%2Fv2%2Fmedia&parent=2098618"}],"wp:term":[{"taxonomy":"category","embeddable":true,"href":"https:\/\/analyse.optim.biz\/index.php?rest_route=%2Fwp%2Fv2%2Fcategories&post=2098618"},{"taxonomy":"post_tag","embeddable":true,"href":"https:\/\/analyse.optim.biz\/index.php?rest_route=%2Fwp%2Fv2%2Ftags&post=2098618"}],"curies":[{"name":"wp","href":"https:\/\/api.w.org\/{rel}","templated":true}]}}