{"id":2098617,"date":"2026-08-17T19:42:42","date_gmt":"2026-08-17T16:42:42","guid":{"rendered":"https:\/\/analyse.optim.biz\/?p=2098617"},"modified":"2026-08-17T19:42:42","modified_gmt":"2026-08-17T16:42:42","slug":"12-persoane-angajate-fara-forme-legale","status":"publish","type":"post","link":"https:\/\/analyse.optim.biz\/?p=2098617","title":{"rendered":"12 persoane angajate f\u0103r\u0103 forme legale"},"content":{"rendered":"<p>[analyse_image type=&#8221;featured&#8221; src=&#8221;https:\/\/www.tvbuzau.ro\/wp-content\/uploads\/2026\/08\/hqdefault-21.jpghttps:\/\/www.tvbuzau.ro\/wp-content\/uploads\/2026\/08\/hqdefault-21.jpg&#8221;]<\/p>\n<div class=\"td-ss-main-content\">\n<article id=\"post-120057\" class=\"post-120057 post type-post status-publish format-video has-post-thumbnail hentry category-actualitate post_format-post-format-video\">\n<div class=\"td-post-header\">\n<ul class=\"td-category\">\n<li class=\"entry-category\"><a href=\"https:\/\/www.tvbuzau.ro\/category\/actualitate\/\">Actualitate<\/a><\/li>\n<\/ul>\n<header class=\"td-post-title\">\n<h1 class=\"entry-title\">12 persoane angajate f\u0103r\u0103 forme legale<\/h1>\n<div class=\"td-module-meta-info\">\n<div class=\"td-post-author-name\">De c\u0103tre <a href=\"https:\/\/www.tvbuzau.ro\/author\/mihai-vasilescu\/\">TV Buz\u0103u<\/a> &#8211; <\/div>\n<p><span class=\"td-post-date\"><time class=\"entry-date updated td-module-date\" datetime=\"2026-08-17T19:42:42+00:00\">august 17, 2026<\/time><\/span><\/p>\n<div class=\"td-post-comments\"><a href=\"https:\/\/www.tvbuzau.ro\/12-persoane-angajate-fara-forme-legale\/#respond\">0<\/a><\/div>\n<div class=\"td-post-views\"><span class=\"td-nr-views-120057\">17<\/span><\/div>\n<\/div>\n<\/header>\n<\/div>\n<div class=\"td-post-sharing td-post-sharing-top td-with-like\">\n<div class=\"td-default-sharing\"><a class=\"td-social-sharing-buttons td-social-facebook\" href=\"http:\/\/www.facebook.com\/sharer.php?u=https%3A%2F%2Fwww.tvbuzau.ro%2F12-persoane-angajate-fara-forme-legale%2F\"><\/p>\n<div class=\"td-social-but-text\">Distribui\u021bi pe Facebook<\/div>\n<p><\/a><a class=\"td-social-sharing-buttons td-social-twitter\" href=\"https:\/\/twitter.com\/intent\/tweet?text=12+persoane+angajate+f%C4%83r%C4%83+forme+legale&amp;url=https%3A%2F%2Fwww.tvbuzau.ro%2F12-persoane-angajate-fara-forme-legale%2F&amp;via=TV+Buz%C4%83u\"><\/p>\n<div class=\"td-social-but-text\">Distribui\u021bi pe Twitter<\/div>\n<p><\/a><\/div>\n<div class=\"td-classic-sharing\">\n<ul>\n<li class=\"td-classic-facebook\"><iframe frameborder src=\"https:\/\/www.facebook.com\/plugins\/like.php?href=https:\/\/www.tvbuzau.ro\/12-persoane-angajate-fara-forme-legale\/&amp;layout=button_count&amp;show_faces=false&amp;width=105&amp;action=like&amp;colorscheme=light&amp;height=21\"><\/iframe><\/li>\n<li class=\"td-classic-twitter\"><a href=\"https:\/\/twitter.com\/share\" class=\"twitter-share-button\" data-url=\"https:\/\/www.tvbuzau.ro\/12-persoane-angajate-fara-forme-legale\/\" data-text=\"12 persoane angajate f\u0103r\u0103 forme legale\" data-via data-lang=\"en\">tweet<\/a><\/li>\n<\/ul>\n<\/div>\n<\/div>\n<div class=\"td-post-content\">\n<div class=\"td-featured-image-rec\">\n<div class=\"wpb_video_wrapper\">\n                    <iframe loading=\"lazy\" id=\"td_youtube_player\" width=\"600\" height=\"560\" src=\"https:\/\/www.youtube.com\/embed\/fzbVHoNH4ng?enablejsapi=1&amp;feature=oembed&amp;wmode=opaque&amp;vq=hd720\" frameborder allowfullscreen><\/iframe><\/p><\/div>\n<\/div>\n<p>Amenzi de 460.000 lei aplicate de ITM Buz\u0103u<br \/>\nInspectoratul Teritorial de Munc\u0103 Buz\u0103u a  efectuat ac\u0163iuni de control \u00een  luna iulie 2026  av\u00e2nd ca obiectiv verificarea modului \u00een care angajatorii respect\u0103 prevederile legisla\u0163iei \u00een vigoare \u00een domeniul rela\u0163iilor de munc\u0103.<\/p>\n<p>\u201cAu fost sanc\u0163iona\u0163i 14 angajatori \u015fi s-au aplicat 19 sanc\u0163iuni contraven\u0163ionale (15 amenzi contraven\u0163ionale \u00een cuantum de 500.500 lei \u015fi  4 avertismente); s-au dispus 345 m\u0103suri cu termene concrete de realizare pentru remedierea neconformit\u0103\u0163ilor constatate de inspectorii de munc\u0103\u201d, a anun\u0163at ITM Buz\u0103u.<br \/>\n\u00cen luna iulie 2026, la Inspectoratul Teritorial de Munc\u0103 Buz\u0103u au fost \u00eenregistrate 55 de peti\u021bii \u00een domeniul rela\u021biilor de munc\u0103. Au fost reclamate aspecte referitoare la neacordarea drepturilor b\u0103ne\u0219ti, nereguli privind timpul de munc\u0103 \u0219i timpul de odihn\u0103, cazuri de munc\u0103 nedeclarat\u0103 sau alte aspecte din domeniul rela\u021biilor de munc\u0103.<br \/>\nDe asemenea, au fost \u00eenregistrate 16 solicit\u0103ri scrise de informa\u021bii  din partea unor persoane fizice sau juridice \u00een ceea ce prive\u0219te aplicabilitatea legisla\u021biei muncii \u00een domeniul rela\u021biilor de munc\u0103 \u00een contextul dinamicii modific\u0103rilor accelerate a acesteia precum \u0219i alte date comunicate \u00een baza protocoalelor.<br \/>\n Pentru identificarea \u0219i combaterea muncii nedeclate \u0219i subdeclarate, Inspectoratul Teritorial de Munca Buz\u0103u a intensificat  ac\u021biunile de control \u00een jude\u021bul Buz\u0103u menite s\u0103 conduc\u0103 la diminuarea consecin\u0163elor juridice, sociale \u015fi economice ce decurg din fenomenul muncii nedeclarate \u015fi subdeclarate, un fenomen care afecteaz\u0103 grav drepturile angaja\u021bilor \u0219i concuren\u021ba loial\u0103 pe pia\u021ba muncii.<\/p>\n<p>\u201cAstfel, \u00een luna iulie 2026 au fost identificati  4 angajatori care au primit la munc\u0103 12 persoane f\u0103r\u0103 a le \u00eencheia contracte individuale de munc\u0103 \u00een form\u0103 scris\u0103 anterior \u00eenceperii activit\u0103\u021bii acestora si f\u0103r\u0103 transmiterea elementelor contractelor \u00een Reges-Online \u00een termenul legal.  Faptele angajatorilor, definite\u2026drept munc\u0103 nedeclarat\u0103, au fost sanc\u021bionate de inspectorii de munc\u0103 prin aplicarea de amenzi \u00een cuantum de 460.000 lei si s-au dispus m\u0103suri obligatorii de respectare a prevederilor legale \u00een vigoare\u201d, arat\u0103 ITM.<br \/>\nBogdan Chitacu, inspectorul \u015fef al ITM Buz\u0103u a transmis c\u0103  pe \u00eentreg parcursul anului 2026, combaterea muncii nedeclarate ram\u00e2ne o prioritate, astfel c\u0103, se vor intensifica ac\u021biunile de verificare \u00een toate domeniile de activitate \u0219i se vor intreprinde toate demersurile \u00een vederea aplic\u0103rii unitare de c\u0103tre angajatori a prevederilor legale \u00een domeniul rela\u021biilor de munc\u0103.<\/p>\n<div class=\"post-views post-120057 entry-meta\"><span class=\"post-views-label\">Post Views: <\/span><span class=\"post-views-count\">121<\/span><\/div>\n<\/div>\n<footer>\n<div class=\"td-post-sharing td-post-sharing-bottom td-with-like\"><span class=\"td-post-share-title\">DISTRIBUI\u021aI<\/span><\/p>\n<div class=\"td-default-sharing\"><a class=\"td-social-sharing-buttons td-social-facebook\" href=\"http:\/\/www.facebook.com\/sharer.php?u=https%3A%2F%2Fwww.tvbuzau.ro%2F12-persoane-angajate-fara-forme-legale%2F\"><\/p>\n<div class=\"td-social-but-text\">Facebook<\/div>\n<p><\/a><a class=\"td-social-sharing-buttons td-social-twitter\" href=\"https:\/\/twitter.com\/intent\/tweet?text=12+persoane+angajate+f%C4%83r%C4%83+forme+legale&amp;url=https%3A%2F%2Fwww.tvbuzau.ro%2F12-persoane-angajate-fara-forme-legale%2F&amp;via=TV+Buz%C4%83u\"><\/p>\n<div class=\"td-social-but-text\">Twitter<\/div>\n<p><\/a><\/div>\n<div class=\"td-classic-sharing\">\n<ul>\n<li class=\"td-classic-facebook\"><iframe frameborder src=\"https:\/\/www.facebook.com\/plugins\/like.php?href=https:\/\/www.tvbuzau.ro\/12-persoane-angajate-fara-forme-legale\/&amp;layout=button_count&amp;show_faces=false&amp;width=105&amp;action=like&amp;colorscheme=light&amp;height=21\"><\/iframe><\/li>\n<li class=\"td-classic-twitter\"><a href=\"https:\/\/twitter.com\/share\" class=\"twitter-share-button\" data-url=\"https:\/\/www.tvbuzau.ro\/12-persoane-angajate-fara-forme-legale\/\" data-text=\"12 persoane angajate f\u0103r\u0103 forme legale\" data-via data-lang=\"en\">tweet<\/a><\/li>\n<\/ul>\n<\/div>\n<\/div>\n<div class=\"td-author-name vcard author\"><span class=\"fn\"><a href=\"https:\/\/www.tvbuzau.ro\/author\/mihai-vasilescu\/\">TV Buz\u0103u<\/a><\/span><\/div>\n<p><span><\/span><span><span><\/span><\/span><span><\/span><\/footer>\n<\/article>\n<div class=\"td_block_wrap td_block_related_posts td_uid_1_6a840bf4b742b_rand td_with_ajax_pagination td-pb-border-top\" data-td-block-uid=\"td_uid_1_6a840bf4b742b\">\n<h4 class=\"td-related-title\"><a id=\"td_uid_2_6a840bf4bcd6e\" class=\"td-related-left td-cur-simple-item\" data-td_filter_value data-td_block_id=\"td_uid_1_6a840bf4b742b\" href=\"https:\/\/www.tvbuzau.ro\/12-persoane-angajate-fara-forme-legale\/\">ARTICOLE SIMILARE<\/a><a id=\"td_uid_3_6a840bf4bcdac\" class=\"td-related-right\" data-td_filter_value=\"td_related_more_from_author\" data-td_block_id=\"td_uid_1_6a840bf4b742b\" href=\"https:\/\/www.tvbuzau.ro\/12-persoane-angajate-fara-forme-legale\/\">DE LA ACELA\u0218I AUTOR<\/a><\/h4>\n<div id=\"td_uid_1_6a840bf4b742b\" class=\"td_block_inner\">\n<div class=\"td-related-row\">\n<div class=\"td-related-span4\">\n<div class=\"td_module_related_posts td-animation-stack td_mod_related_posts\">\n<div class=\"td-module-image\">\n<div class=\"td-module-thumb\"><a href=\"https:\/\/www.tvbuzau.ro\/seceta-pe-valea-slanicului\/\" rel=\"bookmark\" title=\"Secet\u0103 pe Valea Sl\u0103nicului\"><img loading=\"lazy\" decoding=\"async\" width=\"218\" height=\"150\" class=\"entry-thumb\" src=\"https:\/\/www.tvbuzau.ro\/wp-content\/uploads\/2026\/08\/maxresdefault-4-218x150.jpg\" alt title=\"Secet\u0103 pe Valea Sl\u0103nicului\"><span class=\"td-video-play-ico\"><img loading=\"lazy\" decoding=\"async\" width=\"40\" height=\"40\" class=\"td-retina\" src=\"https:\/\/www.tvbuzau.ro\/wp-content\/themes\/Newspaper\/images\/icons\/ico-video-large.png\" alt=\"video\"><\/span><\/a><\/div>\n<p><a href=\"https:\/\/www.tvbuzau.ro\/category\/actualitate\/\" class=\"td-post-category\">Actualitate<\/a><\/div>\n<div class=\"item-details\">\n<h3 class=\"entry-title td-module-title\"><a href=\"https:\/\/www.tvbuzau.ro\/seceta-pe-valea-slanicului\/\" rel=\"bookmark\" title=\"Secet\u0103 pe Valea Sl\u0103nicului\">Secet\u0103 pe Valea Sl\u0103nicului<\/a><\/h3>\n<\/div>\n<\/div>\n<\/div>\n<div class=\"td-related-span4\">\n<div class=\"td_module_related_posts td-animation-stack td_mod_related_posts\">\n<div class=\"td-module-image\">\n<div class=\"td-module-thumb\"><a href=\"https:\/\/www.tvbuzau.ro\/arestat-pentru-proxenetism-in-romania-si-germania\/\" rel=\"bookmark\" title=\"Arestat pentru proxenetism \u00een Rom\u00e2nia \u015fi Germania\"><img loading=\"lazy\" decoding=\"async\" width=\"218\" height=\"150\" class=\"entry-thumb\" src=\"https:\/\/www.tvbuzau.ro\/wp-content\/uploads\/2026\/08\/hqdefault-22-218x150.jpg\" alt title=\"Arestat pentru proxenetism \u00een Rom\u00e2nia \u015fi Germania\"><span class=\"td-video-play-ico\"><img loading=\"lazy\" decoding=\"async\" width=\"40\" height=\"40\" class=\"td-retina\" src=\"https:\/\/www.tvbuzau.ro\/wp-content\/themes\/Newspaper\/images\/icons\/ico-video-large.png\" alt=\"video\"><\/span><\/a><\/div>\n<p><a href=\"https:\/\/www.tvbuzau.ro\/category\/actualitate\/\" class=\"td-post-category\">Actualitate<\/a><\/div>\n<div class=\"item-details\">\n<h3 class=\"entry-title td-module-title\"><a href=\"https:\/\/www.tvbuzau.ro\/arestat-pentru-proxenetism-in-romania-si-germania\/\" rel=\"bookmark\" title=\"Arestat pentru proxenetism \u00een Rom\u00e2nia \u015fi Germania\">Arestat pentru proxenetism \u00een Rom\u00e2nia \u015fi Germania<\/a><\/h3>\n<\/div>\n<\/div>\n<\/div>\n<div class=\"td-related-span4\">\n<div class=\"td_module_related_posts td-animation-stack td_mod_related_posts\">\n<div class=\"td-module-image\">\n<div class=\"td-module-thumb\"><a href=\"https:\/\/www.tvbuzau.ro\/13-sesizari-penale-efectuate-de-garda-de-mediu\/\" rel=\"bookmark\" title=\"13 sesiz\u0103ri penale efectuate de Garda de Mediu\"><img loading=\"lazy\" decoding=\"async\" width=\"218\" height=\"150\" class=\"entry-thumb\" src=\"https:\/\/www.tvbuzau.ro\/wp-content\/uploads\/2026\/08\/hqdefault-20-218x150.jpg\" alt title=\"13 sesiz\u0103ri penale efectuate de Garda de Mediu\"><span class=\"td-video-play-ico\"><img loading=\"lazy\" decoding=\"async\" width=\"40\" height=\"40\" class=\"td-retina\" src=\"https:\/\/www.tvbuzau.ro\/wp-content\/themes\/Newspaper\/images\/icons\/ico-video-large.png\" alt=\"video\"><\/span><\/a><\/div>\n<p><a href=\"https:\/\/www.tvbuzau.ro\/category\/actualitate\/\" class=\"td-post-category\">Actualitate<\/a><\/div>\n<div class=\"item-details\">\n<h3 class=\"entry-title td-module-title\"><a href=\"https:\/\/www.tvbuzau.ro\/13-sesizari-penale-efectuate-de-garda-de-mediu\/\" rel=\"bookmark\" title=\"13 sesiz\u0103ri penale efectuate de Garda de Mediu\">13 sesiz\u0103ri penale efectuate de Garda de Mediu<\/a><\/h3>\n<\/div>\n<\/div>\n<\/div>\n<\/div>\n<div class=\"td-related-row\">\n<div class=\"td-related-span4\">\n<div class=\"td_module_related_posts td-animation-stack td_mod_related_posts\">\n<div class=\"td-module-image\">\n<div class=\"td-module-thumb\"><a href=\"https:\/\/www.tvbuzau.ro\/biaf-a-debutat-cu-un-concert-al-alexandrei-capitanescu\/\" rel=\"bookmark\" title=\"BIAF a debutat cu un concert al Alexandrei C\u0103pit\u0103nescu\"><img loading=\"lazy\" decoding=\"async\" width=\"218\" height=\"150\" class=\"entry-thumb\" src=\"https:\/\/www.tvbuzau.ro\/wp-content\/uploads\/2026\/08\/hqdefault-19-218x150.jpg\" alt title=\"BIAF a debutat cu un concert al Alexandrei C\u0103pit\u0103nescu\"><span class=\"td-video-play-ico\"><img loading=\"lazy\" decoding=\"async\" width=\"40\" height=\"40\" class=\"td-retina\" src=\"https:\/\/www.tvbuzau.ro\/wp-content\/themes\/Newspaper\/images\/icons\/ico-video-large.png\" alt=\"video\"><\/span><\/a><\/div>\n<p><a href=\"https:\/\/www.tvbuzau.ro\/category\/actualitate\/\" class=\"td-post-category\">Actualitate<\/a><\/div>\n<div class=\"item-details\">\n<h3 class=\"entry-title td-module-title\"><a href=\"https:\/\/www.tvbuzau.ro\/biaf-a-debutat-cu-un-concert-al-alexandrei-capitanescu\/\" rel=\"bookmark\" title=\"BIAF a debutat cu un concert al Alexandrei C\u0103pit\u0103nescu\">BIAF a debutat cu un concert al Alexandrei C\u0103pit\u0103nescu<\/a><\/h3>\n<\/div>\n<\/div>\n<\/div>\n<div class=\"td-related-span4\">\n<div class=\"td_module_related_posts td-animation-stack td_mod_related_posts\">\n<div class=\"td-module-image\">\n<div class=\"td-module-thumb\"><a href=\"https:\/\/www.tvbuzau.ro\/tabara-urbana-vacanta-de-vara-2026-deschisa-in-parcul-tineretului\/\" rel=\"bookmark\" title=\"\u201eTab\u0103ra Urban\u0103, Vacan\u021ba de var\u0103 2026\u201d deschis\u0103 \u00een Parcul Tineretului\"><img loading=\"lazy\" decoding=\"async\" width=\"218\" height=\"150\" class=\"entry-thumb\" src=\"https:\/\/www.tvbuzau.ro\/wp-content\/uploads\/2026\/08\/maxresdefault-3-218x150.jpg\" alt title=\"\u201eTab\u0103ra Urban\u0103, Vacan\u021ba de var\u0103 2026\u201d deschis\u0103 \u00een Parcul Tineretului\"><span class=\"td-video-play-ico\"><img loading=\"lazy\" decoding=\"async\" width=\"40\" height=\"40\" class=\"td-retina\" src=\"https:\/\/www.tvbuzau.ro\/wp-content\/themes\/Newspaper\/images\/icons\/ico-video-large.png\" alt=\"video\"><\/span><\/a><\/div>\n<p><a href=\"https:\/\/www.tvbuzau.ro\/category\/actualitate\/\" class=\"td-post-category\">Actualitate<\/a><\/div>\n<div class=\"item-details\">\n<h3 class=\"entry-title td-module-title\"><a href=\"https:\/\/www.tvbuzau.ro\/tabara-urbana-vacanta-de-vara-2026-deschisa-in-parcul-tineretului\/\" rel=\"bookmark\" title=\"\u201eTab\u0103ra Urban\u0103, Vacan\u021ba de var\u0103 2026\u201d deschis\u0103 \u00een Parcul Tineretului\">\u201eTab\u0103ra Urban\u0103, Vacan\u021ba de var\u0103 2026\u201d deschis\u0103 \u00een Parcul Tineretului<\/a><\/h3>\n<\/div>\n<\/div>\n<\/div>\n<div class=\"td-related-span4\">\n<div class=\"td_module_related_posts td-animation-stack td_mod_related_posts\">\n<div class=\"td-module-image\">\n<div class=\"td-module-thumb\"><a href=\"https:\/\/www.tvbuzau.ro\/sezon-impresionant-pentru-echipa-heart-of-robots\/\" rel=\"bookmark\" title=\"Sezon impresionant pentru echipa Heart of Robots\"><img loading=\"lazy\" decoding=\"async\" width=\"218\" height=\"150\" class=\"entry-thumb\" src=\"https:\/\/www.tvbuzau.ro\/wp-content\/uploads\/2026\/08\/hqdefault-18-218x150.jpg\" alt title=\"Sezon impresionant pentru echipa Heart of Robots\"><span class=\"td-video-play-ico\"><img loading=\"lazy\" decoding=\"async\" width=\"40\" height=\"40\" class=\"td-retina\" src=\"https:\/\/www.tvbuzau.ro\/wp-content\/themes\/Newspaper\/images\/icons\/ico-video-large.png\" alt=\"video\"><\/span><\/a><\/div>\n<p><a href=\"https:\/\/www.tvbuzau.ro\/category\/actualitate\/\" class=\"td-post-category\">Actualitate<\/a><\/div>\n<div class=\"item-details\">\n<h3 class=\"entry-title td-module-title\"><a href=\"https:\/\/www.tvbuzau.ro\/sezon-impresionant-pentru-echipa-heart-of-robots\/\" rel=\"bookmark\" title=\"Sezon impresionant pentru echipa Heart of Robots\">Sezon impresionant pentru echipa Heart of Robots<\/a><\/h3>\n<\/div>\n<\/div>\n<\/div>\n<\/div>\n<\/div>\n<\/div>\n<div class=\"comments\" id=\"comments\">\n<div id=\"respond\" class=\"comment-respond\">\n<h3 id=\"reply-title\" class=\"comment-reply-title\">L\u0102SA\u021aI UN MESAJ <small><a rel=\"nofollow\" id=\"cancel-comment-reply-link\" href=\"https:\/\/www.tvbuzau.ro\/12-persoane-angajate-fara-forme-legale\/#respond\">Renun\u021ba\u021bi la r\u0103spuns<\/a><\/small><\/h3>\n<\/div>\n<\/div>\n<\/div>\n<div class=\"td-post-content\">\n<div class=\"td-featured-image-rec\">\n<div class=\"wpb_video_wrapper\">\n                    <iframe loading=\"lazy\" id=\"td_youtube_player\" width=\"600\" height=\"560\" src=\"https:\/\/www.youtube.com\/embed\/fzbVHoNH4ng?enablejsapi=1&amp;feature=oembed&amp;wmode=opaque&amp;vq=hd720\" frameborder allowfullscreen><\/iframe><\/p><\/div>\n<\/div>\n<p>Amenzi de 460.000 lei aplicate de ITM Buz\u0103u<br \/>\nInspectoratul Teritorial de Munc\u0103 Buz\u0103u a  efectuat ac\u0163iuni de control \u00een  luna iulie 2026  av\u00e2nd ca obiectiv verificarea modului \u00een care angajatorii respect\u0103 prevederile legisla\u0163iei \u00een vigoare \u00een domeniul rela\u0163iilor de munc\u0103.<\/p>\n<p>\u201cAu fost sanc\u0163iona\u0163i 14 angajatori \u015fi s-au aplicat 19 sanc\u0163iuni contraven\u0163ionale (15 amenzi contraven\u0163ionale \u00een cuantum de 500.500 lei \u015fi  4 avertismente); s-au dispus 345 m\u0103suri cu termene concrete de realizare pentru remedierea neconformit\u0103\u0163ilor constatate de inspectorii de munc\u0103\u201d, a anun\u0163at ITM Buz\u0103u.<br \/>\n\u00cen luna iulie 2026, la Inspectoratul Teritorial de Munc\u0103 Buz\u0103u au fost \u00eenregistrate 55 de peti\u021bii \u00een domeniul rela\u021biilor de munc\u0103. Au fost reclamate aspecte referitoare la neacordarea drepturilor b\u0103ne\u0219ti, nereguli privind timpul de munc\u0103 \u0219i timpul de odihn\u0103, cazuri de munc\u0103 nedeclarat\u0103 sau alte aspecte din domeniul rela\u021biilor de munc\u0103.<br \/>\nDe asemenea, au fost \u00eenregistrate 16 solicit\u0103ri scrise de informa\u021bii  din partea unor persoane fizice sau juridice \u00een ceea ce prive\u0219te aplicabilitatea legisla\u021biei muncii \u00een domeniul rela\u021biilor de munc\u0103 \u00een contextul dinamicii modific\u0103rilor accelerate a acesteia precum \u0219i alte date comunicate \u00een baza protocoalelor.<br \/>\n Pentru identificarea \u0219i combaterea muncii nedeclate \u0219i subdeclarate, Inspectoratul Teritorial de Munca Buz\u0103u a intensificat  ac\u021biunile de control \u00een jude\u021bul Buz\u0103u menite s\u0103 conduc\u0103 la diminuarea consecin\u0163elor juridice, sociale \u015fi economice ce decurg din fenomenul muncii nedeclarate \u015fi subdeclarate, un fenomen care afecteaz\u0103 grav drepturile angaja\u021bilor \u0219i concuren\u021ba loial\u0103 pe pia\u021ba muncii.<\/p>\n<p>\u201cAstfel, \u00een luna iulie 2026 au fost identificati  4 angajatori care au primit la munc\u0103 12 persoane f\u0103r\u0103 a le \u00eencheia contracte individuale de munc\u0103 \u00een form\u0103 scris\u0103 anterior \u00eenceperii activit\u0103\u021bii acestora si f\u0103r\u0103 transmiterea elementelor contractelor \u00een Reges-Online \u00een termenul legal.  Faptele angajatorilor, definite\u2026drept munc\u0103 nedeclarat\u0103, au fost sanc\u021bionate de inspectorii de munc\u0103 prin aplicarea de amenzi \u00een cuantum de 460.000 lei si s-au dispus m\u0103suri obligatorii de respectare a prevederilor legale \u00een vigoare\u201d, arat\u0103 ITM.<br \/>\nBogdan Chitacu, inspectorul \u015fef al ITM Buz\u0103u a transmis c\u0103  pe \u00eentreg parcursul anului 2026, combaterea muncii nedeclarate ram\u00e2ne o prioritate, astfel c\u0103, se vor intensifica ac\u021biunile de verificare \u00een toate domeniile de activitate \u0219i se vor intreprinde toate demersurile \u00een vederea aplic\u0103rii unitare de c\u0103tre angajatori a prevederilor legale \u00een domeniul rela\u021biilor de munc\u0103.<\/p>\n<div class=\"post-views post-120057 entry-meta\"><span class=\"post-views-label\">Post Views: <\/span><span class=\"post-views-count\">121<\/span><\/div>\n<\/div>\n<p>[analyse_source url=&#8221;https:\/\/www.tvbuzau.ro\/12-persoane-angajate-fara-forme-legale\/&#8221;]<\/p>\n","protected":false},"excerpt":{"rendered":"<p>[analyse_image type=&#8221;featured&#8221; src=&#8221;https:\/\/www.tvbuzau.ro\/wp-content\/uploads\/2026\/08\/hqdefault-21.jpghttps:\/\/www.tvbuzau.ro\/wp-content\/uploads\/2026\/08\/hqdefault-21.jpg&#8221;] Actualitate 12 persoane angajate f\u0103r\u0103 forme legale De c\u0103tre TV Buz\u0103u &#8211; august 17, 2026 0 17 Distribui\u021bi pe Facebook Distribui\u021bi pe Twitter tweet Amenzi de 460.000 lei aplicate de ITM Buz\u0103u Inspectoratul Teritorial de Munc\u0103 Buz\u0103u a efectuat ac\u0163iuni de control \u00een luna iulie 2026 av\u00e2nd ca obiectiv verificarea modului \u00een [&hellip;]<\/p>\n","protected":false},"author":1,"featured_media":0,"comment_status":"open","ping_status":"","sticky":false,"template":"","format":"standard","meta":{"footnotes":""},"categories":[2],"tags":[226,116],"class_list":["post-2098617","post","type-post","status-publish","format-standard","hentry","category-politics","tag-crawlmanager","tag-tvbuzau-ro"],"_links":{"self":[{"href":"https:\/\/analyse.optim.biz\/index.php?rest_route=\/wp\/v2\/posts\/2098617","targetHints":{"allow":["GET"]}}],"collection":[{"href":"https:\/\/analyse.optim.biz\/index.php?rest_route=\/wp\/v2\/posts"}],"about":[{"href":"https:\/\/analyse.optim.biz\/index.php?rest_route=\/wp\/v2\/types\/post"}],"author":[{"embeddable":true,"href":"https:\/\/analyse.optim.biz\/index.php?rest_route=\/wp\/v2\/users\/1"}],"replies":[{"embeddable":true,"href":"https:\/\/analyse.optim.biz\/index.php?rest_route=%2Fwp%2Fv2%2Fcomments&post=2098617"}],"version-history":[{"count":0,"href":"https:\/\/analyse.optim.biz\/index.php?rest_route=\/wp\/v2\/posts\/2098617\/revisions"}],"wp:attachment":[{"href":"https:\/\/analyse.optim.biz\/index.php?rest_route=%2Fwp%2Fv2%2Fmedia&parent=2098617"}],"wp:term":[{"taxonomy":"category","embeddable":true,"href":"https:\/\/analyse.optim.biz\/index.php?rest_route=%2Fwp%2Fv2%2Fcategories&post=2098617"},{"taxonomy":"post_tag","embeddable":true,"href":"https:\/\/analyse.optim.biz\/index.php?rest_route=%2Fwp%2Fv2%2Ftags&post=2098617"}],"curies":[{"name":"wp","href":"https:\/\/api.w.org\/{rel}","templated":true}]}}