{"id":209861,"date":"2014-03-10T14:14:38","date_gmt":"2014-03-10T11:14:38","guid":{"rendered":"https:\/\/analyse.optim.biz\/?p=209861"},"modified":"2014-03-10T14:14:38","modified_gmt":"2014-03-10T11:14:38","slug":"victor-ponta-am-promis-ca-un-reprezentat-al-aliantei-de-centru-dreapta-pnl-pc-va-fi-presedintele-senatului-ne-tinem-de-cuvant","status":"publish","type":"post","link":"https:\/\/analyse.optim.biz\/?p=209861","title":{"rendered":"Victor Ponta: \u201eAm promis c\u0103 un reprezentat al alian\u021bei de centru-dreapta PNL-PC va fi pre\u0219edintele Senatului. Ne \u021binem de cuv\u00e2nt\u201d"},"content":{"rendered":"<div class=\"entry data-app-meta data-app-meta-article\" data-embed-base-url-canonical=\"https:\/\/www.digi24.ro\/embed\/stiri\/actualitate\/politica\/victor-ponta-am-promis-ca-un-reprezentat-al-aliantei-de-centru-dreapta-pnl-pc-va-fi-presedintele-senatului-ne-tinem-de-cuvant-212153\">\n<p data-index=\"1\"><strong>\u201eProiectele USL sunt cele cu care ne-am prezentat \u00een 2012 \u00een fa\u021ba electoratului. Domnul T\u0103riceanu are \u0219i experien\u021ba \u0219i \u00eenc\u0103rc\u0103tura politic\u0103 necesare pentru a lucra al\u0103turi de aceia care au candidat atunci \u0219i \u0219i-au angajat r\u0103spunderea \u00een fa\u021ba electoratului.<\/strong> C\u00e2nd am format Uniunea Social Liberal\u0103, am promis c\u0103 PSD are pre\u0219edintele Camerei Deputa\u021bilor \u0219i un reprezentat al ceea ce era atunci alian\u021ba de centru-dreapta PNL-PC, func\u021bia de pre\u0219edinte al Senatului. \u0218i ne \u021binem de cuv\u00e2nt\u201d, a spus premierul.<\/p>\n<p data-index=\"2\">\u00centrebat de ce nu \u00eei propune fostului liberal s\u0103 se \u00eenscrie \u00een PSD, <strong>Victor Ponta<\/strong> a r\u0103spuns: <strong>\u201ePentru c\u0103 atunci nu ar mai putea s\u0103 candideze\u201d.<\/strong><\/p>\n<p data-index=\"3\">Primul ministru a mai spus c\u0103, pe 25 mai, odat\u0103 cu alegerile europarlamentare, \u00een Rom\u00e2nia vor fi organizate alegeri locale \u0219i alegeri parlamentare par\u021biale pentru func\u021biile vacante.<\/p>\n<\/div>\n<p> Source URL: https:\/\/www.digi24.ro\/stiri\/actualitate\/politica\/victor-ponta-am-promis-ca-un-reprezentat-al-aliantei-de-centru-dreapta-pnl-pc-va-fi-presedintele-senatului-ne-tinem-de-cuvant-212153<\/p>\n","protected":false},"excerpt":{"rendered":"<p>\u201eProiectele USL sunt cele cu care ne-am prezentat \u00een 2012 \u00een fa\u021ba electoratului. Domnul T\u0103riceanu are \u0219i experien\u021ba \u0219i \u00eenc\u0103rc\u0103tura politic\u0103 necesare pentru a lucra al\u0103turi de aceia care au candidat atunci \u0219i \u0219i-au angajat r\u0103spunderea \u00een fa\u021ba electoratului. C\u00e2nd am format Uniunea Social Liberal\u0103, am promis c\u0103 PSD are pre\u0219edintele Camerei Deputa\u021bilor \u0219i un [&hellip;]<\/p>\n","protected":false},"author":1,"featured_media":209862,"comment_status":"open","ping_status":"","sticky":false,"template":"","format":"standard","meta":{"footnotes":""},"categories":[2],"tags":[11],"class_list":["post-209861","post","type-post","status-publish","format-standard","has-post-thumbnail","hentry","category-politics","tag-digi24"],"_links":{"self":[{"href":"https:\/\/analyse.optim.biz\/index.php?rest_route=\/wp\/v2\/posts\/209861","targetHints":{"allow":["GET"]}}],"collection":[{"href":"https:\/\/analyse.optim.biz\/index.php?rest_route=\/wp\/v2\/posts"}],"about":[{"href":"https:\/\/analyse.optim.biz\/index.php?rest_route=\/wp\/v2\/types\/post"}],"author":[{"embeddable":true,"href":"https:\/\/analyse.optim.biz\/index.php?rest_route=\/wp\/v2\/users\/1"}],"replies":[{"embeddable":true,"href":"https:\/\/analyse.optim.biz\/index.php?rest_route=%2Fwp%2Fv2%2Fcomments&post=209861"}],"version-history":[{"count":0,"href":"https:\/\/analyse.optim.biz\/index.php?rest_route=\/wp\/v2\/posts\/209861\/revisions"}],"wp:featuredmedia":[{"embeddable":true,"href":"https:\/\/analyse.optim.biz\/index.php?rest_route=\/wp\/v2\/media\/209862"}],"wp:attachment":[{"href":"https:\/\/analyse.optim.biz\/index.php?rest_route=%2Fwp%2Fv2%2Fmedia&parent=209861"}],"wp:term":[{"taxonomy":"category","embeddable":true,"href":"https:\/\/analyse.optim.biz\/index.php?rest_route=%2Fwp%2Fv2%2Fcategories&post=209861"},{"taxonomy":"post_tag","embeddable":true,"href":"https:\/\/analyse.optim.biz\/index.php?rest_route=%2Fwp%2Fv2%2Ftags&post=209861"}],"curies":[{"name":"wp","href":"https:\/\/api.w.org\/{rel}","templated":true}]}}