{"id":209858,"date":"2014-03-10T14:36:50","date_gmt":"2014-03-10T11:36:50","guid":{"rendered":"https:\/\/analyse.optim.biz\/?p=209858"},"modified":"2014-03-10T14:36:50","modified_gmt":"2014-03-10T11:36:50","slug":"alegerile-pentru-posturile-vacante-de-parlamentari-sau-primari-vor-avea-loc-in-25-mai-la-europarlamentare","status":"publish","type":"post","link":"https:\/\/analyse.optim.biz\/?p=209858","title":{"rendered":"Alegerile pentru posturile vacante de parlamentari sau primari vor avea loc \u00een 25 mai, la europarlamentare"},"content":{"rendered":"<div class=\"entry data-app-meta data-app-meta-article\" data-embed-base-url-canonical=\"https:\/\/www.digi24.ro\/embed\/stiri\/actualitate\/politica\/alegerile-pentru-posturile-vacante-de-parlamentari-sau-primari-vor-avea-loc-in-25-mai-la-europarlamentare-212182\">\n<p data-index=\"1\"><img decoding=\"async\" src=\"https:\/\/analyse.optim.biz\/wp-content\/uploads\/2024\/09\/ztvinjhmytg3zjyznjyzzdfkmta4ztk5zmu-thumb_.jpg\" data-skip-htmlfix=\"1\" title=\"ztvinjhmytg3zjyznjyzzdfkmta4ztk5zmu-thumb_\"><\/p>\n<p data-index=\"2\"><strong>Foto: Mediafax<\/strong><\/p>\n<p data-index=\"3\">Premierul a anun\u0163at c\u0103 Guvernul va declan\u015fa procedurile pentru ca \u00een 25 mai, c\u00e2nd sunt programate alegerile europarlamentare, s\u0103 se desf\u0103\u015foare \u015fi alegerile par\u0163iale pentru posturile vacante de parlamentari, de primari sau al\u0163i ale\u015fi locali, potrivit Mediafax.<\/p>\n<\/div>\n<p> Source URL: https:\/\/www.digi24.ro\/stiri\/actualitate\/politica\/alegerile-pentru-posturile-vacante-de-parlamentari-sau-primari-vor-avea-loc-in-25-mai-la-europarlamentare-212182<\/p>\n","protected":false},"excerpt":{"rendered":"<p>Foto: Mediafax Premierul a anun\u0163at c\u0103 Guvernul va declan\u015fa procedurile pentru ca \u00een 25 mai, c\u00e2nd sunt programate alegerile europarlamentare, s\u0103 se desf\u0103\u015foare \u015fi alegerile par\u0163iale pentru posturile vacante de parlamentari, de primari sau al\u0163i ale\u015fi locali, potrivit Mediafax. Source URL: https:\/\/www.digi24.ro\/stiri\/actualitate\/politica\/alegerile-pentru-posturile-vacante-de-parlamentari-sau-primari-vor-avea-loc-in-25-mai-la-europarlamentare-212182<\/p>\n","protected":false},"author":1,"featured_media":209859,"comment_status":"open","ping_status":"","sticky":false,"template":"","format":"standard","meta":{"footnotes":""},"categories":[2],"tags":[11],"class_list":["post-209858","post","type-post","status-publish","format-standard","has-post-thumbnail","hentry","category-politics","tag-digi24"],"_links":{"self":[{"href":"https:\/\/analyse.optim.biz\/index.php?rest_route=\/wp\/v2\/posts\/209858","targetHints":{"allow":["GET"]}}],"collection":[{"href":"https:\/\/analyse.optim.biz\/index.php?rest_route=\/wp\/v2\/posts"}],"about":[{"href":"https:\/\/analyse.optim.biz\/index.php?rest_route=\/wp\/v2\/types\/post"}],"author":[{"embeddable":true,"href":"https:\/\/analyse.optim.biz\/index.php?rest_route=\/wp\/v2\/users\/1"}],"replies":[{"embeddable":true,"href":"https:\/\/analyse.optim.biz\/index.php?rest_route=%2Fwp%2Fv2%2Fcomments&post=209858"}],"version-history":[{"count":0,"href":"https:\/\/analyse.optim.biz\/index.php?rest_route=\/wp\/v2\/posts\/209858\/revisions"}],"wp:featuredmedia":[{"embeddable":true,"href":"https:\/\/analyse.optim.biz\/index.php?rest_route=\/wp\/v2\/media\/209859"}],"wp:attachment":[{"href":"https:\/\/analyse.optim.biz\/index.php?rest_route=%2Fwp%2Fv2%2Fmedia&parent=209858"}],"wp:term":[{"taxonomy":"category","embeddable":true,"href":"https:\/\/analyse.optim.biz\/index.php?rest_route=%2Fwp%2Fv2%2Fcategories&post=209858"},{"taxonomy":"post_tag","embeddable":true,"href":"https:\/\/analyse.optim.biz\/index.php?rest_route=%2Fwp%2Fv2%2Ftags&post=209858"}],"curies":[{"name":"wp","href":"https:\/\/api.w.org\/{rel}","templated":true}]}}