{"id":2098523,"date":"2026-08-18T02:15:06","date_gmt":"2026-08-17T23:15:06","guid":{"rendered":"https:\/\/analyse.optim.biz\/?p=2098523"},"modified":"2026-08-18T02:15:06","modified_gmt":"2026-08-17T23:15:06","slug":"cei-doi-frati-din-dodesti-care-au-murit-inecati-in-mare-la-olimp-au-ajuns-acasa-lucrau-pe-litoral-unul-ca-sa-mi-cumpere-masina-celalalt-ca-sa-si-ia-permisul","status":"publish","type":"post","link":"https:\/\/analyse.optim.biz\/?p=2098523","title":{"rendered":"Cei\u00a0doi fra\u021bi din Dode\u0219ti\u00a0care au murit \u00eeneca\u021bi \u00een mare la Olimp\u00a0au ajuns acas\u0103. Lucrau pe litoral unul ca s\u0103-mi cumpere ma\u0219in\u0103, cel\u0103lalt ca s\u0103-\u0219i ia permisul"},"content":{"rendered":"<p>[analyse_image type=&#8221;featured&#8221; src=&#8221;https:\/\/www.monitoruldevaslui.ro\/wp-content\/uploads\/2026\/08\/Frati-inecati-Olimp-Dodesti-Vlad-Ionut.png&#8221;]<\/p>\n<div class=\"tdb-block-inner td-fix-index\"><a class=\"tdb-logo-a\" href=\"https:\/\/www.monitoruldevaslui.ro\/\"><span class=\"tdb-logo-img-wrap\"><img decoding=\"async\" class=\"tdb-logo-img td-retina-data\" data-retina=\"https:\/\/www.monitoruldevaslui.ro\/wp-content\/uploads\/2025\/07\/Monitorul-logo-motto-2.png\" src=\"https:\/\/www.monitoruldevaslui.ro\/wp-content\/uploads\/2025\/07\/Monitorul-logo-motto-2.png\" alt=\"Logo\" title><\/span><span class=\"tdb-logo-text-wrap\"><span class=\"tdb-logo-text-title\">News<\/span><span class=\"tdb-logo-text-tagline\">Hub<\/span><\/span><\/a><\/div>\n<div class=\"tdb-block-inner td-fix-index\"><a class=\"tdb-logo-a\" href=\"https:\/\/www.monitoruldevaslui.ro\/\"><span class=\"tdb-logo-img-wrap\"><img decoding=\"async\" class=\"tdb-logo-img td-retina-data\" data-retina=\"https:\/\/www.monitoruldevaslui.ro\/wp-content\/uploads\/2025\/07\/Monitorul-logo-motto-2.png\" src=\"https:\/\/www.monitoruldevaslui.ro\/wp-content\/uploads\/2025\/07\/Monitorul-logo-motto-2.png\" alt=\"Logo\" title><\/span><\/a><\/div>\n<div class=\"tdb-block-inner td-fix-index\">\n<div class=\"tdb-weather-deg-wrap\" data-block-uid=\"tdb_header_weather_uid\"><span class=\"tdb-weather-deg\">19.4<\/span><span class=\"tdb-weather-unit\">C<\/span><\/div>\n<div class=\"tdb-weather-city\">Vaslui<\/div>\n<\/div>\n<div class=\"td-post-content tagdiv-type\">\n<p class=\"wp-block-paragraph\"><strong>Doi fra\u021bi din Dode\u0219ti, unul de 17 ani, cel\u0103lalt de 19 ani, au murit \u00eeneca\u021bi \u00een mare la Olimp, dup\u0103 ce au ignorat steagul ro\u0219u arborat de salvamari, duminic\u0103 seara.\u00a0Vlad \u0219i Ionu\u021b au ajuns pe litoral \u00een urm\u0103 cu o lun\u0103 \u0219i lucrau osp\u0103tari la un hotel din Olimp. Acum, la Dode\u0219ti, familia, rudele, prietenii \u0219i \u00eentreaga comunitate se preg\u0103tesc s\u0103 \u00eei conduc\u0103 pe ultimul drum.<\/strong><\/p>\n<div class=\"wp-block-image\">\n<figure class=\"aligncenter size-large is-resized\"><img loading=\"lazy\" decoding=\"async\" width=\"1024\" height=\"595\" src=\"https:\/\/www.monitoruldevaslui.ro\/wp-content\/uploads\/2026\/08\/Frati-inecati-Olimp-Dodesti-Vlad-Ionut-1024x595.png\" alt class=\"wp-image-99983\"><\/figure>\n<\/div>\n<p class=\"wp-block-paragraph\">Trupurile ne\u00eensufle\u021bite ale celor doi fra\u021bi care \u0219i-au pierdut via\u021ba \u00een apele M\u0103rii Negre au fost aduse acas\u0103, \u00een seara zilei de luni, 17 august\u00a02026. Vlad Sava, de 17 ani, \u0219i fratele s\u0103u mai mare, Ionu\u021b Valentin Sava, de 19 ani, au murit duminic\u0103, 16 august, dup\u0103 ce au fost surprin\u0219i de curen\u021bii puternici \u00een zona sta\u021biunii Olimp.Cei doi tineri erau din comuna Dode\u0219ti \u0219i\u00a0ajunseser\u0103 pe litoral pentru a lucra ca sezonieri, la complexul \u201eSteaua de Mare\u201d. Duminic\u0103 au avut\u00a0o zi liber\u0103 \u0219i au mers la plaj\u0103. C\u00e2nd\u00a0au intrat \u00een mare, steagul ro\u0219u era arborat, semnal\u00e2nd faptul c\u0103 sc\u0103ldatul era interzis din cauza valurilor \u0219i a curen\u021bilor periculo\u0219i.<\/p>\n<p class=\"wp-block-paragraph\">\u201eAm auzit \u021bipete de ajutor, am luat tubul de salvare, am fugit. Erau trei persoane \u00een stare de \u00eenec. Dintre ele am salvat-o pe una, iar celelalte dou\u0103, care s-au \u00eenecat, una am prins-o de m\u00e2n\u0103, iar valurile \u0219i curen\u021bii foarte mari mi-au smuls-o\u201d, a povestit \u0218erban Adrian, salvamar, pentru \u0218tirile Pro TV.<\/p>\n<p class=\"wp-block-paragraph\">Din c\u00e2te au relata martorii,\u00a0fratele mai mic a vrut s\u0103-l salveze pe cel\u0103lalt, care nu \u0219tia s\u0103 \u00eenoate, dar am\u00e2ndoi au fost tra\u0219i \u00een larg de curen\u021bi. De\u0219i salvamarii au \u00eencercat s\u0103 \u00eei salveze pe am\u00e2ndoi, nu au reu\u0219it. Valurile erau prea puternice. Dup\u0103 aproximativ 30 de minute de c\u0103ut\u0103ri, Vlad a fost adus la mal de valuri. Fratele s\u0103u mai mare, Ionu\u021b, a fost g\u0103sit de scafandrii de la Inspectoratul pentru Situa\u021bii de Urgen\u021b\u0103\u00a0la c\u00e2teva zeci de metri de \u021b\u0103rm. A fost tras sub ap\u0103 de curen\u021bii de retur.<\/p>\n<p class=\"wp-block-paragraph\">Vlad muncea pe litoral pentru c\u0103 voia s\u0103 \u00ee\u0219i cumpere o ma\u0219in\u0103. Fratele lui \u00ee\u0219i dorea s\u0103 fac\u0103 \u0219coala de \u0219oferi.<\/p>\n<p class=\"wp-block-paragraph\">\u201eA intrat prima dat\u0103 cel mare, apoi cel mic. \u0218tia s\u0103 \u00eenoate \u0219i a intrat dup\u0103 el. \u0218i i-a luat pe am\u00e2ndoi. Mi-au rupt sufletul. Eu aveam nunta luna viitoare. I-am zis: \u201eVl\u0103du\u021b, vino cu o domni\u0219oar\u0103, s\u0103 o pun domni\u0219oar\u0103 de onoare\u201d.\u201d, a spus Camelia Chiricu\u021b\u0103, sora celor doi tineri.<\/p>\n<p class=\"wp-block-paragraph\">Multe tragedii care se petrec \u00een fiecare var\u0103 pe litoral survin din\u00a0cauza faptului c\u0103 turi\u0219tii ignor\u0103 steagurile arborate de salvamari. Unii turi\u0219ti sunt \u00eencrez\u0103tori c\u0103 \u0219tiu s\u0103 \u00eenoate \u0219i nu li poate \u00eent\u00e2mpla nimic, reu\u0219ind s\u0103 \u00eenfrunte\u00a0valurile\u00a0uria\u0219e. Pericolul cel mare nu sunt, \u00eens\u0103, valurile. Speciali\u0219tii au atras aten\u021bia c\u0103 aproape dou\u0103 treimi din plajele de pe litoralul rom\u00e2nesc sunt afectate de a\u0219a numi\u021bii \u201ecuren\u021bi rip\u201d, c\u0103rora chiar\u00a0\u00eenot\u0103torii experimenta\u021bi nu le pot face fa\u021b\u0103.<\/p>\n<p class=\"wp-block-paragraph\">\u201eCuren\u021bii rip riprezint\u0103 curen\u021bi de ap\u0103 orienta\u021bi c\u0103tre larg, din zona de plaj\u0103 spre larg, sunt perpendiculari pe plaj\u0103 \u0219i se caracterizeaz\u0103 printr-o scurgere orizontal\u0103 a apei. A \u00eenota \u00eempotiva acestui curent e ca \u0219i cum ai \u00eenota \u00eentr-un r\u00e2u de munte, \u00een amonte. Nu ai nicio \u0219ans\u0103 s\u0103 \u00eenaintezi. Dac\u0103 sunte\u021bi surprin\u0219i de curen\u021bii rip \u0219i sim\u021bi\u021bi c\u0103 sunte\u021bi tra\u0219i c\u0103tre larg, trebuie s\u0103 r\u0103m\u00e2ne\u021bi calmi, s\u0103 nu v\u0103 agita\u021bi \u0219i s\u0103 \u00eencerca\u021bi s\u0103 pluti\u021bi. Ace\u0219ti curen\u021bi nu ne trag la fund, ci plutim c\u0103tre larg, cu viteze destul de mari. \u00cencerca\u021bi s\u0103 agita\u021bi m\u00e2inile \u0219i s\u0103 striga\u021bi dup\u0103 ajutor. Nu \u00eenota\u021bi \u00eempotriva curentului. Trebuie s\u0103 \u00eenot\u0103m paralel cu plaja, p\u00e2n\u0103 c\u00e2nd sim\u021bim c\u0103 nu mai suntem tra\u0219i c\u0103tre larg \u0219i apoi s\u0103 \u00eenotam spre plaj\u0103\u201d\u00a0a explicat la un moment dat Florin T\u0103tui, profesor la Facultatea de Geografie a Universit\u0103\u021bii din Bucure\u0219ti, \u00een cadrul unui interviu pentru Digi24.<\/p>\n<p class=\"wp-block-paragraph\">Acum, la Dode\u0219ti, familia, rudele, prietenii \u0219i \u00eentreaga comunitate se preg\u0103tesc s\u0103 \u00eei conduc\u0103 pe ultimul drum pe cei doi fra\u021bi. Vacan\u021ba lor de var\u0103 \u0219i ziua liber\u0103\u00a0petrecut\u0103 pe litoral transform\u00e2ndu-se\u00a0\u00eentr-o tragedie.\u00a0Vlad \u0219i Ionu\u021b Valentin Sava vor fi \u00eenmorm\u00e2nta\u021bi acas\u0103, \u00een comuna Dode\u0219ti.<\/p>\n<\/div>\n<p>[analyse_source url=&#8221;https:\/\/www.monitoruldevaslui.ro\/2026\/08\/cei-doi-frati-din-dodesti-care-au-murit-inecati-in-mare-la-olimp-au-ajuns-acasa-lucrau-pe-litoral-unul-ca-sa-mi-cumpere-masina-celalalt-ca-sa-si-ia-permisul\/#new_tab&#8221;]<\/p>\n","protected":false},"excerpt":{"rendered":"<p>[analyse_image type=&#8221;featured&#8221; src=&#8221;https:\/\/www.monitoruldevaslui.ro\/wp-content\/uploads\/2026\/08\/Frati-inecati-Olimp-Dodesti-Vlad-Ionut.png&#8221;] NewsHub 19.4C Vaslui Doi fra\u021bi din Dode\u0219ti, unul de 17 ani, cel\u0103lalt de 19 ani, au murit \u00eeneca\u021bi \u00een mare la Olimp, dup\u0103 ce au ignorat steagul ro\u0219u arborat de salvamari, duminic\u0103 seara.\u00a0Vlad \u0219i Ionu\u021b au ajuns pe litoral \u00een urm\u0103 cu o lun\u0103 \u0219i lucrau osp\u0103tari la un hotel din Olimp. [&hellip;]<\/p>\n","protected":false},"author":1,"featured_media":0,"comment_status":"open","ping_status":"","sticky":false,"template":"","format":"standard","meta":{"footnotes":""},"categories":[89],"tags":[226,217],"class_list":["post-2098523","post","type-post","status-publish","format-standard","hentry","category-romania","tag-crawlmanager","tag-vaslui-robo-stiri-ro"],"_links":{"self":[{"href":"https:\/\/analyse.optim.biz\/index.php?rest_route=\/wp\/v2\/posts\/2098523","targetHints":{"allow":["GET"]}}],"collection":[{"href":"https:\/\/analyse.optim.biz\/index.php?rest_route=\/wp\/v2\/posts"}],"about":[{"href":"https:\/\/analyse.optim.biz\/index.php?rest_route=\/wp\/v2\/types\/post"}],"author":[{"embeddable":true,"href":"https:\/\/analyse.optim.biz\/index.php?rest_route=\/wp\/v2\/users\/1"}],"replies":[{"embeddable":true,"href":"https:\/\/analyse.optim.biz\/index.php?rest_route=%2Fwp%2Fv2%2Fcomments&post=2098523"}],"version-history":[{"count":0,"href":"https:\/\/analyse.optim.biz\/index.php?rest_route=\/wp\/v2\/posts\/2098523\/revisions"}],"wp:attachment":[{"href":"https:\/\/analyse.optim.biz\/index.php?rest_route=%2Fwp%2Fv2%2Fmedia&parent=2098523"}],"wp:term":[{"taxonomy":"category","embeddable":true,"href":"https:\/\/analyse.optim.biz\/index.php?rest_route=%2Fwp%2Fv2%2Fcategories&post=2098523"},{"taxonomy":"post_tag","embeddable":true,"href":"https:\/\/analyse.optim.biz\/index.php?rest_route=%2Fwp%2Fv2%2Ftags&post=2098523"}],"curies":[{"name":"wp","href":"https:\/\/api.w.org\/{rel}","templated":true}]}}