{"id":2098522,"date":"2026-08-18T02:15:06","date_gmt":"2026-08-17T23:15:06","guid":{"rendered":"https:\/\/analyse.optim.biz\/?p=2098522"},"modified":"2026-08-18T02:15:06","modified_gmt":"2026-08-17T23:15:06","slug":"vasluienii-care-au-construit-fara-autorizatie-vor-putea-intra-in-legalitate","status":"publish","type":"post","link":"https:\/\/analyse.optim.biz\/?p=2098522","title":{"rendered":"Vasluienii care au construit f\u0103r\u0103 autoriza\u021bie vor putea intra \u00een legalitate"},"content":{"rendered":"<p>[analyse_image type=&#8221;featured&#8221; src=&#8221;&#8221;]<\/p>\n<div class=\"tdb-block-inner td-fix-index\"><a class=\"tdb-logo-a\" href=\"https:\/\/www.monitoruldevaslui.ro\/\"><span class=\"tdb-logo-img-wrap\"><img decoding=\"async\" class=\"tdb-logo-img td-retina-data\" data-retina=\"https:\/\/www.monitoruldevaslui.ro\/wp-content\/uploads\/2025\/07\/Monitorul-logo-motto-2.png\" src=\"https:\/\/www.monitoruldevaslui.ro\/wp-content\/uploads\/2025\/07\/Monitorul-logo-motto-2.png\" alt=\"Logo\" title><\/span><span class=\"tdb-logo-text-wrap\"><span class=\"tdb-logo-text-title\">News<\/span><span class=\"tdb-logo-text-tagline\">Hub<\/span><\/span><\/a><\/div>\n<div class=\"tdb-block-inner td-fix-index\"><a class=\"tdb-logo-a\" href=\"https:\/\/www.monitoruldevaslui.ro\/\"><span class=\"tdb-logo-img-wrap\"><img decoding=\"async\" class=\"tdb-logo-img td-retina-data\" data-retina=\"https:\/\/www.monitoruldevaslui.ro\/wp-content\/uploads\/2025\/07\/Monitorul-logo-motto-2.png\" src=\"https:\/\/www.monitoruldevaslui.ro\/wp-content\/uploads\/2025\/07\/Monitorul-logo-motto-2.png\" alt=\"Logo\" title><\/span><\/a><\/div>\n<div class=\"tdb-block-inner td-fix-index\">\n<div class=\"tdb-weather-deg-wrap\" data-block-uid=\"tdb_header_weather_uid\"><span class=\"tdb-weather-deg\">19.4<\/span><span class=\"tdb-weather-unit\">C<\/span><\/div>\n<div class=\"tdb-weather-city\">Vaslui<\/div>\n<\/div>\n<div class=\"td-post-content tagdiv-type\">\n<p class=\"wp-block-paragraph\"><strong>Autoriza\u021bia de regularizare e o m\u0103sur\u0103 care se va aplica din 25 august, odat\u0103 cu intrarea \u00een vigoare a noului Cod al amenaj\u0103rii teritoriului, urbanismului \u0219i\u2002construc\u021biilor. Scopul este de a reduce num\u0103rul de lucr\u0103ri executate f\u0103r\u0103 autoriza\u021bie de construire sau cu \u00eenc\u0103lcarea dispozi\u021biilor acesteia. Proprietarii cl\u0103dirilor aflate \u00een aceast\u0103 situa\u021bie vor avea posibilitatea s\u0103 se conformeze normelor de avizare.<\/strong><\/p>\n<div class=\"wp-block-image\">\n<figure class=\"aligncenter size-full is-resized\"><img loading=\"lazy\" decoding=\"async\" width=\"480\" height=\"341\" src=\"https:\/\/www.monitoruldevaslui.ro\/wp-content\/uploads\/2018\/07\/constructii.jpg\" alt class=\"wp-image-68512\"><\/figure>\n<\/div>\n<p class=\"wp-block-paragraph\">Codul amenaj\u0103rii teritoriului, urbanismului \u0219i construc\u021biilor, care va intra \u00een vigoare \u00een 25 august, va reuni reglement\u0103rile din aceste domenii. Una dintre m\u0103surile cuprinse \u00een noua lege introduce autoriza\u021bia\u00a0de regularizare, ce va fi folosit\u0103 \u00een cazul construc\u021biilor neautorizate, pentru a permite intrarea \u00een legalitate.<\/p>\n<p class=\"wp-block-paragraph\">\u00cen situa\u021bia \u00een care au fost realizate lucr\u0103ri f\u0103r\u0103 autoriza\u021bie sau cu \u00eenc\u0103lcarea prevederilor acesteia, titularul lucr\u0103rii va avea obliga\u021bia s\u0103 solicite, prim\u0103riei, o autoriza\u021bie de regularizare.<\/p>\n<p class=\"wp-block-paragraph\">Autoriza\u021bia de regularizare se va emite doar pentru locuin\u021be unifamiliale cu regim de \u00een\u0103l\u021bime parter\/ parter \u0219i etaj cu o suprafa\u021b\u0103 de maximum 150 mp, care nu sunt monumente istorice \u0219i sunt situate \u00een afara zonelor de protec\u021bie ale monumentelor istorice sau a zonelor protejate, anexe ale locuin\u021belor, anexe gospod\u0103re\u0219ti, anexe ale exploata\u021biilor agricole cu o suprafa\u021b\u0103 de cel mult 150 mp \u0219i pentru lucr\u0103ri de \u00eenchidere a balcoanelor f\u0103r\u0103 extindere pe domeniul public.\u00a0<\/p>\n<p class=\"wp-block-paragraph\">\u00cen mod excep\u021bional, \u00eencep\u00e2nd cu 25 august \u0219i p\u00e2n\u0103 la 25 august 2027, autoriza\u021bia de regularizare se poate solicita \u0219i pentru alte categorii de\u00a0construc\u021bii, ridicate f\u0103r\u0103 sau cu \u00eenc\u0103lcarea autoriza\u021biei de construire. \u00cen acest caz se impune condi\u021bia ca lucr\u0103rile s\u0103 fie \u00eencadrate \u00een prevederile reglement\u0103rilor de urbanism aprobate la data emiterii autoriza\u021biei de regularizare.<\/p>\n<p class=\"wp-block-paragraph\">Pentru cl\u0103dirile construite cu nerespectarea autoriza\u021biei de construire sau f\u0103r\u0103 respectarea procedurilor\u2002legale, care nu au fost \u00eenc\u0103 regularizate p\u00e2n\u0103 la 25 august, valoarea impozitului pe cl\u0103diri se majoreaz\u0103 cu 100%. Noul impozit majorat se va aplica de la data constat\u0103rii situa\u021biei de construire neautorizat\u0103 de c\u0103tre autoritatea public\u0103 local\u0103 \u0219i p\u00e2n\u0103 la ob\u021binerea autoriza\u021biei de regularizare sau desfiin\u021barea lucr\u0103rilor realizate f\u0103r\u0103 autoriza\u021bie.<\/p>\n<p class=\"wp-block-paragraph\">Plata impozitului nu produce efecte privind regularizarea construc\u021biei din punctul de vedere al obliga\u021biilor impuse de legisla\u021bia privind urbanismul \u0219i calitatea \u00een construc\u021bii \u0219i nu \u00eenl\u0103tur\u0103 aplicarea sanc\u021biunilor privind disciplina \u00een construc\u021bii.<\/p>\n<p class=\"wp-block-paragraph\">Construirea f\u0103r\u0103 autoriza\u021bie de construire, de desfiin\u021bare, de regularizare sau de modificare ori cu \u00eenc\u0103lcarea prevederilor acestora se va sanc\u021biona cu amenzi cuprinse \u00eentre 50.000 \u0219i 1.000.000 de lei, \u00een raport cu gravitatea faptei \u0219i cu impactul asupra vecin\u0103t\u0103\u021bilor.<\/p>\n<p class=\"wp-block-paragraph\"><strong>Principalele prevederi<\/strong><\/p>\n<p class=\"wp-block-paragraph\">Noul cod simplific\u0103 procedurile birocratice, accelereaz\u0103 digitalizarea \u0219i introduce reguli clare pentru proprietari \u0219i investitori:<\/p>\n<p class=\"wp-block-paragraph\">\u2013 Sistemul de \u201eNotificare\u201d \u00een mediul rural:\u00a0Pentru o singur\u0103 cas\u0103 unifamilial\u0103 cu parter sau demisol + parter (maximum 150 mp), construit\u0103 \u00een intravilanul de la \u021bar\u0103 (\u00een afara zonelor protejate), nu mai este necesar\u0103 autoriza\u021bia de construire, ci doar o notificare depus\u0103 la prim\u0103rie, \u00een baza unui proiect avizat de arhitectul-\u0219ef.<\/p>\n<p class=\"wp-block-paragraph\">\u2013 Autorizarea lucr\u0103rilor cu impact redus:\u00a0Anexele gospod\u0103re\u0219ti mici (garaje, magazii), \u00eemprejmuirile simple ori amenaj\u0103rile exterioare pot fi realizate tot prin procedura simplificat\u0103 a notific\u0103rii sau direct, f\u0103r\u0103 autoriza\u021bie.<\/p>\n<p class=\"wp-block-paragraph\">\u2013 Ghi\u0219eul Unic Na\u021bional \u0219i digitalizarea:\u00a0Toate documenta\u021biile de urbanism \u0219i autoriza\u021biile vor fi emise printr-o platform\u0103 digital\u0103 unic\u0103. Planurile urbanistice folosesc obligatoriu formate cu date geospa\u021biale (GIS) integrate \u00een Observatorul Teritorial Na\u021bional.<\/p>\n<p class=\"wp-block-paragraph\">\u2013 Legalizarea construc\u021biilor f\u0103r\u0103 acte:\u00a0Se introduce o procedur\u0103 clar\u0103 pentru autoriza\u021bia de regularizare, permi\u021b\u00e2nd intrarea \u00een legalitate a cl\u0103dirilor construite f\u0103r\u0103 autoriza\u021bie (sau cu nerespectarea acesteia), cu condi\u021bia de a respecta regulamentele de urbanism \u0219i siguran\u021ba \u00een construc\u021bii.<\/p>\n<p class=\"wp-block-paragraph\">\u2013 Termene administrative stricte:\u00a0Procesul de emitere a certificatelor de urbanism \u0219i a autoriza\u021biilor este accelerat pe h\u00e2rtie prin introducerea de termene clare \u0219i sanc\u021biuni pentru func\u021bionarii care le \u00eent\u00e2rzie.<\/p>\n<\/div>\n<p>[analyse_source url=&#8221;https:\/\/www.monitoruldevaslui.ro\/2026\/08\/vasluienii-care-au-construit-fara-autorizatie-vor-putea-intra-in-legalitate\/#new_tab&#8221;]<\/p>\n","protected":false},"excerpt":{"rendered":"<p>[analyse_image type=&#8221;featured&#8221; src=&#8221;&#8221;] NewsHub 19.4C Vaslui Autoriza\u021bia de regularizare e o m\u0103sur\u0103 care se va aplica din 25 august, odat\u0103 cu intrarea \u00een vigoare a noului Cod al amenaj\u0103rii teritoriului, urbanismului \u0219i\u2002construc\u021biilor. Scopul este de a reduce num\u0103rul de lucr\u0103ri executate f\u0103r\u0103 autoriza\u021bie de construire sau cu \u00eenc\u0103lcarea dispozi\u021biilor acesteia. Proprietarii cl\u0103dirilor aflate \u00een aceast\u0103 [&hellip;]<\/p>\n","protected":false},"author":1,"featured_media":0,"comment_status":"open","ping_status":"","sticky":false,"template":"","format":"standard","meta":{"footnotes":""},"categories":[89],"tags":[226,217],"class_list":["post-2098522","post","type-post","status-publish","format-standard","hentry","category-romania","tag-crawlmanager","tag-vaslui-robo-stiri-ro"],"_links":{"self":[{"href":"https:\/\/analyse.optim.biz\/index.php?rest_route=\/wp\/v2\/posts\/2098522","targetHints":{"allow":["GET"]}}],"collection":[{"href":"https:\/\/analyse.optim.biz\/index.php?rest_route=\/wp\/v2\/posts"}],"about":[{"href":"https:\/\/analyse.optim.biz\/index.php?rest_route=\/wp\/v2\/types\/post"}],"author":[{"embeddable":true,"href":"https:\/\/analyse.optim.biz\/index.php?rest_route=\/wp\/v2\/users\/1"}],"replies":[{"embeddable":true,"href":"https:\/\/analyse.optim.biz\/index.php?rest_route=%2Fwp%2Fv2%2Fcomments&post=2098522"}],"version-history":[{"count":0,"href":"https:\/\/analyse.optim.biz\/index.php?rest_route=\/wp\/v2\/posts\/2098522\/revisions"}],"wp:attachment":[{"href":"https:\/\/analyse.optim.biz\/index.php?rest_route=%2Fwp%2Fv2%2Fmedia&parent=2098522"}],"wp:term":[{"taxonomy":"category","embeddable":true,"href":"https:\/\/analyse.optim.biz\/index.php?rest_route=%2Fwp%2Fv2%2Fcategories&post=2098522"},{"taxonomy":"post_tag","embeddable":true,"href":"https:\/\/analyse.optim.biz\/index.php?rest_route=%2Fwp%2Fv2%2Ftags&post=2098522"}],"curies":[{"name":"wp","href":"https:\/\/api.w.org\/{rel}","templated":true}]}}