{"id":2098517,"date":"2026-08-18T02:15:06","date_gmt":"2026-08-17T23:15:06","guid":{"rendered":"https:\/\/analyse.optim.biz\/?p=2098517"},"modified":"2026-08-18T02:15:06","modified_gmt":"2026-08-17T23:15:06","slug":"vasluienii-traiesc-cu-un-an-mai-putin-decat-iesenii-si-cu-un-an-mai-mult-decat-botosanenii","status":"publish","type":"post","link":"https:\/\/analyse.optim.biz\/?p=2098517","title":{"rendered":"Vasluienii tr\u0103iesc cu un an mai pu\u021bin dec\u00e2t ie\u0219enii \u0219i cu un an mai mult dec\u00e2t boto\u0219\u0103nenii"},"content":{"rendered":"<p>[analyse_image type=&#8221;featured&#8221; src=&#8221;&#8221;]<\/p>\n<div class=\"tdb-block-inner td-fix-index\"><a class=\"tdb-logo-a\" href=\"https:\/\/www.monitoruldevaslui.ro\/\"><span class=\"tdb-logo-img-wrap\"><img decoding=\"async\" class=\"tdb-logo-img td-retina-data\" data-retina=\"https:\/\/www.monitoruldevaslui.ro\/wp-content\/uploads\/2025\/07\/Monitorul-logo-motto-2.png\" src=\"https:\/\/www.monitoruldevaslui.ro\/wp-content\/uploads\/2025\/07\/Monitorul-logo-motto-2.png\" alt=\"Logo\" title><\/span><span class=\"tdb-logo-text-wrap\"><span class=\"tdb-logo-text-title\">News<\/span><span class=\"tdb-logo-text-tagline\">Hub<\/span><\/span><\/a><\/div>\n<div class=\"tdb-block-inner td-fix-index\"><a class=\"tdb-logo-a\" href=\"https:\/\/www.monitoruldevaslui.ro\/\"><span class=\"tdb-logo-img-wrap\"><img decoding=\"async\" class=\"tdb-logo-img td-retina-data\" data-retina=\"https:\/\/www.monitoruldevaslui.ro\/wp-content\/uploads\/2025\/07\/Monitorul-logo-motto-2.png\" src=\"https:\/\/www.monitoruldevaslui.ro\/wp-content\/uploads\/2025\/07\/Monitorul-logo-motto-2.png\" alt=\"Logo\" title><\/span><\/a><\/div>\n<div class=\"tdb-block-inner td-fix-index\">\n<div class=\"tdb-weather-deg-wrap\" data-block-uid=\"tdb_header_weather_uid\"><span class=\"tdb-weather-deg\">19.4<\/span><span class=\"tdb-weather-unit\">C<\/span><\/div>\n<div class=\"tdb-weather-city\">Vaslui<\/div>\n<\/div>\n<div class=\"td-post-content tagdiv-type\">\n<p class=\"wp-block-paragraph\"><strong>Un ie\u0219ean tr\u0103ie\u0219te cu un an \u00een plus fa\u021b\u0103 de un vasluian, 78,03 fa\u021b\u0103 de 77 ani, \u00eens\u0103 se poate \u0219i mai r\u0103u \u00een Regiunea Nord-Est, unde d<\/strong><strong>iferen\u021bele <\/strong><strong>dintre jude\u021be <\/strong><strong>sunt mari<\/strong><strong>: \u00een Boto\u0219ani durata medie a vie\u021bii este de 75,99 ani. \u00cen <\/strong><strong>V\u00e2lcea<\/strong><strong>\u00a0se tr\u0103ie\u0219te cel mai mult,<\/strong><strong>\u00a082 de ani<\/strong><strong>, iar \u00een <\/strong><strong>C\u0103l\u0103ra\u0219i<\/strong><strong>\u00a0cel mai pu\u021bin, <\/strong><strong>75 de ani.<\/strong><\/p>\n<div class=\"wp-block-image\">\n<figure class=\"aligncenter size-full is-resized\"><img loading=\"lazy\" decoding=\"async\" width=\"480\" height=\"304\" src=\"https:\/\/www.monitoruldevaslui.ro\/wp-content\/uploads\/2012\/06\/vasluieni.jpg\" alt class=\"wp-image-28727\"><\/figure>\n<\/div>\n<p class=\"wp-block-paragraph\">Cele mai recente date ale Institutului Na\u021bional de Statistic\u0103\u00a0(INS) dau Ia\u0219ul cu o durat\u0103 medie de via\u021b\u0103 a locuitorilor de 78,03\u00a0ani, \u00een vreme ce, precum \u00een ultimii ani, regiunea Nord-Est, \u00een ansamblu, r\u0103m\u00e2ne sub media na\u021bional\u0103.<\/p>\n<p class=\"wp-block-paragraph\">\u00cen 2025, durata medie a vie\u021bii a ajuns \u00een jude\u021bul Vaslui la 77 de ani, pe c\u00e2nd \u00een\u00a0Boto\u0219ani, jude\u021bul din regiune cu care suntem compara\u021bi cel mai adesea, valoarea a fost de 75,99 ani. A\u0219adar o diferen\u021b\u0103 de un an.<\/p>\n<p class=\"wp-block-paragraph\">Bine\u00een\u021beles, cifrele nu dau durata de via\u021b\u0103 a locuitorilor, ci reprezint\u0103 durata medie a vie\u021bii, numit\u0103 \u0219i speran\u021b\u0103 de via\u021b\u0103 la na\u0219tere, care reprezint\u0103, potrivit defini\u021biei INS, \u201enum\u0103rul mediu de ani pe care \u00eei are de tr\u0103it un nou-n\u0103scut, dac\u0103 ar tr\u0103i tot restul vie\u021bii \u00een condi\u021biile mortalit\u0103\u021bii pe v\u00e2rste din perioada de referin\u021b\u0103\u201d.<\/p>\n<p class=\"wp-block-paragraph\">\u00cen Regiunea Nord-Est, din care face parte \u0219i jude\u021bul Vaslui, dup\u0103 Ia\u0219i urmeaz\u0103 Suceava, cu 77,44 ani, apoi Neam\u021b \u0219i Vaslui,\u00a0cu\u00a077 de ani, \u00een vreme \u00een Bac\u0103u durata medie a vie\u021bii este de 76,09 ani, iar \u00een Boto\u0219ani coboar\u0103 sub 76 de ani.<\/p>\n<p class=\"wp-block-paragraph\">La nivel na\u021bional diferen\u021bele devin \u0219i mai mari, astfel \u00eenc\u00e2t dac\u0103 la extrema pozitiv\u0103 jude\u021bul V\u00e2lcea\u00a0este\u00a0singurul jude\u021b \u00een care durata medie a vie\u021bii a trecut de 82 de ani, la\u00a0cealalt\u0103 extrem\u0103 jude\u021bul C\u0103l\u0103ra\u0219i\u00a0a \u00eenregistrat \u00een 2025 75 de ani.\u00a0Astfel, exist\u0103 o diferen\u021b\u0103 de nu mai pu\u021bin de 7 ani\u00a0\u00eentre cele dou\u0103 capete ale \u021b\u0103rii.<\/p>\n<p class=\"wp-block-paragraph\">\u00een Rom\u00e2nia durata medie de via\u021b\u0103 este de aproximativ 76,5 \u2013 76,6 ani, conform datelor statistice oficiale recente. Aceast\u0103 valoare plaseaz\u0103 Rom\u00e2nia \u00een continuare cu aproximativ 5 ani sub media Uniunii Europene, care este de peste 81 de ani.<\/p>\n<\/div>\n<p>[analyse_source url=&#8221;https:\/\/www.monitoruldevaslui.ro\/2026\/08\/vasluienii-traiesc-cu-un-an-mai-putin-decat-iesenii-si-cu-un-an-mai-mult-decat-botosanenii\/#new_tab&#8221;]<\/p>\n","protected":false},"excerpt":{"rendered":"<p>[analyse_image type=&#8221;featured&#8221; src=&#8221;&#8221;] NewsHub 19.4C Vaslui Un ie\u0219ean tr\u0103ie\u0219te cu un an \u00een plus fa\u021b\u0103 de un vasluian, 78,03 fa\u021b\u0103 de 77 ani, \u00eens\u0103 se poate \u0219i mai r\u0103u \u00een Regiunea Nord-Est, unde diferen\u021bele dintre jude\u021be sunt mari: \u00een Boto\u0219ani durata medie a vie\u021bii este de 75,99 ani. \u00cen V\u00e2lcea\u00a0se tr\u0103ie\u0219te cel mai mult,\u00a082 de [&hellip;]<\/p>\n","protected":false},"author":1,"featured_media":0,"comment_status":"open","ping_status":"","sticky":false,"template":"","format":"standard","meta":{"footnotes":""},"categories":[89],"tags":[226,217],"class_list":["post-2098517","post","type-post","status-publish","format-standard","hentry","category-romania","tag-crawlmanager","tag-vaslui-robo-stiri-ro"],"_links":{"self":[{"href":"https:\/\/analyse.optim.biz\/index.php?rest_route=\/wp\/v2\/posts\/2098517","targetHints":{"allow":["GET"]}}],"collection":[{"href":"https:\/\/analyse.optim.biz\/index.php?rest_route=\/wp\/v2\/posts"}],"about":[{"href":"https:\/\/analyse.optim.biz\/index.php?rest_route=\/wp\/v2\/types\/post"}],"author":[{"embeddable":true,"href":"https:\/\/analyse.optim.biz\/index.php?rest_route=\/wp\/v2\/users\/1"}],"replies":[{"embeddable":true,"href":"https:\/\/analyse.optim.biz\/index.php?rest_route=%2Fwp%2Fv2%2Fcomments&post=2098517"}],"version-history":[{"count":0,"href":"https:\/\/analyse.optim.biz\/index.php?rest_route=\/wp\/v2\/posts\/2098517\/revisions"}],"wp:attachment":[{"href":"https:\/\/analyse.optim.biz\/index.php?rest_route=%2Fwp%2Fv2%2Fmedia&parent=2098517"}],"wp:term":[{"taxonomy":"category","embeddable":true,"href":"https:\/\/analyse.optim.biz\/index.php?rest_route=%2Fwp%2Fv2%2Fcategories&post=2098517"},{"taxonomy":"post_tag","embeddable":true,"href":"https:\/\/analyse.optim.biz\/index.php?rest_route=%2Fwp%2Fv2%2Ftags&post=2098517"}],"curies":[{"name":"wp","href":"https:\/\/api.w.org\/{rel}","templated":true}]}}