{"id":2098460,"date":"2026-08-18T02:39:39","date_gmt":"2026-08-17T23:39:39","guid":{"rendered":"https:\/\/analyse.optim.biz\/?p=2098460"},"modified":"2026-08-18T02:39:39","modified_gmt":"2026-08-17T23:39:39","slug":"mathieu-van-der-poels-2026-mountain-bike-return-confirmed-with-place-on-world-cup-start-list-at-les-gets","status":"publish","type":"post","link":"https:\/\/analyse.optim.biz\/?p=2098460","title":{"rendered":"Mathieu van der Poel&#8217;s 2026 mountain bike return confirmed with place on World Cup start list at Les Gets"},"content":{"rendered":"<p>[analyse_image type=&#8221;featured&#8221; src=&#8221;https:\/\/cdn.mos.cms.futurecdn.net\/RyT39Rm6mVMRSyhLcSCtYe-2000-80.jpg&#8221;]<\/p>\n<article class=\"m-0 box-border flex flex-row items-center pr-2.5 gap-[15px] w-[278px] h-20 flex-none upnext-article-divider\" role=\"listitem\" aria-label=\"Recommended article 1 of 3\">\n<div class=\"relative flex-none w-20 h-20\">\n    <source type=\"image\/webp\" srcset=\"https:\/\/cdn.mos.cms.futurecdn.net\/qHAc3KmE4Ak5KqwVFuKpCF-160-80.jpg.webp 160w, https:\/\/cdn.mos.cms.futurecdn.net\/qHAc3KmE4Ak5KqwVFuKpCF-80-80.jpg.webp 80w\" sizes=\"80px\" \/><\/p>\n<div class=\"flex items-center justify-center absolute w-4 h-6 left-0 top-0 bg-white\/90 flex-none z-[1]\" aria-hidden=\"true\"><span class=\"font-normal text-base leading-[17px] tracking-[1.3px] uppercase text-black flex-none\">1<\/span><\/div>\n<\/div>\n<div class=\"flex flex-col items-center justify-center gap-1.5 w-[173px] h-20 flex-none\">\n<p class=\"font-article-heading font-medium text-base leading-[21px] text-gray-800 w-[173px] line-clamp-3 group-hover:underline\">\n                                    Quinn Simmons returns to Leadville Trail 100 MTB seven years on from his extraordinary teenage debut\n                                <\/p>\n<\/div>\n<\/article>\n<article class=\"m-0 box-border flex flex-row items-center pr-2.5 gap-[15px] w-[278px] h-20 flex-none upnext-article-divider\" role=\"listitem\" aria-label=\"Recommended article 2 of 3\">\n<div class=\"relative flex-none w-20 h-20\">\n    <source type=\"image\/webp\" srcset=\"https:\/\/cdn.mos.cms.futurecdn.net\/diuRNAzua2qpYv8MF4xsEQ-160-80.jpg.webp 160w, https:\/\/cdn.mos.cms.futurecdn.net\/diuRNAzua2qpYv8MF4xsEQ-80-80.jpg.webp 80w\" sizes=\"80px\" \/><\/p>\n<div class=\"flex items-center justify-center absolute w-[18px] h-6 left-0 top-0 bg-white\/90 flex-none z-[1]\" aria-hidden=\"true\"><span class=\"font-normal text-base leading-[17px] tracking-[1.3px] uppercase text-black flex-none\">2<\/span><\/div>\n<\/div>\n<div class=\"flex flex-col items-center justify-center gap-1.5 w-[173px] h-20 flex-none\">\n<p class=\"font-article-heading font-medium text-base leading-[21px] text-gray-800 w-[173px] line-clamp-3 group-hover:underline\">\n                                    Where are all the Vuelta a Espa\u00f1a sprinters? They&#8217;re heading to Belgium instead\n                                <\/p>\n<\/div>\n<\/article>\n<article class=\"m-0 box-border flex flex-row items-center pr-2.5 gap-[15px] w-[278px] h-20 flex-none\" role=\"listitem\" aria-label=\"Recommended article 3 of 3\">\n<div class=\"relative flex-none w-20 h-20\">\n    <source type=\"image\/webp\" srcset=\"https:\/\/cdn.mos.cms.futurecdn.net\/yJ5aUr4FYgPPi8KC77ZVcW-160-80.jpg.webp 160w, https:\/\/cdn.mos.cms.futurecdn.net\/yJ5aUr4FYgPPi8KC77ZVcW-80-80.jpg.webp 80w\" sizes=\"80px\" \/><\/p>\n<div class=\"flex items-center justify-center absolute w-[18px] h-6 left-0 top-0 bg-white\/90 flex-none z-[1]\" aria-hidden=\"true\"><span class=\"font-normal text-base leading-[17px] tracking-[1.3px] uppercase text-black flex-none\">3<\/span><\/div>\n<\/div>\n<div class=\"flex flex-col items-center justify-center gap-1.5 w-[173px] h-20 flex-none\">\n<p class=\"font-article-heading font-medium text-base leading-[21px] text-gray-800 w-[173px] line-clamp-3 group-hover:underline\">\n                                    Leadville Trail 100 MTB contenders 2026 &#8211; Can anyone unseat Keegan Swenson and who can take the top spot vacated by Kate Courtney?\n                                <\/p>\n<\/div>\n<\/article>\n<article class=\"page-content-onecol flex-1\nnews-article article\n\"><\/p>\n<div class=\"widget-area-group widget-area-group-2col flex flex-wrap box-border\">\n<div id=\"widgetArea16\" class=\"widget-area basis-full md:basis-2\/3 widget-area-g-md-vp-2-3 widget-area-g-lg-vp-2-3 widget-area-g-xl-vp-2-3 page-widget-area-16\">\n<div data-widget-type=\"hero\" id=\"hero\" class=\"clear-both widget widget-hero widget-hero widget-hero-hero widget-hero widget-hero-fter-news\">\n<div class=\"news-article\">\n<header data-component-name=\"Article:Hero\">\n<nav class=\"breadcrumb\" aria-label=\"Breadcrumbs\">\n<ol>\n<li>\nPro Cycling\n<\/li>\n<li>\nRacing\n<\/li>\n<li>\nMountain Bike\n<\/li>\n<\/ol>\n<\/nav>\n<h1>Mathieu van der Poel&#8217;s 2026 mountain bike return confirmed with place on World Cup start list at Les Gets<\/h1>\n<div class=\"byline-social\">\n<div class=\"vds-byline-block flex flex-row flex-nowrap my-1.5 gap-2 text-left items-start justify-start\" data-component-name=\"Article:BylineBlock\">\n<p>News<\/p>\n<div class=\"my-auto vds-simple-byline\"><span class=\"inline-block vds-author\"><br \/>\nBy<br \/>\nSimone Giuliani <\/span><\/p>\n<div class=\"flex gap-1 vds-byline-with-avatar__meta\"><span class=\"vds-date block font-normal tracking-normal normal-case text-xs\"><br \/>\nPublished<br \/>\n<time data-component-name=\"UI:DateTime\" datetime=\"2026-08-18T02:39:39Z\" class=\"relative-date\"><br \/>\n18 August 2026<br \/>\n<\/time><\/span><\/div>\n<\/div>\n<\/div>\n<p class=\"strapline\">Alpecin-Premier Tech rider locked in for first mountain bike race of season just a week ahead of Val di Sole World Championships<\/p>\n<\/div>\n<aside class=\"text-gray-700 flex items-center mx-0 my-5 p-0 justify-start text-left\" id=\"affiliate-disclaimer\" data-component-name=\"AffiliateDisclaimer\" data-hawk-message=\"Affiliate disclaimer removed because hawk deemed there are no affiliate links on this page\">\n<p class=\"text-[color:var(--affiliate-disclaimer--text-color,inherit)] mb-2 text-[length:var(--affiliate-disclaimer--font-size,0.75rem)] leading-[18px] md:text-[13px] [&amp;&gt;a]:text-inherit [&amp;&gt;a]:underline\">\nWhen you purchase through links on our site, we may earn an affiliate commission. Here\u2019s how it works.\n<\/p>\n<\/aside>\n<\/header>\n<\/div>\n<\/div>\n<div data-widget-type=\"contentparsed\" id=\"content\" class=\"clear-both widget widget-contentparsed widget-content widget-contentparsed-content widget-content-parsed widget-content-parsed-content_document \">\n<div class=\"wcp-item-content\">\n<section class=\"content-wrapper\">\n<div class=\"box less-space hero-image-wrapper\">\n<figure class=\"mb-0\">\n<source type=\"image\/webp\" srcset=\"https:\/\/cdn.mos.cms.futurecdn.net\/RyT39Rm6mVMRSyhLcSCtYe-1920-80.jpg.webp 1920w, https:\/\/cdn.mos.cms.futurecdn.net\/RyT39Rm6mVMRSyhLcSCtYe-1600-80.jpg.webp 1600w, https:\/\/cdn.mos.cms.futurecdn.net\/RyT39Rm6mVMRSyhLcSCtYe-1200-80.jpg.webp 1200w, https:\/\/cdn.mos.cms.futurecdn.net\/RyT39Rm6mVMRSyhLcSCtYe-1024-80.jpg.webp 1024w, https:\/\/cdn.mos.cms.futurecdn.net\/RyT39Rm6mVMRSyhLcSCtYe-970-80.jpg.webp 970w, https:\/\/cdn.mos.cms.futurecdn.net\/RyT39Rm6mVMRSyhLcSCtYe-750-80.jpg.webp 750w, https:\/\/cdn.mos.cms.futurecdn.net\/RyT39Rm6mVMRSyhLcSCtYe-650-80.jpg.webp 650w, https:\/\/cdn.mos.cms.futurecdn.net\/RyT39Rm6mVMRSyhLcSCtYe-480-80.jpg.webp 480w, https:\/\/cdn.mos.cms.futurecdn.net\/RyT39Rm6mVMRSyhLcSCtYe-320-80.jpg.webp 320w\" sizes=\"(min-width: 1000px) 600px, 100vw\" \/><figcaption class=\"font-article-copy text-(--image--text--color) font-article-copy mt-2\"><span class=\"caption-text font-article-copy\">Mathieu van der Poel (Alpecin-Premier Tech) earlier this year on the road<\/span><span class=\"credit font-article-copy\">(Image credit: Getty Images)<\/span><\/figcaption><\/figure>\n<\/div>\n<div id=\"article-body\" class=\"text-copy bodyCopy auto paywall-locker\">\n<div data-analytics-id=\"utility-bar\" id=\"utility-bar\" class=\"font-ui-heading flex justify-between items-center py-2 border-t border-b border-gray-300 border-solid mb-5 mx-auto\" data-component-name=\"UtilityBar\" data-mrf-recirculation=\"utility-bar\">\n<div class=\"flex gap-2 text-[#333] subcontainer\">\n<div class=\"relative tooltip-container\" role=\"tooltip\">\n<div data-component-name=\"Social:Dropdown\" role=\"menu\" id=\"utilitybar__dropdown--share\" aria-labelledby=\"utilitybar__button--share\" class=\"absolute left-0 top-full w-44 bg-white rounded-md shadow-md border border-neutral-200 z-[9996] list-none m-0 py-2 px-3 border-solid\">\n<ul class=\"m-0!\">\n<li class=\"!p-0 !m-0 list-none border-b border-gray-200 border-solid\">\n<li class=\"!p-0 !m-0 list-none border-b border-gray-200 border-solid\">\n<p>Facebook<\/p>\n<\/li>\n<li class=\"!p-0 !m-0 list-none border-b border-gray-200 border-solid\">\n<p>X<\/p>\n<\/li>\n<li class=\"!p-0 !m-0 list-none border-b border-gray-200 border-solid\">\n<p>Pinterest<\/p>\n<\/li>\n<li class=\"!p-0 !m-0 list-none border-b border-gray-200 border-solid\">\n<p>Email<\/p>\n<\/li>\n<\/ul>\n<\/div>\n<div class=\"font-ui-heading max-sm:hidden tooltip absolute left-1\/2 bg-gray-900 text-white text-xs leading-none px-3 py-1.5 rounded-md z-[10001] whitespace-nowrap\" id=\"tooltip-share-this-article\" role=\"tooltip\" aria-hidden=\"true\">\nShare this article\n<\/div>\n<\/div>\n<div class=\"relative tooltip-container\" role=\"tooltip\"><span class=\"ml-1 inline-flex h-5 px-2 shrink-0 items-center justify-center self-center overflow-hidden whitespace-nowrap rounded-[10px] bg-primary-500 text-[11px] leading-none font-ui-heading font-semibold text-white\">0<\/span><\/p>\n<div class=\"font-ui-heading max-sm:hidden tooltip absolute left-1\/2 bg-gray-900 text-white text-xs leading-none px-3 py-1.5 rounded-md z-[10001] whitespace-nowrap\" id=\"tooltip-join-the-conversation\" role=\"tooltip\" aria-hidden=\"true\">\nJoin the conversation\n<\/div>\n<\/div>\n<\/div>\n<div class=\"flex gap-2 text-[#333] subcontainer\">\n<div class=\"relative tooltip-container\" role=\"tooltip\">\n<p>Follow us<\/p>\n<div class=\"font-ui-heading max-sm:hidden tooltip absolute left-1\/2 bg-gray-900 text-white text-xs leading-none px-3 py-1.5 rounded-md z-[10001] whitespace-nowrap\" id=\"tooltip-add-us-as-a-preferred-source-on-google\" role=\"tooltip\" aria-hidden=\"true\">\nAdd us as a preferred source on Google\n<\/div>\n<\/div>\n<div class=\"relative tooltip-container\" role=\"tooltip\">\n<div class=\"font-ui-heading max-sm:hidden tooltip absolute left-1\/2 bg-gray-900 text-white text-xs leading-none px-3 py-1.5 rounded-md z-[10001] whitespace-nowrap\" id=\"tooltip-subscribe-to-our-newsletter\" role=\"tooltip\" aria-hidden=\"true\">\nSubscribe to our newsletter\n<\/div>\n<\/div>\n<\/div>\n<\/div>\n<p id=\"elk-06da3bd6-9aa7-11f1-986d-f524372ba926\">After walking away from the final day of racing at the Tour de France with another stage victory, Mathieu van der Poel has turned his attention to mountain biking, with it now confirmed that the Alpecin-Premier Tech rider has signed up for the Les Gets round of the Whoop UCI Mountain Bike World Series .<\/p>\n<p>Van der Poel hasn&#8217;t raced the off-road discipline since last season, where he lined up at May&#8217;s Nov\u00e9 Mesto before taking on Les Gets as a lead in race to the World Championships, where he came 29th.<\/p>\n<p id=\"elk-06da3bd6-9aa7-11f1-986d-f524372ba926-2\" aria-hidden=\"true\" class=\"kiosq-b\">There had been an expectation that his World Series racing would once again begin in Nov\u00e9 Mesto this year, but that was a plan that didn&#8217;t come to fruition. Now, however, both the race series and his team have confirmed with social media announcements that he is planning to head to the August 21-23 round, where he finished sixth last year.<\/p>\n<div class=\"my-6 w-full overflow-hidden rounded-[10px] lg:my-8\" data-component-name=\"JwPlayer:Carousel\" data-jwp-carousel data-jwp-carousel-payload=\"{&quot;ids&quot;:{&quot;playerID&quot;:&quot;jYDCcabO&quot;,&quot;searchPlaylistID&quot;:&quot;gwjdoYHD&quot;,&quot;divID&quot;:&quot;botr_gwjdoYHD_jYDCcabO_div&quot;,&quot;fallbackPlaylistID&quot;:&quot;gwjdoYHD&quot;,&quot;fallbackDivID&quot;:&quot;botr_gwjdoYHD_jYDCcabO_div&quot;,&quot;key&quot;:&quot;X9\/mXVGac0NphghLH9hZaqWA5d3dhAM\/Ih07grnEyMLjuO2E&quot;,&quot;tintLogo&quot;:true,&quot;useSearchPlaylist&quot;:false,&quot;enabled&quot;:true},&quot;signPostingEnabled&quot;:true,&quot;signPostingLinkEnabled&quot;:true,&quot;waitForAdLoad&quot;:false,&quot;hidePlayerOnDesktop&quot;:false,&quot;hidePlayerOnMobile&quot;:false,&quot;hidePlayerOnTablet&quot;:false}\">\n<div class=\"flex flex-nowrap items-center justify-between gap-3 bg-zinc-900 px-[14px] py-3\" data-jwp-carousel-header>\n<div class=\"flex min-w-0 shrink items-center\"><span class=\"inline-flex items-center gap-1.5 text-sm font-article-heading capitalize leading-5 text-white whitespace-nowrap\"><span class=\"jwp-carousel-title-desktop\">Latest Videos From<\/span><span class=\"jwp-carousel-brand\">Cyclingnews<\/span><\/span><\/div>\n<\/div>\n<div class=\"min-h-[44px] bg-zinc-900 px-[14px] py-3\" data-jwp-carousel-signposting><a class=\"invisible block truncate text-sm font-bold leading-5 text-white underline decoration-solid underline-offset-2\" data-jwp-carousel-signposting-link href target=\"_blank\" rel=\"noopener noreferrer\"><span data-jwp-carousel-signposting-title>Watch full video here: <\/span><\/a><\/div>\n<\/div>\n<p aria-hidden=\"true\" class=\"kiosq-b\">The Les Gets entry to the fray leaves just a week between Van der Poel&#8217;s return to racing in the discipline for the season and the UCI Mountain Bike World Championships in Italy. The elite short-track races (XCC) are to be held on Thursday August 27 and the Cross-Country Olympic (XCO) on Sunday August 30 in Val di Sole.<\/p>\n<p aria-hidden=\"true\" class=\"kiosq-b\">Van der Poel has won world titles on the road, gravel and in cyclo-cross but the mountain bike rainbow jersey has proven elusive, although he did make it onto the podium in 2018, a year that also included numerous World Cup rounds.<\/p>\n<aside data-component-name=\"Recirculation:ArticleRiver\" data-recirculation-type=\"inline\" data-mrf-recirculation=\"Trending Bar\" data-nosnippet class=\"clear-both pt-2 pb-0 mb-4\"><span class=\"\n            flex\n            after:content-[&apos;&apos;] after:flex-1 after:ml-4 after:my-[0.7rem] after:border-t after:border-solid after:border-t-[#ccc]\n            before:content-[&apos;&apos;] before:flex-1 before:mr-4 before:my-[0.7rem] before:border-t before:border-solid before:border-t-[#ccc]\n            font-article-heading pb-0 text-[length:var(--article-river-title--font-size,1em)] uppercase sm:text-[length:var(--article-river-title--font-size,0.875em)] font-bold\n        \"><br \/>\n            You may like<br \/>\n        <\/span><\/p>\n<ul class=\"flex flex-col gap-0 m-0 max-w-full\">\n<li class=\"m-0 list-none border-b border-solid border-[#ededed] py-2\" data-recirculation-id=\"recirculation-card-1\" id=\"recirculation-inline-1\" data-analytics-id=\"recirculation-inline-1\" data-mrf-recirculation=\"recirculation-inline-1\">\n    <source type=\"image\/webp\" srcset=\"https:\/\/cdn.mos.cms.futurecdn.net\/ZxYndGarDesyHrX2GqKSPg-250-80.jpg.webp 250w, https:\/\/cdn.mos.cms.futurecdn.net\/ZxYndGarDesyHrX2GqKSPg-150-80.jpg.webp 150w\" sizes=\"150px\" \/><span class=\"w-full text-base font-[var(--article-river-item--font-weight,500)] font-article-heading line-clamp-3 md:line-clamp-2\">No, Mathieu van der Poel won&#8217;t be racing the MTB World Cup this weekend, despite organiser&#8217;s announcement<\/span><\/li>\n<li class=\"m-0 list-none border-b border-solid border-[#ededed] py-2\" data-recirculation-id=\"recirculation-card-2\" id=\"recirculation-inline-2\" data-analytics-id=\"recirculation-inline-2\" data-mrf-recirculation=\"recirculation-inline-2\">\n    <source type=\"image\/webp\" srcset=\"https:\/\/cdn.mos.cms.futurecdn.net\/zZQczw9zXdrezwYvEaGTDb-250-80.jpg.webp 250w, https:\/\/cdn.mos.cms.futurecdn.net\/zZQczw9zXdrezwYvEaGTDb-150-80.jpg.webp 150w\" sizes=\"150px\" \/><span class=\"w-full text-base font-[var(--article-river-item--font-weight,500)] font-article-heading line-clamp-3 md:line-clamp-2\">&#8216;It will never be ideal&#8217; \u2013 Mathieu van der Poel still struggling to balance mountain bike and road racing<\/span><\/li>\n<li class=\"m-0 list-none border-b border-solid border-[#ccc] py-2\" data-recirculation-id=\"recirculation-card-3\" id=\"recirculation-inline-3\" data-analytics-id=\"recirculation-inline-3\" data-mrf-recirculation=\"recirculation-inline-3\">\n    <source type=\"image\/webp\" srcset=\"https:\/\/cdn.mos.cms.futurecdn.net\/h5sukTc6SadZ9sgH6KUTS4-250-80.jpg.webp 250w, https:\/\/cdn.mos.cms.futurecdn.net\/h5sukTc6SadZ9sgH6KUTS4-150-80.jpg.webp 150w\" sizes=\"150px\" \/><span class=\"w-full text-base font-[var(--article-river-item--font-weight,500)] font-article-heading line-clamp-3 md:line-clamp-2\">Mathieu van der Poel to build for Tour de France via return to Tour de Suisse for first time since 2021<\/span><\/li>\n<\/ul>\n<\/aside>\n<p aria-hidden=\"true\" class=\"kiosq-b\">The talented multi-discipline rider has significantly ramped up his race days on the road since then and has faced some challenges while sporadically dipping into mountain bike racing. There have been successes \u2013 such as the 2021 Albstadt and Nov\u00e9 Mesto short track wins and also second in the XCO at the Czech round \u2013 but there have also been DNF&#8217;s and crashes with a crash taking him out of the Tokyo Olympics and also two in his Nov\u00e9 Mesto foray last year.<\/p>\n<p aria-hidden=\"true\" class=\"kiosq-b\">The reigning cyclo-cross world champion, who has already picked up six WorldTour wins on the road this year, has long made it clear that chasing that missing title remains a priority, even if a fast-tracked preparation following the Tour de France isn&#8217;t ideal. In fact just this week Van der Poel has been putting out posts on social media from the Val di Sole area, where this year&#8217;s rainbow jersey battle is set to unfold. It is a location where he has tasted victory before, winning both the XCC and XCO at the 2019 World Cup round there.<\/p>\n<div id=\"slice-container-newsletterForm-articleInbodyContent-4S3bS6XzZRaxfmBgAykXE3\" class=\"slice-container newsletter-inbodyContent-slice newsletterForm-articleInbodyContent-4S3bS6XzZRaxfmBgAykXE3 slice-container-newsletterForm\">\n<div data-hydrate=\"true\" class=\"newsletter-form__wrapper newsletter-form__wrapper--inbodyContent\">\n<div class=\"newsletter-form__container\">\n<section class=\"newsletter-form__top-bar\">\n<div class=\"newsletter-form__header\">Get The Leadout Newsletter<\/div>\n<\/section>\n<section class=\"newsletter-form__main-section\">\n<p class=\"newsletter-form__strapline\">The latest race content, interviews, features, reviews and expert buying guides, direct to your inbox!<\/p>\n<footer class=\"newsletter-form__footer \">By submitting your information you agree to the Terms &amp; Conditions and Privacy Policy and are aged 16 or over.<\/footer>\n<\/section>\n<\/div>\n<\/div>\n<\/div>\n<p aria-hidden=\"true\" class=\"kiosq-b\">This time, however, Van der Poel is no longer a mountain bike regular and on top of facing rivals that have been on the start line from the start of the 2026 series in May at Mona Yongpyong, there is also another of his Tour de France rivals expected to be on the start line this year, Tom Pidcock. The British rider claimed both Olympic gold and the mountain bike world title in 2024 and also managed to squeeze in the Nov\u00e9 Mesto round this year, where he took his fifth win in as many starts.<\/p>\n<\/div>\n<div id=\"slice-container-authorBio-4S3bS6XzZRaxfmBgAykXE3\" class=\"slice-container slice-author-bio authorBio-4S3bS6XzZRaxfmBgAykXE3 slice-container-authorBio\">\n<div class=\"author author__default-layout author--separator author--collapsible\" data-hydrate=\"true\">\n<div class=\"author__header\">\n<div class=\"author__avatar-block\">\n<figure class=\"image-wrapped__wrapper\" data-bordeaux-image-check=\"false\">\n<div class=\"image-wrapped__widthsetter\">\n<div class=\"image-wrapped__aspect-padding\">\n<div><source class=\"author__avatar image-wrapped__image image__image\" type=\"image\/webp\" srcset=\"https:\/\/cdn.mos.cms.futurecdn.net\/RUKCQmBBgAFRGkijgpLyah-140-80.jpg.webp 140w\" sizes=\"99vw\" data-normal=\"https:\/\/cdn.mos.cms.futurecdn.net\/RUKCQmBBgAFRGkijgpLyah.jpg\" data-original-mos=\"https:\/\/cdn.mos.cms.futurecdn.net\/RUKCQmBBgAFRGkijgpLyah.jpg\" data-pin-media=\"https:\/\/cdn.mos.cms.futurecdn.net\/RUKCQmBBgAFRGkijgpLyah.jpg\" data-pin-nopin=\"true\" data-slice-image=\"true\" \/><\/div>\n<\/div>\n<\/div>\n<\/figure>\n<\/div>\n<div class=\"author__heading\">\n<div class=\"author__name\">Simone Giuliani<\/div>\n<div class=\"author__social\">\n<nav class=\"button-social-group author__social-buttons\" aria-labelledby=\"button-social-group- author__social-buttons\">\n<div id=\"button-social-group- author__social-buttons\">Social Links Navigation<\/div>\n<\/nav>\n<\/div>\n<div class=\"author__role\">Australia Editor<\/div>\n<\/div>\n<\/div>\n<div class=\"author__bio-wrapper\">\n<div class=\"author__biography\">\n<p>Simone is a degree-qualified journalist that has accumulated decades of wide-ranging experience while working across a variety of leading media organisations. She joined <em>Cyclingnews<\/em> as a Production Editor at the start of the 2021 season and has now moved into the role of Australia Editor. Previously she worked as a freelance writer, Australian Editor at <em>Ella CyclingTips<\/em> and as a correspondent for <em>Reuters<\/em> and <em>Bloomberg<\/em>. Cycling was initially purely a leisure pursuit for Simone, who started out as a business journalist, but in 2015 her career focus also shifted to the sport.<\/p>\n<\/div>\n<\/div>\n<\/div>\n<\/div>\n<\/section>\n<div class=\"relative max-w-[1070px] viafoura-twig-component mt-6 mx-4 lg:mx-0\" data-component-name=\"Viafoura:Comments\" data-nosnippet data-community-guidelines-text=\"&lt;p class=&apos;vfcustom-community-guidelines&apos;&gt;Please follow our &lt;a href=&quot;https:\/\/www.cyclingnews.com\/about\/#section-community-guidelines&quot; target=&quot;_blank&quot;&gt;community guidelines&lt;\/a&gt;.&lt;\/p&gt;\" data-join-the-conversation-text=\"Join the Conversation\">\n<div class=\"absolute top-0 left-0 w-full h-full flex items-center justify-center z-50 bg-white\/90 border-1 rounded-b-[var(--comment-widget-border-radius,0)]\">\n<div class=\"p-2 text-center\">\n<p class=\"mb-3 text-lg!\">You must confirm your public display name before commenting<\/p>\n<p class=\"mb-3 text-sm!\">Please logout and then login again, you will then be prompted to enter your display name.<\/p>\n<\/div>\n<\/div>\n<\/div>\n<section class=\"mx-2 my-5 sm:mx-0\">\n<aside class=\"w-full\" data-nosnippet data-mrf-recirculation=\"article-river-stacked\">\n<div data-recirc-id=\"article-river-stacked-adviser:hybrid\">\n<div class=\"text-white py-4 px-3 mb-4 bg-[#333] uppercase font-bold custom-header-styles\">Read more<\/div>\n<div class=\"grid grid-cols-1 gap-4 mt-4 mb-5\">\n<div>\n<div class=\"aspect-[var(--img-listing-aspect-ratio,16\/9)] relative mb-3.5\">\n    <source type=\"image\/webp\" srcset=\"https:\/\/cdn.mos.cms.futurecdn.net\/ZxYndGarDesyHrX2GqKSPg-840-80.jpg.webp 840w, https:\/\/cdn.mos.cms.futurecdn.net\/ZxYndGarDesyHrX2GqKSPg-650-80.jpg.webp 650w, https:\/\/cdn.mos.cms.futurecdn.net\/ZxYndGarDesyHrX2GqKSPg-500-80.jpg.webp 500w, https:\/\/cdn.mos.cms.futurecdn.net\/ZxYndGarDesyHrX2GqKSPg-450-80.jpg.webp 450w, https:\/\/cdn.mos.cms.futurecdn.net\/ZxYndGarDesyHrX2GqKSPg-320-80.jpg.webp 320w\" sizes=\"(min-width: 900px) 925px, (min-width: 700px) 450px, calc(100vw - 48px)\" \/><\/div>\n<p><span class=\"custom-subheading-styles\">Teams &amp; Riders<\/span><span class=\"text-base text-black font-bold mx-0 my-2.5 p-0 block custom-text-styles\">No, Mathieu van der Poel won&#8217;t be racing the MTB World Cup this weekend, despite organiser&#8217;s announcement<\/span><\/div>\n<div class=\"relative recirc-feed sponsored-card min-h-[250px]\" data-recirc-id=\"article-river-stacked-ads:native-cards\" data-mrf-recirculation=\"article-river-ads\" data-nosnippet data-ad-slot-path=\"feed-sponsored-post\" data-attribute-device=\"all\">\n<div class=\"max-w-full sponsored-post--placeholder animate-pulse\">\n<div class=\"relative!\"><span class=\"text-base text-black font-bold mx-0 my-2.5 p-0 block bg-gray-100\">\u00a0<br \/>\u00a0<\/span><\/div>\n<\/div>\n<\/div>\n<div>\n<div class=\"aspect-[var(--img-listing-aspect-ratio,16\/9)] relative mb-3.5\">\n    <source type=\"image\/webp\" srcset=\"https:\/\/cdn.mos.cms.futurecdn.net\/zZQczw9zXdrezwYvEaGTDb-840-80.jpg.webp 840w, https:\/\/cdn.mos.cms.futurecdn.net\/zZQczw9zXdrezwYvEaGTDb-650-80.jpg.webp 650w, https:\/\/cdn.mos.cms.futurecdn.net\/zZQczw9zXdrezwYvEaGTDb-500-80.jpg.webp 500w, https:\/\/cdn.mos.cms.futurecdn.net\/zZQczw9zXdrezwYvEaGTDb-450-80.jpg.webp 450w, https:\/\/cdn.mos.cms.futurecdn.net\/zZQczw9zXdrezwYvEaGTDb-320-80.jpg.webp 320w\" sizes=\"(min-width: 900px) 925px, (min-width: 700px) 450px, calc(100vw - 48px)\" \/><\/div>\n<p><span class=\"custom-subheading-styles\">Teams &amp; Riders<\/span><span class=\"text-base text-black font-bold mx-0 my-2.5 p-0 block custom-text-styles\">&#8216;It will never be ideal&#8217; \u2013 Mathieu van der Poel still struggling to balance mountain bike and road racing<\/span><\/div>\n<div class=\"relative recirc-feed sponsored-card min-h-[250px]\" data-recirc-id=\"article-river-stacked-ads:native-cards\" data-mrf-recirculation=\"article-river-ads\" data-nosnippet data-ad-slot-path=\"feed-sponsored-post\" data-attribute-device=\"all\">\n<div class=\"max-w-full sponsored-post--placeholder animate-pulse\">\n<div class=\"relative!\"><span class=\"text-base text-black font-bold mx-0 my-2.5 p-0 block bg-gray-100\">\u00a0<br \/>\u00a0<\/span><\/div>\n<\/div>\n<\/div>\n<div>\n<div class=\"aspect-[var(--img-listing-aspect-ratio,16\/9)] relative mb-3.5\">\n    <source type=\"image\/webp\" srcset=\"https:\/\/cdn.mos.cms.futurecdn.net\/h5sukTc6SadZ9sgH6KUTS4-840-80.jpg.webp 840w, https:\/\/cdn.mos.cms.futurecdn.net\/h5sukTc6SadZ9sgH6KUTS4-650-80.jpg.webp 650w, https:\/\/cdn.mos.cms.futurecdn.net\/h5sukTc6SadZ9sgH6KUTS4-500-80.jpg.webp 500w, https:\/\/cdn.mos.cms.futurecdn.net\/h5sukTc6SadZ9sgH6KUTS4-450-80.jpg.webp 450w, https:\/\/cdn.mos.cms.futurecdn.net\/h5sukTc6SadZ9sgH6KUTS4-320-80.jpg.webp 320w\" sizes=\"(min-width: 900px) 925px, (min-width: 700px) 450px, calc(100vw - 48px)\" \/><\/div>\n<p><span class=\"custom-subheading-styles\">Racing<\/span><span class=\"text-base text-black font-bold mx-0 my-2.5 p-0 block custom-text-styles\">Mathieu van der Poel to build for Tour de France via return to Tour de Suisse for first time since 2021<\/span><\/div>\n<div class=\"relative recirc-feed sponsored-card min-h-[250px]\" data-recirc-id=\"article-river-stacked-ads:native-cards\" data-mrf-recirculation=\"article-river-ads\" data-nosnippet data-ad-slot-path=\"feed-sponsored-post\" data-attribute-device=\"all\">\n<div class=\"max-w-full sponsored-post--placeholder animate-pulse\">\n<div class=\"relative!\"><span class=\"text-base text-black font-bold mx-0 my-2.5 p-0 block bg-gray-100\">\u00a0<br \/>\u00a0<\/span><\/div>\n<\/div>\n<\/div>\n<div>\n<div class=\"aspect-[var(--img-listing-aspect-ratio,16\/9)] relative mb-3.5\">\n    <source type=\"image\/webp\" srcset=\"https:\/\/cdn.mos.cms.futurecdn.net\/BbiX2eXD8WsmSJdGXAbGx9-840-80.jpg.webp 840w, https:\/\/cdn.mos.cms.futurecdn.net\/BbiX2eXD8WsmSJdGXAbGx9-650-80.jpg.webp 650w, https:\/\/cdn.mos.cms.futurecdn.net\/BbiX2eXD8WsmSJdGXAbGx9-500-80.jpg.webp 500w, https:\/\/cdn.mos.cms.futurecdn.net\/BbiX2eXD8WsmSJdGXAbGx9-450-80.jpg.webp 450w, https:\/\/cdn.mos.cms.futurecdn.net\/BbiX2eXD8WsmSJdGXAbGx9-320-80.jpg.webp 320w\" sizes=\"(min-width: 900px) 925px, (min-width: 700px) 450px, calc(100vw - 48px)\" \/><\/div>\n<p><span class=\"custom-subheading-styles\">Racing<\/span><span class=\"text-base text-black font-bold mx-0 my-2.5 p-0 block custom-text-styles\">&#8216;I have a love-hate relationship with the Tour de France&#8217; \u2013 Mathieu van der Poel prepares for possible final shot at success<\/span><\/div>\n<div class=\"relative recirc-feed sponsored-card min-h-[250px]\" data-recirc-id=\"article-river-stacked-ads:native-cards\" data-mrf-recirculation=\"article-river-ads\" data-nosnippet data-ad-slot-path=\"feed-sponsored-post\" data-attribute-device=\"all\">\n<div class=\"max-w-full sponsored-post--placeholder animate-pulse\">\n<div class=\"relative!\"><span class=\"text-base text-black font-bold mx-0 my-2.5 p-0 block bg-gray-100\">\u00a0<br \/>\u00a0<\/span><\/div>\n<\/div>\n<\/div>\n<div>\n<div class=\"aspect-[var(--img-listing-aspect-ratio,16\/9)] relative mb-3.5\">\n    <source type=\"image\/webp\" srcset=\"https:\/\/cdn.mos.cms.futurecdn.net\/7kjujMzHLDvNBJ6QbuTss5-840-80.jpg.webp 840w, https:\/\/cdn.mos.cms.futurecdn.net\/7kjujMzHLDvNBJ6QbuTss5-650-80.jpg.webp 650w, https:\/\/cdn.mos.cms.futurecdn.net\/7kjujMzHLDvNBJ6QbuTss5-500-80.jpg.webp 500w, https:\/\/cdn.mos.cms.futurecdn.net\/7kjujMzHLDvNBJ6QbuTss5-450-80.jpg.webp 450w, https:\/\/cdn.mos.cms.futurecdn.net\/7kjujMzHLDvNBJ6QbuTss5-320-80.jpg.webp 320w\" sizes=\"(min-width: 900px) 925px, (min-width: 700px) 450px, calc(100vw - 48px)\" \/><\/div>\n<p><span class=\"custom-subheading-styles\">Racing<\/span><span class=\"text-base text-black font-bold mx-0 my-2.5 p-0 block custom-text-styles\">Puck Pieterse sprints to Mountain Bike XCC World Series victory as Tom Pidcock is denied by Mathis Azzaro at Nov\u00e9 M\u011bsto Na Morav\u011b <\/span><\/div>\n<div class=\"relative recirc-feed sponsored-card min-h-[250px]\" data-recirc-id=\"article-river-stacked-ads:native-cards\" data-mrf-recirculation=\"article-river-ads\" data-nosnippet data-ad-slot-path=\"feed-sponsored-post\" data-attribute-device=\"all\">\n<div class=\"max-w-full sponsored-post--placeholder animate-pulse\">\n<div class=\"relative!\"><span class=\"text-base text-black font-bold mx-0 my-2.5 p-0 block bg-gray-100\">\u00a0<br \/>\u00a0<\/span><\/div>\n<\/div>\n<\/div>\n<div>\n<div class=\"aspect-[var(--img-listing-aspect-ratio,16\/9)] relative mb-3.5\">\n    <source type=\"image\/webp\" srcset=\"https:\/\/cdn.mos.cms.futurecdn.net\/pqWEJamDgNpGqCnAgNQnHL-840-80.jpg.webp 840w, https:\/\/cdn.mos.cms.futurecdn.net\/pqWEJamDgNpGqCnAgNQnHL-650-80.jpg.webp 650w, https:\/\/cdn.mos.cms.futurecdn.net\/pqWEJamDgNpGqCnAgNQnHL-500-80.jpg.webp 500w, https:\/\/cdn.mos.cms.futurecdn.net\/pqWEJamDgNpGqCnAgNQnHL-450-80.jpg.webp 450w, https:\/\/cdn.mos.cms.futurecdn.net\/pqWEJamDgNpGqCnAgNQnHL-320-80.jpg.webp 320w\" sizes=\"(min-width: 900px) 925px, (min-width: 700px) 450px, calc(100vw - 48px)\" \/><\/div>\n<p><span class=\"custom-subheading-styles\">Teams &amp; Riders<\/span><span class=\"text-base text-black font-bold mx-0 my-2.5 p-0 block custom-text-styles\">Is Mathieu van der Poel a time trial sleeping giant?<\/span><\/div>\n<div class=\"relative recirc-feed sponsored-card min-h-[250px]\" data-recirc-id=\"article-river-stacked-ads:native-cards\" data-mrf-recirculation=\"article-river-ads\" data-nosnippet data-ad-slot-path=\"feed-sponsored-post\" data-attribute-device=\"all\">\n<div class=\"max-w-full sponsored-post--placeholder animate-pulse\">\n<div class=\"relative!\"><span class=\"text-base text-black font-bold mx-0 my-2.5 p-0 block bg-gray-100\">\u00a0<br \/>\u00a0<\/span><\/div>\n<\/div>\n<\/div>\n<\/div>\n<\/div>\n<\/aside>\n<aside class=\"w-full\" data-nosnippet data-mrf-recirculation=\"article-river-stacked\">\n<div data-recirc-id=\"article-river-stacked-solr:latest-category\">\n<div class=\"text-white py-4 px-3 mb-4 bg-[#333] uppercase font-bold custom-header-styles\">Latest in Racing<\/div>\n<div class=\"grid grid-cols-1 gap-4 mt-4 mb-5\">\n<div>\n<div class=\"aspect-[var(--img-listing-aspect-ratio,16\/9)] relative mb-3.5\">\n    <source type=\"image\/webp\" srcset=\"https:\/\/cdn.mos.cms.futurecdn.net\/f49oSFKGJLp9Q6rYAYDwTF-840-80.jpg.webp 840w, https:\/\/cdn.mos.cms.futurecdn.net\/f49oSFKGJLp9Q6rYAYDwTF-650-80.jpg.webp 650w, https:\/\/cdn.mos.cms.futurecdn.net\/f49oSFKGJLp9Q6rYAYDwTF-500-80.jpg.webp 500w, https:\/\/cdn.mos.cms.futurecdn.net\/f49oSFKGJLp9Q6rYAYDwTF-450-80.jpg.webp 450w, https:\/\/cdn.mos.cms.futurecdn.net\/f49oSFKGJLp9Q6rYAYDwTF-320-80.jpg.webp 320w\" sizes=\"(min-width: 900px) 925px, (min-width: 700px) 450px, calc(100vw - 48px)\" \/><\/div>\n<p><span class=\"custom-subheading-styles\">Racing<\/span><span class=\"text-base text-black font-bold mx-0 my-2.5 p-0 block custom-text-styles\">American Criterium Cup: Aline Seitz holds off Skylar Schneider while Justin Williams earns men&#8217;s sprint victory on tight circuit in Salt Lake City<\/span><\/div>\n<div class=\"relative recirc-feed sponsored-card min-h-[250px]\" data-recirc-id=\"article-river-stacked-ads:native-cards\" data-mrf-recirculation=\"article-river-ads\" data-nosnippet data-ad-slot-path=\"feed-sponsored-post\" data-attribute-device=\"all\">\n<div class=\"max-w-full sponsored-post--placeholder animate-pulse\">\n<div class=\"relative!\"><span class=\"text-base text-black font-bold mx-0 my-2.5 p-0 block bg-gray-100\">\u00a0<br \/>\u00a0<\/span><\/div>\n<\/div>\n<\/div>\n<div>\n<div class=\"aspect-[var(--img-listing-aspect-ratio,16\/9)] relative mb-3.5\">\n    <source type=\"image\/webp\" srcset=\"https:\/\/cdn.mos.cms.futurecdn.net\/didDWkuxCx3NhnzuvisdbR-840-80.png.webp 840w, https:\/\/cdn.mos.cms.futurecdn.net\/didDWkuxCx3NhnzuvisdbR-650-80.png.webp 650w, https:\/\/cdn.mos.cms.futurecdn.net\/didDWkuxCx3NhnzuvisdbR-500-80.png.webp 500w, https:\/\/cdn.mos.cms.futurecdn.net\/didDWkuxCx3NhnzuvisdbR-450-80.png.webp 450w, https:\/\/cdn.mos.cms.futurecdn.net\/didDWkuxCx3NhnzuvisdbR-320-80.png.webp 320w\" sizes=\"(min-width: 900px) 925px, (min-width: 700px) 450px, calc(100vw - 48px)\" \/><\/div>\n<p><span class=\"custom-subheading-styles\">Teams &amp; Riders<\/span><span class=\"text-base text-black font-bold mx-0 my-2.5 p-0 block custom-text-styles\">&#8216;The Leadville nobody knew&#8217; \u2013 Revised course eliminates final &#8216;gut punch&#8217; of Powerline climb but Columbine and elevation keep you humble<\/span><\/div>\n<div class=\"relative recirc-feed sponsored-card min-h-[250px]\" data-recirc-id=\"article-river-stacked-ads:native-cards\" data-mrf-recirculation=\"article-river-ads\" data-nosnippet data-ad-slot-path=\"feed-sponsored-post\" data-attribute-device=\"all\">\n<div class=\"max-w-full sponsored-post--placeholder animate-pulse\">\n<div class=\"relative!\"><span class=\"text-base text-black font-bold mx-0 my-2.5 p-0 block bg-gray-100\">\u00a0<br \/>\u00a0<\/span><\/div>\n<\/div>\n<\/div>\n<div>\n<div class=\"aspect-[var(--img-listing-aspect-ratio,16\/9)] relative mb-3.5\">\n    <source type=\"image\/webp\" srcset=\"https:\/\/cdn.mos.cms.futurecdn.net\/Sn6hGjVFiD66r26MKqkJVV-840-80.jpg.webp 840w, https:\/\/cdn.mos.cms.futurecdn.net\/Sn6hGjVFiD66r26MKqkJVV-650-80.jpg.webp 650w, https:\/\/cdn.mos.cms.futurecdn.net\/Sn6hGjVFiD66r26MKqkJVV-500-80.jpg.webp 500w, https:\/\/cdn.mos.cms.futurecdn.net\/Sn6hGjVFiD66r26MKqkJVV-450-80.jpg.webp 450w, https:\/\/cdn.mos.cms.futurecdn.net\/Sn6hGjVFiD66r26MKqkJVV-320-80.jpg.webp 320w\" sizes=\"(min-width: 900px) 925px, (min-width: 700px) 450px, calc(100vw - 48px)\" \/><\/div>\n<p><span class=\"custom-subheading-styles\">Women&#8217;s Cycling<\/span><span class=\"text-base text-black font-bold mx-0 my-2.5 p-0 block custom-text-styles\">&#8216;I&#8217;m certainly not done with this season yet&#8217; \u2013 Demi Vollering sends warning to her rivals ahead of the World Championships<\/span><\/div>\n<div class=\"relative recirc-feed sponsored-card min-h-[250px]\" data-recirc-id=\"article-river-stacked-ads:native-cards\" data-mrf-recirculation=\"article-river-ads\" data-nosnippet data-ad-slot-path=\"feed-sponsored-post\" data-attribute-device=\"all\">\n<div class=\"max-w-full sponsored-post--placeholder animate-pulse\">\n<div class=\"relative!\"><span class=\"text-base text-black font-bold mx-0 my-2.5 p-0 block bg-gray-100\">\u00a0<br \/>\u00a0<\/span><\/div>\n<\/div>\n<\/div>\n<div>\n<div class=\"aspect-[var(--img-listing-aspect-ratio,16\/9)] relative mb-3.5\">\n    <source type=\"image\/webp\" srcset=\"https:\/\/cdn.mos.cms.futurecdn.net\/BA34nJiPUVCN2EN7yKmEC7-840-80.jpg.webp 840w, https:\/\/cdn.mos.cms.futurecdn.net\/BA34nJiPUVCN2EN7yKmEC7-650-80.jpg.webp 650w, https:\/\/cdn.mos.cms.futurecdn.net\/BA34nJiPUVCN2EN7yKmEC7-500-80.jpg.webp 500w, https:\/\/cdn.mos.cms.futurecdn.net\/BA34nJiPUVCN2EN7yKmEC7-450-80.jpg.webp 450w, https:\/\/cdn.mos.cms.futurecdn.net\/BA34nJiPUVCN2EN7yKmEC7-320-80.jpg.webp 320w\" sizes=\"(min-width: 900px) 925px, (min-width: 700px) 450px, calc(100vw - 48px)\" \/><\/div>\n<p><span class=\"custom-subheading-styles\">Racing<\/span><span class=\"text-base text-black font-bold mx-0 my-2.5 p-0 block custom-text-styles\">Primo\u017e Rogli\u010d expected to race the Vuelta a Espa\u00f1a but with no GC ambitions<\/span><\/div>\n<div class=\"relative recirc-feed sponsored-card min-h-[250px]\" data-recirc-id=\"article-river-stacked-ads:native-cards\" data-mrf-recirculation=\"article-river-ads\" data-nosnippet data-ad-slot-path=\"feed-sponsored-post\" data-attribute-device=\"all\">\n<div class=\"max-w-full sponsored-post--placeholder animate-pulse\">\n<div class=\"relative!\"><span class=\"text-base text-black font-bold mx-0 my-2.5 p-0 block bg-gray-100\">\u00a0<br \/>\u00a0<\/span><\/div>\n<\/div>\n<\/div>\n<div>\n<div class=\"aspect-[var(--img-listing-aspect-ratio,16\/9)] relative mb-3.5\">\n    <source type=\"image\/webp\" srcset=\"https:\/\/cdn.mos.cms.futurecdn.net\/oFHHPQJ4KKJ9XpSBHAhNHC-840-80.jpg.webp 840w, https:\/\/cdn.mos.cms.futurecdn.net\/oFHHPQJ4KKJ9XpSBHAhNHC-650-80.jpg.webp 650w, https:\/\/cdn.mos.cms.futurecdn.net\/oFHHPQJ4KKJ9XpSBHAhNHC-500-80.jpg.webp 500w, https:\/\/cdn.mos.cms.futurecdn.net\/oFHHPQJ4KKJ9XpSBHAhNHC-450-80.jpg.webp 450w, https:\/\/cdn.mos.cms.futurecdn.net\/oFHHPQJ4KKJ9XpSBHAhNHC-320-80.jpg.webp 320w\" sizes=\"(min-width: 900px) 925px, (min-width: 700px) 450px, calc(100vw - 48px)\" \/><\/div>\n<p><span class=\"custom-subheading-styles\">Racing<\/span><span class=\"text-base text-black font-bold mx-0 my-2.5 p-0 block custom-text-styles\">Jonas Vingegaard out for rest of season with no return possible after crash<\/span><\/div>\n<div class=\"relative recirc-feed sponsored-card min-h-[250px]\" data-recirc-id=\"article-river-stacked-ads:native-cards\" data-mrf-recirculation=\"article-river-ads\" data-nosnippet data-ad-slot-path=\"feed-sponsored-post\" data-attribute-device=\"all\">\n<div class=\"max-w-full sponsored-post--placeholder animate-pulse\">\n<div class=\"relative!\"><span class=\"text-base text-black font-bold mx-0 my-2.5 p-0 block bg-gray-100\">\u00a0<br \/>\u00a0<\/span><\/div>\n<\/div>\n<\/div>\n<div>\n<div class=\"aspect-[var(--img-listing-aspect-ratio,16\/9)] relative mb-3.5\">\n    <source type=\"image\/webp\" srcset=\"https:\/\/cdn.mos.cms.futurecdn.net\/NzRzmTrJc2Hgn2t5F6uCzH-840-80.jpg.webp 840w, https:\/\/cdn.mos.cms.futurecdn.net\/NzRzmTrJc2Hgn2t5F6uCzH-650-80.jpg.webp 650w, https:\/\/cdn.mos.cms.futurecdn.net\/NzRzmTrJc2Hgn2t5F6uCzH-500-80.jpg.webp 500w, https:\/\/cdn.mos.cms.futurecdn.net\/NzRzmTrJc2Hgn2t5F6uCzH-450-80.jpg.webp 450w, https:\/\/cdn.mos.cms.futurecdn.net\/NzRzmTrJc2Hgn2t5F6uCzH-320-80.jpg.webp 320w\" sizes=\"(min-width: 900px) 925px, (min-width: 700px) 450px, calc(100vw - 48px)\" \/><\/div>\n<p><span class=\"custom-subheading-styles\">Teams &amp; Riders<\/span><span class=\"text-base text-black font-bold mx-0 my-2.5 p-0 block custom-text-styles\">&#8216;Finally had everything go to plan&#8217; \u2013 New Zealand&#8217;s Matthew Wilson moves past foiled finishes to claim first Life Time Grand Prix podium in Leadville<\/span><\/div>\n<div class=\"relative recirc-feed sponsored-card min-h-[250px]\" data-recirc-id=\"article-river-stacked-ads:native-cards\" data-mrf-recirculation=\"article-river-ads\" data-nosnippet data-ad-slot-path=\"feed-sponsored-post\" data-attribute-device=\"all\">\n<div class=\"max-w-full sponsored-post--placeholder animate-pulse\">\n<div class=\"relative!\"><span class=\"text-base text-black font-bold mx-0 my-2.5 p-0 block bg-gray-100\">\u00a0<br \/>\u00a0<\/span><\/div>\n<\/div>\n<\/div>\n<\/div>\n<\/div>\n<\/aside>\n<aside class=\"w-full\" data-nosnippet data-mrf-recirculation=\"article-river-stacked\">\n<div data-recirc-id=\"article-river-stacked-solr:latest-articletype\">\n<div class=\"text-white py-4 px-3 mb-4 bg-[#333] uppercase font-bold custom-header-styles\">Latest in News<\/div>\n<div class=\"grid grid-cols-1 gap-4 mt-4 mb-5\">\n<div>\n<div class=\"aspect-[var(--img-listing-aspect-ratio,16\/9)] relative mb-3.5\">\n    <source type=\"image\/webp\" srcset=\"https:\/\/cdn.mos.cms.futurecdn.net\/NmTFaZugsyPHYYiivsi9wN-840-80.jpg.webp 840w, https:\/\/cdn.mos.cms.futurecdn.net\/NmTFaZugsyPHYYiivsi9wN-650-80.jpg.webp 650w, https:\/\/cdn.mos.cms.futurecdn.net\/NmTFaZugsyPHYYiivsi9wN-500-80.jpg.webp 500w, https:\/\/cdn.mos.cms.futurecdn.net\/NmTFaZugsyPHYYiivsi9wN-450-80.jpg.webp 450w, https:\/\/cdn.mos.cms.futurecdn.net\/NmTFaZugsyPHYYiivsi9wN-320-80.jpg.webp 320w\" sizes=\"(min-width: 900px) 925px, (min-width: 700px) 450px, calc(100vw - 48px)\" \/><\/div>\n<p><span class=\"custom-subheading-styles\">Transfers<\/span><span class=\"text-base text-black font-bold mx-0 my-2.5 p-0 block custom-text-styles\">Leading sprinter and Classics specialist Arnaud De Lie confirms signing with Tudor until end of 2030<\/span><\/div>\n<div class=\"relative recirc-feed sponsored-card min-h-[250px]\" data-recirc-id=\"article-river-stacked-ads:native-cards\" data-mrf-recirculation=\"article-river-ads\" data-nosnippet data-ad-slot-path=\"feed-sponsored-post\" data-attribute-device=\"all\">\n<div class=\"max-w-full sponsored-post--placeholder animate-pulse\">\n<div class=\"relative!\"><span class=\"text-base text-black font-bold mx-0 my-2.5 p-0 block bg-gray-100\">\u00a0<br \/>\u00a0<\/span><\/div>\n<\/div>\n<\/div>\n<div>\n<div class=\"aspect-[var(--img-listing-aspect-ratio,16\/9)] relative mb-3.5\">\n    <source type=\"image\/webp\" srcset=\"https:\/\/cdn.mos.cms.futurecdn.net\/L2R7ycKXtrUQqbuojPkc5V-840-80.jpg.webp 840w, https:\/\/cdn.mos.cms.futurecdn.net\/L2R7ycKXtrUQqbuojPkc5V-650-80.jpg.webp 650w, https:\/\/cdn.mos.cms.futurecdn.net\/L2R7ycKXtrUQqbuojPkc5V-500-80.jpg.webp 500w, https:\/\/cdn.mos.cms.futurecdn.net\/L2R7ycKXtrUQqbuojPkc5V-450-80.jpg.webp 450w, https:\/\/cdn.mos.cms.futurecdn.net\/L2R7ycKXtrUQqbuojPkc5V-320-80.jpg.webp 320w\" sizes=\"(min-width: 900px) 925px, (min-width: 700px) 450px, calc(100vw - 48px)\" \/><\/div>\n<p><span class=\"custom-subheading-styles\">Transfers<\/span><span class=\"text-base text-black font-bold mx-0 my-2.5 p-0 block custom-text-styles\">Pinarello-Q36.5 sign deal with talented young American racer AJ August for 2027<\/span><\/div>\n<div class=\"relative recirc-feed sponsored-card min-h-[250px]\" data-recirc-id=\"article-river-stacked-ads:native-cards\" data-mrf-recirculation=\"article-river-ads\" data-nosnippet data-ad-slot-path=\"feed-sponsored-post\" data-attribute-device=\"all\">\n<div class=\"max-w-full sponsored-post--placeholder animate-pulse\">\n<div class=\"relative!\"><span class=\"text-base text-black font-bold mx-0 my-2.5 p-0 block bg-gray-100\">\u00a0<br \/>\u00a0<\/span><\/div>\n<\/div>\n<\/div>\n<div>\n<div class=\"aspect-[var(--img-listing-aspect-ratio,16\/9)] relative mb-3.5\">\n    <source type=\"image\/webp\" srcset=\"https:\/\/cdn.mos.cms.futurecdn.net\/Sn6hGjVFiD66r26MKqkJVV-840-80.jpg.webp 840w, https:\/\/cdn.mos.cms.futurecdn.net\/Sn6hGjVFiD66r26MKqkJVV-650-80.jpg.webp 650w, https:\/\/cdn.mos.cms.futurecdn.net\/Sn6hGjVFiD66r26MKqkJVV-500-80.jpg.webp 500w, https:\/\/cdn.mos.cms.futurecdn.net\/Sn6hGjVFiD66r26MKqkJVV-450-80.jpg.webp 450w, https:\/\/cdn.mos.cms.futurecdn.net\/Sn6hGjVFiD66r26MKqkJVV-320-80.jpg.webp 320w\" sizes=\"(min-width: 900px) 925px, (min-width: 700px) 450px, calc(100vw - 48px)\" \/><\/div>\n<p><span class=\"custom-subheading-styles\">Women&#8217;s Cycling<\/span><span class=\"text-base text-black font-bold mx-0 my-2.5 p-0 block custom-text-styles\">&#8216;I&#8217;m certainly not done with this season yet&#8217; \u2013 Demi Vollering sends warning to her rivals ahead of the World Championships<\/span><\/div>\n<div class=\"relative recirc-feed sponsored-card min-h-[250px]\" data-recirc-id=\"article-river-stacked-ads:native-cards\" data-mrf-recirculation=\"article-river-ads\" data-nosnippet data-ad-slot-path=\"feed-sponsored-post\" data-attribute-device=\"all\">\n<div class=\"max-w-full sponsored-post--placeholder animate-pulse\">\n<div class=\"relative!\"><span class=\"text-base text-black font-bold mx-0 my-2.5 p-0 block bg-gray-100\">\u00a0<br \/>\u00a0<\/span><\/div>\n<\/div>\n<\/div>\n<div>\n<div class=\"aspect-[var(--img-listing-aspect-ratio,16\/9)] relative mb-3.5\">\n    <source type=\"image\/webp\" srcset=\"https:\/\/cdn.mos.cms.futurecdn.net\/yp6WXumSRMP7CpmkYLQVq3-840-80.jpg.webp 840w, https:\/\/cdn.mos.cms.futurecdn.net\/yp6WXumSRMP7CpmkYLQVq3-650-80.jpg.webp 650w, https:\/\/cdn.mos.cms.futurecdn.net\/yp6WXumSRMP7CpmkYLQVq3-500-80.jpg.webp 500w, https:\/\/cdn.mos.cms.futurecdn.net\/yp6WXumSRMP7CpmkYLQVq3-450-80.jpg.webp 450w, https:\/\/cdn.mos.cms.futurecdn.net\/yp6WXumSRMP7CpmkYLQVq3-320-80.jpg.webp 320w\" sizes=\"(min-width: 900px) 925px, (min-width: 700px) 450px, calc(100vw - 48px)\" \/><\/div>\n<p><span class=\"custom-subheading-styles\">Transfers<\/span><span class=\"text-base text-black font-bold mx-0 my-2.5 p-0 block custom-text-styles\">Paul Seixas draws a line under intense transfer speculation with confirmation of team for 2027<\/span><\/div>\n<div class=\"relative recirc-feed sponsored-card min-h-[250px]\" data-recirc-id=\"article-river-stacked-ads:native-cards\" data-mrf-recirculation=\"article-river-ads\" data-nosnippet data-ad-slot-path=\"feed-sponsored-post\" data-attribute-device=\"all\">\n<div class=\"max-w-full sponsored-post--placeholder animate-pulse\">\n<div class=\"relative!\"><span class=\"text-base text-black font-bold mx-0 my-2.5 p-0 block bg-gray-100\">\u00a0<br \/>\u00a0<\/span><\/div>\n<\/div>\n<\/div>\n<div>\n<div class=\"aspect-[var(--img-listing-aspect-ratio,16\/9)] relative mb-3.5\">\n    <source type=\"image\/webp\" srcset=\"https:\/\/cdn.mos.cms.futurecdn.net\/BA34nJiPUVCN2EN7yKmEC7-840-80.jpg.webp 840w, https:\/\/cdn.mos.cms.futurecdn.net\/BA34nJiPUVCN2EN7yKmEC7-650-80.jpg.webp 650w, https:\/\/cdn.mos.cms.futurecdn.net\/BA34nJiPUVCN2EN7yKmEC7-500-80.jpg.webp 500w, https:\/\/cdn.mos.cms.futurecdn.net\/BA34nJiPUVCN2EN7yKmEC7-450-80.jpg.webp 450w, https:\/\/cdn.mos.cms.futurecdn.net\/BA34nJiPUVCN2EN7yKmEC7-320-80.jpg.webp 320w\" sizes=\"(min-width: 900px) 925px, (min-width: 700px) 450px, calc(100vw - 48px)\" \/><\/div>\n<p><span class=\"custom-subheading-styles\">Racing<\/span><span class=\"text-base text-black font-bold mx-0 my-2.5 p-0 block custom-text-styles\">Primo\u017e Rogli\u010d expected to race the Vuelta a Espa\u00f1a but with no GC ambitions<\/span><\/div>\n<div class=\"relative recirc-feed sponsored-card min-h-[250px]\" data-recirc-id=\"article-river-stacked-ads:native-cards\" data-mrf-recirculation=\"article-river-ads\" data-nosnippet data-ad-slot-path=\"feed-sponsored-post\" data-attribute-device=\"all\">\n<div class=\"max-w-full sponsored-post--placeholder animate-pulse\">\n<div class=\"relative!\"><span class=\"text-base text-black font-bold mx-0 my-2.5 p-0 block bg-gray-100\">\u00a0<br \/>\u00a0<\/span><\/div>\n<\/div>\n<\/div>\n<div>\n<div class=\"aspect-[var(--img-listing-aspect-ratio,16\/9)] relative mb-3.5\">\n    <source type=\"image\/webp\" srcset=\"https:\/\/cdn.mos.cms.futurecdn.net\/oFHHPQJ4KKJ9XpSBHAhNHC-840-80.jpg.webp 840w, https:\/\/cdn.mos.cms.futurecdn.net\/oFHHPQJ4KKJ9XpSBHAhNHC-650-80.jpg.webp 650w, https:\/\/cdn.mos.cms.futurecdn.net\/oFHHPQJ4KKJ9XpSBHAhNHC-500-80.jpg.webp 500w, https:\/\/cdn.mos.cms.futurecdn.net\/oFHHPQJ4KKJ9XpSBHAhNHC-450-80.jpg.webp 450w, https:\/\/cdn.mos.cms.futurecdn.net\/oFHHPQJ4KKJ9XpSBHAhNHC-320-80.jpg.webp 320w\" sizes=\"(min-width: 900px) 925px, (min-width: 700px) 450px, calc(100vw - 48px)\" \/><\/div>\n<p><span class=\"custom-subheading-styles\">Racing<\/span><span class=\"text-base text-black font-bold mx-0 my-2.5 p-0 block custom-text-styles\">Jonas Vingegaard out for rest of season with no return possible after crash<\/span><\/div>\n<div class=\"relative recirc-feed sponsored-card min-h-[250px]\" data-recirc-id=\"article-river-stacked-ads:native-cards\" data-mrf-recirculation=\"article-river-ads\" data-nosnippet data-ad-slot-path=\"feed-sponsored-post\" data-attribute-device=\"all\">\n<div class=\"max-w-full sponsored-post--placeholder animate-pulse\">\n<div class=\"relative!\"><span class=\"text-base text-black font-bold mx-0 my-2.5 p-0 block bg-gray-100\">\u00a0<br \/>\u00a0<\/span><\/div>\n<\/div>\n<\/div>\n<\/div>\n<\/div>\n<\/aside>\n<\/section>\n<\/div>\n<\/div>\n<\/div>\n<div id=\"widgetArea17\" class=\"widget-area md:basis-1\/3 widget-area-g-md-vp-1-3 widget-area-g-lg-vp-1-3 widget-area-g-xl-vp-1-3 page-widget-area-17\">\n<div data-widget-type=\"dynamic\" id=\"popular-data\" class=\"clear-both widget widget-dynamic widget-popular-data widget-dynamic-popular-data widget-dynamic-fter-popular-box\">\n<div class=\"wdn-fte-pb pos-relative space-t20\n\"><\/p>\n<div class=\"slice-container popular-box-slice\">\n<section class=\"popular-box\" data-component-name=\"Slice:PopularBox\">\n<div class=\"popular-box__label\">\n<div class=\"popular-box__label__tab popular-box__label__tab--active\" role=\"heading\">\nLATEST ARTICLES\n<\/div>\n<\/div>\n<ol class=\"popular-box__articles-list popular-box__articles-list--active\">\n<li class=\"popular-box__article-list\">\n<div class=\"popular-box__article-list__container\">\n<div class=\"popular-box__article-list__image-wrapper\">\n<div>\n<source type=\"image\/webp\" srcset=\"https:\/\/cdn.mos.cms.futurecdn.net\/f49oSFKGJLp9Q6rYAYDwTF-1280-80.jpg.webp 1280w, https:\/\/cdn.mos.cms.futurecdn.net\/f49oSFKGJLp9Q6rYAYDwTF-720-80.jpg.webp 720w, https:\/\/cdn.mos.cms.futurecdn.net\/f49oSFKGJLp9Q6rYAYDwTF-640-80.jpg.webp 640w, https:\/\/cdn.mos.cms.futurecdn.net\/f49oSFKGJLp9Q6rYAYDwTF-320-80.jpg.webp 320w\" sizes=\"99vw\" \/><\/div>\n<\/div>\n<div class=\"popular-box__article-list__content\">\n<div class=\"popular-box__article-list__number-text\">1<\/div>\n<div class=\"popular-box__article-list__heading\">\n<p>American Criterium Cup: Aline Seitz holds off Skylar Schneider while Justin Williams earns men&#8217;s sprint victory on tight circuit in Salt Lake City<\/p>\n<\/div>\n<\/div>\n<\/div>\n<\/li>\n<li class=\"popular-box__article-list\">\n<div class=\"popular-box__article-list__container\">\n<div class=\"popular-box__article-list__content\">\n<div class=\"popular-box__article-list__number-text\">2<\/div>\n<div class=\"popular-box__article-list__heading\">\n<p>&#8216;The Leadville nobody knew&#8217; \u2013 Revised course eliminates final &#8216;gut punch&#8217; of Powerline climb but Columbine and elevation keep you humble<\/p>\n<\/div>\n<\/div>\n<\/div>\n<\/li>\n<li class=\"popular-box__article-list\">\n<div class=\"popular-box__article-list__container\">\n<div class=\"popular-box__article-list__content\">\n<div class=\"popular-box__article-list__number-text\">3<\/div>\n<div class=\"popular-box__article-list__heading\">\n<p>Leading sprinter and Classics specialist Arnaud De Lie confirms signing with Tudor until end of 2030<\/p>\n<\/div>\n<\/div>\n<\/div>\n<\/li>\n<li class=\"popular-box__article-list\">\n<div class=\"popular-box__article-list__container\">\n<div class=\"popular-box__article-list__content\">\n<div class=\"popular-box__article-list__number-text\">4<\/div>\n<div class=\"popular-box__article-list__heading\">\n<p>Specialized&#8217;s S-Works Recon Evo are great shoes, but they come at a great expense<\/p>\n<\/div>\n<\/div>\n<\/div>\n<\/li>\n<li class=\"popular-box__article-list\">\n<div class=\"popular-box__article-list__container\">\n<div class=\"popular-box__article-list__content\">\n<div class=\"popular-box__article-list__number-text\">5<\/div>\n<div class=\"popular-box__article-list__heading\">\n<p>Pinarello-Q36.5 sign deal with talented young American racer AJ August for 2027<\/p>\n<\/div>\n<\/div>\n<\/div>\n<\/li>\n<\/ol>\n<\/section>\n<\/div>\n<\/div>\n<\/div>\n<\/div>\n<\/div>\n<\/article>\n<article class=\"page-content-onecol flex-1\nnews-article article\n\"><\/p>\n<div class=\"widget-area-group widget-area-group-2col flex flex-wrap box-border\">\n<div id=\"widgetArea16\" class=\"widget-area basis-full md:basis-2\/3 widget-area-g-md-vp-2-3 widget-area-g-lg-vp-2-3 widget-area-g-xl-vp-2-3 page-widget-area-16\">\n<div data-widget-type=\"hero\" id=\"hero\" class=\"clear-both widget widget-hero widget-hero widget-hero-hero widget-hero widget-hero-fter-news\">\n<div class=\"news-article\">\n<header data-component-name=\"Article:Hero\">\n<nav class=\"breadcrumb\" aria-label=\"Breadcrumbs\">\n<ol>\n<li>\nPro Cycling\n<\/li>\n<li>\nRacing\n<\/li>\n<li>\nMountain Bike\n<\/li>\n<\/ol>\n<\/nav>\n<h1>Mathieu van der Poel&#8217;s 2026 mountain bike return confirmed with place on World Cup start list at Les Gets<\/h1>\n<div class=\"byline-social\">\n<div class=\"vds-byline-block flex flex-row flex-nowrap my-1.5 gap-2 text-left items-start justify-start\" data-component-name=\"Article:BylineBlock\">\n<p>News<\/p>\n<div class=\"my-auto vds-simple-byline\"><span class=\"inline-block vds-author\"><br \/>\nBy<br \/>\nSimone Giuliani <\/span><\/p>\n<div class=\"flex gap-1 vds-byline-with-avatar__meta\"><span class=\"vds-date block font-normal tracking-normal normal-case text-xs\"><br \/>\nPublished<br \/>\n<time data-component-name=\"UI:DateTime\" datetime=\"2026-08-18T02:39:39Z\" class=\"relative-date\"><br \/>\n18 August 2026<br \/>\n<\/time><\/span><\/div>\n<\/div>\n<\/div>\n<p class=\"strapline\">Alpecin-Premier Tech rider locked in for first mountain bike race of season just a week ahead of Val di Sole World Championships<\/p>\n<\/div>\n<aside class=\"text-gray-700 flex items-center mx-0 my-5 p-0 justify-start text-left\" id=\"affiliate-disclaimer\" data-component-name=\"AffiliateDisclaimer\" data-hawk-message=\"Affiliate disclaimer removed because hawk deemed there are no affiliate links on this page\">\n<p class=\"text-[color:var(--affiliate-disclaimer--text-color,inherit)] mb-2 text-[length:var(--affiliate-disclaimer--font-size,0.75rem)] leading-[18px] md:text-[13px] [&amp;&gt;a]:text-inherit [&amp;&gt;a]:underline\">\nWhen you purchase through links on our site, we may earn an affiliate commission. Here\u2019s how it works.\n<\/p>\n<\/aside>\n<\/header>\n<\/div>\n<\/div>\n<div data-widget-type=\"contentparsed\" id=\"content\" class=\"clear-both widget widget-contentparsed widget-content widget-contentparsed-content widget-content-parsed widget-content-parsed-content_document \">\n<div class=\"wcp-item-content\">\n<section class=\"content-wrapper\">\n<div class=\"box less-space hero-image-wrapper\">\n<figure class=\"mb-0\">\n<source type=\"image\/webp\" srcset=\"https:\/\/cdn.mos.cms.futurecdn.net\/RyT39Rm6mVMRSyhLcSCtYe-1920-80.jpg.webp 1920w, https:\/\/cdn.mos.cms.futurecdn.net\/RyT39Rm6mVMRSyhLcSCtYe-1600-80.jpg.webp 1600w, https:\/\/cdn.mos.cms.futurecdn.net\/RyT39Rm6mVMRSyhLcSCtYe-1200-80.jpg.webp 1200w, https:\/\/cdn.mos.cms.futurecdn.net\/RyT39Rm6mVMRSyhLcSCtYe-1024-80.jpg.webp 1024w, https:\/\/cdn.mos.cms.futurecdn.net\/RyT39Rm6mVMRSyhLcSCtYe-970-80.jpg.webp 970w, https:\/\/cdn.mos.cms.futurecdn.net\/RyT39Rm6mVMRSyhLcSCtYe-750-80.jpg.webp 750w, https:\/\/cdn.mos.cms.futurecdn.net\/RyT39Rm6mVMRSyhLcSCtYe-650-80.jpg.webp 650w, https:\/\/cdn.mos.cms.futurecdn.net\/RyT39Rm6mVMRSyhLcSCtYe-480-80.jpg.webp 480w, https:\/\/cdn.mos.cms.futurecdn.net\/RyT39Rm6mVMRSyhLcSCtYe-320-80.jpg.webp 320w\" sizes=\"(min-width: 1000px) 600px, 100vw\" \/><figcaption class=\"font-article-copy text-(--image--text--color) font-article-copy mt-2\"><span class=\"caption-text font-article-copy\">Mathieu van der Poel (Alpecin-Premier Tech) earlier this year on the road<\/span><span class=\"credit font-article-copy\">(Image credit: Getty Images)<\/span><\/figcaption><\/figure>\n<\/div>\n<div id=\"article-body\" class=\"text-copy bodyCopy auto paywall-locker\">\n<div data-analytics-id=\"utility-bar\" id=\"utility-bar\" class=\"font-ui-heading flex justify-between items-center py-2 border-t border-b border-gray-300 border-solid mb-5 mx-auto\" data-component-name=\"UtilityBar\" data-mrf-recirculation=\"utility-bar\">\n<div class=\"flex gap-2 text-[#333] subcontainer\">\n<div class=\"relative tooltip-container\" role=\"tooltip\">\n<div data-component-name=\"Social:Dropdown\" role=\"menu\" id=\"utilitybar__dropdown--share\" aria-labelledby=\"utilitybar__button--share\" class=\"absolute left-0 top-full w-44 bg-white rounded-md shadow-md border border-neutral-200 z-[9996] list-none m-0 py-2 px-3 border-solid\">\n<ul class=\"m-0!\">\n<li class=\"!p-0 !m-0 list-none border-b border-gray-200 border-solid\">\n<li class=\"!p-0 !m-0 list-none border-b border-gray-200 border-solid\">\n<p>Facebook<\/p>\n<\/li>\n<li class=\"!p-0 !m-0 list-none border-b border-gray-200 border-solid\">\n<p>X<\/p>\n<\/li>\n<li class=\"!p-0 !m-0 list-none border-b border-gray-200 border-solid\">\n<p>Pinterest<\/p>\n<\/li>\n<li class=\"!p-0 !m-0 list-none border-b border-gray-200 border-solid\">\n<p>Email<\/p>\n<\/li>\n<\/ul>\n<\/div>\n<div class=\"font-ui-heading max-sm:hidden tooltip absolute left-1\/2 bg-gray-900 text-white text-xs leading-none px-3 py-1.5 rounded-md z-[10001] whitespace-nowrap\" id=\"tooltip-share-this-article\" role=\"tooltip\" aria-hidden=\"true\">\nShare this article\n<\/div>\n<\/div>\n<div class=\"relative tooltip-container\" role=\"tooltip\"><span class=\"ml-1 inline-flex h-5 px-2 shrink-0 items-center justify-center self-center overflow-hidden whitespace-nowrap rounded-[10px] bg-primary-500 text-[11px] leading-none font-ui-heading font-semibold text-white\">0<\/span><\/p>\n<div class=\"font-ui-heading max-sm:hidden tooltip absolute left-1\/2 bg-gray-900 text-white text-xs leading-none px-3 py-1.5 rounded-md z-[10001] whitespace-nowrap\" id=\"tooltip-join-the-conversation\" role=\"tooltip\" aria-hidden=\"true\">\nJoin the conversation\n<\/div>\n<\/div>\n<\/div>\n<div class=\"flex gap-2 text-[#333] subcontainer\">\n<div class=\"relative tooltip-container\" role=\"tooltip\">\n<p>Follow us<\/p>\n<div class=\"font-ui-heading max-sm:hidden tooltip absolute left-1\/2 bg-gray-900 text-white text-xs leading-none px-3 py-1.5 rounded-md z-[10001] whitespace-nowrap\" id=\"tooltip-add-us-as-a-preferred-source-on-google\" role=\"tooltip\" aria-hidden=\"true\">\nAdd us as a preferred source on Google\n<\/div>\n<\/div>\n<div class=\"relative tooltip-container\" role=\"tooltip\">\n<div class=\"font-ui-heading max-sm:hidden tooltip absolute left-1\/2 bg-gray-900 text-white text-xs leading-none px-3 py-1.5 rounded-md z-[10001] whitespace-nowrap\" id=\"tooltip-subscribe-to-our-newsletter\" role=\"tooltip\" aria-hidden=\"true\">\nSubscribe to our newsletter\n<\/div>\n<\/div>\n<\/div>\n<\/div>\n<p id=\"elk-06da3bd6-9aa7-11f1-986d-f524372ba926\">After walking away from the final day of racing at the Tour de France with another stage victory, Mathieu van der Poel has turned his attention to mountain biking, with it now confirmed that the Alpecin-Premier Tech rider has signed up for the Les Gets round of the Whoop UCI Mountain Bike World Series .<\/p>\n<p>Van der Poel hasn&#8217;t raced the off-road discipline since last season, where he lined up at May&#8217;s Nov\u00e9 Mesto before taking on Les Gets as a lead in race to the World Championships, where he came 29th.<\/p>\n<p id=\"elk-06da3bd6-9aa7-11f1-986d-f524372ba926-2\" aria-hidden=\"true\" class=\"kiosq-b\">There had been an expectation that his World Series racing would once again begin in Nov\u00e9 Mesto this year, but that was a plan that didn&#8217;t come to fruition. Now, however, both the race series and his team have confirmed with social media announcements that he is planning to head to the August 21-23 round, where he finished sixth last year.<\/p>\n<div class=\"my-6 w-full overflow-hidden rounded-[10px] lg:my-8\" data-component-name=\"JwPlayer:Carousel\" data-jwp-carousel data-jwp-carousel-payload=\"{&quot;ids&quot;:{&quot;playerID&quot;:&quot;jYDCcabO&quot;,&quot;searchPlaylistID&quot;:&quot;gwjdoYHD&quot;,&quot;divID&quot;:&quot;botr_gwjdoYHD_jYDCcabO_div&quot;,&quot;fallbackPlaylistID&quot;:&quot;gwjdoYHD&quot;,&quot;fallbackDivID&quot;:&quot;botr_gwjdoYHD_jYDCcabO_div&quot;,&quot;key&quot;:&quot;X9\/mXVGac0NphghLH9hZaqWA5d3dhAM\/Ih07grnEyMLjuO2E&quot;,&quot;tintLogo&quot;:true,&quot;useSearchPlaylist&quot;:false,&quot;enabled&quot;:true},&quot;signPostingEnabled&quot;:true,&quot;signPostingLinkEnabled&quot;:true,&quot;waitForAdLoad&quot;:false,&quot;hidePlayerOnDesktop&quot;:false,&quot;hidePlayerOnMobile&quot;:false,&quot;hidePlayerOnTablet&quot;:false}\">\n<div class=\"flex flex-nowrap items-center justify-between gap-3 bg-zinc-900 px-[14px] py-3\" data-jwp-carousel-header>\n<div class=\"flex min-w-0 shrink items-center\"><span class=\"inline-flex items-center gap-1.5 text-sm font-article-heading capitalize leading-5 text-white whitespace-nowrap\"><span class=\"jwp-carousel-title-desktop\">Latest Videos From<\/span><span class=\"jwp-carousel-brand\">Cyclingnews<\/span><\/span><\/div>\n<\/div>\n<div class=\"min-h-[44px] bg-zinc-900 px-[14px] py-3\" data-jwp-carousel-signposting><a class=\"invisible block truncate text-sm font-bold leading-5 text-white underline decoration-solid underline-offset-2\" data-jwp-carousel-signposting-link href target=\"_blank\" rel=\"noopener noreferrer\"><span data-jwp-carousel-signposting-title>Watch full video here: <\/span><\/a><\/div>\n<\/div>\n<p aria-hidden=\"true\" class=\"kiosq-b\">The Les Gets entry to the fray leaves just a week between Van der Poel&#8217;s return to racing in the discipline for the season and the UCI Mountain Bike World Championships in Italy. The elite short-track races (XCC) are to be held on Thursday August 27 and the Cross-Country Olympic (XCO) on Sunday August 30 in Val di Sole.<\/p>\n<p aria-hidden=\"true\" class=\"kiosq-b\">Van der Poel has won world titles on the road, gravel and in cyclo-cross but the mountain bike rainbow jersey has proven elusive, although he did make it onto the podium in 2018, a year that also included numerous World Cup rounds.<\/p>\n<aside data-component-name=\"Recirculation:ArticleRiver\" data-recirculation-type=\"inline\" data-mrf-recirculation=\"Trending Bar\" data-nosnippet class=\"clear-both pt-2 pb-0 mb-4\"><span class=\"\n            flex\n            after:content-[&apos;&apos;] after:flex-1 after:ml-4 after:my-[0.7rem] after:border-t after:border-solid after:border-t-[#ccc]\n            before:content-[&apos;&apos;] before:flex-1 before:mr-4 before:my-[0.7rem] before:border-t before:border-solid before:border-t-[#ccc]\n            font-article-heading pb-0 text-[length:var(--article-river-title--font-size,1em)] uppercase sm:text-[length:var(--article-river-title--font-size,0.875em)] font-bold\n        \"><br \/>\n            You may like<br \/>\n        <\/span><\/p>\n<ul class=\"flex flex-col gap-0 m-0 max-w-full\">\n<li class=\"m-0 list-none border-b border-solid border-[#ededed] py-2\" data-recirculation-id=\"recirculation-card-1\" id=\"recirculation-inline-1\" data-analytics-id=\"recirculation-inline-1\" data-mrf-recirculation=\"recirculation-inline-1\">\n    <source type=\"image\/webp\" srcset=\"https:\/\/cdn.mos.cms.futurecdn.net\/ZxYndGarDesyHrX2GqKSPg-250-80.jpg.webp 250w, https:\/\/cdn.mos.cms.futurecdn.net\/ZxYndGarDesyHrX2GqKSPg-150-80.jpg.webp 150w\" sizes=\"150px\" \/><span class=\"w-full text-base font-[var(--article-river-item--font-weight,500)] font-article-heading line-clamp-3 md:line-clamp-2\">No, Mathieu van der Poel won&#8217;t be racing the MTB World Cup this weekend, despite organiser&#8217;s announcement<\/span><\/li>\n<li class=\"m-0 list-none border-b border-solid border-[#ededed] py-2\" data-recirculation-id=\"recirculation-card-2\" id=\"recirculation-inline-2\" data-analytics-id=\"recirculation-inline-2\" data-mrf-recirculation=\"recirculation-inline-2\">\n    <source type=\"image\/webp\" srcset=\"https:\/\/cdn.mos.cms.futurecdn.net\/zZQczw9zXdrezwYvEaGTDb-250-80.jpg.webp 250w, https:\/\/cdn.mos.cms.futurecdn.net\/zZQczw9zXdrezwYvEaGTDb-150-80.jpg.webp 150w\" sizes=\"150px\" \/><span class=\"w-full text-base font-[var(--article-river-item--font-weight,500)] font-article-heading line-clamp-3 md:line-clamp-2\">&#8216;It will never be ideal&#8217; \u2013 Mathieu van der Poel still struggling to balance mountain bike and road racing<\/span><\/li>\n<li class=\"m-0 list-none border-b border-solid border-[#ccc] py-2\" data-recirculation-id=\"recirculation-card-3\" id=\"recirculation-inline-3\" data-analytics-id=\"recirculation-inline-3\" data-mrf-recirculation=\"recirculation-inline-3\">\n    <source type=\"image\/webp\" srcset=\"https:\/\/cdn.mos.cms.futurecdn.net\/h5sukTc6SadZ9sgH6KUTS4-250-80.jpg.webp 250w, https:\/\/cdn.mos.cms.futurecdn.net\/h5sukTc6SadZ9sgH6KUTS4-150-80.jpg.webp 150w\" sizes=\"150px\" \/><span class=\"w-full text-base font-[var(--article-river-item--font-weight,500)] font-article-heading line-clamp-3 md:line-clamp-2\">Mathieu van der Poel to build for Tour de France via return to Tour de Suisse for first time since 2021<\/span><\/li>\n<\/ul>\n<\/aside>\n<p aria-hidden=\"true\" class=\"kiosq-b\">The talented multi-discipline rider has significantly ramped up his race days on the road since then and has faced some challenges while sporadically dipping into mountain bike racing. There have been successes \u2013 such as the 2021 Albstadt and Nov\u00e9 Mesto short track wins and also second in the XCO at the Czech round \u2013 but there have also been DNF&#8217;s and crashes with a crash taking him out of the Tokyo Olympics and also two in his Nov\u00e9 Mesto foray last year.<\/p>\n<p aria-hidden=\"true\" class=\"kiosq-b\">The reigning cyclo-cross world champion, who has already picked up six WorldTour wins on the road this year, has long made it clear that chasing that missing title remains a priority, even if a fast-tracked preparation following the Tour de France isn&#8217;t ideal. In fact just this week Van der Poel has been putting out posts on social media from the Val di Sole area, where this year&#8217;s rainbow jersey battle is set to unfold. It is a location where he has tasted victory before, winning both the XCC and XCO at the 2019 World Cup round there.<\/p>\n<div id=\"slice-container-newsletterForm-articleInbodyContent-4S3bS6XzZRaxfmBgAykXE3\" class=\"slice-container newsletter-inbodyContent-slice newsletterForm-articleInbodyContent-4S3bS6XzZRaxfmBgAykXE3 slice-container-newsletterForm\">\n<div data-hydrate=\"true\" class=\"newsletter-form__wrapper newsletter-form__wrapper--inbodyContent\">\n<div class=\"newsletter-form__container\">\n<section class=\"newsletter-form__top-bar\">\n<div class=\"newsletter-form__header\">Get The Leadout Newsletter<\/div>\n<\/section>\n<section class=\"newsletter-form__main-section\">\n<p class=\"newsletter-form__strapline\">The latest race content, interviews, features, reviews and expert buying guides, direct to your inbox!<\/p>\n<footer class=\"newsletter-form__footer \">By submitting your information you agree to the Terms &amp; Conditions and Privacy Policy and are aged 16 or over.<\/footer>\n<\/section>\n<\/div>\n<\/div>\n<\/div>\n<p aria-hidden=\"true\" class=\"kiosq-b\">This time, however, Van der Poel is no longer a mountain bike regular and on top of facing rivals that have been on the start line from the start of the 2026 series in May at Mona Yongpyong, there is also another of his Tour de France rivals expected to be on the start line this year, Tom Pidcock. The British rider claimed both Olympic gold and the mountain bike world title in 2024 and also managed to squeeze in the Nov\u00e9 Mesto round this year, where he took his fifth win in as many starts.<\/p>\n<\/div>\n<div id=\"slice-container-authorBio-4S3bS6XzZRaxfmBgAykXE3\" class=\"slice-container slice-author-bio authorBio-4S3bS6XzZRaxfmBgAykXE3 slice-container-authorBio\">\n<div class=\"author author__default-layout author--separator author--collapsible\" data-hydrate=\"true\">\n<div class=\"author__header\">\n<div class=\"author__avatar-block\">\n<figure class=\"image-wrapped__wrapper\" data-bordeaux-image-check=\"false\">\n<div class=\"image-wrapped__widthsetter\">\n<div class=\"image-wrapped__aspect-padding\">\n<div><source class=\"author__avatar image-wrapped__image image__image\" type=\"image\/webp\" srcset=\"https:\/\/cdn.mos.cms.futurecdn.net\/RUKCQmBBgAFRGkijgpLyah-140-80.jpg.webp 140w\" sizes=\"99vw\" data-normal=\"https:\/\/cdn.mos.cms.futurecdn.net\/RUKCQmBBgAFRGkijgpLyah.jpg\" data-original-mos=\"https:\/\/cdn.mos.cms.futurecdn.net\/RUKCQmBBgAFRGkijgpLyah.jpg\" data-pin-media=\"https:\/\/cdn.mos.cms.futurecdn.net\/RUKCQmBBgAFRGkijgpLyah.jpg\" data-pin-nopin=\"true\" data-slice-image=\"true\" \/><\/div>\n<\/div>\n<\/div>\n<\/figure>\n<\/div>\n<div class=\"author__heading\">\n<div class=\"author__name\">Simone Giuliani<\/div>\n<div class=\"author__social\">\n<nav class=\"button-social-group author__social-buttons\" aria-labelledby=\"button-social-group- author__social-buttons\">\n<div id=\"button-social-group- author__social-buttons\">Social Links Navigation<\/div>\n<\/nav>\n<\/div>\n<div class=\"author__role\">Australia Editor<\/div>\n<\/div>\n<\/div>\n<div class=\"author__bio-wrapper\">\n<div class=\"author__biography\">\n<p>Simone is a degree-qualified journalist that has accumulated decades of wide-ranging experience while working across a variety of leading media organisations. She joined <em>Cyclingnews<\/em> as a Production Editor at the start of the 2021 season and has now moved into the role of Australia Editor. Previously she worked as a freelance writer, Australian Editor at <em>Ella CyclingTips<\/em> and as a correspondent for <em>Reuters<\/em> and <em>Bloomberg<\/em>. Cycling was initially purely a leisure pursuit for Simone, who started out as a business journalist, but in 2015 her career focus also shifted to the sport.<\/p>\n<\/div>\n<\/div>\n<\/div>\n<\/div>\n<\/section>\n<div class=\"relative max-w-[1070px] viafoura-twig-component mt-6 mx-4 lg:mx-0\" data-component-name=\"Viafoura:Comments\" data-nosnippet data-community-guidelines-text=\"&lt;p class=&apos;vfcustom-community-guidelines&apos;&gt;Please follow our &lt;a href=&quot;https:\/\/www.cyclingnews.com\/about\/#section-community-guidelines&quot; target=&quot;_blank&quot;&gt;community guidelines&lt;\/a&gt;.&lt;\/p&gt;\" data-join-the-conversation-text=\"Join the Conversation\">\n<div class=\"absolute top-0 left-0 w-full h-full flex items-center justify-center z-50 bg-white\/90 border-1 rounded-b-[var(--comment-widget-border-radius,0)]\">\n<div class=\"p-2 text-center\">\n<p class=\"mb-3 text-lg!\">You must confirm your public display name before commenting<\/p>\n<p class=\"mb-3 text-sm!\">Please logout and then login again, you will then be prompted to enter your display name.<\/p>\n<\/div>\n<\/div>\n<\/div>\n<section class=\"mx-2 my-5 sm:mx-0\">\n<aside class=\"w-full\" data-nosnippet data-mrf-recirculation=\"article-river-stacked\">\n<div data-recirc-id=\"article-river-stacked-adviser:hybrid\">\n<div class=\"text-white py-4 px-3 mb-4 bg-[#333] uppercase font-bold custom-header-styles\">Read more<\/div>\n<div class=\"grid grid-cols-1 gap-4 mt-4 mb-5\">\n<div>\n<div class=\"aspect-[var(--img-listing-aspect-ratio,16\/9)] relative mb-3.5\">\n    <source type=\"image\/webp\" srcset=\"https:\/\/cdn.mos.cms.futurecdn.net\/ZxYndGarDesyHrX2GqKSPg-840-80.jpg.webp 840w, https:\/\/cdn.mos.cms.futurecdn.net\/ZxYndGarDesyHrX2GqKSPg-650-80.jpg.webp 650w, https:\/\/cdn.mos.cms.futurecdn.net\/ZxYndGarDesyHrX2GqKSPg-500-80.jpg.webp 500w, https:\/\/cdn.mos.cms.futurecdn.net\/ZxYndGarDesyHrX2GqKSPg-450-80.jpg.webp 450w, https:\/\/cdn.mos.cms.futurecdn.net\/ZxYndGarDesyHrX2GqKSPg-320-80.jpg.webp 320w\" sizes=\"(min-width: 900px) 925px, (min-width: 700px) 450px, calc(100vw - 48px)\" \/><\/div>\n<p><span class=\"custom-subheading-styles\">Teams &amp; Riders<\/span><span class=\"text-base text-black font-bold mx-0 my-2.5 p-0 block custom-text-styles\">No, Mathieu van der Poel won&#8217;t be racing the MTB World Cup this weekend, despite organiser&#8217;s announcement<\/span><\/div>\n<div class=\"relative recirc-feed sponsored-card min-h-[250px]\" data-recirc-id=\"article-river-stacked-ads:native-cards\" data-mrf-recirculation=\"article-river-ads\" data-nosnippet data-ad-slot-path=\"feed-sponsored-post\" data-attribute-device=\"all\">\n<div class=\"max-w-full sponsored-post--placeholder animate-pulse\">\n<div class=\"relative!\"><span class=\"text-base text-black font-bold mx-0 my-2.5 p-0 block bg-gray-100\">\u00a0<br \/>\u00a0<\/span><\/div>\n<\/div>\n<\/div>\n<div>\n<div class=\"aspect-[var(--img-listing-aspect-ratio,16\/9)] relative mb-3.5\">\n    <source type=\"image\/webp\" srcset=\"https:\/\/cdn.mos.cms.futurecdn.net\/zZQczw9zXdrezwYvEaGTDb-840-80.jpg.webp 840w, https:\/\/cdn.mos.cms.futurecdn.net\/zZQczw9zXdrezwYvEaGTDb-650-80.jpg.webp 650w, https:\/\/cdn.mos.cms.futurecdn.net\/zZQczw9zXdrezwYvEaGTDb-500-80.jpg.webp 500w, https:\/\/cdn.mos.cms.futurecdn.net\/zZQczw9zXdrezwYvEaGTDb-450-80.jpg.webp 450w, https:\/\/cdn.mos.cms.futurecdn.net\/zZQczw9zXdrezwYvEaGTDb-320-80.jpg.webp 320w\" sizes=\"(min-width: 900px) 925px, (min-width: 700px) 450px, calc(100vw - 48px)\" \/><\/div>\n<p><span class=\"custom-subheading-styles\">Teams &amp; Riders<\/span><span class=\"text-base text-black font-bold mx-0 my-2.5 p-0 block custom-text-styles\">&#8216;It will never be ideal&#8217; \u2013 Mathieu van der Poel still struggling to balance mountain bike and road racing<\/span><\/div>\n<div class=\"relative recirc-feed sponsored-card min-h-[250px]\" data-recirc-id=\"article-river-stacked-ads:native-cards\" data-mrf-recirculation=\"article-river-ads\" data-nosnippet data-ad-slot-path=\"feed-sponsored-post\" data-attribute-device=\"all\">\n<div class=\"max-w-full sponsored-post--placeholder animate-pulse\">\n<div class=\"relative!\"><span class=\"text-base text-black font-bold mx-0 my-2.5 p-0 block bg-gray-100\">\u00a0<br \/>\u00a0<\/span><\/div>\n<\/div>\n<\/div>\n<div>\n<div class=\"aspect-[var(--img-listing-aspect-ratio,16\/9)] relative mb-3.5\">\n    <source type=\"image\/webp\" srcset=\"https:\/\/cdn.mos.cms.futurecdn.net\/h5sukTc6SadZ9sgH6KUTS4-840-80.jpg.webp 840w, https:\/\/cdn.mos.cms.futurecdn.net\/h5sukTc6SadZ9sgH6KUTS4-650-80.jpg.webp 650w, https:\/\/cdn.mos.cms.futurecdn.net\/h5sukTc6SadZ9sgH6KUTS4-500-80.jpg.webp 500w, https:\/\/cdn.mos.cms.futurecdn.net\/h5sukTc6SadZ9sgH6KUTS4-450-80.jpg.webp 450w, https:\/\/cdn.mos.cms.futurecdn.net\/h5sukTc6SadZ9sgH6KUTS4-320-80.jpg.webp 320w\" sizes=\"(min-width: 900px) 925px, (min-width: 700px) 450px, calc(100vw - 48px)\" \/><\/div>\n<p><span class=\"custom-subheading-styles\">Racing<\/span><span class=\"text-base text-black font-bold mx-0 my-2.5 p-0 block custom-text-styles\">Mathieu van der Poel to build for Tour de France via return to Tour de Suisse for first time since 2021<\/span><\/div>\n<div class=\"relative recirc-feed sponsored-card min-h-[250px]\" data-recirc-id=\"article-river-stacked-ads:native-cards\" data-mrf-recirculation=\"article-river-ads\" data-nosnippet data-ad-slot-path=\"feed-sponsored-post\" data-attribute-device=\"all\">\n<div class=\"max-w-full sponsored-post--placeholder animate-pulse\">\n<div class=\"relative!\"><span class=\"text-base text-black font-bold mx-0 my-2.5 p-0 block bg-gray-100\">\u00a0<br \/>\u00a0<\/span><\/div>\n<\/div>\n<\/div>\n<div>\n<div class=\"aspect-[var(--img-listing-aspect-ratio,16\/9)] relative mb-3.5\">\n    <source type=\"image\/webp\" srcset=\"https:\/\/cdn.mos.cms.futurecdn.net\/BbiX2eXD8WsmSJdGXAbGx9-840-80.jpg.webp 840w, https:\/\/cdn.mos.cms.futurecdn.net\/BbiX2eXD8WsmSJdGXAbGx9-650-80.jpg.webp 650w, https:\/\/cdn.mos.cms.futurecdn.net\/BbiX2eXD8WsmSJdGXAbGx9-500-80.jpg.webp 500w, https:\/\/cdn.mos.cms.futurecdn.net\/BbiX2eXD8WsmSJdGXAbGx9-450-80.jpg.webp 450w, https:\/\/cdn.mos.cms.futurecdn.net\/BbiX2eXD8WsmSJdGXAbGx9-320-80.jpg.webp 320w\" sizes=\"(min-width: 900px) 925px, (min-width: 700px) 450px, calc(100vw - 48px)\" \/><\/div>\n<p><span class=\"custom-subheading-styles\">Racing<\/span><span class=\"text-base text-black font-bold mx-0 my-2.5 p-0 block custom-text-styles\">&#8216;I have a love-hate relationship with the Tour de France&#8217; \u2013 Mathieu van der Poel prepares for possible final shot at success<\/span><\/div>\n<div class=\"relative recirc-feed sponsored-card min-h-[250px]\" data-recirc-id=\"article-river-stacked-ads:native-cards\" data-mrf-recirculation=\"article-river-ads\" data-nosnippet data-ad-slot-path=\"feed-sponsored-post\" data-attribute-device=\"all\">\n<div class=\"max-w-full sponsored-post--placeholder animate-pulse\">\n<div class=\"relative!\"><span class=\"text-base text-black font-bold mx-0 my-2.5 p-0 block bg-gray-100\">\u00a0<br \/>\u00a0<\/span><\/div>\n<\/div>\n<\/div>\n<div>\n<div class=\"aspect-[var(--img-listing-aspect-ratio,16\/9)] relative mb-3.5\">\n    <source type=\"image\/webp\" srcset=\"https:\/\/cdn.mos.cms.futurecdn.net\/7kjujMzHLDvNBJ6QbuTss5-840-80.jpg.webp 840w, https:\/\/cdn.mos.cms.futurecdn.net\/7kjujMzHLDvNBJ6QbuTss5-650-80.jpg.webp 650w, https:\/\/cdn.mos.cms.futurecdn.net\/7kjujMzHLDvNBJ6QbuTss5-500-80.jpg.webp 500w, https:\/\/cdn.mos.cms.futurecdn.net\/7kjujMzHLDvNBJ6QbuTss5-450-80.jpg.webp 450w, https:\/\/cdn.mos.cms.futurecdn.net\/7kjujMzHLDvNBJ6QbuTss5-320-80.jpg.webp 320w\" sizes=\"(min-width: 900px) 925px, (min-width: 700px) 450px, calc(100vw - 48px)\" \/><\/div>\n<p><span class=\"custom-subheading-styles\">Racing<\/span><span class=\"text-base text-black font-bold mx-0 my-2.5 p-0 block custom-text-styles\">Puck Pieterse sprints to Mountain Bike XCC World Series victory as Tom Pidcock is denied by Mathis Azzaro at Nov\u00e9 M\u011bsto Na Morav\u011b <\/span><\/div>\n<div class=\"relative recirc-feed sponsored-card min-h-[250px]\" data-recirc-id=\"article-river-stacked-ads:native-cards\" data-mrf-recirculation=\"article-river-ads\" data-nosnippet data-ad-slot-path=\"feed-sponsored-post\" data-attribute-device=\"all\">\n<div class=\"max-w-full sponsored-post--placeholder animate-pulse\">\n<div class=\"relative!\"><span class=\"text-base text-black font-bold mx-0 my-2.5 p-0 block bg-gray-100\">\u00a0<br \/>\u00a0<\/span><\/div>\n<\/div>\n<\/div>\n<div>\n<div class=\"aspect-[var(--img-listing-aspect-ratio,16\/9)] relative mb-3.5\">\n    <source type=\"image\/webp\" srcset=\"https:\/\/cdn.mos.cms.futurecdn.net\/pqWEJamDgNpGqCnAgNQnHL-840-80.jpg.webp 840w, https:\/\/cdn.mos.cms.futurecdn.net\/pqWEJamDgNpGqCnAgNQnHL-650-80.jpg.webp 650w, https:\/\/cdn.mos.cms.futurecdn.net\/pqWEJamDgNpGqCnAgNQnHL-500-80.jpg.webp 500w, https:\/\/cdn.mos.cms.futurecdn.net\/pqWEJamDgNpGqCnAgNQnHL-450-80.jpg.webp 450w, https:\/\/cdn.mos.cms.futurecdn.net\/pqWEJamDgNpGqCnAgNQnHL-320-80.jpg.webp 320w\" sizes=\"(min-width: 900px) 925px, (min-width: 700px) 450px, calc(100vw - 48px)\" \/><\/div>\n<p><span class=\"custom-subheading-styles\">Teams &amp; Riders<\/span><span class=\"text-base text-black font-bold mx-0 my-2.5 p-0 block custom-text-styles\">Is Mathieu van der Poel a time trial sleeping giant?<\/span><\/div>\n<div class=\"relative recirc-feed sponsored-card min-h-[250px]\" data-recirc-id=\"article-river-stacked-ads:native-cards\" data-mrf-recirculation=\"article-river-ads\" data-nosnippet data-ad-slot-path=\"feed-sponsored-post\" data-attribute-device=\"all\">\n<div class=\"max-w-full sponsored-post--placeholder animate-pulse\">\n<div class=\"relative!\"><span class=\"text-base text-black font-bold mx-0 my-2.5 p-0 block bg-gray-100\">\u00a0<br \/>\u00a0<\/span><\/div>\n<\/div>\n<\/div>\n<\/div>\n<\/div>\n<\/aside>\n<aside class=\"w-full\" data-nosnippet data-mrf-recirculation=\"article-river-stacked\">\n<div data-recirc-id=\"article-river-stacked-solr:latest-category\">\n<div class=\"text-white py-4 px-3 mb-4 bg-[#333] uppercase font-bold custom-header-styles\">Latest in Racing<\/div>\n<div class=\"grid grid-cols-1 gap-4 mt-4 mb-5\">\n<div>\n<div class=\"aspect-[var(--img-listing-aspect-ratio,16\/9)] relative mb-3.5\">\n    <source type=\"image\/webp\" srcset=\"https:\/\/cdn.mos.cms.futurecdn.net\/f49oSFKGJLp9Q6rYAYDwTF-840-80.jpg.webp 840w, https:\/\/cdn.mos.cms.futurecdn.net\/f49oSFKGJLp9Q6rYAYDwTF-650-80.jpg.webp 650w, https:\/\/cdn.mos.cms.futurecdn.net\/f49oSFKGJLp9Q6rYAYDwTF-500-80.jpg.webp 500w, https:\/\/cdn.mos.cms.futurecdn.net\/f49oSFKGJLp9Q6rYAYDwTF-450-80.jpg.webp 450w, https:\/\/cdn.mos.cms.futurecdn.net\/f49oSFKGJLp9Q6rYAYDwTF-320-80.jpg.webp 320w\" sizes=\"(min-width: 900px) 925px, (min-width: 700px) 450px, calc(100vw - 48px)\" \/><\/div>\n<p><span class=\"custom-subheading-styles\">Racing<\/span><span class=\"text-base text-black font-bold mx-0 my-2.5 p-0 block custom-text-styles\">American Criterium Cup: Aline Seitz holds off Skylar Schneider while Justin Williams earns men&#8217;s sprint victory on tight circuit in Salt Lake City<\/span><\/div>\n<div class=\"relative recirc-feed sponsored-card min-h-[250px]\" data-recirc-id=\"article-river-stacked-ads:native-cards\" data-mrf-recirculation=\"article-river-ads\" data-nosnippet data-ad-slot-path=\"feed-sponsored-post\" data-attribute-device=\"all\">\n<div class=\"max-w-full sponsored-post--placeholder animate-pulse\">\n<div class=\"relative!\"><span class=\"text-base text-black font-bold mx-0 my-2.5 p-0 block bg-gray-100\">\u00a0<br \/>\u00a0<\/span><\/div>\n<\/div>\n<\/div>\n<div>\n<div class=\"aspect-[var(--img-listing-aspect-ratio,16\/9)] relative mb-3.5\">\n    <source type=\"image\/webp\" srcset=\"https:\/\/cdn.mos.cms.futurecdn.net\/didDWkuxCx3NhnzuvisdbR-840-80.png.webp 840w, https:\/\/cdn.mos.cms.futurecdn.net\/didDWkuxCx3NhnzuvisdbR-650-80.png.webp 650w, https:\/\/cdn.mos.cms.futurecdn.net\/didDWkuxCx3NhnzuvisdbR-500-80.png.webp 500w, https:\/\/cdn.mos.cms.futurecdn.net\/didDWkuxCx3NhnzuvisdbR-450-80.png.webp 450w, https:\/\/cdn.mos.cms.futurecdn.net\/didDWkuxCx3NhnzuvisdbR-320-80.png.webp 320w\" sizes=\"(min-width: 900px) 925px, (min-width: 700px) 450px, calc(100vw - 48px)\" \/><\/div>\n<p><span class=\"custom-subheading-styles\">Teams &amp; Riders<\/span><span class=\"text-base text-black font-bold mx-0 my-2.5 p-0 block custom-text-styles\">&#8216;The Leadville nobody knew&#8217; \u2013 Revised course eliminates final &#8216;gut punch&#8217; of Powerline climb but Columbine and elevation keep you humble<\/span><\/div>\n<div class=\"relative recirc-feed sponsored-card min-h-[250px]\" data-recirc-id=\"article-river-stacked-ads:native-cards\" data-mrf-recirculation=\"article-river-ads\" data-nosnippet data-ad-slot-path=\"feed-sponsored-post\" data-attribute-device=\"all\">\n<div class=\"max-w-full sponsored-post--placeholder animate-pulse\">\n<div class=\"relative!\"><span class=\"text-base text-black font-bold mx-0 my-2.5 p-0 block bg-gray-100\">\u00a0<br \/>\u00a0<\/span><\/div>\n<\/div>\n<\/div>\n<div>\n<div class=\"aspect-[var(--img-listing-aspect-ratio,16\/9)] relative mb-3.5\">\n    <source type=\"image\/webp\" srcset=\"https:\/\/cdn.mos.cms.futurecdn.net\/Sn6hGjVFiD66r26MKqkJVV-840-80.jpg.webp 840w, https:\/\/cdn.mos.cms.futurecdn.net\/Sn6hGjVFiD66r26MKqkJVV-650-80.jpg.webp 650w, https:\/\/cdn.mos.cms.futurecdn.net\/Sn6hGjVFiD66r26MKqkJVV-500-80.jpg.webp 500w, https:\/\/cdn.mos.cms.futurecdn.net\/Sn6hGjVFiD66r26MKqkJVV-450-80.jpg.webp 450w, https:\/\/cdn.mos.cms.futurecdn.net\/Sn6hGjVFiD66r26MKqkJVV-320-80.jpg.webp 320w\" sizes=\"(min-width: 900px) 925px, (min-width: 700px) 450px, calc(100vw - 48px)\" \/><\/div>\n<p><span class=\"custom-subheading-styles\">Women&#8217;s Cycling<\/span><span class=\"text-base text-black font-bold mx-0 my-2.5 p-0 block custom-text-styles\">&#8216;I&#8217;m certainly not done with this season yet&#8217; \u2013 Demi Vollering sends warning to her rivals ahead of the World Championships<\/span><\/div>\n<div class=\"relative recirc-feed sponsored-card min-h-[250px]\" data-recirc-id=\"article-river-stacked-ads:native-cards\" data-mrf-recirculation=\"article-river-ads\" data-nosnippet data-ad-slot-path=\"feed-sponsored-post\" data-attribute-device=\"all\">\n<div class=\"max-w-full sponsored-post--placeholder animate-pulse\">\n<div class=\"relative!\"><span class=\"text-base text-black font-bold mx-0 my-2.5 p-0 block bg-gray-100\">\u00a0<br \/>\u00a0<\/span><\/div>\n<\/div>\n<\/div>\n<div>\n<div class=\"aspect-[var(--img-listing-aspect-ratio,16\/9)] relative mb-3.5\">\n    <source type=\"image\/webp\" srcset=\"https:\/\/cdn.mos.cms.futurecdn.net\/BA34nJiPUVCN2EN7yKmEC7-840-80.jpg.webp 840w, https:\/\/cdn.mos.cms.futurecdn.net\/BA34nJiPUVCN2EN7yKmEC7-650-80.jpg.webp 650w, https:\/\/cdn.mos.cms.futurecdn.net\/BA34nJiPUVCN2EN7yKmEC7-500-80.jpg.webp 500w, https:\/\/cdn.mos.cms.futurecdn.net\/BA34nJiPUVCN2EN7yKmEC7-450-80.jpg.webp 450w, https:\/\/cdn.mos.cms.futurecdn.net\/BA34nJiPUVCN2EN7yKmEC7-320-80.jpg.webp 320w\" sizes=\"(min-width: 900px) 925px, (min-width: 700px) 450px, calc(100vw - 48px)\" \/><\/div>\n<p><span class=\"custom-subheading-styles\">Racing<\/span><span class=\"text-base text-black font-bold mx-0 my-2.5 p-0 block custom-text-styles\">Primo\u017e Rogli\u010d expected to race the Vuelta a Espa\u00f1a but with no GC ambitions<\/span><\/div>\n<div class=\"relative recirc-feed sponsored-card min-h-[250px]\" data-recirc-id=\"article-river-stacked-ads:native-cards\" data-mrf-recirculation=\"article-river-ads\" data-nosnippet data-ad-slot-path=\"feed-sponsored-post\" data-attribute-device=\"all\">\n<div class=\"max-w-full sponsored-post--placeholder animate-pulse\">\n<div class=\"relative!\"><span class=\"text-base text-black font-bold mx-0 my-2.5 p-0 block bg-gray-100\">\u00a0<br \/>\u00a0<\/span><\/div>\n<\/div>\n<\/div>\n<div>\n<div class=\"aspect-[var(--img-listing-aspect-ratio,16\/9)] relative mb-3.5\">\n    <source type=\"image\/webp\" srcset=\"https:\/\/cdn.mos.cms.futurecdn.net\/oFHHPQJ4KKJ9XpSBHAhNHC-840-80.jpg.webp 840w, https:\/\/cdn.mos.cms.futurecdn.net\/oFHHPQJ4KKJ9XpSBHAhNHC-650-80.jpg.webp 650w, https:\/\/cdn.mos.cms.futurecdn.net\/oFHHPQJ4KKJ9XpSBHAhNHC-500-80.jpg.webp 500w, https:\/\/cdn.mos.cms.futurecdn.net\/oFHHPQJ4KKJ9XpSBHAhNHC-450-80.jpg.webp 450w, https:\/\/cdn.mos.cms.futurecdn.net\/oFHHPQJ4KKJ9XpSBHAhNHC-320-80.jpg.webp 320w\" sizes=\"(min-width: 900px) 925px, (min-width: 700px) 450px, calc(100vw - 48px)\" \/><\/div>\n<p><span class=\"custom-subheading-styles\">Racing<\/span><span class=\"text-base text-black font-bold mx-0 my-2.5 p-0 block custom-text-styles\">Jonas Vingegaard out for rest of season with no return possible after crash<\/span><\/div>\n<div class=\"relative recirc-feed sponsored-card min-h-[250px]\" data-recirc-id=\"article-river-stacked-ads:native-cards\" data-mrf-recirculation=\"article-river-ads\" data-nosnippet data-ad-slot-path=\"feed-sponsored-post\" data-attribute-device=\"all\">\n<div class=\"max-w-full sponsored-post--placeholder animate-pulse\">\n<div class=\"relative!\"><span class=\"text-base text-black font-bold mx-0 my-2.5 p-0 block bg-gray-100\">\u00a0<br \/>\u00a0<\/span><\/div>\n<\/div>\n<\/div>\n<div>\n<div class=\"aspect-[var(--img-listing-aspect-ratio,16\/9)] relative mb-3.5\">\n    <source type=\"image\/webp\" srcset=\"https:\/\/cdn.mos.cms.futurecdn.net\/NzRzmTrJc2Hgn2t5F6uCzH-840-80.jpg.webp 840w, https:\/\/cdn.mos.cms.futurecdn.net\/NzRzmTrJc2Hgn2t5F6uCzH-650-80.jpg.webp 650w, https:\/\/cdn.mos.cms.futurecdn.net\/NzRzmTrJc2Hgn2t5F6uCzH-500-80.jpg.webp 500w, https:\/\/cdn.mos.cms.futurecdn.net\/NzRzmTrJc2Hgn2t5F6uCzH-450-80.jpg.webp 450w, https:\/\/cdn.mos.cms.futurecdn.net\/NzRzmTrJc2Hgn2t5F6uCzH-320-80.jpg.webp 320w\" sizes=\"(min-width: 900px) 925px, (min-width: 700px) 450px, calc(100vw - 48px)\" \/><\/div>\n<p><span class=\"custom-subheading-styles\">Teams &amp; Riders<\/span><span class=\"text-base text-black font-bold mx-0 my-2.5 p-0 block custom-text-styles\">&#8216;Finally had everything go to plan&#8217; \u2013 New Zealand&#8217;s Matthew Wilson moves past foiled finishes to claim first Life Time Grand Prix podium in Leadville<\/span><\/div>\n<div class=\"relative recirc-feed sponsored-card min-h-[250px]\" data-recirc-id=\"article-river-stacked-ads:native-cards\" data-mrf-recirculation=\"article-river-ads\" data-nosnippet data-ad-slot-path=\"feed-sponsored-post\" data-attribute-device=\"all\">\n<div class=\"max-w-full sponsored-post--placeholder animate-pulse\">\n<div class=\"relative!\"><span class=\"text-base text-black font-bold mx-0 my-2.5 p-0 block bg-gray-100\">\u00a0<br \/>\u00a0<\/span><\/div>\n<\/div>\n<\/div>\n<\/div>\n<\/div>\n<\/aside>\n<aside class=\"w-full\" data-nosnippet data-mrf-recirculation=\"article-river-stacked\">\n<div data-recirc-id=\"article-river-stacked-solr:latest-articletype\">\n<div class=\"text-white py-4 px-3 mb-4 bg-[#333] uppercase font-bold custom-header-styles\">Latest in News<\/div>\n<div class=\"grid grid-cols-1 gap-4 mt-4 mb-5\">\n<div>\n<div class=\"aspect-[var(--img-listing-aspect-ratio,16\/9)] relative mb-3.5\">\n    <source type=\"image\/webp\" srcset=\"https:\/\/cdn.mos.cms.futurecdn.net\/NmTFaZugsyPHYYiivsi9wN-840-80.jpg.webp 840w, https:\/\/cdn.mos.cms.futurecdn.net\/NmTFaZugsyPHYYiivsi9wN-650-80.jpg.webp 650w, https:\/\/cdn.mos.cms.futurecdn.net\/NmTFaZugsyPHYYiivsi9wN-500-80.jpg.webp 500w, https:\/\/cdn.mos.cms.futurecdn.net\/NmTFaZugsyPHYYiivsi9wN-450-80.jpg.webp 450w, https:\/\/cdn.mos.cms.futurecdn.net\/NmTFaZugsyPHYYiivsi9wN-320-80.jpg.webp 320w\" sizes=\"(min-width: 900px) 925px, (min-width: 700px) 450px, calc(100vw - 48px)\" \/><\/div>\n<p><span class=\"custom-subheading-styles\">Transfers<\/span><span class=\"text-base text-black font-bold mx-0 my-2.5 p-0 block custom-text-styles\">Leading sprinter and Classics specialist Arnaud De Lie confirms signing with Tudor until end of 2030<\/span><\/div>\n<div class=\"relative recirc-feed sponsored-card min-h-[250px]\" data-recirc-id=\"article-river-stacked-ads:native-cards\" data-mrf-recirculation=\"article-river-ads\" data-nosnippet data-ad-slot-path=\"feed-sponsored-post\" data-attribute-device=\"all\">\n<div class=\"max-w-full sponsored-post--placeholder animate-pulse\">\n<div class=\"relative!\"><span class=\"text-base text-black font-bold mx-0 my-2.5 p-0 block bg-gray-100\">\u00a0<br \/>\u00a0<\/span><\/div>\n<\/div>\n<\/div>\n<div>\n<div class=\"aspect-[var(--img-listing-aspect-ratio,16\/9)] relative mb-3.5\">\n    <source type=\"image\/webp\" srcset=\"https:\/\/cdn.mos.cms.futurecdn.net\/L2R7ycKXtrUQqbuojPkc5V-840-80.jpg.webp 840w, https:\/\/cdn.mos.cms.futurecdn.net\/L2R7ycKXtrUQqbuojPkc5V-650-80.jpg.webp 650w, https:\/\/cdn.mos.cms.futurecdn.net\/L2R7ycKXtrUQqbuojPkc5V-500-80.jpg.webp 500w, https:\/\/cdn.mos.cms.futurecdn.net\/L2R7ycKXtrUQqbuojPkc5V-450-80.jpg.webp 450w, https:\/\/cdn.mos.cms.futurecdn.net\/L2R7ycKXtrUQqbuojPkc5V-320-80.jpg.webp 320w\" sizes=\"(min-width: 900px) 925px, (min-width: 700px) 450px, calc(100vw - 48px)\" \/><\/div>\n<p><span class=\"custom-subheading-styles\">Transfers<\/span><span class=\"text-base text-black font-bold mx-0 my-2.5 p-0 block custom-text-styles\">Pinarello-Q36.5 sign deal with talented young American racer AJ August for 2027<\/span><\/div>\n<div class=\"relative recirc-feed sponsored-card min-h-[250px]\" data-recirc-id=\"article-river-stacked-ads:native-cards\" data-mrf-recirculation=\"article-river-ads\" data-nosnippet data-ad-slot-path=\"feed-sponsored-post\" data-attribute-device=\"all\">\n<div class=\"max-w-full sponsored-post--placeholder animate-pulse\">\n<div class=\"relative!\"><span class=\"text-base text-black font-bold mx-0 my-2.5 p-0 block bg-gray-100\">\u00a0<br \/>\u00a0<\/span><\/div>\n<\/div>\n<\/div>\n<div>\n<div class=\"aspect-[var(--img-listing-aspect-ratio,16\/9)] relative mb-3.5\">\n    <source type=\"image\/webp\" srcset=\"https:\/\/cdn.mos.cms.futurecdn.net\/Sn6hGjVFiD66r26MKqkJVV-840-80.jpg.webp 840w, https:\/\/cdn.mos.cms.futurecdn.net\/Sn6hGjVFiD66r26MKqkJVV-650-80.jpg.webp 650w, https:\/\/cdn.mos.cms.futurecdn.net\/Sn6hGjVFiD66r26MKqkJVV-500-80.jpg.webp 500w, https:\/\/cdn.mos.cms.futurecdn.net\/Sn6hGjVFiD66r26MKqkJVV-450-80.jpg.webp 450w, https:\/\/cdn.mos.cms.futurecdn.net\/Sn6hGjVFiD66r26MKqkJVV-320-80.jpg.webp 320w\" sizes=\"(min-width: 900px) 925px, (min-width: 700px) 450px, calc(100vw - 48px)\" \/><\/div>\n<p><span class=\"custom-subheading-styles\">Women&#8217;s Cycling<\/span><span class=\"text-base text-black font-bold mx-0 my-2.5 p-0 block custom-text-styles\">&#8216;I&#8217;m certainly not done with this season yet&#8217; \u2013 Demi Vollering sends warning to her rivals ahead of the World Championships<\/span><\/div>\n<div class=\"relative recirc-feed sponsored-card min-h-[250px]\" data-recirc-id=\"article-river-stacked-ads:native-cards\" data-mrf-recirculation=\"article-river-ads\" data-nosnippet data-ad-slot-path=\"feed-sponsored-post\" data-attribute-device=\"all\">\n<div class=\"max-w-full sponsored-post--placeholder animate-pulse\">\n<div class=\"relative!\"><span class=\"text-base text-black font-bold mx-0 my-2.5 p-0 block bg-gray-100\">\u00a0<br \/>\u00a0<\/span><\/div>\n<\/div>\n<\/div>\n<div>\n<div class=\"aspect-[var(--img-listing-aspect-ratio,16\/9)] relative mb-3.5\">\n    <source type=\"image\/webp\" srcset=\"https:\/\/cdn.mos.cms.futurecdn.net\/yp6WXumSRMP7CpmkYLQVq3-840-80.jpg.webp 840w, https:\/\/cdn.mos.cms.futurecdn.net\/yp6WXumSRMP7CpmkYLQVq3-650-80.jpg.webp 650w, https:\/\/cdn.mos.cms.futurecdn.net\/yp6WXumSRMP7CpmkYLQVq3-500-80.jpg.webp 500w, https:\/\/cdn.mos.cms.futurecdn.net\/yp6WXumSRMP7CpmkYLQVq3-450-80.jpg.webp 450w, https:\/\/cdn.mos.cms.futurecdn.net\/yp6WXumSRMP7CpmkYLQVq3-320-80.jpg.webp 320w\" sizes=\"(min-width: 900px) 925px, (min-width: 700px) 450px, calc(100vw - 48px)\" \/><\/div>\n<p><span class=\"custom-subheading-styles\">Transfers<\/span><span class=\"text-base text-black font-bold mx-0 my-2.5 p-0 block custom-text-styles\">Paul Seixas draws a line under intense transfer speculation with confirmation of team for 2027<\/span><\/div>\n<div class=\"relative recirc-feed sponsored-card min-h-[250px]\" data-recirc-id=\"article-river-stacked-ads:native-cards\" data-mrf-recirculation=\"article-river-ads\" data-nosnippet data-ad-slot-path=\"feed-sponsored-post\" data-attribute-device=\"all\">\n<div class=\"max-w-full sponsored-post--placeholder animate-pulse\">\n<div class=\"relative!\"><span class=\"text-base text-black font-bold mx-0 my-2.5 p-0 block bg-gray-100\">\u00a0<br \/>\u00a0<\/span><\/div>\n<\/div>\n<\/div>\n<div>\n<div class=\"aspect-[var(--img-listing-aspect-ratio,16\/9)] relative mb-3.5\">\n    <source type=\"image\/webp\" srcset=\"https:\/\/cdn.mos.cms.futurecdn.net\/BA34nJiPUVCN2EN7yKmEC7-840-80.jpg.webp 840w, https:\/\/cdn.mos.cms.futurecdn.net\/BA34nJiPUVCN2EN7yKmEC7-650-80.jpg.webp 650w, https:\/\/cdn.mos.cms.futurecdn.net\/BA34nJiPUVCN2EN7yKmEC7-500-80.jpg.webp 500w, https:\/\/cdn.mos.cms.futurecdn.net\/BA34nJiPUVCN2EN7yKmEC7-450-80.jpg.webp 450w, https:\/\/cdn.mos.cms.futurecdn.net\/BA34nJiPUVCN2EN7yKmEC7-320-80.jpg.webp 320w\" sizes=\"(min-width: 900px) 925px, (min-width: 700px) 450px, calc(100vw - 48px)\" \/><\/div>\n<p><span class=\"custom-subheading-styles\">Racing<\/span><span class=\"text-base text-black font-bold mx-0 my-2.5 p-0 block custom-text-styles\">Primo\u017e Rogli\u010d expected to race the Vuelta a Espa\u00f1a but with no GC ambitions<\/span><\/div>\n<div class=\"relative recirc-feed sponsored-card min-h-[250px]\" data-recirc-id=\"article-river-stacked-ads:native-cards\" data-mrf-recirculation=\"article-river-ads\" data-nosnippet data-ad-slot-path=\"feed-sponsored-post\" data-attribute-device=\"all\">\n<div class=\"max-w-full sponsored-post--placeholder animate-pulse\">\n<div class=\"relative!\"><span class=\"text-base text-black font-bold mx-0 my-2.5 p-0 block bg-gray-100\">\u00a0<br \/>\u00a0<\/span><\/div>\n<\/div>\n<\/div>\n<div>\n<div class=\"aspect-[var(--img-listing-aspect-ratio,16\/9)] relative mb-3.5\">\n    <source type=\"image\/webp\" srcset=\"https:\/\/cdn.mos.cms.futurecdn.net\/oFHHPQJ4KKJ9XpSBHAhNHC-840-80.jpg.webp 840w, https:\/\/cdn.mos.cms.futurecdn.net\/oFHHPQJ4KKJ9XpSBHAhNHC-650-80.jpg.webp 650w, https:\/\/cdn.mos.cms.futurecdn.net\/oFHHPQJ4KKJ9XpSBHAhNHC-500-80.jpg.webp 500w, https:\/\/cdn.mos.cms.futurecdn.net\/oFHHPQJ4KKJ9XpSBHAhNHC-450-80.jpg.webp 450w, https:\/\/cdn.mos.cms.futurecdn.net\/oFHHPQJ4KKJ9XpSBHAhNHC-320-80.jpg.webp 320w\" sizes=\"(min-width: 900px) 925px, (min-width: 700px) 450px, calc(100vw - 48px)\" \/><\/div>\n<p><span class=\"custom-subheading-styles\">Racing<\/span><span class=\"text-base text-black font-bold mx-0 my-2.5 p-0 block custom-text-styles\">Jonas Vingegaard out for rest of season with no return possible after crash<\/span><\/div>\n<div class=\"relative recirc-feed sponsored-card min-h-[250px]\" data-recirc-id=\"article-river-stacked-ads:native-cards\" data-mrf-recirculation=\"article-river-ads\" data-nosnippet data-ad-slot-path=\"feed-sponsored-post\" data-attribute-device=\"all\">\n<div class=\"max-w-full sponsored-post--placeholder animate-pulse\">\n<div class=\"relative!\"><span class=\"text-base text-black font-bold mx-0 my-2.5 p-0 block bg-gray-100\">\u00a0<br \/>\u00a0<\/span><\/div>\n<\/div>\n<\/div>\n<\/div>\n<\/div>\n<\/aside>\n<\/section>\n<\/div>\n<\/div>\n<\/div>\n<div id=\"widgetArea17\" class=\"widget-area md:basis-1\/3 widget-area-g-md-vp-1-3 widget-area-g-lg-vp-1-3 widget-area-g-xl-vp-1-3 page-widget-area-17\">\n<div data-widget-type=\"dynamic\" id=\"popular-data\" class=\"clear-both widget widget-dynamic widget-popular-data widget-dynamic-popular-data widget-dynamic-fter-popular-box\">\n<div class=\"wdn-fte-pb pos-relative space-t20\n\"><\/p>\n<div class=\"slice-container popular-box-slice\">\n<section class=\"popular-box\" data-component-name=\"Slice:PopularBox\">\n<div class=\"popular-box__label\">\n<div class=\"popular-box__label__tab popular-box__label__tab--active\" role=\"heading\">\nLATEST ARTICLES\n<\/div>\n<\/div>\n<ol class=\"popular-box__articles-list popular-box__articles-list--active\">\n<li class=\"popular-box__article-list\">\n<div class=\"popular-box__article-list__container\">\n<div class=\"popular-box__article-list__image-wrapper\">\n<div>\n<source type=\"image\/webp\" srcset=\"https:\/\/cdn.mos.cms.futurecdn.net\/f49oSFKGJLp9Q6rYAYDwTF-1280-80.jpg.webp 1280w, https:\/\/cdn.mos.cms.futurecdn.net\/f49oSFKGJLp9Q6rYAYDwTF-720-80.jpg.webp 720w, https:\/\/cdn.mos.cms.futurecdn.net\/f49oSFKGJLp9Q6rYAYDwTF-640-80.jpg.webp 640w, https:\/\/cdn.mos.cms.futurecdn.net\/f49oSFKGJLp9Q6rYAYDwTF-320-80.jpg.webp 320w\" sizes=\"99vw\" \/><\/div>\n<\/div>\n<div class=\"popular-box__article-list__content\">\n<div class=\"popular-box__article-list__number-text\">1<\/div>\n<div class=\"popular-box__article-list__heading\">\n<p>American Criterium Cup: Aline Seitz holds off Skylar Schneider while Justin Williams earns men&#8217;s sprint victory on tight circuit in Salt Lake City<\/p>\n<\/div>\n<\/div>\n<\/div>\n<\/li>\n<li class=\"popular-box__article-list\">\n<div class=\"popular-box__article-list__container\">\n<div class=\"popular-box__article-list__content\">\n<div class=\"popular-box__article-list__number-text\">2<\/div>\n<div class=\"popular-box__article-list__heading\">\n<p>&#8216;The Leadville nobody knew&#8217; \u2013 Revised course eliminates final &#8216;gut punch&#8217; of Powerline climb but Columbine and elevation keep you humble<\/p>\n<\/div>\n<\/div>\n<\/div>\n<\/li>\n<li class=\"popular-box__article-list\">\n<div class=\"popular-box__article-list__container\">\n<div class=\"popular-box__article-list__content\">\n<div class=\"popular-box__article-list__number-text\">3<\/div>\n<div class=\"popular-box__article-list__heading\">\n<p>Leading sprinter and Classics specialist Arnaud De Lie confirms signing with Tudor until end of 2030<\/p>\n<\/div>\n<\/div>\n<\/div>\n<\/li>\n<li class=\"popular-box__article-list\">\n<div class=\"popular-box__article-list__container\">\n<div class=\"popular-box__article-list__content\">\n<div class=\"popular-box__article-list__number-text\">4<\/div>\n<div class=\"popular-box__article-list__heading\">\n<p>Specialized&#8217;s S-Works Recon Evo are great shoes, but they come at a great expense<\/p>\n<\/div>\n<\/div>\n<\/div>\n<\/li>\n<li class=\"popular-box__article-list\">\n<div class=\"popular-box__article-list__container\">\n<div class=\"popular-box__article-list__content\">\n<div class=\"popular-box__article-list__number-text\">5<\/div>\n<div class=\"popular-box__article-list__heading\">\n<p>Pinarello-Q36.5 sign deal with talented young American racer AJ August for 2027<\/p>\n<\/div>\n<\/div>\n<\/div>\n<\/li>\n<\/ol>\n<\/section>\n<\/div>\n<\/div>\n<\/div>\n<\/div>\n<\/div>\n<\/article>\n<div class=\"news-article\">\n<header data-component-name=\"Article:Hero\">\n<nav class=\"breadcrumb\" aria-label=\"Breadcrumbs\">\n<ol>\n<li>\nPro Cycling\n<\/li>\n<li>\nRacing\n<\/li>\n<li>\nMountain Bike\n<\/li>\n<\/ol>\n<\/nav>\n<h1>Mathieu van der Poel&#8217;s 2026 mountain bike return confirmed with place on World Cup start list at Les Gets<\/h1>\n<div class=\"byline-social\">\n<div class=\"vds-byline-block flex flex-row flex-nowrap my-1.5 gap-2 text-left items-start justify-start\" data-component-name=\"Article:BylineBlock\">\n<p>News<\/p>\n<div class=\"my-auto vds-simple-byline\"><span class=\"inline-block vds-author\"><br \/>\nBy<br \/>\nSimone Giuliani <\/span><\/p>\n<div class=\"flex gap-1 vds-byline-with-avatar__meta\"><span class=\"vds-date block font-normal tracking-normal normal-case text-xs\"><br \/>\nPublished<br \/>\n<time data-component-name=\"UI:DateTime\" datetime=\"2026-08-18T02:39:39Z\" class=\"relative-date\"><br \/>\n18 August 2026<br \/>\n<\/time><\/span><\/div>\n<\/div>\n<\/div>\n<p class=\"strapline\">Alpecin-Premier Tech rider locked in for first mountain bike race of season just a week ahead of Val di Sole World Championships<\/p>\n<\/div>\n<aside class=\"text-gray-700 flex items-center mx-0 my-5 p-0 justify-start text-left\" id=\"affiliate-disclaimer\" data-component-name=\"AffiliateDisclaimer\" data-hawk-message=\"Affiliate disclaimer removed because hawk deemed there are no affiliate links on this page\">\n<p class=\"text-[color:var(--affiliate-disclaimer--text-color,inherit)] mb-2 text-[length:var(--affiliate-disclaimer--font-size,0.75rem)] leading-[18px] md:text-[13px] [&amp;&gt;a]:text-inherit [&amp;&gt;a]:underline\">\nWhen you purchase through links on our site, we may earn an affiliate commission. Here\u2019s how it works.\n<\/p>\n<\/aside>\n<\/header>\n<\/div>\n<div id=\"article-body\" class=\"text-copy bodyCopy auto paywall-locker\">\n<div data-analytics-id=\"utility-bar\" id=\"utility-bar\" class=\"font-ui-heading flex justify-between items-center py-2 border-t border-b border-gray-300 border-solid mb-5 mx-auto\" data-component-name=\"UtilityBar\" data-mrf-recirculation=\"utility-bar\">\n<div class=\"flex gap-2 text-[#333] subcontainer\">\n<div class=\"relative tooltip-container\" role=\"tooltip\">\n<div data-component-name=\"Social:Dropdown\" role=\"menu\" id=\"utilitybar__dropdown--share\" aria-labelledby=\"utilitybar__button--share\" class=\"absolute left-0 top-full w-44 bg-white rounded-md shadow-md border border-neutral-200 z-[9996] list-none m-0 py-2 px-3 border-solid\">\n<ul class=\"m-0!\">\n<li class=\"!p-0 !m-0 list-none border-b border-gray-200 border-solid\">\n<li class=\"!p-0 !m-0 list-none border-b border-gray-200 border-solid\">\n<p>Facebook<\/p>\n<\/li>\n<li class=\"!p-0 !m-0 list-none border-b border-gray-200 border-solid\">\n<p>X<\/p>\n<\/li>\n<li class=\"!p-0 !m-0 list-none border-b border-gray-200 border-solid\">\n<p>Pinterest<\/p>\n<\/li>\n<li class=\"!p-0 !m-0 list-none border-b border-gray-200 border-solid\">\n<p>Email<\/p>\n<\/li>\n<\/ul>\n<\/div>\n<div class=\"font-ui-heading max-sm:hidden tooltip absolute left-1\/2 bg-gray-900 text-white text-xs leading-none px-3 py-1.5 rounded-md z-[10001] whitespace-nowrap\" id=\"tooltip-share-this-article\" role=\"tooltip\" aria-hidden=\"true\">\nShare this article\n<\/div>\n<\/div>\n<div class=\"relative tooltip-container\" role=\"tooltip\"><span class=\"ml-1 inline-flex h-5 px-2 shrink-0 items-center justify-center self-center overflow-hidden whitespace-nowrap rounded-[10px] bg-primary-500 text-[11px] leading-none font-ui-heading font-semibold text-white\">0<\/span><\/p>\n<div class=\"font-ui-heading max-sm:hidden tooltip absolute left-1\/2 bg-gray-900 text-white text-xs leading-none px-3 py-1.5 rounded-md z-[10001] whitespace-nowrap\" id=\"tooltip-join-the-conversation\" role=\"tooltip\" aria-hidden=\"true\">\nJoin the conversation\n<\/div>\n<\/div>\n<\/div>\n<div class=\"flex gap-2 text-[#333] subcontainer\">\n<div class=\"relative tooltip-container\" role=\"tooltip\">\n<p>Follow us<\/p>\n<div class=\"font-ui-heading max-sm:hidden tooltip absolute left-1\/2 bg-gray-900 text-white text-xs leading-none px-3 py-1.5 rounded-md z-[10001] whitespace-nowrap\" id=\"tooltip-add-us-as-a-preferred-source-on-google\" role=\"tooltip\" aria-hidden=\"true\">\nAdd us as a preferred source on Google\n<\/div>\n<\/div>\n<div class=\"relative tooltip-container\" role=\"tooltip\">\n<div class=\"font-ui-heading max-sm:hidden tooltip absolute left-1\/2 bg-gray-900 text-white text-xs leading-none px-3 py-1.5 rounded-md z-[10001] whitespace-nowrap\" id=\"tooltip-subscribe-to-our-newsletter\" role=\"tooltip\" aria-hidden=\"true\">\nSubscribe to our newsletter\n<\/div>\n<\/div>\n<\/div>\n<\/div>\n<p id=\"elk-06da3bd6-9aa7-11f1-986d-f524372ba926\">After walking away from the final day of racing at the Tour de France with another stage victory, Mathieu van der Poel has turned his attention to mountain biking, with it now confirmed that the Alpecin-Premier Tech rider has signed up for the Les Gets round of the Whoop UCI Mountain Bike World Series .<\/p>\n<p>Van der Poel hasn&#8217;t raced the off-road discipline since last season, where he lined up at May&#8217;s Nov\u00e9 Mesto before taking on Les Gets as a lead in race to the World Championships, where he came 29th.<\/p>\n<p id=\"elk-06da3bd6-9aa7-11f1-986d-f524372ba926-2\" aria-hidden=\"true\" class=\"kiosq-b\">There had been an expectation that his World Series racing would once again begin in Nov\u00e9 Mesto this year, but that was a plan that didn&#8217;t come to fruition. Now, however, both the race series and his team have confirmed with social media announcements that he is planning to head to the August 21-23 round, where he finished sixth last year.<\/p>\n<div class=\"my-6 w-full overflow-hidden rounded-[10px] lg:my-8\" data-component-name=\"JwPlayer:Carousel\" data-jwp-carousel data-jwp-carousel-payload=\"{&quot;ids&quot;:{&quot;playerID&quot;:&quot;jYDCcabO&quot;,&quot;searchPlaylistID&quot;:&quot;gwjdoYHD&quot;,&quot;divID&quot;:&quot;botr_gwjdoYHD_jYDCcabO_div&quot;,&quot;fallbackPlaylistID&quot;:&quot;gwjdoYHD&quot;,&quot;fallbackDivID&quot;:&quot;botr_gwjdoYHD_jYDCcabO_div&quot;,&quot;key&quot;:&quot;X9\/mXVGac0NphghLH9hZaqWA5d3dhAM\/Ih07grnEyMLjuO2E&quot;,&quot;tintLogo&quot;:true,&quot;useSearchPlaylist&quot;:false,&quot;enabled&quot;:true},&quot;signPostingEnabled&quot;:true,&quot;signPostingLinkEnabled&quot;:true,&quot;waitForAdLoad&quot;:false,&quot;hidePlayerOnDesktop&quot;:false,&quot;hidePlayerOnMobile&quot;:false,&quot;hidePlayerOnTablet&quot;:false}\">\n<div class=\"flex flex-nowrap items-center justify-between gap-3 bg-zinc-900 px-[14px] py-3\" data-jwp-carousel-header>\n<div class=\"flex min-w-0 shrink items-center\"><span class=\"inline-flex items-center gap-1.5 text-sm font-article-heading capitalize leading-5 text-white whitespace-nowrap\"><span class=\"jwp-carousel-title-desktop\">Latest Videos From<\/span><span class=\"jwp-carousel-brand\">Cyclingnews<\/span><\/span><\/div>\n<\/div>\n<div class=\"min-h-[44px] bg-zinc-900 px-[14px] py-3\" data-jwp-carousel-signposting><a class=\"invisible block truncate text-sm font-bold leading-5 text-white underline decoration-solid underline-offset-2\" data-jwp-carousel-signposting-link href target=\"_blank\" rel=\"noopener noreferrer\"><span data-jwp-carousel-signposting-title>Watch full video here: <\/span><\/a><\/div>\n<\/div>\n<p aria-hidden=\"true\" class=\"kiosq-b\">The Les Gets entry to the fray leaves just a week between Van der Poel&#8217;s return to racing in the discipline for the season and the UCI Mountain Bike World Championships in Italy. The elite short-track races (XCC) are to be held on Thursday August 27 and the Cross-Country Olympic (XCO) on Sunday August 30 in Val di Sole.<\/p>\n<p aria-hidden=\"true\" class=\"kiosq-b\">Van der Poel has won world titles on the road, gravel and in cyclo-cross but the mountain bike rainbow jersey has proven elusive, although he did make it onto the podium in 2018, a year that also included numerous World Cup rounds.<\/p>\n<aside data-component-name=\"Recirculation:ArticleRiver\" data-recirculation-type=\"inline\" data-mrf-recirculation=\"Trending Bar\" data-nosnippet class=\"clear-both pt-2 pb-0 mb-4\"><span class=\"\n            flex\n            after:content-[&apos;&apos;] after:flex-1 after:ml-4 after:my-[0.7rem] after:border-t after:border-solid after:border-t-[#ccc]\n            before:content-[&apos;&apos;] before:flex-1 before:mr-4 before:my-[0.7rem] before:border-t before:border-solid before:border-t-[#ccc]\n            font-article-heading pb-0 text-[length:var(--article-river-title--font-size,1em)] uppercase sm:text-[length:var(--article-river-title--font-size,0.875em)] font-bold\n        \"><br \/>\n            You may like<br \/>\n        <\/span><\/p>\n<ul class=\"flex flex-col gap-0 m-0 max-w-full\">\n<li class=\"m-0 list-none border-b border-solid border-[#ededed] py-2\" data-recirculation-id=\"recirculation-card-1\" id=\"recirculation-inline-1\" data-analytics-id=\"recirculation-inline-1\" data-mrf-recirculation=\"recirculation-inline-1\">\n    <source type=\"image\/webp\" srcset=\"https:\/\/cdn.mos.cms.futurecdn.net\/ZxYndGarDesyHrX2GqKSPg-250-80.jpg.webp 250w, https:\/\/cdn.mos.cms.futurecdn.net\/ZxYndGarDesyHrX2GqKSPg-150-80.jpg.webp 150w\" sizes=\"150px\" \/><span class=\"w-full text-base font-[var(--article-river-item--font-weight,500)] font-article-heading line-clamp-3 md:line-clamp-2\">No, Mathieu van der Poel won&#8217;t be racing the MTB World Cup this weekend, despite organiser&#8217;s announcement<\/span><\/li>\n<li class=\"m-0 list-none border-b border-solid border-[#ededed] py-2\" data-recirculation-id=\"recirculation-card-2\" id=\"recirculation-inline-2\" data-analytics-id=\"recirculation-inline-2\" data-mrf-recirculation=\"recirculation-inline-2\">\n    <source type=\"image\/webp\" srcset=\"https:\/\/cdn.mos.cms.futurecdn.net\/zZQczw9zXdrezwYvEaGTDb-250-80.jpg.webp 250w, https:\/\/cdn.mos.cms.futurecdn.net\/zZQczw9zXdrezwYvEaGTDb-150-80.jpg.webp 150w\" sizes=\"150px\" \/><span class=\"w-full text-base font-[var(--article-river-item--font-weight,500)] font-article-heading line-clamp-3 md:line-clamp-2\">&#8216;It will never be ideal&#8217; \u2013 Mathieu van der Poel still struggling to balance mountain bike and road racing<\/span><\/li>\n<li class=\"m-0 list-none border-b border-solid border-[#ccc] py-2\" data-recirculation-id=\"recirculation-card-3\" id=\"recirculation-inline-3\" data-analytics-id=\"recirculation-inline-3\" data-mrf-recirculation=\"recirculation-inline-3\">\n    <source type=\"image\/webp\" srcset=\"https:\/\/cdn.mos.cms.futurecdn.net\/h5sukTc6SadZ9sgH6KUTS4-250-80.jpg.webp 250w, https:\/\/cdn.mos.cms.futurecdn.net\/h5sukTc6SadZ9sgH6KUTS4-150-80.jpg.webp 150w\" sizes=\"150px\" \/><span class=\"w-full text-base font-[var(--article-river-item--font-weight,500)] font-article-heading line-clamp-3 md:line-clamp-2\">Mathieu van der Poel to build for Tour de France via return to Tour de Suisse for first time since 2021<\/span><\/li>\n<\/ul>\n<\/aside>\n<p aria-hidden=\"true\" class=\"kiosq-b\">The talented multi-discipline rider has significantly ramped up his race days on the road since then and has faced some challenges while sporadically dipping into mountain bike racing. There have been successes \u2013 such as the 2021 Albstadt and Nov\u00e9 Mesto short track wins and also second in the XCO at the Czech round \u2013 but there have also been DNF&#8217;s and crashes with a crash taking him out of the Tokyo Olympics and also two in his Nov\u00e9 Mesto foray last year.<\/p>\n<p aria-hidden=\"true\" class=\"kiosq-b\">The reigning cyclo-cross world champion, who has already picked up six WorldTour wins on the road this year, has long made it clear that chasing that missing title remains a priority, even if a fast-tracked preparation following the Tour de France isn&#8217;t ideal. In fact just this week Van der Poel has been putting out posts on social media from the Val di Sole area, where this year&#8217;s rainbow jersey battle is set to unfold. It is a location where he has tasted victory before, winning both the XCC and XCO at the 2019 World Cup round there.<\/p>\n<div id=\"slice-container-newsletterForm-articleInbodyContent-4S3bS6XzZRaxfmBgAykXE3\" class=\"slice-container newsletter-inbodyContent-slice newsletterForm-articleInbodyContent-4S3bS6XzZRaxfmBgAykXE3 slice-container-newsletterForm\">\n<div data-hydrate=\"true\" class=\"newsletter-form__wrapper newsletter-form__wrapper--inbodyContent\">\n<div class=\"newsletter-form__container\">\n<section class=\"newsletter-form__top-bar\">\n<div class=\"newsletter-form__header\">Get The Leadout Newsletter<\/div>\n<\/section>\n<section class=\"newsletter-form__main-section\">\n<p class=\"newsletter-form__strapline\">The latest race content, interviews, features, reviews and expert buying guides, direct to your inbox!<\/p>\n<footer class=\"newsletter-form__footer \">By submitting your information you agree to the Terms &amp; Conditions and Privacy Policy and are aged 16 or over.<\/footer>\n<\/section>\n<\/div>\n<\/div>\n<\/div>\n<p aria-hidden=\"true\" class=\"kiosq-b\">This time, however, Van der Poel is no longer a mountain bike regular and on top of facing rivals that have been on the start line from the start of the 2026 series in May at Mona Yongpyong, there is also another of his Tour de France rivals expected to be on the start line this year, Tom Pidcock. The British rider claimed both Olympic gold and the mountain bike world title in 2024 and also managed to squeeze in the Nov\u00e9 Mesto round this year, where he took his fifth win in as many starts.<\/p>\n<\/div>\n<p>[analyse_source url=&#8221;https:\/\/www.cyclingnews.com\/pro-cycling\/racing\/mathieu-van-der-poels-2026-mountain-bike-return-confirmed-with-place-on-world-cup-start-list-at-les-gets\/&#8221;]<\/p>\n","protected":false},"excerpt":{"rendered":"<p>[analyse_image type=&#8221;featured&#8221; src=&#8221;https:\/\/cdn.mos.cms.futurecdn.net\/RyT39Rm6mVMRSyhLcSCtYe-2000-80.jpg&#8221;] 1 Quinn Simmons returns to Leadville Trail 100 MTB seven years on from his extraordinary teenage debut 2 Where are all the Vuelta a Espa\u00f1a sprinters? They&#8217;re heading to Belgium instead 3 Leadville Trail 100 MTB contenders 2026 &#8211; Can anyone unseat Keegan Swenson and who can take the top spot vacated [&hellip;]<\/p>\n","protected":false},"author":1,"featured_media":0,"comment_status":"open","ping_status":"","sticky":false,"template":"","format":"standard","meta":{"footnotes":""},"categories":[2],"tags":[226,68],"class_list":["post-2098460","post","type-post","status-publish","format-standard","hentry","category-politics","tag-crawlmanager","tag-cyclingnews-com"],"_links":{"self":[{"href":"https:\/\/analyse.optim.biz\/index.php?rest_route=\/wp\/v2\/posts\/2098460","targetHints":{"allow":["GET"]}}],"collection":[{"href":"https:\/\/analyse.optim.biz\/index.php?rest_route=\/wp\/v2\/posts"}],"about":[{"href":"https:\/\/analyse.optim.biz\/index.php?rest_route=\/wp\/v2\/types\/post"}],"author":[{"embeddable":true,"href":"https:\/\/analyse.optim.biz\/index.php?rest_route=\/wp\/v2\/users\/1"}],"replies":[{"embeddable":true,"href":"https:\/\/analyse.optim.biz\/index.php?rest_route=%2Fwp%2Fv2%2Fcomments&post=2098460"}],"version-history":[{"count":0,"href":"https:\/\/analyse.optim.biz\/index.php?rest_route=\/wp\/v2\/posts\/2098460\/revisions"}],"wp:attachment":[{"href":"https:\/\/analyse.optim.biz\/index.php?rest_route=%2Fwp%2Fv2%2Fmedia&parent=2098460"}],"wp:term":[{"taxonomy":"category","embeddable":true,"href":"https:\/\/analyse.optim.biz\/index.php?rest_route=%2Fwp%2Fv2%2Fcategories&post=2098460"},{"taxonomy":"post_tag","embeddable":true,"href":"https:\/\/analyse.optim.biz\/index.php?rest_route=%2Fwp%2Fv2%2Ftags&post=2098460"}],"curies":[{"name":"wp","href":"https:\/\/api.w.org\/{rel}","templated":true}]}}