{"id":2098400,"date":"2026-08-17T17:29:57","date_gmt":"2026-08-17T14:29:57","guid":{"rendered":"https:\/\/analyse.optim.biz\/?p=2098400"},"modified":"2026-08-17T17:29:57","modified_gmt":"2026-08-17T14:29:57","slug":"incendiu-puternic-la-bunesti-averesti-primarul-vasile-taragan-veniti-sa-ajutati-la-stingerea-focului","status":"publish","type":"post","link":"https:\/\/analyse.optim.biz\/?p=2098400","title":{"rendered":"INCENDIU puternic la Bune\u0219ti-Avere\u0219ti! Primarul Vasile T\u0103r\u0103gan: \u201eVeni\u021bi s\u0103 ajuta\u021bi la stingerea focului!\u201d"},"content":{"rendered":"<p>[analyse_image type=&#8221;featured&#8221; src=&#8221;https:\/\/vasluianul.ro\/wp-content\/uploads\/2026\/08\/incendiu-bunesti-vegetatie-99.jpg&#8221;]<\/p>\n<div class=\"tdb-block-inner td-fix-index\"><time class=\"entry-date updated td-module-date\" datetime=\"2026-08-17T20:29:57+03:00\">august 17, 2026<\/time><\/div>\n<div class=\"tdb-block-inner td-fix-index\"><span>Updated:<\/span><time class=\"entry-date updated td-module-date\" datetime=\"2026-08-17T22:35:18+03:00\">august 17, 2026<\/time><\/div>\n<div class=\"tdb-block-inner td-fix-index\">\n<h1 class=\"tdb-title-text\">INCENDIU puternic la Bune\u0219ti-Avere\u0219ti! Primarul Vasile T\u0103r\u0103gan: \u201eVeni\u021bi s\u0103 ajuta\u021bi la stingerea focului!\u201d<\/h1>\n<\/div>\n<div class=\"tdb-block-inner td-fix-index\"><a class=\"tdb-author-photo\" href=\"https:\/\/vasluianul.ro\/author\/danieltanasuc\/\" title=\"Daniel T\u0103n\u0103suc\"><img loading=\"lazy\" decoding=\"async\" alt=\"Daniel T\u0103n\u0103suc\" src=\"https:\/\/secure.gravatar.com\/avatar\/96f8aa4cf2ea1d57d33381e0a38eedb556fd3ed3dc125a709e0d706eada9b43f?s=34&amp;d=identicon&amp;r=g\" class=\"avatar avatar-34 photo\" height=\"34\" width=\"34\" data-eio=\"l\"><\/a><\/p>\n<div class=\"tdb-author-name-wrap\"><span class=\"tdb-author-by\">By<\/span><a class=\"tdb-author-name\" href=\"https:\/\/vasluianul.ro\/author\/danieltanasuc\/\">Daniel T\u0103n\u0103suc<\/a><\/div>\n<\/div>\n<div class=\"tdb-block-inner td-fix-index\"><a href=\"https:\/\/vasluianul.ro\/wp-content\/uploads\/2026\/08\/incendiu-bunesti-vegetatie-99.jpg\" data-caption><img loading=\"lazy\" decoding=\"async\" width=\"1068\" height=\"1424\" class=\"entry-thumb td-modal-image\" src=\"https:\/\/vasluianul.ro\/wp-content\/uploads\/2026\/08\/incendiu-bunesti-vegetatie-99-1068x1424.jpg\" alt title=\"incendiu bunesti vegetatie 99\" data-eio=\"l\"><\/a><\/div>\n<div class=\"td_block_wrap tdb_single_content tdi_83 td-pb-border-top td_block_template_1 td-post-content tagdiv-type\" data-td-block-uid=\"tdi_83\">\n<div class=\"tdb-block-inner td-fix-index\">\n<div class=\"vtp-article-views\" aria-label=\"Num\u0103r vizualiz\u0103ri articol\"><span class=\"vtp-eye\" aria-hidden=\"true\">\ud83d\udc41<\/span><strong>129<\/strong> vizualiz\u0103ri<\/div>\n<p class=\"PDq2pG_selectionAnchorContainer\" data-start=\"133\" data-end=\"361\"><strong><span>Un incendiu puternic de vegeta\u021bie a izbucnit, \u00een aceast\u0103 sear\u0103, pe dealurile din zona Bune\u0219ti, comuna Bune\u0219ti-Avere\u0219ti. Fl\u0103c\u0103rile se extind rapid, iar autorit\u0103\u021bile locale se tem c\u0103 focul s-ar putea apropia de zonele locuite.<\/span><\/strong><\/p>\n<div class=\"code-block code-block-1\"><a href=\"https:\/\/vasluianul.ro\/incendiu-bunesti-averesti-apel-urgent\/DESTINATION\"><img decoding=\"async\" src=\"https:\/\/vasluianul.ro\/wp-content\/uploads\/2022\/06\/reclama-vechia-roma-2.jpeg%0A\" data-eio=\"l\"><\/a><\/div>\n<p data-start=\"363\" data-end=\"554\"><span>Primarul comunei Bune\u0219ti-Avere\u0219ti, Vasile T\u0103r\u0103gan, a lansat un apel urgent c\u0103tre localnicii care se afl\u0103 \u00een zon\u0103 \u0219i pot participa, f\u0103r\u0103 s\u0103 se expun\u0103 pericolului, la ac\u021biunile de stingere.<\/span><\/p>\n<p data-start=\"556\" data-end=\"890\"><span><em>\u201eAPEL URGENT \u2013 AJUTA\u021aI LA STINGEREA INCENDIULUI! Un incendiu puternic de vegeta\u021bie a izbucnit pe dealurile Bune\u0219tiului \u0219i se extinde rapid, pun\u00e2nd \u00een pericol vegeta\u021bia \u0219i chiar satul. V\u0103 rug\u0103m, cei care sunte\u021bi \u00een zon\u0103 \u0219i pute\u021bi interveni \u00een siguran\u021b\u0103, veni\u021bi s\u0103 ajuta\u021bi la stingerea focului!\u201d<\/em>, este mesajul lansat de primar.<\/span><\/p>\n<aside class=\"vva-wrap\" aria-label=\"PUBLICITATE\">\n<div class=\"vva-label\">PUBLICITATE<\/div>\n<p><a class=\"vva-link\" href=\"https:\/\/www.facebook.com\/FamiliaSafir\" target=\"_blank\" rel=\"noopener sponsored\"><video class=\"vva-video\" data-max-seconds=\"21\" playsinline preload=\"metadata\" autoplay muted controls><source src=\"https:\/\/vasluianul.ro\/wp-content\/uploads\/2026\/07\/safir-campanie-iulie-2026.mp4\" \/><\/video><\/a><\/aside>\n<div class=\"vam4-ad vam4-device-all\" data-ad-id=\"1\">\n<div class=\"vam4-label\">PUBLICITATE<\/div>\n<div class=\"vam4-frame\"><a class=\"vam4-click\" href=\"https:\/\/www.facebook.com\/SilverMallVaslui\" target=\"_blank\" rel=\"sponsored noopener\"><img decoding=\"async\" src=\"https:\/\/vasluianul.ro\/wp-content\/uploads\/2026\/07\/fillis-1200x400px-AI.jpg.webp\" alt=\"Silver Mall\" loading=\"lazy\" data-eio=\"l\"><\/a><\/div>\n<\/div>\n<p data-start=\"892\" data-end=\"1051\"><span>Edilul spune c\u0103 este nevoie de mobilizarea oamenilor din zon\u0103 \u0219i \u00eei \u00eendeamn\u0103 pe cei care pot ajuta s\u0103 vin\u0103 cu lope\u021bi sau alte unelte pe care le au la \u00eendem\u00e2n\u0103.<\/span><\/p>\n<p>\u00a0<\/p>\n<aside class=\"vcs-box vcs-style-red vcs-layout-vertical\" aria-label=\"Cite\u0219te \u0219i\"><a class=\"vcs-link\" href=\"https:\/\/vasluianul.ro\/incendii-vegetatie-vaslui-16-august-2026\/\"><span class=\"vcs-photo\"><img decoding=\"async\" src=\"https:\/\/vasluianul.ro\/wp-content\/uploads\/2026\/08\/incendiu-vegetatie-99-768x671.jpeg\" alt=\"Duminic\u0103 de foc \u00een jude\u021bul Vaslui: \u0219ase incendii de vegeta\u021bie, \u00een doar c\u00e2teva ore\" loading=\"lazy\" title=\"INCENDIU puternic la Bune\u0219ti-Avere\u0219ti! Primarul Vasile T\u0103r\u0103gan: \u201eVeni\u021bi s\u0103 ajuta\u021bi la stingerea focului!\u201d 1\" data-eio=\"l\"><\/span><span class=\"vcs-content\"><span class=\"vcs-label\">CITE\u0218TE \u0218I<\/span><span class=\"vcs-title\">Duminic\u0103 de foc \u00een jude\u021bul Vaslui: \u0219ase incendii de vegeta\u021bie, \u00een doar c\u00e2teva ore<\/span><\/span><\/a><\/aside>\n<p data-start=\"1053\" data-end=\"1321\"><span><em>\u201dPentru stingerea focului nu este suficient numai un apel telefonic. Orice ajutor conteaz\u0103! Ave\u021bi nevoie de lope\u021bi sau alte unelte \u2013 aduce\u021bi-le, dac\u0103 le ave\u021bi la \u00eendem\u00e2n\u0103. Haide\u021bi s\u0103 ne mobiliz\u0103m \u0219i s\u0103 prevenim extinderea incendiului!\u201d<\/em>, mai spune T\u0103r\u0103gan.<\/span><\/p>\n<p data-start=\"1323\" data-end=\"1352\"><span>Situa\u021bia este \u00een desf\u0103\u0219urare.<\/span><\/p>\n<\/div>\n<\/div>\n<div class=\"tdb-block-inner td-fix-index\">\n<div class=\"vtp-article-views\" aria-label=\"Num\u0103r vizualiz\u0103ri articol\"><span class=\"vtp-eye\" aria-hidden=\"true\">\ud83d\udc41<\/span><strong>129<\/strong> vizualiz\u0103ri<\/div>\n<p class=\"PDq2pG_selectionAnchorContainer\" data-start=\"133\" data-end=\"361\"><strong><span>Un incendiu puternic de vegeta\u021bie a izbucnit, \u00een aceast\u0103 sear\u0103, pe dealurile din zona Bune\u0219ti, comuna Bune\u0219ti-Avere\u0219ti. Fl\u0103c\u0103rile se extind rapid, iar autorit\u0103\u021bile locale se tem c\u0103 focul s-ar putea apropia de zonele locuite.<\/span><\/strong><\/p>\n<div class=\"code-block code-block-1\"><a href=\"https:\/\/vasluianul.ro\/incendiu-bunesti-averesti-apel-urgent\/DESTINATION\"><img decoding=\"async\" src=\"https:\/\/vasluianul.ro\/wp-content\/uploads\/2022\/06\/reclama-vechia-roma-2.jpeg%0A\" data-eio=\"l\"><\/a><\/div>\n<p data-start=\"363\" data-end=\"554\"><span>Primarul comunei Bune\u0219ti-Avere\u0219ti, Vasile T\u0103r\u0103gan, a lansat un apel urgent c\u0103tre localnicii care se afl\u0103 \u00een zon\u0103 \u0219i pot participa, f\u0103r\u0103 s\u0103 se expun\u0103 pericolului, la ac\u021biunile de stingere.<\/span><\/p>\n<p data-start=\"556\" data-end=\"890\"><span><em>\u201eAPEL URGENT \u2013 AJUTA\u021aI LA STINGEREA INCENDIULUI! Un incendiu puternic de vegeta\u021bie a izbucnit pe dealurile Bune\u0219tiului \u0219i se extinde rapid, pun\u00e2nd \u00een pericol vegeta\u021bia \u0219i chiar satul. V\u0103 rug\u0103m, cei care sunte\u021bi \u00een zon\u0103 \u0219i pute\u021bi interveni \u00een siguran\u021b\u0103, veni\u021bi s\u0103 ajuta\u021bi la stingerea focului!\u201d<\/em>, este mesajul lansat de primar.<\/span><\/p>\n<aside class=\"vva-wrap\" aria-label=\"PUBLICITATE\">\n<div class=\"vva-label\">PUBLICITATE<\/div>\n<p><a class=\"vva-link\" href=\"https:\/\/www.facebook.com\/FamiliaSafir\" target=\"_blank\" rel=\"noopener sponsored\"><video class=\"vva-video\" data-max-seconds=\"21\" playsinline preload=\"metadata\" autoplay muted controls><source src=\"https:\/\/vasluianul.ro\/wp-content\/uploads\/2026\/07\/safir-campanie-iulie-2026.mp4\" \/><\/video><\/a><\/aside>\n<div class=\"vam4-ad vam4-device-all\" data-ad-id=\"1\">\n<div class=\"vam4-label\">PUBLICITATE<\/div>\n<div class=\"vam4-frame\"><a class=\"vam4-click\" href=\"https:\/\/www.facebook.com\/SilverMallVaslui\" target=\"_blank\" rel=\"sponsored noopener\"><img decoding=\"async\" src=\"https:\/\/vasluianul.ro\/wp-content\/uploads\/2026\/07\/fillis-1200x400px-AI.jpg.webp\" alt=\"Silver Mall\" loading=\"lazy\" data-eio=\"l\"><\/a><\/div>\n<\/div>\n<p data-start=\"892\" data-end=\"1051\"><span>Edilul spune c\u0103 este nevoie de mobilizarea oamenilor din zon\u0103 \u0219i \u00eei \u00eendeamn\u0103 pe cei care pot ajuta s\u0103 vin\u0103 cu lope\u021bi sau alte unelte pe care le au la \u00eendem\u00e2n\u0103.<\/span><\/p>\n<p>\u00a0<\/p>\n<aside class=\"vcs-box vcs-style-red vcs-layout-vertical\" aria-label=\"Cite\u0219te \u0219i\"><a class=\"vcs-link\" href=\"https:\/\/vasluianul.ro\/incendii-vegetatie-vaslui-16-august-2026\/\"><span class=\"vcs-photo\"><img decoding=\"async\" src=\"https:\/\/vasluianul.ro\/wp-content\/uploads\/2026\/08\/incendiu-vegetatie-99-768x671.jpeg\" alt=\"Duminic\u0103 de foc \u00een jude\u021bul Vaslui: \u0219ase incendii de vegeta\u021bie, \u00een doar c\u00e2teva ore\" loading=\"lazy\" title=\"INCENDIU puternic la Bune\u0219ti-Avere\u0219ti! Primarul Vasile T\u0103r\u0103gan: \u201eVeni\u021bi s\u0103 ajuta\u021bi la stingerea focului!\u201d 1\" data-eio=\"l\"><\/span><span class=\"vcs-content\"><span class=\"vcs-label\">CITE\u0218TE \u0218I<\/span><span class=\"vcs-title\">Duminic\u0103 de foc \u00een jude\u021bul Vaslui: \u0219ase incendii de vegeta\u021bie, \u00een doar c\u00e2teva ore<\/span><\/span><\/a><\/aside>\n<p data-start=\"1053\" data-end=\"1321\"><span><em>\u201dPentru stingerea focului nu este suficient numai un apel telefonic. Orice ajutor conteaz\u0103! Ave\u021bi nevoie de lope\u021bi sau alte unelte \u2013 aduce\u021bi-le, dac\u0103 le ave\u021bi la \u00eendem\u00e2n\u0103. Haide\u021bi s\u0103 ne mobiliz\u0103m \u0219i s\u0103 prevenim extinderea incendiului!\u201d<\/em>, mai spune T\u0103r\u0103gan.<\/span><\/p>\n<p data-start=\"1323\" data-end=\"1352\"><span>Situa\u021bia este \u00een desf\u0103\u0219urare.<\/span><\/p>\n<\/div>\n<div class=\"tdb-block-inner td-fix-index\"><a href=\"https:\/\/vasluianul.ro\/author\/danieltanasuc\/\" class=\"tdb-author-photo\" title=\"Daniel T\u0103n\u0103suc\"><img loading=\"lazy\" decoding=\"async\" alt=\"Daniel T\u0103n\u0103suc\" src=\"https:\/\/secure.gravatar.com\/avatar\/96f8aa4cf2ea1d57d33381e0a38eedb556fd3ed3dc125a709e0d706eada9b43f?s=96&amp;d=identicon&amp;r=g\" class=\"avatar avatar-96 photo\" height=\"96\" width=\"96\" data-eio=\"l\"><\/a><\/p>\n<div class=\"tdb-author-info\"><a href=\"https:\/\/vasluianul.ro\/author\/danieltanasuc\/\" class=\"tdb-author-name\">Daniel T\u0103n\u0103suc<\/a><a href=\"http:\/\/www.vasluianul.ro\" class=\"tdb-author-url\">http:\/\/www.vasluianul.ro<\/a><\/div>\n<\/div>\n<div class=\"tdb-block-inner td-fix-index\">\n<div class=\"comments\" id=\"comments\">\n<div id=\"respond\" class=\"comment-respond\">\n<h3 id=\"reply-title\" class=\"comment-reply-title\">L\u0102SA\u021aI UN MESAJ <small><a rel=\"nofollow\" id=\"cancel-comment-reply-link\" href=\"https:\/\/vasluianul.ro\/incendiu-bunesti-averesti-apel-urgent\/#respond\">Renun\u021ba\u021bi la r\u0103spuns<\/a><\/small><\/h3>\n<div class=\"comment-form-input-wrap td-form-comment\">\n<div class=\"td-warning-comment\">V\u0103 rug\u0103m s\u0103 introduce\u021bi comentariul dvs.!<\/div>\n<\/div>\n<div class=\"comment-form-input-wrap td-form-author\">\n<div class=\"td-warning-author\">Introduce\u021bi aici numele dvs.<\/div>\n<\/div>\n<div class=\"comment-form-input-wrap td-form-email\">\n<div class=\"td-warning-email-error\">A\u021bi introdus o adres\u0103 de e-mail incorect\u0103!<\/div>\n<div class=\"td-warning-email\">V\u0103 rug\u0103m s\u0103 introduce\u021bi adresa dvs. de e-mail aici<\/div>\n<\/div>\n<\/div>\n<\/div>\n<\/div>\n<p>[analyse_source url=&#8221;https:\/\/vasluianul.ro\/incendiu-bunesti-averesti-apel-urgent\/#new_tab&#8221;]<\/p>\n","protected":false},"excerpt":{"rendered":"<p>[analyse_image type=&#8221;featured&#8221; src=&#8221;https:\/\/vasluianul.ro\/wp-content\/uploads\/2026\/08\/incendiu-bunesti-vegetatie-99.jpg&#8221;] august 17, 2026 Updated:august 17, 2026 INCENDIU puternic la Bune\u0219ti-Avere\u0219ti! Primarul Vasile T\u0103r\u0103gan: \u201eVeni\u021bi s\u0103 ajuta\u021bi la stingerea focului!\u201d ByDaniel T\u0103n\u0103suc \ud83d\udc41129 vizualiz\u0103ri Un incendiu puternic de vegeta\u021bie a izbucnit, \u00een aceast\u0103 sear\u0103, pe dealurile din zona Bune\u0219ti, comuna Bune\u0219ti-Avere\u0219ti. Fl\u0103c\u0103rile se extind rapid, iar autorit\u0103\u021bile locale se tem c\u0103 focul s-ar [&hellip;]<\/p>\n","protected":false},"author":1,"featured_media":0,"comment_status":"open","ping_status":"","sticky":false,"template":"","format":"standard","meta":{"footnotes":""},"categories":[89],"tags":[226,217],"class_list":["post-2098400","post","type-post","status-publish","format-standard","hentry","category-romania","tag-crawlmanager","tag-vaslui-robo-stiri-ro"],"_links":{"self":[{"href":"https:\/\/analyse.optim.biz\/index.php?rest_route=\/wp\/v2\/posts\/2098400","targetHints":{"allow":["GET"]}}],"collection":[{"href":"https:\/\/analyse.optim.biz\/index.php?rest_route=\/wp\/v2\/posts"}],"about":[{"href":"https:\/\/analyse.optim.biz\/index.php?rest_route=\/wp\/v2\/types\/post"}],"author":[{"embeddable":true,"href":"https:\/\/analyse.optim.biz\/index.php?rest_route=\/wp\/v2\/users\/1"}],"replies":[{"embeddable":true,"href":"https:\/\/analyse.optim.biz\/index.php?rest_route=%2Fwp%2Fv2%2Fcomments&post=2098400"}],"version-history":[{"count":0,"href":"https:\/\/analyse.optim.biz\/index.php?rest_route=\/wp\/v2\/posts\/2098400\/revisions"}],"wp:attachment":[{"href":"https:\/\/analyse.optim.biz\/index.php?rest_route=%2Fwp%2Fv2%2Fmedia&parent=2098400"}],"wp:term":[{"taxonomy":"category","embeddable":true,"href":"https:\/\/analyse.optim.biz\/index.php?rest_route=%2Fwp%2Fv2%2Fcategories&post=2098400"},{"taxonomy":"post_tag","embeddable":true,"href":"https:\/\/analyse.optim.biz\/index.php?rest_route=%2Fwp%2Fv2%2Ftags&post=2098400"}],"curies":[{"name":"wp","href":"https:\/\/api.w.org\/{rel}","templated":true}]}}