{"id":2098399,"date":"2026-08-17T18:16:47","date_gmt":"2026-08-17T15:16:47","guid":{"rendered":"https:\/\/analyse.optim.biz\/?p=2098399"},"modified":"2026-08-17T18:16:47","modified_gmt":"2026-08-17T15:16:47","slug":"sapte-zile-de-sarbatoare-la-vaslui-zilele-culturale-s-au-incheiat-cu-mira-si-un-spectaculos-show-de-lasere","status":"publish","type":"post","link":"https:\/\/analyse.optim.biz\/?p=2098399","title":{"rendered":"\u0218apte zile de s\u0103rb\u0103toare la Vaslui. Zilele Culturale s-au \u00eencheiat cu MIRA \u0219i un spectaculos show de lasere"},"content":{"rendered":"<p>[analyse_image type=&#8221;featured&#8221; src=&#8221;https:\/\/infovaslui.ro\/wp-content\/uploads\/2026\/08\/zilele-culturale-vaslui2026.jpg&#8221;]<\/p>\n<div class=\"tdb-block-inner td-fix-index\"><a class=\"tdb-logo-a\" href=\"https:\/\/infovaslui.ro\/\" title=\"INFO Vaslui\"><span class=\"tdb-logo-img-wrap\"><img loading=\"lazy\" decoding=\"async\" class=\"tdb-logo-img td-retina-data\" data-retina=\"https:\/\/infovaslui.ro\/wp-content\/uploads\/2024\/12\/Black-and-Yellow-Modern-Personal-Logo-4-e1734058775656.png\" src=\"https:\/\/infovaslui.ro\/wp-content\/uploads\/2024\/12\/Black-and-Yellow-Modern-Personal-Logo-4-e1734058775656.png\" alt=\"\u0218tiri din Vaslui\" title=\"INFO Vaslui\" width=\"157\" height=\"96\"><\/span><\/a><\/div>\n<div class=\"tdb-block-inner td-fix-index\"><a class=\"tdb-logo-a\" href=\"https:\/\/infovaslui.ro\/\" title=\"INFO Vaslui\"><span class=\"tdb-logo-img-wrap\"><img loading=\"lazy\" decoding=\"async\" class=\"tdb-logo-img td-retina-data\" data-retina=\"https:\/\/infovaslui.ro\/wp-content\/uploads\/2024\/12\/Black-and-Yellow-Modern-Personal-Logo-4-e1734058775656.png\" src=\"https:\/\/infovaslui.ro\/wp-content\/uploads\/2024\/12\/Black-and-Yellow-Modern-Personal-Logo-4-e1734058775656.png\" alt=\"\u0218tiri din Vaslui\" title=\"INFO Vaslui\" width=\"157\" height=\"96\"><\/span><\/a><\/div>\n<div class=\"tdb-block-inner td-fix-index\">\n<div class=\"tdb-head-date-txt\">luni, august 17, 2026<\/div>\n<\/div>\n<div class=\"tdb-block-inner td-fix-index\"><a class=\"tdb-logo-a\" href=\"https:\/\/infovaslui.ro\/\" title=\"INFO Vaslui\"><span class=\"tdb-logo-img-wrap\"><img loading=\"lazy\" decoding=\"async\" class=\"tdb-logo-img td-retina-data\" data-retina=\"https:\/\/infovaslui.ro\/wp-content\/uploads\/2024\/12\/Black-and-Yellow-Modern-Personal-Logo-1-e1734054980362.png\" src=\"https:\/\/infovaslui.ro\/wp-content\/uploads\/2024\/12\/Black-and-Yellow-Modern-Personal-Logo-1-e1734054980362.png\" alt=\"\u0218tiri din Vaslui\" title=\"INFO Vaslui\" width=\"161\" height=\"99\"><\/span><\/a><\/div>\n<div class=\"tdb-block-inner td-fix-index\"><a class=\"tdb-logo-a\" href=\"https:\/\/infovaslui.ro\/\" title=\"INFO Vaslui\"><span class=\"tdb-logo-img-wrap\"><img loading=\"lazy\" decoding=\"async\" class=\"tdb-logo-img td-retina-data\" data-retina=\"https:\/\/infovaslui.ro\/wp-content\/uploads\/2024\/12\/Black-and-Yellow-Modern-Personal-Logo-1-e1734054980362.png\" src=\"https:\/\/infovaslui.ro\/wp-content\/uploads\/2024\/12\/Black-and-Yellow-Modern-Personal-Logo-1-e1734054980362.png\" alt=\"\u0218tiri din Vaslui\" title=\"INFO Vaslui\" width=\"161\" height=\"99\"><\/span><\/a><\/div>\n<div class=\"tdb-block-inner td-fix-index\"><span><a title class=\"tdb-entry-crumb\" href=\"https:\/\/infovaslui.ro\/\">Acas\u0103<\/a><\/span><span><a title=\"Vede\u021bi toate articolele \u00een Evenimente\" class=\"tdb-entry-crumb\" href=\"https:\/\/infovaslui.ro\/category\/evenimente\/\">Evenimente<\/a><\/span><span class=\"tdb-bred-no-url-last\">\u0218apte zile de s\u0103rb\u0103toare la Vaslui. Zilele Culturale s-au \u00eencheiat cu MIRA&#8230;<\/span><\/div>\n<div class=\"tdb-block-inner td-fix-index\">\n<h1 class=\"tdb-title-text\">\u0218apte zile de s\u0103rb\u0103toare la Vaslui. Zilele Culturale s-au \u00eencheiat cu MIRA \u0219i un spectaculos show de lasere<\/h1>\n<\/div>\n<div class=\"tdb-block-inner td-fix-index\">\n<div class=\"tdb-author-name-wrap\"><span class=\"tdb-author-by\">Scris de: <\/span><a class=\"tdb-author-name\" href=\"https:\/\/infovaslui.ro\/author\/alexandru-ababei\/\">Alexandru Ababei<\/a><\/div>\n<\/div>\n<div class=\"tdb-block-inner td-fix-index\"><time class=\"entry-date updated td-module-date\" datetime=\"2026-08-17T21:16:47+03:00\">17 august 2026<\/time><\/div>\n<div class=\"td_block_wrap tdb_single_content tdi_106 td-pb-border-top td_block_template_1 td-post-content tagdiv-type\" data-td-block-uid=\"tdi_106\">\n<div class=\"tdb-block-inner td-fix-index\">\n<p><em><strong>Zilele Culturale ale Municipiului Vaslui s-au \u00eencheiat duminic\u0103 sear\u0103, dup\u0103 \u0219apte zile \u00een care ora\u0219ul a fost animat de concerte, spectacole, expozi\u021bii, competi\u021bii sportive \u0219i activit\u0103\u021bi pentru toate v\u00e2rstele. Ultima sear\u0103 a adunat numero\u0219i vasluieni \u00een Centrul Civic, unde recitalul sus\u021binut de MIRA \u0219i spectacolul de lasere au marcat finalul unei s\u0103pt\u0103m\u00e2ni dedicate comunit\u0103\u021bii.<\/strong><\/em><\/p>\n<p>Pre\u0219edintele Consiliului Jude\u021bean Vaslui, Ciprian-Ionu\u021b Trifan, a participat la manifest\u0103rile organizate \u00een aceast\u0103 perioad\u0103 \u0219i a transmis, la finalul edi\u021biei, un mesaj de apreciere pentru organizatori \u0219i pentru to\u021bi cei implica\u021bi.<\/p>\n<p><em>\u201eAu fost \u0219apte zile pline, cu muzic\u0103, tradi\u021bie, cultur\u0103, sport \u0219i foarte multe activit\u0103\u021bi pentru vasluieni de toate v\u00e2rstele. Zilele Culturale ale Municipiului Vaslui au reu\u0219it, \u0219i \u00een acest an, s\u0103 aduc\u0103 oamenii \u00eempreun\u0103 \u0219i s\u0103 creeze o atmosfer\u0103 frumoas\u0103 \u00een ora\u0219\u201d<\/em>, a declarat pre\u0219edintele CJ Vaslui.<\/p>\n<p>Ciprian-Ionu\u021b Trifan i-a felicitat pe organizatori, arti\u0219ti, sportivi \u0219i reprezentan\u021bii institu\u021biilor care au contribuit la desf\u0103\u0219urarea evenimentelor.<\/p>\n<p><em>\u201eEste important s\u0103 avem astfel de momente \u00een care comunitatea se \u00eent\u00e2lne\u0219te, se bucur\u0103 \u00eempreun\u0103 \u0219i \u00ee\u0219i pune \u00een valoare cultura \u0219i tradi\u021biile. A fost o adev\u0103rat\u0103 s\u0103rb\u0103toare a Vasluiului \u0219i m\u0103 bucur c\u0103 am putut fi al\u0103turi de vasluieni\u201d<\/em>, a mai transmis pre\u0219edintele Consiliului Jude\u021bean Vaslui.<\/p>\n<h2>Trupele vasluiene au deschis ultima sear\u0103<\/h2>\n<p>Programul de duminic\u0103 sear\u0103 a \u00eenceput cu muzic\u0103 local\u0103. Pe scena din Centrul Civic au urcat JOY OF MUSIC, F\u0102R\u0102 SEMNAL \u0219i DYNAMIX, trupele preg\u0103tind atmosfera pentru principalul recital al serii.<\/p>\n<p>Publicul a avut astfel ocazia s\u0103 \u00eei vad\u0103 pe scen\u0103 \u0219i pe arti\u0219tii locali, \u00eenaintea unuia dintre cele mai a\u0219teptate momente ale programului din acest an.<\/p>\n<h2>MIRA a adunat publicul \u00een fa\u021ba scenei<\/h2>\n<p>Momentul central al serii a fost recitalul sus\u021binut de MIRA. Artista a adunat un num\u0103r mare de vasluieni \u00een fa\u021ba scenei, iar muzica \u0219i atmosfera de concert au transformat ultima sear\u0103 \u00eentr-o adev\u0103rat\u0103 petrecere \u00een centrul ora\u0219ului.<\/p>\n<p>Dup\u0103 recitalul MIRA, distrac\u021bia a continuat cu DJ Andrew Dum.<\/p>\n<p>Finalul a fost unul spectaculos. Un show de lasere a luminat cerul deasupra Vasluiului \u0219i a \u00eencheiat oficial manifest\u0103rile din acest an.<\/p>\n<h2>\u0218apte zile cu evenimente pentru vasluieni<\/h2>\n<p><a href=\"https:\/\/infovaslui.ro\/zilele-culturale-municipiului-vaslui-2026-saptamana-spectacole-cultura-evenimente-intreaga-comunitate\/\">Zilele Culturale ale Municipiului Vaslui<\/a> au \u00eensemnat \u00eens\u0103 mult mai mult dec\u00e2t concertele din ultima sear\u0103.<\/p>\n<p>Timp de \u0219apte zile, \u00een diferite zone ale ora\u0219ului au fost organizate evenimente culturale \u0219i artistice, expozi\u021bii, spectacole, activit\u0103\u021bi pentru copii \u0219i tineri, competi\u021bii sportive \u0219i \u00eent\u00e2lniri dedicate personalit\u0103\u021bilor \u0219i valorilor locale.<\/p>\n<p>Programul a adus \u00eempreun\u0103 institu\u021bii publice, organiza\u021bii, arti\u0219ti, sportivi, voluntari \u0219i oameni din comunitate, \u00eentr-o s\u0103pt\u0103m\u00e2n\u0103 \u00een care Vasluiul \u0219i-a s\u0103rb\u0103torit cultura, tradi\u021biile \u0219i oamenii.<\/p>\n<p>Duminic\u0103 sear\u0103, muzica, publicul numeros \u0219i spectacolul de lasere au pus punct celor \u0219apte zile de manifest\u0103ri, \u00eentr-o atmosfer\u0103 de s\u0103rb\u0103toare.<\/p>\n<\/div>\n<\/div>\n<div class=\"tdb-block-inner td-fix-index\">\n<p><em><strong>Zilele Culturale ale Municipiului Vaslui s-au \u00eencheiat duminic\u0103 sear\u0103, dup\u0103 \u0219apte zile \u00een care ora\u0219ul a fost animat de concerte, spectacole, expozi\u021bii, competi\u021bii sportive \u0219i activit\u0103\u021bi pentru toate v\u00e2rstele. Ultima sear\u0103 a adunat numero\u0219i vasluieni \u00een Centrul Civic, unde recitalul sus\u021binut de MIRA \u0219i spectacolul de lasere au marcat finalul unei s\u0103pt\u0103m\u00e2ni dedicate comunit\u0103\u021bii.<\/strong><\/em><\/p>\n<p>Pre\u0219edintele Consiliului Jude\u021bean Vaslui, Ciprian-Ionu\u021b Trifan, a participat la manifest\u0103rile organizate \u00een aceast\u0103 perioad\u0103 \u0219i a transmis, la finalul edi\u021biei, un mesaj de apreciere pentru organizatori \u0219i pentru to\u021bi cei implica\u021bi.<\/p>\n<p><em>\u201eAu fost \u0219apte zile pline, cu muzic\u0103, tradi\u021bie, cultur\u0103, sport \u0219i foarte multe activit\u0103\u021bi pentru vasluieni de toate v\u00e2rstele. Zilele Culturale ale Municipiului Vaslui au reu\u0219it, \u0219i \u00een acest an, s\u0103 aduc\u0103 oamenii \u00eempreun\u0103 \u0219i s\u0103 creeze o atmosfer\u0103 frumoas\u0103 \u00een ora\u0219\u201d<\/em>, a declarat pre\u0219edintele CJ Vaslui.<\/p>\n<p>Ciprian-Ionu\u021b Trifan i-a felicitat pe organizatori, arti\u0219ti, sportivi \u0219i reprezentan\u021bii institu\u021biilor care au contribuit la desf\u0103\u0219urarea evenimentelor.<\/p>\n<p><em>\u201eEste important s\u0103 avem astfel de momente \u00een care comunitatea se \u00eent\u00e2lne\u0219te, se bucur\u0103 \u00eempreun\u0103 \u0219i \u00ee\u0219i pune \u00een valoare cultura \u0219i tradi\u021biile. A fost o adev\u0103rat\u0103 s\u0103rb\u0103toare a Vasluiului \u0219i m\u0103 bucur c\u0103 am putut fi al\u0103turi de vasluieni\u201d<\/em>, a mai transmis pre\u0219edintele Consiliului Jude\u021bean Vaslui.<\/p>\n<h2>Trupele vasluiene au deschis ultima sear\u0103<\/h2>\n<p>Programul de duminic\u0103 sear\u0103 a \u00eenceput cu muzic\u0103 local\u0103. Pe scena din Centrul Civic au urcat JOY OF MUSIC, F\u0102R\u0102 SEMNAL \u0219i DYNAMIX, trupele preg\u0103tind atmosfera pentru principalul recital al serii.<\/p>\n<p>Publicul a avut astfel ocazia s\u0103 \u00eei vad\u0103 pe scen\u0103 \u0219i pe arti\u0219tii locali, \u00eenaintea unuia dintre cele mai a\u0219teptate momente ale programului din acest an.<\/p>\n<h2>MIRA a adunat publicul \u00een fa\u021ba scenei<\/h2>\n<p>Momentul central al serii a fost recitalul sus\u021binut de MIRA. Artista a adunat un num\u0103r mare de vasluieni \u00een fa\u021ba scenei, iar muzica \u0219i atmosfera de concert au transformat ultima sear\u0103 \u00eentr-o adev\u0103rat\u0103 petrecere \u00een centrul ora\u0219ului.<\/p>\n<p>Dup\u0103 recitalul MIRA, distrac\u021bia a continuat cu DJ Andrew Dum.<\/p>\n<p>Finalul a fost unul spectaculos. Un show de lasere a luminat cerul deasupra Vasluiului \u0219i a \u00eencheiat oficial manifest\u0103rile din acest an.<\/p>\n<h2>\u0218apte zile cu evenimente pentru vasluieni<\/h2>\n<p><a href=\"https:\/\/infovaslui.ro\/zilele-culturale-municipiului-vaslui-2026-saptamana-spectacole-cultura-evenimente-intreaga-comunitate\/\">Zilele Culturale ale Municipiului Vaslui<\/a> au \u00eensemnat \u00eens\u0103 mult mai mult dec\u00e2t concertele din ultima sear\u0103.<\/p>\n<p>Timp de \u0219apte zile, \u00een diferite zone ale ora\u0219ului au fost organizate evenimente culturale \u0219i artistice, expozi\u021bii, spectacole, activit\u0103\u021bi pentru copii \u0219i tineri, competi\u021bii sportive \u0219i \u00eent\u00e2lniri dedicate personalit\u0103\u021bilor \u0219i valorilor locale.<\/p>\n<p>Programul a adus \u00eempreun\u0103 institu\u021bii publice, organiza\u021bii, arti\u0219ti, sportivi, voluntari \u0219i oameni din comunitate, \u00eentr-o s\u0103pt\u0103m\u00e2n\u0103 \u00een care Vasluiul \u0219i-a s\u0103rb\u0103torit cultura, tradi\u021biile \u0219i oamenii.<\/p>\n<p>Duminic\u0103 sear\u0103, muzica, publicul numeros \u0219i spectacolul de lasere au pus punct celor \u0219apte zile de manifest\u0103ri, \u00eentr-o atmosfer\u0103 de s\u0103rb\u0103toare.<\/p>\n<\/div>\n<div class=\"tdb-block-inner td-fix-index\">\n<div class=\"tdb-next-post tdb-next-post-bg tdb-post-prev\"><span>Articolul precedent<\/span><\/p>\n<div class=\"td-module-container\">\n<div class=\"next-prev-title\"><a href=\"https:\/\/infovaslui.ro\/ultima-zilelor-culturale-municipiului-vaslui-masini-epoca-nunta-concert-mira-centrul-civic\/\">Ultima zi a Zilelor Culturale ale Municipiului Vaslui. Ma\u0219ini de epoc\u0103, Nunta de Aur \u0219i concert cu MIRA \u00een Centrul Civic<\/a><\/div>\n<\/div>\n<\/div>\n<div class=\"tdb-next-post tdb-next-post-bg tdb-post-next\"><span>Articolul urm\u0103tor<\/span><\/p>\n<div class=\"td-module-container\">\n<div class=\"next-prev-title\"><a href=\"https:\/\/infovaslui.ro\/sarbatoare-muntenii-comunitatea-adunata-ziua-comunei-artisti-indragiti-traditii-locale\/\">S\u0103rb\u0103toare la Muntenii de Sus. Comunitatea, adunat\u0103 la Ziua Comunei cu arti\u0219ti \u00eendr\u0103gi\u021bi \u0219i tradi\u021bii locale<\/a><\/div>\n<\/div>\n<\/div>\n<\/div>\n<div class=\"tdb-block-inner td-fix-index\"><a class=\"tdb-logo-a\" href=\"https:\/\/infovaslui.ro\/\" title=\"INFO Vaslui\"><span class=\"tdb-logo-img-wrap\"><img decoding=\"async\" class=\"tdb-logo-img td-retina-data\" data-retina=\"https:\/\/infovaslui.ro\/wp-content\/uploads\/2024\/12\/Black-and-Yellow-Modern-Personal-Logo-1-e1734054980362.png\" src=\"https:\/\/infovaslui.ro\/wp-content\/uploads\/2024\/12\/Black-and-Yellow-Modern-Personal-Logo-1-e1734054980362.png\" alt=\"\u0218tiri din Vaslui\" title=\"INFO Vaslui\"><\/span><span class=\"tdb-logo-text-wrap\"><span class=\"tdb-logo-text-title\">INFO Vaslui<\/span><span class=\"tdb-logo-text-tagline\">\u0218tiri de interes<\/span><\/span><\/a><\/div>\n<p>[analyse_source url=&#8221;https:\/\/infovaslui.ro\/sapte-zile-sarbatoare-vaslui-zilele-culturale-incheiat-mira-spectaculos-show-lasere\/#new_tab&#8221;]<\/p>\n","protected":false},"excerpt":{"rendered":"<p>[analyse_image type=&#8221;featured&#8221; src=&#8221;https:\/\/infovaslui.ro\/wp-content\/uploads\/2026\/08\/zilele-culturale-vaslui2026.jpg&#8221;] luni, august 17, 2026 Acas\u0103Evenimente\u0218apte zile de s\u0103rb\u0103toare la Vaslui. Zilele Culturale s-au \u00eencheiat cu MIRA&#8230; \u0218apte zile de s\u0103rb\u0103toare la Vaslui. Zilele Culturale s-au \u00eencheiat cu MIRA \u0219i un spectaculos show de lasere Scris de: Alexandru Ababei 17 august 2026 Zilele Culturale ale Municipiului Vaslui s-au \u00eencheiat duminic\u0103 sear\u0103, dup\u0103 \u0219apte [&hellip;]<\/p>\n","protected":false},"author":1,"featured_media":0,"comment_status":"open","ping_status":"","sticky":false,"template":"","format":"standard","meta":{"footnotes":""},"categories":[89],"tags":[226,217],"class_list":["post-2098399","post","type-post","status-publish","format-standard","hentry","category-romania","tag-crawlmanager","tag-vaslui-robo-stiri-ro"],"_links":{"self":[{"href":"https:\/\/analyse.optim.biz\/index.php?rest_route=\/wp\/v2\/posts\/2098399","targetHints":{"allow":["GET"]}}],"collection":[{"href":"https:\/\/analyse.optim.biz\/index.php?rest_route=\/wp\/v2\/posts"}],"about":[{"href":"https:\/\/analyse.optim.biz\/index.php?rest_route=\/wp\/v2\/types\/post"}],"author":[{"embeddable":true,"href":"https:\/\/analyse.optim.biz\/index.php?rest_route=\/wp\/v2\/users\/1"}],"replies":[{"embeddable":true,"href":"https:\/\/analyse.optim.biz\/index.php?rest_route=%2Fwp%2Fv2%2Fcomments&post=2098399"}],"version-history":[{"count":0,"href":"https:\/\/analyse.optim.biz\/index.php?rest_route=\/wp\/v2\/posts\/2098399\/revisions"}],"wp:attachment":[{"href":"https:\/\/analyse.optim.biz\/index.php?rest_route=%2Fwp%2Fv2%2Fmedia&parent=2098399"}],"wp:term":[{"taxonomy":"category","embeddable":true,"href":"https:\/\/analyse.optim.biz\/index.php?rest_route=%2Fwp%2Fv2%2Fcategories&post=2098399"},{"taxonomy":"post_tag","embeddable":true,"href":"https:\/\/analyse.optim.biz\/index.php?rest_route=%2Fwp%2Fv2%2Ftags&post=2098399"}],"curies":[{"name":"wp","href":"https:\/\/api.w.org\/{rel}","templated":true}]}}