{"id":209836,"date":"2014-03-10T16:33:27","date_gmt":"2014-03-10T13:33:27","guid":{"rendered":"https:\/\/analyse.optim.biz\/?p=209836"},"modified":"2014-03-10T16:33:27","modified_gmt":"2014-03-10T13:33:27","slug":"al-doilea-om-in-stat-calin-popescu-tariceanu-este-noul-sef-al-senatului","status":"publish","type":"post","link":"https:\/\/analyse.optim.biz\/?p=209836","title":{"rendered":"Al doilea om \u00een stat. C\u0103lin Popescu T\u0103riceanu este noul \u0219ef al Senatului"},"content":{"rendered":"<div class=\"entry data-app-meta data-app-meta-article\" data-embed-base-url-canonical=\"https:\/\/www.digi24.ro\/embed\/stiri\/actualitate\/politica\/al-doilea-om-in-stat-calin-popescu-tariceanu-este-noul-sef-al-senatului-212290\">\n<p data-index=\"1\"><strong>ACTUALIZARE 17.50.\u00a0<\/strong>\u00cen primul s\u0103u discurs \u00een calitate de \u0219ef al Senatului, C\u0103lin Popescu T\u0103riceanu a declarat c\u0103 va fi un un pre\u0219edinte \u201eimplicat\u201d, care nu va asista pasiv la ceea ce se \u00eent\u00e2mpl\u0103 \u00een societate \u0219i \u00een via\u021ba politic\u0103. El a men\u021bionat din nou USL \u0219i nevoia de a duce obiectivele alian\u021bei mai departe.<\/p>\n<p data-index=\"2\">T\u0103riceanu a f\u0103cut un apel la consens, \u00een condi\u021biile \u00een care clasa politic\u0103 este \u201edivizat\u0103\u201d \u201edebusolat\u0103\u201d \u0219i \u201ef\u0103r\u0103 perspectiv\u0103 pe termen lung\u201d.<\/p>\n<p data-index=\"3\">\u201e<span>Trebuie s\u0103 avem curajul \u0219i dorin\u021ba de a colabora pe teme majore\u201d, a spus C\u0103lin Popescu T\u0103riceanu.<\/span><\/p>\n<p data-index=\"4\">\u201e<span>Rolul politicienilor nu e doar acela de a gestiona crize politice. Trebuie s\u0103 ne \u00eentoarcem la problemele reale ale rom\u00e2nilor, cred c\u0103 pentru acest lucru am fost ale\u0219i\u201d, a spus el. <\/span><\/p>\n<p data-index=\"5\">\u201e<span>Cred c\u0103 Rom\u00e2nia are un viitor numai \u00een m\u0103sura \u00een care vom avea cu to\u021bii o viziune comun\u0103, de consens \u0219i voin\u021b\u0103 politic\u0103\u201d, a mai spus noul \u0219ef al Senatului.<\/span><\/p>\n<p data-index=\"6\"><strong>ACTUALIZARE 17.30 C\u0103lin Popescu T\u0103riceanu este declarat pre\u0219edinte ales al Senatului.<\/strong><\/p>\n<p data-index=\"7\">Au fost prezen\u021bi 171 de senatori, dintre care au votat 157. Patru voturi au fost declarate nule. Pentru C\u0103lin Popescu T\u0103riceanu au fost 93 de voturi \u201epentru\u201d \u0219i 60 \u00a0\u201e\u00eempotriv\u0103\u201d. Urm\u0103torul clasat a fost candidatul liberalilor, Marius Obreja, care a avut 45 de voturi \u201epentru\u201d \u0219i 108 \u201e\u00eempotriv\u0103\u201d, iar candidatul PDL, Dumitru Oprea a primit numai 15 voturi \u201efavorabile\u201d \u0219i 133 \u201e\u00eempotriv\u0103\u201d.<\/p>\n<p data-index=\"8\"><strong>ACTUALIZARE 17.10 <\/strong>Votul s-a \u00eencheiat \u0219i se num\u0103r\u0103 sufragiile.<\/p>\n<p data-index=\"9\">\u00cen sal\u0103 sunt prezen\u021bi 148 de senatori, astfel c\u0103 pentru alegerea din primul tur al pre\u0219edintelui ar fi nevoie de 75 de voturi. Noua majoritate parlamentar\u0103 are \u00eens\u0103, teoretic, 94 de voturi. \u00cen plus, <a href=\"https:\/\/www.digi24.ro\/Stiri\/Digi24\/Actualitate\/Politica\/Ponta+Sunt+convins+ca+multi+liberali+vor+trece+peste+disciplina+\" target=\"_blank\" data-skip-linkfix=\"1\" rel=\"noopener\">liderul PSD. Victor Ponta, s-a declarat convins c\u0103 mul\u021bi liberali vor \u00eenc\u0103lca disciplina de partid<\/a> \u0219i vor vota pentru <strong>C\u0103lin Popescu T\u0103riceanu<\/strong>, \u00een ciuda faptului c\u0103 PNL are propriul candidat.<\/p>\n<p data-index=\"10\"><strong>ACTUALIZARE 16.40<\/strong>\u00a0\u201eDemisia mea de la \u0219efia Senatului nu a fost o decizie de conjunctur\u0103, sub imperiul unor emor\u021bii. A fost un r\u0103spuns clar \u0219i limpede la o situa\u021bie clar\u0103 \u0219i limpede\u201d, a declarat <strong>Crin Antonescu<\/strong>. Pre\u0219edintele demisionar al Senatului, Crin Antonescu, a sus\u021binut o alocu\u021biune, \u00een care a vorbit despre mandatul s\u0103u la conducerea acestei institu\u021bii \u0219i a mul\u021bumit colegilor pentru colaborare. \u201eSper c\u0103 am fost un pre\u0219edinte corect \u0219i demn al acestei institu\u021bii fundamentale a statului\u201d, a ad\u0103ugat Crin Antonescu.<\/p>\n<p data-index=\"11\">&#8212;&#8212;&#8212;&#8212;&#8212;&#8212;&#8212;&#8212;&#8212;-<\/p>\n<p data-index=\"12\">Alegeri tensionate la Senat unde USD \u00eel are candidat pentru func\u021bia de pre\u0219edinte \u0219i, implicit, al doilea om \u00een stat pe fostul liberal C\u0103lin Popescu T\u0103riceanu. Premierul Victor Ponta \u0219i-a asumat aceasta candidatur\u0103, de\u0219i mai mul\u021bi social-democra\u021bi s-au ar\u0103tat irita\u021bi de alegerea facut\u0103. Ceilal\u021bi candida\u021bi pentru \u0219efia Senatului sunt Marius Obreja, decis de liberali \u00een urm\u0103 cu pu\u0163in timp, \u0219i Dumitru Oprea, senator PDL.<\/p>\n<p data-index=\"13\">C\u0103lin Popescu T\u0103riceanu este sus\u0163inut \u00een cursa pentru \u015fefia Senatului de PSD, PC, UNPR \u015fi UDMR care l-au propus ast\u0103zi \u00een mod oficial. Fostul liberal mizeaz\u0103 nu numai pe voturile senatorilor puterii, c\u00e2t \u015fi pe cele ale fo\u015ftilor colegi de partid.<\/p>\n<p data-index=\"14\">\u201e<span>Am acceptat aceast\u0103 propunere care m\u0103 onoreaz\u0103 \u0219i care, \u00een acest fel, am convingerea c\u0103 ne va da posibilitatea s\u0103 mergem \u00eenainte cu proiectul USL\u201d, a spus el.<\/span><\/p>\n<p data-index=\"15\">Premierul spune c\u0103, \u00een fruntea Senatului, C\u0103lin Popescu T\u0103riceanu ar putea continua proiectele prezentate de USL \u00eenc\u0103 din 2012.<\/p>\n<p data-index=\"16\">\u201e<span>Domnul T\u0103riceanu are \u0219i experien\u021ba \u0219i \u00eenc\u0103rc\u0103tura politic\u0103 ncesar\u0103 pentru a lucra al\u0103turi de to\u021bi cei care au candidat\u201d, a spus Victor Ponta.<\/span><\/p>\n<p data-index=\"17\">Liderul PNL Crin Antonescu a criticat decizia lui C\u0103lin Popescu T\u0103riceanu de a candida din partea puterii la \u015fefia Senatului, afirm\u00e2nd c\u0103 este \u201eo atitudine ru\u0219inoas\u0103\u201d.<\/p>\n<p data-index=\"18\">Democrat-liberalii au anun\u0163at \u015fi ei c\u0103 vor avea un candidat pentru pre\u015fedin\u0163ia Senatului.<\/p>\n<p data-index=\"19\">\u201e<span>\u00cel vom propune pe domnul profesor Oprea\u201d, a spus C\u0103t\u0103lin Predoiu.<\/span><\/p>\n<p data-index=\"20\">\u00cen acest moment, la Senat, coali\u0163ia de guvernare format\u0103 din PSD, PC, UNPR \u015fi UDMR are 85 de parlamentari. Opozi\u0163ia num\u0103r\u0103 72 de senatori. Pentru a-\u015fi impune candidatul, puterea are nevoie de voturile a jum\u0103tate plus unu dintre parlamentarii prezen\u0163i. Cele 11 voturi ale parlamentarilor independen\u021bi ar putea \u00eenclina \u00eens\u0103 balan\u021ba \u00een favoarea uneia dintre p\u0103r\u021bi.<\/p>\n<p data-index=\"21\">Crin Antonescu a l\u0103sat vacant locul de \u015fef al Senatului chiar \u00een ziua \u00een care Guvernul Ponta III a primit votul de \u00eencredere \u00een Parlament. Pre\u0219edintele PNL a condus Senatul un an \u015fi 8 luni, cu o pauz\u0103 \u00een vara lui 2012 c\u00e2nd a preluat interimar Pre\u015fedin\u0163ia Rom\u00e2niei dup\u0103 suspendarea lui Traian B\u0103sescu. \u00a0<\/p>\n<\/div>\n<p> Source URL: https:\/\/www.digi24.ro\/stiri\/actualitate\/politica\/al-doilea-om-in-stat-calin-popescu-tariceanu-este-noul-sef-al-senatului-212290<\/p>\n","protected":false},"excerpt":{"rendered":"<p>ACTUALIZARE 17.50.\u00a0\u00cen primul s\u0103u discurs \u00een calitate de \u0219ef al Senatului, C\u0103lin Popescu T\u0103riceanu a declarat c\u0103 va fi un un pre\u0219edinte \u201eimplicat\u201d, care nu va asista pasiv la ceea ce se \u00eent\u00e2mpl\u0103 \u00een societate \u0219i \u00een via\u021ba politic\u0103. El a men\u021bionat din nou USL \u0219i nevoia de a duce obiectivele alian\u021bei mai departe. T\u0103riceanu [&hellip;]<\/p>\n","protected":false},"author":1,"featured_media":209837,"comment_status":"open","ping_status":"","sticky":false,"template":"","format":"standard","meta":{"footnotes":""},"categories":[2],"tags":[11],"class_list":["post-209836","post","type-post","status-publish","format-standard","has-post-thumbnail","hentry","category-politics","tag-digi24"],"_links":{"self":[{"href":"https:\/\/analyse.optim.biz\/index.php?rest_route=\/wp\/v2\/posts\/209836","targetHints":{"allow":["GET"]}}],"collection":[{"href":"https:\/\/analyse.optim.biz\/index.php?rest_route=\/wp\/v2\/posts"}],"about":[{"href":"https:\/\/analyse.optim.biz\/index.php?rest_route=\/wp\/v2\/types\/post"}],"author":[{"embeddable":true,"href":"https:\/\/analyse.optim.biz\/index.php?rest_route=\/wp\/v2\/users\/1"}],"replies":[{"embeddable":true,"href":"https:\/\/analyse.optim.biz\/index.php?rest_route=%2Fwp%2Fv2%2Fcomments&post=209836"}],"version-history":[{"count":0,"href":"https:\/\/analyse.optim.biz\/index.php?rest_route=\/wp\/v2\/posts\/209836\/revisions"}],"wp:featuredmedia":[{"embeddable":true,"href":"https:\/\/analyse.optim.biz\/index.php?rest_route=\/wp\/v2\/media\/209837"}],"wp:attachment":[{"href":"https:\/\/analyse.optim.biz\/index.php?rest_route=%2Fwp%2Fv2%2Fmedia&parent=209836"}],"wp:term":[{"taxonomy":"category","embeddable":true,"href":"https:\/\/analyse.optim.biz\/index.php?rest_route=%2Fwp%2Fv2%2Fcategories&post=209836"},{"taxonomy":"post_tag","embeddable":true,"href":"https:\/\/analyse.optim.biz\/index.php?rest_route=%2Fwp%2Fv2%2Ftags&post=209836"}],"curies":[{"name":"wp","href":"https:\/\/api.w.org\/{rel}","templated":true}]}}