{"id":2098334,"date":"2026-08-17T16:09:00","date_gmt":"2026-08-17T13:09:00","guid":{"rendered":"https:\/\/analyse.optim.biz\/?p=2098334"},"modified":"2026-08-17T16:09:00","modified_gmt":"2026-08-17T13:09:00","slug":"armata-in-mijlocul-buzoienilor-mii-de-oameni-au-admirat-cele-mai-noi-blindate-si-drone","status":"publish","type":"post","link":"https:\/\/analyse.optim.biz\/?p=2098334","title":{"rendered":"Armata, \u00een mijlocul buzoienilor. Mii de oameni au admirat cele mai noi blindate \u0219i drone"},"content":{"rendered":"<p>[analyse_image type=&#8221;featured&#8221; src=&#8221;https:\/\/www.campusbuzau.ro\/wp-content\/uploads\/2026\/08\/armata-balcescu-3.jpghttps:\/\/www.campusbuzau.ro\/wp-content\/uploads\/2026\/08\/armata-balcescu-3.jpg&#8221;]<\/p>\n<div class=\"entry-content\">\n<p><strong><em><mark class=\"has-inline-color has-maincolor-color\">Bulevardul Nicolae B\u0103lcescu din municipiul Buz\u0103u a fost, duminic\u0103, locul de \u00eent\u00e2lnire dintre buzoieni \u0219i militarii Diviziei 2 Infanterie \u201eGetica\u201d.<\/mark><\/em><\/strong><\/p>\n<p>Tancuri, transportoare blindate pe \u0219enile sau pe ro\u021bi, drone de supraveghere, mai multe tipuri de sisteme antiaeriene \u0219i vehicule de lupt\u0103 folosite de For\u021bele pentru Opera\u021biuni Speciale \u2013 toate acestea au putut fi admirate de miile de buzoieni prezen\u021bi, duminic\u0103, pe artera tradi\u021bional\u0103 de promenad\u0103. <\/p>\n<p>Pentru copii, atrac\u021biile principale au fost tancul TR-85 M1 \u0219i robotul folosit de militarii geni\u0219ti \u00een misiunile de interven\u021bie, c\u0103utare \u0219i neutralizare a dispozitivelor explozive. <\/p>\n<figure class=\"wp-block-image size-full is-resized\"><img loading=\"lazy\" decoding=\"async\" width=\"900\" height=\"517\" src=\"https:\/\/www.campusbuzau.ro\/wp-content\/uploads\/2026\/08\/armata-balcescu-1.jpg\" alt class=\"wp-image-156414\"><\/figure>\n<p>Mii de buzoieni au admirat tehnica militar\u0103 folosit\u0103 de infanteri\u0219tii Armatei Rom\u00e2ne. Au fost expuse, \u00een premier\u0103 la Buz\u0103u, \u0219i cele mai noi achizi\u021bii ale Ministerului Ap\u0103r\u0103rii Na\u021bionale, precum vehiculul blindat multirol Cobra 2, vehiculul off-road Dagor A1, folosit de For\u021bele pentru Opera\u021biuni Speciale, drona de supraveghere Vector, precum \u0219i lansatorul de rachete sol-aer Chiron<em>.<\/em><\/p>\n<figure class=\"wp-block-image size-full is-resized\"><img loading=\"lazy\" decoding=\"async\" width=\"895\" height=\"506\" src=\"https:\/\/www.campusbuzau.ro\/wp-content\/uploads\/2026\/08\/armata-balcescu-2.jpg\" alt class=\"wp-image-156412\"><\/figure>\n<figure class=\"wp-block-image size-full is-resized\"><img loading=\"lazy\" decoding=\"async\" width=\"900\" height=\"499\" src=\"https:\/\/www.campusbuzau.ro\/wp-content\/uploads\/2026\/08\/armata-balcescu-4.jpg\" alt class=\"wp-image-156410\"><\/figure>\n<figure class=\"wp-block-image size-full is-resized\"><img decoding=\"async\" loading=\"lazy\" width=\"888\" height=\"502\" src=\"https:\/\/www.campusbuzau.ro\/wp-content\/uploads\/2026\/08\/armata-balcescu-5.jpg\" alt class=\"wp-image-156413\"><\/figure>\n<p>Anul acesta, pe 20 august, Divizia 2 Infanterie \u201eGetica\u201d s\u0103rb\u0103tore\u0219te 110 ani de la \u00eenfiin\u021bare. Pentru a marca aceast\u0103 born\u0103 important\u0103, militarii au organizat, \u00eencep\u00e2nd cu 10 august, numeroase activit\u0103\u021bi. <\/p>\n<figure class=\"wp-block-image size-full\"><img decoding=\"async\" loading=\"lazy\" width=\"600\" height=\"848\" src=\"https:\/\/www.campusbuzau.ro\/wp-content\/uploads\/2026\/08\/afis-ziua-diviziei-2.jpg\" alt class=\"wp-image-156176\"><\/figure>\n<p>Programul evenimentelor va continua pe 19 august, cu Festivalul Muzicilor Militare. Manifestarea va avea loc \u00een Pia\u021ba Dacia, \u00eentre orele 19:00 \u0219i 20:30. Totodat\u0103, joi, 20 august, \u00eentre orele 12:00 \u0219i 14:00, pe Calea Eroilor din municipiul Buz\u0103u va avea loc o ceremonie militar\u0103 \u0219i religioas\u0103, care se va \u00eencheia cu defilarea militarilor Diviziei 2 Infanterie.<\/p>\n<figure class=\"wp-block-embed is-type-video is-provider-youtube wp-block-embed-youtube wp-embed-aspect-16-9 wp-has-aspect-ratio\">\n<div class=\"wp-block-embed__wrapper\">\n<iframe loading=\"lazy\" title=\"DIVIZIA 2 INFANTERIE GETICA - EXPOZI\u0162IE PE BULEVARD\" width=\"500\" height=\"281\" src=\"https:\/\/www.youtube.com\/embed\/XvxmoLDm6s4?feature=oembed\" frameborder allow=\"accelerometer; autoplay; clipboard-write; encrypted-media; gyroscope; picture-in-picture; web-share\" referrerpolicy=\"strict-origin-when-cross-origin\" allowfullscreen><\/iframe>\n<\/div>\n<\/figure>\n<\/div>\n<p>[analyse_source url=&#8221;https:\/\/www.campusbuzau.ro\/armata-in-mijlocul-buzoienilor-mii-de-oameni-au-admirat-cele-mai-noi-blindate-si-drone\/&#8221;]<\/p>\n","protected":false},"excerpt":{"rendered":"<p>[analyse_image type=&#8221;featured&#8221; src=&#8221;https:\/\/www.campusbuzau.ro\/wp-content\/uploads\/2026\/08\/armata-balcescu-3.jpghttps:\/\/www.campusbuzau.ro\/wp-content\/uploads\/2026\/08\/armata-balcescu-3.jpg&#8221;] Bulevardul Nicolae B\u0103lcescu din municipiul Buz\u0103u a fost, duminic\u0103, locul de \u00eent\u00e2lnire dintre buzoieni \u0219i militarii Diviziei 2 Infanterie \u201eGetica\u201d. Tancuri, transportoare blindate pe \u0219enile sau pe ro\u021bi, drone de supraveghere, mai multe tipuri de sisteme antiaeriene \u0219i vehicule de lupt\u0103 folosite de For\u021bele pentru Opera\u021biuni Speciale \u2013 toate acestea au putut [&hellip;]<\/p>\n","protected":false},"author":1,"featured_media":0,"comment_status":"open","ping_status":"","sticky":false,"template":"","format":"standard","meta":{"footnotes":""},"categories":[2],"tags":[118,226],"class_list":["post-2098334","post","type-post","status-publish","format-standard","hentry","category-politics","tag-campusbuzau-ro","tag-crawlmanager"],"_links":{"self":[{"href":"https:\/\/analyse.optim.biz\/index.php?rest_route=\/wp\/v2\/posts\/2098334","targetHints":{"allow":["GET"]}}],"collection":[{"href":"https:\/\/analyse.optim.biz\/index.php?rest_route=\/wp\/v2\/posts"}],"about":[{"href":"https:\/\/analyse.optim.biz\/index.php?rest_route=\/wp\/v2\/types\/post"}],"author":[{"embeddable":true,"href":"https:\/\/analyse.optim.biz\/index.php?rest_route=\/wp\/v2\/users\/1"}],"replies":[{"embeddable":true,"href":"https:\/\/analyse.optim.biz\/index.php?rest_route=%2Fwp%2Fv2%2Fcomments&post=2098334"}],"version-history":[{"count":0,"href":"https:\/\/analyse.optim.biz\/index.php?rest_route=\/wp\/v2\/posts\/2098334\/revisions"}],"wp:attachment":[{"href":"https:\/\/analyse.optim.biz\/index.php?rest_route=%2Fwp%2Fv2%2Fmedia&parent=2098334"}],"wp:term":[{"taxonomy":"category","embeddable":true,"href":"https:\/\/analyse.optim.biz\/index.php?rest_route=%2Fwp%2Fv2%2Fcategories&post=2098334"},{"taxonomy":"post_tag","embeddable":true,"href":"https:\/\/analyse.optim.biz\/index.php?rest_route=%2Fwp%2Fv2%2Ftags&post=2098334"}],"curies":[{"name":"wp","href":"https:\/\/api.w.org\/{rel}","templated":true}]}}