{"id":2098333,"date":"2026-08-17T16:07:00","date_gmt":"2026-08-17T13:07:00","guid":{"rendered":"https:\/\/analyse.optim.biz\/?p=2098333"},"modified":"2026-08-17T16:07:00","modified_gmt":"2026-08-17T13:07:00","slug":"biaf-2026-o-luna-de-festival-la-buzau","status":"publish","type":"post","link":"https:\/\/analyse.optim.biz\/?p=2098333","title":{"rendered":"BIAF 2026. O lun\u0103 de festival la Buz\u0103u"},"content":{"rendered":"<p>[analyse_image type=&#8221;featured&#8221; src=&#8221;https:\/\/www.campusbuzau.ro\/wp-content\/uploads\/2026\/08\/vlcsnap-2026-08-17-11h17m11s162.jpghttps:\/\/www.campusbuzau.ro\/wp-content\/uploads\/2026\/08\/vlcsnap-2026-08-17-11h17m11s162.jpg&#8221;]<\/p>\n<div class=\"entry-content\">\n<p><strong><em>P\u00e2n\u0103 pe 11 septembrie 2026 Buz\u0103ul se va transforma \u00eentr-o imens\u0103 scen\u0103 pe care vor evolua arti\u0219ti binecunoscu\u021bi \u0219i unde spectatorii vor putea participa gratuit la cele mai multe dintre evenimente. Festivalul Interna\u021bional de Arte Buz\u0103u 2026 se va desf\u0103\u0219ura pe o perioad\u0103 de aproape o lun\u0103 de zile \u0219i va con\u021bine o mul\u021bime de evenimente artistice din domeniul filmului, teatrului, muzicii sau fotografiei.<\/em><\/strong><\/p>\n<p>Cea de-a VI-a edi\u021bie Buz\u0103u International Arts Festival a \u00eenceput \u00een for\u021b\u0103 la sf\u00e2r\u0219itul s\u0103pt\u0103m\u00e2nii trecute iar Buz\u0103ul s-a transformat pentru o lun\u0103 de zile \u00een capitala artelor.<\/p>\n<p>Prima vedet\u0103 care a urcat pe scen\u0103 \u0219i care a cucerit definitiv publicul a fost Alexandra C\u0103pit\u0103nescu, artista care a reprezentat Rom\u00e2nia \u0219i care a atras ova\u021biile publicului de la Eurovision.<\/p>\n<p>Edilul \u0219ef al Buz\u0103ului\u00a0 a deschis oficial festivalul, care este realizat \u0219i cu sprijinul Prim\u0103riei \u0219i al Consiliului Jude\u021bean Buz\u0103u.<\/p>\n<p>P\u00e2n\u0103 pe 11 septembrie 2026 este de a\u0219teptat ca peste o sut\u0103 de mii de participan\u021bi de toate v\u00e2rstele s\u0103 fie prezen\u021bi la BIAF, festivalul care reune\u0219te competi\u021bii interna\u021bionale de film \u0219i teatru, concerte, arte vizuale, literatur\u0103, spectacole \u0219i ateliere pentru copii \u0219i spectacole stradale \u00een peste 10 loca\u021bii din ora\u0219.<\/p>\n<p>To\u021bi spectatorii au gratuitate la aproape toate evenimentele programate pentru cele 4 s\u0103pt\u0103m\u00e2ni c\u00e2t va dura BIAF la Buz\u0103u.<\/p>\n<figure class=\"wp-block-embed is-type-video is-provider-youtube wp-block-embed-youtube wp-embed-aspect-16-9 wp-has-aspect-ratio\">\n<div class=\"wp-block-embed__wrapper\">\n<iframe loading=\"lazy\" title=\"O LUN\u0102 DE FESTIVAL BIAF 2026\" width=\"500\" height=\"281\" src=\"https:\/\/www.youtube.com\/embed\/aHCserHD344?feature=oembed\" frameborder allow=\"accelerometer; autoplay; clipboard-write; encrypted-media; gyroscope; picture-in-picture; web-share\" referrerpolicy=\"strict-origin-when-cross-origin\" allowfullscreen><\/iframe>\n<\/div>\n<\/figure>\n<\/div>\n<p>[analyse_source url=&#8221;https:\/\/www.campusbuzau.ro\/biaf-2026-o-luna-de-festival-la-buzau\/&#8221;]<\/p>\n","protected":false},"excerpt":{"rendered":"<p>[analyse_image type=&#8221;featured&#8221; src=&#8221;https:\/\/www.campusbuzau.ro\/wp-content\/uploads\/2026\/08\/vlcsnap-2026-08-17-11h17m11s162.jpghttps:\/\/www.campusbuzau.ro\/wp-content\/uploads\/2026\/08\/vlcsnap-2026-08-17-11h17m11s162.jpg&#8221;] P\u00e2n\u0103 pe 11 septembrie 2026 Buz\u0103ul se va transforma \u00eentr-o imens\u0103 scen\u0103 pe care vor evolua arti\u0219ti binecunoscu\u021bi \u0219i unde spectatorii vor putea participa gratuit la cele mai multe dintre evenimente. Festivalul Interna\u021bional de Arte Buz\u0103u 2026 se va desf\u0103\u0219ura pe o perioad\u0103 de aproape o lun\u0103 de zile \u0219i va con\u021bine [&hellip;]<\/p>\n","protected":false},"author":1,"featured_media":0,"comment_status":"open","ping_status":"","sticky":false,"template":"","format":"standard","meta":{"footnotes":""},"categories":[2],"tags":[118,226],"class_list":["post-2098333","post","type-post","status-publish","format-standard","hentry","category-politics","tag-campusbuzau-ro","tag-crawlmanager"],"_links":{"self":[{"href":"https:\/\/analyse.optim.biz\/index.php?rest_route=\/wp\/v2\/posts\/2098333","targetHints":{"allow":["GET"]}}],"collection":[{"href":"https:\/\/analyse.optim.biz\/index.php?rest_route=\/wp\/v2\/posts"}],"about":[{"href":"https:\/\/analyse.optim.biz\/index.php?rest_route=\/wp\/v2\/types\/post"}],"author":[{"embeddable":true,"href":"https:\/\/analyse.optim.biz\/index.php?rest_route=\/wp\/v2\/users\/1"}],"replies":[{"embeddable":true,"href":"https:\/\/analyse.optim.biz\/index.php?rest_route=%2Fwp%2Fv2%2Fcomments&post=2098333"}],"version-history":[{"count":0,"href":"https:\/\/analyse.optim.biz\/index.php?rest_route=\/wp\/v2\/posts\/2098333\/revisions"}],"wp:attachment":[{"href":"https:\/\/analyse.optim.biz\/index.php?rest_route=%2Fwp%2Fv2%2Fmedia&parent=2098333"}],"wp:term":[{"taxonomy":"category","embeddable":true,"href":"https:\/\/analyse.optim.biz\/index.php?rest_route=%2Fwp%2Fv2%2Fcategories&post=2098333"},{"taxonomy":"post_tag","embeddable":true,"href":"https:\/\/analyse.optim.biz\/index.php?rest_route=%2Fwp%2Fv2%2Ftags&post=2098333"}],"curies":[{"name":"wp","href":"https:\/\/api.w.org\/{rel}","templated":true}]}}