{"id":2098221,"date":"2026-08-16T13:20:36","date_gmt":"2026-08-16T10:20:36","guid":{"rendered":"https:\/\/analyse.optim.biz\/?p=2098221"},"modified":"2026-08-16T13:20:36","modified_gmt":"2026-08-16T10:20:36","slug":"scm-a-castigat-trofeul-la-memorialul-constantin-tita-grace-zaadi-cea-mai-buna-jucatoare-a-turneului","status":"publish","type":"post","link":"https:\/\/analyse.optim.biz\/?p=2098221","title":{"rendered":"SCM a c\u00e2\u0219tigat trofeul la Memorialul \u201eConstantin Tit\u0103\u201d. Grace Zaadi, cea mai bun\u0103 juc\u0103toare a turneului!"},"content":{"rendered":"<p>[analyse_image type=&#8221;featured&#8221; src=&#8221;https:\/\/www.impactreal.ro\/wp-content\/uploads\/2026\/08\/memorial-2026-15-aug14-scaled-e1786886349206.jpg&#8221;]<\/p>\n<div class=\"single-news-content\">\n<div class=\"news-image\"><img loading=\"lazy\" decoding=\"async\" width=\"2560\" height=\"1442\" src=\"https:\/\/www.impactreal.ro\/wp-content\/uploads\/2026\/08\/memorial-2026-15-aug14-scaled-e1786886349206.jpg\" class=\"img-responsive wp-post-image\" alt=\"SCM a c\u00e2\u0219tigat trofeul la Memorialul \u201eConstantin Tit\u0103\u201d. Grace Zaadi, cea mai bun\u0103 juc\u0103toare a turneului!\"><\/div>\n<div class=\"news-detail clearfix\">\n<div class=\"entry-meta\"><span class=\"posted-date\"><a href=\"https:\/\/www.impactreal.ro\/2026\/08\/16\/scm-a-castigat-trofeul-la-memorialul-constantin-tita-grace-zaadi-cea-mai-buna-jucatoare-a-turneului\/\" rel=\"bookmark\"><time class=\"entry-date published updated\" datetime=\"2026-08-16T16:20:36+03:00\">16 august 2026<\/time><\/a><\/span><span class=\"author vcard\"><a href=\"https:\/\/www.impactreal.ro\/author\/adi-georgescu\/\">Adi Georgescu<\/a><\/span><span class=\"cat-links\"><a href=\"https:\/\/www.impactreal.ro\/category\/sport\/\" rel=\"category tag\">Sport<\/a><\/span><\/div>\n<div class=\"news-content editor-content-entry\">\n<p class=\"yiv1897616362ydp6f24fd90MsoNormal\"><b><span lang=\"RO\">SCM Rm. V\u00e2lcea a c\u00e2\u0219tigat s\u00e2mb\u0103t\u0103 seara a 18-a edi\u021bie a Memorialului \u201dConstantin Tit\u0103\u201d din Sala Sporturilor Traian, cel mai puternic turneu interna\u021bional al verii din Rom\u00e2nia.<\/span><\/b><\/p>\n<p class=\"yiv1897616362ydp6f24fd90MsoNormal\"><span lang=\"RO\">Echipa lui Florentin Pera a avut parte de teste foarte tari, cu o s\u0103pt\u0103m\u00e2n\u0103 \u00eenainte de Final Fourul\u00a0 Supercupei de la Bistri\u021ba.<\/span><\/p>\n<div><span lang=\"RO\">Al\u0103turi de SCM Rm. V\u00e2lcea, la memorial au mai participat forma\u021biile Debrecen, Krim Ljubljana \u0219i Buducnost Podgorica. S-a jucat \u00een sistem Final Four, cu semifinale \u0219i finale.<\/span><\/div>\n<div><span lang=\"RO\">\u00a0<\/span><\/div>\n<div dir=\"ltr\"><span lang=\"RO\"><b>Krogh, cel mai bun portar al turneului<\/b><\/span><\/div>\n<p class=\"yiv1897616362ydp6f24fd90MsoNormal\"><span lang=\"RO\">Vineri, \u00een semifinale, <strong>V\u00e2lcea<\/strong> a \u00eenvins pe <strong>Debrecen<\/strong> cu <strong>28-25<\/strong>, \u00eentr-un meci \u00een care au impresionat portarul Krogh \u0219i centrul Zaadi. \u00cenaintea acestui joc, organizatorii au prezentat publicului noua echip\u0103 a V\u00e2lcii, iar primarul <strong>Mircia Gut\u0103u<\/strong> a oferit juc\u0103toarelor c\u00e2te un buchet de flori.<\/span><\/p>\n<p class=\"yiv1897616362ydp6f24fd90MsoNormal\"><span lang=\"RO\">\u00cen cealalt\u0103 semifinal\u0103,<strong> Buducnost<\/strong> a \u00eenvins cu <strong>24-22<\/strong> pe <strong>Krim Ljubljana<\/strong>, echip\u0103 antrenat\u0103 de fostul antrenor al V\u00e2lcii, Rasmus Poulsen.<\/span><\/p>\n<p class=\"yiv1897616362ydp6f24fd90MsoNormal\"><span lang=\"RO\">S\u00e2mb\u0103t\u0103, \u00een finala mic\u0103, <strong>Debrecen<\/strong> a \u00eenvins categoric, scor <strong>40-29<\/strong> pe<strong> Krim<\/strong> \u0219i s-a clasat pe locul 3. Slovenele au \u00eencheiat pe locul 4 \u0219i au primit premiul de fair-play \u201dIlie B\u0103jan\u201d.<\/span><\/p>\n<figure id=\"attachment_58246\" aria-describedby=\"caption-attachment-58246\" class=\"wp-caption alignnone\"><img loading=\"lazy\" decoding=\"async\" class=\"wp-image-58246 size-full\" src=\"https:\/\/www.impactreal.ro\/wp-content\/uploads\/2026\/08\/Krogh.jpg\" alt width=\"2048\" height=\"1343\"><figcaption id=\"caption-attachment-58246\" class=\"wp-caption-text\">Foto: SCM Rm. V\u00e2lcea<\/figcaption><\/figure>\n<p class=\"yiv1897616362ydp6f24fd90MsoNormal\"><span lang=\"RO\">\u00cen finala mare a turneului, <strong>SCM Rm. V\u00e2lcea<\/strong> s-a impus \u00een meciul cu <strong>Buducnost,<\/strong> scor <strong>31-24<\/strong> \u0219i a c\u00e2\u0219tigat memorialul. A fost a treia confruntare direct\u0103 dintre cele dou\u0103 echipe \u00een aceast\u0103 var\u0103, toate fiind c\u00e2\u0219tigate de oltence.<\/span><\/p>\n<p class=\"yiv1897616362ydp6f24fd90MsoNormal\"><span lang=\"RO\">Organizatorii au oferit la final \u0219i distinc\u021bii individuale. <strong>Djurdjina Jaukovic<\/strong> (Buducnost) a fost golghetera turneului, <strong>June Krogh<\/strong> (V\u00e2lcea) cel mai bun portar, iar <strong>Grace Zaadi<\/strong> a fost MVP-ului memorialului.<\/span><\/p>\n<p class=\"yiv1897616362ydp6f24fd90MsoNormal\"><b><span lang=\"RO\">Turneu dedicat memoriei \u201dGeneralului\u201d Constantin Tit\u0103<\/span><\/b><\/p>\n<p class=\"yiv1897616362ydp6f24fd90MsoNormal\"><span lang=\"RO\">Avocatul <strong>Cezar Tit\u0103<\/strong> a organizat cea de-a 18-a edi\u021bie a tradi\u021bionalei competi\u021bii, \u00een memoria tat\u0103lui s\u0103u, <strong>Constantin Tit\u0103<\/strong><strong>(1942-2008<\/strong>), personalitate marcant\u0103 a sportului v\u00e2lcean.<\/span><\/p>\n<p class=\"yiv1897616362ydp6f24fd90MsoNormal\"><span lang=\"RO\"><strong>\u00a0\u201eGeneralul\u201d<\/strong><strong>Constantin Tit\u0103<\/strong> \u015fi-a dedicat via\u0163a sportului v\u00e2lcean, fiind primul director al S\u0103lii Sporturilor \u201eTraian\u201d. El a jucat handbal \u00een perioada studen\u021biei, a fost arbitru de handbal \u0219i ulterior antrenor al echipei feminine Voin\u0163a Prundvilchim, dar \u015fi inspector de specialitate la DJST V\u00e2lcea.<\/span><\/p>\n<p><img loading=\"lazy\" decoding=\"async\" class=\"alignnone size-full wp-image-58245\" src=\"https:\/\/www.impactreal.ro\/wp-content\/uploads\/2026\/08\/constantin-tita.jpeg\" alt width=\"1026\" height=\"971\"><\/p>\n<div dir=\"ltr\"><span lang=\"RO\">Cunoscut ca \u201dGeneralul\u201d, <strong>Constantin Tit\u0103<\/strong> a r\u0103mas \u00een memoria comunit\u0103\u021bii drept o figur\u0103 simbolic\u0103, un mare sus\u021bin\u0103tor al sportului \u0219i un reper pentru handbalul jude\u021bean. \u201d<em>Exist\u0103 turnee de preg\u0103tire care trec discret prin calendar, ca o parantez\u0103 administrativ\u0103. \u0218i exist\u0103 Memorialul Constantin Tit\u0103, care reu\u0219e\u0219te performan\u021ba tot mai rar\u0103 de a fi, \u00een acela\u0219i timp, omagiu, prob\u0103 de caracter \u0219i declara\u021bie de ambi\u021bie sportiv\u0103. Un fel de lec\u021bie despre cum tradi\u021bia nu trebuie \u021binut\u0103 \u00een vitrin\u0103, ci pus\u0103 \u00een joc\u201d<\/em> a notat avocatul <strong>Cezar Tit\u0103<\/strong>.\u00a0<\/span><\/div>\n<p class=\"yiv1897616362ydp6f24fd90MsoNormal\"><b><span lang=\"RO\">Florin Pera: \u201dSuntem pe drumul cel bun\u201d<\/span><\/b><\/p>\n<p class=\"yiv1897616362ydp6f24fd90MsoNormal\"><span lang=\"RO\">Antrenorul lui SCM Rm. V\u00e2lcea, <strong>Florin Pera<\/strong> este mul\u021bumit de preg\u0103tirea din aceast\u0103 var\u0103, care a inclus un cantonament \u00een Serbia \u0219i Muntenegru, precum \u0219i o \u201ddubl\u0103\u201d cu Buducnost Podgorica \u0219i un joc cu Steaua Ro\u0219ie Belgrad.<\/span><\/p>\n<p class=\"yiv1897616362ydp6f24fd90MsoNormal\"><span lang=\"RO\">\u201d<em>Am avut parte de un turneu puternic \u0219i foarte util \u00een preg\u0103tirea noului sezon, cu adversari de valoare, care ne-au oferit oportunitatea de a ne testa nivelul \u0219i de a vedea unde ne afl\u0103m \u00een acest moment. \u00cen multe momente, echipa a avut un nivel bun de joc, iar aspectele pe care le-am ar\u0103tat ne dau \u00eencredere. Sunt mul\u021bumit de implicarea \u0219i determinarea fetelor, \u00eens\u0103 \u00eemi doresc mai mult\u0103 consisten\u021b\u0103 \u0219i constan\u021b\u0103, astfel \u00eenc\u00e2t s\u0103 putem men\u021bine un nivel ridicat pe \u00eentreaga durat\u0103 a fiec\u0103rui meci<\/em>\u201d a spus Pera.<\/span><\/p>\n<figure id=\"attachment_55476\" aria-describedby=\"caption-attachment-55476\" class=\"wp-caption alignnone\"><img decoding=\"async\" loading=\"lazy\" class=\"size-full wp-image-55476\" src=\"https:\/\/www.impactreal.ro\/wp-content\/uploads\/2026\/01\/622262622_1456277679680533_3614765910847972403_n.jpg\" alt width=\"2048\" height=\"1365\"><figcaption id=\"caption-attachment-55476\" class=\"wp-caption-text\">Foto: SCM Rm. V\u00e2lcea<\/figcaption><\/figure>\n<div><span lang=\"RO\">Tehnicianul subliniaz\u0103 c\u0103 este nevoie de timp pentru omogenizarea echipei, majoritatea juc\u0103toarelor fiind venite \u00een aceast\u0103 var\u0103. <em>\u201dAvem multe juc\u0103toare noi \u0219i este nevoie de timp pentru a omogeniza echipa \u0219i pentru a construi rela\u021biile de joc. Sunt convins c\u0103, prin munc\u0103, unitate \u0219i r\u0103bdare, putem deveni o echip\u0103 competitiv\u0103, capabil\u0103 s\u0103 lupte pentru obiective importante \u0219i s\u0103 revin\u0103 \u00een Liga Campionilor. \u0218tim c\u0103 ne a\u0219teapt\u0103 un sezon foarte puternic, cu multe echipe care s-au \u00eent\u0103rit considerabil, dar atmosfera din cadrul lotului, implicarea \u0219i dorin\u021ba de a lupta p\u00e2n\u0103 la ultima pic\u0103tur\u0103 de energie ne dau \u00eencredere c\u0103 suntem pe drumul cel bun\u201d<\/em> a mai spus fostul selec\u021bioner al na\u021bionalei.<\/span><\/div>\n<\/div>\n<\/div>\n<\/div>\n<div class=\"news-content editor-content-entry\">\n<p class=\"yiv1897616362ydp6f24fd90MsoNormal\"><b><span lang=\"RO\">SCM Rm. V\u00e2lcea a c\u00e2\u0219tigat s\u00e2mb\u0103t\u0103 seara a 18-a edi\u021bie a Memorialului \u201dConstantin Tit\u0103\u201d din Sala Sporturilor Traian, cel mai puternic turneu interna\u021bional al verii din Rom\u00e2nia.<\/span><\/b><\/p>\n<p class=\"yiv1897616362ydp6f24fd90MsoNormal\"><span lang=\"RO\">Echipa lui Florentin Pera a avut parte de teste foarte tari, cu o s\u0103pt\u0103m\u00e2n\u0103 \u00eenainte de Final Fourul\u00a0 Supercupei de la Bistri\u021ba.<\/span><\/p>\n<div><span lang=\"RO\">Al\u0103turi de SCM Rm. V\u00e2lcea, la memorial au mai participat forma\u021biile Debrecen, Krim Ljubljana \u0219i Buducnost Podgorica. S-a jucat \u00een sistem Final Four, cu semifinale \u0219i finale.<\/span><\/div>\n<div><span lang=\"RO\">\u00a0<\/span><\/div>\n<div dir=\"ltr\"><span lang=\"RO\"><b>Krogh, cel mai bun portar al turneului<\/b><\/span><\/div>\n<p class=\"yiv1897616362ydp6f24fd90MsoNormal\"><span lang=\"RO\">Vineri, \u00een semifinale, <strong>V\u00e2lcea<\/strong> a \u00eenvins pe <strong>Debrecen<\/strong> cu <strong>28-25<\/strong>, \u00eentr-un meci \u00een care au impresionat portarul Krogh \u0219i centrul Zaadi. \u00cenaintea acestui joc, organizatorii au prezentat publicului noua echip\u0103 a V\u00e2lcii, iar primarul <strong>Mircia Gut\u0103u<\/strong> a oferit juc\u0103toarelor c\u00e2te un buchet de flori.<\/span><\/p>\n<p class=\"yiv1897616362ydp6f24fd90MsoNormal\"><span lang=\"RO\">\u00cen cealalt\u0103 semifinal\u0103,<strong> Buducnost<\/strong> a \u00eenvins cu <strong>24-22<\/strong> pe <strong>Krim Ljubljana<\/strong>, echip\u0103 antrenat\u0103 de fostul antrenor al V\u00e2lcii, Rasmus Poulsen.<\/span><\/p>\n<p class=\"yiv1897616362ydp6f24fd90MsoNormal\"><span lang=\"RO\">S\u00e2mb\u0103t\u0103, \u00een finala mic\u0103, <strong>Debrecen<\/strong> a \u00eenvins categoric, scor <strong>40-29<\/strong> pe<strong> Krim<\/strong> \u0219i s-a clasat pe locul 3. Slovenele au \u00eencheiat pe locul 4 \u0219i au primit premiul de fair-play \u201dIlie B\u0103jan\u201d.<\/span><\/p>\n<figure id=\"attachment_58246\" aria-describedby=\"caption-attachment-58246\" class=\"wp-caption alignnone\"><img loading=\"lazy\" decoding=\"async\" class=\"wp-image-58246 size-full\" src=\"https:\/\/www.impactreal.ro\/wp-content\/uploads\/2026\/08\/Krogh.jpg\" alt width=\"2048\" height=\"1343\"><figcaption id=\"caption-attachment-58246\" class=\"wp-caption-text\">Foto: SCM Rm. V\u00e2lcea<\/figcaption><\/figure>\n<p class=\"yiv1897616362ydp6f24fd90MsoNormal\"><span lang=\"RO\">\u00cen finala mare a turneului, <strong>SCM Rm. V\u00e2lcea<\/strong> s-a impus \u00een meciul cu <strong>Buducnost,<\/strong> scor <strong>31-24<\/strong> \u0219i a c\u00e2\u0219tigat memorialul. A fost a treia confruntare direct\u0103 dintre cele dou\u0103 echipe \u00een aceast\u0103 var\u0103, toate fiind c\u00e2\u0219tigate de oltence.<\/span><\/p>\n<p class=\"yiv1897616362ydp6f24fd90MsoNormal\"><span lang=\"RO\">Organizatorii au oferit la final \u0219i distinc\u021bii individuale. <strong>Djurdjina Jaukovic<\/strong> (Buducnost) a fost golghetera turneului, <strong>June Krogh<\/strong> (V\u00e2lcea) cel mai bun portar, iar <strong>Grace Zaadi<\/strong> a fost MVP-ului memorialului.<\/span><\/p>\n<p class=\"yiv1897616362ydp6f24fd90MsoNormal\"><b><span lang=\"RO\">Turneu dedicat memoriei \u201dGeneralului\u201d Constantin Tit\u0103<\/span><\/b><\/p>\n<p class=\"yiv1897616362ydp6f24fd90MsoNormal\"><span lang=\"RO\">Avocatul <strong>Cezar Tit\u0103<\/strong> a organizat cea de-a 18-a edi\u021bie a tradi\u021bionalei competi\u021bii, \u00een memoria tat\u0103lui s\u0103u, <strong>Constantin Tit\u0103<\/strong><strong>(1942-2008<\/strong>), personalitate marcant\u0103 a sportului v\u00e2lcean.<\/span><\/p>\n<p class=\"yiv1897616362ydp6f24fd90MsoNormal\"><span lang=\"RO\"><strong>\u00a0\u201eGeneralul\u201d<\/strong><strong>Constantin Tit\u0103<\/strong> \u015fi-a dedicat via\u0163a sportului v\u00e2lcean, fiind primul director al S\u0103lii Sporturilor \u201eTraian\u201d. El a jucat handbal \u00een perioada studen\u021biei, a fost arbitru de handbal \u0219i ulterior antrenor al echipei feminine Voin\u0163a Prundvilchim, dar \u015fi inspector de specialitate la DJST V\u00e2lcea.<\/span><\/p>\n<p><img loading=\"lazy\" decoding=\"async\" class=\"alignnone size-full wp-image-58245\" src=\"https:\/\/www.impactreal.ro\/wp-content\/uploads\/2026\/08\/constantin-tita.jpeg\" alt width=\"1026\" height=\"971\"><\/p>\n<div dir=\"ltr\"><span lang=\"RO\">Cunoscut ca \u201dGeneralul\u201d, <strong>Constantin Tit\u0103<\/strong> a r\u0103mas \u00een memoria comunit\u0103\u021bii drept o figur\u0103 simbolic\u0103, un mare sus\u021bin\u0103tor al sportului \u0219i un reper pentru handbalul jude\u021bean. \u201d<em>Exist\u0103 turnee de preg\u0103tire care trec discret prin calendar, ca o parantez\u0103 administrativ\u0103. \u0218i exist\u0103 Memorialul Constantin Tit\u0103, care reu\u0219e\u0219te performan\u021ba tot mai rar\u0103 de a fi, \u00een acela\u0219i timp, omagiu, prob\u0103 de caracter \u0219i declara\u021bie de ambi\u021bie sportiv\u0103. Un fel de lec\u021bie despre cum tradi\u021bia nu trebuie \u021binut\u0103 \u00een vitrin\u0103, ci pus\u0103 \u00een joc\u201d<\/em> a notat avocatul <strong>Cezar Tit\u0103<\/strong>.\u00a0<\/span><\/div>\n<p class=\"yiv1897616362ydp6f24fd90MsoNormal\"><b><span lang=\"RO\">Florin Pera: \u201dSuntem pe drumul cel bun\u201d<\/span><\/b><\/p>\n<p class=\"yiv1897616362ydp6f24fd90MsoNormal\"><span lang=\"RO\">Antrenorul lui SCM Rm. V\u00e2lcea, <strong>Florin Pera<\/strong> este mul\u021bumit de preg\u0103tirea din aceast\u0103 var\u0103, care a inclus un cantonament \u00een Serbia \u0219i Muntenegru, precum \u0219i o \u201ddubl\u0103\u201d cu Buducnost Podgorica \u0219i un joc cu Steaua Ro\u0219ie Belgrad.<\/span><\/p>\n<p class=\"yiv1897616362ydp6f24fd90MsoNormal\"><span lang=\"RO\">\u201d<em>Am avut parte de un turneu puternic \u0219i foarte util \u00een preg\u0103tirea noului sezon, cu adversari de valoare, care ne-au oferit oportunitatea de a ne testa nivelul \u0219i de a vedea unde ne afl\u0103m \u00een acest moment. \u00cen multe momente, echipa a avut un nivel bun de joc, iar aspectele pe care le-am ar\u0103tat ne dau \u00eencredere. Sunt mul\u021bumit de implicarea \u0219i determinarea fetelor, \u00eens\u0103 \u00eemi doresc mai mult\u0103 consisten\u021b\u0103 \u0219i constan\u021b\u0103, astfel \u00eenc\u00e2t s\u0103 putem men\u021bine un nivel ridicat pe \u00eentreaga durat\u0103 a fiec\u0103rui meci<\/em>\u201d a spus Pera.<\/span><\/p>\n<figure id=\"attachment_55476\" aria-describedby=\"caption-attachment-55476\" class=\"wp-caption alignnone\"><img decoding=\"async\" loading=\"lazy\" class=\"size-full wp-image-55476\" src=\"https:\/\/www.impactreal.ro\/wp-content\/uploads\/2026\/01\/622262622_1456277679680533_3614765910847972403_n.jpg\" alt width=\"2048\" height=\"1365\"><figcaption id=\"caption-attachment-55476\" class=\"wp-caption-text\">Foto: SCM Rm. V\u00e2lcea<\/figcaption><\/figure>\n<div><span lang=\"RO\">Tehnicianul subliniaz\u0103 c\u0103 este nevoie de timp pentru omogenizarea echipei, majoritatea juc\u0103toarelor fiind venite \u00een aceast\u0103 var\u0103. <em>\u201dAvem multe juc\u0103toare noi \u0219i este nevoie de timp pentru a omogeniza echipa \u0219i pentru a construi rela\u021biile de joc. Sunt convins c\u0103, prin munc\u0103, unitate \u0219i r\u0103bdare, putem deveni o echip\u0103 competitiv\u0103, capabil\u0103 s\u0103 lupte pentru obiective importante \u0219i s\u0103 revin\u0103 \u00een Liga Campionilor. \u0218tim c\u0103 ne a\u0219teapt\u0103 un sezon foarte puternic, cu multe echipe care s-au \u00eent\u0103rit considerabil, dar atmosfera din cadrul lotului, implicarea \u0219i dorin\u021ba de a lupta p\u00e2n\u0103 la ultima pic\u0103tur\u0103 de energie ne dau \u00eencredere c\u0103 suntem pe drumul cel bun\u201d<\/em> a mai spus fostul selec\u021bioner al na\u021bionalei.<\/span><\/div>\n<\/div>\n<div class=\"news-content editor-content-entry\">\n<p class=\"yiv1897616362ydp6f24fd90MsoNormal\"><b><span lang=\"RO\">SCM Rm. V\u00e2lcea a c\u00e2\u0219tigat s\u00e2mb\u0103t\u0103 seara a 18-a edi\u021bie a Memorialului \u201dConstantin Tit\u0103\u201d din Sala Sporturilor Traian, cel mai puternic turneu interna\u021bional al verii din Rom\u00e2nia.<\/span><\/b><\/p>\n<p class=\"yiv1897616362ydp6f24fd90MsoNormal\"><span lang=\"RO\">Echipa lui Florentin Pera a avut parte de teste foarte tari, cu o s\u0103pt\u0103m\u00e2n\u0103 \u00eenainte de Final Fourul\u00a0 Supercupei de la Bistri\u021ba.<\/span><\/p>\n<div><span lang=\"RO\">Al\u0103turi de SCM Rm. V\u00e2lcea, la memorial au mai participat forma\u021biile Debrecen, Krim Ljubljana \u0219i Buducnost Podgorica. S-a jucat \u00een sistem Final Four, cu semifinale \u0219i finale.<\/span><\/div>\n<div><span lang=\"RO\">\u00a0<\/span><\/div>\n<div dir=\"ltr\"><span lang=\"RO\"><b>Krogh, cel mai bun portar al turneului<\/b><\/span><\/div>\n<p class=\"yiv1897616362ydp6f24fd90MsoNormal\"><span lang=\"RO\">Vineri, \u00een semifinale, <strong>V\u00e2lcea<\/strong> a \u00eenvins pe <strong>Debrecen<\/strong> cu <strong>28-25<\/strong>, \u00eentr-un meci \u00een care au impresionat portarul Krogh \u0219i centrul Zaadi. \u00cenaintea acestui joc, organizatorii au prezentat publicului noua echip\u0103 a V\u00e2lcii, iar primarul <strong>Mircia Gut\u0103u<\/strong> a oferit juc\u0103toarelor c\u00e2te un buchet de flori.<\/span><\/p>\n<p class=\"yiv1897616362ydp6f24fd90MsoNormal\"><span lang=\"RO\">\u00cen cealalt\u0103 semifinal\u0103,<strong> Buducnost<\/strong> a \u00eenvins cu <strong>24-22<\/strong> pe <strong>Krim Ljubljana<\/strong>, echip\u0103 antrenat\u0103 de fostul antrenor al V\u00e2lcii, Rasmus Poulsen.<\/span><\/p>\n<p class=\"yiv1897616362ydp6f24fd90MsoNormal\"><span lang=\"RO\">S\u00e2mb\u0103t\u0103, \u00een finala mic\u0103, <strong>Debrecen<\/strong> a \u00eenvins categoric, scor <strong>40-29<\/strong> pe<strong> Krim<\/strong> \u0219i s-a clasat pe locul 3. Slovenele au \u00eencheiat pe locul 4 \u0219i au primit premiul de fair-play \u201dIlie B\u0103jan\u201d.<\/span><\/p>\n<figure id=\"attachment_58246\" aria-describedby=\"caption-attachment-58246\" class=\"wp-caption alignnone\"><img loading=\"lazy\" decoding=\"async\" class=\"wp-image-58246 size-full\" src=\"https:\/\/www.impactreal.ro\/wp-content\/uploads\/2026\/08\/Krogh.jpg\" alt width=\"2048\" height=\"1343\"><figcaption id=\"caption-attachment-58246\" class=\"wp-caption-text\">Foto: SCM Rm. V\u00e2lcea<\/figcaption><\/figure>\n<p class=\"yiv1897616362ydp6f24fd90MsoNormal\"><span lang=\"RO\">\u00cen finala mare a turneului, <strong>SCM Rm. V\u00e2lcea<\/strong> s-a impus \u00een meciul cu <strong>Buducnost,<\/strong> scor <strong>31-24<\/strong> \u0219i a c\u00e2\u0219tigat memorialul. A fost a treia confruntare direct\u0103 dintre cele dou\u0103 echipe \u00een aceast\u0103 var\u0103, toate fiind c\u00e2\u0219tigate de oltence.<\/span><\/p>\n<p class=\"yiv1897616362ydp6f24fd90MsoNormal\"><span lang=\"RO\">Organizatorii au oferit la final \u0219i distinc\u021bii individuale. <strong>Djurdjina Jaukovic<\/strong> (Buducnost) a fost golghetera turneului, <strong>June Krogh<\/strong> (V\u00e2lcea) cel mai bun portar, iar <strong>Grace Zaadi<\/strong> a fost MVP-ului memorialului.<\/span><\/p>\n<p class=\"yiv1897616362ydp6f24fd90MsoNormal\"><b><span lang=\"RO\">Turneu dedicat memoriei \u201dGeneralului\u201d Constantin Tit\u0103<\/span><\/b><\/p>\n<p class=\"yiv1897616362ydp6f24fd90MsoNormal\"><span lang=\"RO\">Avocatul <strong>Cezar Tit\u0103<\/strong> a organizat cea de-a 18-a edi\u021bie a tradi\u021bionalei competi\u021bii, \u00een memoria tat\u0103lui s\u0103u, <strong>Constantin Tit\u0103<\/strong><strong>(1942-2008<\/strong>), personalitate marcant\u0103 a sportului v\u00e2lcean.<\/span><\/p>\n<p class=\"yiv1897616362ydp6f24fd90MsoNormal\"><span lang=\"RO\"><strong>\u00a0\u201eGeneralul\u201d<\/strong><strong>Constantin Tit\u0103<\/strong> \u015fi-a dedicat via\u0163a sportului v\u00e2lcean, fiind primul director al S\u0103lii Sporturilor \u201eTraian\u201d. El a jucat handbal \u00een perioada studen\u021biei, a fost arbitru de handbal \u0219i ulterior antrenor al echipei feminine Voin\u0163a Prundvilchim, dar \u015fi inspector de specialitate la DJST V\u00e2lcea.<\/span><\/p>\n<p><img loading=\"lazy\" decoding=\"async\" class=\"alignnone size-full wp-image-58245\" src=\"https:\/\/www.impactreal.ro\/wp-content\/uploads\/2026\/08\/constantin-tita.jpeg\" alt width=\"1026\" height=\"971\"><\/p>\n<div dir=\"ltr\"><span lang=\"RO\">Cunoscut ca \u201dGeneralul\u201d, <strong>Constantin Tit\u0103<\/strong> a r\u0103mas \u00een memoria comunit\u0103\u021bii drept o figur\u0103 simbolic\u0103, un mare sus\u021bin\u0103tor al sportului \u0219i un reper pentru handbalul jude\u021bean. \u201d<em>Exist\u0103 turnee de preg\u0103tire care trec discret prin calendar, ca o parantez\u0103 administrativ\u0103. \u0218i exist\u0103 Memorialul Constantin Tit\u0103, care reu\u0219e\u0219te performan\u021ba tot mai rar\u0103 de a fi, \u00een acela\u0219i timp, omagiu, prob\u0103 de caracter \u0219i declara\u021bie de ambi\u021bie sportiv\u0103. Un fel de lec\u021bie despre cum tradi\u021bia nu trebuie \u021binut\u0103 \u00een vitrin\u0103, ci pus\u0103 \u00een joc\u201d<\/em> a notat avocatul <strong>Cezar Tit\u0103<\/strong>.\u00a0<\/span><\/div>\n<p class=\"yiv1897616362ydp6f24fd90MsoNormal\"><b><span lang=\"RO\">Florin Pera: \u201dSuntem pe drumul cel bun\u201d<\/span><\/b><\/p>\n<p class=\"yiv1897616362ydp6f24fd90MsoNormal\"><span lang=\"RO\">Antrenorul lui SCM Rm. V\u00e2lcea, <strong>Florin Pera<\/strong> este mul\u021bumit de preg\u0103tirea din aceast\u0103 var\u0103, care a inclus un cantonament \u00een Serbia \u0219i Muntenegru, precum \u0219i o \u201ddubl\u0103\u201d cu Buducnost Podgorica \u0219i un joc cu Steaua Ro\u0219ie Belgrad.<\/span><\/p>\n<p class=\"yiv1897616362ydp6f24fd90MsoNormal\"><span lang=\"RO\">\u201d<em>Am avut parte de un turneu puternic \u0219i foarte util \u00een preg\u0103tirea noului sezon, cu adversari de valoare, care ne-au oferit oportunitatea de a ne testa nivelul \u0219i de a vedea unde ne afl\u0103m \u00een acest moment. \u00cen multe momente, echipa a avut un nivel bun de joc, iar aspectele pe care le-am ar\u0103tat ne dau \u00eencredere. Sunt mul\u021bumit de implicarea \u0219i determinarea fetelor, \u00eens\u0103 \u00eemi doresc mai mult\u0103 consisten\u021b\u0103 \u0219i constan\u021b\u0103, astfel \u00eenc\u00e2t s\u0103 putem men\u021bine un nivel ridicat pe \u00eentreaga durat\u0103 a fiec\u0103rui meci<\/em>\u201d a spus Pera.<\/span><\/p>\n<figure id=\"attachment_55476\" aria-describedby=\"caption-attachment-55476\" class=\"wp-caption alignnone\"><img decoding=\"async\" loading=\"lazy\" class=\"size-full wp-image-55476\" src=\"https:\/\/www.impactreal.ro\/wp-content\/uploads\/2026\/01\/622262622_1456277679680533_3614765910847972403_n.jpg\" alt width=\"2048\" height=\"1365\"><figcaption id=\"caption-attachment-55476\" class=\"wp-caption-text\">Foto: SCM Rm. V\u00e2lcea<\/figcaption><\/figure>\n<div><span lang=\"RO\">Tehnicianul subliniaz\u0103 c\u0103 este nevoie de timp pentru omogenizarea echipei, majoritatea juc\u0103toarelor fiind venite \u00een aceast\u0103 var\u0103. <em>\u201dAvem multe juc\u0103toare noi \u0219i este nevoie de timp pentru a omogeniza echipa \u0219i pentru a construi rela\u021biile de joc. Sunt convins c\u0103, prin munc\u0103, unitate \u0219i r\u0103bdare, putem deveni o echip\u0103 competitiv\u0103, capabil\u0103 s\u0103 lupte pentru obiective importante \u0219i s\u0103 revin\u0103 \u00een Liga Campionilor. \u0218tim c\u0103 ne a\u0219teapt\u0103 un sezon foarte puternic, cu multe echipe care s-au \u00eent\u0103rit considerabil, dar atmosfera din cadrul lotului, implicarea \u0219i dorin\u021ba de a lupta p\u00e2n\u0103 la ultima pic\u0103tur\u0103 de energie ne dau \u00eencredere c\u0103 suntem pe drumul cel bun\u201d<\/em> a mai spus fostul selec\u021bioner al na\u021bionalei.<\/span><\/div>\n<\/div>\n<p>[analyse_source url=&#8221;https:\/\/www.impactreal.ro\/2026\/08\/16\/scm-a-castigat-trofeul-la-memorialul-constantin-tita-grace-zaadi-cea-mai-buna-jucatoare-a-turneului\/&#8221;]<\/p>\n","protected":false},"excerpt":{"rendered":"<p>[analyse_image type=&#8221;featured&#8221; src=&#8221;https:\/\/www.impactreal.ro\/wp-content\/uploads\/2026\/08\/memorial-2026-15-aug14-scaled-e1786886349206.jpg&#8221;] 16 august 2026Adi GeorgescuSport SCM Rm. V\u00e2lcea a c\u00e2\u0219tigat s\u00e2mb\u0103t\u0103 seara a 18-a edi\u021bie a Memorialului \u201dConstantin Tit\u0103\u201d din Sala Sporturilor Traian, cel mai puternic turneu interna\u021bional al verii din Rom\u00e2nia. Echipa lui Florentin Pera a avut parte de teste foarte tari, cu o s\u0103pt\u0103m\u00e2n\u0103 \u00eenainte de Final Fourul\u00a0 Supercupei de la [&hellip;]<\/p>\n","protected":false},"author":1,"featured_media":0,"comment_status":"open","ping_status":"","sticky":false,"template":"","format":"standard","meta":{"footnotes":""},"categories":[89],"tags":[226,212],"class_list":["post-2098221","post","type-post","status-publish","format-standard","hentry","category-romania","tag-crawlmanager","tag-impactreal-ro"],"_links":{"self":[{"href":"https:\/\/analyse.optim.biz\/index.php?rest_route=\/wp\/v2\/posts\/2098221","targetHints":{"allow":["GET"]}}],"collection":[{"href":"https:\/\/analyse.optim.biz\/index.php?rest_route=\/wp\/v2\/posts"}],"about":[{"href":"https:\/\/analyse.optim.biz\/index.php?rest_route=\/wp\/v2\/types\/post"}],"author":[{"embeddable":true,"href":"https:\/\/analyse.optim.biz\/index.php?rest_route=\/wp\/v2\/users\/1"}],"replies":[{"embeddable":true,"href":"https:\/\/analyse.optim.biz\/index.php?rest_route=%2Fwp%2Fv2%2Fcomments&post=2098221"}],"version-history":[{"count":0,"href":"https:\/\/analyse.optim.biz\/index.php?rest_route=\/wp\/v2\/posts\/2098221\/revisions"}],"wp:attachment":[{"href":"https:\/\/analyse.optim.biz\/index.php?rest_route=%2Fwp%2Fv2%2Fmedia&parent=2098221"}],"wp:term":[{"taxonomy":"category","embeddable":true,"href":"https:\/\/analyse.optim.biz\/index.php?rest_route=%2Fwp%2Fv2%2Fcategories&post=2098221"},{"taxonomy":"post_tag","embeddable":true,"href":"https:\/\/analyse.optim.biz\/index.php?rest_route=%2Fwp%2Fv2%2Ftags&post=2098221"}],"curies":[{"name":"wp","href":"https:\/\/api.w.org\/{rel}","templated":true}]}}